{"id":18537,"date":"2025-08-22T17:10:27","date_gmt":"2025-08-22T22:10:27","guid":{"rendered":"https:\/\/www.zonacaral.gob.pe\/?p=18537"},"modified":"2025-08-22T17:10:27","modified_gmt":"2025-08-22T22:10:27","slug":"mas-de-dos-mil-personas-llegaron-a-penico-en-su-primer-mes-de-apertura","status":"publish","type":"post","link":"https:\/\/zonacaral.gob.pe\/en\/noticias\/mas-de-dos-mil-personas-llegaron-a-penico-en-su-primer-mes-de-apertura\/","title":{"rendered":"M\u00e1s de dos mil personas llegaron a Pe\u00f1ico en su primer mes de apertura"},"content":{"rendered":"<figure class=\"pic-autor\" style=\"color: #4d4d4d; text-align: justify;\"><\/figure>\n<div class=\"gmail_default\" style=\"text-align: justify;\">\n<blockquote>\n<p><span style=\"font-weight: 400;\">\u00bfYa lo visitaste?<\/span><\/p>\n<\/blockquote>\n<p><span style=\"font-weight: 400;\">Luego de su apertura oficial, el 12 de julio, Pe\u00f1ico, ciudad de la integraci\u00f3n social de la Civilizaci\u00f3n Caral, ha recibido la visita de 2 135 personas, entre ni\u00f1os, j\u00f3venes y adultos, quienes llegaron a este sitio arqueol\u00f3gico, desde diferentes lugares del pa\u00eds y del extranjero, a conocer sus impresionantes hallazgos.<\/span><\/p>\n<p><span style=\"font-weight: 400;\">Como se inform\u00f3 el mes pasado la <\/span><a href=\"https:\/\/www.tiktok.com\/@caral_peru?lang=es\"><span style=\"font-weight: 400;\">Zona Arqueol\u00f3gica Caral<\/span><\/a><span style=\"font-weight: 400;\"> (ZAC), Unidad Ejecutora 003 del Ministerio de Cultura, apertura el sitio arqueol\u00f3gico de Pe\u00f1ico tras ocho a\u00f1os de trabajos de investigaci\u00f3n, conservaci\u00f3n y puesta en valor, el cual revela m\u00e1s detalles sobre el desarrollo civilizatorio en el continente americano.<\/span><\/p>\n<p><span style=\"font-weight: 400;\">\u201cPresentamos a la ciudad de Pe\u00f1ico, que nos ayuda a comprender c\u00f3mo fue el desarrollo de la Civilizaci\u00f3n Caral y c\u00f3mo afect\u00f3 el cambio clim\u00e1tico en estas poblaciones. Se observan las relaciones que hubo entre las poblaciones de las cuencas de Supe y de Huaura. Est\u00e1 estrat\u00e9gicamente ubicado en un \u00e1rea de conexi\u00f3n. Queremos que se conozca no s\u00f3lo con fines tur\u00edsticos sino para saber c\u00f3mo se manej\u00f3 el territorio del Per\u00fa\u201d, dijo la principal investigadora de Caral, la doctora <\/span><a href=\"https:\/\/www.youtube.com\/watch?v=FzT9L3x61BY\"><span style=\"font-weight: 400;\">Ruth Shady Sol\u00eds<\/span><\/a><span style=\"font-weight: 400;\">, directora de la ZAC.<\/span><\/p>\n<p><span style=\"font-weight: 400;\">Pe\u00f1ico fue asentado sobre una terraza geol\u00f3gica paralela al r\u00edo Supe. Rodeado por cerros que alcanzan los 1000 metros de altura. Sus constructores \u2014herederos de la tradici\u00f3n Caral\u2014 eligieron esta ubicaci\u00f3n estrat\u00e9gica con m\u00faltiples prop\u00f3sitos: realzar la monumentalidad de sus edificaciones, protegerse de inundaciones, deslizamientos, y promover la interacci\u00f3n y el intercambio.<\/span><\/p>\n<p><span style=\"font-weight: 400;\">Los investigadores de la ZAC han planteado la hip\u00f3tesis: que, despu\u00e9s de la p\u00e9rdida de prestigio de las primeras y m\u00e1s antiguas ciudades principales del valle de Supe, como la Ciudad Sagrada de Caral, los pobladores de Pe\u00f1ico continuaron participando activamente en las redes de interacci\u00f3n social y econ\u00f3mica consolidadas en \u00e9pocas anteriores.<\/span><\/p>\n<p><span style=\"font-weight: 400;\">Es posible que el prestigio alcanzado por la sociedad de Pe\u00f1ico en el valle, sumado a su funci\u00f3n como nodo en la red de intercambio, estuviera vinculado a la extracci\u00f3n y circulaci\u00f3n de la hematita. Este mineral, utilizado para elaborar un pigmento rojo, ten\u00eda una alta importancia simb\u00f3lica dentro de la cosmolog\u00eda andina.<\/span><\/p>\n<p><b>\u00bfC\u00f3mo llegar?<\/b><\/p>\n<p><span style=\"font-weight: 400;\">El sitio arqueol\u00f3gico de <\/span><a href=\"https:\/\/www.zonacaral.gob.pe\/ruta-caral\/penico.html\"><span style=\"font-weight: 400;\">Pe\u00f1ico<\/span><\/a><span style=\"font-weight: 400;\"> se encuentra aproximadamente a cuatro horas y media de viaje desde la ciudad de Lima. La ruta para llegar es similar a la que se sigue para visitar la <\/span><a href=\"https:\/\/www.zonacaral.gob.pe\/ruta-caral\/ciudad-sagrada-de-caral.html\"><span style=\"font-weight: 400;\">Sacred City of Caral<\/span><\/a><span style=\"font-weight: 400;\">. Los visitantes deber\u00e1n ingresar por el desv\u00edo al valle de Supe (v\u00eda Caral \u2013 \u00c1mbar), ubicado a la altura del kil\u00f3metro 184 de la Panamericana Norte. Desde este ingreso, se recorren 34 kil\u00f3metros hasta llegar a Pe\u00f1ico.&nbsp;<\/span><\/p>\n<p><span style=\"font-weight: 400;\">El horario de atenci\u00f3n al p\u00fablico es de lunes a domingo, incluyendo d\u00edas feriados, desde las 9:00 a. m. hasta las 4:00 p. m.<\/span><\/p>\n<p><span style=\"font-weight: 400;\">Una opci\u00f3n especial para visitar el sitio es ir desde Lima mediante el servicio <\/span><a href=\"https:\/\/www.zonacaral.gob.pe\/ruta-caral\/viajes-culturales.html\"><span style=\"font-weight: 400;\">Cultural Trips<\/span><\/a><span style=\"font-weight: 400;\"> de la Zona Arqueol\u00f3gica Caral. Para obtener m\u00e1s informaci\u00f3n y reservas, los interesados pueden comunicarse al n\u00famero telef\u00f3nico <\/span><a href=\"https:\/\/bit.ly\/45y4uXf\"><span style=\"font-weight: 400;\">955 881 340<\/span><\/a><span style=\"font-weight: 400;\">.<\/span><\/p>\n<p><strong style=\"font-size: inherit; text-align: justify;\">Fuente: Comunicaci\u00f3n e Imagen Institucional ZAC<\/strong><\/p>\n<\/div>\n<div style=\"color: #1f1f1f;\">\n<div style=\"color: #1f1f1f;\">\n<p style=\"text-align: justify;\">Fecha de publicaci\u00f3n: 22\/08\/2025<\/p>\n<\/div>\n<\/div>\n\n\n<p><\/p>\n\n\n\n<p><\/p>","protected":false},"excerpt":{"rendered":"<p>\u00bfYa lo visitaste? Luego de su apertura oficial, el 12 de julio, Pe\u00f1ico, ciudad de la integraci\u00f3n social de la [&hellip;]<\/p>\n","protected":false},"author":1,"featured_media":18538,"comment_status":"closed","ping_status":"open","sticky":false,"template":"","format":"standard","meta":{"_acf_changed":false,"site-sidebar-layout":"default","site-content-layout":"","ast-site-content-layout":"default","site-content-style":"default","site-sidebar-style":"default","ast-global-header-display":"","ast-banner-title-visibility":"","ast-main-header-display":"","ast-hfb-above-header-display":"","ast-hfb-below-header-display":"","ast-hfb-mobile-header-display":"","site-post-title":"","ast-breadcrumbs-content":"","ast-featured-img":"","footer-sml-layout":"","ast-disable-related-posts":"","theme-transparent-header-meta":"","adv-header-id-meta":"","stick-header-meta":"","header-above-stick-meta":"","header-main-stick-meta":"","header-below-stick-meta":"","astra-migrate-meta-layouts":"default","ast-page-background-enabled":"default","ast-page-background-meta":{"desktop":{"background-color":"var(--ast-global-color-5)","background-image":"","background-repeat":"repeat","background-position":"center center","background-size":"auto","background-attachment":"scroll","background-type":"","background-media":"","overlay-type":"","overlay-color":"","overlay-opacity":"","overlay-gradient":""},"tablet":{"background-color":"","background-image":"","background-repeat":"repeat","background-position":"center center","background-size":"auto","background-attachment":"scroll","background-type":"","background-media":"","overlay-type":"","overlay-color":"","overlay-opacity":"","overlay-gradient":""},"mobile":{"background-color":"","background-image":"","background-repeat":"repeat","background-position":"center center","background-size":"auto","background-attachment":"scroll","background-type":"","background-media":"","overlay-type":"","overlay-color":"","overlay-opacity":"","overlay-gradient":""}},"ast-content-background-meta":{"desktop":{"background-color":"var(--ast-global-color-4)","background-image":"","background-repeat":"repeat","background-position":"center center","background-size":"auto","background-attachment":"scroll","background-type":"","background-media":"","overlay-type":"","overlay-color":"","overlay-opacity":"","overlay-gradient":""},"tablet":{"background-color":"var(--ast-global-color-4)","background-image":"","background-repeat":"repeat","background-position":"center center","background-size":"auto","background-attachment":"scroll","background-type":"","background-media":"","overlay-type":"","overlay-color":"","overlay-opacity":"","overlay-gradient":""},"mobile":{"background-color":"var(--ast-global-color-4)","background-image":"","background-repeat":"repeat","background-position":"center center","background-size":"auto","background-attachment":"scroll","background-type":"","background-media":"","overlay-type":"","overlay-color":"","overlay-opacity":"","overlay-gradient":""}},"footnotes":""},"categories":[208],"tags":[55,72],"class_list":["post-18537","post","type-post","status-publish","format-standard","has-post-thumbnail","hentry","category-noticias","tag-caral","tag-cultura"],"acf":[],"yoast_head":"<!-- This site is optimized with the Yoast SEO plugin v27.3 - https:\/\/yoast.com\/product\/yoast-seo-wordpress\/ -->\n<title>M\u00e1s de dos mil personas llegaron a Pe\u00f1ico en su primer mes de apertura<\/title>\n<meta name=\"description\" content=\"Luego de su apertura oficial, el 12 de julio, Pe\u00f1ico, ciudad de la integraci\u00f3n social de la Civilizaci\u00f3n Caral, ha recibido la visita de 2 135 personas, entre ni\u00f1os, j\u00f3venes y adultos, quienes llegaron a este sitio arqueol\u00f3gico, desde diferentes lugares del pa\u00eds y del extranjero, a conocer sus impresionantes hallazgos.\" \/>\n<meta name=\"robots\" content=\"index, follow, max-snippet:-1, max-image-preview:large, max-video-preview:-1\" \/>\n<link rel=\"canonical\" href=\"https:\/\/zonacaral.gob.pe\/en\/noticias\/mas-de-dos-mil-personas-llegaron-a-penico-en-su-primer-mes-de-apertura\/\" \/>\n<meta property=\"og:locale\" content=\"en_US\" \/>\n<meta property=\"og:type\" content=\"article\" \/>\n<meta property=\"og:title\" content=\"M\u00e1s de dos mil personas llegaron a Pe\u00f1ico en su primer mes de apertura\" \/>\n<meta property=\"og:description\" content=\"Luego de su apertura oficial, el 12 de julio, Pe\u00f1ico, ciudad de la integraci\u00f3n social de la Civilizaci\u00f3n Caral, ha recibido la visita de 2 135 personas, entre ni\u00f1os, j\u00f3venes y adultos, quienes llegaron a este sitio arqueol\u00f3gico, desde diferentes lugares del pa\u00eds y del extranjero, a conocer sus impresionantes hallazgos.\" \/>\n<meta property=\"og:url\" content=\"https:\/\/zonacaral.gob.pe\/en\/noticias\/mas-de-dos-mil-personas-llegaron-a-penico-en-su-primer-mes-de-apertura\/\" \/>\n<meta property=\"og:site_name\" content=\"Zona Caral\" \/>\n<meta property=\"article:published_time\" content=\"2025-08-22T22:10:27+00:00\" \/>\n<meta property=\"og:image\" content=\"https:\/\/zonacaral.gob.pe\/wp-content\/uploads\/2025\/08\/visita-penico-1.jpg\" \/>\n\t<meta property=\"og:image:width\" content=\"1920\" \/>\n\t<meta property=\"og:image:height\" content=\"1080\" \/>\n\t<meta property=\"og:image:type\" content=\"image\/jpeg\" \/>\n<meta name=\"author\" content=\"Zona Caral Administrador\" \/>\n<meta name=\"twitter:card\" content=\"summary_large_image\" \/>\n<meta name=\"twitter:label1\" content=\"Written by\" \/>\n\t<meta name=\"twitter:data1\" content=\"Zona Caral Administrador\" \/>\n\t<meta name=\"twitter:label2\" content=\"Est. reading time\" \/>\n\t<meta name=\"twitter:data2\" content=\"3 minutes\" \/>\n<script type=\"application\/ld+json\" class=\"yoast-schema-graph\">{\"@context\":\"https:\\\/\\\/schema.org\",\"@graph\":[{\"@type\":\"Article\",\"@id\":\"https:\\\/\\\/zonacaral.gob.pe\\\/es\\\/noticias\\\/mas-de-dos-mil-personas-llegaron-a-penico-en-su-primer-mes-de-apertura\\\/#article\",\"isPartOf\":{\"@id\":\"https:\\\/\\\/zonacaral.gob.pe\\\/es\\\/noticias\\\/mas-de-dos-mil-personas-llegaron-a-penico-en-su-primer-mes-de-apertura\\\/\"},\"author\":{\"name\":\"Zona Caral Administrador\",\"@id\":\"https:\\\/\\\/zonacaral.gob.pe\\\/es\\\/#\\\/schema\\\/person\\\/beddb4d22f71a7230c5b90913270a0ee\"},\"headline\":\"M\u00e1s de dos mil personas llegaron a Pe\u00f1ico en su primer mes de apertura\",\"datePublished\":\"2025-08-22T22:10:27+00:00\",\"mainEntityOfPage\":{\"@id\":\"https:\\\/\\\/zonacaral.gob.pe\\\/es\\\/noticias\\\/mas-de-dos-mil-personas-llegaron-a-penico-en-su-primer-mes-de-apertura\\\/\"},\"wordCount\":567,\"image\":{\"@id\":\"https:\\\/\\\/zonacaral.gob.pe\\\/es\\\/noticias\\\/mas-de-dos-mil-personas-llegaron-a-penico-en-su-primer-mes-de-apertura\\\/#primaryimage\"},\"thumbnailUrl\":\"https:\\\/\\\/zonacaral.gob.pe\\\/wp-content\\\/uploads\\\/2025\\\/08\\\/visita-penico-1.jpg\",\"keywords\":[\"caral\",\"Cultura\"],\"articleSection\":[\"noticias\"],\"inLanguage\":\"en-US\"},{\"@type\":\"WebPage\",\"@id\":\"https:\\\/\\\/zonacaral.gob.pe\\\/es\\\/noticias\\\/mas-de-dos-mil-personas-llegaron-a-penico-en-su-primer-mes-de-apertura\\\/\",\"url\":\"https:\\\/\\\/zonacaral.gob.pe\\\/es\\\/noticias\\\/mas-de-dos-mil-personas-llegaron-a-penico-en-su-primer-mes-de-apertura\\\/\",\"name\":\"M\u00e1s de dos mil personas llegaron a Pe\u00f1ico en su primer mes de apertura\",\"isPartOf\":{\"@id\":\"https:\\\/\\\/zonacaral.gob.pe\\\/es\\\/#website\"},\"primaryImageOfPage\":{\"@id\":\"https:\\\/\\\/zonacaral.gob.pe\\\/es\\\/noticias\\\/mas-de-dos-mil-personas-llegaron-a-penico-en-su-primer-mes-de-apertura\\\/#primaryimage\"},\"image\":{\"@id\":\"https:\\\/\\\/zonacaral.gob.pe\\\/es\\\/noticias\\\/mas-de-dos-mil-personas-llegaron-a-penico-en-su-primer-mes-de-apertura\\\/#primaryimage\"},\"thumbnailUrl\":\"https:\\\/\\\/zonacaral.gob.pe\\\/wp-content\\\/uploads\\\/2025\\\/08\\\/visita-penico-1.jpg\",\"datePublished\":\"2025-08-22T22:10:27+00:00\",\"author\":{\"@id\":\"https:\\\/\\\/zonacaral.gob.pe\\\/es\\\/#\\\/schema\\\/person\\\/beddb4d22f71a7230c5b90913270a0ee\"},\"description\":\"Luego de su apertura oficial, el 12 de julio, Pe\u00f1ico, ciudad de la integraci\u00f3n social de la Civilizaci\u00f3n Caral, ha recibido la visita de 2 135 personas, entre ni\u00f1os, j\u00f3venes y adultos, quienes llegaron a este sitio arqueol\u00f3gico, desde diferentes lugares del pa\u00eds y del extranjero, a conocer sus impresionantes hallazgos.\",\"breadcrumb\":{\"@id\":\"https:\\\/\\\/zonacaral.gob.pe\\\/es\\\/noticias\\\/mas-de-dos-mil-personas-llegaron-a-penico-en-su-primer-mes-de-apertura\\\/#breadcrumb\"},\"inLanguage\":\"en-US\",\"potentialAction\":[{\"@type\":\"ReadAction\",\"target\":[\"https:\\\/\\\/zonacaral.gob.pe\\\/es\\\/noticias\\\/mas-de-dos-mil-personas-llegaron-a-penico-en-su-primer-mes-de-apertura\\\/\"]}]},{\"@type\":\"ImageObject\",\"inLanguage\":\"en-US\",\"@id\":\"https:\\\/\\\/zonacaral.gob.pe\\\/es\\\/noticias\\\/mas-de-dos-mil-personas-llegaron-a-penico-en-su-primer-mes-de-apertura\\\/#primaryimage\",\"url\":\"https:\\\/\\\/zonacaral.gob.pe\\\/wp-content\\\/uploads\\\/2025\\\/08\\\/visita-penico-1.jpg\",\"contentUrl\":\"https:\\\/\\\/zonacaral.gob.pe\\\/wp-content\\\/uploads\\\/2025\\\/08\\\/visita-penico-1.jpg\",\"width\":1920,\"height\":1080},{\"@type\":\"BreadcrumbList\",\"@id\":\"https:\\\/\\\/zonacaral.gob.pe\\\/es\\\/noticias\\\/mas-de-dos-mil-personas-llegaron-a-penico-en-su-primer-mes-de-apertura\\\/#breadcrumb\",\"itemListElement\":[{\"@type\":\"ListItem\",\"position\":1,\"name\":\"Portada\",\"item\":\"https:\\\/\\\/zonacaral.gob.pe\\\/\"},{\"@type\":\"ListItem\",\"position\":2,\"name\":\"M\u00e1s de dos mil personas llegaron a Pe\u00f1ico en su primer mes de apertura\"}]},{\"@type\":\"WebSite\",\"@id\":\"https:\\\/\\\/zonacaral.gob.pe\\\/es\\\/#website\",\"url\":\"https:\\\/\\\/zonacaral.gob.pe\\\/es\\\/\",\"name\":\"Zona Caral\",\"description\":\"Investigamos, conservamos y difundimos el patrimonio cultural de la Civilizaci\u00f3n Caral, la m\u00e1s antigua de Am\u00e9rica.\",\"potentialAction\":[{\"@type\":\"SearchAction\",\"target\":{\"@type\":\"EntryPoint\",\"urlTemplate\":\"https:\\\/\\\/zonacaral.gob.pe\\\/es\\\/?s={search_term_string}\"},\"query-input\":{\"@type\":\"PropertyValueSpecification\",\"valueRequired\":true,\"valueName\":\"search_term_string\"}}],\"inLanguage\":\"en-US\"},{\"@type\":\"Person\",\"@id\":\"https:\\\/\\\/zonacaral.gob.pe\\\/es\\\/#\\\/schema\\\/person\\\/beddb4d22f71a7230c5b90913270a0ee\",\"name\":\"Zona Caral Administrador\",\"image\":{\"@type\":\"ImageObject\",\"inLanguage\":\"en-US\",\"@id\":\"https:\\\/\\\/secure.gravatar.com\\\/avatar\\\/e4be162918a696358376de6446614e0f0f4062bdc5d170d6d540ada3d8b58c12?s=96&d=mm&r=g\",\"url\":\"https:\\\/\\\/secure.gravatar.com\\\/avatar\\\/e4be162918a696358376de6446614e0f0f4062bdc5d170d6d540ada3d8b58c12?s=96&d=mm&r=g\",\"contentUrl\":\"https:\\\/\\\/secure.gravatar.com\\\/avatar\\\/e4be162918a696358376de6446614e0f0f4062bdc5d170d6d540ada3d8b58c12?s=96&d=mm&r=g\",\"caption\":\"Zona Caral Administrador\"},\"sameAs\":[\"https:\\\/\\\/zonacaral.gob.pe\"],\"url\":\"https:\\\/\\\/zonacaral.gob.pe\\\/en\\\/noticias\\\/author\\\/ad_zonacaral\\\/\"}]}<\/script>\n<!-- \/ Yoast SEO plugin. -->","yoast_head_json":{"title":"M\u00e1s de dos mil personas llegaron a Pe\u00f1ico en su primer mes de apertura","description":"Luego de su apertura oficial, el 12 de julio, Pe\u00f1ico, ciudad de la integraci\u00f3n social de la Civilizaci\u00f3n Caral, ha recibido la visita de 2 135 personas, entre ni\u00f1os, j\u00f3venes y adultos, quienes llegaron a este sitio arqueol\u00f3gico, desde diferentes lugares del pa\u00eds y del extranjero, a conocer sus impresionantes hallazgos.","robots":{"index":"index","follow":"follow","max-snippet":"max-snippet:-1","max-image-preview":"max-image-preview:large","max-video-preview":"max-video-preview:-1"},"canonical":"https:\/\/zonacaral.gob.pe\/en\/noticias\/mas-de-dos-mil-personas-llegaron-a-penico-en-su-primer-mes-de-apertura\/","og_locale":"en_US","og_type":"article","og_title":"M\u00e1s de dos mil personas llegaron a Pe\u00f1ico en su primer mes de apertura","og_description":"Luego de su apertura oficial, el 12 de julio, Pe\u00f1ico, ciudad de la integraci\u00f3n social de la Civilizaci\u00f3n Caral, ha recibido la visita de 2 135 personas, entre ni\u00f1os, j\u00f3venes y adultos, quienes llegaron a este sitio arqueol\u00f3gico, desde diferentes lugares del pa\u00eds y del extranjero, a conocer sus impresionantes hallazgos.","og_url":"https:\/\/zonacaral.gob.pe\/en\/noticias\/mas-de-dos-mil-personas-llegaron-a-penico-en-su-primer-mes-de-apertura\/","og_site_name":"Zona Caral","article_published_time":"2025-08-22T22:10:27+00:00","og_image":[{"width":1920,"height":1080,"url":"https:\/\/zonacaral.gob.pe\/wp-content\/uploads\/2025\/08\/visita-penico-1.jpg","type":"image\/jpeg"}],"author":"Zona Caral Administrador","twitter_card":"summary_large_image","twitter_misc":{"Written by":"Zona Caral Administrador","Est. reading time":"3 minutes"},"schema":{"@context":"https:\/\/schema.org","@graph":[{"@type":"Article","@id":"https:\/\/zonacaral.gob.pe\/es\/noticias\/mas-de-dos-mil-personas-llegaron-a-penico-en-su-primer-mes-de-apertura\/#article","isPartOf":{"@id":"https:\/\/zonacaral.gob.pe\/es\/noticias\/mas-de-dos-mil-personas-llegaron-a-penico-en-su-primer-mes-de-apertura\/"},"author":{"name":"Zona Caral Administrador","@id":"https:\/\/zonacaral.gob.pe\/es\/#\/schema\/person\/beddb4d22f71a7230c5b90913270a0ee"},"headline":"M\u00e1s de dos mil personas llegaron a Pe\u00f1ico en su primer mes de apertura","datePublished":"2025-08-22T22:10:27+00:00","mainEntityOfPage":{"@id":"https:\/\/zonacaral.gob.pe\/es\/noticias\/mas-de-dos-mil-personas-llegaron-a-penico-en-su-primer-mes-de-apertura\/"},"wordCount":567,"image":{"@id":"https:\/\/zonacaral.gob.pe\/es\/noticias\/mas-de-dos-mil-personas-llegaron-a-penico-en-su-primer-mes-de-apertura\/#primaryimage"},"thumbnailUrl":"https:\/\/zonacaral.gob.pe\/wp-content\/uploads\/2025\/08\/visita-penico-1.jpg","keywords":["caral","Cultura"],"articleSection":["noticias"],"inLanguage":"en-US"},{"@type":"WebPage","@id":"https:\/\/zonacaral.gob.pe\/es\/noticias\/mas-de-dos-mil-personas-llegaron-a-penico-en-su-primer-mes-de-apertura\/","url":"https:\/\/zonacaral.gob.pe\/es\/noticias\/mas-de-dos-mil-personas-llegaron-a-penico-en-su-primer-mes-de-apertura\/","name":"M\u00e1s de dos mil personas llegaron a Pe\u00f1ico en su primer mes de apertura","isPartOf":{"@id":"https:\/\/zonacaral.gob.pe\/es\/#website"},"primaryImageOfPage":{"@id":"https:\/\/zonacaral.gob.pe\/es\/noticias\/mas-de-dos-mil-personas-llegaron-a-penico-en-su-primer-mes-de-apertura\/#primaryimage"},"image":{"@id":"https:\/\/zonacaral.gob.pe\/es\/noticias\/mas-de-dos-mil-personas-llegaron-a-penico-en-su-primer-mes-de-apertura\/#primaryimage"},"thumbnailUrl":"https:\/\/zonacaral.gob.pe\/wp-content\/uploads\/2025\/08\/visita-penico-1.jpg","datePublished":"2025-08-22T22:10:27+00:00","author":{"@id":"https:\/\/zonacaral.gob.pe\/es\/#\/schema\/person\/beddb4d22f71a7230c5b90913270a0ee"},"description":"Luego de su apertura oficial, el 12 de julio, Pe\u00f1ico, ciudad de la integraci\u00f3n social de la Civilizaci\u00f3n Caral, ha recibido la visita de 2 135 personas, entre ni\u00f1os, j\u00f3venes y adultos, quienes llegaron a este sitio arqueol\u00f3gico, desde diferentes lugares del pa\u00eds y del extranjero, a conocer sus impresionantes hallazgos.","breadcrumb":{"@id":"https:\/\/zonacaral.gob.pe\/es\/noticias\/mas-de-dos-mil-personas-llegaron-a-penico-en-su-primer-mes-de-apertura\/#breadcrumb"},"inLanguage":"en-US","potentialAction":[{"@type":"ReadAction","target":["https:\/\/zonacaral.gob.pe\/es\/noticias\/mas-de-dos-mil-personas-llegaron-a-penico-en-su-primer-mes-de-apertura\/"]}]},{"@type":"ImageObject","inLanguage":"en-US","@id":"https:\/\/zonacaral.gob.pe\/es\/noticias\/mas-de-dos-mil-personas-llegaron-a-penico-en-su-primer-mes-de-apertura\/#primaryimage","url":"https:\/\/zonacaral.gob.pe\/wp-content\/uploads\/2025\/08\/visita-penico-1.jpg","contentUrl":"https:\/\/zonacaral.gob.pe\/wp-content\/uploads\/2025\/08\/visita-penico-1.jpg","width":1920,"height":1080},{"@type":"BreadcrumbList","@id":"https:\/\/zonacaral.gob.pe\/es\/noticias\/mas-de-dos-mil-personas-llegaron-a-penico-en-su-primer-mes-de-apertura\/#breadcrumb","itemListElement":[{"@type":"ListItem","position":1,"name":"Portada","item":"https:\/\/zonacaral.gob.pe\/"},{"@type":"ListItem","position":2,"name":"M\u00e1s de dos mil personas llegaron a Pe\u00f1ico en su primer mes de apertura"}]},{"@type":"WebSite","@id":"https:\/\/zonacaral.gob.pe\/es\/#website","url":"https:\/\/zonacaral.gob.pe\/es\/","name":"Zona Caral","description":"Investigamos, conservamos y difundimos el patrimonio cultural de la Civilizaci\u00f3n Caral, la m\u00e1s antigua de Am\u00e9rica.","potentialAction":[{"@type":"SearchAction","target":{"@type":"EntryPoint","urlTemplate":"https:\/\/zonacaral.gob.pe\/es\/?s={search_term_string}"},"query-input":{"@type":"PropertyValueSpecification","valueRequired":true,"valueName":"search_term_string"}}],"inLanguage":"en-US"},{"@type":"Person","@id":"https:\/\/zonacaral.gob.pe\/es\/#\/schema\/person\/beddb4d22f71a7230c5b90913270a0ee","name":"Zona Caral Administrador","image":{"@type":"ImageObject","inLanguage":"en-US","@id":"https:\/\/secure.gravatar.com\/avatar\/e4be162918a696358376de6446614e0f0f4062bdc5d170d6d540ada3d8b58c12?s=96&d=mm&r=g","url":"https:\/\/secure.gravatar.com\/avatar\/e4be162918a696358376de6446614e0f0f4062bdc5d170d6d540ada3d8b58c12?s=96&d=mm&r=g","contentUrl":"https:\/\/secure.gravatar.com\/avatar\/e4be162918a696358376de6446614e0f0f4062bdc5d170d6d540ada3d8b58c12?s=96&d=mm&r=g","caption":"Zona Caral Administrador"},"sameAs":["https:\/\/zonacaral.gob.pe"],"url":"https:\/\/zonacaral.gob.pe\/en\/noticias\/author\/ad_zonacaral\/"}]}},"_links":{"self":[{"href":"https:\/\/zonacaral.gob.pe\/en\/wp-json\/wp\/v2\/posts\/18537","targetHints":{"allow":["GET"]}}],"collection":[{"href":"https:\/\/zonacaral.gob.pe\/en\/wp-json\/wp\/v2\/posts"}],"about":[{"href":"https:\/\/zonacaral.gob.pe\/en\/wp-json\/wp\/v2\/types\/post"}],"author":[{"embeddable":true,"href":"https:\/\/zonacaral.gob.pe\/en\/wp-json\/wp\/v2\/users\/1"}],"replies":[{"embeddable":true,"href":"https:\/\/zonacaral.gob.pe\/en\/wp-json\/wp\/v2\/comments?post=18537"}],"version-history":[{"count":0,"href":"https:\/\/zonacaral.gob.pe\/en\/wp-json\/wp\/v2\/posts\/18537\/revisions"}],"wp:featuredmedia":[{"embeddable":true,"href":"https:\/\/zonacaral.gob.pe\/en\/wp-json\/wp\/v2\/media\/18538"}],"wp:attachment":[{"href":"https:\/\/zonacaral.gob.pe\/en\/wp-json\/wp\/v2\/media?parent=18537"}],"wp:term":[{"taxonomy":"category","embeddable":true,"href":"https:\/\/zonacaral.gob.pe\/en\/wp-json\/wp\/v2\/categories?post=18537"},{"taxonomy":"post_tag","embeddable":true,"href":"https:\/\/zonacaral.gob.pe\/en\/wp-json\/wp\/v2\/tags?post=18537"}],"curies":[{"name":"wp","href":"https:\/\/api.w.org\/{rel}","templated":true}]}}