{"id":18545,"date":"2025-08-29T15:53:51","date_gmt":"2025-08-29T20:53:51","guid":{"rendered":"https:\/\/www.zonacaral.gob.pe\/?p=18545"},"modified":"2025-08-29T15:53:51","modified_gmt":"2025-08-29T20:53:51","slug":"vichama-ciudad-agropesquera-de-hace-3-800-anos-revela-nuevos-mensajes-sobre-el-agua-la-vida-y-los-efectos-del-cambio-climatico","status":"publish","type":"post","link":"https:\/\/zonacaral.gob.pe\/en\/noticias\/vichama-ciudad-agropesquera-de-hace-3-800-anos-revela-nuevos-mensajes-sobre-el-agua-la-vida-y-los-efectos-del-cambio-climatico\/","title":{"rendered":"Vichama, ciudad agropesquera de hace 3 800 a\u00f1os, revela nuevos mensajes sobre el agua, la vida y los efectos del cambio clim\u00e1tico"},"content":{"rendered":"<figure class=\"pic-autor\" style=\"color: #4d4d4d; text-align: justify;\"><\/figure>\n<div class=\"gmail_default\" style=\"text-align: justify;\">\n<blockquote>\n<p><b><i>Maquetas, frisos y s\u00edmbolos en arcilla confirman el rol de Vichama como un centro cultural clave para comprender la identidad, la organizaci\u00f3n y la visi\u00f3n de futuro de los antiguos peruanos.<\/i><\/b><\/p>\n<\/blockquote>\n<p><span style=\"font-weight: 400;\">En el marco de los m\u00e1s recientes trabajos arqueol\u00f3gicos en la ciudad agropesquera de Vichama, distrito de V\u00e9gueta, provincia de Huaura, el Ministerio de Cultura, a trav\u00e9s de la Zona Arqueol\u00f3gica Caral (ZAC), present\u00f3 los resultados de 18 a\u00f1os de investigaci\u00f3n, conservaci\u00f3n y difusi\u00f3n en este importante sitio, vinculado a la civilizaci\u00f3n Caral.&nbsp;<\/span><\/p>\n<p><span style=\"font-weight: 400;\">La conferencia estuvo a cargo de la doctora Ruth Shady Sol\u00eds, directora de la ZAC, junto al equipo de arque\u00f3logos e investigadores, quienes dieron a conocer los \u00faltimos hallazgos que ampl\u00edan y refuerzan la comprensi\u00f3n del mensaje ideol\u00f3gico transmitido por los antiguos pobladores hace m\u00e1s de 3 800 a\u00f1os, en un contexto marcado por los efectos del cambio clim\u00e1tico.<\/span><\/p>\n<p><span style=\"font-weight: 400;\">Entre los descubrimientos m\u00e1s relevantes est\u00e1 la recuperaci\u00f3n de una representaci\u00f3n dual de sapos modelados en arcilla no cocida, s\u00edmbolo andino asociado a la llegada de las lluvias, la disponibilidad de agua y la regeneraci\u00f3n de la vida. Esta imagen refuerza el mensaje plasmado en los relieves murales de Vichama, que narran episodios de escasez y esperanza frente a crisis ambientales provocadas por el cambio clim\u00e1tico que enfrent\u00f3 la civilizaci\u00f3n Caral.<\/span><span style=\"font-weight: 400;\">&nbsp;<\/span><\/p>\n<p><span style=\"font-weight: 400;\">Asimismo destacan dos maquetas de arcilla no cocida, que representan edificaciones y evidencian conocimientos t\u00e9cnicos de planificaci\u00f3n urbana, as\u00ed como el valor simb\u00f3lico con el que se transmit\u00edan principios de organizaci\u00f3n social y territorial.<\/span><\/p>\n<p><span style=\"font-weight: 400;\">A este hallazgo se suma la recuperaci\u00f3n de una representaci\u00f3n dual de sapos modelados en arcilla no cocida, s\u00edmbolo andino asociado a la llegada de las lluvias, la disponibilidad de agua y la regeneraci\u00f3n de la vida. Esta imagen refuerza el mensaje plasmado en los relieves murales de Vichama, que narran episodios de escasez y esperanza frente a crisis ambientales provocadas por el cambio clim\u00e1tico que enfrent\u00f3 la civilizaci\u00f3n Caral.<\/span><span style=\"font-weight: 400;\">&nbsp;<\/span><\/p>\n<p><span style=\"font-weight: 400;\">Asimismo, se encontraron fragmentos de frisos que formaron parte de composiciones murales mayores, lo que enriquece la comprensi\u00f3n de las expresiones art\u00edsticas y simb\u00f3licas desarrolladas por esta sociedad.<\/span><\/p>\n<p><span style=\"font-weight: 400;\">Estos mensajes ideol\u00f3gicos, plasmados en la arquitectura p\u00fablica, funcionaron como advertencia a las generaciones futuras sobre la necesidad de preservar los recursos y mantener la cohesi\u00f3n social frente a los retos clim\u00e1ticos.<\/span><\/p>\n<p><span style=\"font-weight: 400;\">La doctora Shady record\u00f3 que, en a\u00f1os anteriores, en el Edificio Principal (Sector A) se hall\u00f3 la monumental composici\u00f3n denominada \u201cLa Danza de la Muerte y de la Vida\u201d, con 34 relieves murales que representan cuerpos adultos fallecidos, con costillas marcadas y ojos cerrados, acompa\u00f1ados de figuras j\u00f3venes en una danza ritual y asociados a dos grandes peces. En una etapa posterior, en este mismo edificio, se model\u00f3 sobre un muro el rostro de un sapo emergiendo con manos humanas y una figura geom\u00e9trica en forma de rayo, denominado \u201cSapo Humanizado\u201d.<\/span><\/p>\n<p><span style=\"font-weight: 400;\">En conjunto, los hallazgos consolidan a Vichama como un sitio significativo para comprender no solo las estrategias de subsistencia y planificaci\u00f3n constructiva de sus habitantes, sino tambi\u00e9n su extraordinaria capacidad para transformar la experiencia social y las adversidades en un mensaje colectivo de resiliencia, hoy m\u00e1s vigente que nunca frente a la crisis clim\u00e1tica global.<\/span><\/p>\n<p><b>Vichama<\/b><\/p>\n<p><span style=\"font-weight: 400;\">El centro urbano de Vichama se construy\u00f3 sobre una terraza y las laderas del cerro Halconcillo, a 1.5 km del litoral y a 75 metros sobre el nivel del mar, desde donde se dominan los campos agr\u00edcolas de la margen derecha del r\u00edo Huaura.<\/span><\/p>\n<p><span style=\"font-weight: 400;\">Con una extensi\u00f3n aproximada de 25 hect\u00e1reas, entre los 3 800 y 3 500 a\u00f1os antes del presente se levantaron en este asentamiento 28 edificaciones, conformadas por edificios p\u00fablicos, plazas y \u00e1reas residenciales. Los hallazgos evidencian que esta sociedad mantuvo una amplia interacci\u00f3n con poblaciones de diversas culturas de la selva, la costa y la sierra, lo que enriqueci\u00f3 su desarrollo social y econ\u00f3mico.<\/span><\/p>\n<p><span style=\"font-weight: 400;\">La doctora Shady destac\u00f3 que, en 18 a\u00f1os de trabajo continuo, el equipo multidisciplinario de la ZAC no solo ha realizado investigaciones arqueol\u00f3gicas, sino tambi\u00e9n acciones de conservaci\u00f3n del patrimonio cultural arquitect\u00f3nico y de los numerosos objetos recuperados. Este esfuerzo se complementa con la difusi\u00f3n del conocimiento sobre ciencia, tecnolog\u00eda e historia social y cultural de Vichama, en beneficio de la poblaci\u00f3n local y de un p\u00fablico nacional e internacional.<\/span><\/p>\n<p><span style=\"font-weight: 400;\">A trav\u00e9s del programa Caral \u2013 Vichama en la Escuela, se difunde la historia y el valor del patrimonio arqueol\u00f3gico entre ni\u00f1os y j\u00f3venes, promoviendo su identificaci\u00f3n con este legado, as\u00ed como su valoraci\u00f3n, protecci\u00f3n y autoestima. Adem\u00e1s, se fomenta la gastronom\u00eda, la artesan\u00eda y la agricultura tradicional de V\u00e9gueta \u2013 Huaura, como parte de un trabajo integral de revaloraci\u00f3n cultural.<\/span><\/p>\n<p><b>EL DATO<\/b><\/p>\n<p><span style=\"font-weight: 400;\">El Vichama Raymi 2025 se celebrar\u00e1 los d\u00edas 5 y 6 de septiembre en el sitio arqueol\u00f3gico. Esta gran fiesta cultural busca fortalecer la identidad y el orgullo de los habitantes de V\u00e9gueta y del Per\u00fa en torno a su rica herencia ancestral. La entrada es libre y gratuita para todo el p\u00fablico.<\/span><\/p>\n<p><b>Lima, 28 de agosto de 2025<\/b><\/p>\n<p><strong style=\"font-size: inherit; text-align: justify;\">Fuente: Comunicaci\u00f3n e Imagen Institucional ZAC<\/strong><\/p>\n<\/div>\n<div style=\"color: #1f1f1f;\">\n<div style=\"color: #1f1f1f;\">\n<p style=\"text-align: justify;\">Fecha de publicaci\u00f3n: 28\/08\/2025<\/p>\n<\/div>\n<\/div>\n\n\n<p><\/p>\n\n\n\n<p><\/p>","protected":false},"excerpt":{"rendered":"<p>Maquetas, frisos y s\u00edmbolos en arcilla confirman el rol de Vichama como un centro cultural clave para comprender la identidad, [&hellip;]<\/p>\n","protected":false},"author":1,"featured_media":18546,"comment_status":"closed","ping_status":"open","sticky":false,"template":"","format":"standard","meta":{"_acf_changed":false,"site-sidebar-layout":"default","site-content-layout":"","ast-site-content-layout":"default","site-content-style":"default","site-sidebar-style":"default","ast-global-header-display":"","ast-banner-title-visibility":"","ast-main-header-display":"","ast-hfb-above-header-display":"","ast-hfb-below-header-display":"","ast-hfb-mobile-header-display":"","site-post-title":"","ast-breadcrumbs-content":"","ast-featured-img":"","footer-sml-layout":"","ast-disable-related-posts":"","theme-transparent-header-meta":"","adv-header-id-meta":"","stick-header-meta":"","header-above-stick-meta":"","header-main-stick-meta":"","header-below-stick-meta":"","astra-migrate-meta-layouts":"default","ast-page-background-enabled":"default","ast-page-background-meta":{"desktop":{"background-color":"var(--ast-global-color-5)","background-image":"","background-repeat":"repeat","background-position":"center center","background-size":"auto","background-attachment":"scroll","background-type":"","background-media":"","overlay-type":"","overlay-color":"","overlay-opacity":"","overlay-gradient":""},"tablet":{"background-color":"","background-image":"","background-repeat":"repeat","background-position":"center center","background-size":"auto","background-attachment":"scroll","background-type":"","background-media":"","overlay-type":"","overlay-color":"","overlay-opacity":"","overlay-gradient":""},"mobile":{"background-color":"","background-image":"","background-repeat":"repeat","background-position":"center center","background-size":"auto","background-attachment":"scroll","background-type":"","background-media":"","overlay-type":"","overlay-color":"","overlay-opacity":"","overlay-gradient":""}},"ast-content-background-meta":{"desktop":{"background-color":"var(--ast-global-color-4)","background-image":"","background-repeat":"repeat","background-position":"center center","background-size":"auto","background-attachment":"scroll","background-type":"","background-media":"","overlay-type":"","overlay-color":"","overlay-opacity":"","overlay-gradient":""},"tablet":{"background-color":"var(--ast-global-color-4)","background-image":"","background-repeat":"repeat","background-position":"center center","background-size":"auto","background-attachment":"scroll","background-type":"","background-media":"","overlay-type":"","overlay-color":"","overlay-opacity":"","overlay-gradient":""},"mobile":{"background-color":"var(--ast-global-color-4)","background-image":"","background-repeat":"repeat","background-position":"center center","background-size":"auto","background-attachment":"scroll","background-type":"","background-media":"","overlay-type":"","overlay-color":"","overlay-opacity":"","overlay-gradient":""}},"footnotes":""},"categories":[208],"tags":[55,72],"class_list":["post-18545","post","type-post","status-publish","format-standard","has-post-thumbnail","hentry","category-noticias","tag-caral","tag-cultura"],"acf":[],"yoast_head":"<!-- This site is optimized with the Yoast SEO plugin v27.3 - https:\/\/yoast.com\/product\/yoast-seo-wordpress\/ -->\n<title>Vichama, ciudad agropesquera de hace 3 800 a\u00f1os, revela nuevos mensajes sobre el agua, la vida y los efectos del cambio clim\u00e1tico<\/title>\n<meta name=\"description\" content=\"En el marco de los m\u00e1s recientes trabajos arqueol\u00f3gicos en la ciudad agropesquera de Vichama, distrito de V\u00e9gueta, provincia de Huaura, el Ministerio de Cultura, a trav\u00e9s de la Zona Arqueol\u00f3gica Caral (ZAC), present\u00f3 los resultados de 18 a\u00f1os de investigaci\u00f3n, conservaci\u00f3n y difusi\u00f3n en este importante sitio, vinculado a la civilizaci\u00f3n Caral.\u00a0\" \/>\n<meta name=\"robots\" content=\"index, follow, max-snippet:-1, max-image-preview:large, max-video-preview:-1\" \/>\n<link rel=\"canonical\" href=\"https:\/\/zonacaral.gob.pe\/en\/noticias\/vichama-ciudad-agropesquera-de-hace-3-800-anos-revela-nuevos-mensajes-sobre-el-agua-la-vida-y-los-efectos-del-cambio-climatico\/\" \/>\n<meta property=\"og:locale\" content=\"en_US\" \/>\n<meta property=\"og:type\" content=\"article\" \/>\n<meta property=\"og:title\" content=\"Vichama, ciudad agropesquera de hace 3 800 a\u00f1os, revela nuevos mensajes sobre el agua, la vida y los efectos del cambio clim\u00e1tico\" \/>\n<meta property=\"og:description\" content=\"En el marco de los m\u00e1s recientes trabajos arqueol\u00f3gicos en la ciudad agropesquera de Vichama, distrito de V\u00e9gueta, provincia de Huaura, el Ministerio de Cultura, a trav\u00e9s de la Zona Arqueol\u00f3gica Caral (ZAC), present\u00f3 los resultados de 18 a\u00f1os de investigaci\u00f3n, conservaci\u00f3n y difusi\u00f3n en este importante sitio, vinculado a la civilizaci\u00f3n Caral.\u00a0\" \/>\n<meta property=\"og:url\" content=\"https:\/\/zonacaral.gob.pe\/en\/noticias\/vichama-ciudad-agropesquera-de-hace-3-800-anos-revela-nuevos-mensajes-sobre-el-agua-la-vida-y-los-efectos-del-cambio-climatico\/\" \/>\n<meta property=\"og:site_name\" content=\"Zona Caral\" \/>\n<meta property=\"article:published_time\" content=\"2025-08-29T20:53:51+00:00\" \/>\n<meta property=\"og:image\" content=\"https:\/\/zonacaral.gob.pe\/wp-content\/uploads\/2025\/08\/1_aniversario_vichama.jpg\" \/>\n\t<meta property=\"og:image:width\" content=\"1500\" \/>\n\t<meta property=\"og:image:height\" content=\"844\" \/>\n\t<meta property=\"og:image:type\" content=\"image\/jpeg\" \/>\n<meta name=\"author\" content=\"Zona Caral Administrador\" \/>\n<meta name=\"twitter:card\" content=\"summary_large_image\" \/>\n<meta name=\"twitter:label1\" content=\"Written by\" \/>\n\t<meta name=\"twitter:data1\" content=\"Zona Caral Administrador\" \/>\n\t<meta name=\"twitter:label2\" content=\"Est. reading time\" \/>\n\t<meta name=\"twitter:data2\" content=\"5 minutes\" \/>\n<script type=\"application\/ld+json\" class=\"yoast-schema-graph\">{\"@context\":\"https:\\\/\\\/schema.org\",\"@graph\":[{\"@type\":\"Article\",\"@id\":\"https:\\\/\\\/zonacaral.gob.pe\\\/es\\\/noticias\\\/vichama-ciudad-agropesquera-de-hace-3-800-anos-revela-nuevos-mensajes-sobre-el-agua-la-vida-y-los-efectos-del-cambio-climatico\\\/#article\",\"isPartOf\":{\"@id\":\"https:\\\/\\\/zonacaral.gob.pe\\\/es\\\/noticias\\\/vichama-ciudad-agropesquera-de-hace-3-800-anos-revela-nuevos-mensajes-sobre-el-agua-la-vida-y-los-efectos-del-cambio-climatico\\\/\"},\"author\":{\"name\":\"Zona Caral Administrador\",\"@id\":\"https:\\\/\\\/zonacaral.gob.pe\\\/es\\\/#\\\/schema\\\/person\\\/beddb4d22f71a7230c5b90913270a0ee\"},\"headline\":\"Vichama, ciudad agropesquera de hace 3 800 a\u00f1os, revela nuevos mensajes sobre el agua, la vida y los efectos del cambio clim\u00e1tico\",\"datePublished\":\"2025-08-29T20:53:51+00:00\",\"mainEntityOfPage\":{\"@id\":\"https:\\\/\\\/zonacaral.gob.pe\\\/es\\\/noticias\\\/vichama-ciudad-agropesquera-de-hace-3-800-anos-revela-nuevos-mensajes-sobre-el-agua-la-vida-y-los-efectos-del-cambio-climatico\\\/\"},\"wordCount\":929,\"image\":{\"@id\":\"https:\\\/\\\/zonacaral.gob.pe\\\/es\\\/noticias\\\/vichama-ciudad-agropesquera-de-hace-3-800-anos-revela-nuevos-mensajes-sobre-el-agua-la-vida-y-los-efectos-del-cambio-climatico\\\/#primaryimage\"},\"thumbnailUrl\":\"https:\\\/\\\/zonacaral.gob.pe\\\/wp-content\\\/uploads\\\/2025\\\/08\\\/1_aniversario_vichama.jpg\",\"keywords\":[\"caral\",\"Cultura\"],\"articleSection\":[\"noticias\"],\"inLanguage\":\"en-US\"},{\"@type\":\"WebPage\",\"@id\":\"https:\\\/\\\/zonacaral.gob.pe\\\/es\\\/noticias\\\/vichama-ciudad-agropesquera-de-hace-3-800-anos-revela-nuevos-mensajes-sobre-el-agua-la-vida-y-los-efectos-del-cambio-climatico\\\/\",\"url\":\"https:\\\/\\\/zonacaral.gob.pe\\\/es\\\/noticias\\\/vichama-ciudad-agropesquera-de-hace-3-800-anos-revela-nuevos-mensajes-sobre-el-agua-la-vida-y-los-efectos-del-cambio-climatico\\\/\",\"name\":\"Vichama, ciudad agropesquera de hace 3 800 a\u00f1os, revela nuevos mensajes sobre el agua, la vida y los efectos del cambio clim\u00e1tico\",\"isPartOf\":{\"@id\":\"https:\\\/\\\/zonacaral.gob.pe\\\/es\\\/#website\"},\"primaryImageOfPage\":{\"@id\":\"https:\\\/\\\/zonacaral.gob.pe\\\/es\\\/noticias\\\/vichama-ciudad-agropesquera-de-hace-3-800-anos-revela-nuevos-mensajes-sobre-el-agua-la-vida-y-los-efectos-del-cambio-climatico\\\/#primaryimage\"},\"image\":{\"@id\":\"https:\\\/\\\/zonacaral.gob.pe\\\/es\\\/noticias\\\/vichama-ciudad-agropesquera-de-hace-3-800-anos-revela-nuevos-mensajes-sobre-el-agua-la-vida-y-los-efectos-del-cambio-climatico\\\/#primaryimage\"},\"thumbnailUrl\":\"https:\\\/\\\/zonacaral.gob.pe\\\/wp-content\\\/uploads\\\/2025\\\/08\\\/1_aniversario_vichama.jpg\",\"datePublished\":\"2025-08-29T20:53:51+00:00\",\"author\":{\"@id\":\"https:\\\/\\\/zonacaral.gob.pe\\\/es\\\/#\\\/schema\\\/person\\\/beddb4d22f71a7230c5b90913270a0ee\"},\"description\":\"En el marco de los m\u00e1s recientes trabajos arqueol\u00f3gicos en la ciudad agropesquera de Vichama, distrito de V\u00e9gueta, provincia de Huaura, el Ministerio de Cultura, a trav\u00e9s de la Zona Arqueol\u00f3gica Caral (ZAC), present\u00f3 los resultados de 18 a\u00f1os de investigaci\u00f3n, conservaci\u00f3n y difusi\u00f3n en este importante sitio, vinculado a la civilizaci\u00f3n Caral.\u00a0\",\"breadcrumb\":{\"@id\":\"https:\\\/\\\/zonacaral.gob.pe\\\/es\\\/noticias\\\/vichama-ciudad-agropesquera-de-hace-3-800-anos-revela-nuevos-mensajes-sobre-el-agua-la-vida-y-los-efectos-del-cambio-climatico\\\/#breadcrumb\"},\"inLanguage\":\"en-US\",\"potentialAction\":[{\"@type\":\"ReadAction\",\"target\":[\"https:\\\/\\\/zonacaral.gob.pe\\\/es\\\/noticias\\\/vichama-ciudad-agropesquera-de-hace-3-800-anos-revela-nuevos-mensajes-sobre-el-agua-la-vida-y-los-efectos-del-cambio-climatico\\\/\"]}]},{\"@type\":\"ImageObject\",\"inLanguage\":\"en-US\",\"@id\":\"https:\\\/\\\/zonacaral.gob.pe\\\/es\\\/noticias\\\/vichama-ciudad-agropesquera-de-hace-3-800-anos-revela-nuevos-mensajes-sobre-el-agua-la-vida-y-los-efectos-del-cambio-climatico\\\/#primaryimage\",\"url\":\"https:\\\/\\\/zonacaral.gob.pe\\\/wp-content\\\/uploads\\\/2025\\\/08\\\/1_aniversario_vichama.jpg\",\"contentUrl\":\"https:\\\/\\\/zonacaral.gob.pe\\\/wp-content\\\/uploads\\\/2025\\\/08\\\/1_aniversario_vichama.jpg\",\"width\":1500,\"height\":844},{\"@type\":\"BreadcrumbList\",\"@id\":\"https:\\\/\\\/zonacaral.gob.pe\\\/es\\\/noticias\\\/vichama-ciudad-agropesquera-de-hace-3-800-anos-revela-nuevos-mensajes-sobre-el-agua-la-vida-y-los-efectos-del-cambio-climatico\\\/#breadcrumb\",\"itemListElement\":[{\"@type\":\"ListItem\",\"position\":1,\"name\":\"Portada\",\"item\":\"https:\\\/\\\/zonacaral.gob.pe\\\/\"},{\"@type\":\"ListItem\",\"position\":2,\"name\":\"Vichama, ciudad agropesquera de hace 3 800 a\u00f1os, revela nuevos mensajes sobre el agua, la vida y los efectos del cambio clim\u00e1tico\"}]},{\"@type\":\"WebSite\",\"@id\":\"https:\\\/\\\/zonacaral.gob.pe\\\/es\\\/#website\",\"url\":\"https:\\\/\\\/zonacaral.gob.pe\\\/es\\\/\",\"name\":\"Zona Caral\",\"description\":\"Investigamos, conservamos y difundimos el patrimonio cultural de la Civilizaci\u00f3n Caral, la m\u00e1s antigua de Am\u00e9rica.\",\"potentialAction\":[{\"@type\":\"SearchAction\",\"target\":{\"@type\":\"EntryPoint\",\"urlTemplate\":\"https:\\\/\\\/zonacaral.gob.pe\\\/es\\\/?s={search_term_string}\"},\"query-input\":{\"@type\":\"PropertyValueSpecification\",\"valueRequired\":true,\"valueName\":\"search_term_string\"}}],\"inLanguage\":\"en-US\"},{\"@type\":\"Person\",\"@id\":\"https:\\\/\\\/zonacaral.gob.pe\\\/es\\\/#\\\/schema\\\/person\\\/beddb4d22f71a7230c5b90913270a0ee\",\"name\":\"Zona Caral Administrador\",\"image\":{\"@type\":\"ImageObject\",\"inLanguage\":\"en-US\",\"@id\":\"https:\\\/\\\/secure.gravatar.com\\\/avatar\\\/e4be162918a696358376de6446614e0f0f4062bdc5d170d6d540ada3d8b58c12?s=96&d=mm&r=g\",\"url\":\"https:\\\/\\\/secure.gravatar.com\\\/avatar\\\/e4be162918a696358376de6446614e0f0f4062bdc5d170d6d540ada3d8b58c12?s=96&d=mm&r=g\",\"contentUrl\":\"https:\\\/\\\/secure.gravatar.com\\\/avatar\\\/e4be162918a696358376de6446614e0f0f4062bdc5d170d6d540ada3d8b58c12?s=96&d=mm&r=g\",\"caption\":\"Zona Caral Administrador\"},\"sameAs\":[\"https:\\\/\\\/zonacaral.gob.pe\"],\"url\":\"https:\\\/\\\/zonacaral.gob.pe\\\/en\\\/noticias\\\/author\\\/ad_zonacaral\\\/\"}]}<\/script>\n<!-- \/ Yoast SEO plugin. -->","yoast_head_json":{"title":"Vichama, ciudad agropesquera de hace 3 800 a\u00f1os, revela nuevos mensajes sobre el agua, la vida y los efectos del cambio clim\u00e1tico","description":"En el marco de los m\u00e1s recientes trabajos arqueol\u00f3gicos en la ciudad agropesquera de Vichama, distrito de V\u00e9gueta, provincia de Huaura, el Ministerio de Cultura, a trav\u00e9s de la Zona Arqueol\u00f3gica Caral (ZAC), present\u00f3 los resultados de 18 a\u00f1os de investigaci\u00f3n, conservaci\u00f3n y difusi\u00f3n en este importante sitio, vinculado a la civilizaci\u00f3n Caral.\u00a0","robots":{"index":"index","follow":"follow","max-snippet":"max-snippet:-1","max-image-preview":"max-image-preview:large","max-video-preview":"max-video-preview:-1"},"canonical":"https:\/\/zonacaral.gob.pe\/en\/noticias\/vichama-ciudad-agropesquera-de-hace-3-800-anos-revela-nuevos-mensajes-sobre-el-agua-la-vida-y-los-efectos-del-cambio-climatico\/","og_locale":"en_US","og_type":"article","og_title":"Vichama, ciudad agropesquera de hace 3 800 a\u00f1os, revela nuevos mensajes sobre el agua, la vida y los efectos del cambio clim\u00e1tico","og_description":"En el marco de los m\u00e1s recientes trabajos arqueol\u00f3gicos en la ciudad agropesquera de Vichama, distrito de V\u00e9gueta, provincia de Huaura, el Ministerio de Cultura, a trav\u00e9s de la Zona Arqueol\u00f3gica Caral (ZAC), present\u00f3 los resultados de 18 a\u00f1os de investigaci\u00f3n, conservaci\u00f3n y difusi\u00f3n en este importante sitio, vinculado a la civilizaci\u00f3n Caral.\u00a0","og_url":"https:\/\/zonacaral.gob.pe\/en\/noticias\/vichama-ciudad-agropesquera-de-hace-3-800-anos-revela-nuevos-mensajes-sobre-el-agua-la-vida-y-los-efectos-del-cambio-climatico\/","og_site_name":"Zona Caral","article_published_time":"2025-08-29T20:53:51+00:00","og_image":[{"width":1500,"height":844,"url":"https:\/\/zonacaral.gob.pe\/wp-content\/uploads\/2025\/08\/1_aniversario_vichama.jpg","type":"image\/jpeg"}],"author":"Zona Caral Administrador","twitter_card":"summary_large_image","twitter_misc":{"Written by":"Zona Caral Administrador","Est. reading time":"5 minutes"},"schema":{"@context":"https:\/\/schema.org","@graph":[{"@type":"Article","@id":"https:\/\/zonacaral.gob.pe\/es\/noticias\/vichama-ciudad-agropesquera-de-hace-3-800-anos-revela-nuevos-mensajes-sobre-el-agua-la-vida-y-los-efectos-del-cambio-climatico\/#article","isPartOf":{"@id":"https:\/\/zonacaral.gob.pe\/es\/noticias\/vichama-ciudad-agropesquera-de-hace-3-800-anos-revela-nuevos-mensajes-sobre-el-agua-la-vida-y-los-efectos-del-cambio-climatico\/"},"author":{"name":"Zona Caral Administrador","@id":"https:\/\/zonacaral.gob.pe\/es\/#\/schema\/person\/beddb4d22f71a7230c5b90913270a0ee"},"headline":"Vichama, ciudad agropesquera de hace 3 800 a\u00f1os, revela nuevos mensajes sobre el agua, la vida y los efectos del cambio clim\u00e1tico","datePublished":"2025-08-29T20:53:51+00:00","mainEntityOfPage":{"@id":"https:\/\/zonacaral.gob.pe\/es\/noticias\/vichama-ciudad-agropesquera-de-hace-3-800-anos-revela-nuevos-mensajes-sobre-el-agua-la-vida-y-los-efectos-del-cambio-climatico\/"},"wordCount":929,"image":{"@id":"https:\/\/zonacaral.gob.pe\/es\/noticias\/vichama-ciudad-agropesquera-de-hace-3-800-anos-revela-nuevos-mensajes-sobre-el-agua-la-vida-y-los-efectos-del-cambio-climatico\/#primaryimage"},"thumbnailUrl":"https:\/\/zonacaral.gob.pe\/wp-content\/uploads\/2025\/08\/1_aniversario_vichama.jpg","keywords":["caral","Cultura"],"articleSection":["noticias"],"inLanguage":"en-US"},{"@type":"WebPage","@id":"https:\/\/zonacaral.gob.pe\/es\/noticias\/vichama-ciudad-agropesquera-de-hace-3-800-anos-revela-nuevos-mensajes-sobre-el-agua-la-vida-y-los-efectos-del-cambio-climatico\/","url":"https:\/\/zonacaral.gob.pe\/es\/noticias\/vichama-ciudad-agropesquera-de-hace-3-800-anos-revela-nuevos-mensajes-sobre-el-agua-la-vida-y-los-efectos-del-cambio-climatico\/","name":"Vichama, ciudad agropesquera de hace 3 800 a\u00f1os, revela nuevos mensajes sobre el agua, la vida y los efectos del cambio clim\u00e1tico","isPartOf":{"@id":"https:\/\/zonacaral.gob.pe\/es\/#website"},"primaryImageOfPage":{"@id":"https:\/\/zonacaral.gob.pe\/es\/noticias\/vichama-ciudad-agropesquera-de-hace-3-800-anos-revela-nuevos-mensajes-sobre-el-agua-la-vida-y-los-efectos-del-cambio-climatico\/#primaryimage"},"image":{"@id":"https:\/\/zonacaral.gob.pe\/es\/noticias\/vichama-ciudad-agropesquera-de-hace-3-800-anos-revela-nuevos-mensajes-sobre-el-agua-la-vida-y-los-efectos-del-cambio-climatico\/#primaryimage"},"thumbnailUrl":"https:\/\/zonacaral.gob.pe\/wp-content\/uploads\/2025\/08\/1_aniversario_vichama.jpg","datePublished":"2025-08-29T20:53:51+00:00","author":{"@id":"https:\/\/zonacaral.gob.pe\/es\/#\/schema\/person\/beddb4d22f71a7230c5b90913270a0ee"},"description":"En el marco de los m\u00e1s recientes trabajos arqueol\u00f3gicos en la ciudad agropesquera de Vichama, distrito de V\u00e9gueta, provincia de Huaura, el Ministerio de Cultura, a trav\u00e9s de la Zona Arqueol\u00f3gica Caral (ZAC), present\u00f3 los resultados de 18 a\u00f1os de investigaci\u00f3n, conservaci\u00f3n y difusi\u00f3n en este importante sitio, vinculado a la civilizaci\u00f3n Caral.\u00a0","breadcrumb":{"@id":"https:\/\/zonacaral.gob.pe\/es\/noticias\/vichama-ciudad-agropesquera-de-hace-3-800-anos-revela-nuevos-mensajes-sobre-el-agua-la-vida-y-los-efectos-del-cambio-climatico\/#breadcrumb"},"inLanguage":"en-US","potentialAction":[{"@type":"ReadAction","target":["https:\/\/zonacaral.gob.pe\/es\/noticias\/vichama-ciudad-agropesquera-de-hace-3-800-anos-revela-nuevos-mensajes-sobre-el-agua-la-vida-y-los-efectos-del-cambio-climatico\/"]}]},{"@type":"ImageObject","inLanguage":"en-US","@id":"https:\/\/zonacaral.gob.pe\/es\/noticias\/vichama-ciudad-agropesquera-de-hace-3-800-anos-revela-nuevos-mensajes-sobre-el-agua-la-vida-y-los-efectos-del-cambio-climatico\/#primaryimage","url":"https:\/\/zonacaral.gob.pe\/wp-content\/uploads\/2025\/08\/1_aniversario_vichama.jpg","contentUrl":"https:\/\/zonacaral.gob.pe\/wp-content\/uploads\/2025\/08\/1_aniversario_vichama.jpg","width":1500,"height":844},{"@type":"BreadcrumbList","@id":"https:\/\/zonacaral.gob.pe\/es\/noticias\/vichama-ciudad-agropesquera-de-hace-3-800-anos-revela-nuevos-mensajes-sobre-el-agua-la-vida-y-los-efectos-del-cambio-climatico\/#breadcrumb","itemListElement":[{"@type":"ListItem","position":1,"name":"Portada","item":"https:\/\/zonacaral.gob.pe\/"},{"@type":"ListItem","position":2,"name":"Vichama, ciudad agropesquera de hace 3 800 a\u00f1os, revela nuevos mensajes sobre el agua, la vida y los efectos del cambio clim\u00e1tico"}]},{"@type":"WebSite","@id":"https:\/\/zonacaral.gob.pe\/es\/#website","url":"https:\/\/zonacaral.gob.pe\/es\/","name":"Zona Caral","description":"Investigamos, conservamos y difundimos el patrimonio cultural de la Civilizaci\u00f3n Caral, la m\u00e1s antigua de Am\u00e9rica.","potentialAction":[{"@type":"SearchAction","target":{"@type":"EntryPoint","urlTemplate":"https:\/\/zonacaral.gob.pe\/es\/?s={search_term_string}"},"query-input":{"@type":"PropertyValueSpecification","valueRequired":true,"valueName":"search_term_string"}}],"inLanguage":"en-US"},{"@type":"Person","@id":"https:\/\/zonacaral.gob.pe\/es\/#\/schema\/person\/beddb4d22f71a7230c5b90913270a0ee","name":"Zona Caral Administrador","image":{"@type":"ImageObject","inLanguage":"en-US","@id":"https:\/\/secure.gravatar.com\/avatar\/e4be162918a696358376de6446614e0f0f4062bdc5d170d6d540ada3d8b58c12?s=96&d=mm&r=g","url":"https:\/\/secure.gravatar.com\/avatar\/e4be162918a696358376de6446614e0f0f4062bdc5d170d6d540ada3d8b58c12?s=96&d=mm&r=g","contentUrl":"https:\/\/secure.gravatar.com\/avatar\/e4be162918a696358376de6446614e0f0f4062bdc5d170d6d540ada3d8b58c12?s=96&d=mm&r=g","caption":"Zona Caral Administrador"},"sameAs":["https:\/\/zonacaral.gob.pe"],"url":"https:\/\/zonacaral.gob.pe\/en\/noticias\/author\/ad_zonacaral\/"}]}},"_links":{"self":[{"href":"https:\/\/zonacaral.gob.pe\/en\/wp-json\/wp\/v2\/posts\/18545","targetHints":{"allow":["GET"]}}],"collection":[{"href":"https:\/\/zonacaral.gob.pe\/en\/wp-json\/wp\/v2\/posts"}],"about":[{"href":"https:\/\/zonacaral.gob.pe\/en\/wp-json\/wp\/v2\/types\/post"}],"author":[{"embeddable":true,"href":"https:\/\/zonacaral.gob.pe\/en\/wp-json\/wp\/v2\/users\/1"}],"replies":[{"embeddable":true,"href":"https:\/\/zonacaral.gob.pe\/en\/wp-json\/wp\/v2\/comments?post=18545"}],"version-history":[{"count":0,"href":"https:\/\/zonacaral.gob.pe\/en\/wp-json\/wp\/v2\/posts\/18545\/revisions"}],"wp:featuredmedia":[{"embeddable":true,"href":"https:\/\/zonacaral.gob.pe\/en\/wp-json\/wp\/v2\/media\/18546"}],"wp:attachment":[{"href":"https:\/\/zonacaral.gob.pe\/en\/wp-json\/wp\/v2\/media?parent=18545"}],"wp:term":[{"taxonomy":"category","embeddable":true,"href":"https:\/\/zonacaral.gob.pe\/en\/wp-json\/wp\/v2\/categories?post=18545"},{"taxonomy":"post_tag","embeddable":true,"href":"https:\/\/zonacaral.gob.pe\/en\/wp-json\/wp\/v2\/tags?post=18545"}],"curies":[{"name":"wp","href":"https:\/\/api.w.org\/{rel}","templated":true}]}}