{"id":18616,"date":"2025-10-03T17:04:29","date_gmt":"2025-10-03T22:04:29","guid":{"rendered":"https:\/\/www.zonacaral.gob.pe\/?p=18616"},"modified":"2025-10-03T17:04:29","modified_gmt":"2025-10-03T22:04:29","slug":"agenda-caral-octubre-el-mes-de-la-ciudad-sagrada-de-caral-supe-patrimonio-mundial","status":"publish","type":"post","link":"https:\/\/zonacaral.gob.pe\/en\/noticias\/agenda-caral-octubre-el-mes-de-la-ciudad-sagrada-de-caral-supe-patrimonio-mundial\/","title":{"rendered":"AGENDA CARAL: octubre, el mes de la Ciudad Sagrada de Caral-Supe. Patrimonio Mundial"},"content":{"rendered":"<figure class=\"pic-autor\" style=\"color: #4d4d4d; text-align: justify;\"><\/figure>\n<div class=\"gmail_default\" style=\"text-align: justify;\">\n<p><span style=\"font-weight: 400;\">Hace 31 a\u00f1os iniciaron los trabajos de investigaci\u00f3n, conservaci\u00f3n y difusi\u00f3n de la Ciudad Sagrada de Caral-Supe, Patrimonio Mundial, liderados por la <\/span><a href=\"http:\/\/youtube.com\/watch?reload=9&amp;v=FzT9L3x61BY\"><span style=\"font-weight: 400;\">doctora Ruth Shady Sol\u00eds<\/span><\/a><span style=\"font-weight: 400;\">, directora de la <\/span><a href=\"https:\/\/www.instagram.com\/caralperu\/?hl=es\"><span style=\"font-weight: 400;\">Zona Arqueol\u00f3gica Caral<\/span><\/a><span style=\"font-weight: 400;\"> (ZAC), Unidad Ejecutora 003 del Ministerio de Cultura, quien lleg\u00f3 al valle de Supe a cambiar la historia del desarrollo cultural del Per\u00fa, de Am\u00e9rica y del mundo.<\/span><\/p>\n<p><span style=\"font-weight: 400;\">Para conmemorar esta haza\u00f1a, el equipo multidisciplinario de la ZAC ha planteado una agenda de actividades que buscan resaltar la importancia de la principal ciudad de la primera civilizaci\u00f3n de Am\u00e9rica:<\/span><\/p>\n<p><b>INGRESO GRATUITO<\/b><\/p>\n<p><b>5 de octubre:<\/b><span style=\"font-weight: 400;\"> el primer domingo de octubre todos los ciudadanos peruanos que lleguen a la <\/span><a href=\"https:\/\/www.zonacaral.gob.pe\/ruta-caral\/ciudad-sagrada-de-caral.html\"><span style=\"font-weight: 400;\">Sacred City of Caral<\/span><\/a><span style=\"font-weight: 400;\">, a <\/span><a href=\"https:\/\/www.zonacaral.gob.pe\/ruta-caral\/aspero.html\"><span style=\"font-weight: 400;\">\u00c1spero<\/span><\/a><span style=\"font-weight: 400;\">, <\/span><a href=\"https:\/\/www.zonacaral.gob.pe\/ruta-caral\/vichama.html\"><span style=\"font-weight: 400;\">Vichama<\/span><\/a><span style=\"font-weight: 400;\"> y a <\/span><a href=\"https:\/\/www.zonacaral.gob.pe\/ruta-caral\/penico.html\"><span style=\"font-weight: 400;\">Pe\u00f1ico<\/span><\/a><span style=\"font-weight: 400;\"> podr\u00e1n ingresar de manera gratuita a recorrer estos milenarios sitios arqueol\u00f3gicos. El \u00fanico pago a realizar es el de dos soles que se entrega al int\u00e9rprete del patrimonio cultural, encargado del recorrido. La hora de atenci\u00f3n es de lunes a domingo, incluyendo feriados, de 9:00 a. m. a 5:00 p. m.<\/span><\/p>\n<p><b>VIAJES CULTURALES<\/b><\/p>\n<p><span style=\"font-weight: 400;\">Este mes, el programa <\/span><a href=\"https:\/\/www.zonacaral.gob.pe\/ruta-caral\/viajes-culturales.html\"><span style=\"font-weight: 400;\">Cultural Trips<\/span><\/a><span style=\"font-weight: 400;\"> de la ZAC, ha programado tres fechas distintas para conocer los centros urbanos de la Civilizaci\u00f3n Caral, en especial, la Ciudad Sagrada de Caral, que cumple 31 a\u00f1os de haber sido puesta en valor. A continuaci\u00f3n, las fechas y los asentamientos arqueol\u00f3gicos a visitar:<\/span><\/p>\n<p><b>8 de octubre: \u00abCaral y \u00c1spero: un encuentro con la civilizaci\u00f3n milenaria\u00bb<\/b><\/p>\n<p><span style=\"font-weight: 400;\">\u00c1spero y Ciudad Sagrada de Caral: conoce el estrecho v\u00ednculo de estas dos ciudades, construidas hace cinco mil a\u00f1os, y c\u00f3mo se beneficiaron del Mar de Grau.<\/span><\/p>\n<p><b>12 de octubre:<\/b><span style=\"font-weight: 400;\"> \u201c<\/span><b>Pe\u00f1ico y el legado cultural de Caral\u00bb<\/b><\/p>\n<p><span style=\"font-weight: 400;\">Pe\u00f1ico y Ciudad Sagrada de Caral: descubre el sitio arqueol\u00f3gico recientemente abierto al p\u00fablico y el principal centro urbano de la civilizaci\u00f3n m\u00e1s antigua de Am\u00e9rica.<\/span><\/p>\n<p><b>24 \u2013 25 de octubre: \u00abCaral, 31 a\u00f1os iluminando el camino de nuestra historia\u00bb<\/b><\/p>\n<p><span style=\"font-weight: 400;\">Ciudad Sagrada de Caral y Pe\u00f1ico: celebremos el CARAL RAYMI 2025, con un viaje \u00fanico que te llevar\u00e1 a conocer la capital de la primera civilizaci\u00f3n de Am\u00e9rica y la ciudad que sigui\u00f3 con la tradici\u00f3n cultural caralina tras su extinci\u00f3n tambi\u00e9n conocida como Pe\u00f1ico, ciudad de la integraci\u00f3n social.<\/span><\/p>\n<p><span style=\"font-weight: 400;\">Para m\u00e1s informaci\u00f3n de los Viajes Culturales, comun\u00edcate al WhatsApp: 955 881 340 o inscr\u00edbete en el siguiente formulario:<\/span> <a href=\"https:\/\/forms.gle\/hUxtHrc9ZBMrifRh7\"><span style=\"font-weight: 400;\">https:\/\/forms.gle\/hUxtHrc9ZBMrifRh7<\/span><\/a><span style=\"font-weight: 400;\">&nbsp;<\/span><\/p>\n<p><b>CARAL RAYMI 2025<\/b><\/p>\n<p><span style=\"font-weight: 400;\">A\u00f1o tras a\u00f1o continuamos con la antigua tradici\u00f3n andina, de realizar reuniones colectivas con la participaci\u00f3n de las autoridades y de la sociedad civil, para fortalecer la identidad cultural, la cohesi\u00f3n social y promover reflexiones para contribuir a mejorar las condiciones de vida en el presente, a trav\u00e9s de la transmisi\u00f3n de la historia social y los valores recuperados en los centros urbanos de la Civilizaci\u00f3n Caral.&nbsp;<\/span><\/p>\n<p><span style=\"font-weight: 400;\">Por ello este, 24 y 25 de octubre se realizar\u00e1 el tradicional CARAL RAYMI, edici\u00f3n 2025, con diversas actividades culturales gratuitas, en el valle de Supe, en la que se involucra a la poblaci\u00f3n de los centros poblados cercanos a la Ciudad Sagrada de Caral.<\/span><\/p>\n<p><span style=\"font-weight: 400;\">Actividades principales: recorrido nocturno por la ciudad sagrada iluminada &#8211; ceremonia de Pago a la Pachamama &#8211; Festival art\u00edstico &#8211; Feria artesanal y agraria &#8211; Visitas gratuitas.<\/span><\/p>\n<p><span style=\"font-weight: 400;\">Inscr\u00edbete en el formulario: <\/span><a href=\"https:\/\/forms.gle\/hUxtHrc9ZBMrifRh7\"><span style=\"font-weight: 400;\">https:\/\/forms.gle\/hUxtHrc9ZBMrifRh7<\/span><\/a><span style=\"font-weight: 400;\">&nbsp;<\/span><\/p>\n<p><b>TALLER FAMILIAR<\/b><\/p>\n<p><span style=\"font-weight: 400;\">Con el fin de seguir conmemorando el 31.\u00b0 aniversario del inicio de la puesta en valor de la Ciudad Sagrada de Caral, aprenderemos a elaborar la principal pir\u00e1mide de este asentamiento: el Edificio P\u00fablico Mayor, utilizando materiales reciclados como el cart\u00f3n.<\/span><\/p>\n<p><span style=\"font-weight: 400;\">Este taller se realizar\u00e1 el viernes 31 de octubre en dos horarios: 10:30 a. m. y 3:30 p. m., en la Sala Mochica del Ministerio de Cultura (Av. Javier Prado Este 2465, San Borja). Los participantes podr\u00e1n optar por asistir disfrazados de su personaje favorito de la cultura peruana u otro (opcional y libre).<\/span><\/p>\n<p><span style=\"font-weight: 400;\">Para m\u00e1s informaci\u00f3n comun\u00edcate al: 955 881 340. Enlace al formulario de inscripci\u00f3n: <\/span><a href=\"https:\/\/forms.gle\/VCpgAJThM4UYzJ8a6\"><span style=\"font-weight: 400;\">https:\/\/forms.gle\/VCpgAJThM4UYzJ8a6<\/span><\/a><span style=\"font-weight: 400;\">&nbsp;<\/span><\/p>\n<p><strong style=\"font-size: inherit; text-align: justify;\">Fuente: Comunicaci\u00f3n e Imagen Institucional ZAC<\/strong><\/p>\n<\/div>\n<div style=\"color: #1f1f1f;\">\n<div style=\"color: #1f1f1f;\">\n<p style=\"text-align: justify;\">Fecha de publicaci\u00f3n: 03\/10\/2025<\/p>\n<\/div>\n<\/div>\n\n\n<p><\/p>\n\n\n\n<p><\/p>","protected":false},"excerpt":{"rendered":"<p>Hace 31 a\u00f1os iniciaron los trabajos de investigaci\u00f3n, conservaci\u00f3n y difusi\u00f3n de la Ciudad Sagrada de Caral-Supe, Patrimonio Mundial, liderados [&hellip;]<\/p>\n","protected":false},"author":1,"featured_media":18618,"comment_status":"closed","ping_status":"open","sticky":false,"template":"","format":"standard","meta":{"_acf_changed":false,"site-sidebar-layout":"default","site-content-layout":"","ast-site-content-layout":"default","site-content-style":"default","site-sidebar-style":"default","ast-global-header-display":"","ast-banner-title-visibility":"","ast-main-header-display":"","ast-hfb-above-header-display":"","ast-hfb-below-header-display":"","ast-hfb-mobile-header-display":"","site-post-title":"","ast-breadcrumbs-content":"","ast-featured-img":"","footer-sml-layout":"","ast-disable-related-posts":"","theme-transparent-header-meta":"","adv-header-id-meta":"","stick-header-meta":"","header-above-stick-meta":"","header-main-stick-meta":"","header-below-stick-meta":"","astra-migrate-meta-layouts":"default","ast-page-background-enabled":"default","ast-page-background-meta":{"desktop":{"background-color":"var(--ast-global-color-5)","background-image":"","background-repeat":"repeat","background-position":"center center","background-size":"auto","background-attachment":"scroll","background-type":"","background-media":"","overlay-type":"","overlay-color":"","overlay-opacity":"","overlay-gradient":""},"tablet":{"background-color":"","background-image":"","background-repeat":"repeat","background-position":"center center","background-size":"auto","background-attachment":"scroll","background-type":"","background-media":"","overlay-type":"","overlay-color":"","overlay-opacity":"","overlay-gradient":""},"mobile":{"background-color":"","background-image":"","background-repeat":"repeat","background-position":"center center","background-size":"auto","background-attachment":"scroll","background-type":"","background-media":"","overlay-type":"","overlay-color":"","overlay-opacity":"","overlay-gradient":""}},"ast-content-background-meta":{"desktop":{"background-color":"var(--ast-global-color-4)","background-image":"","background-repeat":"repeat","background-position":"center center","background-size":"auto","background-attachment":"scroll","background-type":"","background-media":"","overlay-type":"","overlay-color":"","overlay-opacity":"","overlay-gradient":""},"tablet":{"background-color":"var(--ast-global-color-4)","background-image":"","background-repeat":"repeat","background-position":"center center","background-size":"auto","background-attachment":"scroll","background-type":"","background-media":"","overlay-type":"","overlay-color":"","overlay-opacity":"","overlay-gradient":""},"mobile":{"background-color":"var(--ast-global-color-4)","background-image":"","background-repeat":"repeat","background-position":"center center","background-size":"auto","background-attachment":"scroll","background-type":"","background-media":"","overlay-type":"","overlay-color":"","overlay-opacity":"","overlay-gradient":""}},"footnotes":""},"categories":[208],"tags":[55,72],"class_list":["post-18616","post","type-post","status-publish","format-standard","has-post-thumbnail","hentry","category-noticias","tag-caral","tag-cultura"],"acf":[],"yoast_head":"<!-- This site is optimized with the Yoast SEO plugin v27.3 - https:\/\/yoast.com\/product\/yoast-seo-wordpress\/ -->\n<title>AGENDA CARAL: octubre, el mes de la Ciudad Sagrada de Caral-Supe. Patrimonio Mundial<\/title>\n<meta name=\"description\" content=\"Hace 31 a\u00f1os iniciaron los trabajos de investigaci\u00f3n, conservaci\u00f3n y difusi\u00f3n de la Ciudad Sagrada de Caral-Supe, Patrimonio Mundial, liderados por la doctora Ruth Shady Sol\u00eds, directora de la Zona Arqueol\u00f3gica Caral (ZAC), Unidad Ejecutora 003 del Ministerio de Cultura, quien lleg\u00f3 al valle de Supe a cambiar la historia del desarrollo cultural del Per\u00fa, de Am\u00e9rica y del mundo.\" \/>\n<meta name=\"robots\" content=\"index, follow, max-snippet:-1, max-image-preview:large, max-video-preview:-1\" \/>\n<link rel=\"canonical\" href=\"https:\/\/zonacaral.gob.pe\/en\/noticias\/agenda-caral-octubre-el-mes-de-la-ciudad-sagrada-de-caral-supe-patrimonio-mundial\/\" \/>\n<meta property=\"og:locale\" content=\"en_US\" \/>\n<meta property=\"og:type\" content=\"article\" \/>\n<meta property=\"og:title\" content=\"AGENDA CARAL: octubre, el mes de la Ciudad Sagrada de Caral-Supe. Patrimonio Mundial\" \/>\n<meta property=\"og:description\" content=\"Hace 31 a\u00f1os iniciaron los trabajos de investigaci\u00f3n, conservaci\u00f3n y difusi\u00f3n de la Ciudad Sagrada de Caral-Supe, Patrimonio Mundial, liderados por la doctora Ruth Shady Sol\u00eds, directora de la Zona Arqueol\u00f3gica Caral (ZAC), Unidad Ejecutora 003 del Ministerio de Cultura, quien lleg\u00f3 al valle de Supe a cambiar la historia del desarrollo cultural del Per\u00fa, de Am\u00e9rica y del mundo.\" \/>\n<meta property=\"og:url\" content=\"https:\/\/zonacaral.gob.pe\/en\/noticias\/agenda-caral-octubre-el-mes-de-la-ciudad-sagrada-de-caral-supe-patrimonio-mundial\/\" \/>\n<meta property=\"og:site_name\" content=\"Zona Caral\" \/>\n<meta property=\"article:published_time\" content=\"2025-10-03T22:04:29+00:00\" \/>\n<meta property=\"og:image\" content=\"https:\/\/zonacaral.gob.pe\/wp-content\/uploads\/2025\/10\/ag1.jpg\" \/>\n\t<meta property=\"og:image:width\" content=\"1920\" \/>\n\t<meta property=\"og:image:height\" content=\"1080\" \/>\n\t<meta property=\"og:image:type\" content=\"image\/jpeg\" \/>\n<meta name=\"author\" content=\"Zona Caral Administrador\" \/>\n<meta name=\"twitter:card\" content=\"summary_large_image\" \/>\n<meta name=\"twitter:label1\" content=\"Written by\" \/>\n\t<meta name=\"twitter:data1\" content=\"Zona Caral Administrador\" \/>\n\t<meta name=\"twitter:label2\" content=\"Est. reading time\" \/>\n\t<meta name=\"twitter:data2\" content=\"4 minutes\" \/>\n<script type=\"application\/ld+json\" class=\"yoast-schema-graph\">{\"@context\":\"https:\\\/\\\/schema.org\",\"@graph\":[{\"@type\":\"Article\",\"@id\":\"https:\\\/\\\/zonacaral.gob.pe\\\/es\\\/noticias\\\/agenda-caral-octubre-el-mes-de-la-ciudad-sagrada-de-caral-supe-patrimonio-mundial\\\/#article\",\"isPartOf\":{\"@id\":\"https:\\\/\\\/zonacaral.gob.pe\\\/es\\\/noticias\\\/agenda-caral-octubre-el-mes-de-la-ciudad-sagrada-de-caral-supe-patrimonio-mundial\\\/\"},\"author\":{\"name\":\"Zona Caral Administrador\",\"@id\":\"https:\\\/\\\/zonacaral.gob.pe\\\/es\\\/#\\\/schema\\\/person\\\/beddb4d22f71a7230c5b90913270a0ee\"},\"headline\":\"AGENDA CARAL: octubre, el mes de la Ciudad Sagrada de Caral-Supe. Patrimonio Mundial\",\"datePublished\":\"2025-10-03T22:04:29+00:00\",\"mainEntityOfPage\":{\"@id\":\"https:\\\/\\\/zonacaral.gob.pe\\\/es\\\/noticias\\\/agenda-caral-octubre-el-mes-de-la-ciudad-sagrada-de-caral-supe-patrimonio-mundial\\\/\"},\"wordCount\":715,\"image\":{\"@id\":\"https:\\\/\\\/zonacaral.gob.pe\\\/es\\\/noticias\\\/agenda-caral-octubre-el-mes-de-la-ciudad-sagrada-de-caral-supe-patrimonio-mundial\\\/#primaryimage\"},\"thumbnailUrl\":\"https:\\\/\\\/zonacaral.gob.pe\\\/wp-content\\\/uploads\\\/2025\\\/10\\\/ag1.jpg\",\"keywords\":[\"caral\",\"Cultura\"],\"articleSection\":[\"noticias\"],\"inLanguage\":\"en-US\"},{\"@type\":\"WebPage\",\"@id\":\"https:\\\/\\\/zonacaral.gob.pe\\\/es\\\/noticias\\\/agenda-caral-octubre-el-mes-de-la-ciudad-sagrada-de-caral-supe-patrimonio-mundial\\\/\",\"url\":\"https:\\\/\\\/zonacaral.gob.pe\\\/es\\\/noticias\\\/agenda-caral-octubre-el-mes-de-la-ciudad-sagrada-de-caral-supe-patrimonio-mundial\\\/\",\"name\":\"AGENDA CARAL: octubre, el mes de la Ciudad Sagrada de Caral-Supe. Patrimonio Mundial\",\"isPartOf\":{\"@id\":\"https:\\\/\\\/zonacaral.gob.pe\\\/es\\\/#website\"},\"primaryImageOfPage\":{\"@id\":\"https:\\\/\\\/zonacaral.gob.pe\\\/es\\\/noticias\\\/agenda-caral-octubre-el-mes-de-la-ciudad-sagrada-de-caral-supe-patrimonio-mundial\\\/#primaryimage\"},\"image\":{\"@id\":\"https:\\\/\\\/zonacaral.gob.pe\\\/es\\\/noticias\\\/agenda-caral-octubre-el-mes-de-la-ciudad-sagrada-de-caral-supe-patrimonio-mundial\\\/#primaryimage\"},\"thumbnailUrl\":\"https:\\\/\\\/zonacaral.gob.pe\\\/wp-content\\\/uploads\\\/2025\\\/10\\\/ag1.jpg\",\"datePublished\":\"2025-10-03T22:04:29+00:00\",\"author\":{\"@id\":\"https:\\\/\\\/zonacaral.gob.pe\\\/es\\\/#\\\/schema\\\/person\\\/beddb4d22f71a7230c5b90913270a0ee\"},\"description\":\"Hace 31 a\u00f1os iniciaron los trabajos de investigaci\u00f3n, conservaci\u00f3n y difusi\u00f3n de la Ciudad Sagrada de Caral-Supe, Patrimonio Mundial, liderados por la doctora Ruth Shady Sol\u00eds, directora de la Zona Arqueol\u00f3gica Caral (ZAC), Unidad Ejecutora 003 del Ministerio de Cultura, quien lleg\u00f3 al valle de Supe a cambiar la historia del desarrollo cultural del Per\u00fa, de Am\u00e9rica y del mundo.\",\"breadcrumb\":{\"@id\":\"https:\\\/\\\/zonacaral.gob.pe\\\/es\\\/noticias\\\/agenda-caral-octubre-el-mes-de-la-ciudad-sagrada-de-caral-supe-patrimonio-mundial\\\/#breadcrumb\"},\"inLanguage\":\"en-US\",\"potentialAction\":[{\"@type\":\"ReadAction\",\"target\":[\"https:\\\/\\\/zonacaral.gob.pe\\\/es\\\/noticias\\\/agenda-caral-octubre-el-mes-de-la-ciudad-sagrada-de-caral-supe-patrimonio-mundial\\\/\"]}]},{\"@type\":\"ImageObject\",\"inLanguage\":\"en-US\",\"@id\":\"https:\\\/\\\/zonacaral.gob.pe\\\/es\\\/noticias\\\/agenda-caral-octubre-el-mes-de-la-ciudad-sagrada-de-caral-supe-patrimonio-mundial\\\/#primaryimage\",\"url\":\"https:\\\/\\\/zonacaral.gob.pe\\\/wp-content\\\/uploads\\\/2025\\\/10\\\/ag1.jpg\",\"contentUrl\":\"https:\\\/\\\/zonacaral.gob.pe\\\/wp-content\\\/uploads\\\/2025\\\/10\\\/ag1.jpg\",\"width\":1920,\"height\":1080},{\"@type\":\"BreadcrumbList\",\"@id\":\"https:\\\/\\\/zonacaral.gob.pe\\\/es\\\/noticias\\\/agenda-caral-octubre-el-mes-de-la-ciudad-sagrada-de-caral-supe-patrimonio-mundial\\\/#breadcrumb\",\"itemListElement\":[{\"@type\":\"ListItem\",\"position\":1,\"name\":\"Portada\",\"item\":\"https:\\\/\\\/zonacaral.gob.pe\\\/\"},{\"@type\":\"ListItem\",\"position\":2,\"name\":\"AGENDA CARAL: octubre, el mes de la Ciudad Sagrada de Caral-Supe. Patrimonio Mundial\"}]},{\"@type\":\"WebSite\",\"@id\":\"https:\\\/\\\/zonacaral.gob.pe\\\/es\\\/#website\",\"url\":\"https:\\\/\\\/zonacaral.gob.pe\\\/es\\\/\",\"name\":\"Zona Caral\",\"description\":\"Investigamos, conservamos y difundimos el patrimonio cultural de la Civilizaci\u00f3n Caral, la m\u00e1s antigua de Am\u00e9rica.\",\"potentialAction\":[{\"@type\":\"SearchAction\",\"target\":{\"@type\":\"EntryPoint\",\"urlTemplate\":\"https:\\\/\\\/zonacaral.gob.pe\\\/es\\\/?s={search_term_string}\"},\"query-input\":{\"@type\":\"PropertyValueSpecification\",\"valueRequired\":true,\"valueName\":\"search_term_string\"}}],\"inLanguage\":\"en-US\"},{\"@type\":\"Person\",\"@id\":\"https:\\\/\\\/zonacaral.gob.pe\\\/es\\\/#\\\/schema\\\/person\\\/beddb4d22f71a7230c5b90913270a0ee\",\"name\":\"Zona Caral Administrador\",\"image\":{\"@type\":\"ImageObject\",\"inLanguage\":\"en-US\",\"@id\":\"https:\\\/\\\/secure.gravatar.com\\\/avatar\\\/e4be162918a696358376de6446614e0f0f4062bdc5d170d6d540ada3d8b58c12?s=96&d=mm&r=g\",\"url\":\"https:\\\/\\\/secure.gravatar.com\\\/avatar\\\/e4be162918a696358376de6446614e0f0f4062bdc5d170d6d540ada3d8b58c12?s=96&d=mm&r=g\",\"contentUrl\":\"https:\\\/\\\/secure.gravatar.com\\\/avatar\\\/e4be162918a696358376de6446614e0f0f4062bdc5d170d6d540ada3d8b58c12?s=96&d=mm&r=g\",\"caption\":\"Zona Caral Administrador\"},\"sameAs\":[\"https:\\\/\\\/zonacaral.gob.pe\"],\"url\":\"https:\\\/\\\/zonacaral.gob.pe\\\/en\\\/noticias\\\/author\\\/ad_zonacaral\\\/\"}]}<\/script>\n<!-- \/ Yoast SEO plugin. -->","yoast_head_json":{"title":"AGENDA CARAL: octubre, el mes de la Ciudad Sagrada de Caral-Supe. Patrimonio Mundial","description":"Hace 31 a\u00f1os iniciaron los trabajos de investigaci\u00f3n, conservaci\u00f3n y difusi\u00f3n de la Ciudad Sagrada de Caral-Supe, Patrimonio Mundial, liderados por la doctora Ruth Shady Sol\u00eds, directora de la Zona Arqueol\u00f3gica Caral (ZAC), Unidad Ejecutora 003 del Ministerio de Cultura, quien lleg\u00f3 al valle de Supe a cambiar la historia del desarrollo cultural del Per\u00fa, de Am\u00e9rica y del mundo.","robots":{"index":"index","follow":"follow","max-snippet":"max-snippet:-1","max-image-preview":"max-image-preview:large","max-video-preview":"max-video-preview:-1"},"canonical":"https:\/\/zonacaral.gob.pe\/en\/noticias\/agenda-caral-octubre-el-mes-de-la-ciudad-sagrada-de-caral-supe-patrimonio-mundial\/","og_locale":"en_US","og_type":"article","og_title":"AGENDA CARAL: octubre, el mes de la Ciudad Sagrada de Caral-Supe. Patrimonio Mundial","og_description":"Hace 31 a\u00f1os iniciaron los trabajos de investigaci\u00f3n, conservaci\u00f3n y difusi\u00f3n de la Ciudad Sagrada de Caral-Supe, Patrimonio Mundial, liderados por la doctora Ruth Shady Sol\u00eds, directora de la Zona Arqueol\u00f3gica Caral (ZAC), Unidad Ejecutora 003 del Ministerio de Cultura, quien lleg\u00f3 al valle de Supe a cambiar la historia del desarrollo cultural del Per\u00fa, de Am\u00e9rica y del mundo.","og_url":"https:\/\/zonacaral.gob.pe\/en\/noticias\/agenda-caral-octubre-el-mes-de-la-ciudad-sagrada-de-caral-supe-patrimonio-mundial\/","og_site_name":"Zona Caral","article_published_time":"2025-10-03T22:04:29+00:00","og_image":[{"width":1920,"height":1080,"url":"https:\/\/zonacaral.gob.pe\/wp-content\/uploads\/2025\/10\/ag1.jpg","type":"image\/jpeg"}],"author":"Zona Caral Administrador","twitter_card":"summary_large_image","twitter_misc":{"Written by":"Zona Caral Administrador","Est. reading time":"4 minutes"},"schema":{"@context":"https:\/\/schema.org","@graph":[{"@type":"Article","@id":"https:\/\/zonacaral.gob.pe\/es\/noticias\/agenda-caral-octubre-el-mes-de-la-ciudad-sagrada-de-caral-supe-patrimonio-mundial\/#article","isPartOf":{"@id":"https:\/\/zonacaral.gob.pe\/es\/noticias\/agenda-caral-octubre-el-mes-de-la-ciudad-sagrada-de-caral-supe-patrimonio-mundial\/"},"author":{"name":"Zona Caral Administrador","@id":"https:\/\/zonacaral.gob.pe\/es\/#\/schema\/person\/beddb4d22f71a7230c5b90913270a0ee"},"headline":"AGENDA CARAL: octubre, el mes de la Ciudad Sagrada de Caral-Supe. Patrimonio Mundial","datePublished":"2025-10-03T22:04:29+00:00","mainEntityOfPage":{"@id":"https:\/\/zonacaral.gob.pe\/es\/noticias\/agenda-caral-octubre-el-mes-de-la-ciudad-sagrada-de-caral-supe-patrimonio-mundial\/"},"wordCount":715,"image":{"@id":"https:\/\/zonacaral.gob.pe\/es\/noticias\/agenda-caral-octubre-el-mes-de-la-ciudad-sagrada-de-caral-supe-patrimonio-mundial\/#primaryimage"},"thumbnailUrl":"https:\/\/zonacaral.gob.pe\/wp-content\/uploads\/2025\/10\/ag1.jpg","keywords":["caral","Cultura"],"articleSection":["noticias"],"inLanguage":"en-US"},{"@type":"WebPage","@id":"https:\/\/zonacaral.gob.pe\/es\/noticias\/agenda-caral-octubre-el-mes-de-la-ciudad-sagrada-de-caral-supe-patrimonio-mundial\/","url":"https:\/\/zonacaral.gob.pe\/es\/noticias\/agenda-caral-octubre-el-mes-de-la-ciudad-sagrada-de-caral-supe-patrimonio-mundial\/","name":"AGENDA CARAL: octubre, el mes de la Ciudad Sagrada de Caral-Supe. Patrimonio Mundial","isPartOf":{"@id":"https:\/\/zonacaral.gob.pe\/es\/#website"},"primaryImageOfPage":{"@id":"https:\/\/zonacaral.gob.pe\/es\/noticias\/agenda-caral-octubre-el-mes-de-la-ciudad-sagrada-de-caral-supe-patrimonio-mundial\/#primaryimage"},"image":{"@id":"https:\/\/zonacaral.gob.pe\/es\/noticias\/agenda-caral-octubre-el-mes-de-la-ciudad-sagrada-de-caral-supe-patrimonio-mundial\/#primaryimage"},"thumbnailUrl":"https:\/\/zonacaral.gob.pe\/wp-content\/uploads\/2025\/10\/ag1.jpg","datePublished":"2025-10-03T22:04:29+00:00","author":{"@id":"https:\/\/zonacaral.gob.pe\/es\/#\/schema\/person\/beddb4d22f71a7230c5b90913270a0ee"},"description":"Hace 31 a\u00f1os iniciaron los trabajos de investigaci\u00f3n, conservaci\u00f3n y difusi\u00f3n de la Ciudad Sagrada de Caral-Supe, Patrimonio Mundial, liderados por la doctora Ruth Shady Sol\u00eds, directora de la Zona Arqueol\u00f3gica Caral (ZAC), Unidad Ejecutora 003 del Ministerio de Cultura, quien lleg\u00f3 al valle de Supe a cambiar la historia del desarrollo cultural del Per\u00fa, de Am\u00e9rica y del mundo.","breadcrumb":{"@id":"https:\/\/zonacaral.gob.pe\/es\/noticias\/agenda-caral-octubre-el-mes-de-la-ciudad-sagrada-de-caral-supe-patrimonio-mundial\/#breadcrumb"},"inLanguage":"en-US","potentialAction":[{"@type":"ReadAction","target":["https:\/\/zonacaral.gob.pe\/es\/noticias\/agenda-caral-octubre-el-mes-de-la-ciudad-sagrada-de-caral-supe-patrimonio-mundial\/"]}]},{"@type":"ImageObject","inLanguage":"en-US","@id":"https:\/\/zonacaral.gob.pe\/es\/noticias\/agenda-caral-octubre-el-mes-de-la-ciudad-sagrada-de-caral-supe-patrimonio-mundial\/#primaryimage","url":"https:\/\/zonacaral.gob.pe\/wp-content\/uploads\/2025\/10\/ag1.jpg","contentUrl":"https:\/\/zonacaral.gob.pe\/wp-content\/uploads\/2025\/10\/ag1.jpg","width":1920,"height":1080},{"@type":"BreadcrumbList","@id":"https:\/\/zonacaral.gob.pe\/es\/noticias\/agenda-caral-octubre-el-mes-de-la-ciudad-sagrada-de-caral-supe-patrimonio-mundial\/#breadcrumb","itemListElement":[{"@type":"ListItem","position":1,"name":"Portada","item":"https:\/\/zonacaral.gob.pe\/"},{"@type":"ListItem","position":2,"name":"AGENDA CARAL: octubre, el mes de la Ciudad Sagrada de Caral-Supe. Patrimonio Mundial"}]},{"@type":"WebSite","@id":"https:\/\/zonacaral.gob.pe\/es\/#website","url":"https:\/\/zonacaral.gob.pe\/es\/","name":"Zona Caral","description":"Investigamos, conservamos y difundimos el patrimonio cultural de la Civilizaci\u00f3n Caral, la m\u00e1s antigua de Am\u00e9rica.","potentialAction":[{"@type":"SearchAction","target":{"@type":"EntryPoint","urlTemplate":"https:\/\/zonacaral.gob.pe\/es\/?s={search_term_string}"},"query-input":{"@type":"PropertyValueSpecification","valueRequired":true,"valueName":"search_term_string"}}],"inLanguage":"en-US"},{"@type":"Person","@id":"https:\/\/zonacaral.gob.pe\/es\/#\/schema\/person\/beddb4d22f71a7230c5b90913270a0ee","name":"Zona Caral Administrador","image":{"@type":"ImageObject","inLanguage":"en-US","@id":"https:\/\/secure.gravatar.com\/avatar\/e4be162918a696358376de6446614e0f0f4062bdc5d170d6d540ada3d8b58c12?s=96&d=mm&r=g","url":"https:\/\/secure.gravatar.com\/avatar\/e4be162918a696358376de6446614e0f0f4062bdc5d170d6d540ada3d8b58c12?s=96&d=mm&r=g","contentUrl":"https:\/\/secure.gravatar.com\/avatar\/e4be162918a696358376de6446614e0f0f4062bdc5d170d6d540ada3d8b58c12?s=96&d=mm&r=g","caption":"Zona Caral Administrador"},"sameAs":["https:\/\/zonacaral.gob.pe"],"url":"https:\/\/zonacaral.gob.pe\/en\/noticias\/author\/ad_zonacaral\/"}]}},"_links":{"self":[{"href":"https:\/\/zonacaral.gob.pe\/en\/wp-json\/wp\/v2\/posts\/18616","targetHints":{"allow":["GET"]}}],"collection":[{"href":"https:\/\/zonacaral.gob.pe\/en\/wp-json\/wp\/v2\/posts"}],"about":[{"href":"https:\/\/zonacaral.gob.pe\/en\/wp-json\/wp\/v2\/types\/post"}],"author":[{"embeddable":true,"href":"https:\/\/zonacaral.gob.pe\/en\/wp-json\/wp\/v2\/users\/1"}],"replies":[{"embeddable":true,"href":"https:\/\/zonacaral.gob.pe\/en\/wp-json\/wp\/v2\/comments?post=18616"}],"version-history":[{"count":0,"href":"https:\/\/zonacaral.gob.pe\/en\/wp-json\/wp\/v2\/posts\/18616\/revisions"}],"wp:featuredmedia":[{"embeddable":true,"href":"https:\/\/zonacaral.gob.pe\/en\/wp-json\/wp\/v2\/media\/18618"}],"wp:attachment":[{"href":"https:\/\/zonacaral.gob.pe\/en\/wp-json\/wp\/v2\/media?parent=18616"}],"wp:term":[{"taxonomy":"category","embeddable":true,"href":"https:\/\/zonacaral.gob.pe\/en\/wp-json\/wp\/v2\/categories?post=18616"},{"taxonomy":"post_tag","embeddable":true,"href":"https:\/\/zonacaral.gob.pe\/en\/wp-json\/wp\/v2\/tags?post=18616"}],"curies":[{"name":"wp","href":"https:\/\/api.w.org\/{rel}","templated":true}]}}