{"id":18665,"date":"2025-11-10T13:45:11","date_gmt":"2025-11-10T18:45:11","guid":{"rendered":"https:\/\/www.zonacaral.gob.pe\/?p=18665"},"modified":"2025-11-10T13:45:11","modified_gmt":"2025-11-10T18:45:11","slug":"agenda-caral-de-noviembre-exposicion-viaje-ancestral-y-taller-familiar","status":"publish","type":"post","link":"https:\/\/zonacaral.gob.pe\/en\/noticias\/agenda-caral-de-noviembre-exposicion-viaje-ancestral-y-taller-familiar\/","title":{"rendered":"Agenda Caral de noviembre: exposici\u00f3n, viaje ancestral y taller familiar"},"content":{"rendered":"<figure class=\"pic-autor\" style=\"color: #4d4d4d; text-align: justify;\"><\/figure>\n<div class=\"gmail_default\" style=\"text-align: justify;\">\n<blockquote>\n<p><em><span style=\"font-weight: 400;\">Mantenemos viva la cultura.<\/span><\/em><\/p>\n<\/blockquote>\n<p><span style=\"font-weight: 400;\">Como cada mes, la <\/span><a href=\"https:\/\/www.instagram.com\/caralperu\/?hl=es\"><span style=\"font-weight: 400;\">Zona Arqueol\u00f3gica Caral<\/span><\/a><span style=\"font-weight: 400;\"> (ZAC), Unidad Ejecutora 003 del Ministerio de Cultura, desarrolla actividades culturales de relevancia local y nacional con el prop\u00f3sito de transmitir los conocimientos y valores de la Civilizaci\u00f3n Caral, trabajo de m\u00e1s de 30 a\u00f1os de investigaci\u00f3n, conservaci\u00f3n y puesta en valor del patrimonio cultural de la primera civilizaci\u00f3n de Am\u00e9rica.<\/span><\/p>\n<p><b>Exposici\u00f3n museogr\u00e1fica<\/b><\/p>\n<p><span style=\"font-weight: 400;\">La ZAC y el Museo Naval de la Marina de Guerra del Per\u00fa presentar\u00e1n la \u00faltima exposici\u00f3n museogr\u00e1fica del a\u00f1o titulada \u201cTecnolog\u00eda Pesquera y Seguridad Alimentaria. Herencia de la Civilizaci\u00f3n Caral\u201d, dedicada al desarrollo de la Civilizaci\u00f3n Caral. La muestra abordar\u00e1 los conocimientos e innovaciones tecnol\u00f3gicas aplicados a las actividades pesqueras, la obtenci\u00f3n de alimentos del mar y su complementariedad con los recursos del valle para garantizar una buena alimentaci\u00f3n.<\/span><\/p>\n<p><span style=\"font-weight: 400;\">La inauguraci\u00f3n se realizar\u00e1 el 20 de noviembre en el Museo Naval, ubicado en la Provincia Constitucional del Callao. La muestra permanecer\u00e1 abierta al p\u00fablico hasta el 8 de marzo del 2026.<\/span><\/p>\n<p><b>Viaje ancestral \u2013 Pe\u00f1ico iluminado<\/b><\/p>\n<p><span style=\"font-weight: 400;\">El programa Viajes Culturales de la ZAC ha preparado dos experiencias \u00fanicas para reconectarse con nuestras ra\u00edces milenarias y con la naturaleza.<\/span><\/p>\n<p><span style=\"font-weight: 400;\">El primer viaje se realizar\u00e1 el domingo 16, con destino a la Ciudad Sagrada de Caral y a Vichama, ciudad agropesquera, donde se explorar\u00e1 el inicio y legado de la civilizaci\u00f3n m\u00e1s antigua de Am\u00e9rica.<\/span><\/p>\n<p><span style=\"font-weight: 400;\">El segundo viaje, a realizarse el 22 y 23 de este mes, ofrecer\u00e1 una vivencia especial: el primer campamento en Pe\u00f1ico, ciudad de la integraci\u00f3n social, que se iluminar\u00e1 por \u00fanica ocasi\u00f3n para brindar a los visitantes una vista excepcional de este sitio arqueol\u00f3gico, reconocido por los medios de comunicaci\u00f3n como la \u201cJoya de Caral\u201d.<\/span><\/p>\n<p><span style=\"font-weight: 400;\">Informes e inscripciones al 955 881 340.<\/span><\/p>\n<p><b>Taller familiar<\/b><\/p>\n<p><span style=\"font-weight: 400;\">Para los ni\u00f1os, j\u00f3venes y adultos de la casa, la ZAC realizar\u00e1 el pen\u00faltimo Taller Familiar del a\u00f1o en la ciudad de Lima, un espacio para aprender de manera did\u00e1ctica sobre los valores y el desarrollo de la Civilizaci\u00f3n Caral, cuna de las culturas andinas.<\/span><\/p>\n<p><span style=\"font-weight: 400;\">El taller se llevar\u00e1 a cabo el viernes 28 de noviembre, en dos horarios: 10:30 a. m. y 3:30 p. m. M\u00e1s informaci\u00f3n al 955 881 340.<\/span><\/p>\n<p><strong style=\"font-size: inherit; text-align: justify;\">Fuente: Comunicaci\u00f3n e Imagen Institucional ZAC<\/strong><\/p>\n<\/div>\n<div style=\"color: #1f1f1f;\">\n<div style=\"color: #1f1f1f;\">\n<p style=\"text-align: justify;\">Fecha de publicaci\u00f3n: 10\/11\/2025<\/p>\n<\/div>\n<\/div>\n\n\n<p><\/p>\n\n\n\n<p><\/p>","protected":false},"excerpt":{"rendered":"<p>Mantenemos viva la cultura. Como cada mes, la Zona Arqueol\u00f3gica Caral (ZAC), Unidad Ejecutora 003 del Ministerio de Cultura, desarrolla [&hellip;]<\/p>\n","protected":false},"author":1,"featured_media":18666,"comment_status":"closed","ping_status":"open","sticky":false,"template":"","format":"standard","meta":{"_acf_changed":false,"site-sidebar-layout":"default","site-content-layout":"","ast-site-content-layout":"default","site-content-style":"default","site-sidebar-style":"default","ast-global-header-display":"","ast-banner-title-visibility":"","ast-main-header-display":"","ast-hfb-above-header-display":"","ast-hfb-below-header-display":"","ast-hfb-mobile-header-display":"","site-post-title":"","ast-breadcrumbs-content":"","ast-featured-img":"","footer-sml-layout":"","ast-disable-related-posts":"","theme-transparent-header-meta":"","adv-header-id-meta":"","stick-header-meta":"","header-above-stick-meta":"","header-main-stick-meta":"","header-below-stick-meta":"","astra-migrate-meta-layouts":"default","ast-page-background-enabled":"default","ast-page-background-meta":{"desktop":{"background-color":"var(--ast-global-color-5)","background-image":"","background-repeat":"repeat","background-position":"center center","background-size":"auto","background-attachment":"scroll","background-type":"","background-media":"","overlay-type":"","overlay-color":"","overlay-opacity":"","overlay-gradient":""},"tablet":{"background-color":"","background-image":"","background-repeat":"repeat","background-position":"center center","background-size":"auto","background-attachment":"scroll","background-type":"","background-media":"","overlay-type":"","overlay-color":"","overlay-opacity":"","overlay-gradient":""},"mobile":{"background-color":"","background-image":"","background-repeat":"repeat","background-position":"center center","background-size":"auto","background-attachment":"scroll","background-type":"","background-media":"","overlay-type":"","overlay-color":"","overlay-opacity":"","overlay-gradient":""}},"ast-content-background-meta":{"desktop":{"background-color":"var(--ast-global-color-4)","background-image":"","background-repeat":"repeat","background-position":"center center","background-size":"auto","background-attachment":"scroll","background-type":"","background-media":"","overlay-type":"","overlay-color":"","overlay-opacity":"","overlay-gradient":""},"tablet":{"background-color":"var(--ast-global-color-4)","background-image":"","background-repeat":"repeat","background-position":"center center","background-size":"auto","background-attachment":"scroll","background-type":"","background-media":"","overlay-type":"","overlay-color":"","overlay-opacity":"","overlay-gradient":""},"mobile":{"background-color":"var(--ast-global-color-4)","background-image":"","background-repeat":"repeat","background-position":"center center","background-size":"auto","background-attachment":"scroll","background-type":"","background-media":"","overlay-type":"","overlay-color":"","overlay-opacity":"","overlay-gradient":""}},"footnotes":""},"categories":[208],"tags":[55,72],"class_list":["post-18665","post","type-post","status-publish","format-standard","has-post-thumbnail","hentry","category-noticias","tag-caral","tag-cultura"],"acf":[],"yoast_head":"<!-- This site is optimized with the Yoast SEO plugin v27.3 - https:\/\/yoast.com\/product\/yoast-seo-wordpress\/ -->\n<title>Agenda Caral de noviembre: exposici\u00f3n, viaje ancestral y taller familiar<\/title>\n<meta name=\"description\" content=\"Como cada mes, la Zona Arqueol\u00f3gica Caral (ZAC), Unidad Ejecutora 003 del Ministerio de Cultura, desarrolla actividades culturales de relevancia local y nacional con el prop\u00f3sito de transmitir los conocimientos y valores de la Civilizaci\u00f3n Caral, trabajo de m\u00e1s de 30 a\u00f1os de investigaci\u00f3n, conservaci\u00f3n y puesta en valor del patrimonio cultural de la primera civilizaci\u00f3n de Am\u00e9rica.\" \/>\n<meta name=\"robots\" content=\"index, follow, max-snippet:-1, max-image-preview:large, max-video-preview:-1\" \/>\n<link rel=\"canonical\" href=\"https:\/\/zonacaral.gob.pe\/en\/noticias\/agenda-caral-de-noviembre-exposicion-viaje-ancestral-y-taller-familiar\/\" \/>\n<meta property=\"og:locale\" content=\"en_US\" \/>\n<meta property=\"og:type\" content=\"article\" \/>\n<meta property=\"og:title\" content=\"Agenda Caral de noviembre: exposici\u00f3n, viaje ancestral y taller familiar\" \/>\n<meta property=\"og:description\" content=\"Como cada mes, la Zona Arqueol\u00f3gica Caral (ZAC), Unidad Ejecutora 003 del Ministerio de Cultura, desarrolla actividades culturales de relevancia local y nacional con el prop\u00f3sito de transmitir los conocimientos y valores de la Civilizaci\u00f3n Caral, trabajo de m\u00e1s de 30 a\u00f1os de investigaci\u00f3n, conservaci\u00f3n y puesta en valor del patrimonio cultural de la primera civilizaci\u00f3n de Am\u00e9rica.\" \/>\n<meta property=\"og:url\" content=\"https:\/\/zonacaral.gob.pe\/en\/noticias\/agenda-caral-de-noviembre-exposicion-viaje-ancestral-y-taller-familiar\/\" \/>\n<meta property=\"og:site_name\" content=\"Zona Caral\" \/>\n<meta property=\"article:published_time\" content=\"2025-11-10T18:45:11+00:00\" \/>\n<meta property=\"og:image\" content=\"https:\/\/zonacaral.gob.pe\/wp-content\/uploads\/2025\/11\/ag1.jpg\" \/>\n\t<meta property=\"og:image:width\" content=\"1920\" \/>\n\t<meta property=\"og:image:height\" content=\"1080\" \/>\n\t<meta property=\"og:image:type\" content=\"image\/jpeg\" \/>\n<meta name=\"author\" content=\"Zona Caral Administrador\" \/>\n<meta name=\"twitter:card\" content=\"summary_large_image\" \/>\n<meta name=\"twitter:label1\" content=\"Written by\" \/>\n\t<meta name=\"twitter:data1\" content=\"Zona Caral Administrador\" \/>\n\t<meta name=\"twitter:label2\" content=\"Est. reading time\" \/>\n\t<meta name=\"twitter:data2\" content=\"2 minutes\" \/>\n<script type=\"application\/ld+json\" class=\"yoast-schema-graph\">{\"@context\":\"https:\\\/\\\/schema.org\",\"@graph\":[{\"@type\":\"Article\",\"@id\":\"https:\\\/\\\/zonacaral.gob.pe\\\/es\\\/noticias\\\/agenda-caral-de-noviembre-exposicion-viaje-ancestral-y-taller-familiar\\\/#article\",\"isPartOf\":{\"@id\":\"https:\\\/\\\/zonacaral.gob.pe\\\/es\\\/noticias\\\/agenda-caral-de-noviembre-exposicion-viaje-ancestral-y-taller-familiar\\\/\"},\"author\":{\"name\":\"Zona Caral Administrador\",\"@id\":\"https:\\\/\\\/zonacaral.gob.pe\\\/es\\\/#\\\/schema\\\/person\\\/beddb4d22f71a7230c5b90913270a0ee\"},\"headline\":\"Agenda Caral de noviembre: exposici\u00f3n, viaje ancestral y taller familiar\",\"datePublished\":\"2025-11-10T18:45:11+00:00\",\"mainEntityOfPage\":{\"@id\":\"https:\\\/\\\/zonacaral.gob.pe\\\/es\\\/noticias\\\/agenda-caral-de-noviembre-exposicion-viaje-ancestral-y-taller-familiar\\\/\"},\"wordCount\":409,\"image\":{\"@id\":\"https:\\\/\\\/zonacaral.gob.pe\\\/es\\\/noticias\\\/agenda-caral-de-noviembre-exposicion-viaje-ancestral-y-taller-familiar\\\/#primaryimage\"},\"thumbnailUrl\":\"https:\\\/\\\/zonacaral.gob.pe\\\/wp-content\\\/uploads\\\/2025\\\/11\\\/ag1.jpg\",\"keywords\":[\"caral\",\"Cultura\"],\"articleSection\":[\"noticias\"],\"inLanguage\":\"en-US\"},{\"@type\":\"WebPage\",\"@id\":\"https:\\\/\\\/zonacaral.gob.pe\\\/es\\\/noticias\\\/agenda-caral-de-noviembre-exposicion-viaje-ancestral-y-taller-familiar\\\/\",\"url\":\"https:\\\/\\\/zonacaral.gob.pe\\\/es\\\/noticias\\\/agenda-caral-de-noviembre-exposicion-viaje-ancestral-y-taller-familiar\\\/\",\"name\":\"Agenda Caral de noviembre: exposici\u00f3n, viaje ancestral y taller familiar\",\"isPartOf\":{\"@id\":\"https:\\\/\\\/zonacaral.gob.pe\\\/es\\\/#website\"},\"primaryImageOfPage\":{\"@id\":\"https:\\\/\\\/zonacaral.gob.pe\\\/es\\\/noticias\\\/agenda-caral-de-noviembre-exposicion-viaje-ancestral-y-taller-familiar\\\/#primaryimage\"},\"image\":{\"@id\":\"https:\\\/\\\/zonacaral.gob.pe\\\/es\\\/noticias\\\/agenda-caral-de-noviembre-exposicion-viaje-ancestral-y-taller-familiar\\\/#primaryimage\"},\"thumbnailUrl\":\"https:\\\/\\\/zonacaral.gob.pe\\\/wp-content\\\/uploads\\\/2025\\\/11\\\/ag1.jpg\",\"datePublished\":\"2025-11-10T18:45:11+00:00\",\"author\":{\"@id\":\"https:\\\/\\\/zonacaral.gob.pe\\\/es\\\/#\\\/schema\\\/person\\\/beddb4d22f71a7230c5b90913270a0ee\"},\"description\":\"Como cada mes, la Zona Arqueol\u00f3gica Caral (ZAC), Unidad Ejecutora 003 del Ministerio de Cultura, desarrolla actividades culturales de relevancia local y nacional con el prop\u00f3sito de transmitir los conocimientos y valores de la Civilizaci\u00f3n Caral, trabajo de m\u00e1s de 30 a\u00f1os de investigaci\u00f3n, conservaci\u00f3n y puesta en valor del patrimonio cultural de la primera civilizaci\u00f3n de Am\u00e9rica.\",\"breadcrumb\":{\"@id\":\"https:\\\/\\\/zonacaral.gob.pe\\\/es\\\/noticias\\\/agenda-caral-de-noviembre-exposicion-viaje-ancestral-y-taller-familiar\\\/#breadcrumb\"},\"inLanguage\":\"en-US\",\"potentialAction\":[{\"@type\":\"ReadAction\",\"target\":[\"https:\\\/\\\/zonacaral.gob.pe\\\/es\\\/noticias\\\/agenda-caral-de-noviembre-exposicion-viaje-ancestral-y-taller-familiar\\\/\"]}]},{\"@type\":\"ImageObject\",\"inLanguage\":\"en-US\",\"@id\":\"https:\\\/\\\/zonacaral.gob.pe\\\/es\\\/noticias\\\/agenda-caral-de-noviembre-exposicion-viaje-ancestral-y-taller-familiar\\\/#primaryimage\",\"url\":\"https:\\\/\\\/zonacaral.gob.pe\\\/wp-content\\\/uploads\\\/2025\\\/11\\\/ag1.jpg\",\"contentUrl\":\"https:\\\/\\\/zonacaral.gob.pe\\\/wp-content\\\/uploads\\\/2025\\\/11\\\/ag1.jpg\",\"width\":1920,\"height\":1080},{\"@type\":\"BreadcrumbList\",\"@id\":\"https:\\\/\\\/zonacaral.gob.pe\\\/es\\\/noticias\\\/agenda-caral-de-noviembre-exposicion-viaje-ancestral-y-taller-familiar\\\/#breadcrumb\",\"itemListElement\":[{\"@type\":\"ListItem\",\"position\":1,\"name\":\"Portada\",\"item\":\"https:\\\/\\\/zonacaral.gob.pe\\\/\"},{\"@type\":\"ListItem\",\"position\":2,\"name\":\"Agenda Caral de noviembre: exposici\u00f3n, viaje ancestral y taller familiar\"}]},{\"@type\":\"WebSite\",\"@id\":\"https:\\\/\\\/zonacaral.gob.pe\\\/es\\\/#website\",\"url\":\"https:\\\/\\\/zonacaral.gob.pe\\\/es\\\/\",\"name\":\"Zona Caral\",\"description\":\"Investigamos, conservamos y difundimos el patrimonio cultural de la Civilizaci\u00f3n Caral, la m\u00e1s antigua de Am\u00e9rica.\",\"potentialAction\":[{\"@type\":\"SearchAction\",\"target\":{\"@type\":\"EntryPoint\",\"urlTemplate\":\"https:\\\/\\\/zonacaral.gob.pe\\\/es\\\/?s={search_term_string}\"},\"query-input\":{\"@type\":\"PropertyValueSpecification\",\"valueRequired\":true,\"valueName\":\"search_term_string\"}}],\"inLanguage\":\"en-US\"},{\"@type\":\"Person\",\"@id\":\"https:\\\/\\\/zonacaral.gob.pe\\\/es\\\/#\\\/schema\\\/person\\\/beddb4d22f71a7230c5b90913270a0ee\",\"name\":\"Zona Caral Administrador\",\"image\":{\"@type\":\"ImageObject\",\"inLanguage\":\"en-US\",\"@id\":\"https:\\\/\\\/secure.gravatar.com\\\/avatar\\\/e4be162918a696358376de6446614e0f0f4062bdc5d170d6d540ada3d8b58c12?s=96&d=mm&r=g\",\"url\":\"https:\\\/\\\/secure.gravatar.com\\\/avatar\\\/e4be162918a696358376de6446614e0f0f4062bdc5d170d6d540ada3d8b58c12?s=96&d=mm&r=g\",\"contentUrl\":\"https:\\\/\\\/secure.gravatar.com\\\/avatar\\\/e4be162918a696358376de6446614e0f0f4062bdc5d170d6d540ada3d8b58c12?s=96&d=mm&r=g\",\"caption\":\"Zona Caral Administrador\"},\"sameAs\":[\"https:\\\/\\\/zonacaral.gob.pe\"],\"url\":\"https:\\\/\\\/zonacaral.gob.pe\\\/en\\\/noticias\\\/author\\\/ad_zonacaral\\\/\"}]}<\/script>\n<!-- \/ Yoast SEO plugin. -->","yoast_head_json":{"title":"Agenda Caral de noviembre: exposici\u00f3n, viaje ancestral y taller familiar","description":"Como cada mes, la Zona Arqueol\u00f3gica Caral (ZAC), Unidad Ejecutora 003 del Ministerio de Cultura, desarrolla actividades culturales de relevancia local y nacional con el prop\u00f3sito de transmitir los conocimientos y valores de la Civilizaci\u00f3n Caral, trabajo de m\u00e1s de 30 a\u00f1os de investigaci\u00f3n, conservaci\u00f3n y puesta en valor del patrimonio cultural de la primera civilizaci\u00f3n de Am\u00e9rica.","robots":{"index":"index","follow":"follow","max-snippet":"max-snippet:-1","max-image-preview":"max-image-preview:large","max-video-preview":"max-video-preview:-1"},"canonical":"https:\/\/zonacaral.gob.pe\/en\/noticias\/agenda-caral-de-noviembre-exposicion-viaje-ancestral-y-taller-familiar\/","og_locale":"en_US","og_type":"article","og_title":"Agenda Caral de noviembre: exposici\u00f3n, viaje ancestral y taller familiar","og_description":"Como cada mes, la Zona Arqueol\u00f3gica Caral (ZAC), Unidad Ejecutora 003 del Ministerio de Cultura, desarrolla actividades culturales de relevancia local y nacional con el prop\u00f3sito de transmitir los conocimientos y valores de la Civilizaci\u00f3n Caral, trabajo de m\u00e1s de 30 a\u00f1os de investigaci\u00f3n, conservaci\u00f3n y puesta en valor del patrimonio cultural de la primera civilizaci\u00f3n de Am\u00e9rica.","og_url":"https:\/\/zonacaral.gob.pe\/en\/noticias\/agenda-caral-de-noviembre-exposicion-viaje-ancestral-y-taller-familiar\/","og_site_name":"Zona Caral","article_published_time":"2025-11-10T18:45:11+00:00","og_image":[{"width":1920,"height":1080,"url":"https:\/\/zonacaral.gob.pe\/wp-content\/uploads\/2025\/11\/ag1.jpg","type":"image\/jpeg"}],"author":"Zona Caral Administrador","twitter_card":"summary_large_image","twitter_misc":{"Written by":"Zona Caral Administrador","Est. reading time":"2 minutes"},"schema":{"@context":"https:\/\/schema.org","@graph":[{"@type":"Article","@id":"https:\/\/zonacaral.gob.pe\/es\/noticias\/agenda-caral-de-noviembre-exposicion-viaje-ancestral-y-taller-familiar\/#article","isPartOf":{"@id":"https:\/\/zonacaral.gob.pe\/es\/noticias\/agenda-caral-de-noviembre-exposicion-viaje-ancestral-y-taller-familiar\/"},"author":{"name":"Zona Caral Administrador","@id":"https:\/\/zonacaral.gob.pe\/es\/#\/schema\/person\/beddb4d22f71a7230c5b90913270a0ee"},"headline":"Agenda Caral de noviembre: exposici\u00f3n, viaje ancestral y taller familiar","datePublished":"2025-11-10T18:45:11+00:00","mainEntityOfPage":{"@id":"https:\/\/zonacaral.gob.pe\/es\/noticias\/agenda-caral-de-noviembre-exposicion-viaje-ancestral-y-taller-familiar\/"},"wordCount":409,"image":{"@id":"https:\/\/zonacaral.gob.pe\/es\/noticias\/agenda-caral-de-noviembre-exposicion-viaje-ancestral-y-taller-familiar\/#primaryimage"},"thumbnailUrl":"https:\/\/zonacaral.gob.pe\/wp-content\/uploads\/2025\/11\/ag1.jpg","keywords":["caral","Cultura"],"articleSection":["noticias"],"inLanguage":"en-US"},{"@type":"WebPage","@id":"https:\/\/zonacaral.gob.pe\/es\/noticias\/agenda-caral-de-noviembre-exposicion-viaje-ancestral-y-taller-familiar\/","url":"https:\/\/zonacaral.gob.pe\/es\/noticias\/agenda-caral-de-noviembre-exposicion-viaje-ancestral-y-taller-familiar\/","name":"Agenda Caral de noviembre: exposici\u00f3n, viaje ancestral y taller familiar","isPartOf":{"@id":"https:\/\/zonacaral.gob.pe\/es\/#website"},"primaryImageOfPage":{"@id":"https:\/\/zonacaral.gob.pe\/es\/noticias\/agenda-caral-de-noviembre-exposicion-viaje-ancestral-y-taller-familiar\/#primaryimage"},"image":{"@id":"https:\/\/zonacaral.gob.pe\/es\/noticias\/agenda-caral-de-noviembre-exposicion-viaje-ancestral-y-taller-familiar\/#primaryimage"},"thumbnailUrl":"https:\/\/zonacaral.gob.pe\/wp-content\/uploads\/2025\/11\/ag1.jpg","datePublished":"2025-11-10T18:45:11+00:00","author":{"@id":"https:\/\/zonacaral.gob.pe\/es\/#\/schema\/person\/beddb4d22f71a7230c5b90913270a0ee"},"description":"Como cada mes, la Zona Arqueol\u00f3gica Caral (ZAC), Unidad Ejecutora 003 del Ministerio de Cultura, desarrolla actividades culturales de relevancia local y nacional con el prop\u00f3sito de transmitir los conocimientos y valores de la Civilizaci\u00f3n Caral, trabajo de m\u00e1s de 30 a\u00f1os de investigaci\u00f3n, conservaci\u00f3n y puesta en valor del patrimonio cultural de la primera civilizaci\u00f3n de Am\u00e9rica.","breadcrumb":{"@id":"https:\/\/zonacaral.gob.pe\/es\/noticias\/agenda-caral-de-noviembre-exposicion-viaje-ancestral-y-taller-familiar\/#breadcrumb"},"inLanguage":"en-US","potentialAction":[{"@type":"ReadAction","target":["https:\/\/zonacaral.gob.pe\/es\/noticias\/agenda-caral-de-noviembre-exposicion-viaje-ancestral-y-taller-familiar\/"]}]},{"@type":"ImageObject","inLanguage":"en-US","@id":"https:\/\/zonacaral.gob.pe\/es\/noticias\/agenda-caral-de-noviembre-exposicion-viaje-ancestral-y-taller-familiar\/#primaryimage","url":"https:\/\/zonacaral.gob.pe\/wp-content\/uploads\/2025\/11\/ag1.jpg","contentUrl":"https:\/\/zonacaral.gob.pe\/wp-content\/uploads\/2025\/11\/ag1.jpg","width":1920,"height":1080},{"@type":"BreadcrumbList","@id":"https:\/\/zonacaral.gob.pe\/es\/noticias\/agenda-caral-de-noviembre-exposicion-viaje-ancestral-y-taller-familiar\/#breadcrumb","itemListElement":[{"@type":"ListItem","position":1,"name":"Portada","item":"https:\/\/zonacaral.gob.pe\/"},{"@type":"ListItem","position":2,"name":"Agenda Caral de noviembre: exposici\u00f3n, viaje ancestral y taller familiar"}]},{"@type":"WebSite","@id":"https:\/\/zonacaral.gob.pe\/es\/#website","url":"https:\/\/zonacaral.gob.pe\/es\/","name":"Zona Caral","description":"Investigamos, conservamos y difundimos el patrimonio cultural de la Civilizaci\u00f3n Caral, la m\u00e1s antigua de Am\u00e9rica.","potentialAction":[{"@type":"SearchAction","target":{"@type":"EntryPoint","urlTemplate":"https:\/\/zonacaral.gob.pe\/es\/?s={search_term_string}"},"query-input":{"@type":"PropertyValueSpecification","valueRequired":true,"valueName":"search_term_string"}}],"inLanguage":"en-US"},{"@type":"Person","@id":"https:\/\/zonacaral.gob.pe\/es\/#\/schema\/person\/beddb4d22f71a7230c5b90913270a0ee","name":"Zona Caral Administrador","image":{"@type":"ImageObject","inLanguage":"en-US","@id":"https:\/\/secure.gravatar.com\/avatar\/e4be162918a696358376de6446614e0f0f4062bdc5d170d6d540ada3d8b58c12?s=96&d=mm&r=g","url":"https:\/\/secure.gravatar.com\/avatar\/e4be162918a696358376de6446614e0f0f4062bdc5d170d6d540ada3d8b58c12?s=96&d=mm&r=g","contentUrl":"https:\/\/secure.gravatar.com\/avatar\/e4be162918a696358376de6446614e0f0f4062bdc5d170d6d540ada3d8b58c12?s=96&d=mm&r=g","caption":"Zona Caral Administrador"},"sameAs":["https:\/\/zonacaral.gob.pe"],"url":"https:\/\/zonacaral.gob.pe\/en\/noticias\/author\/ad_zonacaral\/"}]}},"_links":{"self":[{"href":"https:\/\/zonacaral.gob.pe\/en\/wp-json\/wp\/v2\/posts\/18665","targetHints":{"allow":["GET"]}}],"collection":[{"href":"https:\/\/zonacaral.gob.pe\/en\/wp-json\/wp\/v2\/posts"}],"about":[{"href":"https:\/\/zonacaral.gob.pe\/en\/wp-json\/wp\/v2\/types\/post"}],"author":[{"embeddable":true,"href":"https:\/\/zonacaral.gob.pe\/en\/wp-json\/wp\/v2\/users\/1"}],"replies":[{"embeddable":true,"href":"https:\/\/zonacaral.gob.pe\/en\/wp-json\/wp\/v2\/comments?post=18665"}],"version-history":[{"count":0,"href":"https:\/\/zonacaral.gob.pe\/en\/wp-json\/wp\/v2\/posts\/18665\/revisions"}],"wp:featuredmedia":[{"embeddable":true,"href":"https:\/\/zonacaral.gob.pe\/en\/wp-json\/wp\/v2\/media\/18666"}],"wp:attachment":[{"href":"https:\/\/zonacaral.gob.pe\/en\/wp-json\/wp\/v2\/media?parent=18665"}],"wp:term":[{"taxonomy":"category","embeddable":true,"href":"https:\/\/zonacaral.gob.pe\/en\/wp-json\/wp\/v2\/categories?post=18665"},{"taxonomy":"post_tag","embeddable":true,"href":"https:\/\/zonacaral.gob.pe\/en\/wp-json\/wp\/v2\/tags?post=18665"}],"curies":[{"name":"wp","href":"https:\/\/api.w.org\/{rel}","templated":true}]}}