{"id":18703,"date":"2025-12-19T15:33:08","date_gmt":"2025-12-19T20:33:08","guid":{"rendered":"https:\/\/www.zonacaral.gob.pe\/?p=18703"},"modified":"2025-12-19T15:33:08","modified_gmt":"2025-12-19T20:33:08","slug":"doctora-ruth-shady-recibe-sentido-homenaje-de-grupo-de-ciencia-andina","status":"publish","type":"post","link":"https:\/\/zonacaral.gob.pe\/en\/noticias\/doctora-ruth-shady-recibe-sentido-homenaje-de-grupo-de-ciencia-andina\/","title":{"rendered":"Doctora Ruth Shady recibe sentido homenaje de grupo de Ciencia Andina"},"content":{"rendered":"<figure class=\"pic-autor\" style=\"color: #4d4d4d; text-align: justify;\"><\/figure>\n<div class=\"gmail_default\" style=\"text-align: justify;\">\n<blockquote>\n<p><em><span style=\"font-weight: 400;\">Por su aporte y profesionalismo.<\/span><\/em><\/p>\n<\/blockquote>\n<p><span style=\"font-weight: 400;\">La directora de la <\/span><a href=\"https:\/\/www.facebook.com\/CARALPERU\/\"><b>Zona Arqueol\u00f3gica Caral<\/b><\/a><span style=\"font-weight: 400;\">, Unidad Ejecutora 003 del Ministerio de Cultura, <\/span><a href=\"http:\/\/youtube.com\/watch?v=eCHc2v9-jzM\"><b>doctora Ruth Shady Sol\u00eds<\/b><\/a><span style=\"font-weight: 400;\">, fue homenajeada, el pasado mi\u00e9rcoles 10 de diciembre, por el grupo de profesionales que integran y participan en Ciencia Andina que se encuentra bajo la administraci\u00f3n de la Universidad del Pac\u00edfico.<\/span><\/p>\n<p><span style=\"font-weight: 400;\">En este reconocimiento participaron colegas y amigos, entre ellos las doctoras Maritza Velarde, Martha Martina y Sonia Calle; el doctor Crist\u00f3bal Aljov\u00edn; el arque\u00f3logo Pedro Novoa; el antrop\u00f3logo Carlos Leyva; el arque\u00f3logo Marco Machacuay; as\u00ed como estudiantes, como la arque\u00f3loga Gianella Pacheco. Durante el homenaje, compartieron an\u00e9cdotas y destacaron el profesionalismo, la vocaci\u00f3n y el valioso aporte de la doctora Shady a las investigaciones sobre la Civilizaci\u00f3n Caral.<\/span><\/p>\n<p><span style=\"font-weight: 400;\">Entre los elogios a su destacada trayectoria, resalt\u00f3 el testimonio de la historiadora Christine H\u00fcnefeldt, quien expres\u00f3: \u201cRuth, gracias por todo tu trabajo y esfuerzo. No hay palabras que hagan justicia a la magnitud de tu obra. Eres una visionaria que ha encauzado la investigaci\u00f3n, conservaci\u00f3n y difusi\u00f3n de valiosas ense\u00f1anzas, demostrando que la arqueolog\u00eda debe estar profundamente enraizada en una responsabilidad social y cultural\u201d.<\/span><\/p>\n<p><span style=\"font-weight: 400;\">Asimismo, el reconocido arque\u00f3logo Walter Alva subray\u00f3 el trabajo desarrollado por la doctora Shady desde sus investigaciones en diversos sitios arqueol\u00f3gicos como Pacopampa y Bagua: \u201cComentar sobre el legado de Ruth Shady al pa\u00eds es reconocer su contribuci\u00f3n a la defensa de nuestra herencia cultural, su dedicaci\u00f3n a la investigaci\u00f3n arqueol\u00f3gica y su compromiso con la formaci\u00f3n de nuevas generaciones de arque\u00f3logos\u201d.<\/span><\/p>\n<p><span style=\"font-weight: 400;\">Alva tambi\u00e9n destac\u00f3 que sus investigaciones permitieron identificar los centros ceremoniales de Pacopampa y ampliar la comprensi\u00f3n sobre la relaci\u00f3n entre los centros ceremoniales de Bagua y su estilo cer\u00e1mico. A\u00f1adi\u00f3 que su trabajo en Caral marc\u00f3 un hito en la historia de Am\u00e9rica y del mundo, al evidenciar una compleja organizaci\u00f3n social y territorial, basada en redes de intercambio que integraron la costa, la sierra y la selva. \u201cAgradecemos su valioso aporte a la reconstrucci\u00f3n de la historia del pa\u00eds y su firme labor en la protecci\u00f3n del patrimonio arqueol\u00f3gico\u201d, se\u00f1al\u00f3.<\/span><\/p>\n<p><span style=\"font-weight: 400;\">El homenaje cont\u00f3 tambi\u00e9n con la participaci\u00f3n de sus hijos, David y Hermilio Rosas Shady, quienes agradecieron el reconocimiento otorgado a su madre y resaltaron la labor que desarrolla desde hace m\u00e1s de 30 a\u00f1os en Caral. \u201cVi a mi mam\u00e1 trabajando incansablemente en el desierto, buscando evidencias arqueol\u00f3gicas; incluso enfrent\u00f3 situaciones de riesgo, pero nunca dej\u00f3 de sacar adelante su proyecto\u201d, record\u00f3 Hermilio.<\/span><\/p>\n<p><span style=\"font-weight: 400;\">Por su parte, David destac\u00f3 que el reconocimiento valora m\u00e1s de tres d\u00e9cadas de trabajo sostenido en Caral, el cual no solo impuls\u00f3 el desarrollo del sitio arqueol\u00f3gico, sino tambi\u00e9n el de las poblaciones aleda\u00f1as, gracias a una visi\u00f3n integral e inclusiva.<\/span><\/p>\n<p><span style=\"font-weight: 400;\">Finalmente, la doctora Ruth Shady expres\u00f3 su alegr\u00eda y agradecimiento por el homenaje recibido de parte de sus colegas, amigos, familiares, estudiantes y de los profesionales que se re\u00fanen cada mi\u00e9rcoles en el espacio de di\u00e1logo <\/span><a href=\"https:\/\/visionarios.pe\/\"><b>Visionarios<\/b><\/a><span style=\"font-weight: 400;\"> de la Universidad del Pac\u00edfico, para participar en las conferencias sobre Ciencia Andina.<\/span><\/p>\n<p><a href=\"https:\/\/vimeo.com\/1145956717?fl=pl&amp;fe=sh\"><b>Haz clic aqu\u00ed<\/b><\/a><span style=\"font-weight: 400;\"> para ver el homenaje al legado profesional de la doctora Ruth Shady Sol\u00eds.<\/span><\/p>\n<p><i><span style=\"font-weight: 400;\">Puedes seguirnos en <\/span><\/i><a href=\"https:\/\/www.instagram.com\/caralperu\/?hl=es\"><i><span style=\"font-weight: 400;\">Instagram<\/span><\/i><\/a><i><span style=\"font-weight: 400;\">, <\/span><\/i><a href=\"https:\/\/www.tiktok.com\/@caral_peru?lang=es\"><i><span style=\"font-weight: 400;\">Tik Tok<\/span><\/i><\/a><i><span style=\"font-weight: 400;\">, <\/span><\/i><a href=\"https:\/\/www.facebook.com\/CARALPERU\/\"><i><span style=\"font-weight: 400;\">Facebook<\/span><\/i><\/a><i><span style=\"font-weight: 400;\">, <\/span><\/i><a href=\"https:\/\/x.com\/Peru_Caral\"><i><span style=\"font-weight: 400;\">X<\/span><\/i><\/a><i><span style=\"font-weight: 400;\">, <\/span><\/i><a href=\"https:\/\/www.youtube.com\/PeruCaral\"><i><span style=\"font-weight: 400;\">YouTube<\/span><\/i><\/a><i><span style=\"font-weight: 400;\"> y en nuestro canal de <\/span><\/i><a href=\"https:\/\/t.me\/Caral_Peru\"><i><span style=\"font-weight: 400;\">Telegram<\/span><\/i><\/a><i><span style=\"font-weight: 400;\">.<\/span><\/i><\/p>\n<p><strong style=\"font-size: inherit; text-align: justify;\">Fuente: Comunicaci\u00f3n e Imagen Institucional ZAC<\/strong><\/p>\n<\/div>\n<div style=\"color: #1f1f1f;\">\n<div style=\"color: #1f1f1f;\">\n<p style=\"text-align: justify;\">Fecha de publicaci\u00f3n: 19\/12\/2025<\/p>\n<\/div>\n<\/div>\n\n\n<p><\/p>\n\n\n\n<p><\/p>","protected":false},"excerpt":{"rendered":"<p>Por su aporte y profesionalismo. La directora de la Zona Arqueol\u00f3gica Caral, Unidad Ejecutora 003 del Ministerio de Cultura, doctora [&hellip;]<\/p>\n","protected":false},"author":1,"featured_media":18704,"comment_status":"closed","ping_status":"open","sticky":false,"template":"","format":"standard","meta":{"_acf_changed":false,"site-sidebar-layout":"default","site-content-layout":"","ast-site-content-layout":"default","site-content-style":"default","site-sidebar-style":"default","ast-global-header-display":"","ast-banner-title-visibility":"","ast-main-header-display":"","ast-hfb-above-header-display":"","ast-hfb-below-header-display":"","ast-hfb-mobile-header-display":"","site-post-title":"","ast-breadcrumbs-content":"","ast-featured-img":"","footer-sml-layout":"","ast-disable-related-posts":"","theme-transparent-header-meta":"","adv-header-id-meta":"","stick-header-meta":"","header-above-stick-meta":"","header-main-stick-meta":"","header-below-stick-meta":"","astra-migrate-meta-layouts":"default","ast-page-background-enabled":"default","ast-page-background-meta":{"desktop":{"background-color":"var(--ast-global-color-5)","background-image":"","background-repeat":"repeat","background-position":"center center","background-size":"auto","background-attachment":"scroll","background-type":"","background-media":"","overlay-type":"","overlay-color":"","overlay-opacity":"","overlay-gradient":""},"tablet":{"background-color":"","background-image":"","background-repeat":"repeat","background-position":"center center","background-size":"auto","background-attachment":"scroll","background-type":"","background-media":"","overlay-type":"","overlay-color":"","overlay-opacity":"","overlay-gradient":""},"mobile":{"background-color":"","background-image":"","background-repeat":"repeat","background-position":"center center","background-size":"auto","background-attachment":"scroll","background-type":"","background-media":"","overlay-type":"","overlay-color":"","overlay-opacity":"","overlay-gradient":""}},"ast-content-background-meta":{"desktop":{"background-color":"var(--ast-global-color-4)","background-image":"","background-repeat":"repeat","background-position":"center center","background-size":"auto","background-attachment":"scroll","background-type":"","background-media":"","overlay-type":"","overlay-color":"","overlay-opacity":"","overlay-gradient":""},"tablet":{"background-color":"var(--ast-global-color-4)","background-image":"","background-repeat":"repeat","background-position":"center center","background-size":"auto","background-attachment":"scroll","background-type":"","background-media":"","overlay-type":"","overlay-color":"","overlay-opacity":"","overlay-gradient":""},"mobile":{"background-color":"var(--ast-global-color-4)","background-image":"","background-repeat":"repeat","background-position":"center center","background-size":"auto","background-attachment":"scroll","background-type":"","background-media":"","overlay-type":"","overlay-color":"","overlay-opacity":"","overlay-gradient":""}},"footnotes":""},"categories":[208],"tags":[55,72],"class_list":["post-18703","post","type-post","status-publish","format-standard","has-post-thumbnail","hentry","category-noticias","tag-caral","tag-cultura"],"acf":[],"yoast_head":"<!-- This site is optimized with the Yoast SEO plugin v27.3 - https:\/\/yoast.com\/product\/yoast-seo-wordpress\/ -->\n<title>Doctora Ruth Shady recibe sentido homenaje de grupo de Ciencia Andina<\/title>\n<meta name=\"description\" content=\"La directora de la Zona Arqueol\u00f3gica Caral, Unidad Ejecutora 003 del Ministerio de Cultura, doctora Ruth Shady Sol\u00eds, fue homenajeada, el pasado mi\u00e9rcoles 10 de diciembre, por el grupo de profesionales que integran y participan en Ciencia Andina que se encuentra bajo la administraci\u00f3n de la Universidad del Pac\u00edfico.\" \/>\n<meta name=\"robots\" content=\"index, follow, max-snippet:-1, max-image-preview:large, max-video-preview:-1\" \/>\n<link rel=\"canonical\" href=\"https:\/\/zonacaral.gob.pe\/en\/noticias\/doctora-ruth-shady-recibe-sentido-homenaje-de-grupo-de-ciencia-andina\/\" \/>\n<meta property=\"og:locale\" content=\"en_US\" \/>\n<meta property=\"og:type\" content=\"article\" \/>\n<meta property=\"og:title\" content=\"Doctora Ruth Shady recibe sentido homenaje de grupo de Ciencia Andina\" \/>\n<meta property=\"og:description\" content=\"La directora de la Zona Arqueol\u00f3gica Caral, Unidad Ejecutora 003 del Ministerio de Cultura, doctora Ruth Shady Sol\u00eds, fue homenajeada, el pasado mi\u00e9rcoles 10 de diciembre, por el grupo de profesionales que integran y participan en Ciencia Andina que se encuentra bajo la administraci\u00f3n de la Universidad del Pac\u00edfico.\" \/>\n<meta property=\"og:url\" content=\"https:\/\/zonacaral.gob.pe\/en\/noticias\/doctora-ruth-shady-recibe-sentido-homenaje-de-grupo-de-ciencia-andina\/\" \/>\n<meta property=\"og:site_name\" content=\"Zona Caral\" \/>\n<meta property=\"article:published_time\" content=\"2025-12-19T20:33:08+00:00\" \/>\n<meta property=\"og:image\" content=\"https:\/\/zonacaral.gob.pe\/wp-content\/uploads\/2025\/12\/shady-ciencia-andina-homenaje.jpg\" \/>\n\t<meta property=\"og:image:width\" content=\"1920\" \/>\n\t<meta property=\"og:image:height\" content=\"1080\" \/>\n\t<meta property=\"og:image:type\" content=\"image\/jpeg\" \/>\n<meta name=\"author\" content=\"Zona Caral Administrador\" \/>\n<meta name=\"twitter:card\" content=\"summary_large_image\" \/>\n<meta name=\"twitter:label1\" content=\"Written by\" \/>\n\t<meta name=\"twitter:data1\" content=\"Zona Caral Administrador\" \/>\n\t<meta name=\"twitter:label2\" content=\"Est. reading time\" \/>\n\t<meta name=\"twitter:data2\" content=\"3 minutes\" \/>\n<script type=\"application\/ld+json\" class=\"yoast-schema-graph\">{\"@context\":\"https:\\\/\\\/schema.org\",\"@graph\":[{\"@type\":\"Article\",\"@id\":\"https:\\\/\\\/zonacaral.gob.pe\\\/es\\\/noticias\\\/doctora-ruth-shady-recibe-sentido-homenaje-de-grupo-de-ciencia-andina\\\/#article\",\"isPartOf\":{\"@id\":\"https:\\\/\\\/zonacaral.gob.pe\\\/es\\\/noticias\\\/doctora-ruth-shady-recibe-sentido-homenaje-de-grupo-de-ciencia-andina\\\/\"},\"author\":{\"name\":\"Zona Caral Administrador\",\"@id\":\"https:\\\/\\\/zonacaral.gob.pe\\\/es\\\/#\\\/schema\\\/person\\\/beddb4d22f71a7230c5b90913270a0ee\"},\"headline\":\"Doctora Ruth Shady recibe sentido homenaje de grupo de Ciencia Andina\",\"datePublished\":\"2025-12-19T20:33:08+00:00\",\"mainEntityOfPage\":{\"@id\":\"https:\\\/\\\/zonacaral.gob.pe\\\/es\\\/noticias\\\/doctora-ruth-shady-recibe-sentido-homenaje-de-grupo-de-ciencia-andina\\\/\"},\"wordCount\":605,\"image\":{\"@id\":\"https:\\\/\\\/zonacaral.gob.pe\\\/es\\\/noticias\\\/doctora-ruth-shady-recibe-sentido-homenaje-de-grupo-de-ciencia-andina\\\/#primaryimage\"},\"thumbnailUrl\":\"https:\\\/\\\/zonacaral.gob.pe\\\/wp-content\\\/uploads\\\/2025\\\/12\\\/shady-ciencia-andina-homenaje.jpg\",\"keywords\":[\"caral\",\"Cultura\"],\"articleSection\":[\"noticias\"],\"inLanguage\":\"en-US\"},{\"@type\":\"WebPage\",\"@id\":\"https:\\\/\\\/zonacaral.gob.pe\\\/es\\\/noticias\\\/doctora-ruth-shady-recibe-sentido-homenaje-de-grupo-de-ciencia-andina\\\/\",\"url\":\"https:\\\/\\\/zonacaral.gob.pe\\\/es\\\/noticias\\\/doctora-ruth-shady-recibe-sentido-homenaje-de-grupo-de-ciencia-andina\\\/\",\"name\":\"Doctora Ruth Shady recibe sentido homenaje de grupo de Ciencia Andina\",\"isPartOf\":{\"@id\":\"https:\\\/\\\/zonacaral.gob.pe\\\/es\\\/#website\"},\"primaryImageOfPage\":{\"@id\":\"https:\\\/\\\/zonacaral.gob.pe\\\/es\\\/noticias\\\/doctora-ruth-shady-recibe-sentido-homenaje-de-grupo-de-ciencia-andina\\\/#primaryimage\"},\"image\":{\"@id\":\"https:\\\/\\\/zonacaral.gob.pe\\\/es\\\/noticias\\\/doctora-ruth-shady-recibe-sentido-homenaje-de-grupo-de-ciencia-andina\\\/#primaryimage\"},\"thumbnailUrl\":\"https:\\\/\\\/zonacaral.gob.pe\\\/wp-content\\\/uploads\\\/2025\\\/12\\\/shady-ciencia-andina-homenaje.jpg\",\"datePublished\":\"2025-12-19T20:33:08+00:00\",\"author\":{\"@id\":\"https:\\\/\\\/zonacaral.gob.pe\\\/es\\\/#\\\/schema\\\/person\\\/beddb4d22f71a7230c5b90913270a0ee\"},\"description\":\"La directora de la Zona Arqueol\u00f3gica Caral, Unidad Ejecutora 003 del Ministerio de Cultura, doctora Ruth Shady Sol\u00eds, fue homenajeada, el pasado mi\u00e9rcoles 10 de diciembre, por el grupo de profesionales que integran y participan en Ciencia Andina que se encuentra bajo la administraci\u00f3n de la Universidad del Pac\u00edfico.\",\"breadcrumb\":{\"@id\":\"https:\\\/\\\/zonacaral.gob.pe\\\/es\\\/noticias\\\/doctora-ruth-shady-recibe-sentido-homenaje-de-grupo-de-ciencia-andina\\\/#breadcrumb\"},\"inLanguage\":\"en-US\",\"potentialAction\":[{\"@type\":\"ReadAction\",\"target\":[\"https:\\\/\\\/zonacaral.gob.pe\\\/es\\\/noticias\\\/doctora-ruth-shady-recibe-sentido-homenaje-de-grupo-de-ciencia-andina\\\/\"]}]},{\"@type\":\"ImageObject\",\"inLanguage\":\"en-US\",\"@id\":\"https:\\\/\\\/zonacaral.gob.pe\\\/es\\\/noticias\\\/doctora-ruth-shady-recibe-sentido-homenaje-de-grupo-de-ciencia-andina\\\/#primaryimage\",\"url\":\"https:\\\/\\\/zonacaral.gob.pe\\\/wp-content\\\/uploads\\\/2025\\\/12\\\/shady-ciencia-andina-homenaje.jpg\",\"contentUrl\":\"https:\\\/\\\/zonacaral.gob.pe\\\/wp-content\\\/uploads\\\/2025\\\/12\\\/shady-ciencia-andina-homenaje.jpg\",\"width\":1920,\"height\":1080},{\"@type\":\"BreadcrumbList\",\"@id\":\"https:\\\/\\\/zonacaral.gob.pe\\\/es\\\/noticias\\\/doctora-ruth-shady-recibe-sentido-homenaje-de-grupo-de-ciencia-andina\\\/#breadcrumb\",\"itemListElement\":[{\"@type\":\"ListItem\",\"position\":1,\"name\":\"Portada\",\"item\":\"https:\\\/\\\/zonacaral.gob.pe\\\/\"},{\"@type\":\"ListItem\",\"position\":2,\"name\":\"Doctora Ruth Shady recibe sentido homenaje de grupo de Ciencia Andina\"}]},{\"@type\":\"WebSite\",\"@id\":\"https:\\\/\\\/zonacaral.gob.pe\\\/es\\\/#website\",\"url\":\"https:\\\/\\\/zonacaral.gob.pe\\\/es\\\/\",\"name\":\"Zona Caral\",\"description\":\"Investigamos, conservamos y difundimos el patrimonio cultural de la Civilizaci\u00f3n Caral, la m\u00e1s antigua de Am\u00e9rica.\",\"potentialAction\":[{\"@type\":\"SearchAction\",\"target\":{\"@type\":\"EntryPoint\",\"urlTemplate\":\"https:\\\/\\\/zonacaral.gob.pe\\\/es\\\/?s={search_term_string}\"},\"query-input\":{\"@type\":\"PropertyValueSpecification\",\"valueRequired\":true,\"valueName\":\"search_term_string\"}}],\"inLanguage\":\"en-US\"},{\"@type\":\"Person\",\"@id\":\"https:\\\/\\\/zonacaral.gob.pe\\\/es\\\/#\\\/schema\\\/person\\\/beddb4d22f71a7230c5b90913270a0ee\",\"name\":\"Zona Caral Administrador\",\"image\":{\"@type\":\"ImageObject\",\"inLanguage\":\"en-US\",\"@id\":\"https:\\\/\\\/secure.gravatar.com\\\/avatar\\\/e4be162918a696358376de6446614e0f0f4062bdc5d170d6d540ada3d8b58c12?s=96&d=mm&r=g\",\"url\":\"https:\\\/\\\/secure.gravatar.com\\\/avatar\\\/e4be162918a696358376de6446614e0f0f4062bdc5d170d6d540ada3d8b58c12?s=96&d=mm&r=g\",\"contentUrl\":\"https:\\\/\\\/secure.gravatar.com\\\/avatar\\\/e4be162918a696358376de6446614e0f0f4062bdc5d170d6d540ada3d8b58c12?s=96&d=mm&r=g\",\"caption\":\"Zona Caral Administrador\"},\"sameAs\":[\"https:\\\/\\\/zonacaral.gob.pe\"],\"url\":\"https:\\\/\\\/zonacaral.gob.pe\\\/en\\\/noticias\\\/author\\\/ad_zonacaral\\\/\"}]}<\/script>\n<!-- \/ Yoast SEO plugin. -->","yoast_head_json":{"title":"Doctora Ruth Shady recibe sentido homenaje de grupo de Ciencia Andina","description":"La directora de la Zona Arqueol\u00f3gica Caral, Unidad Ejecutora 003 del Ministerio de Cultura, doctora Ruth Shady Sol\u00eds, fue homenajeada, el pasado mi\u00e9rcoles 10 de diciembre, por el grupo de profesionales que integran y participan en Ciencia Andina que se encuentra bajo la administraci\u00f3n de la Universidad del Pac\u00edfico.","robots":{"index":"index","follow":"follow","max-snippet":"max-snippet:-1","max-image-preview":"max-image-preview:large","max-video-preview":"max-video-preview:-1"},"canonical":"https:\/\/zonacaral.gob.pe\/en\/noticias\/doctora-ruth-shady-recibe-sentido-homenaje-de-grupo-de-ciencia-andina\/","og_locale":"en_US","og_type":"article","og_title":"Doctora Ruth Shady recibe sentido homenaje de grupo de Ciencia Andina","og_description":"La directora de la Zona Arqueol\u00f3gica Caral, Unidad Ejecutora 003 del Ministerio de Cultura, doctora Ruth Shady Sol\u00eds, fue homenajeada, el pasado mi\u00e9rcoles 10 de diciembre, por el grupo de profesionales que integran y participan en Ciencia Andina que se encuentra bajo la administraci\u00f3n de la Universidad del Pac\u00edfico.","og_url":"https:\/\/zonacaral.gob.pe\/en\/noticias\/doctora-ruth-shady-recibe-sentido-homenaje-de-grupo-de-ciencia-andina\/","og_site_name":"Zona Caral","article_published_time":"2025-12-19T20:33:08+00:00","og_image":[{"width":1920,"height":1080,"url":"https:\/\/zonacaral.gob.pe\/wp-content\/uploads\/2025\/12\/shady-ciencia-andina-homenaje.jpg","type":"image\/jpeg"}],"author":"Zona Caral Administrador","twitter_card":"summary_large_image","twitter_misc":{"Written by":"Zona Caral Administrador","Est. reading time":"3 minutes"},"schema":{"@context":"https:\/\/schema.org","@graph":[{"@type":"Article","@id":"https:\/\/zonacaral.gob.pe\/es\/noticias\/doctora-ruth-shady-recibe-sentido-homenaje-de-grupo-de-ciencia-andina\/#article","isPartOf":{"@id":"https:\/\/zonacaral.gob.pe\/es\/noticias\/doctora-ruth-shady-recibe-sentido-homenaje-de-grupo-de-ciencia-andina\/"},"author":{"name":"Zona Caral Administrador","@id":"https:\/\/zonacaral.gob.pe\/es\/#\/schema\/person\/beddb4d22f71a7230c5b90913270a0ee"},"headline":"Doctora Ruth Shady recibe sentido homenaje de grupo de Ciencia Andina","datePublished":"2025-12-19T20:33:08+00:00","mainEntityOfPage":{"@id":"https:\/\/zonacaral.gob.pe\/es\/noticias\/doctora-ruth-shady-recibe-sentido-homenaje-de-grupo-de-ciencia-andina\/"},"wordCount":605,"image":{"@id":"https:\/\/zonacaral.gob.pe\/es\/noticias\/doctora-ruth-shady-recibe-sentido-homenaje-de-grupo-de-ciencia-andina\/#primaryimage"},"thumbnailUrl":"https:\/\/zonacaral.gob.pe\/wp-content\/uploads\/2025\/12\/shady-ciencia-andina-homenaje.jpg","keywords":["caral","Cultura"],"articleSection":["noticias"],"inLanguage":"en-US"},{"@type":"WebPage","@id":"https:\/\/zonacaral.gob.pe\/es\/noticias\/doctora-ruth-shady-recibe-sentido-homenaje-de-grupo-de-ciencia-andina\/","url":"https:\/\/zonacaral.gob.pe\/es\/noticias\/doctora-ruth-shady-recibe-sentido-homenaje-de-grupo-de-ciencia-andina\/","name":"Doctora Ruth Shady recibe sentido homenaje de grupo de Ciencia Andina","isPartOf":{"@id":"https:\/\/zonacaral.gob.pe\/es\/#website"},"primaryImageOfPage":{"@id":"https:\/\/zonacaral.gob.pe\/es\/noticias\/doctora-ruth-shady-recibe-sentido-homenaje-de-grupo-de-ciencia-andina\/#primaryimage"},"image":{"@id":"https:\/\/zonacaral.gob.pe\/es\/noticias\/doctora-ruth-shady-recibe-sentido-homenaje-de-grupo-de-ciencia-andina\/#primaryimage"},"thumbnailUrl":"https:\/\/zonacaral.gob.pe\/wp-content\/uploads\/2025\/12\/shady-ciencia-andina-homenaje.jpg","datePublished":"2025-12-19T20:33:08+00:00","author":{"@id":"https:\/\/zonacaral.gob.pe\/es\/#\/schema\/person\/beddb4d22f71a7230c5b90913270a0ee"},"description":"La directora de la Zona Arqueol\u00f3gica Caral, Unidad Ejecutora 003 del Ministerio de Cultura, doctora Ruth Shady Sol\u00eds, fue homenajeada, el pasado mi\u00e9rcoles 10 de diciembre, por el grupo de profesionales que integran y participan en Ciencia Andina que se encuentra bajo la administraci\u00f3n de la Universidad del Pac\u00edfico.","breadcrumb":{"@id":"https:\/\/zonacaral.gob.pe\/es\/noticias\/doctora-ruth-shady-recibe-sentido-homenaje-de-grupo-de-ciencia-andina\/#breadcrumb"},"inLanguage":"en-US","potentialAction":[{"@type":"ReadAction","target":["https:\/\/zonacaral.gob.pe\/es\/noticias\/doctora-ruth-shady-recibe-sentido-homenaje-de-grupo-de-ciencia-andina\/"]}]},{"@type":"ImageObject","inLanguage":"en-US","@id":"https:\/\/zonacaral.gob.pe\/es\/noticias\/doctora-ruth-shady-recibe-sentido-homenaje-de-grupo-de-ciencia-andina\/#primaryimage","url":"https:\/\/zonacaral.gob.pe\/wp-content\/uploads\/2025\/12\/shady-ciencia-andina-homenaje.jpg","contentUrl":"https:\/\/zonacaral.gob.pe\/wp-content\/uploads\/2025\/12\/shady-ciencia-andina-homenaje.jpg","width":1920,"height":1080},{"@type":"BreadcrumbList","@id":"https:\/\/zonacaral.gob.pe\/es\/noticias\/doctora-ruth-shady-recibe-sentido-homenaje-de-grupo-de-ciencia-andina\/#breadcrumb","itemListElement":[{"@type":"ListItem","position":1,"name":"Portada","item":"https:\/\/zonacaral.gob.pe\/"},{"@type":"ListItem","position":2,"name":"Doctora Ruth Shady recibe sentido homenaje de grupo de Ciencia Andina"}]},{"@type":"WebSite","@id":"https:\/\/zonacaral.gob.pe\/es\/#website","url":"https:\/\/zonacaral.gob.pe\/es\/","name":"Zona Caral","description":"Investigamos, conservamos y difundimos el patrimonio cultural de la Civilizaci\u00f3n Caral, la m\u00e1s antigua de Am\u00e9rica.","potentialAction":[{"@type":"SearchAction","target":{"@type":"EntryPoint","urlTemplate":"https:\/\/zonacaral.gob.pe\/es\/?s={search_term_string}"},"query-input":{"@type":"PropertyValueSpecification","valueRequired":true,"valueName":"search_term_string"}}],"inLanguage":"en-US"},{"@type":"Person","@id":"https:\/\/zonacaral.gob.pe\/es\/#\/schema\/person\/beddb4d22f71a7230c5b90913270a0ee","name":"Zona Caral Administrador","image":{"@type":"ImageObject","inLanguage":"en-US","@id":"https:\/\/secure.gravatar.com\/avatar\/e4be162918a696358376de6446614e0f0f4062bdc5d170d6d540ada3d8b58c12?s=96&d=mm&r=g","url":"https:\/\/secure.gravatar.com\/avatar\/e4be162918a696358376de6446614e0f0f4062bdc5d170d6d540ada3d8b58c12?s=96&d=mm&r=g","contentUrl":"https:\/\/secure.gravatar.com\/avatar\/e4be162918a696358376de6446614e0f0f4062bdc5d170d6d540ada3d8b58c12?s=96&d=mm&r=g","caption":"Zona Caral Administrador"},"sameAs":["https:\/\/zonacaral.gob.pe"],"url":"https:\/\/zonacaral.gob.pe\/en\/noticias\/author\/ad_zonacaral\/"}]}},"_links":{"self":[{"href":"https:\/\/zonacaral.gob.pe\/en\/wp-json\/wp\/v2\/posts\/18703","targetHints":{"allow":["GET"]}}],"collection":[{"href":"https:\/\/zonacaral.gob.pe\/en\/wp-json\/wp\/v2\/posts"}],"about":[{"href":"https:\/\/zonacaral.gob.pe\/en\/wp-json\/wp\/v2\/types\/post"}],"author":[{"embeddable":true,"href":"https:\/\/zonacaral.gob.pe\/en\/wp-json\/wp\/v2\/users\/1"}],"replies":[{"embeddable":true,"href":"https:\/\/zonacaral.gob.pe\/en\/wp-json\/wp\/v2\/comments?post=18703"}],"version-history":[{"count":0,"href":"https:\/\/zonacaral.gob.pe\/en\/wp-json\/wp\/v2\/posts\/18703\/revisions"}],"wp:featuredmedia":[{"embeddable":true,"href":"https:\/\/zonacaral.gob.pe\/en\/wp-json\/wp\/v2\/media\/18704"}],"wp:attachment":[{"href":"https:\/\/zonacaral.gob.pe\/en\/wp-json\/wp\/v2\/media?parent=18703"}],"wp:term":[{"taxonomy":"category","embeddable":true,"href":"https:\/\/zonacaral.gob.pe\/en\/wp-json\/wp\/v2\/categories?post=18703"},{"taxonomy":"post_tag","embeddable":true,"href":"https:\/\/zonacaral.gob.pe\/en\/wp-json\/wp\/v2\/tags?post=18703"}],"curies":[{"name":"wp","href":"https:\/\/api.w.org\/{rel}","templated":true}]}}