{"id":18706,"date":"2025-12-19T16:55:13","date_gmt":"2025-12-19T21:55:13","guid":{"rendered":"https:\/\/www.zonacaral.gob.pe\/?p=18706"},"modified":"2025-12-19T16:55:13","modified_gmt":"2025-12-19T21:55:13","slug":"solsticio-de-verano-que-significo-en-la-civilizacion-caral","status":"publish","type":"post","link":"https:\/\/zonacaral.gob.pe\/en\/noticias\/solsticio-de-verano-que-significo-en-la-civilizacion-caral\/","title":{"rendered":"Solsticio de verano: \u00bfQu\u00e9 signific\u00f3 en la Civilizaci\u00f3n Caral?"},"content":{"rendered":"<figure class=\"pic-autor\" style=\"color: #4d4d4d; text-align: justify;\"><\/figure>\n<div class=\"gmail_default\" style=\"text-align: justify;\">\n<blockquote>\n<p><em><span style=\"font-weight: 400;\">Expertos en astronom\u00eda milenarios.<\/span><\/em><\/p>\n<\/blockquote>\n<p><span style=\"font-weight: 400;\">Durante las fechas de los solsticios, en junio y diciembre, es posible observar que los principales edificios piramidales de la <\/span><a href=\"https:\/\/whc.unesco.org\/es\/list\/1269\"><b>Ciudad Sagrada de Caral-Supe<\/b><\/a><span style=\"font-weight: 400;\"> \u2014Patrimonio Mundial y asentamiento urbano m\u00e1s antiguo de la primera civilizaci\u00f3n de Am\u00e9rica\u2014 presentan alineamientos con la salida y la puesta del Inti, el Sol.<\/span><\/p>\n<p><span style=\"font-weight: 400;\">Este ordenamiento espacial no responde a una casualidad, sino a una planificaci\u00f3n cuidadosamente dise\u00f1ada por especialistas en la observaci\u00f3n del cielo. Dichos alineamientos astron\u00f3micos a\u00fan pueden apreciarse, pese a los miles de a\u00f1os transcurridos desde la construcci\u00f3n de los edificios monumentales de Caral.<\/span><\/p>\n<p><span style=\"font-weight: 400;\">Los estudios realizados por el equipo multidisciplinario de la <\/span><a href=\"https:\/\/www.facebook.com\/CARALPERU\/\"><b>Zona Arqueol\u00f3gica Caral<\/b><\/a><span style=\"font-weight: 400;\"> (ZAC), Unidad Ejecutora 003 del Ministerio de Cultura, liderado por la <\/span><a href=\"https:\/\/www.youtube.com\/watch?v=eCHc2v9-jzM\"><b>doctora Ruth Shady Sol\u00eds<\/b><\/a><span style=\"font-weight: 400;\">, en colaboraci\u00f3n con expertos de instituciones especializadas del extranjero, han revelado que el solsticio de verano tuvo para los caralinos un significado que iba m\u00e1s all\u00e1 de un simple cambio de estaci\u00f3n.<\/span><\/p>\n<p><span style=\"font-weight: 400;\">Este periodo marcaba el inicio de la temporada de siembras en el valle, debido al incremento del caudal del r\u00edo Supe. Asimismo, se\u00f1alaba una \u00e9poca favorable para la recolecci\u00f3n de recursos marinos, como la anchoveta, cuya presencia aumentaba en el mar peruano.<\/span><\/p>\n<p><span style=\"font-weight: 400;\">Las investigaciones sugieren la existencia de especialistas en astronom\u00eda, as\u00ed como en planificaci\u00f3n urbana, arquitectura y organizaci\u00f3n social, adem\u00e1s de un liderazgo capaz de dirigir a la poblaci\u00f3n para construir ciudades y monumentales edificios piramidales en armon\u00eda con la naturaleza.<\/span><\/p>\n<h3><b>Estudios de arqueoastronom\u00eda&nbsp;<\/b><\/h3>\n<p><span style=\"font-weight: 400;\">En Caral se han desarrollado diversos estudios en el campo de la arqueoastronom\u00eda. Algunos de estos resultados fueron presentados en la Oxford XII Conference (ISAAC), celebrada conjuntamente con las VIII Jornadas Interamericanas de Astronom\u00eda Cultural (SIAC) en 2022, en la ciudad de La Plata, Argentina, dos de los encuentros cient\u00edficos m\u00e1s importantes a nivel mundial en esta especialidad, en los que se debaten los avances m\u00e1s recientes en la investigaci\u00f3n arqueoastron\u00f3mica, La ponencia fue presentada bajo el t\u00edtulo <\/span><i><span style=\"font-weight: 400;\">Astronomical knowledge of 4200 B.P. applied by specialists from the Caral Civilization, north-central coast of Peru<\/span><\/i><span style=\"font-weight: 400;\">.<\/span><\/p>\n<p><span style=\"font-weight: 400;\">Asimismo, en 2021 se public\u00f3 el estudio titulado <\/span><i><span style=\"font-weight: 400;\">The River and the Sky: Astronomy and Topography in Caral Society, America&#8217;s First Urban Centers<\/span><\/i><span style=\"font-weight: 400;\">, en la revista Latin America Antiquity. Este trabajo es fruto de la colaboraci\u00f3n entre el equipo de investigadores liderado por la doctora Ruth Shady Sol\u00eds y un grupo de investigadores espa\u00f1oles encabezado por el doctor C\u00e9sar Gonz\u00e1lez Garc\u00eda.<\/span><\/p>\n<p><span style=\"font-weight: 400;\">El estudio general se encuentra disponible para consulta en el siguiente enlace:<\/span><a href=\"https:\/\/bit.ly\/3yLXnI9\"><span style=\"font-weight: 400;\"> https:\/\/bit.ly\/3yLXnI9<\/span><\/a><\/p>\n<p><i><span style=\"font-weight: 400;\">Puedes seguirnos en <\/span><\/i><a href=\"https:\/\/www.instagram.com\/caralperu\/?hl=es\"><i><span style=\"font-weight: 400;\">Instagram<\/span><\/i><\/a><i><span style=\"font-weight: 400;\">, <\/span><\/i><a href=\"https:\/\/www.tiktok.com\/@caral_peru?lang=es\"><i><span style=\"font-weight: 400;\">Tik Tok<\/span><\/i><\/a><i><span style=\"font-weight: 400;\">, <\/span><\/i><a href=\"https:\/\/www.facebook.com\/CARALPERU\/\"><i><span style=\"font-weight: 400;\">Facebook<\/span><\/i><\/a><i><span style=\"font-weight: 400;\">, <\/span><\/i><a href=\"https:\/\/x.com\/Peru_Caral\"><i><span style=\"font-weight: 400;\">X<\/span><\/i><\/a><i><span style=\"font-weight: 400;\">, <\/span><\/i><a href=\"https:\/\/www.youtube.com\/PeruCaral\"><i><span style=\"font-weight: 400;\">YouTube<\/span><\/i><\/a><i><span style=\"font-weight: 400;\"> y en nuestro canal de <\/span><\/i><a href=\"https:\/\/t.me\/Caral_Peru\"><i><span style=\"font-weight: 400;\">Telegram<\/span><\/i><\/a><i><span style=\"font-weight: 400;\">.<\/span><\/i><span style=\"font-weight: 400;\">&nbsp; <\/span><\/p>\n<p><strong style=\"font-size: inherit; text-align: justify;\">Fuente: Comunicaci\u00f3n e Imagen Institucional ZAC<\/strong><\/p>\n<\/div>\n<div style=\"color: #1f1f1f;\">\n<div style=\"color: #1f1f1f;\">\n<p style=\"text-align: justify;\">Fecha de publicaci\u00f3n: 19\/12\/2025<\/p>\n<\/div>\n<\/div>\n\n\n<p><\/p>\n\n\n\n<p><\/p>","protected":false},"excerpt":{"rendered":"<p>Expertos en astronom\u00eda milenarios. Durante las fechas de los solsticios, en junio y diciembre, es posible observar que los principales [&hellip;]<\/p>\n","protected":false},"author":1,"featured_media":18709,"comment_status":"closed","ping_status":"open","sticky":false,"template":"","format":"standard","meta":{"_acf_changed":false,"site-sidebar-layout":"default","site-content-layout":"","ast-site-content-layout":"default","site-content-style":"default","site-sidebar-style":"default","ast-global-header-display":"","ast-banner-title-visibility":"","ast-main-header-display":"","ast-hfb-above-header-display":"","ast-hfb-below-header-display":"","ast-hfb-mobile-header-display":"","site-post-title":"","ast-breadcrumbs-content":"","ast-featured-img":"","footer-sml-layout":"","ast-disable-related-posts":"","theme-transparent-header-meta":"","adv-header-id-meta":"","stick-header-meta":"","header-above-stick-meta":"","header-main-stick-meta":"","header-below-stick-meta":"","astra-migrate-meta-layouts":"default","ast-page-background-enabled":"default","ast-page-background-meta":{"desktop":{"background-color":"var(--ast-global-color-5)","background-image":"","background-repeat":"repeat","background-position":"center center","background-size":"auto","background-attachment":"scroll","background-type":"","background-media":"","overlay-type":"","overlay-color":"","overlay-opacity":"","overlay-gradient":""},"tablet":{"background-color":"","background-image":"","background-repeat":"repeat","background-position":"center center","background-size":"auto","background-attachment":"scroll","background-type":"","background-media":"","overlay-type":"","overlay-color":"","overlay-opacity":"","overlay-gradient":""},"mobile":{"background-color":"","background-image":"","background-repeat":"repeat","background-position":"center center","background-size":"auto","background-attachment":"scroll","background-type":"","background-media":"","overlay-type":"","overlay-color":"","overlay-opacity":"","overlay-gradient":""}},"ast-content-background-meta":{"desktop":{"background-color":"var(--ast-global-color-4)","background-image":"","background-repeat":"repeat","background-position":"center center","background-size":"auto","background-attachment":"scroll","background-type":"","background-media":"","overlay-type":"","overlay-color":"","overlay-opacity":"","overlay-gradient":""},"tablet":{"background-color":"var(--ast-global-color-4)","background-image":"","background-repeat":"repeat","background-position":"center center","background-size":"auto","background-attachment":"scroll","background-type":"","background-media":"","overlay-type":"","overlay-color":"","overlay-opacity":"","overlay-gradient":""},"mobile":{"background-color":"var(--ast-global-color-4)","background-image":"","background-repeat":"repeat","background-position":"center center","background-size":"auto","background-attachment":"scroll","background-type":"","background-media":"","overlay-type":"","overlay-color":"","overlay-opacity":"","overlay-gradient":""}},"footnotes":""},"categories":[208],"tags":[55,72],"class_list":["post-18706","post","type-post","status-publish","format-standard","has-post-thumbnail","hentry","category-noticias","tag-caral","tag-cultura"],"acf":[],"yoast_head":"<!-- This site is optimized with the Yoast SEO plugin v27.3 - https:\/\/yoast.com\/product\/yoast-seo-wordpress\/ -->\n<title>Solsticio de verano: \u00bfQu\u00e9 signific\u00f3 en la Civilizaci\u00f3n Caral?<\/title>\n<meta name=\"description\" content=\"Durante las fechas de los solsticios, en junio y diciembre, es posible observar que los principales edificios piramidales de la Ciudad Sagrada de Caral-Supe \u2014Patrimonio Mundial y asentamiento urbano m\u00e1s antiguo de la primera civilizaci\u00f3n de Am\u00e9rica\u2014 presentan alineamientos con la salida y la puesta del Inti, el Sol.\" \/>\n<meta name=\"robots\" content=\"index, follow, max-snippet:-1, max-image-preview:large, max-video-preview:-1\" \/>\n<link rel=\"canonical\" href=\"https:\/\/zonacaral.gob.pe\/en\/noticias\/solsticio-de-verano-que-significo-en-la-civilizacion-caral\/\" \/>\n<meta property=\"og:locale\" content=\"en_US\" \/>\n<meta property=\"og:type\" content=\"article\" \/>\n<meta property=\"og:title\" content=\"Solsticio de verano: \u00bfQu\u00e9 signific\u00f3 en la Civilizaci\u00f3n Caral?\" \/>\n<meta property=\"og:description\" content=\"Durante las fechas de los solsticios, en junio y diciembre, es posible observar que los principales edificios piramidales de la Ciudad Sagrada de Caral-Supe \u2014Patrimonio Mundial y asentamiento urbano m\u00e1s antiguo de la primera civilizaci\u00f3n de Am\u00e9rica\u2014 presentan alineamientos con la salida y la puesta del Inti, el Sol.\" \/>\n<meta property=\"og:url\" content=\"https:\/\/zonacaral.gob.pe\/en\/noticias\/solsticio-de-verano-que-significo-en-la-civilizacion-caral\/\" \/>\n<meta property=\"og:site_name\" content=\"Zona Caral\" \/>\n<meta property=\"article:published_time\" content=\"2025-12-19T21:55:13+00:00\" \/>\n<meta property=\"og:image\" content=\"https:\/\/zonacaral.gob.pe\/wp-content\/uploads\/2025\/12\/solsticio-verano-en-caral.jpg\" \/>\n\t<meta property=\"og:image:width\" content=\"1920\" \/>\n\t<meta property=\"og:image:height\" content=\"1080\" \/>\n\t<meta property=\"og:image:type\" content=\"image\/jpeg\" \/>\n<meta name=\"author\" content=\"Zona Caral Administrador\" \/>\n<meta name=\"twitter:card\" content=\"summary_large_image\" \/>\n<meta name=\"twitter:label1\" content=\"Written by\" \/>\n\t<meta name=\"twitter:data1\" content=\"Zona Caral Administrador\" \/>\n\t<meta name=\"twitter:label2\" content=\"Est. reading time\" \/>\n\t<meta name=\"twitter:data2\" content=\"2 minutes\" \/>\n<script type=\"application\/ld+json\" class=\"yoast-schema-graph\">{\"@context\":\"https:\\\/\\\/schema.org\",\"@graph\":[{\"@type\":\"Article\",\"@id\":\"https:\\\/\\\/zonacaral.gob.pe\\\/es\\\/noticias\\\/solsticio-de-verano-que-significo-en-la-civilizacion-caral\\\/#article\",\"isPartOf\":{\"@id\":\"https:\\\/\\\/zonacaral.gob.pe\\\/es\\\/noticias\\\/solsticio-de-verano-que-significo-en-la-civilizacion-caral\\\/\"},\"author\":{\"name\":\"Zona Caral Administrador\",\"@id\":\"https:\\\/\\\/zonacaral.gob.pe\\\/es\\\/#\\\/schema\\\/person\\\/beddb4d22f71a7230c5b90913270a0ee\"},\"headline\":\"Solsticio de verano: \u00bfQu\u00e9 signific\u00f3 en la Civilizaci\u00f3n Caral?\",\"datePublished\":\"2025-12-19T21:55:13+00:00\",\"mainEntityOfPage\":{\"@id\":\"https:\\\/\\\/zonacaral.gob.pe\\\/es\\\/noticias\\\/solsticio-de-verano-que-significo-en-la-civilizacion-caral\\\/\"},\"wordCount\":487,\"image\":{\"@id\":\"https:\\\/\\\/zonacaral.gob.pe\\\/es\\\/noticias\\\/solsticio-de-verano-que-significo-en-la-civilizacion-caral\\\/#primaryimage\"},\"thumbnailUrl\":\"https:\\\/\\\/zonacaral.gob.pe\\\/wp-content\\\/uploads\\\/2025\\\/12\\\/solsticio-verano-en-caral.jpg\",\"keywords\":[\"caral\",\"Cultura\"],\"articleSection\":[\"noticias\"],\"inLanguage\":\"en-US\"},{\"@type\":\"WebPage\",\"@id\":\"https:\\\/\\\/zonacaral.gob.pe\\\/es\\\/noticias\\\/solsticio-de-verano-que-significo-en-la-civilizacion-caral\\\/\",\"url\":\"https:\\\/\\\/zonacaral.gob.pe\\\/es\\\/noticias\\\/solsticio-de-verano-que-significo-en-la-civilizacion-caral\\\/\",\"name\":\"Solsticio de verano: \u00bfQu\u00e9 signific\u00f3 en la Civilizaci\u00f3n Caral?\",\"isPartOf\":{\"@id\":\"https:\\\/\\\/zonacaral.gob.pe\\\/es\\\/#website\"},\"primaryImageOfPage\":{\"@id\":\"https:\\\/\\\/zonacaral.gob.pe\\\/es\\\/noticias\\\/solsticio-de-verano-que-significo-en-la-civilizacion-caral\\\/#primaryimage\"},\"image\":{\"@id\":\"https:\\\/\\\/zonacaral.gob.pe\\\/es\\\/noticias\\\/solsticio-de-verano-que-significo-en-la-civilizacion-caral\\\/#primaryimage\"},\"thumbnailUrl\":\"https:\\\/\\\/zonacaral.gob.pe\\\/wp-content\\\/uploads\\\/2025\\\/12\\\/solsticio-verano-en-caral.jpg\",\"datePublished\":\"2025-12-19T21:55:13+00:00\",\"author\":{\"@id\":\"https:\\\/\\\/zonacaral.gob.pe\\\/es\\\/#\\\/schema\\\/person\\\/beddb4d22f71a7230c5b90913270a0ee\"},\"description\":\"Durante las fechas de los solsticios, en junio y diciembre, es posible observar que los principales edificios piramidales de la Ciudad Sagrada de Caral-Supe \u2014Patrimonio Mundial y asentamiento urbano m\u00e1s antiguo de la primera civilizaci\u00f3n de Am\u00e9rica\u2014 presentan alineamientos con la salida y la puesta del Inti, el Sol.\",\"breadcrumb\":{\"@id\":\"https:\\\/\\\/zonacaral.gob.pe\\\/es\\\/noticias\\\/solsticio-de-verano-que-significo-en-la-civilizacion-caral\\\/#breadcrumb\"},\"inLanguage\":\"en-US\",\"potentialAction\":[{\"@type\":\"ReadAction\",\"target\":[\"https:\\\/\\\/zonacaral.gob.pe\\\/es\\\/noticias\\\/solsticio-de-verano-que-significo-en-la-civilizacion-caral\\\/\"]}]},{\"@type\":\"ImageObject\",\"inLanguage\":\"en-US\",\"@id\":\"https:\\\/\\\/zonacaral.gob.pe\\\/es\\\/noticias\\\/solsticio-de-verano-que-significo-en-la-civilizacion-caral\\\/#primaryimage\",\"url\":\"https:\\\/\\\/zonacaral.gob.pe\\\/wp-content\\\/uploads\\\/2025\\\/12\\\/solsticio-verano-en-caral.jpg\",\"contentUrl\":\"https:\\\/\\\/zonacaral.gob.pe\\\/wp-content\\\/uploads\\\/2025\\\/12\\\/solsticio-verano-en-caral.jpg\",\"width\":1920,\"height\":1080},{\"@type\":\"BreadcrumbList\",\"@id\":\"https:\\\/\\\/zonacaral.gob.pe\\\/es\\\/noticias\\\/solsticio-de-verano-que-significo-en-la-civilizacion-caral\\\/#breadcrumb\",\"itemListElement\":[{\"@type\":\"ListItem\",\"position\":1,\"name\":\"Portada\",\"item\":\"https:\\\/\\\/zonacaral.gob.pe\\\/\"},{\"@type\":\"ListItem\",\"position\":2,\"name\":\"Solsticio de verano: \u00bfQu\u00e9 signific\u00f3 en la Civilizaci\u00f3n Caral?\"}]},{\"@type\":\"WebSite\",\"@id\":\"https:\\\/\\\/zonacaral.gob.pe\\\/es\\\/#website\",\"url\":\"https:\\\/\\\/zonacaral.gob.pe\\\/es\\\/\",\"name\":\"Zona Caral\",\"description\":\"Investigamos, conservamos y difundimos el patrimonio cultural de la Civilizaci\u00f3n Caral, la m\u00e1s antigua de Am\u00e9rica.\",\"potentialAction\":[{\"@type\":\"SearchAction\",\"target\":{\"@type\":\"EntryPoint\",\"urlTemplate\":\"https:\\\/\\\/zonacaral.gob.pe\\\/es\\\/?s={search_term_string}\"},\"query-input\":{\"@type\":\"PropertyValueSpecification\",\"valueRequired\":true,\"valueName\":\"search_term_string\"}}],\"inLanguage\":\"en-US\"},{\"@type\":\"Person\",\"@id\":\"https:\\\/\\\/zonacaral.gob.pe\\\/es\\\/#\\\/schema\\\/person\\\/beddb4d22f71a7230c5b90913270a0ee\",\"name\":\"Zona Caral Administrador\",\"image\":{\"@type\":\"ImageObject\",\"inLanguage\":\"en-US\",\"@id\":\"https:\\\/\\\/secure.gravatar.com\\\/avatar\\\/e4be162918a696358376de6446614e0f0f4062bdc5d170d6d540ada3d8b58c12?s=96&d=mm&r=g\",\"url\":\"https:\\\/\\\/secure.gravatar.com\\\/avatar\\\/e4be162918a696358376de6446614e0f0f4062bdc5d170d6d540ada3d8b58c12?s=96&d=mm&r=g\",\"contentUrl\":\"https:\\\/\\\/secure.gravatar.com\\\/avatar\\\/e4be162918a696358376de6446614e0f0f4062bdc5d170d6d540ada3d8b58c12?s=96&d=mm&r=g\",\"caption\":\"Zona Caral Administrador\"},\"sameAs\":[\"https:\\\/\\\/zonacaral.gob.pe\"],\"url\":\"https:\\\/\\\/zonacaral.gob.pe\\\/en\\\/noticias\\\/author\\\/ad_zonacaral\\\/\"}]}<\/script>\n<!-- \/ Yoast SEO plugin. -->","yoast_head_json":{"title":"Solsticio de verano: \u00bfQu\u00e9 signific\u00f3 en la Civilizaci\u00f3n Caral?","description":"Durante las fechas de los solsticios, en junio y diciembre, es posible observar que los principales edificios piramidales de la Ciudad Sagrada de Caral-Supe \u2014Patrimonio Mundial y asentamiento urbano m\u00e1s antiguo de la primera civilizaci\u00f3n de Am\u00e9rica\u2014 presentan alineamientos con la salida y la puesta del Inti, el Sol.","robots":{"index":"index","follow":"follow","max-snippet":"max-snippet:-1","max-image-preview":"max-image-preview:large","max-video-preview":"max-video-preview:-1"},"canonical":"https:\/\/zonacaral.gob.pe\/en\/noticias\/solsticio-de-verano-que-significo-en-la-civilizacion-caral\/","og_locale":"en_US","og_type":"article","og_title":"Solsticio de verano: \u00bfQu\u00e9 signific\u00f3 en la Civilizaci\u00f3n Caral?","og_description":"Durante las fechas de los solsticios, en junio y diciembre, es posible observar que los principales edificios piramidales de la Ciudad Sagrada de Caral-Supe \u2014Patrimonio Mundial y asentamiento urbano m\u00e1s antiguo de la primera civilizaci\u00f3n de Am\u00e9rica\u2014 presentan alineamientos con la salida y la puesta del Inti, el Sol.","og_url":"https:\/\/zonacaral.gob.pe\/en\/noticias\/solsticio-de-verano-que-significo-en-la-civilizacion-caral\/","og_site_name":"Zona Caral","article_published_time":"2025-12-19T21:55:13+00:00","og_image":[{"width":1920,"height":1080,"url":"https:\/\/zonacaral.gob.pe\/wp-content\/uploads\/2025\/12\/solsticio-verano-en-caral.jpg","type":"image\/jpeg"}],"author":"Zona Caral Administrador","twitter_card":"summary_large_image","twitter_misc":{"Written by":"Zona Caral Administrador","Est. reading time":"2 minutes"},"schema":{"@context":"https:\/\/schema.org","@graph":[{"@type":"Article","@id":"https:\/\/zonacaral.gob.pe\/es\/noticias\/solsticio-de-verano-que-significo-en-la-civilizacion-caral\/#article","isPartOf":{"@id":"https:\/\/zonacaral.gob.pe\/es\/noticias\/solsticio-de-verano-que-significo-en-la-civilizacion-caral\/"},"author":{"name":"Zona Caral Administrador","@id":"https:\/\/zonacaral.gob.pe\/es\/#\/schema\/person\/beddb4d22f71a7230c5b90913270a0ee"},"headline":"Solsticio de verano: \u00bfQu\u00e9 signific\u00f3 en la Civilizaci\u00f3n Caral?","datePublished":"2025-12-19T21:55:13+00:00","mainEntityOfPage":{"@id":"https:\/\/zonacaral.gob.pe\/es\/noticias\/solsticio-de-verano-que-significo-en-la-civilizacion-caral\/"},"wordCount":487,"image":{"@id":"https:\/\/zonacaral.gob.pe\/es\/noticias\/solsticio-de-verano-que-significo-en-la-civilizacion-caral\/#primaryimage"},"thumbnailUrl":"https:\/\/zonacaral.gob.pe\/wp-content\/uploads\/2025\/12\/solsticio-verano-en-caral.jpg","keywords":["caral","Cultura"],"articleSection":["noticias"],"inLanguage":"en-US"},{"@type":"WebPage","@id":"https:\/\/zonacaral.gob.pe\/es\/noticias\/solsticio-de-verano-que-significo-en-la-civilizacion-caral\/","url":"https:\/\/zonacaral.gob.pe\/es\/noticias\/solsticio-de-verano-que-significo-en-la-civilizacion-caral\/","name":"Solsticio de verano: \u00bfQu\u00e9 signific\u00f3 en la Civilizaci\u00f3n Caral?","isPartOf":{"@id":"https:\/\/zonacaral.gob.pe\/es\/#website"},"primaryImageOfPage":{"@id":"https:\/\/zonacaral.gob.pe\/es\/noticias\/solsticio-de-verano-que-significo-en-la-civilizacion-caral\/#primaryimage"},"image":{"@id":"https:\/\/zonacaral.gob.pe\/es\/noticias\/solsticio-de-verano-que-significo-en-la-civilizacion-caral\/#primaryimage"},"thumbnailUrl":"https:\/\/zonacaral.gob.pe\/wp-content\/uploads\/2025\/12\/solsticio-verano-en-caral.jpg","datePublished":"2025-12-19T21:55:13+00:00","author":{"@id":"https:\/\/zonacaral.gob.pe\/es\/#\/schema\/person\/beddb4d22f71a7230c5b90913270a0ee"},"description":"Durante las fechas de los solsticios, en junio y diciembre, es posible observar que los principales edificios piramidales de la Ciudad Sagrada de Caral-Supe \u2014Patrimonio Mundial y asentamiento urbano m\u00e1s antiguo de la primera civilizaci\u00f3n de Am\u00e9rica\u2014 presentan alineamientos con la salida y la puesta del Inti, el Sol.","breadcrumb":{"@id":"https:\/\/zonacaral.gob.pe\/es\/noticias\/solsticio-de-verano-que-significo-en-la-civilizacion-caral\/#breadcrumb"},"inLanguage":"en-US","potentialAction":[{"@type":"ReadAction","target":["https:\/\/zonacaral.gob.pe\/es\/noticias\/solsticio-de-verano-que-significo-en-la-civilizacion-caral\/"]}]},{"@type":"ImageObject","inLanguage":"en-US","@id":"https:\/\/zonacaral.gob.pe\/es\/noticias\/solsticio-de-verano-que-significo-en-la-civilizacion-caral\/#primaryimage","url":"https:\/\/zonacaral.gob.pe\/wp-content\/uploads\/2025\/12\/solsticio-verano-en-caral.jpg","contentUrl":"https:\/\/zonacaral.gob.pe\/wp-content\/uploads\/2025\/12\/solsticio-verano-en-caral.jpg","width":1920,"height":1080},{"@type":"BreadcrumbList","@id":"https:\/\/zonacaral.gob.pe\/es\/noticias\/solsticio-de-verano-que-significo-en-la-civilizacion-caral\/#breadcrumb","itemListElement":[{"@type":"ListItem","position":1,"name":"Portada","item":"https:\/\/zonacaral.gob.pe\/"},{"@type":"ListItem","position":2,"name":"Solsticio de verano: \u00bfQu\u00e9 signific\u00f3 en la Civilizaci\u00f3n Caral?"}]},{"@type":"WebSite","@id":"https:\/\/zonacaral.gob.pe\/es\/#website","url":"https:\/\/zonacaral.gob.pe\/es\/","name":"Zona Caral","description":"Investigamos, conservamos y difundimos el patrimonio cultural de la Civilizaci\u00f3n Caral, la m\u00e1s antigua de Am\u00e9rica.","potentialAction":[{"@type":"SearchAction","target":{"@type":"EntryPoint","urlTemplate":"https:\/\/zonacaral.gob.pe\/es\/?s={search_term_string}"},"query-input":{"@type":"PropertyValueSpecification","valueRequired":true,"valueName":"search_term_string"}}],"inLanguage":"en-US"},{"@type":"Person","@id":"https:\/\/zonacaral.gob.pe\/es\/#\/schema\/person\/beddb4d22f71a7230c5b90913270a0ee","name":"Zona Caral Administrador","image":{"@type":"ImageObject","inLanguage":"en-US","@id":"https:\/\/secure.gravatar.com\/avatar\/e4be162918a696358376de6446614e0f0f4062bdc5d170d6d540ada3d8b58c12?s=96&d=mm&r=g","url":"https:\/\/secure.gravatar.com\/avatar\/e4be162918a696358376de6446614e0f0f4062bdc5d170d6d540ada3d8b58c12?s=96&d=mm&r=g","contentUrl":"https:\/\/secure.gravatar.com\/avatar\/e4be162918a696358376de6446614e0f0f4062bdc5d170d6d540ada3d8b58c12?s=96&d=mm&r=g","caption":"Zona Caral Administrador"},"sameAs":["https:\/\/zonacaral.gob.pe"],"url":"https:\/\/zonacaral.gob.pe\/en\/noticias\/author\/ad_zonacaral\/"}]}},"_links":{"self":[{"href":"https:\/\/zonacaral.gob.pe\/en\/wp-json\/wp\/v2\/posts\/18706","targetHints":{"allow":["GET"]}}],"collection":[{"href":"https:\/\/zonacaral.gob.pe\/en\/wp-json\/wp\/v2\/posts"}],"about":[{"href":"https:\/\/zonacaral.gob.pe\/en\/wp-json\/wp\/v2\/types\/post"}],"author":[{"embeddable":true,"href":"https:\/\/zonacaral.gob.pe\/en\/wp-json\/wp\/v2\/users\/1"}],"replies":[{"embeddable":true,"href":"https:\/\/zonacaral.gob.pe\/en\/wp-json\/wp\/v2\/comments?post=18706"}],"version-history":[{"count":0,"href":"https:\/\/zonacaral.gob.pe\/en\/wp-json\/wp\/v2\/posts\/18706\/revisions"}],"wp:featuredmedia":[{"embeddable":true,"href":"https:\/\/zonacaral.gob.pe\/en\/wp-json\/wp\/v2\/media\/18709"}],"wp:attachment":[{"href":"https:\/\/zonacaral.gob.pe\/en\/wp-json\/wp\/v2\/media?parent=18706"}],"wp:term":[{"taxonomy":"category","embeddable":true,"href":"https:\/\/zonacaral.gob.pe\/en\/wp-json\/wp\/v2\/categories?post=18706"},{"taxonomy":"post_tag","embeddable":true,"href":"https:\/\/zonacaral.gob.pe\/en\/wp-json\/wp\/v2\/tags?post=18706"}],"curies":[{"name":"wp","href":"https:\/\/api.w.org\/{rel}","templated":true}]}}