{"id":23961,"date":"2026-02-10T16:50:02","date_gmt":"2026-02-10T21:50:02","guid":{"rendered":"https:\/\/zonacaral.gob.pe\/?p=23961"},"modified":"2026-03-31T11:32:23","modified_gmt":"2026-03-31T16:32:23","slug":"obras-maestras-del-arte-caralino-se-exhibiran-cada-mes-en-el-ministerio-de-cultura","status":"publish","type":"post","link":"https:\/\/zonacaral.gob.pe\/en\/noticias\/obras-maestras-del-arte-caralino-se-exhibiran-cada-mes-en-el-ministerio-de-cultura\/","title":{"rendered":"Obras maestras del arte caralino se exhibir\u00e1n cada mes en el Ministerio de Cultura"},"content":{"rendered":"<blockquote class=\"wp-block-quote is-layout-flow wp-block-quote-is-layout-flow\">\n<p>Cada mes una pieza arqueol\u00f3gica ser\u00e1 presentada al p\u00fablico.<\/p>\n<\/blockquote>\n\n\n\n<p>La&nbsp;<a href=\"https:\/\/www.instagram.com\/caralperu\/?hl=es\" target=\"_blank\" rel=\"noreferrer noopener\"><strong>Zona Arqueol\u00f3gica Caral<\/strong><\/a>&nbsp;(ZAC), Unidad Ejecutora 003 del Ministerio de Cultura, expondr\u00e1 cada mes una pieza de la colecci\u00f3n de obras maestras recuperada en las investigaciones realizadas en doce centros urbanos vinculados con Caral, con el fin de que m\u00e1s peruanos conozcan el legado art\u00edstico y simb\u00f3lico de esta cultura milenaria.<\/p>\n\n\n\n<p>Las piezas se exhibir\u00e1n en el segundo piso del Ministerio de Cultura, ubicado en el distrito de San Borja \u2013 Lima, cerca del ingreso a las oficinas de la ZAC, y podr\u00e1n ser visitadas de manera gratuita.<\/p>\n\n\n\n<p>Cada mes, el p\u00fablico tendr\u00e1 la oportunidad de apreciar una obra distinta, acompa\u00f1ada de informaci\u00f3n especializada que permitir\u00e1 comprender su funci\u00f3n, significado y el contexto arqueol\u00f3gico en el que fue hallada, resaltando el alto nivel de desarrollo social, tecnol\u00f3gico y art\u00edstico alcanzado por la civilizaci\u00f3n caralina.<\/p>\n\n\n\n<p><strong><br>La escultura de febrero: \u201cPareja de Sapos\u201d<\/strong><\/p>\n\n\n\n<p>En febrero la pieza museal seleccionada es la destacada \u201cPareja de Sapos\u201d, hallada en Vichama, ciudad agropesquera ubicada en V\u00e9gueta, provincia de Huaura, y presentada el a\u00f1o pasado a la prensa nacional e internacional.<\/p>\n\n\n\n<p>Esta representaci\u00f3n dual, modelada en arcilla no cocida, constituye un s\u00edmbolo andino estrechamente vinculado a la llegada de las lluvias, la disponibilidad de agua y la regeneraci\u00f3n de la vida. Su iconograf\u00eda refuerza el mensaje plasmado en los relieves murales de Vichama, que narran episodios de escasez y esperanza frente a las crisis ambientales provocadas por el cambio clim\u00e1tico que enfrent\u00f3 la civilizaci\u00f3n Caral.<\/p>\n\n\n\n<p>La escultura se integra a otros importantes hallazgos del sitio, como la monumental composici\u00f3n conocida como \u201cLa Danza de la Muerte y de la Vida\u201d, conformada por 34 relieves murales que representan cuerpos adultos fallecidos \u2014con costillas marcadas y ojos cerrados\u2014 acompa\u00f1ados de figuras j\u00f3venes en una danza ritual, asociadas a dos grandes peces. En una etapa posterior, en el mismo edificio, se model\u00f3 el rostro de un sapo emergente con manos humanas y una figura geom\u00e9trica en forma de rayo, denominado \u201cSapo Humanizado\u201d.<\/p>\n\n\n\n<p>Esta representaci\u00f3n fue nuevamente registrada a\u00f1os despu\u00e9s en otro sal\u00f3n ceremonial del Sector K de Vichama, donde el relieve del \u201cSapo Humanizado\u201d aparece sobre una cabeza antropomorfa con los ojos cerrados, reafirmando su importancia simb\u00f3lica dentro del pensamiento caralino.<\/p>\n\n\n\n<p>En conjunto, estos hallazgos consolidan a Vichama como un sitio clave para comprender no s\u00f3lo las estrategias de subsistencia y planificaci\u00f3n constructiva de sus antiguos habitantes, sino tambi\u00e9n su extraordinaria capacidad para transformar la experiencia social y las adversidades ambientales en un poderoso mensaje colectivo de resiliencia, hoy m\u00e1s vigente que nunca frente a la actual crisis clim\u00e1tica global.<\/p>\n\n\n\n<p>DATO<\/p>\n\n\n\n<p>Las personas que visiten el Ministerio de Cultura tambi\u00e9n podr\u00e1n recorrer de manera gratuita la exposici\u00f3n museogr\u00e1fica denominada \u201cCentros Urbanos de la Civilizaci\u00f3n Caral\u201d, la cual se encuentra ubicada en la Sala Mochica. El horario de atenci\u00f3n es de 9:00 a. m. a 4:00 p. m.<\/p>\n\n\n\n<p><em>Para m\u00e1s noticias sobre el patrimonio cultural de la Civilizaci\u00f3n Caral, sigue a la Zona Arqueol\u00f3gica Caral en<\/em><a href=\"https:\/\/www.instagram.com\/caralperu\/?hl=es\" target=\"_blank\" rel=\"noreferrer noopener\"><em>&nbsp;Instagram<\/em><\/a><em>,<\/em><a href=\"https:\/\/www.tiktok.com\/@caral_peru?lang=es\" target=\"_blank\" rel=\"noreferrer noopener\"><em>&nbsp;Tik Tok<\/em><\/a><em>,<\/em><a href=\"https:\/\/www.facebook.com\/CARALPERU\/\" target=\"_blank\" rel=\"noreferrer noopener\"><em>&nbsp;Facebook<\/em><\/a><em>,<\/em><a href=\"https:\/\/x.com\/Peru_Caral\" target=\"_blank\" rel=\"noreferrer noopener\"><em>&nbsp;X<\/em><\/a><em>,<\/em><a href=\"https:\/\/www.youtube.com\/PeruCaral\" target=\"_blank\" rel=\"noreferrer noopener\"><em>&nbsp;YouTube<\/em><\/a><em>&nbsp;y en nuestro canal oficial de<\/em><a href=\"https:\/\/t.me\/Caral_Peru\" target=\"_blank\" rel=\"noreferrer noopener\"><em>&nbsp;Telegram<\/em><\/a><em>.<\/em><\/p>\n\n\n\n<p><\/p>\n\n\n\n<p><\/p>","protected":false},"excerpt":{"rendered":"<p>Cada mes una pieza arqueol\u00f3gica ser\u00e1 presentada al p\u00fablico. La&nbsp;Zona Arqueol\u00f3gica Caral&nbsp;(ZAC), Unidad Ejecutora 003 del Ministerio de Cultura, expondr\u00e1 [&hellip;]<\/p>\n","protected":false},"author":4,"featured_media":23965,"comment_status":"open","ping_status":"open","sticky":false,"template":"","format":"standard","meta":{"_acf_changed":false,"site-sidebar-layout":"default","site-content-layout":"","ast-site-content-layout":"default","site-content-style":"default","site-sidebar-style":"default","ast-global-header-display":"","ast-banner-title-visibility":"","ast-main-header-display":"","ast-hfb-above-header-display":"","ast-hfb-below-header-display":"","ast-hfb-mobile-header-display":"","site-post-title":"","ast-breadcrumbs-content":"","ast-featured-img":"","footer-sml-layout":"","ast-disable-related-posts":"","theme-transparent-header-meta":"","adv-header-id-meta":"","stick-header-meta":"","header-above-stick-meta":"","header-main-stick-meta":"","header-below-stick-meta":"","astra-migrate-meta-layouts":"default","ast-page-background-enabled":"default","ast-page-background-meta":{"desktop":{"background-color":"var(--ast-global-color-5)","background-image":"","background-repeat":"repeat","background-position":"center center","background-size":"auto","background-attachment":"scroll","background-type":"","background-media":"","overlay-type":"","overlay-color":"","overlay-opacity":"","overlay-gradient":""},"tablet":{"background-color":"","background-image":"","background-repeat":"repeat","background-position":"center center","background-size":"auto","background-attachment":"scroll","background-type":"","background-media":"","overlay-type":"","overlay-color":"","overlay-opacity":"","overlay-gradient":""},"mobile":{"background-color":"","background-image":"","background-repeat":"repeat","background-position":"center center","background-size":"auto","background-attachment":"scroll","background-type":"","background-media":"","overlay-type":"","overlay-color":"","overlay-opacity":"","overlay-gradient":""}},"ast-content-background-meta":{"desktop":{"background-color":"var(--ast-global-color-4)","background-image":"","background-repeat":"repeat","background-position":"center center","background-size":"auto","background-attachment":"scroll","background-type":"","background-media":"","overlay-type":"","overlay-color":"","overlay-opacity":"","overlay-gradient":""},"tablet":{"background-color":"var(--ast-global-color-4)","background-image":"","background-repeat":"repeat","background-position":"center center","background-size":"auto","background-attachment":"scroll","background-type":"","background-media":"","overlay-type":"","overlay-color":"","overlay-opacity":"","overlay-gradient":""},"mobile":{"background-color":"var(--ast-global-color-4)","background-image":"","background-repeat":"repeat","background-position":"center center","background-size":"auto","background-attachment":"scroll","background-type":"","background-media":"","overlay-type":"","overlay-color":"","overlay-opacity":"","overlay-gradient":""}},"footnotes":""},"categories":[208],"tags":[55,74,230],"class_list":["post-23961","post","type-post","status-publish","format-standard","has-post-thumbnail","hentry","category-noticias","tag-caral","tag-ministerio-de-cultura","tag-objeto-notable"],"acf":[],"yoast_head":"<!-- This site is optimized with the Yoast SEO plugin v27.3 - https:\/\/yoast.com\/product\/yoast-seo-wordpress\/ -->\n<title>Obras maestras del arte caralino se exhibir\u00e1n cada mes en el Ministerio de Cultura - Zona Caral<\/title>\n<meta name=\"robots\" content=\"index, follow, max-snippet:-1, max-image-preview:large, max-video-preview:-1\" \/>\n<link rel=\"canonical\" href=\"https:\/\/zonacaral.gob.pe\/en\/noticias\/obras-maestras-del-arte-caralino-se-exhibiran-cada-mes-en-el-ministerio-de-cultura\/\" \/>\n<meta property=\"og:locale\" content=\"en_US\" \/>\n<meta property=\"og:type\" content=\"article\" \/>\n<meta property=\"og:title\" content=\"Obras maestras del arte caralino se exhibir\u00e1n cada mes en el Ministerio de Cultura - Zona Caral\" \/>\n<meta property=\"og:description\" content=\"Cada mes una pieza arqueol\u00f3gica ser\u00e1 presentada al p\u00fablico. La&nbsp;Zona Arqueol\u00f3gica Caral&nbsp;(ZAC), Unidad Ejecutora 003 del Ministerio de Cultura, expondr\u00e1 [&hellip;]\" \/>\n<meta property=\"og:url\" content=\"https:\/\/zonacaral.gob.pe\/en\/noticias\/obras-maestras-del-arte-caralino-se-exhibiran-cada-mes-en-el-ministerio-de-cultura\/\" \/>\n<meta property=\"og:site_name\" content=\"Zona Caral\" \/>\n<meta property=\"article:published_time\" content=\"2026-02-10T21:50:02+00:00\" \/>\n<meta property=\"article:modified_time\" content=\"2026-03-31T16:32:23+00:00\" \/>\n<meta property=\"og:image\" content=\"https:\/\/zonacaral.gob.pe\/wp-content\/uploads\/2026\/03\/ministerio-escultura.jpg\" \/>\n\t<meta property=\"og:image:width\" content=\"1920\" \/>\n\t<meta property=\"og:image:height\" content=\"1080\" \/>\n\t<meta property=\"og:image:type\" content=\"image\/jpeg\" \/>\n<meta name=\"author\" content=\"webmaster\" \/>\n<meta name=\"twitter:card\" content=\"summary_large_image\" \/>\n<meta name=\"twitter:label1\" content=\"Written by\" \/>\n\t<meta name=\"twitter:data1\" content=\"webmaster\" \/>\n\t<meta name=\"twitter:label2\" content=\"Est. reading time\" \/>\n\t<meta name=\"twitter:data2\" content=\"3 minutes\" \/>\n<script type=\"application\/ld+json\" class=\"yoast-schema-graph\">{\"@context\":\"https:\\\/\\\/schema.org\",\"@graph\":[{\"@type\":\"Article\",\"@id\":\"https:\\\/\\\/zonacaral.gob.pe\\\/noticias\\\/obras-maestras-del-arte-caralino-se-exhibiran-cada-mes-en-el-ministerio-de-cultura\\\/#article\",\"isPartOf\":{\"@id\":\"https:\\\/\\\/zonacaral.gob.pe\\\/noticias\\\/obras-maestras-del-arte-caralino-se-exhibiran-cada-mes-en-el-ministerio-de-cultura\\\/\"},\"author\":{\"name\":\"webmaster\",\"@id\":\"https:\\\/\\\/zonacaral.gob.pe\\\/es\\\/#\\\/schema\\\/person\\\/c3fbf557c7f65281e36e4e45873334e0\"},\"headline\":\"Obras maestras del arte caralino se exhibir\u00e1n cada mes en el Ministerio de Cultura\",\"datePublished\":\"2026-02-10T21:50:02+00:00\",\"dateModified\":\"2026-03-31T16:32:23+00:00\",\"mainEntityOfPage\":{\"@id\":\"https:\\\/\\\/zonacaral.gob.pe\\\/noticias\\\/obras-maestras-del-arte-caralino-se-exhibiran-cada-mes-en-el-ministerio-de-cultura\\\/\"},\"wordCount\":576,\"commentCount\":0,\"image\":{\"@id\":\"https:\\\/\\\/zonacaral.gob.pe\\\/noticias\\\/obras-maestras-del-arte-caralino-se-exhibiran-cada-mes-en-el-ministerio-de-cultura\\\/#primaryimage\"},\"thumbnailUrl\":\"https:\\\/\\\/zonacaral.gob.pe\\\/wp-content\\\/uploads\\\/2026\\\/03\\\/ministerio-escultura.jpg\",\"keywords\":[\"caral\",\"Ministerio de Cultura\",\"Objeto notable\"],\"articleSection\":[\"noticias\"],\"inLanguage\":\"en-US\",\"potentialAction\":[{\"@type\":\"CommentAction\",\"name\":\"Comment\",\"target\":[\"https:\\\/\\\/zonacaral.gob.pe\\\/noticias\\\/obras-maestras-del-arte-caralino-se-exhibiran-cada-mes-en-el-ministerio-de-cultura\\\/#respond\"]}]},{\"@type\":\"WebPage\",\"@id\":\"https:\\\/\\\/zonacaral.gob.pe\\\/noticias\\\/obras-maestras-del-arte-caralino-se-exhibiran-cada-mes-en-el-ministerio-de-cultura\\\/\",\"url\":\"https:\\\/\\\/zonacaral.gob.pe\\\/noticias\\\/obras-maestras-del-arte-caralino-se-exhibiran-cada-mes-en-el-ministerio-de-cultura\\\/\",\"name\":\"Obras maestras del arte caralino se exhibir\u00e1n cada mes en el Ministerio de Cultura - Zona Caral\",\"isPartOf\":{\"@id\":\"https:\\\/\\\/zonacaral.gob.pe\\\/es\\\/#website\"},\"primaryImageOfPage\":{\"@id\":\"https:\\\/\\\/zonacaral.gob.pe\\\/noticias\\\/obras-maestras-del-arte-caralino-se-exhibiran-cada-mes-en-el-ministerio-de-cultura\\\/#primaryimage\"},\"image\":{\"@id\":\"https:\\\/\\\/zonacaral.gob.pe\\\/noticias\\\/obras-maestras-del-arte-caralino-se-exhibiran-cada-mes-en-el-ministerio-de-cultura\\\/#primaryimage\"},\"thumbnailUrl\":\"https:\\\/\\\/zonacaral.gob.pe\\\/wp-content\\\/uploads\\\/2026\\\/03\\\/ministerio-escultura.jpg\",\"datePublished\":\"2026-02-10T21:50:02+00:00\",\"dateModified\":\"2026-03-31T16:32:23+00:00\",\"author\":{\"@id\":\"https:\\\/\\\/zonacaral.gob.pe\\\/es\\\/#\\\/schema\\\/person\\\/c3fbf557c7f65281e36e4e45873334e0\"},\"breadcrumb\":{\"@id\":\"https:\\\/\\\/zonacaral.gob.pe\\\/noticias\\\/obras-maestras-del-arte-caralino-se-exhibiran-cada-mes-en-el-ministerio-de-cultura\\\/#breadcrumb\"},\"inLanguage\":\"en-US\",\"potentialAction\":[{\"@type\":\"ReadAction\",\"target\":[\"https:\\\/\\\/zonacaral.gob.pe\\\/noticias\\\/obras-maestras-del-arte-caralino-se-exhibiran-cada-mes-en-el-ministerio-de-cultura\\\/\"]}]},{\"@type\":\"ImageObject\",\"inLanguage\":\"en-US\",\"@id\":\"https:\\\/\\\/zonacaral.gob.pe\\\/noticias\\\/obras-maestras-del-arte-caralino-se-exhibiran-cada-mes-en-el-ministerio-de-cultura\\\/#primaryimage\",\"url\":\"https:\\\/\\\/zonacaral.gob.pe\\\/wp-content\\\/uploads\\\/2026\\\/03\\\/ministerio-escultura.jpg\",\"contentUrl\":\"https:\\\/\\\/zonacaral.gob.pe\\\/wp-content\\\/uploads\\\/2026\\\/03\\\/ministerio-escultura.jpg\",\"width\":1920,\"height\":1080},{\"@type\":\"BreadcrumbList\",\"@id\":\"https:\\\/\\\/zonacaral.gob.pe\\\/noticias\\\/obras-maestras-del-arte-caralino-se-exhibiran-cada-mes-en-el-ministerio-de-cultura\\\/#breadcrumb\",\"itemListElement\":[{\"@type\":\"ListItem\",\"position\":1,\"name\":\"Portada\",\"item\":\"https:\\\/\\\/zonacaral.gob.pe\\\/\"},{\"@type\":\"ListItem\",\"position\":2,\"name\":\"Obras maestras del arte caralino se exhibir\u00e1n cada mes en el Ministerio de Cultura\"}]},{\"@type\":\"WebSite\",\"@id\":\"https:\\\/\\\/zonacaral.gob.pe\\\/es\\\/#website\",\"url\":\"https:\\\/\\\/zonacaral.gob.pe\\\/es\\\/\",\"name\":\"Zona Caral\",\"description\":\"Investigamos, conservamos y difundimos el patrimonio cultural de la Civilizaci\u00f3n Caral, la m\u00e1s antigua de Am\u00e9rica.\",\"potentialAction\":[{\"@type\":\"SearchAction\",\"target\":{\"@type\":\"EntryPoint\",\"urlTemplate\":\"https:\\\/\\\/zonacaral.gob.pe\\\/es\\\/?s={search_term_string}\"},\"query-input\":{\"@type\":\"PropertyValueSpecification\",\"valueRequired\":true,\"valueName\":\"search_term_string\"}}],\"inLanguage\":\"en-US\"},{\"@type\":\"Person\",\"@id\":\"https:\\\/\\\/zonacaral.gob.pe\\\/es\\\/#\\\/schema\\\/person\\\/c3fbf557c7f65281e36e4e45873334e0\",\"name\":\"webmaster\",\"image\":{\"@type\":\"ImageObject\",\"inLanguage\":\"en-US\",\"@id\":\"https:\\\/\\\/secure.gravatar.com\\\/avatar\\\/8164655a0d908be71943f534b536cb394851ecb8a615a9f115545b1a90b0ce5b?s=96&d=mm&r=g\",\"url\":\"https:\\\/\\\/secure.gravatar.com\\\/avatar\\\/8164655a0d908be71943f534b536cb394851ecb8a615a9f115545b1a90b0ce5b?s=96&d=mm&r=g\",\"contentUrl\":\"https:\\\/\\\/secure.gravatar.com\\\/avatar\\\/8164655a0d908be71943f534b536cb394851ecb8a615a9f115545b1a90b0ce5b?s=96&d=mm&r=g\",\"caption\":\"webmaster\"},\"url\":\"https:\\\/\\\/zonacaral.gob.pe\\\/en\\\/noticias\\\/author\\\/webmaster\\\/\"}]}<\/script>\n<!-- \/ Yoast SEO plugin. -->","yoast_head_json":{"title":"Obras maestras del arte caralino se exhibir\u00e1n cada mes en el Ministerio de Cultura - Zona Caral","robots":{"index":"index","follow":"follow","max-snippet":"max-snippet:-1","max-image-preview":"max-image-preview:large","max-video-preview":"max-video-preview:-1"},"canonical":"https:\/\/zonacaral.gob.pe\/en\/noticias\/obras-maestras-del-arte-caralino-se-exhibiran-cada-mes-en-el-ministerio-de-cultura\/","og_locale":"en_US","og_type":"article","og_title":"Obras maestras del arte caralino se exhibir\u00e1n cada mes en el Ministerio de Cultura - Zona Caral","og_description":"Cada mes una pieza arqueol\u00f3gica ser\u00e1 presentada al p\u00fablico. La&nbsp;Zona Arqueol\u00f3gica Caral&nbsp;(ZAC), Unidad Ejecutora 003 del Ministerio de Cultura, expondr\u00e1 [&hellip;]","og_url":"https:\/\/zonacaral.gob.pe\/en\/noticias\/obras-maestras-del-arte-caralino-se-exhibiran-cada-mes-en-el-ministerio-de-cultura\/","og_site_name":"Zona Caral","article_published_time":"2026-02-10T21:50:02+00:00","article_modified_time":"2026-03-31T16:32:23+00:00","og_image":[{"width":1920,"height":1080,"url":"https:\/\/zonacaral.gob.pe\/wp-content\/uploads\/2026\/03\/ministerio-escultura.jpg","type":"image\/jpeg"}],"author":"webmaster","twitter_card":"summary_large_image","twitter_misc":{"Written by":"webmaster","Est. reading time":"3 minutes"},"schema":{"@context":"https:\/\/schema.org","@graph":[{"@type":"Article","@id":"https:\/\/zonacaral.gob.pe\/noticias\/obras-maestras-del-arte-caralino-se-exhibiran-cada-mes-en-el-ministerio-de-cultura\/#article","isPartOf":{"@id":"https:\/\/zonacaral.gob.pe\/noticias\/obras-maestras-del-arte-caralino-se-exhibiran-cada-mes-en-el-ministerio-de-cultura\/"},"author":{"name":"webmaster","@id":"https:\/\/zonacaral.gob.pe\/es\/#\/schema\/person\/c3fbf557c7f65281e36e4e45873334e0"},"headline":"Obras maestras del arte caralino se exhibir\u00e1n cada mes en el Ministerio de Cultura","datePublished":"2026-02-10T21:50:02+00:00","dateModified":"2026-03-31T16:32:23+00:00","mainEntityOfPage":{"@id":"https:\/\/zonacaral.gob.pe\/noticias\/obras-maestras-del-arte-caralino-se-exhibiran-cada-mes-en-el-ministerio-de-cultura\/"},"wordCount":576,"commentCount":0,"image":{"@id":"https:\/\/zonacaral.gob.pe\/noticias\/obras-maestras-del-arte-caralino-se-exhibiran-cada-mes-en-el-ministerio-de-cultura\/#primaryimage"},"thumbnailUrl":"https:\/\/zonacaral.gob.pe\/wp-content\/uploads\/2026\/03\/ministerio-escultura.jpg","keywords":["caral","Ministerio de Cultura","Objeto notable"],"articleSection":["noticias"],"inLanguage":"en-US","potentialAction":[{"@type":"CommentAction","name":"Comment","target":["https:\/\/zonacaral.gob.pe\/noticias\/obras-maestras-del-arte-caralino-se-exhibiran-cada-mes-en-el-ministerio-de-cultura\/#respond"]}]},{"@type":"WebPage","@id":"https:\/\/zonacaral.gob.pe\/noticias\/obras-maestras-del-arte-caralino-se-exhibiran-cada-mes-en-el-ministerio-de-cultura\/","url":"https:\/\/zonacaral.gob.pe\/noticias\/obras-maestras-del-arte-caralino-se-exhibiran-cada-mes-en-el-ministerio-de-cultura\/","name":"Obras maestras del arte caralino se exhibir\u00e1n cada mes en el Ministerio de Cultura - Zona Caral","isPartOf":{"@id":"https:\/\/zonacaral.gob.pe\/es\/#website"},"primaryImageOfPage":{"@id":"https:\/\/zonacaral.gob.pe\/noticias\/obras-maestras-del-arte-caralino-se-exhibiran-cada-mes-en-el-ministerio-de-cultura\/#primaryimage"},"image":{"@id":"https:\/\/zonacaral.gob.pe\/noticias\/obras-maestras-del-arte-caralino-se-exhibiran-cada-mes-en-el-ministerio-de-cultura\/#primaryimage"},"thumbnailUrl":"https:\/\/zonacaral.gob.pe\/wp-content\/uploads\/2026\/03\/ministerio-escultura.jpg","datePublished":"2026-02-10T21:50:02+00:00","dateModified":"2026-03-31T16:32:23+00:00","author":{"@id":"https:\/\/zonacaral.gob.pe\/es\/#\/schema\/person\/c3fbf557c7f65281e36e4e45873334e0"},"breadcrumb":{"@id":"https:\/\/zonacaral.gob.pe\/noticias\/obras-maestras-del-arte-caralino-se-exhibiran-cada-mes-en-el-ministerio-de-cultura\/#breadcrumb"},"inLanguage":"en-US","potentialAction":[{"@type":"ReadAction","target":["https:\/\/zonacaral.gob.pe\/noticias\/obras-maestras-del-arte-caralino-se-exhibiran-cada-mes-en-el-ministerio-de-cultura\/"]}]},{"@type":"ImageObject","inLanguage":"en-US","@id":"https:\/\/zonacaral.gob.pe\/noticias\/obras-maestras-del-arte-caralino-se-exhibiran-cada-mes-en-el-ministerio-de-cultura\/#primaryimage","url":"https:\/\/zonacaral.gob.pe\/wp-content\/uploads\/2026\/03\/ministerio-escultura.jpg","contentUrl":"https:\/\/zonacaral.gob.pe\/wp-content\/uploads\/2026\/03\/ministerio-escultura.jpg","width":1920,"height":1080},{"@type":"BreadcrumbList","@id":"https:\/\/zonacaral.gob.pe\/noticias\/obras-maestras-del-arte-caralino-se-exhibiran-cada-mes-en-el-ministerio-de-cultura\/#breadcrumb","itemListElement":[{"@type":"ListItem","position":1,"name":"Portada","item":"https:\/\/zonacaral.gob.pe\/"},{"@type":"ListItem","position":2,"name":"Obras maestras del arte caralino se exhibir\u00e1n cada mes en el Ministerio de Cultura"}]},{"@type":"WebSite","@id":"https:\/\/zonacaral.gob.pe\/es\/#website","url":"https:\/\/zonacaral.gob.pe\/es\/","name":"Zona Caral","description":"Investigamos, conservamos y difundimos el patrimonio cultural de la Civilizaci\u00f3n Caral, la m\u00e1s antigua de Am\u00e9rica.","potentialAction":[{"@type":"SearchAction","target":{"@type":"EntryPoint","urlTemplate":"https:\/\/zonacaral.gob.pe\/es\/?s={search_term_string}"},"query-input":{"@type":"PropertyValueSpecification","valueRequired":true,"valueName":"search_term_string"}}],"inLanguage":"en-US"},{"@type":"Person","@id":"https:\/\/zonacaral.gob.pe\/es\/#\/schema\/person\/c3fbf557c7f65281e36e4e45873334e0","name":"webmaster","image":{"@type":"ImageObject","inLanguage":"en-US","@id":"https:\/\/secure.gravatar.com\/avatar\/8164655a0d908be71943f534b536cb394851ecb8a615a9f115545b1a90b0ce5b?s=96&d=mm&r=g","url":"https:\/\/secure.gravatar.com\/avatar\/8164655a0d908be71943f534b536cb394851ecb8a615a9f115545b1a90b0ce5b?s=96&d=mm&r=g","contentUrl":"https:\/\/secure.gravatar.com\/avatar\/8164655a0d908be71943f534b536cb394851ecb8a615a9f115545b1a90b0ce5b?s=96&d=mm&r=g","caption":"webmaster"},"url":"https:\/\/zonacaral.gob.pe\/en\/noticias\/author\/webmaster\/"}]}},"_links":{"self":[{"href":"https:\/\/zonacaral.gob.pe\/en\/wp-json\/wp\/v2\/posts\/23961","targetHints":{"allow":["GET"]}}],"collection":[{"href":"https:\/\/zonacaral.gob.pe\/en\/wp-json\/wp\/v2\/posts"}],"about":[{"href":"https:\/\/zonacaral.gob.pe\/en\/wp-json\/wp\/v2\/types\/post"}],"author":[{"embeddable":true,"href":"https:\/\/zonacaral.gob.pe\/en\/wp-json\/wp\/v2\/users\/4"}],"replies":[{"embeddable":true,"href":"https:\/\/zonacaral.gob.pe\/en\/wp-json\/wp\/v2\/comments?post=23961"}],"version-history":[{"count":3,"href":"https:\/\/zonacaral.gob.pe\/en\/wp-json\/wp\/v2\/posts\/23961\/revisions"}],"predecessor-version":[{"id":23979,"href":"https:\/\/zonacaral.gob.pe\/en\/wp-json\/wp\/v2\/posts\/23961\/revisions\/23979"}],"wp:featuredmedia":[{"embeddable":true,"href":"https:\/\/zonacaral.gob.pe\/en\/wp-json\/wp\/v2\/media\/23965"}],"wp:attachment":[{"href":"https:\/\/zonacaral.gob.pe\/en\/wp-json\/wp\/v2\/media?parent=23961"}],"wp:term":[{"taxonomy":"category","embeddable":true,"href":"https:\/\/zonacaral.gob.pe\/en\/wp-json\/wp\/v2\/categories?post=23961"},{"taxonomy":"post_tag","embeddable":true,"href":"https:\/\/zonacaral.gob.pe\/en\/wp-json\/wp\/v2\/tags?post=23961"}],"curies":[{"name":"wp","href":"https:\/\/api.w.org\/{rel}","templated":true}]}}