{"id":26473,"date":"2026-09-03T15:41:15","date_gmt":"2026-09-03T20:41:15","guid":{"rendered":"https:\/\/zonacaral.gob.pe\/?p=26473"},"modified":"2026-09-03T15:43:59","modified_gmt":"2026-09-03T20:43:59","slug":"vichama-raymi-2026","status":"publish","type":"post","link":"https:\/\/zonacaral.gob.pe\/en\/noticias\/vichama-raymi-2026\/","title":{"rendered":"VICHAMA RAYMI 2026"},"content":{"rendered":"<div data-elementor-type=\"wp-post\" data-elementor-id=\"26473\" class=\"elementor elementor-26473\" data-elementor-post-type=\"post\">\n\t\t\t\t<div class=\"elementor-element elementor-element-40bf28fd e-con-full e-flex e-con e-parent\" data-id=\"40bf28fd\" data-element_type=\"container\" data-e-type=\"container\">\n\t\t\t\t<div class=\"elementor-element elementor-element-a1bf283 elementor-widget__width-inherit elementor-widget elementor-widget-image\" data-id=\"a1bf283\" data-element_type=\"widget\" data-e-type=\"widget\" data-widget_type=\"image.default\">\n\t\t\t\t\t\t\t\t\t\t\t\t\t\t\t<img fetchpriority=\"high\" decoding=\"async\" width=\"1429\" height=\"883\" src=\"https:\/\/zonacaral.gob.pe\/wp-content\/uploads\/2026\/08\/Vichama-Raymi-encabezado-2026.jpg\" class=\"attachment-full size-full wp-image-26474\" alt=\"\" srcset=\"https:\/\/zonacaral.gob.pe\/wp-content\/uploads\/2026\/08\/Vichama-Raymi-encabezado-2026.jpg 1429w, https:\/\/zonacaral.gob.pe\/wp-content\/uploads\/2026\/08\/Vichama-Raymi-encabezado-2026-300x185.jpg 300w, https:\/\/zonacaral.gob.pe\/wp-content\/uploads\/2026\/08\/Vichama-Raymi-encabezado-2026-1024x633.jpg 1024w, https:\/\/zonacaral.gob.pe\/wp-content\/uploads\/2026\/08\/Vichama-Raymi-encabezado-2026-768x475.jpg 768w, https:\/\/zonacaral.gob.pe\/wp-content\/uploads\/2026\/08\/Vichama-Raymi-encabezado-2026-18x12.jpg 18w, https:\/\/zonacaral.gob.pe\/wp-content\/uploads\/2026\/08\/Vichama-Raymi-encabezado-2026-600x371.jpg 600w\" sizes=\"(max-width: 1429px) 100vw, 1429px\" \/>\t\t\t\t\t\t\t\t\t\t\t\t\t\t\t<\/div>\n\t\t\t\t<\/div>\n\t\t<div class=\"elementor-element elementor-element-3fd5fd0 e-flex e-con-boxed e-con e-parent\" data-id=\"3fd5fd0\" data-element_type=\"container\" data-e-type=\"container\">\n\t\t\t\t\t<div class=\"e-con-inner\">\n\t\t<div class=\"elementor-element elementor-element-284b164 e-con-full e-flex e-con e-child\" data-id=\"284b164\" data-element_type=\"container\" data-e-type=\"container\">\n\t\t\t\t<div class=\"elementor-element elementor-element-67f30e4 elementor-widget__width-initial elementor-invisible elementor-widget elementor-widget-heading\" data-id=\"67f30e4\" data-element_type=\"widget\" data-e-type=\"widget\" data-settings=\"{&quot;_animation&quot;:&quot;fadeInLeft&quot;}\" data-widget_type=\"heading.default\">\n\t\t\t\t\t<h2 class=\"elementor-heading-title elementor-size-default\"><span>Vichama<\/span> Raymi<\/h2>\t\t\t\t<\/div>\n\t\t\t\t<div class=\"elementor-element elementor-element-25766bc4 elementor-widget elementor-widget-text-editor\" data-id=\"25766bc4\" data-element_type=\"widget\" data-e-type=\"widget\" data-widget_type=\"text-editor.default\">\n\t\t\t\t\t\t\t\t\t<blockquote>\n<p><\/p>\n<p class=\"wp-block-paragraph\"><b>Memoria del cambio clim\u00e1tico para generar reflexiones en el presente.<\/b><\/p>\n<p><\/p>\n<\/blockquote>\n<p><!-- \/wp:quote --><!-- wp:paragraph --><\/p>\n<p><!-- \/wp:paragraph --><!-- wp:paragraph --><\/p>\n<p><span style=\"font-weight: 400;\">La Zona Arqueol\u00f3gica Caral revive la antigua tradici\u00f3n andina de los Raymis, encuentros colectivos orientados a fortalecer la identidad cultural y la cohesi\u00f3n social. En esta edici\u00f3n, el evento conmemora el 19.\u00ba aniversario del inicio de los trabajos de investigaci\u00f3n, conservaci\u00f3n y difusi\u00f3n en Vichama, Ciudad Agropesquera de V\u00e9gueta (Huacho\u2013Huaura). Mediante actividades participativas, esta pr\u00e1ctica reinterpreta el legado arqueol\u00f3gico local para promover la reciprocidad, la solidaridad y la continuidad de los saberes ancestrales frente a los desaf\u00edos ambientales modernos.<\/span><\/p>\n<p><span style=\"font-weight: 400;\">El programa cultural del <\/span><b>\u00abVichama Raymi 2026\u00bb<\/b><span style=\"font-weight: 400;\"> se articula en torno a tres ejes tem\u00e1ticos fundamentales:<\/span><\/p>\n<ul>\n<li style=\"font-weight: 400;\" aria-level=\"1\"><b>Sostenibilidad:<\/b><span style=\"font-weight: 400;\"> El valor de la econom\u00eda agropesquera complementaria como un modelo de desarrollo sostenible.<\/span><\/li>\n<li style=\"font-weight: 400;\" aria-level=\"1\"><b>Memoria clim\u00e1tica e intercambio:<\/b><span style=\"font-weight: 400;\"> La importancia de registrar el cambio clim\u00e1tico en la memoria colectiva desde hace 3800 a\u00f1os, sumado al intercambio comercial e intercultural v\u00eda terrestre (sierra y selva) y mar\u00edtima a larga distancia.<\/span><\/li>\n<li style=\"font-weight: 400;\" aria-level=\"1\"><b>Desarrollo integral:<\/b><span style=\"font-weight: 400;\"> El uso de la historia social recuperada en Vichama como motor de crecimiento social, cultural y econ\u00f3mico.<\/span><\/li>\n<\/ul>\n<p><span style=\"font-weight: 400;\">Para proyectar este valioso legado a nivel local y nacional, la Zona Arqueol\u00f3gica Caral ha dise\u00f1ado el siguiente calendario de actividades:<\/span><\/p>\n<p><strong><a style=\"background-color: #ffffff; font-size: 1rem;\" href=\"https:\/\/drive.google.com\/file\/d\/1W49dFJ5DoxJtxpElL_vkS_px8ipsKlRH\/view\" target=\"_blank\" rel=\"noopener\">DESCARGA EL PROGRAMA<\/a><\/strong><\/p>\n<p><b style=\"font-style: inherit;\">ACTIVIDADES PRELIMINARES EN LIMA<\/b><\/p>\n<p><i><span style=\"font-weight: 400;\">Se llevar\u00e1n a cabo en el Ministerio de Cultura del Per\u00fa (Av. Javier Prado Este n.\u00b0 2465, San Borja).<\/span><\/i><\/p>\n<p><b>EXPOSICI\u00d3N MUSEOGR\u00c1FICA: \u00abMemoria sobre el cambio clim\u00e1tico y sus efectos para generar reflexiones en el presente\u00bb,<\/b><\/p>\n<p><span style=\"font-weight: 400;\">Del <\/span><b>13 de agosto al 13 de septiembre<\/b><span style=\"font-weight: 400;\"> en el Hall Paracas. Atiende al p\u00fablico de martes a domingo, de 10:00 a. m. a 4:00 p. m. con ingreso libre y gratuito.<\/span><\/p>\n<ul>\n<li style=\"font-weight: 400;\" aria-level=\"1\"><span style=\"font-weight: 400;\">La exposici\u00f3n ofrece visitas guiadas por mediadores culturales y experiencias multisensoriales que muestran c\u00f3mo los antiguos habitantes transformaron una crisis ambiental en un mensaje para el futuro, complementadas con innovadoras estaciones de realidad virtual y mixta.<\/span><\/li>\n<\/ul>\n<p><b>CONFERENCIA DE PRENSA<\/b><\/p>\n<p><b>Mi\u00e9rcoles 26 de agosto, <\/b><span style=\"font-weight: 400;\">10:45 a. m., para difundir el desarrollo del \u00abVichama Raymi\u00bb a nivel local, nacional e internacional.<\/span><\/p>\n<p><span style=\"font-weight: 400;\">Expositoras: Dra. Ruth Shady Solis y Lic. Tatiana Abad Lezama.<\/span><\/p>\n<ul>\n<li style=\"font-weight: 400;\" aria-level=\"1\"><span style=\"font-weight: 400;\">Presentaci\u00f3n de la historia social recuperada en diecinueve a\u00f1os de investigaci\u00f3n en Vichama con \u00e9nfasis en el registro del cambio clim\u00e1tico en la memoria colectiva desde 3800 a\u00f1os y en el intercambio comercial.<\/span><\/li>\n<li style=\"font-weight: 400;\" aria-level=\"1\"><span style=\"font-weight: 400;\">Demostraci\u00f3n y degustaci\u00f3n de cocina milenaria agropesquera.<\/span><\/li>\n<li style=\"font-weight: 400;\" aria-level=\"1\"><span style=\"font-weight: 400;\">Exposici\u00f3n y venta de artesan\u00edas y vinos de V\u00e9gueta y alrededores.<\/span><\/li>\n<\/ul>\n<p><b>TALLER CARAL PARA TODOS: \u00abSerpientes de Vichama, entre arcilla y hueso\u201d<\/b><\/p>\n<p><b>Viernes 28 de agosto,<\/b><span style=\"font-weight: 400;\"> en el Hall Paracas, de 3:00 p. m. a 4:30 p. m., a cargo del artista Jos\u00e9 Zapata Casanova y dirigido a p\u00fablico general.<\/span><\/p>\n<ul>\n<li style=\"font-weight: 400;\" aria-level=\"1\"><span style=\"font-weight: 400;\">Taller pr\u00e1ctico de dibujo a l\u00e1piz y carboncillo que analiza las representaciones de serpientes en relieves y objetos \u00f3seos de Vichama, explorando su simbolismo ligado al agua, la fertilidad y la regeneraci\u00f3n de la vida, para concluir con una galer\u00eda que expone las ilustraciones creadas por los participantes.<\/span><\/li>\n<\/ul>\n<p><b>TALLER CARAL PARA TODOS: \u00abTejiendo Shicras, tecnolog\u00eda ancestral de construcci\u00f3n y resistencia\u201d\u00a0<\/b><\/p>\n<p><b>Lunes 31 de agosto <\/b><span style=\"font-weight: 400;\">en dos turnos: 10:00 a. m. y de 3:00 p. m. y <\/span><b>martes 1 de septiembre<\/b><span style=\"font-weight: 400;\"> a las 3:00 p. m., en el Hall Paracas, a cargo de la especialista Katerine Albornoz y dirigido a p\u00fablico general y familias.<\/span><\/p>\n<ul>\n<li style=\"font-weight: 400;\" aria-level=\"1\"><span style=\"font-weight: 400;\">Taller que permitir\u00e1 conocer el uso de las megashicras como tecnolog\u00eda constructiva sismorresistente empleada en los edificios de Vichama. Cada participante elaborar\u00e1 su propia shicra tejida.<\/span><\/li>\n<\/ul>\n<p><b>ACTIVIDADES PRELIMINARES EN V\u00c9GUETA<\/b><\/p>\n<p><i><span style=\"font-weight: 400;\">Organizado en coordinaci\u00f3n con la Unidad de Gesti\u00f3n Educativa Local N\u00ba 09-HUAURA (UGEL 09) para fomentar la participaci\u00f3n de la poblaci\u00f3n escolar del distrito de V\u00e9gueta.<\/span><\/i><\/p>\n<p><b>12.\u00ba CONCURSO DE MODELADO EN ARCILLA:\u00a0 \u201cModelando las Esculturas de Vichama-V\u00e9gueta\u201d<\/b><\/p>\n<p><b>Martes 1 de septiembre<\/b><span style=\"font-weight: 400;\">.<\/span><\/p>\n<ul>\n<li style=\"font-weight: 400;\" aria-level=\"1\"><span style=\"font-weight: 400;\">9:00 a. m.: Concentraci\u00f3n en el Centro de Recepci\u00f3n de Visitantes.<\/span><\/li>\n<li style=\"font-weight: 400;\" aria-level=\"1\"><span style=\"font-weight: 400;\">9:30 a. m.: Visita guiada por el sitio arqueol\u00f3gico de Vichama.<\/span><\/li>\n<li style=\"font-weight: 400;\" aria-level=\"1\"><span style=\"font-weight: 400;\">10:00 a. m.: Inicio del concurso art\u00edstico escolar.<\/span><\/li>\n<\/ul>\n<p><b>14.\u00ba CONCURSO DE DIBUJO Y PINTURA: \u201cPintando Vichama de V\u00e9gueta\u201d\u00a0<\/b><\/p>\n<p><b>Mi\u00e9rcoles 2 de septiembre<\/b><span style=\"font-weight: 400;\">.<\/span><\/p>\n<ul>\n<li style=\"font-weight: 400;\" aria-level=\"1\"><span style=\"font-weight: 400;\">9:00 a. m.: Concentraci\u00f3n en el Centro de Recepci\u00f3n de Visitantes.<\/span><\/li>\n<li style=\"font-weight: 400;\" aria-level=\"1\"><span style=\"font-weight: 400;\">9:30 a. m.: Visita guiada por el sitio arqueol\u00f3gico de Vichama.<\/span><\/li>\n<li style=\"font-weight: 400;\" aria-level=\"1\"><span style=\"font-weight: 400;\">10:00 a. m.: Inicio del concurso art\u00edstico escolar.<\/span><\/li>\n<\/ul>\n<p><!-- \/wp:paragraph --><!-- wp:heading {\"level\":6} --><\/p>\n<p><span style=\"font-weight: 400;\">ACTIVIDADES CENTRALES<\/span><\/p>\n<h2><b>\u00abVICHAMA RAYMI\u00bb<\/b><\/h2>\n<h5><b>VIERNES 4 DE SEPTIEMBRE 2026<\/b><\/h5>\n<p><b>\u00abVICHAMA RAYMI\u00bb: PRESENTACI\u00d3N DEL PATRIMONIO CULTURAL Y CEREMONIA TRADICIONAL<\/b><\/p>\n<p><b> MUSEO COMUNITARIO DE V\u00c9GUETA, de 4:00 p. m. a 6:00 p. m.<\/b><\/p>\n<ul>\n<li style=\"font-weight: 400;\" aria-level=\"1\"><b>Recorrido:<\/b><span style=\"font-weight: 400;\"> Visitas guiadas por el museo para conocer las piezas y espacios m\u00e1s representativos de Vichama junto a un int\u00e9rprete cultural.<\/span><\/li>\n<li style=\"font-weight: 400;\" aria-level=\"1\"><b>Taller de dibujo Caral para todos: \u00abDescubre y dibuja al sapo de Vichama\u00bb:<\/b><span style=\"font-weight: 400;\"> Espacio creativo a cargo del ilustrador Franco Zapata Casanova para conocer la iconograf\u00eda del agua y la fertilidad.<\/span><\/li>\n<\/ul>\n<p><b style=\"font-style: inherit;\">CEREMONIA TRADICIONAL DE PAGO A LA PACHAMAMA Y A LA COCHAMAMA, desde las 6:00 p. m.<\/b><\/p>\n<p><span style=\"font-weight: 400;\">Acto ancestral de agradecimiento a la tierra y al mar por haber permitido el desarrollo de los trabajos de investigaci\u00f3n, conservaci\u00f3n y puesta en valor de Vichama, en un entorno de monumentos arqueol\u00f3gicos iluminados. La ceremonia estar\u00e1 acompa\u00f1ada por la escenificaci\u00f3n del Mito de Vichama.<\/span><\/p>\n<p><b>Programa del evento:<\/b><\/p>\n<ul>\n<li style=\"font-weight: 400;\" aria-level=\"1\"><span style=\"font-weight: 400;\">Concentraci\u00f3n en la Plaza Mayor de V\u00e9gueta.<\/span><\/li>\n<li style=\"font-weight: 400;\" aria-level=\"1\"><span style=\"font-weight: 400;\">Pasacalle hacia Vichama con faroles, antorchas y percusi\u00f3n (Wiqi Kallpa, V\u00e9guetArt, VaryTucada, colegio FACOPA y Los Buches).<\/span><\/li>\n<li style=\"font-weight: 400;\" aria-level=\"1\"><span style=\"font-weight: 400;\">Escenificaci\u00f3n del Mito de Vichama a cargo de estudiantes del COAR Lima Provincias.<\/span><\/li>\n<li style=\"font-weight: 400;\" aria-level=\"1\"><span style=\"font-weight: 400;\">Ceremonia de Pago a la Pachamama y Cochamama guiada por Am\u00e9rica Bazalar.<\/span><\/li>\n<li style=\"font-weight: 400;\" aria-level=\"1\"><span style=\"font-weight: 400;\">Cierre art\u00edstico por los colectivos Wiqi Kallpa y V\u00e9guetArt.<\/span><\/li>\n<\/ul>\n<h5><b>S\u00c1BADO 5 DE SEPTIEMBRE 2026<\/b><\/h5>\n<p><b>\u00abVICHAMA RAYMI\u00bb: PRESENTACI\u00d3N DEL PATRIMONIO CULTURAL<\/b><\/p>\n<p><b style=\"font-style: inherit;\">Patrimonio cultural y su rol en la sociedad actual | 9:00 a. m. a\u00a0 4:00 p. m.<\/b><\/p>\n<p><span style=\"font-weight: 400;\">Presentaci\u00f3n de los valores culturales y sociales de Vichama mediante visitas guiadas a:<\/span><\/p>\n<ul>\n<li style=\"font-weight: 400;\" aria-level=\"1\"><span style=\"font-weight: 400;\"><strong>Vichama, Ciudad Agropesquera,<\/strong> para apreciar <\/span><i><span style=\"font-weight: 400;\">in situ<\/span><\/i><span style=\"font-weight: 400;\">, mediante los resultados de la investigaci\u00f3n y conservaci\u00f3n de los monumentos, la historia social de este centro urbano.<\/span><\/li>\n<li style=\"font-weight: 400;\" aria-level=\"1\"><span style=\"font-weight: 400;\"><strong>V\u00e9gueta Community Museum<\/strong>, para conocer el sistema social recuperado en Vichama.<\/span><\/li>\n<\/ul>\n<p><b> Talleres de Saberes Milenarios | 10:30 a. m. a 2:00 p. m.<\/b><span style=\"font-weight: 400;\">, Centro de Recepci\u00f3n de Visitantes de Vichama.<\/span><\/p>\n<ul>\n<li style=\"font-weight: 400;\" aria-level=\"1\"><b>Taller de Cer\u00e1mica:<\/b><span style=\"font-weight: 400;\"> Modelado en arcilla enfocado en revitalizar la tradici\u00f3n alfarera del valle de Supe.<\/span><\/li>\n<li style=\"font-weight: 400;\" aria-level=\"1\"><b>Taller de Junco:<\/b><span style=\"font-weight: 400;\"> Pr\u00e1ctica de cester\u00eda tradicional y contempor\u00e1nea con fibra de junco (provincias de Huaura y Barranca).<\/span><\/li>\n<\/ul>\n<p><b> \u00abCatu Vichama\u00bb | 9:00 a. m. a\u00a0 4:00 p. m.<\/b><\/p>\n<p><span style=\"font-weight: 400;\">Exposici\u00f3n-venta de artesan\u00edas y productos agropecuarios locales de V\u00e9gueta, Huaura, Huacho, Carqu\u00edn, Caleta Vidal, Supe-Caral y Supe Puerto. La feria incluir\u00e1 productos provenientes de los talleres de la Direcci\u00f3n de Relaciones Comunitarias de la Zona Arqueol\u00f3gica Caral (ZAC).<\/span><\/p>\n<p><b> Gastronom\u00eda local | 9:00 a. m. a\u00a0 4:00 p. m.<\/b><\/p>\n<p><span style=\"font-weight: 400;\">Exposici\u00f3n y venta de platos t\u00edpicos inspirados en los recursos alimenticios del pasado.<\/span><\/p>\n<p><b> \u00abRUNA RAYMI\u00bb: Festival art\u00edstico y cultural | 12:30 p. m. a 4:00 p. m.<\/b><\/p>\n<p><b>Programa:<\/b><\/p>\n<ul>\n<li style=\"font-weight: 400;\" aria-level=\"1\"><b>12:30 p. m.:<\/b><span style=\"font-weight: 400;\"> Himno Nacional del Per\u00fa, interpretado por la Orquesta Sinf\u00f3nica, Coro Ensamble y Producci\u00f3n OSCEP, integrada por estudiantes del Colegio de Alto Rendimiento de Lima Provincias (COAR).<\/span><\/li>\n<li style=\"font-weight: 400;\" aria-level=\"1\"><b>12:45 p. m.:<\/b><span style=\"font-weight: 400;\"> Palabras de bienvenida de la Dra. Ruth Shady Sol\u00eds y apertura por la Lic. Tatiana Abad Lezama.<\/span><\/li>\n<li style=\"font-weight: 400;\" aria-level=\"1\"><b>1:00 p. m.:<\/b><span style=\"font-weight: 400;\"> Concierto de m\u00fasica popular y cl\u00e1sica por la Orquesta Sinf\u00f3nica, Coro Ensamble y Producci\u00f3n OSCEP.<\/span><\/li>\n<li style=\"font-weight: 400;\" aria-level=\"1\"><b>1:30 p. m.:<\/b><span style=\"font-weight: 400;\"> Danza Tinkus por el Punto de Cultura \u201cWiqi Kallpa\u201d de V\u00e9gueta.<\/span><\/li>\n<li style=\"font-weight: 400;\" aria-level=\"1\"><b>1:45 p. m.:<\/b><span style=\"font-weight: 400;\"> Presentaci\u00f3n de los alumnos del taller \u201cRevitalizaci\u00f3n de la Tradici\u00f3n Musical de los Or\u00edgenes de la Civilizaci\u00f3n\u201d.<\/span><\/li>\n<li style=\"font-weight: 400;\" aria-level=\"1\"><b>2:10 p. m.:<\/b><span style=\"font-weight: 400;\"> Premiaci\u00f3n a los ganadores del 14.\u00b0 Concurso Escolar de Dibujo y Pintura \u201cPintando Vichama de V\u00e9gueta\u201d y del 12.\u00ba Concurso de Modelado en Arcilla \u201cModelando las Esculturas de Vichama de V\u00e9gueta\u201d.<\/span><\/li>\n<li style=\"font-weight: 400;\" aria-level=\"1\"><b>2:40 p. m.:<\/b><span style=\"font-weight: 400;\"> Saya Caporal por el Punto de Cultura \u201cWiqi Kallpa\u201d.<\/span><\/li>\n<li style=\"font-weight: 400;\" aria-level=\"1\"><b>3:00 p. m.:<\/b><span style=\"font-weight: 400;\"> Danza El Carnaval de Pampacamara (Cusco) por la Asociaci\u00f3n Cultural V\u00e9guetArt.<\/span><\/li>\n<li style=\"font-weight: 400;\" aria-level=\"1\"><b>3:20 p. m.:<\/b><span style=\"font-weight: 400;\"> \u201cVichama: Memoria que Vive\u201d, estampa cultural de fusi\u00f3n a cargo de LC Artes Esc\u00e9nicas.<\/span><\/li>\n<li style=\"font-weight: 400;\" aria-level=\"1\"><b>3:30 p. m.:<\/b><span style=\"font-weight: 400;\"> Danza \u201cYacumama\u201d inspirada en la Madre del Agua que representa el respeto amaz\u00f3nico por la naturaleza y la protecci\u00f3n de los r\u00edos, a cargo del Centro Cultural V\u00e9guetArt.\u00a0<\/span><\/li>\n<li style=\"font-weight: 400;\" aria-level=\"1\"><b>3:40 p. m.: <\/b><span style=\"font-weight: 400;\">Marinera Norte\u00f1a con Caballos de Paso del Fundo Palmira, tradicional expresi\u00f3n de la cultura peruana que muestra la elegancia y destreza de chalanes, caballos y una amazona. Acompa\u00f1amiento musical en vivo por la banda de alumnos de la IEP Eusebio Arr\u00f3niz.<\/span><\/li>\n<li style=\"font-weight: 400;\" aria-level=\"1\"><b>4:00 p. m.:<\/b><span style=\"font-weight: 400;\"> Clausura: Agradecimiento a la Red de Amigos de Vichama.<\/span><\/li>\n<\/ul>\n<p><b>Red \u00abAmigos de la ZAC-Vichama\u00bb<\/b><\/p>\n<p><span style=\"font-weight: 400;\">Con motivo del 19.\u00ba aniversario, la Zona Arqueol\u00f3gica Caral, Unidad Ejecutora 003 del Ministerio de Cultura, une esfuerzos con instituciones y la sociedad civil para conformar esta red de apoyo al patrimonio. La instituci\u00f3n extiende un profundo reconocimiento a todos los aliados, incluyendo a quienes prefirieron mantener el anonimato, cuyo esfuerzo conjunto hace posible la continuidad de las investigaciones, la conservaci\u00f3n y la difusi\u00f3n del legado de V\u00e9gueta-Huaura.<\/span><\/p>\n<p><span style=\"font-weight: 400;\">Esta celebraci\u00f3n se fortalece gracias al esfuerzo conjunto de la comunidad. Confiamos en que la edici\u00f3n de 2027 alcanzar\u00e1 una dimensi\u00f3n a\u00fan mayor, acorde con la trascendencia hist\u00f3rica y cultural de Vichama y el distrito de V\u00e9gueta.<\/span><\/p>\n<p><i><span style=\"font-weight: 400;\">\u00a1Muchas gracias por su participaci\u00f3n!<\/span><\/i><\/p>\n<p><strong><br \/><\/strong><a href=\"https:\/\/wa.me\/message\/EJFL5LRNIHH2C1\"><strong>\u00a1CONT\u00c1CTANOS!<\/strong><\/a><\/p>\n<p><!-- \/wp:paragraph --><!-- wp:paragraph --><\/p>\n<p><!-- \/wp:paragraph --><\/p>\t\t\t\t\t\t\t\t<\/div>\n\t\t\t\t<div class=\"elementor-element elementor-element-df64c60 elementor-widget elementor-widget-button\" data-id=\"df64c60\" data-element_type=\"widget\" data-e-type=\"widget\" data-widget_type=\"button.default\">\n\t\t\t\t\t\t\t\t\t\t<a class=\"elementor-button elementor-button-link elementor-size-sm\" href=\"https:\/\/drive.google.com\/file\/d\/10GOdgWqf9P6_jQilWFUArdQWa0MyJlSW\/view?usp=sharing\">\n\t\t\t\t\t\t<span class=\"elementor-button-content-wrapper\">\n\t\t\t\t\t\t<span class=\"elementor-button-icon\">\n\t\t\t\t<svg aria-hidden=\"true\" class=\"e-font-icon-svg e-fas-download\" viewbox=\"0 0 512 512\" xmlns=\"http:\/\/www.w3.org\/2000\/svg\"><path d=\"M216 0h80c13.3 0 24 10.7 24 24v168h87.7c17.8 0 26.7 21.5 14.1 34.1L269.7 378.3c-7.5 7.5-19.8 7.5-27.3 0L90.1 226.1c-12.6-12.6-3.7-34.1 14.1-34.1H192V24c0-13.3 10.7-24 24-24zm296 376v112c0 13.3-10.7 24-24 24H24c-13.3 0-24-10.7-24-24V376c0-13.3 10.7-24 24-24h146.7l49 49c20.1 20.1 52.5 20.1 72.6 0l49-49H488c13.3 0 24 10.7 24 24zm-124 88c0-11-9-20-20-20s-20 9-20 20 9 20 20 20 20-9 20-20zm64 0c0-11-9-20-20-20s-20 9-20 20 9 20 20 20 20-9 20-20z\"><\/path><\/svg>\t\t\t<\/span>\n\t\t\t\t\t\t\t\t\t<span class=\"elementor-button-text\">DESCARGA LA GU\u00cdA TUR\u00cdSTICA<\/span>\n\t\t\t\t\t<\/span>\n\t\t\t\t\t<\/a>\n\t\t\t\t\t\t\t\t<\/div>\n\t\t\t\t<\/div>\n\t\t<div class=\"elementor-element elementor-element-6ff8772 e-con-full e-flex e-con e-child\" data-id=\"6ff8772\" data-element_type=\"container\" data-e-type=\"container\">\n\t\t<div class=\"elementor-element elementor-element-6138595 e-con-full e-flex e-con e-child\" data-id=\"6138595\" data-element_type=\"container\" data-e-type=\"container\">\n\t\t\t\t<div class=\"elementor-element elementor-element-b71d990 elementor-widget elementor-widget-image\" data-id=\"b71d990\" data-element_type=\"widget\" data-e-type=\"widget\" data-widget_type=\"image.default\">\n\t\t\t\t\t\t\t\t\t\t\t\t\t\t\t<img decoding=\"async\" width=\"872\" height=\"1024\" src=\"https:\/\/zonacaral.gob.pe\/wp-content\/uploads\/2026\/09\/RECOMENDACIONES-Vichama-RAYMI-872x1024.jpg\" class=\"attachment-large size-large wp-image-26703\" alt=\"\" srcset=\"https:\/\/zonacaral.gob.pe\/wp-content\/uploads\/2026\/09\/RECOMENDACIONES-Vichama-RAYMI-872x1024.jpg 872w, https:\/\/zonacaral.gob.pe\/wp-content\/uploads\/2026\/09\/RECOMENDACIONES-Vichama-RAYMI-256x300.jpg 256w, https:\/\/zonacaral.gob.pe\/wp-content\/uploads\/2026\/09\/RECOMENDACIONES-Vichama-RAYMI-768x902.jpg 768w, https:\/\/zonacaral.gob.pe\/wp-content\/uploads\/2026\/09\/RECOMENDACIONES-Vichama-RAYMI-1308x1536.jpg 1308w, https:\/\/zonacaral.gob.pe\/wp-content\/uploads\/2026\/09\/RECOMENDACIONES-Vichama-RAYMI-1745x2048.jpg 1745w, https:\/\/zonacaral.gob.pe\/wp-content\/uploads\/2026\/09\/RECOMENDACIONES-Vichama-RAYMI-10x12.jpg 10w, https:\/\/zonacaral.gob.pe\/wp-content\/uploads\/2026\/09\/RECOMENDACIONES-Vichama-RAYMI-600x704.jpg 600w\" sizes=\"(max-width: 872px) 100vw, 872px\" \/>\t\t\t\t\t\t\t\t\t\t\t\t\t\t\t<\/div>\n\t\t\t\t<\/div>\n\t\t<div class=\"elementor-element elementor-element-9feefed e-con-full e-flex e-con e-child\" data-id=\"9feefed\" data-element_type=\"container\" data-e-type=\"container\">\n\t\t<div class=\"elementor-element elementor-element-4b2f020 e-grid e-con-full e-con e-child\" data-id=\"4b2f020\" data-element_type=\"container\" data-e-type=\"container\">\n\t\t\t\t<div class=\"elementor-element elementor-element-95b834f elementor-widget elementor-widget-image\" data-id=\"95b834f\" data-element_type=\"widget\" data-e-type=\"widget\" data-widget_type=\"image.default\">\n\t\t\t\t\t\t\t\t\t\t\t\t<figure class=\"wp-caption\">\n\t\t\t\t\t\t\t\t\t\t<img decoding=\"async\" width=\"1024\" height=\"576\" src=\"https:\/\/zonacaral.gob.pe\/wp-content\/uploads\/2026\/09\/Vichama-2025-4-1024x576.jpg\" class=\"attachment-large size-large wp-image-26709\" alt=\"\" srcset=\"https:\/\/zonacaral.gob.pe\/wp-content\/uploads\/2026\/09\/Vichama-2025-4-1024x576.jpg 1024w, https:\/\/zonacaral.gob.pe\/wp-content\/uploads\/2026\/09\/Vichama-2025-4-300x169.jpg 300w, https:\/\/zonacaral.gob.pe\/wp-content\/uploads\/2026\/09\/Vichama-2025-4-768x432.jpg 768w, https:\/\/zonacaral.gob.pe\/wp-content\/uploads\/2026\/09\/Vichama-2025-4-18x10.jpg 18w, https:\/\/zonacaral.gob.pe\/wp-content\/uploads\/2026\/09\/Vichama-2025-4-600x337.jpg 600w, https:\/\/zonacaral.gob.pe\/wp-content\/uploads\/2026\/09\/Vichama-2025-4.jpg 1366w\" sizes=\"(max-width: 1024px) 100vw, 1024px\" \/>\t\t\t\t\t\t\t\t\t\t\t<figcaption class=\"widget-image-caption wp-caption-text\"><\/figcaption>\n\t\t\t\t\t\t\t\t\t\t<\/figure>\n\t\t\t\t\t\t\t\t\t<\/div>\n\t\t\t\t<div class=\"elementor-element elementor-element-ea345e4 elementor-widget elementor-widget-image\" data-id=\"ea345e4\" data-element_type=\"widget\" data-e-type=\"widget\" data-widget_type=\"image.default\">\n\t\t\t\t\t\t\t\t\t\t\t\t\t\t\t<img loading=\"lazy\" decoding=\"async\" width=\"1024\" height=\"576\" src=\"https:\/\/zonacaral.gob.pe\/wp-content\/uploads\/2026\/09\/Vichama-2025-3-1024x576.jpg\" class=\"attachment-large size-large wp-image-26711\" alt=\"\" srcset=\"https:\/\/zonacaral.gob.pe\/wp-content\/uploads\/2026\/09\/Vichama-2025-3-1024x576.jpg 1024w, https:\/\/zonacaral.gob.pe\/wp-content\/uploads\/2026\/09\/Vichama-2025-3-300x169.jpg 300w, https:\/\/zonacaral.gob.pe\/wp-content\/uploads\/2026\/09\/Vichama-2025-3-768x432.jpg 768w, https:\/\/zonacaral.gob.pe\/wp-content\/uploads\/2026\/09\/Vichama-2025-3-18x10.jpg 18w, https:\/\/zonacaral.gob.pe\/wp-content\/uploads\/2026\/09\/Vichama-2025-3-600x337.jpg 600w, https:\/\/zonacaral.gob.pe\/wp-content\/uploads\/2026\/09\/Vichama-2025-3.jpg 1366w\" sizes=\"(max-width: 1024px) 100vw, 1024px\" \/>\t\t\t\t\t\t\t\t\t\t\t\t\t\t\t<\/div>\n\t\t\t\t<div class=\"elementor-element elementor-element-1ab3842 elementor-widget elementor-widget-image\" data-id=\"1ab3842\" data-element_type=\"widget\" data-e-type=\"widget\" data-widget_type=\"image.default\">\n\t\t\t\t\t\t\t\t\t\t\t\t\t\t\t<img loading=\"lazy\" decoding=\"async\" width=\"1024\" height=\"576\" src=\"https:\/\/zonacaral.gob.pe\/wp-content\/uploads\/2026\/09\/Vichama-2025-2-1024x576.jpg\" class=\"attachment-large size-large wp-image-26710\" alt=\"\" srcset=\"https:\/\/zonacaral.gob.pe\/wp-content\/uploads\/2026\/09\/Vichama-2025-2-1024x576.jpg 1024w, https:\/\/zonacaral.gob.pe\/wp-content\/uploads\/2026\/09\/Vichama-2025-2-300x169.jpg 300w, https:\/\/zonacaral.gob.pe\/wp-content\/uploads\/2026\/09\/Vichama-2025-2-768x432.jpg 768w, https:\/\/zonacaral.gob.pe\/wp-content\/uploads\/2026\/09\/Vichama-2025-2-18x10.jpg 18w, https:\/\/zonacaral.gob.pe\/wp-content\/uploads\/2026\/09\/Vichama-2025-2-600x337.jpg 600w, https:\/\/zonacaral.gob.pe\/wp-content\/uploads\/2026\/09\/Vichama-2025-2.jpg 1366w\" sizes=\"(max-width: 1024px) 100vw, 1024px\" \/>\t\t\t\t\t\t\t\t\t\t\t\t\t\t\t<\/div>\n\t\t\t\t<div class=\"elementor-element elementor-element-1dd9ac1 elementor-widget elementor-widget-image\" data-id=\"1dd9ac1\" data-element_type=\"widget\" data-e-type=\"widget\" data-widget_type=\"image.default\">\n\t\t\t\t\t\t\t\t\t\t\t\t\t\t\t<img loading=\"lazy\" decoding=\"async\" width=\"1024\" height=\"576\" src=\"https:\/\/zonacaral.gob.pe\/wp-content\/uploads\/2026\/09\/Mesa-de-trabajo-1-1024x576.jpg\" class=\"attachment-large size-large wp-image-26713\" alt=\"\" srcset=\"https:\/\/zonacaral.gob.pe\/wp-content\/uploads\/2026\/09\/Mesa-de-trabajo-1-1024x576.jpg 1024w, https:\/\/zonacaral.gob.pe\/wp-content\/uploads\/2026\/09\/Mesa-de-trabajo-1-300x169.jpg 300w, https:\/\/zonacaral.gob.pe\/wp-content\/uploads\/2026\/09\/Mesa-de-trabajo-1-768x432.jpg 768w, https:\/\/zonacaral.gob.pe\/wp-content\/uploads\/2026\/09\/Mesa-de-trabajo-1-18x10.jpg 18w, https:\/\/zonacaral.gob.pe\/wp-content\/uploads\/2026\/09\/Mesa-de-trabajo-1-600x337.jpg 600w, https:\/\/zonacaral.gob.pe\/wp-content\/uploads\/2026\/09\/Mesa-de-trabajo-1.jpg 1366w\" sizes=\"(max-width: 1024px) 100vw, 1024px\" \/>\t\t\t\t\t\t\t\t\t\t\t\t\t\t\t<\/div>\n\t\t\t\t<div class=\"elementor-element elementor-element-9749351 elementor-widget elementor-widget-image\" data-id=\"9749351\" data-element_type=\"widget\" data-e-type=\"widget\" data-widget_type=\"image.default\">\n\t\t\t\t\t\t\t\t\t\t\t\t\t\t\t<img loading=\"lazy\" decoding=\"async\" width=\"1024\" height=\"576\" src=\"https:\/\/zonacaral.gob.pe\/wp-content\/uploads\/2026\/09\/Auspiciadores-Vichama-Raymi-2026-e-1024x576.jpg\" class=\"attachment-large size-large wp-image-26708\" alt=\"\" srcset=\"https:\/\/zonacaral.gob.pe\/wp-content\/uploads\/2026\/09\/Auspiciadores-Vichama-Raymi-2026-e-1024x576.jpg 1024w, https:\/\/zonacaral.gob.pe\/wp-content\/uploads\/2026\/09\/Auspiciadores-Vichama-Raymi-2026-e-300x169.jpg 300w, https:\/\/zonacaral.gob.pe\/wp-content\/uploads\/2026\/09\/Auspiciadores-Vichama-Raymi-2026-e-768x432.jpg 768w, https:\/\/zonacaral.gob.pe\/wp-content\/uploads\/2026\/09\/Auspiciadores-Vichama-Raymi-2026-e-18x10.jpg 18w, https:\/\/zonacaral.gob.pe\/wp-content\/uploads\/2026\/09\/Auspiciadores-Vichama-Raymi-2026-e-600x337.jpg 600w, https:\/\/zonacaral.gob.pe\/wp-content\/uploads\/2026\/09\/Auspiciadores-Vichama-Raymi-2026-e.jpg 1366w\" sizes=\"(max-width: 1024px) 100vw, 1024px\" \/>\t\t\t\t\t\t\t\t\t\t\t\t\t\t\t<\/div>\n\t\t\t\t<\/div>\n\t\t\t\t<\/div>\n\t\t\t\t<\/div>\n\t\t\t\t\t<\/div>\n\t\t\t\t<\/div>\n\t\t<div class=\"elementor-element elementor-element-b537a63 e-flex e-con-boxed e-con e-parent\" data-id=\"b537a63\" data-element_type=\"container\" data-e-type=\"container\">\n\t\t\t\t\t<div class=\"e-con-inner\">\n\t\t\t\t<div class=\"elementor-element elementor-element-f3568a3 elementor-widget elementor-widget-spacer\" data-id=\"f3568a3\" data-element_type=\"widget\" data-e-type=\"widget\" data-widget_type=\"spacer.default\">\n\t\t\t\t\t\t\t<div class=\"elementor-spacer\">\n\t\t\t<div class=\"elementor-spacer-inner\"><\/div>\n\t\t<\/div>\n\t\t\t\t\t\t<\/div>\n\t\t\t\t\t<\/div>\n\t\t\t\t<\/div>\n\t\t\t\t<\/div>","protected":false},"excerpt":{"rendered":"<p>Vichama Raymi Memoria del cambio clim\u00e1tico para generar reflexiones en el presente. La Zona Arqueol\u00f3gica Caral revive la antigua tradici\u00f3n [&hellip;]<\/p>","protected":false},"author":4,"featured_media":26474,"comment_status":"open","ping_status":"open","sticky":false,"template":"","format":"standard","meta":{"_acf_changed":false,"rs_blank_template":"","rs_page_bg_color":"","slide_template_v7":"","site-sidebar-layout":"default","site-content-layout":"","ast-site-content-layout":"default","site-content-style":"default","site-sidebar-style":"default","ast-global-header-display":"","ast-banner-title-visibility":"","ast-main-header-display":"","ast-hfb-above-header-display":"","ast-hfb-below-header-display":"","ast-hfb-mobile-header-display":"","site-post-title":"","ast-breadcrumbs-content":"","ast-featured-img":"","footer-sml-layout":"","ast-disable-related-posts":"","theme-transparent-header-meta":"","adv-header-id-meta":"","stick-header-meta":"","header-above-stick-meta":"","header-main-stick-meta":"","header-below-stick-meta":"","astra-migrate-meta-layouts":"default","ast-page-background-enabled":"default","ast-page-background-meta":{"desktop":{"background-color":"var(--ast-global-color-5)","background-image":"","background-repeat":"repeat","background-position":"center center","background-size":"auto","background-attachment":"scroll","background-type":"","background-media":"","overlay-type":"","overlay-color":"","overlay-opacity":"","overlay-gradient":""},"tablet":{"background-color":"","background-image":"","background-repeat":"repeat","background-position":"center center","background-size":"auto","background-attachment":"scroll","background-type":"","background-media":"","overlay-type":"","overlay-color":"","overlay-opacity":"","overlay-gradient":""},"mobile":{"background-color":"","background-image":"","background-repeat":"repeat","background-position":"center center","background-size":"auto","background-attachment":"scroll","background-type":"","background-media":"","overlay-type":"","overlay-color":"","overlay-opacity":"","overlay-gradient":""}},"ast-content-background-meta":{"desktop":{"background-color":"var(--ast-global-color-4)","background-image":"","background-repeat":"repeat","background-position":"center center","background-size":"auto","background-attachment":"scroll","background-type":"","background-media":"","overlay-type":"","overlay-color":"","overlay-opacity":"","overlay-gradient":""},"tablet":{"background-color":"var(--ast-global-color-4)","background-image":"","background-repeat":"repeat","background-position":"center center","background-size":"auto","background-attachment":"scroll","background-type":"","background-media":"","overlay-type":"","overlay-color":"","overlay-opacity":"","overlay-gradient":""},"mobile":{"background-color":"var(--ast-global-color-4)","background-image":"","background-repeat":"repeat","background-position":"center center","background-size":"auto","background-attachment":"scroll","background-type":"","background-media":"","overlay-type":"","overlay-color":"","overlay-opacity":"","overlay-gradient":""}},"footnotes":""},"categories":[282],"tags":[215,287,218,255],"class_list":["post-26473","post","type-post","status-publish","format-standard","has-post-thumbnail","hentry","category-campanas","tag-penico","tag-penico-raymi","tag-planes-en-lima","tag-zona-arqueologica-caral"],"acf":[],"yoast_head":"<!-- This site is optimized with the Yoast SEO plugin v27.8 - https:\/\/yoast.com\/product\/yoast-seo-wordpress\/ -->\n<title>VICHAMA RAYMI 2026 - Zona Caral<\/title>\n<meta name=\"robots\" content=\"index, follow, max-snippet:-1, max-image-preview:large, max-video-preview:-1\" \/>\n<link rel=\"canonical\" href=\"https:\/\/zonacaral.gob.pe\/en\/noticias\/vichama-raymi-2026\/\" \/>\n<meta property=\"og:locale\" content=\"en_US\" \/>\n<meta property=\"og:type\" content=\"article\" \/>\n<meta property=\"og:title\" content=\"VICHAMA RAYMI 2026 - Zona Caral\" \/>\n<meta property=\"og:description\" content=\"Vichama Raymi Memoria del cambio clim\u00e1tico para generar reflexiones en el presente. La Zona Arqueol\u00f3gica Caral revive la antigua tradici\u00f3n [&hellip;]\" \/>\n<meta property=\"og:url\" content=\"https:\/\/zonacaral.gob.pe\/en\/noticias\/vichama-raymi-2026\/\" \/>\n<meta property=\"og:site_name\" content=\"Zona Caral\" \/>\n<meta property=\"article:published_time\" content=\"2026-09-03T20:41:15+00:00\" \/>\n<meta property=\"article:modified_time\" content=\"2026-09-03T20:43:59+00:00\" \/>\n<meta property=\"og:image\" content=\"https:\/\/zonacaral.gob.pe\/wp-content\/uploads\/2026\/08\/Vichama-Raymi-encabezado-2026.jpg\" \/>\n\t<meta property=\"og:image:width\" content=\"1429\" \/>\n\t<meta property=\"og:image:height\" content=\"883\" \/>\n\t<meta property=\"og:image:type\" content=\"image\/jpeg\" \/>\n<meta name=\"author\" content=\"webmaster\" \/>\n<meta name=\"twitter:card\" content=\"summary_large_image\" \/>\n<meta name=\"twitter:label1\" content=\"Written by\" \/>\n\t<meta name=\"twitter:data1\" content=\"webmaster\" \/>\n\t<meta name=\"twitter:label2\" content=\"Est. reading time\" \/>\n\t<meta name=\"twitter:data2\" content=\"9 minutes\" \/>\n<script type=\"application\/ld+json\" class=\"yoast-schema-graph\">{\"@context\":\"https:\\\/\\\/schema.org\",\"@graph\":[{\"@type\":\"Article\",\"@id\":\"https:\\\/\\\/zonacaral.gob.pe\\\/noticias\\\/vichama-raymi-2026\\\/#article\",\"isPartOf\":{\"@id\":\"https:\\\/\\\/zonacaral.gob.pe\\\/noticias\\\/vichama-raymi-2026\\\/\"},\"author\":{\"name\":\"webmaster\",\"@id\":\"https:\\\/\\\/zonacaral.gob.pe\\\/es\\\/#\\\/schema\\\/person\\\/c3fbf557c7f65281e36e4e45873334e0\"},\"headline\":\"VICHAMA RAYMI 2026\",\"datePublished\":\"2026-09-03T20:41:15+00:00\",\"dateModified\":\"2026-09-03T20:43:59+00:00\",\"mainEntityOfPage\":{\"@id\":\"https:\\\/\\\/zonacaral.gob.pe\\\/noticias\\\/vichama-raymi-2026\\\/\"},\"wordCount\":1566,\"commentCount\":0,\"image\":{\"@id\":\"https:\\\/\\\/zonacaral.gob.pe\\\/noticias\\\/vichama-raymi-2026\\\/#primaryimage\"},\"thumbnailUrl\":\"https:\\\/\\\/zonacaral.gob.pe\\\/wp-content\\\/uploads\\\/2026\\\/08\\\/Vichama-Raymi-encabezado-2026.jpg\",\"keywords\":[\"Pe\u00f1ico\",\"Pe\u00f1ico Raymi\",\"Planes en Lima\",\"Zona Arqueol\u00f3gica Caral\"],\"articleSection\":[\"Campa\u00f1as\"],\"inLanguage\":\"en-US\",\"potentialAction\":[{\"@type\":\"CommentAction\",\"name\":\"Comment\",\"target\":[\"https:\\\/\\\/zonacaral.gob.pe\\\/noticias\\\/vichama-raymi-2026\\\/#respond\"]}]},{\"@type\":\"WebPage\",\"@id\":\"https:\\\/\\\/zonacaral.gob.pe\\\/noticias\\\/vichama-raymi-2026\\\/\",\"url\":\"https:\\\/\\\/zonacaral.gob.pe\\\/noticias\\\/vichama-raymi-2026\\\/\",\"name\":\"VICHAMA RAYMI 2026 - Zona Caral\",\"isPartOf\":{\"@id\":\"https:\\\/\\\/zonacaral.gob.pe\\\/es\\\/#website\"},\"primaryImageOfPage\":{\"@id\":\"https:\\\/\\\/zonacaral.gob.pe\\\/noticias\\\/vichama-raymi-2026\\\/#primaryimage\"},\"image\":{\"@id\":\"https:\\\/\\\/zonacaral.gob.pe\\\/noticias\\\/vichama-raymi-2026\\\/#primaryimage\"},\"thumbnailUrl\":\"https:\\\/\\\/zonacaral.gob.pe\\\/wp-content\\\/uploads\\\/2026\\\/08\\\/Vichama-Raymi-encabezado-2026.jpg\",\"datePublished\":\"2026-09-03T20:41:15+00:00\",\"dateModified\":\"2026-09-03T20:43:59+00:00\",\"author\":{\"@id\":\"https:\\\/\\\/zonacaral.gob.pe\\\/es\\\/#\\\/schema\\\/person\\\/c3fbf557c7f65281e36e4e45873334e0\"},\"breadcrumb\":{\"@id\":\"https:\\\/\\\/zonacaral.gob.pe\\\/noticias\\\/vichama-raymi-2026\\\/#breadcrumb\"},\"inLanguage\":\"en-US\",\"potentialAction\":[{\"@type\":\"ReadAction\",\"target\":[\"https:\\\/\\\/zonacaral.gob.pe\\\/noticias\\\/vichama-raymi-2026\\\/\"]}]},{\"@type\":\"ImageObject\",\"inLanguage\":\"en-US\",\"@id\":\"https:\\\/\\\/zonacaral.gob.pe\\\/noticias\\\/vichama-raymi-2026\\\/#primaryimage\",\"url\":\"https:\\\/\\\/zonacaral.gob.pe\\\/wp-content\\\/uploads\\\/2026\\\/08\\\/Vichama-Raymi-encabezado-2026.jpg\",\"contentUrl\":\"https:\\\/\\\/zonacaral.gob.pe\\\/wp-content\\\/uploads\\\/2026\\\/08\\\/Vichama-Raymi-encabezado-2026.jpg\",\"width\":1429,\"height\":883},{\"@type\":\"BreadcrumbList\",\"@id\":\"https:\\\/\\\/zonacaral.gob.pe\\\/noticias\\\/vichama-raymi-2026\\\/#breadcrumb\",\"itemListElement\":[{\"@type\":\"ListItem\",\"position\":1,\"name\":\"Portada\",\"item\":\"https:\\\/\\\/zonacaral.gob.pe\\\/\"},{\"@type\":\"ListItem\",\"position\":2,\"name\":\"VICHAMA RAYMI 2026\"}]},{\"@type\":\"WebSite\",\"@id\":\"https:\\\/\\\/zonacaral.gob.pe\\\/es\\\/#website\",\"url\":\"https:\\\/\\\/zonacaral.gob.pe\\\/es\\\/\",\"name\":\"Zona Caral\",\"description\":\"Investigamos, conservamos y difundimos el patrimonio cultural de la Civilizaci\u00f3n Caral, la m\u00e1s antigua de Am\u00e9rica.\",\"potentialAction\":[{\"@type\":\"SearchAction\",\"target\":{\"@type\":\"EntryPoint\",\"urlTemplate\":\"https:\\\/\\\/zonacaral.gob.pe\\\/es\\\/?s={search_term_string}\"},\"query-input\":{\"@type\":\"PropertyValueSpecification\",\"valueRequired\":true,\"valueName\":\"search_term_string\"}}],\"inLanguage\":\"en-US\"},{\"@type\":\"Person\",\"@id\":\"https:\\\/\\\/zonacaral.gob.pe\\\/es\\\/#\\\/schema\\\/person\\\/c3fbf557c7f65281e36e4e45873334e0\",\"name\":\"webmaster\",\"image\":{\"@type\":\"ImageObject\",\"inLanguage\":\"en-US\",\"@id\":\"https:\\\/\\\/secure.gravatar.com\\\/avatar\\\/8164655a0d908be71943f534b536cb394851ecb8a615a9f115545b1a90b0ce5b?s=96&d=mm&r=g\",\"url\":\"https:\\\/\\\/secure.gravatar.com\\\/avatar\\\/8164655a0d908be71943f534b536cb394851ecb8a615a9f115545b1a90b0ce5b?s=96&d=mm&r=g\",\"contentUrl\":\"https:\\\/\\\/secure.gravatar.com\\\/avatar\\\/8164655a0d908be71943f534b536cb394851ecb8a615a9f115545b1a90b0ce5b?s=96&d=mm&r=g\",\"caption\":\"webmaster\"},\"url\":\"https:\\\/\\\/zonacaral.gob.pe\\\/en\\\/noticias\\\/author\\\/webmaster\\\/\"}]}<\/script>\n<!-- \/ Yoast SEO plugin. -->","yoast_head_json":{"title":"VICHAMA RAYMI 2026 - Zona Caral","robots":{"index":"index","follow":"follow","max-snippet":"max-snippet:-1","max-image-preview":"max-image-preview:large","max-video-preview":"max-video-preview:-1"},"canonical":"https:\/\/zonacaral.gob.pe\/en\/noticias\/vichama-raymi-2026\/","og_locale":"en_US","og_type":"article","og_title":"VICHAMA RAYMI 2026 - Zona Caral","og_description":"Vichama Raymi Memoria del cambio clim\u00e1tico para generar reflexiones en el presente. La Zona Arqueol\u00f3gica Caral revive la antigua tradici\u00f3n [&hellip;]","og_url":"https:\/\/zonacaral.gob.pe\/en\/noticias\/vichama-raymi-2026\/","og_site_name":"Zona Caral","article_published_time":"2026-09-03T20:41:15+00:00","article_modified_time":"2026-09-03T20:43:59+00:00","og_image":[{"width":1429,"height":883,"url":"https:\/\/zonacaral.gob.pe\/wp-content\/uploads\/2026\/08\/Vichama-Raymi-encabezado-2026.jpg","type":"image\/jpeg"}],"author":"webmaster","twitter_card":"summary_large_image","twitter_misc":{"Written by":"webmaster","Est. reading time":"9 minutes"},"schema":{"@context":"https:\/\/schema.org","@graph":[{"@type":"Article","@id":"https:\/\/zonacaral.gob.pe\/noticias\/vichama-raymi-2026\/#article","isPartOf":{"@id":"https:\/\/zonacaral.gob.pe\/noticias\/vichama-raymi-2026\/"},"author":{"name":"webmaster","@id":"https:\/\/zonacaral.gob.pe\/es\/#\/schema\/person\/c3fbf557c7f65281e36e4e45873334e0"},"headline":"VICHAMA RAYMI 2026","datePublished":"2026-09-03T20:41:15+00:00","dateModified":"2026-09-03T20:43:59+00:00","mainEntityOfPage":{"@id":"https:\/\/zonacaral.gob.pe\/noticias\/vichama-raymi-2026\/"},"wordCount":1566,"commentCount":0,"image":{"@id":"https:\/\/zonacaral.gob.pe\/noticias\/vichama-raymi-2026\/#primaryimage"},"thumbnailUrl":"https:\/\/zonacaral.gob.pe\/wp-content\/uploads\/2026\/08\/Vichama-Raymi-encabezado-2026.jpg","keywords":["Pe\u00f1ico","Pe\u00f1ico Raymi","Planes en Lima","Zona Arqueol\u00f3gica Caral"],"articleSection":["Campa\u00f1as"],"inLanguage":"en-US","potentialAction":[{"@type":"CommentAction","name":"Comment","target":["https:\/\/zonacaral.gob.pe\/noticias\/vichama-raymi-2026\/#respond"]}]},{"@type":"WebPage","@id":"https:\/\/zonacaral.gob.pe\/noticias\/vichama-raymi-2026\/","url":"https:\/\/zonacaral.gob.pe\/noticias\/vichama-raymi-2026\/","name":"VICHAMA RAYMI 2026 - Zona Caral","isPartOf":{"@id":"https:\/\/zonacaral.gob.pe\/es\/#website"},"primaryImageOfPage":{"@id":"https:\/\/zonacaral.gob.pe\/noticias\/vichama-raymi-2026\/#primaryimage"},"image":{"@id":"https:\/\/zonacaral.gob.pe\/noticias\/vichama-raymi-2026\/#primaryimage"},"thumbnailUrl":"https:\/\/zonacaral.gob.pe\/wp-content\/uploads\/2026\/08\/Vichama-Raymi-encabezado-2026.jpg","datePublished":"2026-09-03T20:41:15+00:00","dateModified":"2026-09-03T20:43:59+00:00","author":{"@id":"https:\/\/zonacaral.gob.pe\/es\/#\/schema\/person\/c3fbf557c7f65281e36e4e45873334e0"},"breadcrumb":{"@id":"https:\/\/zonacaral.gob.pe\/noticias\/vichama-raymi-2026\/#breadcrumb"},"inLanguage":"en-US","potentialAction":[{"@type":"ReadAction","target":["https:\/\/zonacaral.gob.pe\/noticias\/vichama-raymi-2026\/"]}]},{"@type":"ImageObject","inLanguage":"en-US","@id":"https:\/\/zonacaral.gob.pe\/noticias\/vichama-raymi-2026\/#primaryimage","url":"https:\/\/zonacaral.gob.pe\/wp-content\/uploads\/2026\/08\/Vichama-Raymi-encabezado-2026.jpg","contentUrl":"https:\/\/zonacaral.gob.pe\/wp-content\/uploads\/2026\/08\/Vichama-Raymi-encabezado-2026.jpg","width":1429,"height":883},{"@type":"BreadcrumbList","@id":"https:\/\/zonacaral.gob.pe\/noticias\/vichama-raymi-2026\/#breadcrumb","itemListElement":[{"@type":"ListItem","position":1,"name":"Portada","item":"https:\/\/zonacaral.gob.pe\/"},{"@type":"ListItem","position":2,"name":"VICHAMA RAYMI 2026"}]},{"@type":"WebSite","@id":"https:\/\/zonacaral.gob.pe\/es\/#website","url":"https:\/\/zonacaral.gob.pe\/es\/","name":"Zona Caral","description":"Investigamos, conservamos y difundimos el patrimonio cultural de la Civilizaci\u00f3n Caral, la m\u00e1s antigua de Am\u00e9rica.","potentialAction":[{"@type":"SearchAction","target":{"@type":"EntryPoint","urlTemplate":"https:\/\/zonacaral.gob.pe\/es\/?s={search_term_string}"},"query-input":{"@type":"PropertyValueSpecification","valueRequired":true,"valueName":"search_term_string"}}],"inLanguage":"en-US"},{"@type":"Person","@id":"https:\/\/zonacaral.gob.pe\/es\/#\/schema\/person\/c3fbf557c7f65281e36e4e45873334e0","name":"webmaster","image":{"@type":"ImageObject","inLanguage":"en-US","@id":"https:\/\/secure.gravatar.com\/avatar\/8164655a0d908be71943f534b536cb394851ecb8a615a9f115545b1a90b0ce5b?s=96&d=mm&r=g","url":"https:\/\/secure.gravatar.com\/avatar\/8164655a0d908be71943f534b536cb394851ecb8a615a9f115545b1a90b0ce5b?s=96&d=mm&r=g","contentUrl":"https:\/\/secure.gravatar.com\/avatar\/8164655a0d908be71943f534b536cb394851ecb8a615a9f115545b1a90b0ce5b?s=96&d=mm&r=g","caption":"webmaster"},"url":"https:\/\/zonacaral.gob.pe\/en\/noticias\/author\/webmaster\/"}]}},"_links":{"self":[{"href":"https:\/\/zonacaral.gob.pe\/en\/wp-json\/wp\/v2\/posts\/26473","targetHints":{"allow":["GET"]}}],"collection":[{"href":"https:\/\/zonacaral.gob.pe\/en\/wp-json\/wp\/v2\/posts"}],"about":[{"href":"https:\/\/zonacaral.gob.pe\/en\/wp-json\/wp\/v2\/types\/post"}],"author":[{"embeddable":true,"href":"https:\/\/zonacaral.gob.pe\/en\/wp-json\/wp\/v2\/users\/4"}],"replies":[{"embeddable":true,"href":"https:\/\/zonacaral.gob.pe\/en\/wp-json\/wp\/v2\/comments?post=26473"}],"version-history":[{"count":21,"href":"https:\/\/zonacaral.gob.pe\/en\/wp-json\/wp\/v2\/posts\/26473\/revisions"}],"predecessor-version":[{"id":26717,"href":"https:\/\/zonacaral.gob.pe\/en\/wp-json\/wp\/v2\/posts\/26473\/revisions\/26717"}],"wp:featuredmedia":[{"embeddable":true,"href":"https:\/\/zonacaral.gob.pe\/en\/wp-json\/wp\/v2\/media\/26474"}],"wp:attachment":[{"href":"https:\/\/zonacaral.gob.pe\/en\/wp-json\/wp\/v2\/media?parent=26473"}],"wp:term":[{"taxonomy":"category","embeddable":true,"href":"https:\/\/zonacaral.gob.pe\/en\/wp-json\/wp\/v2\/categories?post=26473"},{"taxonomy":"post_tag","embeddable":true,"href":"https:\/\/zonacaral.gob.pe\/en\/wp-json\/wp\/v2\/tags?post=26473"}],"curies":[{"name":"wp","href":"https:\/\/api.w.org\/{rel}","templated":true}]}}