{"id":7163,"date":"2014-01-12T11:47:01","date_gmt":"2014-01-12T11:47:01","guid":{"rendered":"http:\/\/pixfill.com\/wp-themes\/medianews\/severe-weather-whips-the-central-united-states-at-present-4\/"},"modified":"2014-01-12T11:47:01","modified_gmt":"2014-01-12T11:47:01","slug":"toyota-new-models-on-sale-after-a-remarkable-design-conference","status":"publish","type":"post","link":"https:\/\/zonacaral.gob.pe\/en\/noticias\/toyota-new-models-on-sale-after-a-remarkable-design-conference\/","title":{"rendered":"Full Day a la ciudad sagrada de Caral"},"content":{"rendered":"<p>Gracias al acuerdo firmado con PromPer\u00fa, Microsoft rinde un homenaje al pa\u00eds, lanzando al mercado mundial el tema Per\u00fa, que incluye nueve fondos de pantallas completamente gratuitos para Windows 7 y Windows 8. Estas im\u00e1genes representan la belleza y riqueza de nuestra historia, gastronom\u00eda y fauna a trav\u00e9s de fotos de Machu Picchu, de danzas t\u00edpicas del Colca, de la Ciudad Sagrada de Caral, de la Catedral de Arequipa, de la causa, de los aj\u00edes, de las variedades de papa, del jaguar y del mono Tit\u00ed Emperador, todas con el sello de la Marca Per\u00fa.<\/p>\n<p>\u201cEl Per\u00fa es maravilloso, y poder sumar esfuerzos para darlo a conocer alrededor del mundo es lo que generar\u00e1 mayor inter\u00e9s por venir y visitarlo. Hoy, Microsoft incorpora estas im\u00e1genes en sus fondos de pantalla para Windows, dando la posibilidad a millones personas de llevar consigo una muestra de nuestra riqueza en sus equipos\u201d, se\u00f1al\u00f3 Jos\u00e9 Tagle, coordinador del Departamento de Gesti\u00f3n de Marca de PromPer\u00fa.<\/p>\n<p>Microsoft entiende que para los usuarios es muy importante disfrutar de lo que ven. Las im\u00e1genes, los colores y los sonidos que elijan pueden reflejar su personalidad y las cosas que m\u00e1s le importan para hacer que su equipo sea como el hogar. En Windows 7 y Windows 8 se puede modificar el fondo de escritorio, el color del borde de la ventana, los sonidos y el protector de pantalla de la computadora de una sola vez (y cuantas veces se quiera) mediante el uso de dichos temas, representativos de la cultura y la riqueza peruana, que pueden ser descargados de manera r\u00e1pida y sencilla en http:\/\/windows.microsoft.com\/en-US\/windows\/downloads\/peru-theme.<br \/>\nTal como lo hace hoy a trav\u00e9s de estos fondos de pantalla que promueven la riqueza y belleza del Per\u00fa, Microsoft, desde hace ya 17 a\u00f1os, sigue demostrando su compromiso con el pa\u00eds, trabajando en m\u00faltiples iniciativas privadas y p\u00fablicas orientadas a transformar la educaci\u00f3n de los ni\u00f1os, a crear oportunidades y empleo en los j\u00f3venes peruanos y a desarrollar una industria nacional basada en innovaci\u00f3n.<\/p>","protected":false},"excerpt":{"rendered":"<p>Gracias al acuerdo firmado con PromPer\u00fa, Microsoft rinde un homenaje al pa\u00eds, lanzando al mercado mundial el tema Per\u00fa, que [&hellip;]<\/p>\n","protected":false},"author":1,"featured_media":7973,"comment_status":"open","ping_status":"open","sticky":false,"template":"","format":"standard","meta":{"_acf_changed":false,"site-sidebar-layout":"default","site-content-layout":"","ast-site-content-layout":"default","site-content-style":"default","site-sidebar-style":"default","ast-global-header-display":"","ast-banner-title-visibility":"","ast-main-header-display":"","ast-hfb-above-header-display":"","ast-hfb-below-header-display":"","ast-hfb-mobile-header-display":"","site-post-title":"","ast-breadcrumbs-content":"","ast-featured-img":"","footer-sml-layout":"","ast-disable-related-posts":"","theme-transparent-header-meta":"","adv-header-id-meta":"","stick-header-meta":"","header-above-stick-meta":"","header-main-stick-meta":"","header-below-stick-meta":"","astra-migrate-meta-layouts":"default","ast-page-background-enabled":"default","ast-page-background-meta":{"desktop":{"background-color":"var(--ast-global-color-5)","background-image":"","background-repeat":"repeat","background-position":"center center","background-size":"auto","background-attachment":"scroll","background-type":"","background-media":"","overlay-type":"","overlay-color":"","overlay-opacity":"","overlay-gradient":""},"tablet":{"background-color":"","background-image":"","background-repeat":"repeat","background-position":"center center","background-size":"auto","background-attachment":"scroll","background-type":"","background-media":"","overlay-type":"","overlay-color":"","overlay-opacity":"","overlay-gradient":""},"mobile":{"background-color":"","background-image":"","background-repeat":"repeat","background-position":"center center","background-size":"auto","background-attachment":"scroll","background-type":"","background-media":"","overlay-type":"","overlay-color":"","overlay-opacity":"","overlay-gradient":""}},"ast-content-background-meta":{"desktop":{"background-color":"var(--ast-global-color-4)","background-image":"","background-repeat":"repeat","background-position":"center center","background-size":"auto","background-attachment":"scroll","background-type":"","background-media":"","overlay-type":"","overlay-color":"","overlay-opacity":"","overlay-gradient":""},"tablet":{"background-color":"var(--ast-global-color-4)","background-image":"","background-repeat":"repeat","background-position":"center center","background-size":"auto","background-attachment":"scroll","background-type":"","background-media":"","overlay-type":"","overlay-color":"","overlay-opacity":"","overlay-gradient":""},"mobile":{"background-color":"var(--ast-global-color-4)","background-image":"","background-repeat":"repeat","background-position":"center center","background-size":"auto","background-attachment":"scroll","background-type":"","background-media":"","overlay-type":"","overlay-color":"","overlay-opacity":"","overlay-gradient":""}},"footnotes":""},"categories":[206,207],"tags":[45,46,47,49,50,51,52],"class_list":["post-7163","post","type-post","status-publish","format-standard","has-post-thumbnail","hentry","category-blog","category-features","tag-blog","tag-business","tag-fashion","tag-magazine","tag-news","tag-people","tag-sport"],"acf":[],"yoast_head":"<!-- This site is optimized with the Yoast SEO plugin v27.3 - https:\/\/yoast.com\/product\/yoast-seo-wordpress\/ -->\n<title>Full Day a la ciudad sagrada de Caral - Zona Caral<\/title>\n<meta name=\"robots\" content=\"index, follow, max-snippet:-1, max-image-preview:large, max-video-preview:-1\" \/>\n<link rel=\"canonical\" href=\"https:\/\/zonacaral.gob.pe\/en\/noticias\/toyota-new-models-on-sale-after-a-remarkable-design-conference\/\" \/>\n<meta property=\"og:locale\" content=\"en_US\" \/>\n<meta property=\"og:type\" content=\"article\" \/>\n<meta property=\"og:title\" content=\"Full Day a la ciudad sagrada de Caral - Zona Caral\" \/>\n<meta property=\"og:description\" content=\"Gracias al acuerdo firmado con PromPer\u00fa, Microsoft rinde un homenaje al pa\u00eds, lanzando al mercado mundial el tema Per\u00fa, que [&hellip;]\" \/>\n<meta property=\"og:url\" content=\"https:\/\/zonacaral.gob.pe\/en\/noticias\/toyota-new-models-on-sale-after-a-remarkable-design-conference\/\" \/>\n<meta property=\"og:site_name\" content=\"Zona Caral\" \/>\n<meta property=\"article:published_time\" content=\"2014-01-12T11:47:01+00:00\" \/>\n<meta property=\"og:image\" content=\"https:\/\/zonacaral.gob.pe\/wp-content\/uploads\/2014\/01\/base_image.jpg\" \/>\n\t<meta property=\"og:image:width\" content=\"619\" \/>\n\t<meta property=\"og:image:height\" content=\"347\" \/>\n\t<meta property=\"og:image:type\" content=\"image\/jpeg\" \/>\n<meta name=\"author\" content=\"Zona Caral Administrador\" \/>\n<meta name=\"twitter:card\" content=\"summary_large_image\" \/>\n<meta name=\"twitter:label1\" content=\"Written by\" \/>\n\t<meta name=\"twitter:data1\" content=\"Zona Caral Administrador\" \/>\n\t<meta name=\"twitter:label2\" content=\"Est. reading time\" \/>\n\t<meta name=\"twitter:data2\" content=\"2 minutes\" \/>\n<script type=\"application\/ld+json\" class=\"yoast-schema-graph\">{\"@context\":\"https:\\\/\\\/schema.org\",\"@graph\":[{\"@type\":\"Article\",\"@id\":\"https:\\\/\\\/zonacaral.gob.pe\\\/es\\\/noticias\\\/toyota-new-models-on-sale-after-a-remarkable-design-conference\\\/#article\",\"isPartOf\":{\"@id\":\"https:\\\/\\\/zonacaral.gob.pe\\\/es\\\/noticias\\\/toyota-new-models-on-sale-after-a-remarkable-design-conference\\\/\"},\"author\":{\"name\":\"Zona Caral Administrador\",\"@id\":\"https:\\\/\\\/zonacaral.gob.pe\\\/es\\\/#\\\/schema\\\/person\\\/beddb4d22f71a7230c5b90913270a0ee\"},\"headline\":\"Full Day a la ciudad sagrada de Caral\",\"datePublished\":\"2014-01-12T11:47:01+00:00\",\"mainEntityOfPage\":{\"@id\":\"https:\\\/\\\/zonacaral.gob.pe\\\/es\\\/noticias\\\/toyota-new-models-on-sale-after-a-remarkable-design-conference\\\/\"},\"wordCount\":366,\"commentCount\":0,\"image\":{\"@id\":\"https:\\\/\\\/zonacaral.gob.pe\\\/es\\\/noticias\\\/toyota-new-models-on-sale-after-a-remarkable-design-conference\\\/#primaryimage\"},\"thumbnailUrl\":\"https:\\\/\\\/zonacaral.gob.pe\\\/wp-content\\\/uploads\\\/2014\\\/01\\\/base_image.jpg\",\"keywords\":[\"Blog\",\"Business\",\"Fashion\",\"Magazine\",\"News\",\"People\",\"Sport\"],\"articleSection\":[\"Blog\",\"Features\"],\"inLanguage\":\"en-US\",\"potentialAction\":[{\"@type\":\"CommentAction\",\"name\":\"Comment\",\"target\":[\"https:\\\/\\\/zonacaral.gob.pe\\\/es\\\/noticias\\\/toyota-new-models-on-sale-after-a-remarkable-design-conference\\\/#respond\"]}]},{\"@type\":\"WebPage\",\"@id\":\"https:\\\/\\\/zonacaral.gob.pe\\\/es\\\/noticias\\\/toyota-new-models-on-sale-after-a-remarkable-design-conference\\\/\",\"url\":\"https:\\\/\\\/zonacaral.gob.pe\\\/es\\\/noticias\\\/toyota-new-models-on-sale-after-a-remarkable-design-conference\\\/\",\"name\":\"Full Day a la ciudad sagrada de Caral - Zona Caral\",\"isPartOf\":{\"@id\":\"https:\\\/\\\/zonacaral.gob.pe\\\/es\\\/#website\"},\"primaryImageOfPage\":{\"@id\":\"https:\\\/\\\/zonacaral.gob.pe\\\/es\\\/noticias\\\/toyota-new-models-on-sale-after-a-remarkable-design-conference\\\/#primaryimage\"},\"image\":{\"@id\":\"https:\\\/\\\/zonacaral.gob.pe\\\/es\\\/noticias\\\/toyota-new-models-on-sale-after-a-remarkable-design-conference\\\/#primaryimage\"},\"thumbnailUrl\":\"https:\\\/\\\/zonacaral.gob.pe\\\/wp-content\\\/uploads\\\/2014\\\/01\\\/base_image.jpg\",\"datePublished\":\"2014-01-12T11:47:01+00:00\",\"author\":{\"@id\":\"https:\\\/\\\/zonacaral.gob.pe\\\/es\\\/#\\\/schema\\\/person\\\/beddb4d22f71a7230c5b90913270a0ee\"},\"breadcrumb\":{\"@id\":\"https:\\\/\\\/zonacaral.gob.pe\\\/es\\\/noticias\\\/toyota-new-models-on-sale-after-a-remarkable-design-conference\\\/#breadcrumb\"},\"inLanguage\":\"en-US\",\"potentialAction\":[{\"@type\":\"ReadAction\",\"target\":[\"https:\\\/\\\/zonacaral.gob.pe\\\/es\\\/noticias\\\/toyota-new-models-on-sale-after-a-remarkable-design-conference\\\/\"]}]},{\"@type\":\"ImageObject\",\"inLanguage\":\"en-US\",\"@id\":\"https:\\\/\\\/zonacaral.gob.pe\\\/es\\\/noticias\\\/toyota-new-models-on-sale-after-a-remarkable-design-conference\\\/#primaryimage\",\"url\":\"https:\\\/\\\/zonacaral.gob.pe\\\/wp-content\\\/uploads\\\/2014\\\/01\\\/base_image.jpg\",\"contentUrl\":\"https:\\\/\\\/zonacaral.gob.pe\\\/wp-content\\\/uploads\\\/2014\\\/01\\\/base_image.jpg\",\"width\":619,\"height\":347},{\"@type\":\"BreadcrumbList\",\"@id\":\"https:\\\/\\\/zonacaral.gob.pe\\\/es\\\/noticias\\\/toyota-new-models-on-sale-after-a-remarkable-design-conference\\\/#breadcrumb\",\"itemListElement\":[{\"@type\":\"ListItem\",\"position\":1,\"name\":\"Portada\",\"item\":\"https:\\\/\\\/zonacaral.gob.pe\\\/\"},{\"@type\":\"ListItem\",\"position\":2,\"name\":\"Full Day a la ciudad sagrada de Caral\"}]},{\"@type\":\"WebSite\",\"@id\":\"https:\\\/\\\/zonacaral.gob.pe\\\/es\\\/#website\",\"url\":\"https:\\\/\\\/zonacaral.gob.pe\\\/es\\\/\",\"name\":\"Zona Caral\",\"description\":\"Investigamos, conservamos y difundimos el patrimonio cultural de la Civilizaci\u00f3n Caral, la m\u00e1s antigua de Am\u00e9rica.\",\"potentialAction\":[{\"@type\":\"SearchAction\",\"target\":{\"@type\":\"EntryPoint\",\"urlTemplate\":\"https:\\\/\\\/zonacaral.gob.pe\\\/es\\\/?s={search_term_string}\"},\"query-input\":{\"@type\":\"PropertyValueSpecification\",\"valueRequired\":true,\"valueName\":\"search_term_string\"}}],\"inLanguage\":\"en-US\"},{\"@type\":\"Person\",\"@id\":\"https:\\\/\\\/zonacaral.gob.pe\\\/es\\\/#\\\/schema\\\/person\\\/beddb4d22f71a7230c5b90913270a0ee\",\"name\":\"Zona Caral Administrador\",\"image\":{\"@type\":\"ImageObject\",\"inLanguage\":\"en-US\",\"@id\":\"https:\\\/\\\/secure.gravatar.com\\\/avatar\\\/e4be162918a696358376de6446614e0f0f4062bdc5d170d6d540ada3d8b58c12?s=96&d=mm&r=g\",\"url\":\"https:\\\/\\\/secure.gravatar.com\\\/avatar\\\/e4be162918a696358376de6446614e0f0f4062bdc5d170d6d540ada3d8b58c12?s=96&d=mm&r=g\",\"contentUrl\":\"https:\\\/\\\/secure.gravatar.com\\\/avatar\\\/e4be162918a696358376de6446614e0f0f4062bdc5d170d6d540ada3d8b58c12?s=96&d=mm&r=g\",\"caption\":\"Zona Caral Administrador\"},\"sameAs\":[\"https:\\\/\\\/zonacaral.gob.pe\"],\"url\":\"https:\\\/\\\/zonacaral.gob.pe\\\/en\\\/noticias\\\/author\\\/ad_zonacaral\\\/\"}]}<\/script>\n<!-- \/ Yoast SEO plugin. -->","yoast_head_json":{"title":"Full Day a la ciudad sagrada de Caral - Zona Caral","robots":{"index":"index","follow":"follow","max-snippet":"max-snippet:-1","max-image-preview":"max-image-preview:large","max-video-preview":"max-video-preview:-1"},"canonical":"https:\/\/zonacaral.gob.pe\/en\/noticias\/toyota-new-models-on-sale-after-a-remarkable-design-conference\/","og_locale":"en_US","og_type":"article","og_title":"Full Day a la ciudad sagrada de Caral - Zona Caral","og_description":"Gracias al acuerdo firmado con PromPer\u00fa, Microsoft rinde un homenaje al pa\u00eds, lanzando al mercado mundial el tema Per\u00fa, que [&hellip;]","og_url":"https:\/\/zonacaral.gob.pe\/en\/noticias\/toyota-new-models-on-sale-after-a-remarkable-design-conference\/","og_site_name":"Zona Caral","article_published_time":"2014-01-12T11:47:01+00:00","og_image":[{"width":619,"height":347,"url":"https:\/\/zonacaral.gob.pe\/wp-content\/uploads\/2014\/01\/base_image.jpg","type":"image\/jpeg"}],"author":"Zona Caral Administrador","twitter_card":"summary_large_image","twitter_misc":{"Written by":"Zona Caral Administrador","Est. reading time":"2 minutes"},"schema":{"@context":"https:\/\/schema.org","@graph":[{"@type":"Article","@id":"https:\/\/zonacaral.gob.pe\/es\/noticias\/toyota-new-models-on-sale-after-a-remarkable-design-conference\/#article","isPartOf":{"@id":"https:\/\/zonacaral.gob.pe\/es\/noticias\/toyota-new-models-on-sale-after-a-remarkable-design-conference\/"},"author":{"name":"Zona Caral Administrador","@id":"https:\/\/zonacaral.gob.pe\/es\/#\/schema\/person\/beddb4d22f71a7230c5b90913270a0ee"},"headline":"Full Day a la ciudad sagrada de Caral","datePublished":"2014-01-12T11:47:01+00:00","mainEntityOfPage":{"@id":"https:\/\/zonacaral.gob.pe\/es\/noticias\/toyota-new-models-on-sale-after-a-remarkable-design-conference\/"},"wordCount":366,"commentCount":0,"image":{"@id":"https:\/\/zonacaral.gob.pe\/es\/noticias\/toyota-new-models-on-sale-after-a-remarkable-design-conference\/#primaryimage"},"thumbnailUrl":"https:\/\/zonacaral.gob.pe\/wp-content\/uploads\/2014\/01\/base_image.jpg","keywords":["Blog","Business","Fashion","Magazine","News","People","Sport"],"articleSection":["Blog","Features"],"inLanguage":"en-US","potentialAction":[{"@type":"CommentAction","name":"Comment","target":["https:\/\/zonacaral.gob.pe\/es\/noticias\/toyota-new-models-on-sale-after-a-remarkable-design-conference\/#respond"]}]},{"@type":"WebPage","@id":"https:\/\/zonacaral.gob.pe\/es\/noticias\/toyota-new-models-on-sale-after-a-remarkable-design-conference\/","url":"https:\/\/zonacaral.gob.pe\/es\/noticias\/toyota-new-models-on-sale-after-a-remarkable-design-conference\/","name":"Full Day a la ciudad sagrada de Caral - Zona Caral","isPartOf":{"@id":"https:\/\/zonacaral.gob.pe\/es\/#website"},"primaryImageOfPage":{"@id":"https:\/\/zonacaral.gob.pe\/es\/noticias\/toyota-new-models-on-sale-after-a-remarkable-design-conference\/#primaryimage"},"image":{"@id":"https:\/\/zonacaral.gob.pe\/es\/noticias\/toyota-new-models-on-sale-after-a-remarkable-design-conference\/#primaryimage"},"thumbnailUrl":"https:\/\/zonacaral.gob.pe\/wp-content\/uploads\/2014\/01\/base_image.jpg","datePublished":"2014-01-12T11:47:01+00:00","author":{"@id":"https:\/\/zonacaral.gob.pe\/es\/#\/schema\/person\/beddb4d22f71a7230c5b90913270a0ee"},"breadcrumb":{"@id":"https:\/\/zonacaral.gob.pe\/es\/noticias\/toyota-new-models-on-sale-after-a-remarkable-design-conference\/#breadcrumb"},"inLanguage":"en-US","potentialAction":[{"@type":"ReadAction","target":["https:\/\/zonacaral.gob.pe\/es\/noticias\/toyota-new-models-on-sale-after-a-remarkable-design-conference\/"]}]},{"@type":"ImageObject","inLanguage":"en-US","@id":"https:\/\/zonacaral.gob.pe\/es\/noticias\/toyota-new-models-on-sale-after-a-remarkable-design-conference\/#primaryimage","url":"https:\/\/zonacaral.gob.pe\/wp-content\/uploads\/2014\/01\/base_image.jpg","contentUrl":"https:\/\/zonacaral.gob.pe\/wp-content\/uploads\/2014\/01\/base_image.jpg","width":619,"height":347},{"@type":"BreadcrumbList","@id":"https:\/\/zonacaral.gob.pe\/es\/noticias\/toyota-new-models-on-sale-after-a-remarkable-design-conference\/#breadcrumb","itemListElement":[{"@type":"ListItem","position":1,"name":"Portada","item":"https:\/\/zonacaral.gob.pe\/"},{"@type":"ListItem","position":2,"name":"Full Day a la ciudad sagrada de Caral"}]},{"@type":"WebSite","@id":"https:\/\/zonacaral.gob.pe\/es\/#website","url":"https:\/\/zonacaral.gob.pe\/es\/","name":"Zona Caral","description":"Investigamos, conservamos y difundimos el patrimonio cultural de la Civilizaci\u00f3n Caral, la m\u00e1s antigua de Am\u00e9rica.","potentialAction":[{"@type":"SearchAction","target":{"@type":"EntryPoint","urlTemplate":"https:\/\/zonacaral.gob.pe\/es\/?s={search_term_string}"},"query-input":{"@type":"PropertyValueSpecification","valueRequired":true,"valueName":"search_term_string"}}],"inLanguage":"en-US"},{"@type":"Person","@id":"https:\/\/zonacaral.gob.pe\/es\/#\/schema\/person\/beddb4d22f71a7230c5b90913270a0ee","name":"Zona Caral Administrador","image":{"@type":"ImageObject","inLanguage":"en-US","@id":"https:\/\/secure.gravatar.com\/avatar\/e4be162918a696358376de6446614e0f0f4062bdc5d170d6d540ada3d8b58c12?s=96&d=mm&r=g","url":"https:\/\/secure.gravatar.com\/avatar\/e4be162918a696358376de6446614e0f0f4062bdc5d170d6d540ada3d8b58c12?s=96&d=mm&r=g","contentUrl":"https:\/\/secure.gravatar.com\/avatar\/e4be162918a696358376de6446614e0f0f4062bdc5d170d6d540ada3d8b58c12?s=96&d=mm&r=g","caption":"Zona Caral Administrador"},"sameAs":["https:\/\/zonacaral.gob.pe"],"url":"https:\/\/zonacaral.gob.pe\/en\/noticias\/author\/ad_zonacaral\/"}]}},"_links":{"self":[{"href":"https:\/\/zonacaral.gob.pe\/en\/wp-json\/wp\/v2\/posts\/7163","targetHints":{"allow":["GET"]}}],"collection":[{"href":"https:\/\/zonacaral.gob.pe\/en\/wp-json\/wp\/v2\/posts"}],"about":[{"href":"https:\/\/zonacaral.gob.pe\/en\/wp-json\/wp\/v2\/types\/post"}],"author":[{"embeddable":true,"href":"https:\/\/zonacaral.gob.pe\/en\/wp-json\/wp\/v2\/users\/1"}],"replies":[{"embeddable":true,"href":"https:\/\/zonacaral.gob.pe\/en\/wp-json\/wp\/v2\/comments?post=7163"}],"version-history":[{"count":0,"href":"https:\/\/zonacaral.gob.pe\/en\/wp-json\/wp\/v2\/posts\/7163\/revisions"}],"wp:featuredmedia":[{"embeddable":true,"href":"https:\/\/zonacaral.gob.pe\/en\/wp-json\/wp\/v2\/media\/7973"}],"wp:attachment":[{"href":"https:\/\/zonacaral.gob.pe\/en\/wp-json\/wp\/v2\/media?parent=7163"}],"wp:term":[{"taxonomy":"category","embeddable":true,"href":"https:\/\/zonacaral.gob.pe\/en\/wp-json\/wp\/v2\/categories?post=7163"},{"taxonomy":"post_tag","embeddable":true,"href":"https:\/\/zonacaral.gob.pe\/en\/wp-json\/wp\/v2\/tags?post=7163"}],"curies":[{"name":"wp","href":"https:\/\/api.w.org\/{rel}","templated":true}]}}