{"id":8426,"date":"2014-10-05T08:37:27","date_gmt":"2014-10-05T13:37:27","guid":{"rendered":"http:\/\/www.zonacaral.gob.pe\/demo\/wordpress\/?p=8426"},"modified":"2014-10-05T08:37:27","modified_gmt":"2014-10-05T13:37:27","slug":"las-otras-ciudades-de-caral","status":"publish","type":"post","link":"https:\/\/zonacaral.gob.pe\/en\/noticias\/las-otras-ciudades-de-caral\/","title":{"rendered":"Las otras ciudades de Caral"},"content":{"rendered":"<p style=\"color: #555555; text-align: justify;\">Subiendo por las terrazas de un edificio piramidal de esta ciudad derruida pero en excavaci\u00f3n que es Miraya, en el valle de Supe, Barranca, podemos ver un pedazo de muro cubierto con un material hecho de algod\u00f3n. El arque\u00f3logo Plinio Guill\u00e9n, responsable de las excavaciones en este sitio, destapa cuidadosamente el \u00e1rea de trabajo y muestra el descubrimiento. Se trata de un friso con un altorrelieve de forma circular, espiralado, en color blanco.<\/p>\n<p style=\"color: #555555; text-align: justify;\">El paso del tiempo ha hecho su trabajo y, por lo que se ve, no se puede saber a\u00fan de qu\u00e9 se trata. Pero los estudios contin\u00faan. Miraya es un asentamiento situado a escasos dos kil\u00f3metros de la Ciudad Sagrada de Caral, fue contempor\u00e1nea a ella \u2013entre 3,000 y 1,600 a\u00f1os antes de Cristo\u2013 y form\u00f3 parte de la misma civilizaci\u00f3n. En esta zona hay dieciocho edificios piramidales distribuidos alrededor de una zona central.<\/p>\n<p style=\"color: #555555; text-align: justify;\">En Miraya tambi\u00e9n se encontraron hace un tiempo figurillas de barro no cocido que hoy son parte de la iconograf\u00eda de la civilizaci\u00f3n m\u00e1s antig\u00fca de Am\u00e9rica (ver extremo izquierdo de esta p\u00e1gina). Representaban la figura humana de manera naturalista, mostraban facciones bien definidas y ten\u00edan color. A una de ellas incluso se le conoce como la &#8216;sacerdotisa de Miraya&#8217; por sus caracter\u00edsticas (collar, vestido, tocado). Revelan el importante rol que en alg\u00fan momento cumpli\u00f3 la mujer en esta sociedad.<\/p>\n<p style=\"color: #555555; text-align: justify;\">Se ha determinado que en el valle de Supe hay 21 asentamientos similares a Caral, que fue la ciudad-capital de esa civilizaci\u00f3n, la m\u00e1s antigua de Am\u00e9rica. Los investigadores de la Zona Arqueol\u00f3gica Caral, un proyecto iniciado y liderado hasta hoy por la arque\u00f3loga Ruth Shady, trabajan actualmente en once de esos asentamientos contempor\u00e1neos a la ciudad sagrada. Las tres ciudades m\u00e1s cercanas a Caral son Miraya, Lurihuasi y Chupacigarro. All\u00ed los arque\u00f3logos ya han puesto en valor varias construcciones piramidales. El 2015 podr\u00e1n formar parte del circuito de Caral y recibir visitantes.<\/p>\n<p style=\"color: #555555; text-align: justify;\">Cae la tarde en Miraya. Todav\u00eda quema el sol del desierto, a pesar de que sopla un viento fuerte. Tres trabajadores realizan labores en una construcci\u00f3n de miles de a\u00f1os. Han recuperado una de las escalinatas que da acceso a la parte superior de una pir\u00e1mide trunca.<\/p>\n<p style=\"color: #555555; text-align: justify;\">\u00abAqu\u00ed, como en Caral, hay tres etapas de ocupaci\u00f3n: temprano, medio y tard\u00edo\u00bb, dice el arque\u00f3logo Guill\u00e9n, mientras recorremos una plaza circular que precede a una pir\u00e1mide. Enormes monolitos de piedra flanquean la entrada. \u00abHasta ahora no sabemos de d\u00f3nde los trajeron\u00bb, dice.<\/p>\n<h3 style=\"color: #555555; text-align: justify;\"><strong>Ciudad de Piedra<\/strong><\/h3>\n<p style=\"color: #555555; text-align: justify;\">Un kil\u00f3metro m\u00e1s all\u00e1 se encuentra otra ciudad de las mismas \u00e9pocas: Lurihuasi. Es un asentamiento compuesto por 44 edificios monumentales y residenciales construidos con piedra. El arque\u00f3logo del sitio, Luis Miranda, explica que cada asentamiento o ciudad del valle comparte similitudes con las dem\u00e1s, pero siempre mantiene caracter\u00edsticas propias.<\/p>\n<p style=\"color: #555555; text-align: justify;\">\u00abEn el caso de Lurihuasi, es una ciudad en cuyas construcciones s\u00f3lo se us\u00f3 piedra y argamasa. No hay adobe o ca\u00f1a como en otros sitios. Y muchos de sus muros tambi\u00e9n presentan las esquinas curvas a diferencia de Caral o Miraya\u00bb, explica Miranda. Recientemente las excavaciones pusieron al descubierto un altar de piedra circular donde se encend\u00eda el fuego.<\/p>\n<p style=\"color: #555555; text-align: justify;\">Hay huellas de eso. Parte de la construcci\u00f3n tambi\u00e9n muestra el relleno que le pon\u00edan al muro: bolsas de tejido vegetal llenas de piedras. \u00abSon shicras. Las piedras se acomodaban por su propio peso a medida que la construcci\u00f3n avanzaba\u00bb, dice Miranda.<\/p>\n<p style=\"color: #555555; text-align: justify;\">Lurihuasi tiene una ubicaci\u00f3n estrat\u00e9gica. Est\u00e1 rodeado de cerros pero muy cerca de un paso o \u2018abra\u2019 que da acceso al otro lado de los cerros, con un camino que lleva hasta el litoral en unas tres horas. El arque\u00f3logo hizo el recorrido y encontr\u00f3 que el trazo a\u00fan se nota, adem\u00e1s de que hay numerosos restos de peces, moluscos y otras especies marinas en la ruta. \u00abCaminando por ese camino sales a la altura de Medio Mundo (kil\u00f3metro 170 de la Panamericana Norte)\u00bb, comenta.<\/p>\n<p style=\"color: #555555; text-align: justify;\">Chupacigarro, el otro lugar que puede unirse al circuito \u00a0tur\u00edstico junto a las anteriores, est\u00e1 a un kil\u00f3metro al este de Caral y empez\u00f3 a ser excavado hace muchos a\u00f1os. Tiene doce edificios construidos alrededor de un espacio central y viviendas en la zona perif\u00e9rica. En la parte sur de esta ciudad se encontraron varios geoglifos.<\/p>\n<p style=\"color: #555555; text-align: justify;\">Todas estas urbes, ubicadas en la zona central del valle de Supe, constituyeron junto con Caral la zona capital y el eje del desarrollo en toda el \u00e1rea. Su influencia alcanza a todas las culturas que aparecieron posteriormente en el territorio peruano. Su impronta se nota claramente en la arquitectura e iconograf\u00eda del antig\u00fco templo de las &#8216;manos cruzadas&#8217; de Kotosh, Hu\u00e1nuco.<\/p>\n<h3 style=\"color: #555555; text-align: justify;\"><strong>Caral y su periferia<\/strong><\/h3>\n<p style=\"color: #555555; text-align: justify;\">La misma ciudad sagrada de Caral \u2013se le llama as\u00ed porque la religi\u00f3n sirvi\u00f3 para aglutinar a la poblaci\u00f3n\u2013 tiene una zona per\u00edf\u00e9rica que todav\u00eda no es parte del circuito tur\u00edstico y donde en los \u00faltimos a\u00f1os se han realizado trabajos para ponerla en valor. \u00abLos visitantes todav\u00eda no pueden visitar esta \u00e1rea. Esta es la zona D, donde hay edificios p\u00fablicos que intentan imitar los de la zona central, pero son m\u00e1s peque\u00f1os y sencillos\u00bb, explica Marco Bezares, arque\u00f3logo \u00a0jefe de campo de Caral.<\/p>\n<p style=\"color: #555555; text-align: justify;\">En esta parte se han recuperado varias construcciones y se ha habilitado un camino que pasa por el medio de todas ellas, al que se ha denominado &#8216;la calle de la integraci\u00f3n&#8217;. A trav\u00e9s de ella se puede acceder a la ciudad atravesando la zona perif\u00e9rica de la urbe y se avanza hacia la parte m\u00e1s importante de Caral, aquella donde se ubican las edificaciones de mayor rango monumental y que hace cinco mil a\u00f1os solo ocupaba la \u00e9lite.<\/p>\n<p style=\"color: #555555; text-align: justify;\">\u00abEsta calle de la integraci\u00f3n es la que vamos a presentar en las celebraciones por los veinte a\u00f1os de inicio del proyecto\u00bb, explica Bezares. Un poco m\u00e1s lejos, en la zona X, est\u00e1n las zonas de vivienda de la clase baja de Caral. Actualmente los restos se ven como cuadr\u00edculas hundidas a nivel del suelo. S\u00f3lo se distingue que son construcciones antiguas por los muros de piedra que aparecen confundidos con la arena del desierto.<\/p>\n<p style=\"color: #555555; text-align: justify;\">El proyecto Caral empez\u00f3 en 1994 cuando la arque\u00f3loga Ruth Shady mape\u00f3 los asentamientos a lo largo de todo el valle de Supe. Con el tiempo se determin\u00f3 que se trataba de una civilizaci\u00f3n precer\u00e1mica que se desarroll\u00f3 unos 3,000 a\u00f1os antes de Cristo. Era la m\u00e1s antigua de Am\u00e9rica. Pruebas con carbono 14, realizadas en Estados Unidos, lo confirmaron.<\/p>\n<p style=\"color: #555555; text-align: justify;\">Con el tiempo se ha avanzado en el estudio de los dem\u00e1s asentamientos a lo largo del valle y se ha comprometido a la poblaci\u00f3n en la protecci\u00f3n y mantenimiento del sitio. Hoy la Zona Arqueol\u00f3gica Caral beneficia a la poblaci\u00f3n aleda\u00f1a. Son los propios pobladores quienes brindan el servicio de guiado o de viandas para los visitantes. Tambi\u00e9n se les ha dado capacitaci\u00f3n en distintos talleres. El d\u00eda que fuimos a visitar la ciudadela, Dino, un poblador con catorce a\u00f1os de gu\u00eda en el lugar, nos llev\u00f3 por los principales templos y nos explic\u00f3 la importancia de cada uno.<\/p>\n<p style=\"color: #555555; text-align: justify;\">El 24 de octubre los encargados del proyecto iluminar\u00e1n las pir\u00e1mides, realizar\u00e1n un recorrido nocturno y har\u00e1n un pago a la tierra. Al d\u00eda siguiente habr\u00e1 una celebraci\u00f3n con m\u00fasica y danzas. Hace veinte a\u00f1os Ruth Shady desenterr\u00f3 la civilizaci\u00f3n m\u00e1s antigua de Am\u00e9rica. A juzgar por las ciudadelas que empiezan a emerger de la tierra que las cubri\u00f3 por milenios, esta historia a\u00fan no termina.<em> (La Rep\u00fablica)<\/em><\/p>","protected":false},"excerpt":{"rendered":"<p>Subiendo por las terrazas de un edificio piramidal de esta ciudad derruida pero en excavaci\u00f3n que es Miraya, en el [&hellip;]<\/p>\n","protected":false},"author":1,"featured_media":8442,"comment_status":"closed","ping_status":"open","sticky":false,"template":"","format":"standard","meta":{"_acf_changed":false,"site-sidebar-layout":"default","site-content-layout":"","ast-site-content-layout":"default","site-content-style":"default","site-sidebar-style":"default","ast-global-header-display":"","ast-banner-title-visibility":"","ast-main-header-display":"","ast-hfb-above-header-display":"","ast-hfb-below-header-display":"","ast-hfb-mobile-header-display":"","site-post-title":"","ast-breadcrumbs-content":"","ast-featured-img":"","footer-sml-layout":"","ast-disable-related-posts":"","theme-transparent-header-meta":"","adv-header-id-meta":"","stick-header-meta":"","header-above-stick-meta":"","header-main-stick-meta":"","header-below-stick-meta":"","astra-migrate-meta-layouts":"default","ast-page-background-enabled":"default","ast-page-background-meta":{"desktop":{"background-color":"var(--ast-global-color-5)","background-image":"","background-repeat":"repeat","background-position":"center center","background-size":"auto","background-attachment":"scroll","background-type":"","background-media":"","overlay-type":"","overlay-color":"","overlay-opacity":"","overlay-gradient":""},"tablet":{"background-color":"","background-image":"","background-repeat":"repeat","background-position":"center center","background-size":"auto","background-attachment":"scroll","background-type":"","background-media":"","overlay-type":"","overlay-color":"","overlay-opacity":"","overlay-gradient":""},"mobile":{"background-color":"","background-image":"","background-repeat":"repeat","background-position":"center center","background-size":"auto","background-attachment":"scroll","background-type":"","background-media":"","overlay-type":"","overlay-color":"","overlay-opacity":"","overlay-gradient":""}},"ast-content-background-meta":{"desktop":{"background-color":"var(--ast-global-color-4)","background-image":"","background-repeat":"repeat","background-position":"center center","background-size":"auto","background-attachment":"scroll","background-type":"","background-media":"","overlay-type":"","overlay-color":"","overlay-opacity":"","overlay-gradient":""},"tablet":{"background-color":"var(--ast-global-color-4)","background-image":"","background-repeat":"repeat","background-position":"center center","background-size":"auto","background-attachment":"scroll","background-type":"","background-media":"","overlay-type":"","overlay-color":"","overlay-opacity":"","overlay-gradient":""},"mobile":{"background-color":"var(--ast-global-color-4)","background-image":"","background-repeat":"repeat","background-position":"center center","background-size":"auto","background-attachment":"scroll","background-type":"","background-media":"","overlay-type":"","overlay-color":"","overlay-opacity":"","overlay-gradient":""}},"footnotes":""},"categories":[208],"tags":[45,46,47,49,50,51,52],"class_list":["post-8426","post","type-post","status-publish","format-standard","has-post-thumbnail","hentry","category-noticias","tag-blog","tag-business","tag-fashion","tag-magazine","tag-news","tag-people","tag-sport"],"acf":[],"yoast_head":"<!-- This site is optimized with the Yoast SEO plugin v27.3 - https:\/\/yoast.com\/product\/yoast-seo-wordpress\/ -->\n<title>Las otras ciudades de Caral - Zona Caral<\/title>\n<meta name=\"robots\" content=\"index, follow, max-snippet:-1, max-image-preview:large, max-video-preview:-1\" \/>\n<link rel=\"canonical\" href=\"https:\/\/zonacaral.gob.pe\/en\/noticias\/las-otras-ciudades-de-caral\/\" \/>\n<meta property=\"og:locale\" content=\"en_US\" \/>\n<meta property=\"og:type\" content=\"article\" \/>\n<meta property=\"og:title\" content=\"Las otras ciudades de Caral - Zona Caral\" \/>\n<meta property=\"og:description\" content=\"Subiendo por las terrazas de un edificio piramidal de esta ciudad derruida pero en excavaci\u00f3n que es Miraya, en el [&hellip;]\" \/>\n<meta property=\"og:url\" content=\"https:\/\/zonacaral.gob.pe\/en\/noticias\/las-otras-ciudades-de-caral\/\" \/>\n<meta property=\"og:site_name\" content=\"Zona Caral\" \/>\n<meta property=\"article:published_time\" content=\"2014-10-05T13:37:27+00:00\" \/>\n<meta property=\"og:image\" content=\"https:\/\/zonacaral.gob.pe\/wp-content\/uploads\/2014\/10\/caral-ciudades.jpg\" \/>\n\t<meta property=\"og:image:width\" content=\"810\" \/>\n\t<meta property=\"og:image:height\" content=\"410\" \/>\n\t<meta property=\"og:image:type\" content=\"image\/jpeg\" \/>\n<meta name=\"author\" content=\"Zona Caral Administrador\" \/>\n<meta name=\"twitter:card\" content=\"summary_large_image\" \/>\n<meta name=\"twitter:label1\" content=\"Written by\" \/>\n\t<meta name=\"twitter:data1\" content=\"Zona Caral Administrador\" \/>\n\t<meta name=\"twitter:label2\" content=\"Est. reading time\" \/>\n\t<meta name=\"twitter:data2\" content=\"7 minutes\" \/>\n<script type=\"application\/ld+json\" class=\"yoast-schema-graph\">{\"@context\":\"https:\\\/\\\/schema.org\",\"@graph\":[{\"@type\":\"Article\",\"@id\":\"https:\\\/\\\/zonacaral.gob.pe\\\/es\\\/noticias\\\/las-otras-ciudades-de-caral\\\/#article\",\"isPartOf\":{\"@id\":\"https:\\\/\\\/zonacaral.gob.pe\\\/es\\\/noticias\\\/las-otras-ciudades-de-caral\\\/\"},\"author\":{\"name\":\"Zona Caral Administrador\",\"@id\":\"https:\\\/\\\/zonacaral.gob.pe\\\/es\\\/#\\\/schema\\\/person\\\/beddb4d22f71a7230c5b90913270a0ee\"},\"headline\":\"Las otras ciudades de Caral\",\"datePublished\":\"2014-10-05T13:37:27+00:00\",\"mainEntityOfPage\":{\"@id\":\"https:\\\/\\\/zonacaral.gob.pe\\\/es\\\/noticias\\\/las-otras-ciudades-de-caral\\\/\"},\"wordCount\":1352,\"image\":{\"@id\":\"https:\\\/\\\/zonacaral.gob.pe\\\/es\\\/noticias\\\/las-otras-ciudades-de-caral\\\/#primaryimage\"},\"thumbnailUrl\":\"https:\\\/\\\/zonacaral.gob.pe\\\/wp-content\\\/uploads\\\/2014\\\/10\\\/caral-ciudades.jpg\",\"keywords\":[\"Blog\",\"Business\",\"Fashion\",\"Magazine\",\"News\",\"People\",\"Sport\"],\"articleSection\":[\"noticias\"],\"inLanguage\":\"en-US\"},{\"@type\":\"WebPage\",\"@id\":\"https:\\\/\\\/zonacaral.gob.pe\\\/es\\\/noticias\\\/las-otras-ciudades-de-caral\\\/\",\"url\":\"https:\\\/\\\/zonacaral.gob.pe\\\/es\\\/noticias\\\/las-otras-ciudades-de-caral\\\/\",\"name\":\"Las otras ciudades de Caral - Zona Caral\",\"isPartOf\":{\"@id\":\"https:\\\/\\\/zonacaral.gob.pe\\\/es\\\/#website\"},\"primaryImageOfPage\":{\"@id\":\"https:\\\/\\\/zonacaral.gob.pe\\\/es\\\/noticias\\\/las-otras-ciudades-de-caral\\\/#primaryimage\"},\"image\":{\"@id\":\"https:\\\/\\\/zonacaral.gob.pe\\\/es\\\/noticias\\\/las-otras-ciudades-de-caral\\\/#primaryimage\"},\"thumbnailUrl\":\"https:\\\/\\\/zonacaral.gob.pe\\\/wp-content\\\/uploads\\\/2014\\\/10\\\/caral-ciudades.jpg\",\"datePublished\":\"2014-10-05T13:37:27+00:00\",\"author\":{\"@id\":\"https:\\\/\\\/zonacaral.gob.pe\\\/es\\\/#\\\/schema\\\/person\\\/beddb4d22f71a7230c5b90913270a0ee\"},\"breadcrumb\":{\"@id\":\"https:\\\/\\\/zonacaral.gob.pe\\\/es\\\/noticias\\\/las-otras-ciudades-de-caral\\\/#breadcrumb\"},\"inLanguage\":\"en-US\",\"potentialAction\":[{\"@type\":\"ReadAction\",\"target\":[\"https:\\\/\\\/zonacaral.gob.pe\\\/es\\\/noticias\\\/las-otras-ciudades-de-caral\\\/\"]}]},{\"@type\":\"ImageObject\",\"inLanguage\":\"en-US\",\"@id\":\"https:\\\/\\\/zonacaral.gob.pe\\\/es\\\/noticias\\\/las-otras-ciudades-de-caral\\\/#primaryimage\",\"url\":\"https:\\\/\\\/zonacaral.gob.pe\\\/wp-content\\\/uploads\\\/2014\\\/10\\\/caral-ciudades.jpg\",\"contentUrl\":\"https:\\\/\\\/zonacaral.gob.pe\\\/wp-content\\\/uploads\\\/2014\\\/10\\\/caral-ciudades.jpg\",\"width\":810,\"height\":410},{\"@type\":\"BreadcrumbList\",\"@id\":\"https:\\\/\\\/zonacaral.gob.pe\\\/es\\\/noticias\\\/las-otras-ciudades-de-caral\\\/#breadcrumb\",\"itemListElement\":[{\"@type\":\"ListItem\",\"position\":1,\"name\":\"Portada\",\"item\":\"https:\\\/\\\/zonacaral.gob.pe\\\/\"},{\"@type\":\"ListItem\",\"position\":2,\"name\":\"Las otras ciudades de Caral\"}]},{\"@type\":\"WebSite\",\"@id\":\"https:\\\/\\\/zonacaral.gob.pe\\\/es\\\/#website\",\"url\":\"https:\\\/\\\/zonacaral.gob.pe\\\/es\\\/\",\"name\":\"Zona Caral\",\"description\":\"Investigamos, conservamos y difundimos el patrimonio cultural de la Civilizaci\u00f3n Caral, la m\u00e1s antigua de Am\u00e9rica.\",\"potentialAction\":[{\"@type\":\"SearchAction\",\"target\":{\"@type\":\"EntryPoint\",\"urlTemplate\":\"https:\\\/\\\/zonacaral.gob.pe\\\/es\\\/?s={search_term_string}\"},\"query-input\":{\"@type\":\"PropertyValueSpecification\",\"valueRequired\":true,\"valueName\":\"search_term_string\"}}],\"inLanguage\":\"en-US\"},{\"@type\":\"Person\",\"@id\":\"https:\\\/\\\/zonacaral.gob.pe\\\/es\\\/#\\\/schema\\\/person\\\/beddb4d22f71a7230c5b90913270a0ee\",\"name\":\"Zona Caral Administrador\",\"image\":{\"@type\":\"ImageObject\",\"inLanguage\":\"en-US\",\"@id\":\"https:\\\/\\\/secure.gravatar.com\\\/avatar\\\/e4be162918a696358376de6446614e0f0f4062bdc5d170d6d540ada3d8b58c12?s=96&d=mm&r=g\",\"url\":\"https:\\\/\\\/secure.gravatar.com\\\/avatar\\\/e4be162918a696358376de6446614e0f0f4062bdc5d170d6d540ada3d8b58c12?s=96&d=mm&r=g\",\"contentUrl\":\"https:\\\/\\\/secure.gravatar.com\\\/avatar\\\/e4be162918a696358376de6446614e0f0f4062bdc5d170d6d540ada3d8b58c12?s=96&d=mm&r=g\",\"caption\":\"Zona Caral Administrador\"},\"sameAs\":[\"https:\\\/\\\/zonacaral.gob.pe\"],\"url\":\"https:\\\/\\\/zonacaral.gob.pe\\\/en\\\/noticias\\\/author\\\/ad_zonacaral\\\/\"}]}<\/script>\n<!-- \/ Yoast SEO plugin. -->","yoast_head_json":{"title":"Las otras ciudades de Caral - Zona Caral","robots":{"index":"index","follow":"follow","max-snippet":"max-snippet:-1","max-image-preview":"max-image-preview:large","max-video-preview":"max-video-preview:-1"},"canonical":"https:\/\/zonacaral.gob.pe\/en\/noticias\/las-otras-ciudades-de-caral\/","og_locale":"en_US","og_type":"article","og_title":"Las otras ciudades de Caral - Zona Caral","og_description":"Subiendo por las terrazas de un edificio piramidal de esta ciudad derruida pero en excavaci\u00f3n que es Miraya, en el [&hellip;]","og_url":"https:\/\/zonacaral.gob.pe\/en\/noticias\/las-otras-ciudades-de-caral\/","og_site_name":"Zona Caral","article_published_time":"2014-10-05T13:37:27+00:00","og_image":[{"width":810,"height":410,"url":"https:\/\/zonacaral.gob.pe\/wp-content\/uploads\/2014\/10\/caral-ciudades.jpg","type":"image\/jpeg"}],"author":"Zona Caral Administrador","twitter_card":"summary_large_image","twitter_misc":{"Written by":"Zona Caral Administrador","Est. reading time":"7 minutes"},"schema":{"@context":"https:\/\/schema.org","@graph":[{"@type":"Article","@id":"https:\/\/zonacaral.gob.pe\/es\/noticias\/las-otras-ciudades-de-caral\/#article","isPartOf":{"@id":"https:\/\/zonacaral.gob.pe\/es\/noticias\/las-otras-ciudades-de-caral\/"},"author":{"name":"Zona Caral Administrador","@id":"https:\/\/zonacaral.gob.pe\/es\/#\/schema\/person\/beddb4d22f71a7230c5b90913270a0ee"},"headline":"Las otras ciudades de Caral","datePublished":"2014-10-05T13:37:27+00:00","mainEntityOfPage":{"@id":"https:\/\/zonacaral.gob.pe\/es\/noticias\/las-otras-ciudades-de-caral\/"},"wordCount":1352,"image":{"@id":"https:\/\/zonacaral.gob.pe\/es\/noticias\/las-otras-ciudades-de-caral\/#primaryimage"},"thumbnailUrl":"https:\/\/zonacaral.gob.pe\/wp-content\/uploads\/2014\/10\/caral-ciudades.jpg","keywords":["Blog","Business","Fashion","Magazine","News","People","Sport"],"articleSection":["noticias"],"inLanguage":"en-US"},{"@type":"WebPage","@id":"https:\/\/zonacaral.gob.pe\/es\/noticias\/las-otras-ciudades-de-caral\/","url":"https:\/\/zonacaral.gob.pe\/es\/noticias\/las-otras-ciudades-de-caral\/","name":"Las otras ciudades de Caral - Zona Caral","isPartOf":{"@id":"https:\/\/zonacaral.gob.pe\/es\/#website"},"primaryImageOfPage":{"@id":"https:\/\/zonacaral.gob.pe\/es\/noticias\/las-otras-ciudades-de-caral\/#primaryimage"},"image":{"@id":"https:\/\/zonacaral.gob.pe\/es\/noticias\/las-otras-ciudades-de-caral\/#primaryimage"},"thumbnailUrl":"https:\/\/zonacaral.gob.pe\/wp-content\/uploads\/2014\/10\/caral-ciudades.jpg","datePublished":"2014-10-05T13:37:27+00:00","author":{"@id":"https:\/\/zonacaral.gob.pe\/es\/#\/schema\/person\/beddb4d22f71a7230c5b90913270a0ee"},"breadcrumb":{"@id":"https:\/\/zonacaral.gob.pe\/es\/noticias\/las-otras-ciudades-de-caral\/#breadcrumb"},"inLanguage":"en-US","potentialAction":[{"@type":"ReadAction","target":["https:\/\/zonacaral.gob.pe\/es\/noticias\/las-otras-ciudades-de-caral\/"]}]},{"@type":"ImageObject","inLanguage":"en-US","@id":"https:\/\/zonacaral.gob.pe\/es\/noticias\/las-otras-ciudades-de-caral\/#primaryimage","url":"https:\/\/zonacaral.gob.pe\/wp-content\/uploads\/2014\/10\/caral-ciudades.jpg","contentUrl":"https:\/\/zonacaral.gob.pe\/wp-content\/uploads\/2014\/10\/caral-ciudades.jpg","width":810,"height":410},{"@type":"BreadcrumbList","@id":"https:\/\/zonacaral.gob.pe\/es\/noticias\/las-otras-ciudades-de-caral\/#breadcrumb","itemListElement":[{"@type":"ListItem","position":1,"name":"Portada","item":"https:\/\/zonacaral.gob.pe\/"},{"@type":"ListItem","position":2,"name":"Las otras ciudades de Caral"}]},{"@type":"WebSite","@id":"https:\/\/zonacaral.gob.pe\/es\/#website","url":"https:\/\/zonacaral.gob.pe\/es\/","name":"Zona Caral","description":"Investigamos, conservamos y difundimos el patrimonio cultural de la Civilizaci\u00f3n Caral, la m\u00e1s antigua de Am\u00e9rica.","potentialAction":[{"@type":"SearchAction","target":{"@type":"EntryPoint","urlTemplate":"https:\/\/zonacaral.gob.pe\/es\/?s={search_term_string}"},"query-input":{"@type":"PropertyValueSpecification","valueRequired":true,"valueName":"search_term_string"}}],"inLanguage":"en-US"},{"@type":"Person","@id":"https:\/\/zonacaral.gob.pe\/es\/#\/schema\/person\/beddb4d22f71a7230c5b90913270a0ee","name":"Zona Caral Administrador","image":{"@type":"ImageObject","inLanguage":"en-US","@id":"https:\/\/secure.gravatar.com\/avatar\/e4be162918a696358376de6446614e0f0f4062bdc5d170d6d540ada3d8b58c12?s=96&d=mm&r=g","url":"https:\/\/secure.gravatar.com\/avatar\/e4be162918a696358376de6446614e0f0f4062bdc5d170d6d540ada3d8b58c12?s=96&d=mm&r=g","contentUrl":"https:\/\/secure.gravatar.com\/avatar\/e4be162918a696358376de6446614e0f0f4062bdc5d170d6d540ada3d8b58c12?s=96&d=mm&r=g","caption":"Zona Caral Administrador"},"sameAs":["https:\/\/zonacaral.gob.pe"],"url":"https:\/\/zonacaral.gob.pe\/en\/noticias\/author\/ad_zonacaral\/"}]}},"_links":{"self":[{"href":"https:\/\/zonacaral.gob.pe\/en\/wp-json\/wp\/v2\/posts\/8426","targetHints":{"allow":["GET"]}}],"collection":[{"href":"https:\/\/zonacaral.gob.pe\/en\/wp-json\/wp\/v2\/posts"}],"about":[{"href":"https:\/\/zonacaral.gob.pe\/en\/wp-json\/wp\/v2\/types\/post"}],"author":[{"embeddable":true,"href":"https:\/\/zonacaral.gob.pe\/en\/wp-json\/wp\/v2\/users\/1"}],"replies":[{"embeddable":true,"href":"https:\/\/zonacaral.gob.pe\/en\/wp-json\/wp\/v2\/comments?post=8426"}],"version-history":[{"count":0,"href":"https:\/\/zonacaral.gob.pe\/en\/wp-json\/wp\/v2\/posts\/8426\/revisions"}],"wp:featuredmedia":[{"embeddable":true,"href":"https:\/\/zonacaral.gob.pe\/en\/wp-json\/wp\/v2\/media\/8442"}],"wp:attachment":[{"href":"https:\/\/zonacaral.gob.pe\/en\/wp-json\/wp\/v2\/media?parent=8426"}],"wp:term":[{"taxonomy":"category","embeddable":true,"href":"https:\/\/zonacaral.gob.pe\/en\/wp-json\/wp\/v2\/categories?post=8426"},{"taxonomy":"post_tag","embeddable":true,"href":"https:\/\/zonacaral.gob.pe\/en\/wp-json\/wp\/v2\/tags?post=8426"}],"curies":[{"name":"wp","href":"https:\/\/api.w.org\/{rel}","templated":true}]}}