{"id":8624,"date":"2014-10-28T16:55:34","date_gmt":"2014-10-28T21:55:34","guid":{"rendered":"http:\/\/www.zonacaral.gob.pe\/?p=8624"},"modified":"2014-10-28T16:55:34","modified_gmt":"2014-10-28T21:55:34","slug":"caral-historia-milenaria","status":"publish","type":"post","link":"https:\/\/zonacaral.gob.pe\/en\/noticias\/caral-historia-milenaria\/","title":{"rendered":"Caral Historia Milenaria"},"content":{"rendered":"<p class=\"p1\"><span style=\"color: #000000;\">Hace dos d\u00e9cadas empezaron las labores arqueol\u00f3gicas en la Ciudad Sagrada de Caral. Su estudio ha obligado a replantear los conceptos relacionados con la historia del Per\u00fa.<\/span><\/p>\n<p class=\"p1\"><span style=\"color: #000000;\">Durante 1994 y 1995, la doctora Ruth Shady se dedic\u00f3 durante los fines de semana a recorrer, con un grupo de sus estudiantes de Arqueolog\u00eda de la Universidad de San Marcos, el valle de Supe. Registraban los sitios prehisp\u00e1nicos intentando, recuerda la especialista al Diario Oficial El Peruano, entender los procesos de poblamiento del Per\u00fa.<\/span><\/p>\n<p style=\"color: #000000;\">Esa fue la semilla de una aventura que revel\u00f3 al mundo que en esta parte del Norte Chico peruano surgi\u00f3 una civilizaci\u00f3n con una antig\u00fcedad de 5,000 a\u00f1os: Caral. Este descubrimiento hizo que, en palabras de Shady, \u201cla historia del Per\u00fa fuera diferente\u201d a como se la contaban hasta el momento.<\/p>\n<h3 style=\"color: #000000;\">\u00a0Origen<\/h3>\n<p style=\"color: #000000;\">En los primeros a\u00f1os, el grupo de arque\u00f3logos dirigidos por la catedr\u00e1tica sanmarquina registr\u00f3 varias edificaciones prehisp\u00e1nicas de tipo monumental en el valle de Supe. Una caracter\u00edstica les llamaba la atenci\u00f3n: la ausencia de cer\u00e1mica. \u201cLa cer\u00e1mica nos indica a qu\u00e9 per\u00edodo corresponde el sitio\u201d, precisa la intelectual.<\/p>\n<p style=\"color: #000000;\">Shady nos confiesa que ante esto empez\u00f3 a sospechar que estaba ante una cultura particularmente antigua, aunque no ten\u00eda la certeza de cu\u00e1n a\u00f1eja era. Las primeras excavaciones empezaron un par de a\u00f1os despu\u00e9s. De los 18 sitios arqueol\u00f3gicos de caracter\u00edsticas monumentales que en ese momento hab\u00edan registrado, eligieron al que ten\u00eda la estructura m\u00e1s compleja y que hoy se conoce como la Ciudad Sagrada de Caral.<\/p>\n<p style=\"color: #000000;\">La arque\u00f3loga relata que fueron dos meses de trabajo. El resultado fue el mismo: la ausencia de cer\u00e1mica. Se dieron cuenta de que era un sitio muy antiguo, previo a todo lo conocido. \u201cNos sorprend\u00eda que siendo tan antiguo tuviera arquitectura monumental\u201d, subraya la arque\u00f3loga.<\/p>\n<p style=\"color: #000000;\"><img fetchpriority=\"high\" decoding=\"async\" class=\"alignnone wp-image-8625\" src=\"http:\/\/www.zonacaral.gob.pe\/wp-content\/uploads\/2014\/10\/el-peruano-25-10-2014-01.jpg\" alt=\"el-peruano-25-10-2014-01\" width=\"691\" height=\"364\" srcset=\"https:\/\/zonacaral.gob.pe\/wp-content\/uploads\/2014\/10\/el-peruano-25-10-2014-01.jpg 760w, https:\/\/zonacaral.gob.pe\/wp-content\/uploads\/2014\/10\/el-peruano-25-10-2014-01-300x158.jpg 300w\" sizes=\"(max-width: 691px) 100vw, 691px\" \/><\/p>\n<h3 style=\"color: #000000; text-align: justify;\">Difusi\u00f3n y apoyo<\/h3>\n<p style=\"color: #000000; text-align: justify;\">Con los resultados conseguidos en las primeras excavaciones escribi\u00f3 un art\u00edculo que se public\u00f3 en una revista especializada de Francia con su hip\u00f3tesis de una cultura anterior a las conocidas en el pa\u00eds. As\u00ed se empez\u00f3 a difundir en el extranjero la existencia de esta civilizaci\u00f3n.<\/p>\n<p style=\"color: #000000; text-align: justify;\">Mientras tanto, el apoyo en el Per\u00fa a la labor de exploraci\u00f3n y puesta en valor de esta cultura era espor\u00e1dico. La arque\u00f3loga chalaca recuerda que en los primeros a\u00f1os los miembros de su equipo ten\u00edan que dormir en carpas para hacer su trabajo, hasta que les ofrecieron un local comunal para que pasaran las noches. Luego, el alcalde de Supe les dio un lugar, en el que levantaron la Casa del Arque\u00f3logo.<\/p>\n<p style=\"color: #000000; text-align: justify;\">Su alma mater le brind\u00f3 en algunos momentos un veh\u00edculo para desplazarse. Sin embargo, en muchas temporadas sus viajes entre Lima y la Ciudad Sagrada de Caral los hac\u00eda en un fiel Volkswagen.<\/p>\n<p style=\"color: #000000; text-align: justify;\">De acuerdo con Shady, el Estado empez\u00f3 a apoyar m\u00e1s a este proyecto desde el gobierno de Valent\u00edn Paniagua. Se destin\u00f3 una partida para las labores arqueol\u00f3gicas en el valle de Supe y \u2013detalle simb\u00f3lico\u2013 la primera camioneta asignada, veh\u00edculo que hasta hoy sirve para llevar a los operarios al lugar.<\/p>\n<p style=\"color: #000000; text-align: justify;\">Asimismo, varias embajadas, como las de Finlandia, Francia y Alemania, han dado la mano para hacer de la Ciudad Sagrada un punto de atracci\u00f3n para los turistas.<\/p>\n<h3 style=\"color: #000000; text-align: justify;\">Aportes<\/h3>\n<p style=\"color: #000000; text-align: justify;\">El estudio sobre Caral ha arrojado varias luces respecto a la historia en nuestro territorio. La especialista puntualiza que esta cultura nos ha dejado lecciones que se pueden usar hoy en d\u00eda. Resalta, por ejemplo, c\u00f3mo desde esa \u00e9poca se hac\u00eda un uso inteligente de las diversas capas de nuestro suelo.<\/p>\n<p style=\"color: #000000; text-align: justify;\">La arque\u00f3loga tambi\u00e9n se\u00f1ala que revisando el devenir de esta cultura se puede apreciar c\u00f3mo los cambios clim\u00e1ticos la afectaron fuertemente en determinados momentos, lo que se puede tomar como una advertencia para nuestro presente.<\/p>\n<h3 style=\"color: #000000; text-align: justify;\">Tareas pendientes<\/h3>\n<p style=\"color: #000000; text-align: justify;\">Para la doctora Ruth Shady, hay mucho por hacer respecto a Caral, y no solo en el aspecto arqueol\u00f3gico. Ella considera que se deben desarrollar las zonas aleda\u00f1as a este sitio precolombino, m\u00e1s a\u00fan ahora que se le considera patrimonio cultural de la humanidad.<\/p>\n<p style=\"color: #000000; text-align: justify;\">La estudiosa indica que desde hace unos a\u00f1os existe un plan maestro para el valle, lo que har\u00eda mejorar el nivel de vida de los lugare\u00f1os. Este se concentra en cuatro aspectos: reforestaci\u00f3n, encauzamiento del r\u00edo, manejo de canales de regad\u00edo y agricultura ecol\u00f3gica. Shady lamenta que este plan solo se haya aplicado t\u00edmidamente.<\/p>\n<p style=\"color: #000000; text-align: justify;\">El 29 de junio de 2009 Unesco declar\u00f3 a la Ciudad Sagrada de Caral como Patrimonio Cultural de la Humanidad. sitios arqueol\u00f3gicos de arquitectura monumental han sido encontrados y catalogados en el valle de Supe. personas trabajan en el \u00e1rea Arqueol\u00f3gica Caral. En 1996 una veintena trabaj\u00f3 en las primeras excavaciones. \u00a0<a href=\"http:\/\/www.elperuano.com.pe\/edicion\/edicion-20141025-705.aspx\" target=\"_blank\"><span style=\"color: #800000;\">(El Peruano)<\/span><\/a><\/p>","protected":false},"excerpt":{"rendered":"<p>Hace dos d\u00e9cadas empezaron las labores arqueol\u00f3gicas en la Ciudad Sagrada de Caral. Su estudio ha obligado a replantear los [&hellip;]<\/p>\n","protected":false},"author":1,"featured_media":8629,"comment_status":"closed","ping_status":"open","sticky":false,"template":"","format":"standard","meta":{"_acf_changed":false,"site-sidebar-layout":"default","site-content-layout":"","ast-site-content-layout":"default","site-content-style":"default","site-sidebar-style":"default","ast-global-header-display":"","ast-banner-title-visibility":"","ast-main-header-display":"","ast-hfb-above-header-display":"","ast-hfb-below-header-display":"","ast-hfb-mobile-header-display":"","site-post-title":"","ast-breadcrumbs-content":"","ast-featured-img":"","footer-sml-layout":"","ast-disable-related-posts":"","theme-transparent-header-meta":"","adv-header-id-meta":"","stick-header-meta":"","header-above-stick-meta":"","header-main-stick-meta":"","header-below-stick-meta":"","astra-migrate-meta-layouts":"default","ast-page-background-enabled":"default","ast-page-background-meta":{"desktop":{"background-color":"var(--ast-global-color-5)","background-image":"","background-repeat":"repeat","background-position":"center center","background-size":"auto","background-attachment":"scroll","background-type":"","background-media":"","overlay-type":"","overlay-color":"","overlay-opacity":"","overlay-gradient":""},"tablet":{"background-color":"","background-image":"","background-repeat":"repeat","background-position":"center center","background-size":"auto","background-attachment":"scroll","background-type":"","background-media":"","overlay-type":"","overlay-color":"","overlay-opacity":"","overlay-gradient":""},"mobile":{"background-color":"","background-image":"","background-repeat":"repeat","background-position":"center center","background-size":"auto","background-attachment":"scroll","background-type":"","background-media":"","overlay-type":"","overlay-color":"","overlay-opacity":"","overlay-gradient":""}},"ast-content-background-meta":{"desktop":{"background-color":"var(--ast-global-color-4)","background-image":"","background-repeat":"repeat","background-position":"center center","background-size":"auto","background-attachment":"scroll","background-type":"","background-media":"","overlay-type":"","overlay-color":"","overlay-opacity":"","overlay-gradient":""},"tablet":{"background-color":"var(--ast-global-color-4)","background-image":"","background-repeat":"repeat","background-position":"center center","background-size":"auto","background-attachment":"scroll","background-type":"","background-media":"","overlay-type":"","overlay-color":"","overlay-opacity":"","overlay-gradient":""},"mobile":{"background-color":"var(--ast-global-color-4)","background-image":"","background-repeat":"repeat","background-position":"center center","background-size":"auto","background-attachment":"scroll","background-type":"","background-media":"","overlay-type":"","overlay-color":"","overlay-opacity":"","overlay-gradient":""}},"footnotes":""},"categories":[208],"tags":[54,55,56],"class_list":["post-8624","post","type-post","status-publish","format-standard","has-post-thumbnail","hentry","category-noticias","tag-aniversario","tag-caral","tag-supe"],"acf":[],"yoast_head":"<!-- This site is optimized with the Yoast SEO plugin v27.3 - https:\/\/yoast.com\/product\/yoast-seo-wordpress\/ -->\n<title>Caral Historia Milenaria - Zona Caral<\/title>\n<meta name=\"robots\" content=\"index, follow, max-snippet:-1, max-image-preview:large, max-video-preview:-1\" \/>\n<link rel=\"canonical\" href=\"https:\/\/zonacaral.gob.pe\/en\/noticias\/caral-historia-milenaria\/\" \/>\n<meta property=\"og:locale\" content=\"en_US\" \/>\n<meta property=\"og:type\" content=\"article\" \/>\n<meta property=\"og:title\" content=\"Caral Historia Milenaria - Zona Caral\" \/>\n<meta property=\"og:description\" content=\"Hace dos d\u00e9cadas empezaron las labores arqueol\u00f3gicas en la Ciudad Sagrada de Caral. Su estudio ha obligado a replantear los [&hellip;]\" \/>\n<meta property=\"og:url\" content=\"https:\/\/zonacaral.gob.pe\/en\/noticias\/caral-historia-milenaria\/\" \/>\n<meta property=\"og:site_name\" content=\"Zona Caral\" \/>\n<meta property=\"article:published_time\" content=\"2014-10-28T21:55:34+00:00\" \/>\n<meta property=\"og:image\" content=\"https:\/\/zonacaral.gob.pe\/wp-content\/uploads\/2014\/10\/el-peruano-25-10-2014.jpg\" \/>\n\t<meta property=\"og:image:width\" content=\"810\" \/>\n\t<meta property=\"og:image:height\" content=\"410\" \/>\n\t<meta property=\"og:image:type\" content=\"image\/jpeg\" \/>\n<meta name=\"author\" content=\"Zona Caral Administrador\" \/>\n<meta name=\"twitter:card\" content=\"summary_large_image\" \/>\n<meta name=\"twitter:label1\" content=\"Written by\" \/>\n\t<meta name=\"twitter:data1\" content=\"Zona Caral Administrador\" \/>\n\t<meta name=\"twitter:label2\" content=\"Est. reading time\" \/>\n\t<meta name=\"twitter:data2\" content=\"4 minutes\" \/>\n<script type=\"application\/ld+json\" class=\"yoast-schema-graph\">{\"@context\":\"https:\\\/\\\/schema.org\",\"@graph\":[{\"@type\":\"Article\",\"@id\":\"https:\\\/\\\/zonacaral.gob.pe\\\/es\\\/noticias\\\/caral-historia-milenaria\\\/#article\",\"isPartOf\":{\"@id\":\"https:\\\/\\\/zonacaral.gob.pe\\\/es\\\/noticias\\\/caral-historia-milenaria\\\/\"},\"author\":{\"name\":\"Zona Caral Administrador\",\"@id\":\"https:\\\/\\\/zonacaral.gob.pe\\\/es\\\/#\\\/schema\\\/person\\\/beddb4d22f71a7230c5b90913270a0ee\"},\"headline\":\"Caral Historia Milenaria\",\"datePublished\":\"2014-10-28T21:55:34+00:00\",\"mainEntityOfPage\":{\"@id\":\"https:\\\/\\\/zonacaral.gob.pe\\\/es\\\/noticias\\\/caral-historia-milenaria\\\/\"},\"wordCount\":834,\"image\":{\"@id\":\"https:\\\/\\\/zonacaral.gob.pe\\\/es\\\/noticias\\\/caral-historia-milenaria\\\/#primaryimage\"},\"thumbnailUrl\":\"https:\\\/\\\/zonacaral.gob.pe\\\/wp-content\\\/uploads\\\/2014\\\/10\\\/el-peruano-25-10-2014.jpg\",\"keywords\":[\"aniversario\",\"caral\",\"supe\"],\"articleSection\":[\"noticias\"],\"inLanguage\":\"en-US\"},{\"@type\":\"WebPage\",\"@id\":\"https:\\\/\\\/zonacaral.gob.pe\\\/es\\\/noticias\\\/caral-historia-milenaria\\\/\",\"url\":\"https:\\\/\\\/zonacaral.gob.pe\\\/es\\\/noticias\\\/caral-historia-milenaria\\\/\",\"name\":\"Caral Historia Milenaria - Zona Caral\",\"isPartOf\":{\"@id\":\"https:\\\/\\\/zonacaral.gob.pe\\\/es\\\/#website\"},\"primaryImageOfPage\":{\"@id\":\"https:\\\/\\\/zonacaral.gob.pe\\\/es\\\/noticias\\\/caral-historia-milenaria\\\/#primaryimage\"},\"image\":{\"@id\":\"https:\\\/\\\/zonacaral.gob.pe\\\/es\\\/noticias\\\/caral-historia-milenaria\\\/#primaryimage\"},\"thumbnailUrl\":\"https:\\\/\\\/zonacaral.gob.pe\\\/wp-content\\\/uploads\\\/2014\\\/10\\\/el-peruano-25-10-2014.jpg\",\"datePublished\":\"2014-10-28T21:55:34+00:00\",\"author\":{\"@id\":\"https:\\\/\\\/zonacaral.gob.pe\\\/es\\\/#\\\/schema\\\/person\\\/beddb4d22f71a7230c5b90913270a0ee\"},\"breadcrumb\":{\"@id\":\"https:\\\/\\\/zonacaral.gob.pe\\\/es\\\/noticias\\\/caral-historia-milenaria\\\/#breadcrumb\"},\"inLanguage\":\"en-US\",\"potentialAction\":[{\"@type\":\"ReadAction\",\"target\":[\"https:\\\/\\\/zonacaral.gob.pe\\\/es\\\/noticias\\\/caral-historia-milenaria\\\/\"]}]},{\"@type\":\"ImageObject\",\"inLanguage\":\"en-US\",\"@id\":\"https:\\\/\\\/zonacaral.gob.pe\\\/es\\\/noticias\\\/caral-historia-milenaria\\\/#primaryimage\",\"url\":\"https:\\\/\\\/zonacaral.gob.pe\\\/wp-content\\\/uploads\\\/2014\\\/10\\\/el-peruano-25-10-2014.jpg\",\"contentUrl\":\"https:\\\/\\\/zonacaral.gob.pe\\\/wp-content\\\/uploads\\\/2014\\\/10\\\/el-peruano-25-10-2014.jpg\",\"width\":810,\"height\":410},{\"@type\":\"BreadcrumbList\",\"@id\":\"https:\\\/\\\/zonacaral.gob.pe\\\/es\\\/noticias\\\/caral-historia-milenaria\\\/#breadcrumb\",\"itemListElement\":[{\"@type\":\"ListItem\",\"position\":1,\"name\":\"Portada\",\"item\":\"https:\\\/\\\/zonacaral.gob.pe\\\/\"},{\"@type\":\"ListItem\",\"position\":2,\"name\":\"Caral Historia Milenaria\"}]},{\"@type\":\"WebSite\",\"@id\":\"https:\\\/\\\/zonacaral.gob.pe\\\/es\\\/#website\",\"url\":\"https:\\\/\\\/zonacaral.gob.pe\\\/es\\\/\",\"name\":\"Zona Caral\",\"description\":\"Investigamos, conservamos y difundimos el patrimonio cultural de la Civilizaci\u00f3n Caral, la m\u00e1s antigua de Am\u00e9rica.\",\"potentialAction\":[{\"@type\":\"SearchAction\",\"target\":{\"@type\":\"EntryPoint\",\"urlTemplate\":\"https:\\\/\\\/zonacaral.gob.pe\\\/es\\\/?s={search_term_string}\"},\"query-input\":{\"@type\":\"PropertyValueSpecification\",\"valueRequired\":true,\"valueName\":\"search_term_string\"}}],\"inLanguage\":\"en-US\"},{\"@type\":\"Person\",\"@id\":\"https:\\\/\\\/zonacaral.gob.pe\\\/es\\\/#\\\/schema\\\/person\\\/beddb4d22f71a7230c5b90913270a0ee\",\"name\":\"Zona Caral Administrador\",\"image\":{\"@type\":\"ImageObject\",\"inLanguage\":\"en-US\",\"@id\":\"https:\\\/\\\/secure.gravatar.com\\\/avatar\\\/e4be162918a696358376de6446614e0f0f4062bdc5d170d6d540ada3d8b58c12?s=96&d=mm&r=g\",\"url\":\"https:\\\/\\\/secure.gravatar.com\\\/avatar\\\/e4be162918a696358376de6446614e0f0f4062bdc5d170d6d540ada3d8b58c12?s=96&d=mm&r=g\",\"contentUrl\":\"https:\\\/\\\/secure.gravatar.com\\\/avatar\\\/e4be162918a696358376de6446614e0f0f4062bdc5d170d6d540ada3d8b58c12?s=96&d=mm&r=g\",\"caption\":\"Zona Caral Administrador\"},\"sameAs\":[\"https:\\\/\\\/zonacaral.gob.pe\"],\"url\":\"https:\\\/\\\/zonacaral.gob.pe\\\/en\\\/noticias\\\/author\\\/ad_zonacaral\\\/\"}]}<\/script>\n<!-- \/ Yoast SEO plugin. -->","yoast_head_json":{"title":"Caral Historia Milenaria - Zona Caral","robots":{"index":"index","follow":"follow","max-snippet":"max-snippet:-1","max-image-preview":"max-image-preview:large","max-video-preview":"max-video-preview:-1"},"canonical":"https:\/\/zonacaral.gob.pe\/en\/noticias\/caral-historia-milenaria\/","og_locale":"en_US","og_type":"article","og_title":"Caral Historia Milenaria - Zona Caral","og_description":"Hace dos d\u00e9cadas empezaron las labores arqueol\u00f3gicas en la Ciudad Sagrada de Caral. Su estudio ha obligado a replantear los [&hellip;]","og_url":"https:\/\/zonacaral.gob.pe\/en\/noticias\/caral-historia-milenaria\/","og_site_name":"Zona Caral","article_published_time":"2014-10-28T21:55:34+00:00","og_image":[{"width":810,"height":410,"url":"https:\/\/zonacaral.gob.pe\/wp-content\/uploads\/2014\/10\/el-peruano-25-10-2014.jpg","type":"image\/jpeg"}],"author":"Zona Caral Administrador","twitter_card":"summary_large_image","twitter_misc":{"Written by":"Zona Caral Administrador","Est. reading time":"4 minutes"},"schema":{"@context":"https:\/\/schema.org","@graph":[{"@type":"Article","@id":"https:\/\/zonacaral.gob.pe\/es\/noticias\/caral-historia-milenaria\/#article","isPartOf":{"@id":"https:\/\/zonacaral.gob.pe\/es\/noticias\/caral-historia-milenaria\/"},"author":{"name":"Zona Caral Administrador","@id":"https:\/\/zonacaral.gob.pe\/es\/#\/schema\/person\/beddb4d22f71a7230c5b90913270a0ee"},"headline":"Caral Historia Milenaria","datePublished":"2014-10-28T21:55:34+00:00","mainEntityOfPage":{"@id":"https:\/\/zonacaral.gob.pe\/es\/noticias\/caral-historia-milenaria\/"},"wordCount":834,"image":{"@id":"https:\/\/zonacaral.gob.pe\/es\/noticias\/caral-historia-milenaria\/#primaryimage"},"thumbnailUrl":"https:\/\/zonacaral.gob.pe\/wp-content\/uploads\/2014\/10\/el-peruano-25-10-2014.jpg","keywords":["aniversario","caral","supe"],"articleSection":["noticias"],"inLanguage":"en-US"},{"@type":"WebPage","@id":"https:\/\/zonacaral.gob.pe\/es\/noticias\/caral-historia-milenaria\/","url":"https:\/\/zonacaral.gob.pe\/es\/noticias\/caral-historia-milenaria\/","name":"Caral Historia Milenaria - Zona Caral","isPartOf":{"@id":"https:\/\/zonacaral.gob.pe\/es\/#website"},"primaryImageOfPage":{"@id":"https:\/\/zonacaral.gob.pe\/es\/noticias\/caral-historia-milenaria\/#primaryimage"},"image":{"@id":"https:\/\/zonacaral.gob.pe\/es\/noticias\/caral-historia-milenaria\/#primaryimage"},"thumbnailUrl":"https:\/\/zonacaral.gob.pe\/wp-content\/uploads\/2014\/10\/el-peruano-25-10-2014.jpg","datePublished":"2014-10-28T21:55:34+00:00","author":{"@id":"https:\/\/zonacaral.gob.pe\/es\/#\/schema\/person\/beddb4d22f71a7230c5b90913270a0ee"},"breadcrumb":{"@id":"https:\/\/zonacaral.gob.pe\/es\/noticias\/caral-historia-milenaria\/#breadcrumb"},"inLanguage":"en-US","potentialAction":[{"@type":"ReadAction","target":["https:\/\/zonacaral.gob.pe\/es\/noticias\/caral-historia-milenaria\/"]}]},{"@type":"ImageObject","inLanguage":"en-US","@id":"https:\/\/zonacaral.gob.pe\/es\/noticias\/caral-historia-milenaria\/#primaryimage","url":"https:\/\/zonacaral.gob.pe\/wp-content\/uploads\/2014\/10\/el-peruano-25-10-2014.jpg","contentUrl":"https:\/\/zonacaral.gob.pe\/wp-content\/uploads\/2014\/10\/el-peruano-25-10-2014.jpg","width":810,"height":410},{"@type":"BreadcrumbList","@id":"https:\/\/zonacaral.gob.pe\/es\/noticias\/caral-historia-milenaria\/#breadcrumb","itemListElement":[{"@type":"ListItem","position":1,"name":"Portada","item":"https:\/\/zonacaral.gob.pe\/"},{"@type":"ListItem","position":2,"name":"Caral Historia Milenaria"}]},{"@type":"WebSite","@id":"https:\/\/zonacaral.gob.pe\/es\/#website","url":"https:\/\/zonacaral.gob.pe\/es\/","name":"Zona Caral","description":"Investigamos, conservamos y difundimos el patrimonio cultural de la Civilizaci\u00f3n Caral, la m\u00e1s antigua de Am\u00e9rica.","potentialAction":[{"@type":"SearchAction","target":{"@type":"EntryPoint","urlTemplate":"https:\/\/zonacaral.gob.pe\/es\/?s={search_term_string}"},"query-input":{"@type":"PropertyValueSpecification","valueRequired":true,"valueName":"search_term_string"}}],"inLanguage":"en-US"},{"@type":"Person","@id":"https:\/\/zonacaral.gob.pe\/es\/#\/schema\/person\/beddb4d22f71a7230c5b90913270a0ee","name":"Zona Caral Administrador","image":{"@type":"ImageObject","inLanguage":"en-US","@id":"https:\/\/secure.gravatar.com\/avatar\/e4be162918a696358376de6446614e0f0f4062bdc5d170d6d540ada3d8b58c12?s=96&d=mm&r=g","url":"https:\/\/secure.gravatar.com\/avatar\/e4be162918a696358376de6446614e0f0f4062bdc5d170d6d540ada3d8b58c12?s=96&d=mm&r=g","contentUrl":"https:\/\/secure.gravatar.com\/avatar\/e4be162918a696358376de6446614e0f0f4062bdc5d170d6d540ada3d8b58c12?s=96&d=mm&r=g","caption":"Zona Caral Administrador"},"sameAs":["https:\/\/zonacaral.gob.pe"],"url":"https:\/\/zonacaral.gob.pe\/en\/noticias\/author\/ad_zonacaral\/"}]}},"_links":{"self":[{"href":"https:\/\/zonacaral.gob.pe\/en\/wp-json\/wp\/v2\/posts\/8624","targetHints":{"allow":["GET"]}}],"collection":[{"href":"https:\/\/zonacaral.gob.pe\/en\/wp-json\/wp\/v2\/posts"}],"about":[{"href":"https:\/\/zonacaral.gob.pe\/en\/wp-json\/wp\/v2\/types\/post"}],"author":[{"embeddable":true,"href":"https:\/\/zonacaral.gob.pe\/en\/wp-json\/wp\/v2\/users\/1"}],"replies":[{"embeddable":true,"href":"https:\/\/zonacaral.gob.pe\/en\/wp-json\/wp\/v2\/comments?post=8624"}],"version-history":[{"count":0,"href":"https:\/\/zonacaral.gob.pe\/en\/wp-json\/wp\/v2\/posts\/8624\/revisions"}],"wp:featuredmedia":[{"embeddable":true,"href":"https:\/\/zonacaral.gob.pe\/en\/wp-json\/wp\/v2\/media\/8629"}],"wp:attachment":[{"href":"https:\/\/zonacaral.gob.pe\/en\/wp-json\/wp\/v2\/media?parent=8624"}],"wp:term":[{"taxonomy":"category","embeddable":true,"href":"https:\/\/zonacaral.gob.pe\/en\/wp-json\/wp\/v2\/categories?post=8624"},{"taxonomy":"post_tag","embeddable":true,"href":"https:\/\/zonacaral.gob.pe\/en\/wp-json\/wp\/v2\/tags?post=8624"}],"curies":[{"name":"wp","href":"https:\/\/api.w.org\/{rel}","templated":true}]}}