{"id":8853,"date":"2014-12-15T15:27:07","date_gmt":"2014-12-15T20:27:07","guid":{"rendered":"http:\/\/www.zonacaral.gob.pe\/?p=8853"},"modified":"2014-12-15T15:27:07","modified_gmt":"2014-12-15T20:27:07","slug":"aprueban-el-manual-de-operaciones-del-proyecto-especial-zona-arqueologica-caral-supe","status":"publish","type":"post","link":"https:\/\/zonacaral.gob.pe\/en\/noticias\/aprueban-el-manual-de-operaciones-del-proyecto-especial-zona-arqueologica-caral-supe\/","title":{"rendered":"Aprueban el Manual de Operaciones del Proyecto Especial Zona Arqueol\u00f3gica Caral &#8211; Supe"},"content":{"rendered":"<p>El Ministerio de Cultura aprob\u00f3 el manual de operaciones del Proyecto Especial Zona Arqueol\u00f3gica Caral \u2013 Supe, ubicada en el distrito de Supe, provincia de Barranca, departamento de Lima.<\/p>\n<p><strong><a href=\"http:\/\/www.peru.gob.pe\/docs\/PLANES\/14063\/PLAN_14063_2014_RS-4542014MC-MANUAL-DE-OPERACIONES-2014.pdf\">La Resoluci\u00f3n Ministerial N\u00ba 454-2014-MC<\/a><\/strong> recuerda que, mediante Decreto Supremo N\u00ba 003-2003-ED, se cre\u00f3 el Proyecto Especial Arqueol\u00f3gico Caral \u2013 Supe con plena autonom\u00eda de gesti\u00f3n cient\u00edfica, administrativa y financiera, siendo responsable de las actividades de investigaci\u00f3n, registro, puesta en valor y conservaci\u00f3n de la Ciudad Sagrada de Caral \u2013 Supe.<\/p>\n<p>La presente resoluci\u00f3n, publicada hoy en la separata de normas legales del diario oficial El Peruano, est\u00e1 refrendada por la ministra de Cultura, Diana \u00c1lvarez-Calder\u00f3n.<\/p>\n<p style=\"color: #000000;\">Fuente:\u00a0<span style=\"color: #800000;\">(<a href=\"http:\/\/www.andina.com.pe\/agencia\/noticia-aprueban-manual-operaciones-del-proyecto-especial-caral-supe-535571.aspx\" target=\"_blank\"><span style=\"color: #800000;\">Adina.com.pe<\/span><\/a>)<\/span><\/p>\n<p style=\"color: #000000;\">Fecha de publicaci\u00f3n: 15\/12\/2014<\/p>","protected":false},"excerpt":{"rendered":"<p>El Ministerio de Cultura aprob\u00f3 el manual de operaciones del Proyecto Especial Zona Arqueol\u00f3gica Caral \u2013 Supe, ubicada en el [&hellip;]<\/p>\n","protected":false},"author":1,"featured_media":8854,"comment_status":"closed","ping_status":"open","sticky":false,"template":"","format":"standard","meta":{"_acf_changed":false,"site-sidebar-layout":"default","site-content-layout":"","ast-site-content-layout":"default","site-content-style":"default","site-sidebar-style":"default","ast-global-header-display":"","ast-banner-title-visibility":"","ast-main-header-display":"","ast-hfb-above-header-display":"","ast-hfb-below-header-display":"","ast-hfb-mobile-header-display":"","site-post-title":"","ast-breadcrumbs-content":"","ast-featured-img":"","footer-sml-layout":"","ast-disable-related-posts":"","theme-transparent-header-meta":"","adv-header-id-meta":"","stick-header-meta":"","header-above-stick-meta":"","header-main-stick-meta":"","header-below-stick-meta":"","astra-migrate-meta-layouts":"default","ast-page-background-enabled":"default","ast-page-background-meta":{"desktop":{"background-color":"var(--ast-global-color-5)","background-image":"","background-repeat":"repeat","background-position":"center center","background-size":"auto","background-attachment":"scroll","background-type":"","background-media":"","overlay-type":"","overlay-color":"","overlay-opacity":"","overlay-gradient":""},"tablet":{"background-color":"","background-image":"","background-repeat":"repeat","background-position":"center center","background-size":"auto","background-attachment":"scroll","background-type":"","background-media":"","overlay-type":"","overlay-color":"","overlay-opacity":"","overlay-gradient":""},"mobile":{"background-color":"","background-image":"","background-repeat":"repeat","background-position":"center center","background-size":"auto","background-attachment":"scroll","background-type":"","background-media":"","overlay-type":"","overlay-color":"","overlay-opacity":"","overlay-gradient":""}},"ast-content-background-meta":{"desktop":{"background-color":"var(--ast-global-color-4)","background-image":"","background-repeat":"repeat","background-position":"center center","background-size":"auto","background-attachment":"scroll","background-type":"","background-media":"","overlay-type":"","overlay-color":"","overlay-opacity":"","overlay-gradient":""},"tablet":{"background-color":"var(--ast-global-color-4)","background-image":"","background-repeat":"repeat","background-position":"center center","background-size":"auto","background-attachment":"scroll","background-type":"","background-media":"","overlay-type":"","overlay-color":"","overlay-opacity":"","overlay-gradient":""},"mobile":{"background-color":"var(--ast-global-color-4)","background-image":"","background-repeat":"repeat","background-position":"center center","background-size":"auto","background-attachment":"scroll","background-type":"","background-media":"","overlay-type":"","overlay-color":"","overlay-opacity":"","overlay-gradient":""}},"footnotes":""},"categories":[208],"tags":[55,74],"class_list":["post-8853","post","type-post","status-publish","format-standard","has-post-thumbnail","hentry","category-noticias","tag-caral","tag-ministerio-de-cultura"],"acf":[],"yoast_head":"<!-- This site is optimized with the Yoast SEO plugin v27.3 - https:\/\/yoast.com\/product\/yoast-seo-wordpress\/ -->\n<title>Aprueban el Manual de Operaciones del Proyecto Especial Zona Arqueol\u00f3gica Caral - Supe - Zona Caral<\/title>\n<meta name=\"robots\" content=\"index, follow, max-snippet:-1, max-image-preview:large, max-video-preview:-1\" \/>\n<link rel=\"canonical\" href=\"https:\/\/zonacaral.gob.pe\/en\/noticias\/aprueban-el-manual-de-operaciones-del-proyecto-especial-zona-arqueologica-caral-supe\/\" \/>\n<meta property=\"og:locale\" content=\"en_US\" \/>\n<meta property=\"og:type\" content=\"article\" \/>\n<meta property=\"og:title\" content=\"Aprueban el Manual de Operaciones del Proyecto Especial Zona Arqueol\u00f3gica Caral - Supe - Zona Caral\" \/>\n<meta property=\"og:description\" content=\"El Ministerio de Cultura aprob\u00f3 el manual de operaciones del Proyecto Especial Zona Arqueol\u00f3gica Caral \u2013 Supe, ubicada en el [&hellip;]\" \/>\n<meta property=\"og:url\" content=\"https:\/\/zonacaral.gob.pe\/en\/noticias\/aprueban-el-manual-de-operaciones-del-proyecto-especial-zona-arqueologica-caral-supe\/\" \/>\n<meta property=\"og:site_name\" content=\"Zona Caral\" \/>\n<meta property=\"article:published_time\" content=\"2014-12-15T20:27:07+00:00\" \/>\n<meta property=\"og:image\" content=\"https:\/\/zonacaral.gob.pe\/wp-content\/uploads\/2014\/12\/andina-15-12-2014.jpg\" \/>\n\t<meta property=\"og:image:width\" content=\"1800\" \/>\n\t<meta property=\"og:image:height\" content=\"1204\" \/>\n\t<meta property=\"og:image:type\" content=\"image\/jpeg\" \/>\n<meta name=\"author\" content=\"Zona Caral Administrador\" \/>\n<meta name=\"twitter:card\" content=\"summary_large_image\" \/>\n<meta name=\"twitter:label1\" content=\"Written by\" \/>\n\t<meta name=\"twitter:data1\" content=\"Zona Caral Administrador\" \/>\n\t<meta name=\"twitter:label2\" content=\"Est. reading time\" \/>\n\t<meta name=\"twitter:data2\" content=\"1 minute\" \/>\n<script type=\"application\/ld+json\" class=\"yoast-schema-graph\">{\"@context\":\"https:\\\/\\\/schema.org\",\"@graph\":[{\"@type\":\"Article\",\"@id\":\"https:\\\/\\\/zonacaral.gob.pe\\\/en\\\/noticias\\\/aprueban-el-manual-de-operaciones-del-proyecto-especial-zona-arqueologica-caral-supe\\\/#article\",\"isPartOf\":{\"@id\":\"https:\\\/\\\/zonacaral.gob.pe\\\/en\\\/noticias\\\/aprueban-el-manual-de-operaciones-del-proyecto-especial-zona-arqueologica-caral-supe\\\/\"},\"author\":{\"name\":\"Zona Caral Administrador\",\"@id\":\"https:\\\/\\\/zonacaral.gob.pe\\\/es\\\/#\\\/schema\\\/person\\\/beddb4d22f71a7230c5b90913270a0ee\"},\"headline\":\"Aprueban el Manual de Operaciones del Proyecto Especial Zona Arqueol\u00f3gica Caral &#8211; Supe\",\"datePublished\":\"2014-12-15T20:27:07+00:00\",\"mainEntityOfPage\":{\"@id\":\"https:\\\/\\\/zonacaral.gob.pe\\\/en\\\/noticias\\\/aprueban-el-manual-de-operaciones-del-proyecto-especial-zona-arqueologica-caral-supe\\\/\"},\"wordCount\":136,\"image\":{\"@id\":\"https:\\\/\\\/zonacaral.gob.pe\\\/en\\\/noticias\\\/aprueban-el-manual-de-operaciones-del-proyecto-especial-zona-arqueologica-caral-supe\\\/#primaryimage\"},\"thumbnailUrl\":\"https:\\\/\\\/zonacaral.gob.pe\\\/wp-content\\\/uploads\\\/2014\\\/12\\\/andina-15-12-2014.jpg\",\"keywords\":[\"caral\",\"Ministerio de Cultura\"],\"articleSection\":[\"noticias\"],\"inLanguage\":\"en-US\"},{\"@type\":\"WebPage\",\"@id\":\"https:\\\/\\\/zonacaral.gob.pe\\\/en\\\/noticias\\\/aprueban-el-manual-de-operaciones-del-proyecto-especial-zona-arqueologica-caral-supe\\\/\",\"url\":\"https:\\\/\\\/zonacaral.gob.pe\\\/en\\\/noticias\\\/aprueban-el-manual-de-operaciones-del-proyecto-especial-zona-arqueologica-caral-supe\\\/\",\"name\":\"Aprueban el Manual de Operaciones del Proyecto Especial Zona Arqueol\u00f3gica Caral - Supe - Zona Caral\",\"isPartOf\":{\"@id\":\"https:\\\/\\\/zonacaral.gob.pe\\\/es\\\/#website\"},\"primaryImageOfPage\":{\"@id\":\"https:\\\/\\\/zonacaral.gob.pe\\\/en\\\/noticias\\\/aprueban-el-manual-de-operaciones-del-proyecto-especial-zona-arqueologica-caral-supe\\\/#primaryimage\"},\"image\":{\"@id\":\"https:\\\/\\\/zonacaral.gob.pe\\\/en\\\/noticias\\\/aprueban-el-manual-de-operaciones-del-proyecto-especial-zona-arqueologica-caral-supe\\\/#primaryimage\"},\"thumbnailUrl\":\"https:\\\/\\\/zonacaral.gob.pe\\\/wp-content\\\/uploads\\\/2014\\\/12\\\/andina-15-12-2014.jpg\",\"datePublished\":\"2014-12-15T20:27:07+00:00\",\"author\":{\"@id\":\"https:\\\/\\\/zonacaral.gob.pe\\\/es\\\/#\\\/schema\\\/person\\\/beddb4d22f71a7230c5b90913270a0ee\"},\"breadcrumb\":{\"@id\":\"https:\\\/\\\/zonacaral.gob.pe\\\/en\\\/noticias\\\/aprueban-el-manual-de-operaciones-del-proyecto-especial-zona-arqueologica-caral-supe\\\/#breadcrumb\"},\"inLanguage\":\"en-US\",\"potentialAction\":[{\"@type\":\"ReadAction\",\"target\":[\"https:\\\/\\\/zonacaral.gob.pe\\\/en\\\/noticias\\\/aprueban-el-manual-de-operaciones-del-proyecto-especial-zona-arqueologica-caral-supe\\\/\"]}]},{\"@type\":\"ImageObject\",\"inLanguage\":\"en-US\",\"@id\":\"https:\\\/\\\/zonacaral.gob.pe\\\/en\\\/noticias\\\/aprueban-el-manual-de-operaciones-del-proyecto-especial-zona-arqueologica-caral-supe\\\/#primaryimage\",\"url\":\"https:\\\/\\\/zonacaral.gob.pe\\\/wp-content\\\/uploads\\\/2014\\\/12\\\/andina-15-12-2014.jpg\",\"contentUrl\":\"https:\\\/\\\/zonacaral.gob.pe\\\/wp-content\\\/uploads\\\/2014\\\/12\\\/andina-15-12-2014.jpg\",\"width\":1800,\"height\":1204},{\"@type\":\"BreadcrumbList\",\"@id\":\"https:\\\/\\\/zonacaral.gob.pe\\\/en\\\/noticias\\\/aprueban-el-manual-de-operaciones-del-proyecto-especial-zona-arqueologica-caral-supe\\\/#breadcrumb\",\"itemListElement\":[{\"@type\":\"ListItem\",\"position\":1,\"name\":\"Portada\",\"item\":\"https:\\\/\\\/zonacaral.gob.pe\\\/\"},{\"@type\":\"ListItem\",\"position\":2,\"name\":\"Aprueban el Manual de Operaciones del Proyecto Especial Zona Arqueol\u00f3gica Caral &#8211; Supe\"}]},{\"@type\":\"WebSite\",\"@id\":\"https:\\\/\\\/zonacaral.gob.pe\\\/es\\\/#website\",\"url\":\"https:\\\/\\\/zonacaral.gob.pe\\\/es\\\/\",\"name\":\"Zona Caral\",\"description\":\"Investigamos, conservamos y difundimos el patrimonio cultural de la Civilizaci\u00f3n Caral, la m\u00e1s antigua de Am\u00e9rica.\",\"potentialAction\":[{\"@type\":\"SearchAction\",\"target\":{\"@type\":\"EntryPoint\",\"urlTemplate\":\"https:\\\/\\\/zonacaral.gob.pe\\\/es\\\/?s={search_term_string}\"},\"query-input\":{\"@type\":\"PropertyValueSpecification\",\"valueRequired\":true,\"valueName\":\"search_term_string\"}}],\"inLanguage\":\"en-US\"},{\"@type\":\"Person\",\"@id\":\"https:\\\/\\\/zonacaral.gob.pe\\\/es\\\/#\\\/schema\\\/person\\\/beddb4d22f71a7230c5b90913270a0ee\",\"name\":\"Zona Caral Administrador\",\"image\":{\"@type\":\"ImageObject\",\"inLanguage\":\"en-US\",\"@id\":\"https:\\\/\\\/secure.gravatar.com\\\/avatar\\\/e4be162918a696358376de6446614e0f0f4062bdc5d170d6d540ada3d8b58c12?s=96&d=mm&r=g\",\"url\":\"https:\\\/\\\/secure.gravatar.com\\\/avatar\\\/e4be162918a696358376de6446614e0f0f4062bdc5d170d6d540ada3d8b58c12?s=96&d=mm&r=g\",\"contentUrl\":\"https:\\\/\\\/secure.gravatar.com\\\/avatar\\\/e4be162918a696358376de6446614e0f0f4062bdc5d170d6d540ada3d8b58c12?s=96&d=mm&r=g\",\"caption\":\"Zona Caral Administrador\"},\"sameAs\":[\"https:\\\/\\\/zonacaral.gob.pe\"],\"url\":\"https:\\\/\\\/zonacaral.gob.pe\\\/en\\\/noticias\\\/author\\\/ad_zonacaral\\\/\"}]}<\/script>\n<!-- \/ Yoast SEO plugin. -->","yoast_head_json":{"title":"Aprueban el Manual de Operaciones del Proyecto Especial Zona Arqueol\u00f3gica Caral - Supe - Zona Caral","robots":{"index":"index","follow":"follow","max-snippet":"max-snippet:-1","max-image-preview":"max-image-preview:large","max-video-preview":"max-video-preview:-1"},"canonical":"https:\/\/zonacaral.gob.pe\/en\/noticias\/aprueban-el-manual-de-operaciones-del-proyecto-especial-zona-arqueologica-caral-supe\/","og_locale":"en_US","og_type":"article","og_title":"Aprueban el Manual de Operaciones del Proyecto Especial Zona Arqueol\u00f3gica Caral - Supe - Zona Caral","og_description":"El Ministerio de Cultura aprob\u00f3 el manual de operaciones del Proyecto Especial Zona Arqueol\u00f3gica Caral \u2013 Supe, ubicada en el [&hellip;]","og_url":"https:\/\/zonacaral.gob.pe\/en\/noticias\/aprueban-el-manual-de-operaciones-del-proyecto-especial-zona-arqueologica-caral-supe\/","og_site_name":"Zona Caral","article_published_time":"2014-12-15T20:27:07+00:00","og_image":[{"width":1800,"height":1204,"url":"https:\/\/zonacaral.gob.pe\/wp-content\/uploads\/2014\/12\/andina-15-12-2014.jpg","type":"image\/jpeg"}],"author":"Zona Caral Administrador","twitter_card":"summary_large_image","twitter_misc":{"Written by":"Zona Caral Administrador","Est. reading time":"1 minute"},"schema":{"@context":"https:\/\/schema.org","@graph":[{"@type":"Article","@id":"https:\/\/zonacaral.gob.pe\/en\/noticias\/aprueban-el-manual-de-operaciones-del-proyecto-especial-zona-arqueologica-caral-supe\/#article","isPartOf":{"@id":"https:\/\/zonacaral.gob.pe\/en\/noticias\/aprueban-el-manual-de-operaciones-del-proyecto-especial-zona-arqueologica-caral-supe\/"},"author":{"name":"Zona Caral Administrador","@id":"https:\/\/zonacaral.gob.pe\/es\/#\/schema\/person\/beddb4d22f71a7230c5b90913270a0ee"},"headline":"Aprueban el Manual de Operaciones del Proyecto Especial Zona Arqueol\u00f3gica Caral &#8211; Supe","datePublished":"2014-12-15T20:27:07+00:00","mainEntityOfPage":{"@id":"https:\/\/zonacaral.gob.pe\/en\/noticias\/aprueban-el-manual-de-operaciones-del-proyecto-especial-zona-arqueologica-caral-supe\/"},"wordCount":136,"image":{"@id":"https:\/\/zonacaral.gob.pe\/en\/noticias\/aprueban-el-manual-de-operaciones-del-proyecto-especial-zona-arqueologica-caral-supe\/#primaryimage"},"thumbnailUrl":"https:\/\/zonacaral.gob.pe\/wp-content\/uploads\/2014\/12\/andina-15-12-2014.jpg","keywords":["caral","Ministerio de Cultura"],"articleSection":["noticias"],"inLanguage":"en-US"},{"@type":"WebPage","@id":"https:\/\/zonacaral.gob.pe\/en\/noticias\/aprueban-el-manual-de-operaciones-del-proyecto-especial-zona-arqueologica-caral-supe\/","url":"https:\/\/zonacaral.gob.pe\/en\/noticias\/aprueban-el-manual-de-operaciones-del-proyecto-especial-zona-arqueologica-caral-supe\/","name":"Aprueban el Manual de Operaciones del Proyecto Especial Zona Arqueol\u00f3gica Caral - Supe - Zona Caral","isPartOf":{"@id":"https:\/\/zonacaral.gob.pe\/es\/#website"},"primaryImageOfPage":{"@id":"https:\/\/zonacaral.gob.pe\/en\/noticias\/aprueban-el-manual-de-operaciones-del-proyecto-especial-zona-arqueologica-caral-supe\/#primaryimage"},"image":{"@id":"https:\/\/zonacaral.gob.pe\/en\/noticias\/aprueban-el-manual-de-operaciones-del-proyecto-especial-zona-arqueologica-caral-supe\/#primaryimage"},"thumbnailUrl":"https:\/\/zonacaral.gob.pe\/wp-content\/uploads\/2014\/12\/andina-15-12-2014.jpg","datePublished":"2014-12-15T20:27:07+00:00","author":{"@id":"https:\/\/zonacaral.gob.pe\/es\/#\/schema\/person\/beddb4d22f71a7230c5b90913270a0ee"},"breadcrumb":{"@id":"https:\/\/zonacaral.gob.pe\/en\/noticias\/aprueban-el-manual-de-operaciones-del-proyecto-especial-zona-arqueologica-caral-supe\/#breadcrumb"},"inLanguage":"en-US","potentialAction":[{"@type":"ReadAction","target":["https:\/\/zonacaral.gob.pe\/en\/noticias\/aprueban-el-manual-de-operaciones-del-proyecto-especial-zona-arqueologica-caral-supe\/"]}]},{"@type":"ImageObject","inLanguage":"en-US","@id":"https:\/\/zonacaral.gob.pe\/en\/noticias\/aprueban-el-manual-de-operaciones-del-proyecto-especial-zona-arqueologica-caral-supe\/#primaryimage","url":"https:\/\/zonacaral.gob.pe\/wp-content\/uploads\/2014\/12\/andina-15-12-2014.jpg","contentUrl":"https:\/\/zonacaral.gob.pe\/wp-content\/uploads\/2014\/12\/andina-15-12-2014.jpg","width":1800,"height":1204},{"@type":"BreadcrumbList","@id":"https:\/\/zonacaral.gob.pe\/en\/noticias\/aprueban-el-manual-de-operaciones-del-proyecto-especial-zona-arqueologica-caral-supe\/#breadcrumb","itemListElement":[{"@type":"ListItem","position":1,"name":"Portada","item":"https:\/\/zonacaral.gob.pe\/"},{"@type":"ListItem","position":2,"name":"Aprueban el Manual de Operaciones del Proyecto Especial Zona Arqueol\u00f3gica Caral &#8211; Supe"}]},{"@type":"WebSite","@id":"https:\/\/zonacaral.gob.pe\/es\/#website","url":"https:\/\/zonacaral.gob.pe\/es\/","name":"Zona Caral","description":"Investigamos, conservamos y difundimos el patrimonio cultural de la Civilizaci\u00f3n Caral, la m\u00e1s antigua de Am\u00e9rica.","potentialAction":[{"@type":"SearchAction","target":{"@type":"EntryPoint","urlTemplate":"https:\/\/zonacaral.gob.pe\/es\/?s={search_term_string}"},"query-input":{"@type":"PropertyValueSpecification","valueRequired":true,"valueName":"search_term_string"}}],"inLanguage":"en-US"},{"@type":"Person","@id":"https:\/\/zonacaral.gob.pe\/es\/#\/schema\/person\/beddb4d22f71a7230c5b90913270a0ee","name":"Zona Caral Administrador","image":{"@type":"ImageObject","inLanguage":"en-US","@id":"https:\/\/secure.gravatar.com\/avatar\/e4be162918a696358376de6446614e0f0f4062bdc5d170d6d540ada3d8b58c12?s=96&d=mm&r=g","url":"https:\/\/secure.gravatar.com\/avatar\/e4be162918a696358376de6446614e0f0f4062bdc5d170d6d540ada3d8b58c12?s=96&d=mm&r=g","contentUrl":"https:\/\/secure.gravatar.com\/avatar\/e4be162918a696358376de6446614e0f0f4062bdc5d170d6d540ada3d8b58c12?s=96&d=mm&r=g","caption":"Zona Caral Administrador"},"sameAs":["https:\/\/zonacaral.gob.pe"],"url":"https:\/\/zonacaral.gob.pe\/en\/noticias\/author\/ad_zonacaral\/"}]}},"_links":{"self":[{"href":"https:\/\/zonacaral.gob.pe\/en\/wp-json\/wp\/v2\/posts\/8853","targetHints":{"allow":["GET"]}}],"collection":[{"href":"https:\/\/zonacaral.gob.pe\/en\/wp-json\/wp\/v2\/posts"}],"about":[{"href":"https:\/\/zonacaral.gob.pe\/en\/wp-json\/wp\/v2\/types\/post"}],"author":[{"embeddable":true,"href":"https:\/\/zonacaral.gob.pe\/en\/wp-json\/wp\/v2\/users\/1"}],"replies":[{"embeddable":true,"href":"https:\/\/zonacaral.gob.pe\/en\/wp-json\/wp\/v2\/comments?post=8853"}],"version-history":[{"count":0,"href":"https:\/\/zonacaral.gob.pe\/en\/wp-json\/wp\/v2\/posts\/8853\/revisions"}],"wp:featuredmedia":[{"embeddable":true,"href":"https:\/\/zonacaral.gob.pe\/en\/wp-json\/wp\/v2\/media\/8854"}],"wp:attachment":[{"href":"https:\/\/zonacaral.gob.pe\/en\/wp-json\/wp\/v2\/media?parent=8853"}],"wp:term":[{"taxonomy":"category","embeddable":true,"href":"https:\/\/zonacaral.gob.pe\/en\/wp-json\/wp\/v2\/categories?post=8853"},{"taxonomy":"post_tag","embeddable":true,"href":"https:\/\/zonacaral.gob.pe\/en\/wp-json\/wp\/v2\/tags?post=8853"}],"curies":[{"name":"wp","href":"https:\/\/api.w.org\/{rel}","templated":true}]}}