{"id":8871,"date":"2014-12-11T17:11:51","date_gmt":"2014-12-11T22:11:51","guid":{"rendered":"http:\/\/www.zonacaral.gob.pe\/?p=8871"},"modified":"2014-12-11T17:11:51","modified_gmt":"2014-12-11T22:11:51","slug":"la-ciudad-mas-antigua-de-america-alberga-claves-para-abordar-el-cambio-climatico","status":"publish","type":"post","link":"https:\/\/zonacaral.gob.pe\/en\/noticias\/la-ciudad-mas-antigua-de-america-alberga-claves-para-abordar-el-cambio-climatico\/","title":{"rendered":"La ciudad m\u00e1s antigua de Am\u00e9rica alberga claves para abordar el cambio clim\u00e1tico"},"content":{"rendered":"<p style=\"color: #434343;\">La arque\u00f3loga, que en octubre cumpli\u00f3 20 a\u00f1os de investigaci\u00f3n de la civilizaci\u00f3n de Caral, realiz\u00f3 este fin de semana una ponencia en la vig\u00e9sima cumbre de las Naciones Unidas sobre el cambio clim\u00e1tico (COP20, por sus siglas en ingl\u00e9s) para difundir las buenas pr\u00e1cticas ambientales y estrat\u00e9gicas de los habitantes de Caral.<\/p>\n<p style=\"color: #434343;\">Entre las costumbres ambientales m\u00e1s destacadas de los habitantes de Caral est\u00e1 su gesti\u00f3n del agua, ya que el r\u00edo Supe \u00absolo tiene agua durante tres o cuatro meses al a\u00f1o\u00bb, y eso les llev\u00f3 a identificar acu\u00edferos subterr\u00e1neos y desarrollar una \u00absiembra del agua\u00bb, con una tecnolog\u00eda llamada &#8216;amuna&#8217;.<\/p>\n<p style=\"color: #434343;\">Se trata de un sistema de canalizaciones (amunas), que conducen el agua de la lluvia en las monta\u00f1as y las partes altas del valle hasta grietas y lugares \u00abgeol\u00f3gicamente permeables\u00bb en la tierra, para filtrarla a r\u00edos subterr\u00e1neos y que meses m\u00e1s tarde aflore en \u00abpuquios\u00bb (manantiales en lengua quechua), a lo largo del valle.<\/p>\n<p style=\"color: #434343;\">\u00abCada uno de los sitios arqueol\u00f3gicos de Caral est\u00e1 relacionado con un puquio, de donde extra\u00edan el agua para uso dom\u00e9stico y agr\u00edcola. Se trata de una tecnolog\u00eda muy interesante que todav\u00eda se utiliza en un pueblo de la serran\u00eda de Lima, porque no evapora el agua y la preserva de la mayor intensidad del sol\u00bb, coment\u00f3 Shady.<\/p>\n<p style=\"color: #434343;\">Respecto al reciclaje de residuos, la arque\u00f3loga peruana explic\u00f3 que la producci\u00f3n de deshechos en Caral era muy reducida, porque \u00abutilizaban la energ\u00eda solar para secarlos y reutilizarlos como relleno de nuevas construcciones\u00bb, entre otras actividades.<\/p>\n<p style=\"color: #434343;\">\u00abTambi\u00e9n usaron la energ\u00eda del viento, a trav\u00e9s de ductos de ventilaci\u00f3n subterr\u00e1neos, para llevar el aire hasta sus fogones y alcanzar altas temperaturas con la que calentar piedras para cocer alimentos, con una baja emisi\u00f3n de di\u00f3xido de carbono\u00bb, cont\u00f3 Shady.<\/p>\n<p style=\"color: #434343;\">Otro de los m\u00e9todos utilizados en Caral para evitar desastres naturales fue la planificaci\u00f3n urbana de sus ciudades, construidas en las terrazas del valle, para reservar la tierra f\u00e9rtil de las riberas del r\u00edo a actividades agr\u00edcolas y dejar la ciudad fuera del alcance de las crecidas del r\u00edo.<\/p>\n<p style=\"color: #434343;\">Tampoco acostumbraban a talar \u00e1rboles ya que, seg\u00fan la investigadora, la cultura de Caral \u00abcuidaba mucho el bosque ribere\u00f1o\u00bb para que actuara como barrera ante eventuales desbordes del r\u00edo.<\/p>\n<p style=\"color: #434343;\">Al costado del Cintur\u00f3n de Fuego del Pac\u00edfico, donde se produce el 85 por ciento de la actividad s\u00edsmica mundial, las construcciones de Caral se dise\u00f1aron con una ingenier\u00eda para resistir sismos, \u00abque ahora, 5.000 a\u00f1os despu\u00e9s, se utilizar\u00e1 para inspirar nuevas construcciones en Jap\u00f3n\u00bb, anunci\u00f3 la arque\u00f3loga.<\/p>\n<p style=\"color: #434343;\">Se trata de la quincha, un armaz\u00f3n entretejido de troncos, ca\u00f1as y fibras vegetales, recubierta con arcilla mezclada con barro, enlucida y pintada, que resulta flexible para soportar terremotos porque dispersa fuerzas y no suele quebrarse ni derrumbarse.<\/p>\n<p style=\"color: #434343;\">\u00abHay que prepararse para el cambio clim\u00e1tico. Los habitantes de Caral estudiaron mucho la astronom\u00eda y aplicaron ese conocimiento para mitigar los cambios clim\u00e1ticos con un patr\u00f3n de vida adecuado\u00bb, explic\u00f3 Shady, quien abog\u00f3 por recuperar las pr\u00e1cticas de Caral para crear ciudades sostenibles y frenar el cambio clim\u00e1tico.<\/p>\n<p style=\"color: #000000;\">Fuente:\u00a0<span style=\"color: #800000;\">(<a href=\"http:\/\/www.efe.com\/efe\/noticias\/america\/cronicas\/ciudad-mas-antigua-america-alberga-claves-para-abordar-cambio-climatico\/2\/210022\/2488894\"><span style=\"color: #800000;\"><span class=\"fuente\" style=\"color: #434343;\">EFE<\/span><span style=\"color: #434343;\">\u00a0|\u00a0<\/span><span class=\"origen\" style=\"color: #434343;\">LIMA<\/span><\/span><\/a>)<\/span><\/p>\n<p style=\"color: #000000;\">Fecha de publicaci\u00f3n: 11\/12\/2014<\/p>","protected":false},"excerpt":{"rendered":"<p>La arque\u00f3loga, que en octubre cumpli\u00f3 20 a\u00f1os de investigaci\u00f3n de la civilizaci\u00f3n de Caral, realiz\u00f3 este fin de semana [&hellip;]<\/p>\n","protected":false},"author":1,"featured_media":8872,"comment_status":"closed","ping_status":"open","sticky":false,"template":"","format":"standard","meta":{"_acf_changed":false,"site-sidebar-layout":"default","site-content-layout":"","ast-site-content-layout":"default","site-content-style":"default","site-sidebar-style":"default","ast-global-header-display":"","ast-banner-title-visibility":"","ast-main-header-display":"","ast-hfb-above-header-display":"","ast-hfb-below-header-display":"","ast-hfb-mobile-header-display":"","site-post-title":"","ast-breadcrumbs-content":"","ast-featured-img":"","footer-sml-layout":"","ast-disable-related-posts":"","theme-transparent-header-meta":"","adv-header-id-meta":"","stick-header-meta":"","header-above-stick-meta":"","header-main-stick-meta":"","header-below-stick-meta":"","astra-migrate-meta-layouts":"default","ast-page-background-enabled":"default","ast-page-background-meta":{"desktop":{"background-color":"var(--ast-global-color-5)","background-image":"","background-repeat":"repeat","background-position":"center center","background-size":"auto","background-attachment":"scroll","background-type":"","background-media":"","overlay-type":"","overlay-color":"","overlay-opacity":"","overlay-gradient":""},"tablet":{"background-color":"","background-image":"","background-repeat":"repeat","background-position":"center center","background-size":"auto","background-attachment":"scroll","background-type":"","background-media":"","overlay-type":"","overlay-color":"","overlay-opacity":"","overlay-gradient":""},"mobile":{"background-color":"","background-image":"","background-repeat":"repeat","background-position":"center center","background-size":"auto","background-attachment":"scroll","background-type":"","background-media":"","overlay-type":"","overlay-color":"","overlay-opacity":"","overlay-gradient":""}},"ast-content-background-meta":{"desktop":{"background-color":"var(--ast-global-color-4)","background-image":"","background-repeat":"repeat","background-position":"center center","background-size":"auto","background-attachment":"scroll","background-type":"","background-media":"","overlay-type":"","overlay-color":"","overlay-opacity":"","overlay-gradient":""},"tablet":{"background-color":"var(--ast-global-color-4)","background-image":"","background-repeat":"repeat","background-position":"center center","background-size":"auto","background-attachment":"scroll","background-type":"","background-media":"","overlay-type":"","overlay-color":"","overlay-opacity":"","overlay-gradient":""},"mobile":{"background-color":"var(--ast-global-color-4)","background-image":"","background-repeat":"repeat","background-position":"center center","background-size":"auto","background-attachment":"scroll","background-type":"","background-media":"","overlay-type":"","overlay-color":"","overlay-opacity":"","overlay-gradient":""}},"footnotes":""},"categories":[208],"tags":[55,62],"class_list":["post-8871","post","type-post","status-publish","format-standard","has-post-thumbnail","hentry","category-noticias","tag-caral","tag-cop20"],"acf":[],"yoast_head":"<!-- This site is optimized with the Yoast SEO plugin v27.3 - https:\/\/yoast.com\/product\/yoast-seo-wordpress\/ -->\n<title>La ciudad m\u00e1s antigua de Am\u00e9rica alberga claves para abordar el cambio clim\u00e1tico - Zona Caral<\/title>\n<meta name=\"robots\" content=\"index, follow, max-snippet:-1, max-image-preview:large, max-video-preview:-1\" \/>\n<link rel=\"canonical\" href=\"https:\/\/zonacaral.gob.pe\/en\/noticias\/la-ciudad-mas-antigua-de-america-alberga-claves-para-abordar-el-cambio-climatico\/\" \/>\n<meta property=\"og:locale\" content=\"en_US\" \/>\n<meta property=\"og:type\" content=\"article\" \/>\n<meta property=\"og:title\" content=\"La ciudad m\u00e1s antigua de Am\u00e9rica alberga claves para abordar el cambio clim\u00e1tico - Zona Caral\" \/>\n<meta property=\"og:description\" content=\"La arque\u00f3loga, que en octubre cumpli\u00f3 20 a\u00f1os de investigaci\u00f3n de la civilizaci\u00f3n de Caral, realiz\u00f3 este fin de semana [&hellip;]\" \/>\n<meta property=\"og:url\" content=\"https:\/\/zonacaral.gob.pe\/en\/noticias\/la-ciudad-mas-antigua-de-america-alberga-claves-para-abordar-el-cambio-climatico\/\" \/>\n<meta property=\"og:site_name\" content=\"Zona Caral\" \/>\n<meta property=\"article:published_time\" content=\"2014-12-11T22:11:51+00:00\" \/>\n<meta property=\"og:image\" content=\"https:\/\/zonacaral.gob.pe\/wp-content\/uploads\/2014\/12\/efe-11-12-2014.jpg\" \/>\n\t<meta property=\"og:image:width\" content=\"1000\" \/>\n\t<meta property=\"og:image:height\" content=\"669\" \/>\n\t<meta property=\"og:image:type\" content=\"image\/jpeg\" \/>\n<meta name=\"author\" content=\"Zona Caral Administrador\" \/>\n<meta name=\"twitter:card\" content=\"summary_large_image\" \/>\n<meta name=\"twitter:label1\" content=\"Written by\" \/>\n\t<meta name=\"twitter:data1\" content=\"Zona Caral Administrador\" \/>\n\t<meta name=\"twitter:label2\" content=\"Est. reading time\" \/>\n\t<meta name=\"twitter:data2\" content=\"3 minutes\" \/>\n<script type=\"application\/ld+json\" class=\"yoast-schema-graph\">{\"@context\":\"https:\\\/\\\/schema.org\",\"@graph\":[{\"@type\":\"Article\",\"@id\":\"https:\\\/\\\/zonacaral.gob.pe\\\/en\\\/noticias\\\/la-ciudad-mas-antigua-de-america-alberga-claves-para-abordar-el-cambio-climatico\\\/#article\",\"isPartOf\":{\"@id\":\"https:\\\/\\\/zonacaral.gob.pe\\\/en\\\/noticias\\\/la-ciudad-mas-antigua-de-america-alberga-claves-para-abordar-el-cambio-climatico\\\/\"},\"author\":{\"name\":\"Zona Caral Administrador\",\"@id\":\"https:\\\/\\\/zonacaral.gob.pe\\\/es\\\/#\\\/schema\\\/person\\\/beddb4d22f71a7230c5b90913270a0ee\"},\"headline\":\"La ciudad m\u00e1s antigua de Am\u00e9rica alberga claves para abordar el cambio clim\u00e1tico\",\"datePublished\":\"2014-12-11T22:11:51+00:00\",\"mainEntityOfPage\":{\"@id\":\"https:\\\/\\\/zonacaral.gob.pe\\\/en\\\/noticias\\\/la-ciudad-mas-antigua-de-america-alberga-claves-para-abordar-el-cambio-climatico\\\/\"},\"wordCount\":591,\"image\":{\"@id\":\"https:\\\/\\\/zonacaral.gob.pe\\\/en\\\/noticias\\\/la-ciudad-mas-antigua-de-america-alberga-claves-para-abordar-el-cambio-climatico\\\/#primaryimage\"},\"thumbnailUrl\":\"https:\\\/\\\/zonacaral.gob.pe\\\/wp-content\\\/uploads\\\/2014\\\/12\\\/efe-11-12-2014.jpg\",\"keywords\":[\"caral\",\"COP20\"],\"articleSection\":[\"noticias\"],\"inLanguage\":\"en-US\"},{\"@type\":\"WebPage\",\"@id\":\"https:\\\/\\\/zonacaral.gob.pe\\\/en\\\/noticias\\\/la-ciudad-mas-antigua-de-america-alberga-claves-para-abordar-el-cambio-climatico\\\/\",\"url\":\"https:\\\/\\\/zonacaral.gob.pe\\\/en\\\/noticias\\\/la-ciudad-mas-antigua-de-america-alberga-claves-para-abordar-el-cambio-climatico\\\/\",\"name\":\"La ciudad m\u00e1s antigua de Am\u00e9rica alberga claves para abordar el cambio clim\u00e1tico - Zona Caral\",\"isPartOf\":{\"@id\":\"https:\\\/\\\/zonacaral.gob.pe\\\/es\\\/#website\"},\"primaryImageOfPage\":{\"@id\":\"https:\\\/\\\/zonacaral.gob.pe\\\/en\\\/noticias\\\/la-ciudad-mas-antigua-de-america-alberga-claves-para-abordar-el-cambio-climatico\\\/#primaryimage\"},\"image\":{\"@id\":\"https:\\\/\\\/zonacaral.gob.pe\\\/en\\\/noticias\\\/la-ciudad-mas-antigua-de-america-alberga-claves-para-abordar-el-cambio-climatico\\\/#primaryimage\"},\"thumbnailUrl\":\"https:\\\/\\\/zonacaral.gob.pe\\\/wp-content\\\/uploads\\\/2014\\\/12\\\/efe-11-12-2014.jpg\",\"datePublished\":\"2014-12-11T22:11:51+00:00\",\"author\":{\"@id\":\"https:\\\/\\\/zonacaral.gob.pe\\\/es\\\/#\\\/schema\\\/person\\\/beddb4d22f71a7230c5b90913270a0ee\"},\"breadcrumb\":{\"@id\":\"https:\\\/\\\/zonacaral.gob.pe\\\/en\\\/noticias\\\/la-ciudad-mas-antigua-de-america-alberga-claves-para-abordar-el-cambio-climatico\\\/#breadcrumb\"},\"inLanguage\":\"en-US\",\"potentialAction\":[{\"@type\":\"ReadAction\",\"target\":[\"https:\\\/\\\/zonacaral.gob.pe\\\/en\\\/noticias\\\/la-ciudad-mas-antigua-de-america-alberga-claves-para-abordar-el-cambio-climatico\\\/\"]}]},{\"@type\":\"ImageObject\",\"inLanguage\":\"en-US\",\"@id\":\"https:\\\/\\\/zonacaral.gob.pe\\\/en\\\/noticias\\\/la-ciudad-mas-antigua-de-america-alberga-claves-para-abordar-el-cambio-climatico\\\/#primaryimage\",\"url\":\"https:\\\/\\\/zonacaral.gob.pe\\\/wp-content\\\/uploads\\\/2014\\\/12\\\/efe-11-12-2014.jpg\",\"contentUrl\":\"https:\\\/\\\/zonacaral.gob.pe\\\/wp-content\\\/uploads\\\/2014\\\/12\\\/efe-11-12-2014.jpg\",\"width\":1000,\"height\":669},{\"@type\":\"BreadcrumbList\",\"@id\":\"https:\\\/\\\/zonacaral.gob.pe\\\/en\\\/noticias\\\/la-ciudad-mas-antigua-de-america-alberga-claves-para-abordar-el-cambio-climatico\\\/#breadcrumb\",\"itemListElement\":[{\"@type\":\"ListItem\",\"position\":1,\"name\":\"Portada\",\"item\":\"https:\\\/\\\/zonacaral.gob.pe\\\/\"},{\"@type\":\"ListItem\",\"position\":2,\"name\":\"La ciudad m\u00e1s antigua de Am\u00e9rica alberga claves para abordar el cambio clim\u00e1tico\"}]},{\"@type\":\"WebSite\",\"@id\":\"https:\\\/\\\/zonacaral.gob.pe\\\/es\\\/#website\",\"url\":\"https:\\\/\\\/zonacaral.gob.pe\\\/es\\\/\",\"name\":\"Zona Caral\",\"description\":\"Investigamos, conservamos y difundimos el patrimonio cultural de la Civilizaci\u00f3n Caral, la m\u00e1s antigua de Am\u00e9rica.\",\"potentialAction\":[{\"@type\":\"SearchAction\",\"target\":{\"@type\":\"EntryPoint\",\"urlTemplate\":\"https:\\\/\\\/zonacaral.gob.pe\\\/es\\\/?s={search_term_string}\"},\"query-input\":{\"@type\":\"PropertyValueSpecification\",\"valueRequired\":true,\"valueName\":\"search_term_string\"}}],\"inLanguage\":\"en-US\"},{\"@type\":\"Person\",\"@id\":\"https:\\\/\\\/zonacaral.gob.pe\\\/es\\\/#\\\/schema\\\/person\\\/beddb4d22f71a7230c5b90913270a0ee\",\"name\":\"Zona Caral Administrador\",\"image\":{\"@type\":\"ImageObject\",\"inLanguage\":\"en-US\",\"@id\":\"https:\\\/\\\/secure.gravatar.com\\\/avatar\\\/e4be162918a696358376de6446614e0f0f4062bdc5d170d6d540ada3d8b58c12?s=96&d=mm&r=g\",\"url\":\"https:\\\/\\\/secure.gravatar.com\\\/avatar\\\/e4be162918a696358376de6446614e0f0f4062bdc5d170d6d540ada3d8b58c12?s=96&d=mm&r=g\",\"contentUrl\":\"https:\\\/\\\/secure.gravatar.com\\\/avatar\\\/e4be162918a696358376de6446614e0f0f4062bdc5d170d6d540ada3d8b58c12?s=96&d=mm&r=g\",\"caption\":\"Zona Caral Administrador\"},\"sameAs\":[\"https:\\\/\\\/zonacaral.gob.pe\"],\"url\":\"https:\\\/\\\/zonacaral.gob.pe\\\/en\\\/noticias\\\/author\\\/ad_zonacaral\\\/\"}]}<\/script>\n<!-- \/ Yoast SEO plugin. -->","yoast_head_json":{"title":"La ciudad m\u00e1s antigua de Am\u00e9rica alberga claves para abordar el cambio clim\u00e1tico - Zona Caral","robots":{"index":"index","follow":"follow","max-snippet":"max-snippet:-1","max-image-preview":"max-image-preview:large","max-video-preview":"max-video-preview:-1"},"canonical":"https:\/\/zonacaral.gob.pe\/en\/noticias\/la-ciudad-mas-antigua-de-america-alberga-claves-para-abordar-el-cambio-climatico\/","og_locale":"en_US","og_type":"article","og_title":"La ciudad m\u00e1s antigua de Am\u00e9rica alberga claves para abordar el cambio clim\u00e1tico - Zona Caral","og_description":"La arque\u00f3loga, que en octubre cumpli\u00f3 20 a\u00f1os de investigaci\u00f3n de la civilizaci\u00f3n de Caral, realiz\u00f3 este fin de semana [&hellip;]","og_url":"https:\/\/zonacaral.gob.pe\/en\/noticias\/la-ciudad-mas-antigua-de-america-alberga-claves-para-abordar-el-cambio-climatico\/","og_site_name":"Zona Caral","article_published_time":"2014-12-11T22:11:51+00:00","og_image":[{"width":1000,"height":669,"url":"https:\/\/zonacaral.gob.pe\/wp-content\/uploads\/2014\/12\/efe-11-12-2014.jpg","type":"image\/jpeg"}],"author":"Zona Caral Administrador","twitter_card":"summary_large_image","twitter_misc":{"Written by":"Zona Caral Administrador","Est. reading time":"3 minutes"},"schema":{"@context":"https:\/\/schema.org","@graph":[{"@type":"Article","@id":"https:\/\/zonacaral.gob.pe\/en\/noticias\/la-ciudad-mas-antigua-de-america-alberga-claves-para-abordar-el-cambio-climatico\/#article","isPartOf":{"@id":"https:\/\/zonacaral.gob.pe\/en\/noticias\/la-ciudad-mas-antigua-de-america-alberga-claves-para-abordar-el-cambio-climatico\/"},"author":{"name":"Zona Caral Administrador","@id":"https:\/\/zonacaral.gob.pe\/es\/#\/schema\/person\/beddb4d22f71a7230c5b90913270a0ee"},"headline":"La ciudad m\u00e1s antigua de Am\u00e9rica alberga claves para abordar el cambio clim\u00e1tico","datePublished":"2014-12-11T22:11:51+00:00","mainEntityOfPage":{"@id":"https:\/\/zonacaral.gob.pe\/en\/noticias\/la-ciudad-mas-antigua-de-america-alberga-claves-para-abordar-el-cambio-climatico\/"},"wordCount":591,"image":{"@id":"https:\/\/zonacaral.gob.pe\/en\/noticias\/la-ciudad-mas-antigua-de-america-alberga-claves-para-abordar-el-cambio-climatico\/#primaryimage"},"thumbnailUrl":"https:\/\/zonacaral.gob.pe\/wp-content\/uploads\/2014\/12\/efe-11-12-2014.jpg","keywords":["caral","COP20"],"articleSection":["noticias"],"inLanguage":"en-US"},{"@type":"WebPage","@id":"https:\/\/zonacaral.gob.pe\/en\/noticias\/la-ciudad-mas-antigua-de-america-alberga-claves-para-abordar-el-cambio-climatico\/","url":"https:\/\/zonacaral.gob.pe\/en\/noticias\/la-ciudad-mas-antigua-de-america-alberga-claves-para-abordar-el-cambio-climatico\/","name":"La ciudad m\u00e1s antigua de Am\u00e9rica alberga claves para abordar el cambio clim\u00e1tico - Zona Caral","isPartOf":{"@id":"https:\/\/zonacaral.gob.pe\/es\/#website"},"primaryImageOfPage":{"@id":"https:\/\/zonacaral.gob.pe\/en\/noticias\/la-ciudad-mas-antigua-de-america-alberga-claves-para-abordar-el-cambio-climatico\/#primaryimage"},"image":{"@id":"https:\/\/zonacaral.gob.pe\/en\/noticias\/la-ciudad-mas-antigua-de-america-alberga-claves-para-abordar-el-cambio-climatico\/#primaryimage"},"thumbnailUrl":"https:\/\/zonacaral.gob.pe\/wp-content\/uploads\/2014\/12\/efe-11-12-2014.jpg","datePublished":"2014-12-11T22:11:51+00:00","author":{"@id":"https:\/\/zonacaral.gob.pe\/es\/#\/schema\/person\/beddb4d22f71a7230c5b90913270a0ee"},"breadcrumb":{"@id":"https:\/\/zonacaral.gob.pe\/en\/noticias\/la-ciudad-mas-antigua-de-america-alberga-claves-para-abordar-el-cambio-climatico\/#breadcrumb"},"inLanguage":"en-US","potentialAction":[{"@type":"ReadAction","target":["https:\/\/zonacaral.gob.pe\/en\/noticias\/la-ciudad-mas-antigua-de-america-alberga-claves-para-abordar-el-cambio-climatico\/"]}]},{"@type":"ImageObject","inLanguage":"en-US","@id":"https:\/\/zonacaral.gob.pe\/en\/noticias\/la-ciudad-mas-antigua-de-america-alberga-claves-para-abordar-el-cambio-climatico\/#primaryimage","url":"https:\/\/zonacaral.gob.pe\/wp-content\/uploads\/2014\/12\/efe-11-12-2014.jpg","contentUrl":"https:\/\/zonacaral.gob.pe\/wp-content\/uploads\/2014\/12\/efe-11-12-2014.jpg","width":1000,"height":669},{"@type":"BreadcrumbList","@id":"https:\/\/zonacaral.gob.pe\/en\/noticias\/la-ciudad-mas-antigua-de-america-alberga-claves-para-abordar-el-cambio-climatico\/#breadcrumb","itemListElement":[{"@type":"ListItem","position":1,"name":"Portada","item":"https:\/\/zonacaral.gob.pe\/"},{"@type":"ListItem","position":2,"name":"La ciudad m\u00e1s antigua de Am\u00e9rica alberga claves para abordar el cambio clim\u00e1tico"}]},{"@type":"WebSite","@id":"https:\/\/zonacaral.gob.pe\/es\/#website","url":"https:\/\/zonacaral.gob.pe\/es\/","name":"Zona Caral","description":"Investigamos, conservamos y difundimos el patrimonio cultural de la Civilizaci\u00f3n Caral, la m\u00e1s antigua de Am\u00e9rica.","potentialAction":[{"@type":"SearchAction","target":{"@type":"EntryPoint","urlTemplate":"https:\/\/zonacaral.gob.pe\/es\/?s={search_term_string}"},"query-input":{"@type":"PropertyValueSpecification","valueRequired":true,"valueName":"search_term_string"}}],"inLanguage":"en-US"},{"@type":"Person","@id":"https:\/\/zonacaral.gob.pe\/es\/#\/schema\/person\/beddb4d22f71a7230c5b90913270a0ee","name":"Zona Caral Administrador","image":{"@type":"ImageObject","inLanguage":"en-US","@id":"https:\/\/secure.gravatar.com\/avatar\/e4be162918a696358376de6446614e0f0f4062bdc5d170d6d540ada3d8b58c12?s=96&d=mm&r=g","url":"https:\/\/secure.gravatar.com\/avatar\/e4be162918a696358376de6446614e0f0f4062bdc5d170d6d540ada3d8b58c12?s=96&d=mm&r=g","contentUrl":"https:\/\/secure.gravatar.com\/avatar\/e4be162918a696358376de6446614e0f0f4062bdc5d170d6d540ada3d8b58c12?s=96&d=mm&r=g","caption":"Zona Caral Administrador"},"sameAs":["https:\/\/zonacaral.gob.pe"],"url":"https:\/\/zonacaral.gob.pe\/en\/noticias\/author\/ad_zonacaral\/"}]}},"_links":{"self":[{"href":"https:\/\/zonacaral.gob.pe\/en\/wp-json\/wp\/v2\/posts\/8871","targetHints":{"allow":["GET"]}}],"collection":[{"href":"https:\/\/zonacaral.gob.pe\/en\/wp-json\/wp\/v2\/posts"}],"about":[{"href":"https:\/\/zonacaral.gob.pe\/en\/wp-json\/wp\/v2\/types\/post"}],"author":[{"embeddable":true,"href":"https:\/\/zonacaral.gob.pe\/en\/wp-json\/wp\/v2\/users\/1"}],"replies":[{"embeddable":true,"href":"https:\/\/zonacaral.gob.pe\/en\/wp-json\/wp\/v2\/comments?post=8871"}],"version-history":[{"count":0,"href":"https:\/\/zonacaral.gob.pe\/en\/wp-json\/wp\/v2\/posts\/8871\/revisions"}],"wp:featuredmedia":[{"embeddable":true,"href":"https:\/\/zonacaral.gob.pe\/en\/wp-json\/wp\/v2\/media\/8872"}],"wp:attachment":[{"href":"https:\/\/zonacaral.gob.pe\/en\/wp-json\/wp\/v2\/media?parent=8871"}],"wp:term":[{"taxonomy":"category","embeddable":true,"href":"https:\/\/zonacaral.gob.pe\/en\/wp-json\/wp\/v2\/categories?post=8871"},{"taxonomy":"post_tag","embeddable":true,"href":"https:\/\/zonacaral.gob.pe\/en\/wp-json\/wp\/v2\/tags?post=8871"}],"curies":[{"name":"wp","href":"https:\/\/api.w.org\/{rel}","templated":true}]}}