{"id":8880,"date":"2014-12-18T17:34:14","date_gmt":"2014-12-18T22:34:14","guid":{"rendered":"http:\/\/www.zonacaral.gob.pe\/?p=8880"},"modified":"2014-12-18T17:34:14","modified_gmt":"2014-12-18T22:34:14","slug":"recibe-el-2015-en-el-campamento-mistico-de-caral","status":"publish","type":"post","link":"https:\/\/zonacaral.gob.pe\/en\/noticias\/recibe-el-2015-en-el-campamento-mistico-de-caral\/","title":{"rendered":"Recibe el 2015 en el Campamento M\u00edstico de Caral"},"content":{"rendered":"<p>La Ciudad Sagrada de Caral es uno de los lugares m\u00e1s hermosos que est\u00e1 cerca de Lima, bordeada por el bello paisaje del Valle de Supe (Barranca) y sus maravillosos edificios piramidales, que hacen de Caral un punto de llegada obligatorio para los amantes de la naturaleza y el patrimonio arqueol\u00f3gico de nuestro pa\u00eds.<\/p>\n<p>La Zona Arqueol\u00f3gica Caral (ZAC) ha programado el Campamento M\u00edstico de A\u00f1o Nuevo en la Ciudad Sagrada, donde los campistas recorrer\u00e1n por los senderos de este milenario sitio arqueol\u00f3gico, y adem\u00e1s, recibir\u00e1n el 2015 alrededor de una gran fogata, presentaci\u00f3n de cuentacuentos y otras actividades culturales.<\/p>\n<p>El personal de la ZAC ha acondicionado un lugar seguro y apropiado para recibir a los campistas que lleguen el 31 de diciembre a la Ciudad Sagrada. Cabe destacar que este espacio estar\u00e1 disponible durante todo el verano para que las familias y j\u00f3venes puedan acampar y disfrutar de nuestro patrimonio arqueol\u00f3gico.<\/p>\n<h3>VIAJES EDUCATIVOS DE VERANO<\/h3>\n<p>Los Viajes Educativos seguir\u00e1n partiendo de la Explanada del Ministerio de Cultura (cruce de la Av. Javier Prado con Av. Aviaci\u00f3n) todos los s\u00e1bados y domingos a las 7:00 a.m. previa reserva. El sitio arqueol\u00f3gico de Caral est\u00e1 abierto de lunes a domingo (incluyendo feriados) desde las 9:00 a.m. hasta las 4:00 p.m. Para m\u00e1s informaci\u00f3n sobre el Campamento M\u00edstico de A\u00f1o Nuevo y Viajes Educativos puede escribir a viajeseducativos@zonacaral.gob.pe o llamar al 205-2517.<\/p>\n<h3>+\u00a0DATOS<\/h3>\n<address>Los Campamentos M\u00edsticos de A\u00f1o Nuevo tienen un costo de S\/.190.00 e incluye: el traslado Lima-Caral-Barranca-Lima, alimentaci\u00f3n, souvenirs, servicio de guiado, ingreso a los sitios arqueol\u00f3gicos y dem\u00e1s servicios.<\/address>\n<address>Inscripci\u00f3n V\u00eda Web:\u00a0<span style=\"color: #800000;\"><a href=\"https:\/\/zonacaral.gob.pe\/en\/viajes-educativos\/inscripciones\/\" target=\"_blank\"><span style=\"color: #800000;\">zonacaral.gob.pe\/viajes-educativos\/inscripciones<\/span><\/a><\/span><\/address>\n<p style=\"color: #000000;\">Fecha de publicaci\u00f3n: 18\/12\/2014<\/p>","protected":false},"excerpt":{"rendered":"<p>La Ciudad Sagrada de Caral es uno de los lugares m\u00e1s hermosos que est\u00e1 cerca de Lima, bordeada por el [&hellip;]<\/p>\n","protected":false},"author":1,"featured_media":8884,"comment_status":"closed","ping_status":"open","sticky":false,"template":"","format":"standard","meta":{"_acf_changed":false,"site-sidebar-layout":"default","site-content-layout":"","ast-site-content-layout":"default","site-content-style":"default","site-sidebar-style":"default","ast-global-header-display":"","ast-banner-title-visibility":"","ast-main-header-display":"","ast-hfb-above-header-display":"","ast-hfb-below-header-display":"","ast-hfb-mobile-header-display":"","site-post-title":"","ast-breadcrumbs-content":"","ast-featured-img":"","footer-sml-layout":"","ast-disable-related-posts":"","theme-transparent-header-meta":"","adv-header-id-meta":"","stick-header-meta":"","header-above-stick-meta":"","header-main-stick-meta":"","header-below-stick-meta":"","astra-migrate-meta-layouts":"default","ast-page-background-enabled":"default","ast-page-background-meta":{"desktop":{"background-color":"var(--ast-global-color-5)","background-image":"","background-repeat":"repeat","background-position":"center center","background-size":"auto","background-attachment":"scroll","background-type":"","background-media":"","overlay-type":"","overlay-color":"","overlay-opacity":"","overlay-gradient":""},"tablet":{"background-color":"","background-image":"","background-repeat":"repeat","background-position":"center center","background-size":"auto","background-attachment":"scroll","background-type":"","background-media":"","overlay-type":"","overlay-color":"","overlay-opacity":"","overlay-gradient":""},"mobile":{"background-color":"","background-image":"","background-repeat":"repeat","background-position":"center center","background-size":"auto","background-attachment":"scroll","background-type":"","background-media":"","overlay-type":"","overlay-color":"","overlay-opacity":"","overlay-gradient":""}},"ast-content-background-meta":{"desktop":{"background-color":"var(--ast-global-color-4)","background-image":"","background-repeat":"repeat","background-position":"center center","background-size":"auto","background-attachment":"scroll","background-type":"","background-media":"","overlay-type":"","overlay-color":"","overlay-opacity":"","overlay-gradient":""},"tablet":{"background-color":"var(--ast-global-color-4)","background-image":"","background-repeat":"repeat","background-position":"center center","background-size":"auto","background-attachment":"scroll","background-type":"","background-media":"","overlay-type":"","overlay-color":"","overlay-opacity":"","overlay-gradient":""},"mobile":{"background-color":"var(--ast-global-color-4)","background-image":"","background-repeat":"repeat","background-position":"center center","background-size":"auto","background-attachment":"scroll","background-type":"","background-media":"","overlay-type":"","overlay-color":"","overlay-opacity":"","overlay-gradient":""}},"footnotes":""},"categories":[208],"tags":[55,71],"class_list":["post-8880","post","type-post","status-publish","format-standard","has-post-thumbnail","hentry","category-noticias","tag-caral","tag-viajes-educativos"],"acf":[],"yoast_head":"<!-- This site is optimized with the Yoast SEO plugin v27.3 - https:\/\/yoast.com\/product\/yoast-seo-wordpress\/ -->\n<title>Recibe el 2015 en el Campamento M\u00edstico de Caral - Zona Caral<\/title>\n<meta name=\"robots\" content=\"index, follow, max-snippet:-1, max-image-preview:large, max-video-preview:-1\" \/>\n<link rel=\"canonical\" href=\"https:\/\/zonacaral.gob.pe\/en\/noticias\/recibe-el-2015-en-el-campamento-mistico-de-caral\/\" \/>\n<meta property=\"og:locale\" content=\"en_US\" \/>\n<meta property=\"og:type\" content=\"article\" \/>\n<meta property=\"og:title\" content=\"Recibe el 2015 en el Campamento M\u00edstico de Caral - Zona Caral\" \/>\n<meta property=\"og:description\" content=\"La Ciudad Sagrada de Caral es uno de los lugares m\u00e1s hermosos que est\u00e1 cerca de Lima, bordeada por el [&hellip;]\" \/>\n<meta property=\"og:url\" content=\"https:\/\/zonacaral.gob.pe\/en\/noticias\/recibe-el-2015-en-el-campamento-mistico-de-caral\/\" \/>\n<meta property=\"og:site_name\" content=\"Zona Caral\" \/>\n<meta property=\"article:published_time\" content=\"2014-12-18T22:34:14+00:00\" \/>\n<meta property=\"og:image\" content=\"https:\/\/zonacaral.gob.pe\/wp-content\/uploads\/2014\/12\/Jovenes-y-adultos-redescubren-el-milenario-origen-de-la-civilizacion-en-America.jpg\" \/>\n\t<meta property=\"og:image:width\" content=\"960\" \/>\n\t<meta property=\"og:image:height\" content=\"720\" \/>\n\t<meta property=\"og:image:type\" content=\"image\/jpeg\" \/>\n<meta name=\"author\" content=\"Zona Caral Administrador\" \/>\n<meta name=\"twitter:card\" content=\"summary_large_image\" \/>\n<meta name=\"twitter:label1\" content=\"Written by\" \/>\n\t<meta name=\"twitter:data1\" content=\"Zona Caral Administrador\" \/>\n\t<meta name=\"twitter:label2\" content=\"Est. reading time\" \/>\n\t<meta name=\"twitter:data2\" content=\"2 minutes\" \/>\n<script type=\"application\/ld+json\" class=\"yoast-schema-graph\">{\"@context\":\"https:\\\/\\\/schema.org\",\"@graph\":[{\"@type\":\"Article\",\"@id\":\"https:\\\/\\\/zonacaral.gob.pe\\\/en\\\/noticias\\\/recibe-el-2015-en-el-campamento-mistico-de-caral\\\/#article\",\"isPartOf\":{\"@id\":\"https:\\\/\\\/zonacaral.gob.pe\\\/en\\\/noticias\\\/recibe-el-2015-en-el-campamento-mistico-de-caral\\\/\"},\"author\":{\"name\":\"Zona Caral Administrador\",\"@id\":\"https:\\\/\\\/zonacaral.gob.pe\\\/es\\\/#\\\/schema\\\/person\\\/beddb4d22f71a7230c5b90913270a0ee\"},\"headline\":\"Recibe el 2015 en el Campamento M\u00edstico de Caral\",\"datePublished\":\"2014-12-18T22:34:14+00:00\",\"mainEntityOfPage\":{\"@id\":\"https:\\\/\\\/zonacaral.gob.pe\\\/en\\\/noticias\\\/recibe-el-2015-en-el-campamento-mistico-de-caral\\\/\"},\"wordCount\":310,\"image\":{\"@id\":\"https:\\\/\\\/zonacaral.gob.pe\\\/en\\\/noticias\\\/recibe-el-2015-en-el-campamento-mistico-de-caral\\\/#primaryimage\"},\"thumbnailUrl\":\"https:\\\/\\\/zonacaral.gob.pe\\\/wp-content\\\/uploads\\\/2014\\\/12\\\/Jovenes-y-adultos-redescubren-el-milenario-origen-de-la-civilizacion-en-America.jpg\",\"keywords\":[\"caral\",\"viajes educativos\"],\"articleSection\":[\"noticias\"],\"inLanguage\":\"en-US\"},{\"@type\":\"WebPage\",\"@id\":\"https:\\\/\\\/zonacaral.gob.pe\\\/en\\\/noticias\\\/recibe-el-2015-en-el-campamento-mistico-de-caral\\\/\",\"url\":\"https:\\\/\\\/zonacaral.gob.pe\\\/en\\\/noticias\\\/recibe-el-2015-en-el-campamento-mistico-de-caral\\\/\",\"name\":\"Recibe el 2015 en el Campamento M\u00edstico de Caral - Zona Caral\",\"isPartOf\":{\"@id\":\"https:\\\/\\\/zonacaral.gob.pe\\\/es\\\/#website\"},\"primaryImageOfPage\":{\"@id\":\"https:\\\/\\\/zonacaral.gob.pe\\\/en\\\/noticias\\\/recibe-el-2015-en-el-campamento-mistico-de-caral\\\/#primaryimage\"},\"image\":{\"@id\":\"https:\\\/\\\/zonacaral.gob.pe\\\/en\\\/noticias\\\/recibe-el-2015-en-el-campamento-mistico-de-caral\\\/#primaryimage\"},\"thumbnailUrl\":\"https:\\\/\\\/zonacaral.gob.pe\\\/wp-content\\\/uploads\\\/2014\\\/12\\\/Jovenes-y-adultos-redescubren-el-milenario-origen-de-la-civilizacion-en-America.jpg\",\"datePublished\":\"2014-12-18T22:34:14+00:00\",\"author\":{\"@id\":\"https:\\\/\\\/zonacaral.gob.pe\\\/es\\\/#\\\/schema\\\/person\\\/beddb4d22f71a7230c5b90913270a0ee\"},\"breadcrumb\":{\"@id\":\"https:\\\/\\\/zonacaral.gob.pe\\\/en\\\/noticias\\\/recibe-el-2015-en-el-campamento-mistico-de-caral\\\/#breadcrumb\"},\"inLanguage\":\"en-US\",\"potentialAction\":[{\"@type\":\"ReadAction\",\"target\":[\"https:\\\/\\\/zonacaral.gob.pe\\\/en\\\/noticias\\\/recibe-el-2015-en-el-campamento-mistico-de-caral\\\/\"]}]},{\"@type\":\"ImageObject\",\"inLanguage\":\"en-US\",\"@id\":\"https:\\\/\\\/zonacaral.gob.pe\\\/en\\\/noticias\\\/recibe-el-2015-en-el-campamento-mistico-de-caral\\\/#primaryimage\",\"url\":\"https:\\\/\\\/zonacaral.gob.pe\\\/wp-content\\\/uploads\\\/2014\\\/12\\\/Jovenes-y-adultos-redescubren-el-milenario-origen-de-la-civilizacion-en-America.jpg\",\"contentUrl\":\"https:\\\/\\\/zonacaral.gob.pe\\\/wp-content\\\/uploads\\\/2014\\\/12\\\/Jovenes-y-adultos-redescubren-el-milenario-origen-de-la-civilizacion-en-America.jpg\",\"width\":960,\"height\":720},{\"@type\":\"BreadcrumbList\",\"@id\":\"https:\\\/\\\/zonacaral.gob.pe\\\/en\\\/noticias\\\/recibe-el-2015-en-el-campamento-mistico-de-caral\\\/#breadcrumb\",\"itemListElement\":[{\"@type\":\"ListItem\",\"position\":1,\"name\":\"Portada\",\"item\":\"https:\\\/\\\/zonacaral.gob.pe\\\/\"},{\"@type\":\"ListItem\",\"position\":2,\"name\":\"Recibe el 2015 en el Campamento M\u00edstico de Caral\"}]},{\"@type\":\"WebSite\",\"@id\":\"https:\\\/\\\/zonacaral.gob.pe\\\/es\\\/#website\",\"url\":\"https:\\\/\\\/zonacaral.gob.pe\\\/es\\\/\",\"name\":\"Zona Caral\",\"description\":\"Investigamos, conservamos y difundimos el patrimonio cultural de la Civilizaci\u00f3n Caral, la m\u00e1s antigua de Am\u00e9rica.\",\"potentialAction\":[{\"@type\":\"SearchAction\",\"target\":{\"@type\":\"EntryPoint\",\"urlTemplate\":\"https:\\\/\\\/zonacaral.gob.pe\\\/es\\\/?s={search_term_string}\"},\"query-input\":{\"@type\":\"PropertyValueSpecification\",\"valueRequired\":true,\"valueName\":\"search_term_string\"}}],\"inLanguage\":\"en-US\"},{\"@type\":\"Person\",\"@id\":\"https:\\\/\\\/zonacaral.gob.pe\\\/es\\\/#\\\/schema\\\/person\\\/beddb4d22f71a7230c5b90913270a0ee\",\"name\":\"Zona Caral Administrador\",\"image\":{\"@type\":\"ImageObject\",\"inLanguage\":\"en-US\",\"@id\":\"https:\\\/\\\/secure.gravatar.com\\\/avatar\\\/e4be162918a696358376de6446614e0f0f4062bdc5d170d6d540ada3d8b58c12?s=96&d=mm&r=g\",\"url\":\"https:\\\/\\\/secure.gravatar.com\\\/avatar\\\/e4be162918a696358376de6446614e0f0f4062bdc5d170d6d540ada3d8b58c12?s=96&d=mm&r=g\",\"contentUrl\":\"https:\\\/\\\/secure.gravatar.com\\\/avatar\\\/e4be162918a696358376de6446614e0f0f4062bdc5d170d6d540ada3d8b58c12?s=96&d=mm&r=g\",\"caption\":\"Zona Caral Administrador\"},\"sameAs\":[\"https:\\\/\\\/zonacaral.gob.pe\"],\"url\":\"https:\\\/\\\/zonacaral.gob.pe\\\/en\\\/noticias\\\/author\\\/ad_zonacaral\\\/\"}]}<\/script>\n<!-- \/ Yoast SEO plugin. -->","yoast_head_json":{"title":"Recibe el 2015 en el Campamento M\u00edstico de Caral - Zona Caral","robots":{"index":"index","follow":"follow","max-snippet":"max-snippet:-1","max-image-preview":"max-image-preview:large","max-video-preview":"max-video-preview:-1"},"canonical":"https:\/\/zonacaral.gob.pe\/en\/noticias\/recibe-el-2015-en-el-campamento-mistico-de-caral\/","og_locale":"en_US","og_type":"article","og_title":"Recibe el 2015 en el Campamento M\u00edstico de Caral - Zona Caral","og_description":"La Ciudad Sagrada de Caral es uno de los lugares m\u00e1s hermosos que est\u00e1 cerca de Lima, bordeada por el [&hellip;]","og_url":"https:\/\/zonacaral.gob.pe\/en\/noticias\/recibe-el-2015-en-el-campamento-mistico-de-caral\/","og_site_name":"Zona Caral","article_published_time":"2014-12-18T22:34:14+00:00","og_image":[{"width":960,"height":720,"url":"https:\/\/zonacaral.gob.pe\/wp-content\/uploads\/2014\/12\/Jovenes-y-adultos-redescubren-el-milenario-origen-de-la-civilizacion-en-America.jpg","type":"image\/jpeg"}],"author":"Zona Caral Administrador","twitter_card":"summary_large_image","twitter_misc":{"Written by":"Zona Caral Administrador","Est. reading time":"2 minutes"},"schema":{"@context":"https:\/\/schema.org","@graph":[{"@type":"Article","@id":"https:\/\/zonacaral.gob.pe\/en\/noticias\/recibe-el-2015-en-el-campamento-mistico-de-caral\/#article","isPartOf":{"@id":"https:\/\/zonacaral.gob.pe\/en\/noticias\/recibe-el-2015-en-el-campamento-mistico-de-caral\/"},"author":{"name":"Zona Caral Administrador","@id":"https:\/\/zonacaral.gob.pe\/es\/#\/schema\/person\/beddb4d22f71a7230c5b90913270a0ee"},"headline":"Recibe el 2015 en el Campamento M\u00edstico de Caral","datePublished":"2014-12-18T22:34:14+00:00","mainEntityOfPage":{"@id":"https:\/\/zonacaral.gob.pe\/en\/noticias\/recibe-el-2015-en-el-campamento-mistico-de-caral\/"},"wordCount":310,"image":{"@id":"https:\/\/zonacaral.gob.pe\/en\/noticias\/recibe-el-2015-en-el-campamento-mistico-de-caral\/#primaryimage"},"thumbnailUrl":"https:\/\/zonacaral.gob.pe\/wp-content\/uploads\/2014\/12\/Jovenes-y-adultos-redescubren-el-milenario-origen-de-la-civilizacion-en-America.jpg","keywords":["caral","viajes educativos"],"articleSection":["noticias"],"inLanguage":"en-US"},{"@type":"WebPage","@id":"https:\/\/zonacaral.gob.pe\/en\/noticias\/recibe-el-2015-en-el-campamento-mistico-de-caral\/","url":"https:\/\/zonacaral.gob.pe\/en\/noticias\/recibe-el-2015-en-el-campamento-mistico-de-caral\/","name":"Recibe el 2015 en el Campamento M\u00edstico de Caral - Zona Caral","isPartOf":{"@id":"https:\/\/zonacaral.gob.pe\/es\/#website"},"primaryImageOfPage":{"@id":"https:\/\/zonacaral.gob.pe\/en\/noticias\/recibe-el-2015-en-el-campamento-mistico-de-caral\/#primaryimage"},"image":{"@id":"https:\/\/zonacaral.gob.pe\/en\/noticias\/recibe-el-2015-en-el-campamento-mistico-de-caral\/#primaryimage"},"thumbnailUrl":"https:\/\/zonacaral.gob.pe\/wp-content\/uploads\/2014\/12\/Jovenes-y-adultos-redescubren-el-milenario-origen-de-la-civilizacion-en-America.jpg","datePublished":"2014-12-18T22:34:14+00:00","author":{"@id":"https:\/\/zonacaral.gob.pe\/es\/#\/schema\/person\/beddb4d22f71a7230c5b90913270a0ee"},"breadcrumb":{"@id":"https:\/\/zonacaral.gob.pe\/en\/noticias\/recibe-el-2015-en-el-campamento-mistico-de-caral\/#breadcrumb"},"inLanguage":"en-US","potentialAction":[{"@type":"ReadAction","target":["https:\/\/zonacaral.gob.pe\/en\/noticias\/recibe-el-2015-en-el-campamento-mistico-de-caral\/"]}]},{"@type":"ImageObject","inLanguage":"en-US","@id":"https:\/\/zonacaral.gob.pe\/en\/noticias\/recibe-el-2015-en-el-campamento-mistico-de-caral\/#primaryimage","url":"https:\/\/zonacaral.gob.pe\/wp-content\/uploads\/2014\/12\/Jovenes-y-adultos-redescubren-el-milenario-origen-de-la-civilizacion-en-America.jpg","contentUrl":"https:\/\/zonacaral.gob.pe\/wp-content\/uploads\/2014\/12\/Jovenes-y-adultos-redescubren-el-milenario-origen-de-la-civilizacion-en-America.jpg","width":960,"height":720},{"@type":"BreadcrumbList","@id":"https:\/\/zonacaral.gob.pe\/en\/noticias\/recibe-el-2015-en-el-campamento-mistico-de-caral\/#breadcrumb","itemListElement":[{"@type":"ListItem","position":1,"name":"Portada","item":"https:\/\/zonacaral.gob.pe\/"},{"@type":"ListItem","position":2,"name":"Recibe el 2015 en el Campamento M\u00edstico de Caral"}]},{"@type":"WebSite","@id":"https:\/\/zonacaral.gob.pe\/es\/#website","url":"https:\/\/zonacaral.gob.pe\/es\/","name":"Zona Caral","description":"Investigamos, conservamos y difundimos el patrimonio cultural de la Civilizaci\u00f3n Caral, la m\u00e1s antigua de Am\u00e9rica.","potentialAction":[{"@type":"SearchAction","target":{"@type":"EntryPoint","urlTemplate":"https:\/\/zonacaral.gob.pe\/es\/?s={search_term_string}"},"query-input":{"@type":"PropertyValueSpecification","valueRequired":true,"valueName":"search_term_string"}}],"inLanguage":"en-US"},{"@type":"Person","@id":"https:\/\/zonacaral.gob.pe\/es\/#\/schema\/person\/beddb4d22f71a7230c5b90913270a0ee","name":"Zona Caral Administrador","image":{"@type":"ImageObject","inLanguage":"en-US","@id":"https:\/\/secure.gravatar.com\/avatar\/e4be162918a696358376de6446614e0f0f4062bdc5d170d6d540ada3d8b58c12?s=96&d=mm&r=g","url":"https:\/\/secure.gravatar.com\/avatar\/e4be162918a696358376de6446614e0f0f4062bdc5d170d6d540ada3d8b58c12?s=96&d=mm&r=g","contentUrl":"https:\/\/secure.gravatar.com\/avatar\/e4be162918a696358376de6446614e0f0f4062bdc5d170d6d540ada3d8b58c12?s=96&d=mm&r=g","caption":"Zona Caral Administrador"},"sameAs":["https:\/\/zonacaral.gob.pe"],"url":"https:\/\/zonacaral.gob.pe\/en\/noticias\/author\/ad_zonacaral\/"}]}},"_links":{"self":[{"href":"https:\/\/zonacaral.gob.pe\/en\/wp-json\/wp\/v2\/posts\/8880","targetHints":{"allow":["GET"]}}],"collection":[{"href":"https:\/\/zonacaral.gob.pe\/en\/wp-json\/wp\/v2\/posts"}],"about":[{"href":"https:\/\/zonacaral.gob.pe\/en\/wp-json\/wp\/v2\/types\/post"}],"author":[{"embeddable":true,"href":"https:\/\/zonacaral.gob.pe\/en\/wp-json\/wp\/v2\/users\/1"}],"replies":[{"embeddable":true,"href":"https:\/\/zonacaral.gob.pe\/en\/wp-json\/wp\/v2\/comments?post=8880"}],"version-history":[{"count":0,"href":"https:\/\/zonacaral.gob.pe\/en\/wp-json\/wp\/v2\/posts\/8880\/revisions"}],"wp:featuredmedia":[{"embeddable":true,"href":"https:\/\/zonacaral.gob.pe\/en\/wp-json\/wp\/v2\/media\/8884"}],"wp:attachment":[{"href":"https:\/\/zonacaral.gob.pe\/en\/wp-json\/wp\/v2\/media?parent=8880"}],"wp:term":[{"taxonomy":"category","embeddable":true,"href":"https:\/\/zonacaral.gob.pe\/en\/wp-json\/wp\/v2\/categories?post=8880"},{"taxonomy":"post_tag","embeddable":true,"href":"https:\/\/zonacaral.gob.pe\/en\/wp-json\/wp\/v2\/tags?post=8880"}],"curies":[{"name":"wp","href":"https:\/\/api.w.org\/{rel}","templated":true}]}}