{"id":8908,"date":"2015-01-05T16:29:33","date_gmt":"2015-01-05T21:29:33","guid":{"rendered":"http:\/\/www.zonacaral.gob.pe\/?p=8908"},"modified":"2015-01-05T16:29:33","modified_gmt":"2015-01-05T21:29:33","slug":"presidenta-del-consejo-de-ministros-visito-caral","status":"publish","type":"post","link":"https:\/\/zonacaral.gob.pe\/en\/noticias\/presidenta-del-consejo-de-ministros-visito-caral\/","title":{"rendered":"Presidenta del Consejo de Ministros visit\u00f3 Caral"},"content":{"rendered":"<div id=\"id_54b6dd4f1b20c4413364946\" class=\"text_exposed_root text_exposed\" style=\"text-align: justify;\">El s\u00e1bado 3 de enero, la presidenta del Consejo de Ministros, Ana Jara, visit\u00f3 la Ciudad Sagrada de Caral (3.000 a.C). Ella recorri\u00f3 todo el sitio arqueol\u00f3gico, donde pudo conocer los importantes avances en construcci\u00f3n sismorresistente de\u00a0<span class=\"text_exposed_show\">los edificios piramidales, as\u00ed como el milenario legado en materia de conocimientos de la Civilizaci\u00f3n Caral.<\/span><\/div>\n<div class=\"text_exposed_root text_exposed\" style=\"text-align: justify;\"><span class=\"text_exposed_show\"><br \/>\nLa ministra Ana Jara felicit\u00f3 la realizaci\u00f3n de los talleres: de cer\u00e1mica funcional y decorativa, de algod\u00f3n de colores, y los talleres musicales con las flautas de Caral, que promueven el desarrollo alternativo de la poblaci\u00f3n local del Valle de Supe.<br \/>\nAprovech\u00f3 la ocasi\u00f3n para alentar al Gobierno Regional de Lima a promover proyectos de inversi\u00f3n que permitan el desarrollo sostenible de este valle y a poner mayor inter\u00e9s en el desarrollo alternativo que puede lograr la poblaci\u00f3n entorno al patrimonio arqueol\u00f3gico.\u00a0<\/span><\/div>\n<div class=\"text_exposed_root text_exposed\" style=\"text-align: justify;\"><span class=\"text_exposed_show\"><br \/>\nFinalmente, la ministra Ana Jara Vel\u00e1squez dej\u00f3 sus felicitaciones a la Dra. Ruth Shady Sol\u00eds, por el trabajo que viene llevando a cabo nuestra instituci\u00f3n y tambi\u00e9n nos alent\u00f3 a continuar con las investigaciones sobre Caral, la civilizaci\u00f3n m\u00e1s antigua de Am\u00e9rica.<\/span><\/div>\n<div class=\"text_exposed_root text_exposed\" style=\"text-align: justify;\"><\/div>\n<div class=\"text_exposed_root text_exposed\" style=\"text-align: justify;\">Fuente:\u00a0Prensa ZAC<\/div>\n<p style=\"text-align: justify;\">Fecha de publicaci\u00f3n: 05\/01\/2014<\/p>","protected":false},"excerpt":{"rendered":"<p>El s\u00e1bado 3 de enero, la presidenta del Consejo de Ministros, Ana Jara, visit\u00f3 la Ciudad Sagrada de Caral (3.000 [&hellip;]<\/p>\n","protected":false},"author":1,"featured_media":8912,"comment_status":"closed","ping_status":"open","sticky":false,"template":"","format":"standard","meta":{"_acf_changed":false,"site-sidebar-layout":"default","site-content-layout":"","ast-site-content-layout":"default","site-content-style":"default","site-sidebar-style":"default","ast-global-header-display":"","ast-banner-title-visibility":"","ast-main-header-display":"","ast-hfb-above-header-display":"","ast-hfb-below-header-display":"","ast-hfb-mobile-header-display":"","site-post-title":"","ast-breadcrumbs-content":"","ast-featured-img":"","footer-sml-layout":"","ast-disable-related-posts":"","theme-transparent-header-meta":"","adv-header-id-meta":"","stick-header-meta":"","header-above-stick-meta":"","header-main-stick-meta":"","header-below-stick-meta":"","astra-migrate-meta-layouts":"default","ast-page-background-enabled":"default","ast-page-background-meta":{"desktop":{"background-color":"var(--ast-global-color-5)","background-image":"","background-repeat":"repeat","background-position":"center center","background-size":"auto","background-attachment":"scroll","background-type":"","background-media":"","overlay-type":"","overlay-color":"","overlay-opacity":"","overlay-gradient":""},"tablet":{"background-color":"","background-image":"","background-repeat":"repeat","background-position":"center center","background-size":"auto","background-attachment":"scroll","background-type":"","background-media":"","overlay-type":"","overlay-color":"","overlay-opacity":"","overlay-gradient":""},"mobile":{"background-color":"","background-image":"","background-repeat":"repeat","background-position":"center center","background-size":"auto","background-attachment":"scroll","background-type":"","background-media":"","overlay-type":"","overlay-color":"","overlay-opacity":"","overlay-gradient":""}},"ast-content-background-meta":{"desktop":{"background-color":"var(--ast-global-color-4)","background-image":"","background-repeat":"repeat","background-position":"center center","background-size":"auto","background-attachment":"scroll","background-type":"","background-media":"","overlay-type":"","overlay-color":"","overlay-opacity":"","overlay-gradient":""},"tablet":{"background-color":"var(--ast-global-color-4)","background-image":"","background-repeat":"repeat","background-position":"center center","background-size":"auto","background-attachment":"scroll","background-type":"","background-media":"","overlay-type":"","overlay-color":"","overlay-opacity":"","overlay-gradient":""},"mobile":{"background-color":"var(--ast-global-color-4)","background-image":"","background-repeat":"repeat","background-position":"center center","background-size":"auto","background-attachment":"scroll","background-type":"","background-media":"","overlay-type":"","overlay-color":"","overlay-opacity":"","overlay-gradient":""}},"footnotes":""},"categories":[208],"tags":[75,55,76],"class_list":["post-8908","post","type-post","status-publish","format-standard","has-post-thumbnail","hentry","category-noticias","tag-ana-jara","tag-caral","tag-ministra"],"acf":[],"yoast_head":"<!-- This site is optimized with the Yoast SEO plugin v27.3 - https:\/\/yoast.com\/product\/yoast-seo-wordpress\/ -->\n<title>Presidenta del Consejo de Ministros visit\u00f3 Caral - Zona Caral<\/title>\n<meta name=\"robots\" content=\"index, follow, max-snippet:-1, max-image-preview:large, max-video-preview:-1\" \/>\n<link rel=\"canonical\" href=\"https:\/\/zonacaral.gob.pe\/en\/noticias\/presidenta-del-consejo-de-ministros-visito-caral\/\" \/>\n<meta property=\"og:locale\" content=\"en_US\" \/>\n<meta property=\"og:type\" content=\"article\" \/>\n<meta property=\"og:title\" content=\"Presidenta del Consejo de Ministros visit\u00f3 Caral - Zona Caral\" \/>\n<meta property=\"og:description\" content=\"El s\u00e1bado 3 de enero, la presidenta del Consejo de Ministros, Ana Jara, visit\u00f3 la Ciudad Sagrada de Caral (3.000 [&hellip;]\" \/>\n<meta property=\"og:url\" content=\"https:\/\/zonacaral.gob.pe\/en\/noticias\/presidenta-del-consejo-de-ministros-visito-caral\/\" \/>\n<meta property=\"og:site_name\" content=\"Zona Caral\" \/>\n<meta property=\"article:published_time\" content=\"2015-01-05T21:29:33+00:00\" \/>\n<meta property=\"og:image\" content=\"https:\/\/zonacaral.gob.pe\/wp-content\/uploads\/2015\/01\/Ministra-Ana-Jara-en-Caral-03-01-2015-02.jpg\" \/>\n\t<meta property=\"og:image:width\" content=\"960\" \/>\n\t<meta property=\"og:image:height\" content=\"603\" \/>\n\t<meta property=\"og:image:type\" content=\"image\/jpeg\" \/>\n<meta name=\"author\" content=\"Zona Caral Administrador\" \/>\n<meta name=\"twitter:card\" content=\"summary_large_image\" \/>\n<meta name=\"twitter:label1\" content=\"Written by\" \/>\n\t<meta name=\"twitter:data1\" content=\"Zona Caral Administrador\" \/>\n\t<meta name=\"twitter:label2\" content=\"Est. reading time\" \/>\n\t<meta name=\"twitter:data2\" content=\"1 minute\" \/>\n<script type=\"application\/ld+json\" class=\"yoast-schema-graph\">{\"@context\":\"https:\\\/\\\/schema.org\",\"@graph\":[{\"@type\":\"Article\",\"@id\":\"https:\\\/\\\/zonacaral.gob.pe\\\/en\\\/noticias\\\/presidenta-del-consejo-de-ministros-visito-caral\\\/#article\",\"isPartOf\":{\"@id\":\"https:\\\/\\\/zonacaral.gob.pe\\\/en\\\/noticias\\\/presidenta-del-consejo-de-ministros-visito-caral\\\/\"},\"author\":{\"name\":\"Zona Caral Administrador\",\"@id\":\"https:\\\/\\\/zonacaral.gob.pe\\\/es\\\/#\\\/schema\\\/person\\\/beddb4d22f71a7230c5b90913270a0ee\"},\"headline\":\"Presidenta del Consejo de Ministros visit\u00f3 Caral\",\"datePublished\":\"2015-01-05T21:29:33+00:00\",\"mainEntityOfPage\":{\"@id\":\"https:\\\/\\\/zonacaral.gob.pe\\\/en\\\/noticias\\\/presidenta-del-consejo-de-ministros-visito-caral\\\/\"},\"wordCount\":210,\"image\":{\"@id\":\"https:\\\/\\\/zonacaral.gob.pe\\\/en\\\/noticias\\\/presidenta-del-consejo-de-ministros-visito-caral\\\/#primaryimage\"},\"thumbnailUrl\":\"https:\\\/\\\/zonacaral.gob.pe\\\/wp-content\\\/uploads\\\/2015\\\/01\\\/Ministra-Ana-Jara-en-Caral-03-01-2015-02.jpg\",\"keywords\":[\"Ana Jara\",\"caral\",\"Ministra\"],\"articleSection\":[\"noticias\"],\"inLanguage\":\"en-US\"},{\"@type\":\"WebPage\",\"@id\":\"https:\\\/\\\/zonacaral.gob.pe\\\/en\\\/noticias\\\/presidenta-del-consejo-de-ministros-visito-caral\\\/\",\"url\":\"https:\\\/\\\/zonacaral.gob.pe\\\/en\\\/noticias\\\/presidenta-del-consejo-de-ministros-visito-caral\\\/\",\"name\":\"Presidenta del Consejo de Ministros visit\u00f3 Caral - Zona Caral\",\"isPartOf\":{\"@id\":\"https:\\\/\\\/zonacaral.gob.pe\\\/es\\\/#website\"},\"primaryImageOfPage\":{\"@id\":\"https:\\\/\\\/zonacaral.gob.pe\\\/en\\\/noticias\\\/presidenta-del-consejo-de-ministros-visito-caral\\\/#primaryimage\"},\"image\":{\"@id\":\"https:\\\/\\\/zonacaral.gob.pe\\\/en\\\/noticias\\\/presidenta-del-consejo-de-ministros-visito-caral\\\/#primaryimage\"},\"thumbnailUrl\":\"https:\\\/\\\/zonacaral.gob.pe\\\/wp-content\\\/uploads\\\/2015\\\/01\\\/Ministra-Ana-Jara-en-Caral-03-01-2015-02.jpg\",\"datePublished\":\"2015-01-05T21:29:33+00:00\",\"author\":{\"@id\":\"https:\\\/\\\/zonacaral.gob.pe\\\/es\\\/#\\\/schema\\\/person\\\/beddb4d22f71a7230c5b90913270a0ee\"},\"breadcrumb\":{\"@id\":\"https:\\\/\\\/zonacaral.gob.pe\\\/en\\\/noticias\\\/presidenta-del-consejo-de-ministros-visito-caral\\\/#breadcrumb\"},\"inLanguage\":\"en-US\",\"potentialAction\":[{\"@type\":\"ReadAction\",\"target\":[\"https:\\\/\\\/zonacaral.gob.pe\\\/en\\\/noticias\\\/presidenta-del-consejo-de-ministros-visito-caral\\\/\"]}]},{\"@type\":\"ImageObject\",\"inLanguage\":\"en-US\",\"@id\":\"https:\\\/\\\/zonacaral.gob.pe\\\/en\\\/noticias\\\/presidenta-del-consejo-de-ministros-visito-caral\\\/#primaryimage\",\"url\":\"https:\\\/\\\/zonacaral.gob.pe\\\/wp-content\\\/uploads\\\/2015\\\/01\\\/Ministra-Ana-Jara-en-Caral-03-01-2015-02.jpg\",\"contentUrl\":\"https:\\\/\\\/zonacaral.gob.pe\\\/wp-content\\\/uploads\\\/2015\\\/01\\\/Ministra-Ana-Jara-en-Caral-03-01-2015-02.jpg\",\"width\":960,\"height\":603},{\"@type\":\"BreadcrumbList\",\"@id\":\"https:\\\/\\\/zonacaral.gob.pe\\\/en\\\/noticias\\\/presidenta-del-consejo-de-ministros-visito-caral\\\/#breadcrumb\",\"itemListElement\":[{\"@type\":\"ListItem\",\"position\":1,\"name\":\"Portada\",\"item\":\"https:\\\/\\\/zonacaral.gob.pe\\\/\"},{\"@type\":\"ListItem\",\"position\":2,\"name\":\"Presidenta del Consejo de Ministros visit\u00f3 Caral\"}]},{\"@type\":\"WebSite\",\"@id\":\"https:\\\/\\\/zonacaral.gob.pe\\\/es\\\/#website\",\"url\":\"https:\\\/\\\/zonacaral.gob.pe\\\/es\\\/\",\"name\":\"Zona Caral\",\"description\":\"Investigamos, conservamos y difundimos el patrimonio cultural de la Civilizaci\u00f3n Caral, la m\u00e1s antigua de Am\u00e9rica.\",\"potentialAction\":[{\"@type\":\"SearchAction\",\"target\":{\"@type\":\"EntryPoint\",\"urlTemplate\":\"https:\\\/\\\/zonacaral.gob.pe\\\/es\\\/?s={search_term_string}\"},\"query-input\":{\"@type\":\"PropertyValueSpecification\",\"valueRequired\":true,\"valueName\":\"search_term_string\"}}],\"inLanguage\":\"en-US\"},{\"@type\":\"Person\",\"@id\":\"https:\\\/\\\/zonacaral.gob.pe\\\/es\\\/#\\\/schema\\\/person\\\/beddb4d22f71a7230c5b90913270a0ee\",\"name\":\"Zona Caral Administrador\",\"image\":{\"@type\":\"ImageObject\",\"inLanguage\":\"en-US\",\"@id\":\"https:\\\/\\\/secure.gravatar.com\\\/avatar\\\/e4be162918a696358376de6446614e0f0f4062bdc5d170d6d540ada3d8b58c12?s=96&d=mm&r=g\",\"url\":\"https:\\\/\\\/secure.gravatar.com\\\/avatar\\\/e4be162918a696358376de6446614e0f0f4062bdc5d170d6d540ada3d8b58c12?s=96&d=mm&r=g\",\"contentUrl\":\"https:\\\/\\\/secure.gravatar.com\\\/avatar\\\/e4be162918a696358376de6446614e0f0f4062bdc5d170d6d540ada3d8b58c12?s=96&d=mm&r=g\",\"caption\":\"Zona Caral Administrador\"},\"sameAs\":[\"https:\\\/\\\/zonacaral.gob.pe\"],\"url\":\"https:\\\/\\\/zonacaral.gob.pe\\\/en\\\/noticias\\\/author\\\/ad_zonacaral\\\/\"}]}<\/script>\n<!-- \/ Yoast SEO plugin. -->","yoast_head_json":{"title":"Presidenta del Consejo de Ministros visit\u00f3 Caral - Zona Caral","robots":{"index":"index","follow":"follow","max-snippet":"max-snippet:-1","max-image-preview":"max-image-preview:large","max-video-preview":"max-video-preview:-1"},"canonical":"https:\/\/zonacaral.gob.pe\/en\/noticias\/presidenta-del-consejo-de-ministros-visito-caral\/","og_locale":"en_US","og_type":"article","og_title":"Presidenta del Consejo de Ministros visit\u00f3 Caral - Zona Caral","og_description":"El s\u00e1bado 3 de enero, la presidenta del Consejo de Ministros, Ana Jara, visit\u00f3 la Ciudad Sagrada de Caral (3.000 [&hellip;]","og_url":"https:\/\/zonacaral.gob.pe\/en\/noticias\/presidenta-del-consejo-de-ministros-visito-caral\/","og_site_name":"Zona Caral","article_published_time":"2015-01-05T21:29:33+00:00","og_image":[{"width":960,"height":603,"url":"https:\/\/zonacaral.gob.pe\/wp-content\/uploads\/2015\/01\/Ministra-Ana-Jara-en-Caral-03-01-2015-02.jpg","type":"image\/jpeg"}],"author":"Zona Caral Administrador","twitter_card":"summary_large_image","twitter_misc":{"Written by":"Zona Caral Administrador","Est. reading time":"1 minute"},"schema":{"@context":"https:\/\/schema.org","@graph":[{"@type":"Article","@id":"https:\/\/zonacaral.gob.pe\/en\/noticias\/presidenta-del-consejo-de-ministros-visito-caral\/#article","isPartOf":{"@id":"https:\/\/zonacaral.gob.pe\/en\/noticias\/presidenta-del-consejo-de-ministros-visito-caral\/"},"author":{"name":"Zona Caral Administrador","@id":"https:\/\/zonacaral.gob.pe\/es\/#\/schema\/person\/beddb4d22f71a7230c5b90913270a0ee"},"headline":"Presidenta del Consejo de Ministros visit\u00f3 Caral","datePublished":"2015-01-05T21:29:33+00:00","mainEntityOfPage":{"@id":"https:\/\/zonacaral.gob.pe\/en\/noticias\/presidenta-del-consejo-de-ministros-visito-caral\/"},"wordCount":210,"image":{"@id":"https:\/\/zonacaral.gob.pe\/en\/noticias\/presidenta-del-consejo-de-ministros-visito-caral\/#primaryimage"},"thumbnailUrl":"https:\/\/zonacaral.gob.pe\/wp-content\/uploads\/2015\/01\/Ministra-Ana-Jara-en-Caral-03-01-2015-02.jpg","keywords":["Ana Jara","caral","Ministra"],"articleSection":["noticias"],"inLanguage":"en-US"},{"@type":"WebPage","@id":"https:\/\/zonacaral.gob.pe\/en\/noticias\/presidenta-del-consejo-de-ministros-visito-caral\/","url":"https:\/\/zonacaral.gob.pe\/en\/noticias\/presidenta-del-consejo-de-ministros-visito-caral\/","name":"Presidenta del Consejo de Ministros visit\u00f3 Caral - Zona Caral","isPartOf":{"@id":"https:\/\/zonacaral.gob.pe\/es\/#website"},"primaryImageOfPage":{"@id":"https:\/\/zonacaral.gob.pe\/en\/noticias\/presidenta-del-consejo-de-ministros-visito-caral\/#primaryimage"},"image":{"@id":"https:\/\/zonacaral.gob.pe\/en\/noticias\/presidenta-del-consejo-de-ministros-visito-caral\/#primaryimage"},"thumbnailUrl":"https:\/\/zonacaral.gob.pe\/wp-content\/uploads\/2015\/01\/Ministra-Ana-Jara-en-Caral-03-01-2015-02.jpg","datePublished":"2015-01-05T21:29:33+00:00","author":{"@id":"https:\/\/zonacaral.gob.pe\/es\/#\/schema\/person\/beddb4d22f71a7230c5b90913270a0ee"},"breadcrumb":{"@id":"https:\/\/zonacaral.gob.pe\/en\/noticias\/presidenta-del-consejo-de-ministros-visito-caral\/#breadcrumb"},"inLanguage":"en-US","potentialAction":[{"@type":"ReadAction","target":["https:\/\/zonacaral.gob.pe\/en\/noticias\/presidenta-del-consejo-de-ministros-visito-caral\/"]}]},{"@type":"ImageObject","inLanguage":"en-US","@id":"https:\/\/zonacaral.gob.pe\/en\/noticias\/presidenta-del-consejo-de-ministros-visito-caral\/#primaryimage","url":"https:\/\/zonacaral.gob.pe\/wp-content\/uploads\/2015\/01\/Ministra-Ana-Jara-en-Caral-03-01-2015-02.jpg","contentUrl":"https:\/\/zonacaral.gob.pe\/wp-content\/uploads\/2015\/01\/Ministra-Ana-Jara-en-Caral-03-01-2015-02.jpg","width":960,"height":603},{"@type":"BreadcrumbList","@id":"https:\/\/zonacaral.gob.pe\/en\/noticias\/presidenta-del-consejo-de-ministros-visito-caral\/#breadcrumb","itemListElement":[{"@type":"ListItem","position":1,"name":"Portada","item":"https:\/\/zonacaral.gob.pe\/"},{"@type":"ListItem","position":2,"name":"Presidenta del Consejo de Ministros visit\u00f3 Caral"}]},{"@type":"WebSite","@id":"https:\/\/zonacaral.gob.pe\/es\/#website","url":"https:\/\/zonacaral.gob.pe\/es\/","name":"Zona Caral","description":"Investigamos, conservamos y difundimos el patrimonio cultural de la Civilizaci\u00f3n Caral, la m\u00e1s antigua de Am\u00e9rica.","potentialAction":[{"@type":"SearchAction","target":{"@type":"EntryPoint","urlTemplate":"https:\/\/zonacaral.gob.pe\/es\/?s={search_term_string}"},"query-input":{"@type":"PropertyValueSpecification","valueRequired":true,"valueName":"search_term_string"}}],"inLanguage":"en-US"},{"@type":"Person","@id":"https:\/\/zonacaral.gob.pe\/es\/#\/schema\/person\/beddb4d22f71a7230c5b90913270a0ee","name":"Zona Caral Administrador","image":{"@type":"ImageObject","inLanguage":"en-US","@id":"https:\/\/secure.gravatar.com\/avatar\/e4be162918a696358376de6446614e0f0f4062bdc5d170d6d540ada3d8b58c12?s=96&d=mm&r=g","url":"https:\/\/secure.gravatar.com\/avatar\/e4be162918a696358376de6446614e0f0f4062bdc5d170d6d540ada3d8b58c12?s=96&d=mm&r=g","contentUrl":"https:\/\/secure.gravatar.com\/avatar\/e4be162918a696358376de6446614e0f0f4062bdc5d170d6d540ada3d8b58c12?s=96&d=mm&r=g","caption":"Zona Caral Administrador"},"sameAs":["https:\/\/zonacaral.gob.pe"],"url":"https:\/\/zonacaral.gob.pe\/en\/noticias\/author\/ad_zonacaral\/"}]}},"_links":{"self":[{"href":"https:\/\/zonacaral.gob.pe\/en\/wp-json\/wp\/v2\/posts\/8908","targetHints":{"allow":["GET"]}}],"collection":[{"href":"https:\/\/zonacaral.gob.pe\/en\/wp-json\/wp\/v2\/posts"}],"about":[{"href":"https:\/\/zonacaral.gob.pe\/en\/wp-json\/wp\/v2\/types\/post"}],"author":[{"embeddable":true,"href":"https:\/\/zonacaral.gob.pe\/en\/wp-json\/wp\/v2\/users\/1"}],"replies":[{"embeddable":true,"href":"https:\/\/zonacaral.gob.pe\/en\/wp-json\/wp\/v2\/comments?post=8908"}],"version-history":[{"count":0,"href":"https:\/\/zonacaral.gob.pe\/en\/wp-json\/wp\/v2\/posts\/8908\/revisions"}],"wp:featuredmedia":[{"embeddable":true,"href":"https:\/\/zonacaral.gob.pe\/en\/wp-json\/wp\/v2\/media\/8912"}],"wp:attachment":[{"href":"https:\/\/zonacaral.gob.pe\/en\/wp-json\/wp\/v2\/media?parent=8908"}],"wp:term":[{"taxonomy":"category","embeddable":true,"href":"https:\/\/zonacaral.gob.pe\/en\/wp-json\/wp\/v2\/categories?post=8908"},{"taxonomy":"post_tag","embeddable":true,"href":"https:\/\/zonacaral.gob.pe\/en\/wp-json\/wp\/v2\/tags?post=8908"}],"curies":[{"name":"wp","href":"https:\/\/api.w.org\/{rel}","templated":true}]}}