{"id":9026,"date":"2015-01-26T17:17:30","date_gmt":"2015-01-26T22:17:30","guid":{"rendered":"http:\/\/www.zonacaral.gob.pe\/?p=9026"},"modified":"2015-01-26T17:17:30","modified_gmt":"2015-01-26T22:17:30","slug":"miraya-la-otra-ciudad-milenaria-del-norte-chico","status":"publish","type":"post","link":"https:\/\/zonacaral.gob.pe\/en\/noticias\/miraya-la-otra-ciudad-milenaria-del-norte-chico\/","title":{"rendered":"Miraya, la otra ciudad milenaria del norte chico"},"content":{"rendered":"<p style=\"color: #555555; text-align: justify;\">Cuando se cre\u00eda saber todo sobre la Civilizaci\u00f3n Caral (3000 a.C.), el avance de las investigaciones arqueol\u00f3gicas revel\u00f3 la compleja organizaci\u00f3n y desarrollo en ciencia y tecnolog\u00eda que alcanz\u00f3 aquella sociedad milenaria.<\/p>\n<p style=\"color: #555555; text-align: justify;\">El equipo multidisciplinario de profesionales de la Zona Arqueol\u00f3gica Caral (ZAC) ha logrado identificar la Zona Capital que fue conformada por ocho ciudades: Caral, Miraya, Chupacigarro, Lurihuasi, Pueblo Nuevo, Cerro Colorado, Allpacoto y Llaqta.<\/p>\n<p style=\"color: #555555; text-align: justify;\">En estos lugares los caralinos aplicaron un elevado conocimiento en ciencia y tecnolog\u00eda as\u00ed como en el manejo de la econom\u00eda y en la organizaci\u00f3n social que promovi\u00f3 su desarrollo.<\/p>\n<p style=\"color: #555555; text-align: justify;\">Entre estos sitios arqueol\u00f3gicos, adem\u00e1s de Caral, destaca la ciudad de Miraya con edificios monumentales, plazas circulares superpuestas y su fuerte vinculaci\u00f3n con Vichama, en el valle de Huaura.<br \/>\nPara la construcci\u00f3n de las plataformas de los edificios piramidales de Miraya fue necesario el traslado de grandes bloques de piedra, mientras que las paredes de los recintos fueron construidos con quincha y adobe.<\/p>\n<p style=\"color: #555555; text-align: justify;\">Por su parte, Estados Unidos se comprometi\u00f3 a reducir las emisiones de gases de efecto invernadero para 2025 entre un 26 y un 28 por ciento con respecto a los niveles de 2005, lo que supone el doble del recorte previsto entre 2005 y 2020, mientras que la UE se ha comprometido a reducirlas en un 40 por ciento.<\/p>\n<h3 style=\"color: #555555; text-align: justify;\">Miraya en la Civilizaci\u00f3n Caral<\/h3>\n<p style=\"color: #555555; text-align: justify;\">Miraya, dentro del sistema social de Caral, desarroll\u00f3 una elevada especializaci\u00f3n laboral en agricultura y t\u00e9cnicas de procesamiento de la fibra de algod\u00f3n, prueba de ello son los hallazgos de motas de algod\u00f3n de color sin despepitar, ovillos, tejidos anillados y torzales, encontrados en varios de sus edificios.<br \/>\nMiraya se ubica en un espacio estrat\u00e9gico, en la parte intermedia de la Zona Capital, en un paso obligado de los caralinos para dirigirse al litoral y facilitar el intercambio de productos con las otras ciudades pertenecientes a la civilizaci\u00f3n Caral.<\/p>\n<p style=\"color: #555555; text-align: justify;\">Fuente:\u00a0<span style=\"color: #800000;\">(<a href=\"http:\/\/www.expreso.com.pe\/noticia\/2015\/01\/24\/miraya-la-otra-ciudad-milenaria-del-norte-chico\" target=\"_blank\"><span style=\"color: #800000;\">Diario\u00a0<\/span><\/a><a href=\"http:\/\/www.expreso.com.pe\/noticia\/2015\/01\/24\/miraya-la-otra-ciudad-milenaria-del-norte-chico\" target=\"_blank\"><span style=\"color: #800000;\">Expreso<\/span><\/a>)<\/span><\/p>\n<p style=\"color: #000000;\">Fecha de publicaci\u00f3n: 24\/01\/2015<\/p>","protected":false},"excerpt":{"rendered":"<p>Cuando se cre\u00eda saber todo sobre la Civilizaci\u00f3n Caral (3000 a.C.), el avance de las investigaciones arqueol\u00f3gicas revel\u00f3 la compleja [&hellip;]<\/p>\n","protected":false},"author":1,"featured_media":9028,"comment_status":"closed","ping_status":"open","sticky":false,"template":"","format":"standard","meta":{"_acf_changed":false,"site-sidebar-layout":"default","site-content-layout":"","ast-site-content-layout":"default","site-content-style":"default","site-sidebar-style":"default","ast-global-header-display":"","ast-banner-title-visibility":"","ast-main-header-display":"","ast-hfb-above-header-display":"","ast-hfb-below-header-display":"","ast-hfb-mobile-header-display":"","site-post-title":"","ast-breadcrumbs-content":"","ast-featured-img":"","footer-sml-layout":"","ast-disable-related-posts":"","theme-transparent-header-meta":"","adv-header-id-meta":"","stick-header-meta":"","header-above-stick-meta":"","header-main-stick-meta":"","header-below-stick-meta":"","astra-migrate-meta-layouts":"default","ast-page-background-enabled":"default","ast-page-background-meta":{"desktop":{"background-color":"var(--ast-global-color-5)","background-image":"","background-repeat":"repeat","background-position":"center center","background-size":"auto","background-attachment":"scroll","background-type":"","background-media":"","overlay-type":"","overlay-color":"","overlay-opacity":"","overlay-gradient":""},"tablet":{"background-color":"","background-image":"","background-repeat":"repeat","background-position":"center center","background-size":"auto","background-attachment":"scroll","background-type":"","background-media":"","overlay-type":"","overlay-color":"","overlay-opacity":"","overlay-gradient":""},"mobile":{"background-color":"","background-image":"","background-repeat":"repeat","background-position":"center center","background-size":"auto","background-attachment":"scroll","background-type":"","background-media":"","overlay-type":"","overlay-color":"","overlay-opacity":"","overlay-gradient":""}},"ast-content-background-meta":{"desktop":{"background-color":"var(--ast-global-color-4)","background-image":"","background-repeat":"repeat","background-position":"center center","background-size":"auto","background-attachment":"scroll","background-type":"","background-media":"","overlay-type":"","overlay-color":"","overlay-opacity":"","overlay-gradient":""},"tablet":{"background-color":"var(--ast-global-color-4)","background-image":"","background-repeat":"repeat","background-position":"center center","background-size":"auto","background-attachment":"scroll","background-type":"","background-media":"","overlay-type":"","overlay-color":"","overlay-opacity":"","overlay-gradient":""},"mobile":{"background-color":"var(--ast-global-color-4)","background-image":"","background-repeat":"repeat","background-position":"center center","background-size":"auto","background-attachment":"scroll","background-type":"","background-media":"","overlay-type":"","overlay-color":"","overlay-opacity":"","overlay-gradient":""}},"footnotes":""},"categories":[208],"tags":[55,62],"class_list":["post-9026","post","type-post","status-publish","format-standard","has-post-thumbnail","hentry","category-noticias","tag-caral","tag-cop20"],"acf":[],"yoast_head":"<!-- This site is optimized with the Yoast SEO plugin v27.3 - https:\/\/yoast.com\/product\/yoast-seo-wordpress\/ -->\n<title>Miraya, la otra ciudad milenaria del norte chico - Zona Caral<\/title>\n<meta name=\"robots\" content=\"index, follow, max-snippet:-1, max-image-preview:large, max-video-preview:-1\" \/>\n<link rel=\"canonical\" href=\"https:\/\/zonacaral.gob.pe\/en\/noticias\/miraya-la-otra-ciudad-milenaria-del-norte-chico\/\" \/>\n<meta property=\"og:locale\" content=\"en_US\" \/>\n<meta property=\"og:type\" content=\"article\" \/>\n<meta property=\"og:title\" content=\"Miraya, la otra ciudad milenaria del norte chico - Zona Caral\" \/>\n<meta property=\"og:description\" content=\"Cuando se cre\u00eda saber todo sobre la Civilizaci\u00f3n Caral (3000 a.C.), el avance de las investigaciones arqueol\u00f3gicas revel\u00f3 la compleja [&hellip;]\" \/>\n<meta property=\"og:url\" content=\"https:\/\/zonacaral.gob.pe\/en\/noticias\/miraya-la-otra-ciudad-milenaria-del-norte-chico\/\" \/>\n<meta property=\"og:site_name\" content=\"Zona Caral\" \/>\n<meta property=\"article:published_time\" content=\"2015-01-26T22:17:30+00:00\" \/>\n<meta property=\"og:image\" content=\"https:\/\/zonacaral.gob.pe\/wp-content\/uploads\/2015\/01\/Miraya-ciudad-milenaria-24-01-2015.jpg\" \/>\n\t<meta property=\"og:image:width\" content=\"640\" \/>\n\t<meta property=\"og:image:height\" content=\"480\" \/>\n\t<meta property=\"og:image:type\" content=\"image\/jpeg\" \/>\n<meta name=\"author\" content=\"Zona Caral Administrador\" \/>\n<meta name=\"twitter:card\" content=\"summary_large_image\" \/>\n<meta name=\"twitter:label1\" content=\"Written by\" \/>\n\t<meta name=\"twitter:data1\" content=\"Zona Caral Administrador\" \/>\n\t<meta name=\"twitter:label2\" content=\"Est. reading time\" \/>\n\t<meta name=\"twitter:data2\" content=\"2 minutes\" \/>\n<script type=\"application\/ld+json\" class=\"yoast-schema-graph\">{\"@context\":\"https:\\\/\\\/schema.org\",\"@graph\":[{\"@type\":\"Article\",\"@id\":\"https:\\\/\\\/zonacaral.gob.pe\\\/en\\\/noticias\\\/miraya-la-otra-ciudad-milenaria-del-norte-chico\\\/#article\",\"isPartOf\":{\"@id\":\"https:\\\/\\\/zonacaral.gob.pe\\\/en\\\/noticias\\\/miraya-la-otra-ciudad-milenaria-del-norte-chico\\\/\"},\"author\":{\"name\":\"Zona Caral Administrador\",\"@id\":\"https:\\\/\\\/zonacaral.gob.pe\\\/es\\\/#\\\/schema\\\/person\\\/beddb4d22f71a7230c5b90913270a0ee\"},\"headline\":\"Miraya, la otra ciudad milenaria del norte chico\",\"datePublished\":\"2015-01-26T22:17:30+00:00\",\"mainEntityOfPage\":{\"@id\":\"https:\\\/\\\/zonacaral.gob.pe\\\/en\\\/noticias\\\/miraya-la-otra-ciudad-milenaria-del-norte-chico\\\/\"},\"wordCount\":340,\"image\":{\"@id\":\"https:\\\/\\\/zonacaral.gob.pe\\\/en\\\/noticias\\\/miraya-la-otra-ciudad-milenaria-del-norte-chico\\\/#primaryimage\"},\"thumbnailUrl\":\"https:\\\/\\\/zonacaral.gob.pe\\\/wp-content\\\/uploads\\\/2015\\\/01\\\/Miraya-ciudad-milenaria-24-01-2015.jpg\",\"keywords\":[\"caral\",\"COP20\"],\"articleSection\":[\"noticias\"],\"inLanguage\":\"en-US\"},{\"@type\":\"WebPage\",\"@id\":\"https:\\\/\\\/zonacaral.gob.pe\\\/en\\\/noticias\\\/miraya-la-otra-ciudad-milenaria-del-norte-chico\\\/\",\"url\":\"https:\\\/\\\/zonacaral.gob.pe\\\/en\\\/noticias\\\/miraya-la-otra-ciudad-milenaria-del-norte-chico\\\/\",\"name\":\"Miraya, la otra ciudad milenaria del norte chico - Zona Caral\",\"isPartOf\":{\"@id\":\"https:\\\/\\\/zonacaral.gob.pe\\\/es\\\/#website\"},\"primaryImageOfPage\":{\"@id\":\"https:\\\/\\\/zonacaral.gob.pe\\\/en\\\/noticias\\\/miraya-la-otra-ciudad-milenaria-del-norte-chico\\\/#primaryimage\"},\"image\":{\"@id\":\"https:\\\/\\\/zonacaral.gob.pe\\\/en\\\/noticias\\\/miraya-la-otra-ciudad-milenaria-del-norte-chico\\\/#primaryimage\"},\"thumbnailUrl\":\"https:\\\/\\\/zonacaral.gob.pe\\\/wp-content\\\/uploads\\\/2015\\\/01\\\/Miraya-ciudad-milenaria-24-01-2015.jpg\",\"datePublished\":\"2015-01-26T22:17:30+00:00\",\"author\":{\"@id\":\"https:\\\/\\\/zonacaral.gob.pe\\\/es\\\/#\\\/schema\\\/person\\\/beddb4d22f71a7230c5b90913270a0ee\"},\"breadcrumb\":{\"@id\":\"https:\\\/\\\/zonacaral.gob.pe\\\/en\\\/noticias\\\/miraya-la-otra-ciudad-milenaria-del-norte-chico\\\/#breadcrumb\"},\"inLanguage\":\"en-US\",\"potentialAction\":[{\"@type\":\"ReadAction\",\"target\":[\"https:\\\/\\\/zonacaral.gob.pe\\\/en\\\/noticias\\\/miraya-la-otra-ciudad-milenaria-del-norte-chico\\\/\"]}]},{\"@type\":\"ImageObject\",\"inLanguage\":\"en-US\",\"@id\":\"https:\\\/\\\/zonacaral.gob.pe\\\/en\\\/noticias\\\/miraya-la-otra-ciudad-milenaria-del-norte-chico\\\/#primaryimage\",\"url\":\"https:\\\/\\\/zonacaral.gob.pe\\\/wp-content\\\/uploads\\\/2015\\\/01\\\/Miraya-ciudad-milenaria-24-01-2015.jpg\",\"contentUrl\":\"https:\\\/\\\/zonacaral.gob.pe\\\/wp-content\\\/uploads\\\/2015\\\/01\\\/Miraya-ciudad-milenaria-24-01-2015.jpg\",\"width\":640,\"height\":480},{\"@type\":\"BreadcrumbList\",\"@id\":\"https:\\\/\\\/zonacaral.gob.pe\\\/en\\\/noticias\\\/miraya-la-otra-ciudad-milenaria-del-norte-chico\\\/#breadcrumb\",\"itemListElement\":[{\"@type\":\"ListItem\",\"position\":1,\"name\":\"Portada\",\"item\":\"https:\\\/\\\/zonacaral.gob.pe\\\/\"},{\"@type\":\"ListItem\",\"position\":2,\"name\":\"Miraya, la otra ciudad milenaria del norte chico\"}]},{\"@type\":\"WebSite\",\"@id\":\"https:\\\/\\\/zonacaral.gob.pe\\\/es\\\/#website\",\"url\":\"https:\\\/\\\/zonacaral.gob.pe\\\/es\\\/\",\"name\":\"Zona Caral\",\"description\":\"Investigamos, conservamos y difundimos el patrimonio cultural de la Civilizaci\u00f3n Caral, la m\u00e1s antigua de Am\u00e9rica.\",\"potentialAction\":[{\"@type\":\"SearchAction\",\"target\":{\"@type\":\"EntryPoint\",\"urlTemplate\":\"https:\\\/\\\/zonacaral.gob.pe\\\/es\\\/?s={search_term_string}\"},\"query-input\":{\"@type\":\"PropertyValueSpecification\",\"valueRequired\":true,\"valueName\":\"search_term_string\"}}],\"inLanguage\":\"en-US\"},{\"@type\":\"Person\",\"@id\":\"https:\\\/\\\/zonacaral.gob.pe\\\/es\\\/#\\\/schema\\\/person\\\/beddb4d22f71a7230c5b90913270a0ee\",\"name\":\"Zona Caral Administrador\",\"image\":{\"@type\":\"ImageObject\",\"inLanguage\":\"en-US\",\"@id\":\"https:\\\/\\\/secure.gravatar.com\\\/avatar\\\/e4be162918a696358376de6446614e0f0f4062bdc5d170d6d540ada3d8b58c12?s=96&d=mm&r=g\",\"url\":\"https:\\\/\\\/secure.gravatar.com\\\/avatar\\\/e4be162918a696358376de6446614e0f0f4062bdc5d170d6d540ada3d8b58c12?s=96&d=mm&r=g\",\"contentUrl\":\"https:\\\/\\\/secure.gravatar.com\\\/avatar\\\/e4be162918a696358376de6446614e0f0f4062bdc5d170d6d540ada3d8b58c12?s=96&d=mm&r=g\",\"caption\":\"Zona Caral Administrador\"},\"sameAs\":[\"https:\\\/\\\/zonacaral.gob.pe\"],\"url\":\"https:\\\/\\\/zonacaral.gob.pe\\\/en\\\/noticias\\\/author\\\/ad_zonacaral\\\/\"}]}<\/script>\n<!-- \/ Yoast SEO plugin. -->","yoast_head_json":{"title":"Miraya, la otra ciudad milenaria del norte chico - Zona Caral","robots":{"index":"index","follow":"follow","max-snippet":"max-snippet:-1","max-image-preview":"max-image-preview:large","max-video-preview":"max-video-preview:-1"},"canonical":"https:\/\/zonacaral.gob.pe\/en\/noticias\/miraya-la-otra-ciudad-milenaria-del-norte-chico\/","og_locale":"en_US","og_type":"article","og_title":"Miraya, la otra ciudad milenaria del norte chico - Zona Caral","og_description":"Cuando se cre\u00eda saber todo sobre la Civilizaci\u00f3n Caral (3000 a.C.), el avance de las investigaciones arqueol\u00f3gicas revel\u00f3 la compleja [&hellip;]","og_url":"https:\/\/zonacaral.gob.pe\/en\/noticias\/miraya-la-otra-ciudad-milenaria-del-norte-chico\/","og_site_name":"Zona Caral","article_published_time":"2015-01-26T22:17:30+00:00","og_image":[{"width":640,"height":480,"url":"https:\/\/zonacaral.gob.pe\/wp-content\/uploads\/2015\/01\/Miraya-ciudad-milenaria-24-01-2015.jpg","type":"image\/jpeg"}],"author":"Zona Caral Administrador","twitter_card":"summary_large_image","twitter_misc":{"Written by":"Zona Caral Administrador","Est. reading time":"2 minutes"},"schema":{"@context":"https:\/\/schema.org","@graph":[{"@type":"Article","@id":"https:\/\/zonacaral.gob.pe\/en\/noticias\/miraya-la-otra-ciudad-milenaria-del-norte-chico\/#article","isPartOf":{"@id":"https:\/\/zonacaral.gob.pe\/en\/noticias\/miraya-la-otra-ciudad-milenaria-del-norte-chico\/"},"author":{"name":"Zona Caral Administrador","@id":"https:\/\/zonacaral.gob.pe\/es\/#\/schema\/person\/beddb4d22f71a7230c5b90913270a0ee"},"headline":"Miraya, la otra ciudad milenaria del norte chico","datePublished":"2015-01-26T22:17:30+00:00","mainEntityOfPage":{"@id":"https:\/\/zonacaral.gob.pe\/en\/noticias\/miraya-la-otra-ciudad-milenaria-del-norte-chico\/"},"wordCount":340,"image":{"@id":"https:\/\/zonacaral.gob.pe\/en\/noticias\/miraya-la-otra-ciudad-milenaria-del-norte-chico\/#primaryimage"},"thumbnailUrl":"https:\/\/zonacaral.gob.pe\/wp-content\/uploads\/2015\/01\/Miraya-ciudad-milenaria-24-01-2015.jpg","keywords":["caral","COP20"],"articleSection":["noticias"],"inLanguage":"en-US"},{"@type":"WebPage","@id":"https:\/\/zonacaral.gob.pe\/en\/noticias\/miraya-la-otra-ciudad-milenaria-del-norte-chico\/","url":"https:\/\/zonacaral.gob.pe\/en\/noticias\/miraya-la-otra-ciudad-milenaria-del-norte-chico\/","name":"Miraya, la otra ciudad milenaria del norte chico - Zona Caral","isPartOf":{"@id":"https:\/\/zonacaral.gob.pe\/es\/#website"},"primaryImageOfPage":{"@id":"https:\/\/zonacaral.gob.pe\/en\/noticias\/miraya-la-otra-ciudad-milenaria-del-norte-chico\/#primaryimage"},"image":{"@id":"https:\/\/zonacaral.gob.pe\/en\/noticias\/miraya-la-otra-ciudad-milenaria-del-norte-chico\/#primaryimage"},"thumbnailUrl":"https:\/\/zonacaral.gob.pe\/wp-content\/uploads\/2015\/01\/Miraya-ciudad-milenaria-24-01-2015.jpg","datePublished":"2015-01-26T22:17:30+00:00","author":{"@id":"https:\/\/zonacaral.gob.pe\/es\/#\/schema\/person\/beddb4d22f71a7230c5b90913270a0ee"},"breadcrumb":{"@id":"https:\/\/zonacaral.gob.pe\/en\/noticias\/miraya-la-otra-ciudad-milenaria-del-norte-chico\/#breadcrumb"},"inLanguage":"en-US","potentialAction":[{"@type":"ReadAction","target":["https:\/\/zonacaral.gob.pe\/en\/noticias\/miraya-la-otra-ciudad-milenaria-del-norte-chico\/"]}]},{"@type":"ImageObject","inLanguage":"en-US","@id":"https:\/\/zonacaral.gob.pe\/en\/noticias\/miraya-la-otra-ciudad-milenaria-del-norte-chico\/#primaryimage","url":"https:\/\/zonacaral.gob.pe\/wp-content\/uploads\/2015\/01\/Miraya-ciudad-milenaria-24-01-2015.jpg","contentUrl":"https:\/\/zonacaral.gob.pe\/wp-content\/uploads\/2015\/01\/Miraya-ciudad-milenaria-24-01-2015.jpg","width":640,"height":480},{"@type":"BreadcrumbList","@id":"https:\/\/zonacaral.gob.pe\/en\/noticias\/miraya-la-otra-ciudad-milenaria-del-norte-chico\/#breadcrumb","itemListElement":[{"@type":"ListItem","position":1,"name":"Portada","item":"https:\/\/zonacaral.gob.pe\/"},{"@type":"ListItem","position":2,"name":"Miraya, la otra ciudad milenaria del norte chico"}]},{"@type":"WebSite","@id":"https:\/\/zonacaral.gob.pe\/es\/#website","url":"https:\/\/zonacaral.gob.pe\/es\/","name":"Zona Caral","description":"Investigamos, conservamos y difundimos el patrimonio cultural de la Civilizaci\u00f3n Caral, la m\u00e1s antigua de Am\u00e9rica.","potentialAction":[{"@type":"SearchAction","target":{"@type":"EntryPoint","urlTemplate":"https:\/\/zonacaral.gob.pe\/es\/?s={search_term_string}"},"query-input":{"@type":"PropertyValueSpecification","valueRequired":true,"valueName":"search_term_string"}}],"inLanguage":"en-US"},{"@type":"Person","@id":"https:\/\/zonacaral.gob.pe\/es\/#\/schema\/person\/beddb4d22f71a7230c5b90913270a0ee","name":"Zona Caral Administrador","image":{"@type":"ImageObject","inLanguage":"en-US","@id":"https:\/\/secure.gravatar.com\/avatar\/e4be162918a696358376de6446614e0f0f4062bdc5d170d6d540ada3d8b58c12?s=96&d=mm&r=g","url":"https:\/\/secure.gravatar.com\/avatar\/e4be162918a696358376de6446614e0f0f4062bdc5d170d6d540ada3d8b58c12?s=96&d=mm&r=g","contentUrl":"https:\/\/secure.gravatar.com\/avatar\/e4be162918a696358376de6446614e0f0f4062bdc5d170d6d540ada3d8b58c12?s=96&d=mm&r=g","caption":"Zona Caral Administrador"},"sameAs":["https:\/\/zonacaral.gob.pe"],"url":"https:\/\/zonacaral.gob.pe\/en\/noticias\/author\/ad_zonacaral\/"}]}},"_links":{"self":[{"href":"https:\/\/zonacaral.gob.pe\/en\/wp-json\/wp\/v2\/posts\/9026","targetHints":{"allow":["GET"]}}],"collection":[{"href":"https:\/\/zonacaral.gob.pe\/en\/wp-json\/wp\/v2\/posts"}],"about":[{"href":"https:\/\/zonacaral.gob.pe\/en\/wp-json\/wp\/v2\/types\/post"}],"author":[{"embeddable":true,"href":"https:\/\/zonacaral.gob.pe\/en\/wp-json\/wp\/v2\/users\/1"}],"replies":[{"embeddable":true,"href":"https:\/\/zonacaral.gob.pe\/en\/wp-json\/wp\/v2\/comments?post=9026"}],"version-history":[{"count":0,"href":"https:\/\/zonacaral.gob.pe\/en\/wp-json\/wp\/v2\/posts\/9026\/revisions"}],"wp:featuredmedia":[{"embeddable":true,"href":"https:\/\/zonacaral.gob.pe\/en\/wp-json\/wp\/v2\/media\/9028"}],"wp:attachment":[{"href":"https:\/\/zonacaral.gob.pe\/en\/wp-json\/wp\/v2\/media?parent=9026"}],"wp:term":[{"taxonomy":"category","embeddable":true,"href":"https:\/\/zonacaral.gob.pe\/en\/wp-json\/wp\/v2\/categories?post=9026"},{"taxonomy":"post_tag","embeddable":true,"href":"https:\/\/zonacaral.gob.pe\/en\/wp-json\/wp\/v2\/tags?post=9026"}],"curies":[{"name":"wp","href":"https:\/\/api.w.org\/{rel}","templated":true}]}}