{"id":9034,"date":"2015-01-27T12:22:32","date_gmt":"2015-01-27T17:22:32","guid":{"rendered":"http:\/\/www.zonacaral.gob.pe\/?p=9034"},"modified":"2015-01-27T12:22:32","modified_gmt":"2015-01-27T17:22:32","slug":"primera-ciudad-sostenible-de-america-nacio-hace-5-000-anos","status":"publish","type":"post","link":"https:\/\/zonacaral.gob.pe\/en\/noticias\/primera-ciudad-sostenible-de-america-nacio-hace-5-000-anos\/","title":{"rendered":"Primera ciudad sostenible de Am\u00e9rica naci\u00f3 hace 5.000 a\u00f1os"},"content":{"rendered":"<p style=\"color: #555555; text-align: justify;\">Al norte de Lima, en Per\u00fa, una ciudad supo, hace 5.000 a\u00f1os, c\u00f3mo reutilizar materiales, aprovechar la energ\u00eda del viento y el sol, y emplear conscientemente el agua para no desperdiciarla.En estos lugares los caralinos aplicaron un elevado conocimiento en ciencia y tecnolog\u00eda as\u00ed como en el manejo de la econom\u00eda y en la organizaci\u00f3n social que promovi\u00f3 su desarrollo.<\/p>\n<p style=\"color: #555555; text-align: justify;\">Los carales miraron su entorno, lo entendieron y decidieron construir sus edificios en el sitio donde menos impacto tendr\u00edan sobre el ambiente. As\u00ed, la ciudad sagrada de Caral resolvi\u00f3 el c\u00f3mo ser sostenible cinco millares de a\u00f1os atr\u00e1s. La revelaci\u00f3n la hizo la arque\u00f3loga Ruth Shady y su equipo en el informe <em>La ciudad sagrada de la civilizaci\u00f3n Caral. Modelo sostenible: gesti\u00f3n ambiental y riesgo de desastres.<\/em><\/p>\n<p style=\"color: #555555; text-align: justify;\">\u201cHubo un conocimiento del espacio previo al asentamiento para hacer uso de los recursos del valle sin depredarlos\u201d, explic\u00f3 el arque\u00f3logo Marco Antonio Bezares a <em>La Naci\u00f3n .\u00a0<\/em>\u201cNunca se asentaron dentro del valle. Aprovecharon las explanadas para disponer los edificios, siempre con un respeto hacia el valle y el monte ribere\u00f1o\u201d, agreg\u00f3 Bezares.<\/p>\n<p style=\"color: #555555; text-align: justify;\">Aunque Caral como sitio arqueol\u00f3gico se conoce desde 1940, Shady y su equipo lo empezaron a excavar en 1994.<\/p>\n<h3 style=\"color: #555555; text-align: justify;\">Pensar el territorio<\/h3>\n<address class=\"mceTemp\">\n<dl id=\"attachment_9040\" class=\"wp-caption alignnone\" style=\"width: 701px;\">\n<dt class=\"wp-caption-dt\"><img fetchpriority=\"high\" decoding=\"async\" class=\"wp-image-9040\" src=\"http:\/\/www.zonacaral.gob.pe\/wp-content\/uploads\/2015\/01\/nacion-25-01-2015-02.jpg\" alt=\"nacion-25-01-2015-02\" width=\"691\" height=\"386\" srcset=\"https:\/\/zonacaral.gob.pe\/wp-content\/uploads\/2015\/01\/nacion-25-01-2015-02.jpg 900w, https:\/\/zonacaral.gob.pe\/wp-content\/uploads\/2015\/01\/nacion-25-01-2015-02-300x168.jpg 300w, https:\/\/zonacaral.gob.pe\/wp-content\/uploads\/2015\/01\/nacion-25-01-2015-02-768x429.jpg 768w\" sizes=\"(max-width: 691px) 100vw, 691px\" \/><\/dt>\n<dd class=\"wp-caption-dd\"><em>Los carales gestionaron la cuenca del r\u00edo Supe como una unidad para as\u00ed garantizar el suministro del recurso h\u00eddrico.<\/em><\/dd>\n<\/dl>\n<\/address>\n<p>Los carales integraron la civilizaci\u00f3n m\u00e1s antigua de Am\u00e9rica, contempor\u00e1nea a Egipto y China. Se asentaron en el \u00e1rea norcentral, en el valle del r\u00edo Supe, entre 3000 y 1800 a\u00f1os a. C.<\/p>\n<p>Construyeron 25 asentamientos donde se albergaron unas 3.000 personas. Los carales levantaron su ciudad sagrada en un sitio alto rodeado por cerros, el cual pose\u00eda un acu\u00edfero, buena irradiaci\u00f3n solar durante el a\u00f1o, poca precipitaci\u00f3n y vientos moderados. Al ubicarse por encima del cauce del r\u00edo Supe, previnieron inundaciones y al conservar el bosque ribere\u00f1o, este funcionaba como un muro de contenci\u00f3n ante las crecidas del r\u00edo.<\/p>\n<p style=\"color: #555555; text-align: justify;\">En cuanto al recurso h\u00eddrico, los carales gestionaron la cuenca del r\u00edo Supe como una unidad. El torrente se utilizaba para irrigar los cultivos, mientras que los manantiales eran destinados, exclusivamente, para consumo humano. Durante la \u00e9poca en la que se secaba el r\u00edo, estas fuentes eran utilizadas para riego. Adem\u00e1s, en el mencionado punto entre cerros converg\u00edan los caminos que facilitaron el intercambio comercial y cultural entre los asentamientos de la regi\u00f3n norcentral.<\/p>\n<p style=\"color: #555555; text-align: justify;\">\u201cLos caminos eran transversales, apenas ten\u00edan dos kil\u00f3metros, y su visi\u00f3n era conectar los valles\u201d, dijo Bezares. Eso les permiti\u00f3 diversificarse y as\u00ed no agotar el recurso. Como fuentes energ\u00e9ticas aprovecharon el viento y el sol. El primero era potenciado por conductos subterr\u00e1neos dentro de recintos donde hab\u00eda fogones, lo cual serv\u00eda para aumentar la temperatura.<\/p>\n<p style=\"color: #555555; text-align: justify;\">\u201cMediante la energ\u00eda del viento y el fuego lograron combustiones y el r\u00e1pido calentamiento de piedras para cocer alimentos con una baja emisi\u00f3n de di\u00f3xido de carbono\u201d, se lee en el informe. El sol serv\u00eda para secar el pescado, el cual salaban previamente y con ello, alargaban su tiempo apto para el consumo.<\/p>\n<h3 style=\"color: #555555; text-align: justify;\">Ciudad verde<\/h3>\n<p style=\"color: #555555; text-align: justify;\">La ciudad sagrada de Caral consta de 32 conjuntos arquitect\u00f3nicos. De estos sobresalen siete: tres plazas circulares hundidas, una plaza central y dos plazuelas. Utilizaron materiales de la zona con fines constructivos. Las shicras eran bolsas de fibras vegetales rellenas de piedras que se empleaban en las bases de los edificios, mientras que la t\u00e9cnica de la quincha \u2013una armaz\u00f3n entretejida de troncos, ca\u00f1as y fibras que se recubr\u00eda con arcilla\u2013 se usaba en las paredes.<\/p>\n<p style=\"color: #555555; text-align: justify;\">Los pobladores estudiaron las irregularidades del terreno y sus ondulaciones o declives. All\u00ed hicieron nivelaciones a partir del dep\u00f3sito de materiales de residuos, que secaban previamente.<\/p>\n<p style=\"color: #555555; text-align: justify;\">Por ser estructuras de materiales flexibles, las shicras y la quincha ayudaban a dispersar las ondas s\u00edsmicas, previniendo as\u00ed los derrumbes.<\/p>\n<address class=\"mceTemp\">\n<dl id=\"attachment_9045\" class=\"wp-caption alignnone\" style=\"width: 701px;\">\n<dt class=\"wp-caption-dt\"><img decoding=\"async\" class=\"wp-image-9045\" src=\"http:\/\/www.zonacaral.gob.pe\/wp-content\/uploads\/2015\/01\/nacion-25-01-2015-03.jpg\" alt=\"nacion-25-01-2015-03\" width=\"691\" height=\"610\" srcset=\"https:\/\/zonacaral.gob.pe\/wp-content\/uploads\/2015\/01\/nacion-25-01-2015-03.jpg 900w, https:\/\/zonacaral.gob.pe\/wp-content\/uploads\/2015\/01\/nacion-25-01-2015-03-300x265.jpg 300w, https:\/\/zonacaral.gob.pe\/wp-content\/uploads\/2015\/01\/nacion-25-01-2015-03-768x678.jpg 768w\" sizes=\"(max-width: 691px) 100vw, 691px\" \/><\/dt>\n<dd class=\"wp-caption-dd\"><em>La t\u00e9cnica arquitect\u00f3nica de los carales inclu\u00eda reutilizar residuos ya secos \u2013como las conchas de los mariscos y los huesos de pescado\u2013 a manera de rellenos para las plataformas de las construcciones. As\u00ed, se levantaron los 32 edificios. La huanca, roca colocada en medio de la plaza principal, era utilizada como un reloj solar.<\/em><\/dd>\n<\/dl>\n<\/address>\n<p>Entender las condiciones ambientales era esencial para su seguridad alimentaria, por eso construyeron un laboratorio donde llevaban registro de lo que observaban.<\/p>\n<p style=\"color: #555555; text-align: justify;\">\u201cPrestaron atenci\u00f3n a otros indicadores de cambios en el clima, en la presencia o ausencia de algunas especies de animales, cambios que ocurren en el mar con los fen\u00f3menos de El Ni\u00f1o o La Ni\u00f1a, pero tambi\u00e9n en la tierra con el desplazamiento an\u00f3malo de aves, sapos, grillos e insectos que, actualmente, los interpretan en el valle como anunciadores de cambios ambientales\u201d, se destaca en el estudio.<\/p>\n<h3 style=\"color: #555555; text-align: justify;\">Legado<\/h3>\n<p style=\"color: #555555; text-align: justify;\">Para Bezares, los carales dejaron una lecci\u00f3n a\u00fan vigente: la importancia de conocer el paisaje y mantener las \u00e1reas verdes.<\/p>\n<p style=\"color: #555555; text-align: justify;\">\u201cLa importancia de Caral no solo va a trascender en el momento en que es ocupada, sino que los conocimientos generados y los rasgos culturales van a trascender a civilizaciones posteriores\u201d, coment\u00f3 Bezares.<\/p>\n<p style=\"color: #555555; text-align: justify;\"><img decoding=\"async\" class=\"alignnone wp-image-9050\" src=\"http:\/\/www.zonacaral.gob.pe\/wp-content\/uploads\/2015\/01\/nacion-25-01-2015-05.jpg\" alt=\"nacion-25-01-2015-05\" width=\"691\" height=\"1084\" srcset=\"https:\/\/zonacaral.gob.pe\/wp-content\/uploads\/2015\/01\/nacion-25-01-2015-05.jpg 880w, https:\/\/zonacaral.gob.pe\/wp-content\/uploads\/2015\/01\/nacion-25-01-2015-05-191x300.jpg 191w, https:\/\/zonacaral.gob.pe\/wp-content\/uploads\/2015\/01\/nacion-25-01-2015-05-653x1024.jpg 653w, https:\/\/zonacaral.gob.pe\/wp-content\/uploads\/2015\/01\/nacion-25-01-2015-05-768x1204.jpg 768w\" sizes=\"(max-width: 691px) 100vw, 691px\" \/><\/p>\n<p style=\"color: #555555; text-align: justify;\">Fuente:\u00a0<span style=\"color: #800000;\">(<a href=\"http:\/\/www.nacion.com\/vivir\/ambiente\/Primera-ciudad-sostenible-America-nacio_0_1465653465.html\" target=\"_blank\"><span style=\"color: #800000;\">Diario\u00a0La Naci\u00f3n &#8211; Costa Rica<\/span><\/a>)<\/span><\/p>\n<p style=\"color: #000000;\">Fecha de publicaci\u00f3n: 25\/01\/2015<\/p>","protected":false},"excerpt":{"rendered":"<p>Al norte de Lima, en Per\u00fa, una ciudad supo, hace 5.000 a\u00f1os, c\u00f3mo reutilizar materiales, aprovechar la energ\u00eda del viento [&hellip;]<\/p>\n","protected":false},"author":1,"featured_media":9035,"comment_status":"closed","ping_status":"open","sticky":false,"template":"","format":"standard","meta":{"_acf_changed":false,"site-sidebar-layout":"default","site-content-layout":"","ast-site-content-layout":"default","site-content-style":"default","site-sidebar-style":"default","ast-global-header-display":"","ast-banner-title-visibility":"","ast-main-header-display":"","ast-hfb-above-header-display":"","ast-hfb-below-header-display":"","ast-hfb-mobile-header-display":"","site-post-title":"","ast-breadcrumbs-content":"","ast-featured-img":"","footer-sml-layout":"","ast-disable-related-posts":"","theme-transparent-header-meta":"","adv-header-id-meta":"","stick-header-meta":"","header-above-stick-meta":"","header-main-stick-meta":"","header-below-stick-meta":"","astra-migrate-meta-layouts":"default","ast-page-background-enabled":"default","ast-page-background-meta":{"desktop":{"background-color":"var(--ast-global-color-5)","background-image":"","background-repeat":"repeat","background-position":"center center","background-size":"auto","background-attachment":"scroll","background-type":"","background-media":"","overlay-type":"","overlay-color":"","overlay-opacity":"","overlay-gradient":""},"tablet":{"background-color":"","background-image":"","background-repeat":"repeat","background-position":"center center","background-size":"auto","background-attachment":"scroll","background-type":"","background-media":"","overlay-type":"","overlay-color":"","overlay-opacity":"","overlay-gradient":""},"mobile":{"background-color":"","background-image":"","background-repeat":"repeat","background-position":"center center","background-size":"auto","background-attachment":"scroll","background-type":"","background-media":"","overlay-type":"","overlay-color":"","overlay-opacity":"","overlay-gradient":""}},"ast-content-background-meta":{"desktop":{"background-color":"var(--ast-global-color-4)","background-image":"","background-repeat":"repeat","background-position":"center center","background-size":"auto","background-attachment":"scroll","background-type":"","background-media":"","overlay-type":"","overlay-color":"","overlay-opacity":"","overlay-gradient":""},"tablet":{"background-color":"var(--ast-global-color-4)","background-image":"","background-repeat":"repeat","background-position":"center center","background-size":"auto","background-attachment":"scroll","background-type":"","background-media":"","overlay-type":"","overlay-color":"","overlay-opacity":"","overlay-gradient":""},"mobile":{"background-color":"var(--ast-global-color-4)","background-image":"","background-repeat":"repeat","background-position":"center center","background-size":"auto","background-attachment":"scroll","background-type":"","background-media":"","overlay-type":"","overlay-color":"","overlay-opacity":"","overlay-gradient":""}},"footnotes":""},"categories":[208],"tags":[55,62],"class_list":["post-9034","post","type-post","status-publish","format-standard","has-post-thumbnail","hentry","category-noticias","tag-caral","tag-cop20"],"acf":[],"yoast_head":"<!-- This site is optimized with the Yoast SEO plugin v27.3 - https:\/\/yoast.com\/product\/yoast-seo-wordpress\/ -->\n<title>Primera ciudad sostenible de Am\u00e9rica naci\u00f3 hace 5.000 a\u00f1os - Zona Caral<\/title>\n<meta name=\"robots\" content=\"index, follow, max-snippet:-1, max-image-preview:large, max-video-preview:-1\" \/>\n<link rel=\"canonical\" href=\"https:\/\/zonacaral.gob.pe\/en\/noticias\/primera-ciudad-sostenible-de-america-nacio-hace-5-000-anos\/\" \/>\n<meta property=\"og:locale\" content=\"en_US\" \/>\n<meta property=\"og:type\" content=\"article\" \/>\n<meta property=\"og:title\" content=\"Primera ciudad sostenible de Am\u00e9rica naci\u00f3 hace 5.000 a\u00f1os - Zona Caral\" \/>\n<meta property=\"og:description\" content=\"Al norte de Lima, en Per\u00fa, una ciudad supo, hace 5.000 a\u00f1os, c\u00f3mo reutilizar materiales, aprovechar la energ\u00eda del viento [&hellip;]\" \/>\n<meta property=\"og:url\" content=\"https:\/\/zonacaral.gob.pe\/en\/noticias\/primera-ciudad-sostenible-de-america-nacio-hace-5-000-anos\/\" \/>\n<meta property=\"og:site_name\" content=\"Zona Caral\" \/>\n<meta property=\"article:published_time\" content=\"2015-01-27T17:22:32+00:00\" \/>\n<meta property=\"og:image\" content=\"https:\/\/zonacaral.gob.pe\/wp-content\/uploads\/2015\/01\/nacion-25-01-2015-04.jpg\" \/>\n\t<meta property=\"og:image:width\" content=\"2200\" \/>\n\t<meta property=\"og:image:height\" content=\"1465\" \/>\n\t<meta property=\"og:image:type\" content=\"image\/jpeg\" \/>\n<meta name=\"author\" content=\"Zona Caral Administrador\" \/>\n<meta name=\"twitter:card\" content=\"summary_large_image\" \/>\n<meta name=\"twitter:label1\" content=\"Written by\" \/>\n\t<meta name=\"twitter:data1\" content=\"Zona Caral Administrador\" \/>\n\t<meta name=\"twitter:label2\" content=\"Est. reading time\" \/>\n\t<meta name=\"twitter:data2\" content=\"5 minutes\" \/>\n<script type=\"application\/ld+json\" class=\"yoast-schema-graph\">{\"@context\":\"https:\\\/\\\/schema.org\",\"@graph\":[{\"@type\":\"Article\",\"@id\":\"https:\\\/\\\/zonacaral.gob.pe\\\/es\\\/noticias\\\/primera-ciudad-sostenible-de-america-nacio-hace-5-000-anos\\\/#article\",\"isPartOf\":{\"@id\":\"https:\\\/\\\/zonacaral.gob.pe\\\/es\\\/noticias\\\/primera-ciudad-sostenible-de-america-nacio-hace-5-000-anos\\\/\"},\"author\":{\"name\":\"Zona Caral Administrador\",\"@id\":\"https:\\\/\\\/zonacaral.gob.pe\\\/es\\\/#\\\/schema\\\/person\\\/beddb4d22f71a7230c5b90913270a0ee\"},\"headline\":\"Primera ciudad sostenible de Am\u00e9rica naci\u00f3 hace 5.000 a\u00f1os\",\"datePublished\":\"2015-01-27T17:22:32+00:00\",\"mainEntityOfPage\":{\"@id\":\"https:\\\/\\\/zonacaral.gob.pe\\\/es\\\/noticias\\\/primera-ciudad-sostenible-de-america-nacio-hace-5-000-anos\\\/\"},\"wordCount\":911,\"image\":{\"@id\":\"https:\\\/\\\/zonacaral.gob.pe\\\/es\\\/noticias\\\/primera-ciudad-sostenible-de-america-nacio-hace-5-000-anos\\\/#primaryimage\"},\"thumbnailUrl\":\"https:\\\/\\\/zonacaral.gob.pe\\\/wp-content\\\/uploads\\\/2015\\\/01\\\/nacion-25-01-2015-04.jpg\",\"keywords\":[\"caral\",\"COP20\"],\"articleSection\":[\"noticias\"],\"inLanguage\":\"en-US\"},{\"@type\":\"WebPage\",\"@id\":\"https:\\\/\\\/zonacaral.gob.pe\\\/es\\\/noticias\\\/primera-ciudad-sostenible-de-america-nacio-hace-5-000-anos\\\/\",\"url\":\"https:\\\/\\\/zonacaral.gob.pe\\\/es\\\/noticias\\\/primera-ciudad-sostenible-de-america-nacio-hace-5-000-anos\\\/\",\"name\":\"Primera ciudad sostenible de Am\u00e9rica naci\u00f3 hace 5.000 a\u00f1os - Zona Caral\",\"isPartOf\":{\"@id\":\"https:\\\/\\\/zonacaral.gob.pe\\\/es\\\/#website\"},\"primaryImageOfPage\":{\"@id\":\"https:\\\/\\\/zonacaral.gob.pe\\\/es\\\/noticias\\\/primera-ciudad-sostenible-de-america-nacio-hace-5-000-anos\\\/#primaryimage\"},\"image\":{\"@id\":\"https:\\\/\\\/zonacaral.gob.pe\\\/es\\\/noticias\\\/primera-ciudad-sostenible-de-america-nacio-hace-5-000-anos\\\/#primaryimage\"},\"thumbnailUrl\":\"https:\\\/\\\/zonacaral.gob.pe\\\/wp-content\\\/uploads\\\/2015\\\/01\\\/nacion-25-01-2015-04.jpg\",\"datePublished\":\"2015-01-27T17:22:32+00:00\",\"author\":{\"@id\":\"https:\\\/\\\/zonacaral.gob.pe\\\/es\\\/#\\\/schema\\\/person\\\/beddb4d22f71a7230c5b90913270a0ee\"},\"breadcrumb\":{\"@id\":\"https:\\\/\\\/zonacaral.gob.pe\\\/es\\\/noticias\\\/primera-ciudad-sostenible-de-america-nacio-hace-5-000-anos\\\/#breadcrumb\"},\"inLanguage\":\"en-US\",\"potentialAction\":[{\"@type\":\"ReadAction\",\"target\":[\"https:\\\/\\\/zonacaral.gob.pe\\\/es\\\/noticias\\\/primera-ciudad-sostenible-de-america-nacio-hace-5-000-anos\\\/\"]}]},{\"@type\":\"ImageObject\",\"inLanguage\":\"en-US\",\"@id\":\"https:\\\/\\\/zonacaral.gob.pe\\\/es\\\/noticias\\\/primera-ciudad-sostenible-de-america-nacio-hace-5-000-anos\\\/#primaryimage\",\"url\":\"https:\\\/\\\/zonacaral.gob.pe\\\/wp-content\\\/uploads\\\/2015\\\/01\\\/nacion-25-01-2015-04.jpg\",\"contentUrl\":\"https:\\\/\\\/zonacaral.gob.pe\\\/wp-content\\\/uploads\\\/2015\\\/01\\\/nacion-25-01-2015-04.jpg\",\"width\":2200,\"height\":1465},{\"@type\":\"BreadcrumbList\",\"@id\":\"https:\\\/\\\/zonacaral.gob.pe\\\/es\\\/noticias\\\/primera-ciudad-sostenible-de-america-nacio-hace-5-000-anos\\\/#breadcrumb\",\"itemListElement\":[{\"@type\":\"ListItem\",\"position\":1,\"name\":\"Portada\",\"item\":\"https:\\\/\\\/zonacaral.gob.pe\\\/\"},{\"@type\":\"ListItem\",\"position\":2,\"name\":\"Primera ciudad sostenible de Am\u00e9rica naci\u00f3 hace 5.000 a\u00f1os\"}]},{\"@type\":\"WebSite\",\"@id\":\"https:\\\/\\\/zonacaral.gob.pe\\\/es\\\/#website\",\"url\":\"https:\\\/\\\/zonacaral.gob.pe\\\/es\\\/\",\"name\":\"Zona Caral\",\"description\":\"Investigamos, conservamos y difundimos el patrimonio cultural de la Civilizaci\u00f3n Caral, la m\u00e1s antigua de Am\u00e9rica.\",\"potentialAction\":[{\"@type\":\"SearchAction\",\"target\":{\"@type\":\"EntryPoint\",\"urlTemplate\":\"https:\\\/\\\/zonacaral.gob.pe\\\/es\\\/?s={search_term_string}\"},\"query-input\":{\"@type\":\"PropertyValueSpecification\",\"valueRequired\":true,\"valueName\":\"search_term_string\"}}],\"inLanguage\":\"en-US\"},{\"@type\":\"Person\",\"@id\":\"https:\\\/\\\/zonacaral.gob.pe\\\/es\\\/#\\\/schema\\\/person\\\/beddb4d22f71a7230c5b90913270a0ee\",\"name\":\"Zona Caral Administrador\",\"image\":{\"@type\":\"ImageObject\",\"inLanguage\":\"en-US\",\"@id\":\"https:\\\/\\\/secure.gravatar.com\\\/avatar\\\/e4be162918a696358376de6446614e0f0f4062bdc5d170d6d540ada3d8b58c12?s=96&d=mm&r=g\",\"url\":\"https:\\\/\\\/secure.gravatar.com\\\/avatar\\\/e4be162918a696358376de6446614e0f0f4062bdc5d170d6d540ada3d8b58c12?s=96&d=mm&r=g\",\"contentUrl\":\"https:\\\/\\\/secure.gravatar.com\\\/avatar\\\/e4be162918a696358376de6446614e0f0f4062bdc5d170d6d540ada3d8b58c12?s=96&d=mm&r=g\",\"caption\":\"Zona Caral Administrador\"},\"sameAs\":[\"https:\\\/\\\/zonacaral.gob.pe\"],\"url\":\"https:\\\/\\\/zonacaral.gob.pe\\\/en\\\/noticias\\\/author\\\/ad_zonacaral\\\/\"}]}<\/script>\n<!-- \/ Yoast SEO plugin. -->","yoast_head_json":{"title":"Primera ciudad sostenible de Am\u00e9rica naci\u00f3 hace 5.000 a\u00f1os - Zona Caral","robots":{"index":"index","follow":"follow","max-snippet":"max-snippet:-1","max-image-preview":"max-image-preview:large","max-video-preview":"max-video-preview:-1"},"canonical":"https:\/\/zonacaral.gob.pe\/en\/noticias\/primera-ciudad-sostenible-de-america-nacio-hace-5-000-anos\/","og_locale":"en_US","og_type":"article","og_title":"Primera ciudad sostenible de Am\u00e9rica naci\u00f3 hace 5.000 a\u00f1os - Zona Caral","og_description":"Al norte de Lima, en Per\u00fa, una ciudad supo, hace 5.000 a\u00f1os, c\u00f3mo reutilizar materiales, aprovechar la energ\u00eda del viento [&hellip;]","og_url":"https:\/\/zonacaral.gob.pe\/en\/noticias\/primera-ciudad-sostenible-de-america-nacio-hace-5-000-anos\/","og_site_name":"Zona Caral","article_published_time":"2015-01-27T17:22:32+00:00","og_image":[{"width":2200,"height":1465,"url":"https:\/\/zonacaral.gob.pe\/wp-content\/uploads\/2015\/01\/nacion-25-01-2015-04.jpg","type":"image\/jpeg"}],"author":"Zona Caral Administrador","twitter_card":"summary_large_image","twitter_misc":{"Written by":"Zona Caral Administrador","Est. reading time":"5 minutes"},"schema":{"@context":"https:\/\/schema.org","@graph":[{"@type":"Article","@id":"https:\/\/zonacaral.gob.pe\/es\/noticias\/primera-ciudad-sostenible-de-america-nacio-hace-5-000-anos\/#article","isPartOf":{"@id":"https:\/\/zonacaral.gob.pe\/es\/noticias\/primera-ciudad-sostenible-de-america-nacio-hace-5-000-anos\/"},"author":{"name":"Zona Caral Administrador","@id":"https:\/\/zonacaral.gob.pe\/es\/#\/schema\/person\/beddb4d22f71a7230c5b90913270a0ee"},"headline":"Primera ciudad sostenible de Am\u00e9rica naci\u00f3 hace 5.000 a\u00f1os","datePublished":"2015-01-27T17:22:32+00:00","mainEntityOfPage":{"@id":"https:\/\/zonacaral.gob.pe\/es\/noticias\/primera-ciudad-sostenible-de-america-nacio-hace-5-000-anos\/"},"wordCount":911,"image":{"@id":"https:\/\/zonacaral.gob.pe\/es\/noticias\/primera-ciudad-sostenible-de-america-nacio-hace-5-000-anos\/#primaryimage"},"thumbnailUrl":"https:\/\/zonacaral.gob.pe\/wp-content\/uploads\/2015\/01\/nacion-25-01-2015-04.jpg","keywords":["caral","COP20"],"articleSection":["noticias"],"inLanguage":"en-US"},{"@type":"WebPage","@id":"https:\/\/zonacaral.gob.pe\/es\/noticias\/primera-ciudad-sostenible-de-america-nacio-hace-5-000-anos\/","url":"https:\/\/zonacaral.gob.pe\/es\/noticias\/primera-ciudad-sostenible-de-america-nacio-hace-5-000-anos\/","name":"Primera ciudad sostenible de Am\u00e9rica naci\u00f3 hace 5.000 a\u00f1os - Zona Caral","isPartOf":{"@id":"https:\/\/zonacaral.gob.pe\/es\/#website"},"primaryImageOfPage":{"@id":"https:\/\/zonacaral.gob.pe\/es\/noticias\/primera-ciudad-sostenible-de-america-nacio-hace-5-000-anos\/#primaryimage"},"image":{"@id":"https:\/\/zonacaral.gob.pe\/es\/noticias\/primera-ciudad-sostenible-de-america-nacio-hace-5-000-anos\/#primaryimage"},"thumbnailUrl":"https:\/\/zonacaral.gob.pe\/wp-content\/uploads\/2015\/01\/nacion-25-01-2015-04.jpg","datePublished":"2015-01-27T17:22:32+00:00","author":{"@id":"https:\/\/zonacaral.gob.pe\/es\/#\/schema\/person\/beddb4d22f71a7230c5b90913270a0ee"},"breadcrumb":{"@id":"https:\/\/zonacaral.gob.pe\/es\/noticias\/primera-ciudad-sostenible-de-america-nacio-hace-5-000-anos\/#breadcrumb"},"inLanguage":"en-US","potentialAction":[{"@type":"ReadAction","target":["https:\/\/zonacaral.gob.pe\/es\/noticias\/primera-ciudad-sostenible-de-america-nacio-hace-5-000-anos\/"]}]},{"@type":"ImageObject","inLanguage":"en-US","@id":"https:\/\/zonacaral.gob.pe\/es\/noticias\/primera-ciudad-sostenible-de-america-nacio-hace-5-000-anos\/#primaryimage","url":"https:\/\/zonacaral.gob.pe\/wp-content\/uploads\/2015\/01\/nacion-25-01-2015-04.jpg","contentUrl":"https:\/\/zonacaral.gob.pe\/wp-content\/uploads\/2015\/01\/nacion-25-01-2015-04.jpg","width":2200,"height":1465},{"@type":"BreadcrumbList","@id":"https:\/\/zonacaral.gob.pe\/es\/noticias\/primera-ciudad-sostenible-de-america-nacio-hace-5-000-anos\/#breadcrumb","itemListElement":[{"@type":"ListItem","position":1,"name":"Portada","item":"https:\/\/zonacaral.gob.pe\/"},{"@type":"ListItem","position":2,"name":"Primera ciudad sostenible de Am\u00e9rica naci\u00f3 hace 5.000 a\u00f1os"}]},{"@type":"WebSite","@id":"https:\/\/zonacaral.gob.pe\/es\/#website","url":"https:\/\/zonacaral.gob.pe\/es\/","name":"Zona Caral","description":"Investigamos, conservamos y difundimos el patrimonio cultural de la Civilizaci\u00f3n Caral, la m\u00e1s antigua de Am\u00e9rica.","potentialAction":[{"@type":"SearchAction","target":{"@type":"EntryPoint","urlTemplate":"https:\/\/zonacaral.gob.pe\/es\/?s={search_term_string}"},"query-input":{"@type":"PropertyValueSpecification","valueRequired":true,"valueName":"search_term_string"}}],"inLanguage":"en-US"},{"@type":"Person","@id":"https:\/\/zonacaral.gob.pe\/es\/#\/schema\/person\/beddb4d22f71a7230c5b90913270a0ee","name":"Zona Caral Administrador","image":{"@type":"ImageObject","inLanguage":"en-US","@id":"https:\/\/secure.gravatar.com\/avatar\/e4be162918a696358376de6446614e0f0f4062bdc5d170d6d540ada3d8b58c12?s=96&d=mm&r=g","url":"https:\/\/secure.gravatar.com\/avatar\/e4be162918a696358376de6446614e0f0f4062bdc5d170d6d540ada3d8b58c12?s=96&d=mm&r=g","contentUrl":"https:\/\/secure.gravatar.com\/avatar\/e4be162918a696358376de6446614e0f0f4062bdc5d170d6d540ada3d8b58c12?s=96&d=mm&r=g","caption":"Zona Caral Administrador"},"sameAs":["https:\/\/zonacaral.gob.pe"],"url":"https:\/\/zonacaral.gob.pe\/en\/noticias\/author\/ad_zonacaral\/"}]}},"_links":{"self":[{"href":"https:\/\/zonacaral.gob.pe\/en\/wp-json\/wp\/v2\/posts\/9034","targetHints":{"allow":["GET"]}}],"collection":[{"href":"https:\/\/zonacaral.gob.pe\/en\/wp-json\/wp\/v2\/posts"}],"about":[{"href":"https:\/\/zonacaral.gob.pe\/en\/wp-json\/wp\/v2\/types\/post"}],"author":[{"embeddable":true,"href":"https:\/\/zonacaral.gob.pe\/en\/wp-json\/wp\/v2\/users\/1"}],"replies":[{"embeddable":true,"href":"https:\/\/zonacaral.gob.pe\/en\/wp-json\/wp\/v2\/comments?post=9034"}],"version-history":[{"count":0,"href":"https:\/\/zonacaral.gob.pe\/en\/wp-json\/wp\/v2\/posts\/9034\/revisions"}],"wp:featuredmedia":[{"embeddable":true,"href":"https:\/\/zonacaral.gob.pe\/en\/wp-json\/wp\/v2\/media\/9035"}],"wp:attachment":[{"href":"https:\/\/zonacaral.gob.pe\/en\/wp-json\/wp\/v2\/media?parent=9034"}],"wp:term":[{"taxonomy":"category","embeddable":true,"href":"https:\/\/zonacaral.gob.pe\/en\/wp-json\/wp\/v2\/categories?post=9034"},{"taxonomy":"post_tag","embeddable":true,"href":"https:\/\/zonacaral.gob.pe\/en\/wp-json\/wp\/v2\/tags?post=9034"}],"curies":[{"name":"wp","href":"https:\/\/api.w.org\/{rel}","templated":true}]}}