{"id":9186,"date":"2015-02-09T10:20:21","date_gmt":"2015-02-09T15:20:21","guid":{"rendered":"http:\/\/www.zonacaral.gob.pe\/?p=9186"},"modified":"2015-02-09T10:20:21","modified_gmt":"2015-02-09T15:20:21","slug":"arquitectos-de-todo-el-mundo-firmaran-en-peru-carta-de-caral","status":"publish","type":"post","link":"https:\/\/zonacaral.gob.pe\/en\/noticias\/arquitectos-de-todo-el-mundo-firmaran-en-peru-carta-de-caral\/","title":{"rendered":"Arquitectos de todo el mundo firmar\u00e1n en Per\u00fa \u00abCarta de Caral\u00bb"},"content":{"rendered":"<blockquote>\n<p style=\"color: #555555; text-align: justify;\">Se busca promover el desarrollo sostenible y ordenado de las ciudades<\/p>\n<\/blockquote>\n<p style=\"color: #555555; text-align: justify;\"><span style=\"color: #222222;\">Los m\u00e1s prestigiados\u00a0<\/span><strong style=\"color: #222222;\">Arquitectos<\/strong><span style=\"color: #222222;\">\u00a0del mundo se dar\u00e1n cita en el Per\u00fa en noviembre pr\u00f3ximo para firmar la denominada\u00a0<\/span><strong style=\"color: #222222;\">\u201cCarta de Caral\u201d<\/strong><span style=\"color: #222222;\">, en la que se plasmar\u00e1 el compromiso ambiental de ese gremio profesional, pero a la vez se incidir\u00e1 en la necesidad de que nuestro pa\u00eds cuente con una ley de ordenamiento territorial.<\/span><\/p>\n<p style=\"color: #555555; text-align: justify;\"><span style=\"color: #222222;\">\u201cCaral es la mejor muestra de una ciudad que creci\u00f3 ordenadamente. As\u00ed lo demuestran los vestigios encontrados que dan cuenta de una civilizaci\u00f3n que se desarroll\u00f3 a trav\u00e9s de una relaci\u00f3n entre las alturas de los cerros con las pir\u00e1mides. Eso demuestra que hubo una visi\u00f3n c\u00f3smica de c\u00f3mo organizar ciudades en funci\u00f3n del tiempo y el clima\u201d, anot\u00f3 el decano del Colegio Arquitectos del Per\u00fa Jos\u00e9 Arispe Ch\u00e1vez.<\/span><\/p>\n<p style=\"text-align: justify;\"><strong>Sostuvo que las bases de c\u00f3mo se construy\u00f3 en el Valle de Caral, son un aporte a la humanidad para las construcciones antis\u00edsmicas en ciudades y pa\u00edses altamente vulnerables como el nuestro, por lo que se necesita recuperar esas tecnolog\u00edas para tener m\u00e1s ciudades sostenibles y seguras.<\/strong><\/p>\n<p style=\"text-align: justify;\">Precisamente, una misi\u00f3n t\u00e9cnica del Colegio de Arquitectos visit\u00f3 recientemente la Ciudad Sagrada de Caral, en Supe, donde se desarroll\u00f3 una civilizaci\u00f3n hace 5,000 a\u00f1os, y de la cual quedan una serie de pir\u00e1mides y templos, as\u00ed como un anfiteatro que tiene una ac\u00fastica impresionante y donde se descubrieron una serie de instrumentos musicales, como flautas traversas, cornetas y antaras hechas con huesos de animales.<\/p>\n<p style=\"text-align: justify;\">Por esa raz\u00f3n, <strong>para la firma de la Carta de Caral se proyecta realizar un recital en ese anfiteaatro con 70 m\u00fasicos peruanos.<\/strong><\/p>\n<p style=\"text-align: justify;\"><img fetchpriority=\"high\" decoding=\"async\" class=\"alignleft wp-image-9188\" src=\"http:\/\/www.zonacaral.gob.pe\/wp-content\/uploads\/2015\/02\/andina-carat-caral-06-02-2015-02.jpg\" alt=\"andina-carat-caral-06-02-2015-02\" width=\"400\" height=\"267\" srcset=\"https:\/\/zonacaral.gob.pe\/wp-content\/uploads\/2015\/02\/andina-carat-caral-06-02-2015-02.jpg 1800w, https:\/\/zonacaral.gob.pe\/wp-content\/uploads\/2015\/02\/andina-carat-caral-06-02-2015-02-300x200.jpg 300w, https:\/\/zonacaral.gob.pe\/wp-content\/uploads\/2015\/02\/andina-carat-caral-06-02-2015-02-1024x683.jpg 1024w, https:\/\/zonacaral.gob.pe\/wp-content\/uploads\/2015\/02\/andina-carat-caral-06-02-2015-02-768x512.jpg 768w, https:\/\/zonacaral.gob.pe\/wp-content\/uploads\/2015\/02\/andina-carat-caral-06-02-2015-02-1536x1024.jpg 1536w\" sizes=\"(max-width: 400px) 100vw, 400px\" \/><\/p>\n<p style=\"text-align: justify;\">El equipo t\u00e9cnico estuvo encabezado por Arispe Ch\u00e1vez y tambi\u00e9n participaron el arque\u00f3logo Francisco Vallejo y el t\u00e9cnico de \u00c1reas de Excavaci\u00f3n Dino Agurto.<\/p>\n<p style=\"text-align: justify;\">La firma del mencionado documento se realizar\u00e1 durante una cita de los profesionales de la arquitectura, que <strong>se realizar\u00e1 los d\u00edas 7, 8 y 9 de noviembre en el Valle Sagrado de Caral.<\/strong><\/p>\n<p style=\"text-align: justify;\">\u201cLlegar\u00e1n a Lima dos mil de los mejores arquitectos, de todos los lugares del mundo donde se hayan desarrollado culturas ancestrales para aportar sus ideas y propuestas, repasar sus alternativas y cotejarlas con las nuestras e incorporarlas a nuestra realidad, siendo el objetivo mejorar la calidad de vida de los ciudadanos\u201d, coment\u00f3 Arispe.<\/p>\n<p style=\"text-align: justify;\">Agreg\u00f3 que para ese encuentro ya est\u00e1 comprometida la Uni\u00f3n Internacional de Arquitectos y la Federaci\u00f3n Panamericana de Arquitectos.<\/p>\n<p style=\"text-align: justify;\">\u201cEsta ser\u00e1 la conjunci\u00f3n de todos los aspectos que tienen que ver con el destino de la humanidad y es la mejor oportunidad para mostrar al mundo lo que significa Caral. Este encuentro dar\u00e1 algunas reglas de juego para que el mercado no trabaje a su libre albedr\u00edo y no se piense solo en la rentabilidad econ\u00f3mica, sino tambi\u00e9n en la rentabilidad social lo que va a garantizar ciudades sostenibles y una mejor calidad de vida\u201d, asever\u00f3.<\/p>\n<p style=\"text-align: justify;\">En ese sentido, agreg\u00f3 que \u201ccon propuestas de gobernabilidad y de cooperaci\u00f3n y del cuidado del medio ambiente esperemos se den las normas y leyes que aseguren esta situaci\u00f3n\u201d.<\/p>\n<p style=\"text-align: justify;\">Los trabajos de excavaciones e investigaciones en Caral se iniciaron desde 1994. En la actualidad trabajan en el lugar 15 arquitectos y 19 arque\u00f3logos.<\/p>\n<p style=\"color: #555555; text-align: justify;\">Fuente:\u00a0<span style=\"color: #800000;\">(<a href=\"http:\/\/www.andina.com.pe\/agencia\/noticia-arquitectos-todo-mundo-vendran-al-peru-para-firmar-carta-caral-542500.aspx\"><span style=\"color: #800000;\">Andina<\/span><\/a>)<\/span><\/p>\n<p style=\"color: #000000;\">Fecha de publicaci\u00f3n: 06\/02\/2015<\/p>","protected":false},"excerpt":{"rendered":"<p>Se busca promover el desarrollo sostenible y ordenado de las ciudades Los m\u00e1s prestigiados\u00a0Arquitectos\u00a0del mundo se dar\u00e1n cita en el [&hellip;]<\/p>\n","protected":false},"author":1,"featured_media":9187,"comment_status":"closed","ping_status":"open","sticky":false,"template":"","format":"standard","meta":{"_acf_changed":false,"site-sidebar-layout":"default","site-content-layout":"","ast-site-content-layout":"default","site-content-style":"default","site-sidebar-style":"default","ast-global-header-display":"","ast-banner-title-visibility":"","ast-main-header-display":"","ast-hfb-above-header-display":"","ast-hfb-below-header-display":"","ast-hfb-mobile-header-display":"","site-post-title":"","ast-breadcrumbs-content":"","ast-featured-img":"","footer-sml-layout":"","ast-disable-related-posts":"","theme-transparent-header-meta":"","adv-header-id-meta":"","stick-header-meta":"","header-above-stick-meta":"","header-main-stick-meta":"","header-below-stick-meta":"","astra-migrate-meta-layouts":"default","ast-page-background-enabled":"default","ast-page-background-meta":{"desktop":{"background-color":"var(--ast-global-color-5)","background-image":"","background-repeat":"repeat","background-position":"center center","background-size":"auto","background-attachment":"scroll","background-type":"","background-media":"","overlay-type":"","overlay-color":"","overlay-opacity":"","overlay-gradient":""},"tablet":{"background-color":"","background-image":"","background-repeat":"repeat","background-position":"center center","background-size":"auto","background-attachment":"scroll","background-type":"","background-media":"","overlay-type":"","overlay-color":"","overlay-opacity":"","overlay-gradient":""},"mobile":{"background-color":"","background-image":"","background-repeat":"repeat","background-position":"center center","background-size":"auto","background-attachment":"scroll","background-type":"","background-media":"","overlay-type":"","overlay-color":"","overlay-opacity":"","overlay-gradient":""}},"ast-content-background-meta":{"desktop":{"background-color":"var(--ast-global-color-4)","background-image":"","background-repeat":"repeat","background-position":"center center","background-size":"auto","background-attachment":"scroll","background-type":"","background-media":"","overlay-type":"","overlay-color":"","overlay-opacity":"","overlay-gradient":""},"tablet":{"background-color":"var(--ast-global-color-4)","background-image":"","background-repeat":"repeat","background-position":"center center","background-size":"auto","background-attachment":"scroll","background-type":"","background-media":"","overlay-type":"","overlay-color":"","overlay-opacity":"","overlay-gradient":""},"mobile":{"background-color":"var(--ast-global-color-4)","background-image":"","background-repeat":"repeat","background-position":"center center","background-size":"auto","background-attachment":"scroll","background-type":"","background-media":"","overlay-type":"","overlay-color":"","overlay-opacity":"","overlay-gradient":""}},"footnotes":""},"categories":[208],"tags":[55,62],"class_list":["post-9186","post","type-post","status-publish","format-standard","has-post-thumbnail","hentry","category-noticias","tag-caral","tag-cop20"],"acf":[],"yoast_head":"<!-- This site is optimized with the Yoast SEO plugin v27.3 - https:\/\/yoast.com\/product\/yoast-seo-wordpress\/ -->\n<title>Arquitectos de todo el mundo firmar\u00e1n en Per\u00fa &quot;Carta de Caral&quot; - Zona Caral<\/title>\n<meta name=\"robots\" content=\"index, follow, max-snippet:-1, max-image-preview:large, max-video-preview:-1\" \/>\n<link rel=\"canonical\" href=\"https:\/\/zonacaral.gob.pe\/en\/noticias\/arquitectos-de-todo-el-mundo-firmaran-en-peru-carta-de-caral\/\" \/>\n<meta property=\"og:locale\" content=\"en_US\" \/>\n<meta property=\"og:type\" content=\"article\" \/>\n<meta property=\"og:title\" content=\"Arquitectos de todo el mundo firmar\u00e1n en Per\u00fa &quot;Carta de Caral&quot; - Zona Caral\" \/>\n<meta property=\"og:description\" content=\"Se busca promover el desarrollo sostenible y ordenado de las ciudades Los m\u00e1s prestigiados\u00a0Arquitectos\u00a0del mundo se dar\u00e1n cita en el [&hellip;]\" \/>\n<meta property=\"og:url\" content=\"https:\/\/zonacaral.gob.pe\/en\/noticias\/arquitectos-de-todo-el-mundo-firmaran-en-peru-carta-de-caral\/\" \/>\n<meta property=\"og:site_name\" content=\"Zona Caral\" \/>\n<meta property=\"article:published_time\" content=\"2015-02-09T15:20:21+00:00\" \/>\n<meta property=\"og:image\" content=\"https:\/\/zonacaral.gob.pe\/wp-content\/uploads\/2015\/02\/andina-carat-caral-06-02-2015-01.jpg\" \/>\n\t<meta property=\"og:image:width\" content=\"1800\" \/>\n\t<meta property=\"og:image:height\" content=\"1200\" \/>\n\t<meta property=\"og:image:type\" content=\"image\/jpeg\" \/>\n<meta name=\"author\" content=\"Zona Caral Administrador\" \/>\n<meta name=\"twitter:card\" content=\"summary_large_image\" \/>\n<meta name=\"twitter:label1\" content=\"Written by\" \/>\n\t<meta name=\"twitter:data1\" content=\"Zona Caral Administrador\" \/>\n\t<meta name=\"twitter:label2\" content=\"Est. reading time\" \/>\n\t<meta name=\"twitter:data2\" content=\"3 minutes\" \/>\n<script type=\"application\/ld+json\" class=\"yoast-schema-graph\">{\"@context\":\"https:\\\/\\\/schema.org\",\"@graph\":[{\"@type\":\"Article\",\"@id\":\"https:\\\/\\\/zonacaral.gob.pe\\\/en\\\/noticias\\\/arquitectos-de-todo-el-mundo-firmaran-en-peru-carta-de-caral\\\/#article\",\"isPartOf\":{\"@id\":\"https:\\\/\\\/zonacaral.gob.pe\\\/en\\\/noticias\\\/arquitectos-de-todo-el-mundo-firmaran-en-peru-carta-de-caral\\\/\"},\"author\":{\"name\":\"Zona Caral Administrador\",\"@id\":\"https:\\\/\\\/zonacaral.gob.pe\\\/es\\\/#\\\/schema\\\/person\\\/beddb4d22f71a7230c5b90913270a0ee\"},\"headline\":\"Arquitectos de todo el mundo firmar\u00e1n en Per\u00fa \u00abCarta de Caral\u00bb\",\"datePublished\":\"2015-02-09T15:20:21+00:00\",\"mainEntityOfPage\":{\"@id\":\"https:\\\/\\\/zonacaral.gob.pe\\\/en\\\/noticias\\\/arquitectos-de-todo-el-mundo-firmaran-en-peru-carta-de-caral\\\/\"},\"wordCount\":581,\"image\":{\"@id\":\"https:\\\/\\\/zonacaral.gob.pe\\\/en\\\/noticias\\\/arquitectos-de-todo-el-mundo-firmaran-en-peru-carta-de-caral\\\/#primaryimage\"},\"thumbnailUrl\":\"https:\\\/\\\/zonacaral.gob.pe\\\/wp-content\\\/uploads\\\/2015\\\/02\\\/andina-carat-caral-06-02-2015-01.jpg\",\"keywords\":[\"caral\",\"COP20\"],\"articleSection\":[\"noticias\"],\"inLanguage\":\"en-US\"},{\"@type\":\"WebPage\",\"@id\":\"https:\\\/\\\/zonacaral.gob.pe\\\/en\\\/noticias\\\/arquitectos-de-todo-el-mundo-firmaran-en-peru-carta-de-caral\\\/\",\"url\":\"https:\\\/\\\/zonacaral.gob.pe\\\/en\\\/noticias\\\/arquitectos-de-todo-el-mundo-firmaran-en-peru-carta-de-caral\\\/\",\"name\":\"Arquitectos de todo el mundo firmar\u00e1n en Per\u00fa \\\"Carta de Caral\\\" - Zona Caral\",\"isPartOf\":{\"@id\":\"https:\\\/\\\/zonacaral.gob.pe\\\/es\\\/#website\"},\"primaryImageOfPage\":{\"@id\":\"https:\\\/\\\/zonacaral.gob.pe\\\/en\\\/noticias\\\/arquitectos-de-todo-el-mundo-firmaran-en-peru-carta-de-caral\\\/#primaryimage\"},\"image\":{\"@id\":\"https:\\\/\\\/zonacaral.gob.pe\\\/en\\\/noticias\\\/arquitectos-de-todo-el-mundo-firmaran-en-peru-carta-de-caral\\\/#primaryimage\"},\"thumbnailUrl\":\"https:\\\/\\\/zonacaral.gob.pe\\\/wp-content\\\/uploads\\\/2015\\\/02\\\/andina-carat-caral-06-02-2015-01.jpg\",\"datePublished\":\"2015-02-09T15:20:21+00:00\",\"author\":{\"@id\":\"https:\\\/\\\/zonacaral.gob.pe\\\/es\\\/#\\\/schema\\\/person\\\/beddb4d22f71a7230c5b90913270a0ee\"},\"breadcrumb\":{\"@id\":\"https:\\\/\\\/zonacaral.gob.pe\\\/en\\\/noticias\\\/arquitectos-de-todo-el-mundo-firmaran-en-peru-carta-de-caral\\\/#breadcrumb\"},\"inLanguage\":\"en-US\",\"potentialAction\":[{\"@type\":\"ReadAction\",\"target\":[\"https:\\\/\\\/zonacaral.gob.pe\\\/en\\\/noticias\\\/arquitectos-de-todo-el-mundo-firmaran-en-peru-carta-de-caral\\\/\"]}]},{\"@type\":\"ImageObject\",\"inLanguage\":\"en-US\",\"@id\":\"https:\\\/\\\/zonacaral.gob.pe\\\/en\\\/noticias\\\/arquitectos-de-todo-el-mundo-firmaran-en-peru-carta-de-caral\\\/#primaryimage\",\"url\":\"https:\\\/\\\/zonacaral.gob.pe\\\/wp-content\\\/uploads\\\/2015\\\/02\\\/andina-carat-caral-06-02-2015-01.jpg\",\"contentUrl\":\"https:\\\/\\\/zonacaral.gob.pe\\\/wp-content\\\/uploads\\\/2015\\\/02\\\/andina-carat-caral-06-02-2015-01.jpg\",\"width\":1800,\"height\":1200},{\"@type\":\"BreadcrumbList\",\"@id\":\"https:\\\/\\\/zonacaral.gob.pe\\\/en\\\/noticias\\\/arquitectos-de-todo-el-mundo-firmaran-en-peru-carta-de-caral\\\/#breadcrumb\",\"itemListElement\":[{\"@type\":\"ListItem\",\"position\":1,\"name\":\"Portada\",\"item\":\"https:\\\/\\\/zonacaral.gob.pe\\\/\"},{\"@type\":\"ListItem\",\"position\":2,\"name\":\"Arquitectos de todo el mundo firmar\u00e1n en Per\u00fa \u00abCarta de Caral\u00bb\"}]},{\"@type\":\"WebSite\",\"@id\":\"https:\\\/\\\/zonacaral.gob.pe\\\/es\\\/#website\",\"url\":\"https:\\\/\\\/zonacaral.gob.pe\\\/es\\\/\",\"name\":\"Zona Caral\",\"description\":\"Investigamos, conservamos y difundimos el patrimonio cultural de la Civilizaci\u00f3n Caral, la m\u00e1s antigua de Am\u00e9rica.\",\"potentialAction\":[{\"@type\":\"SearchAction\",\"target\":{\"@type\":\"EntryPoint\",\"urlTemplate\":\"https:\\\/\\\/zonacaral.gob.pe\\\/es\\\/?s={search_term_string}\"},\"query-input\":{\"@type\":\"PropertyValueSpecification\",\"valueRequired\":true,\"valueName\":\"search_term_string\"}}],\"inLanguage\":\"en-US\"},{\"@type\":\"Person\",\"@id\":\"https:\\\/\\\/zonacaral.gob.pe\\\/es\\\/#\\\/schema\\\/person\\\/beddb4d22f71a7230c5b90913270a0ee\",\"name\":\"Zona Caral Administrador\",\"image\":{\"@type\":\"ImageObject\",\"inLanguage\":\"en-US\",\"@id\":\"https:\\\/\\\/secure.gravatar.com\\\/avatar\\\/e4be162918a696358376de6446614e0f0f4062bdc5d170d6d540ada3d8b58c12?s=96&d=mm&r=g\",\"url\":\"https:\\\/\\\/secure.gravatar.com\\\/avatar\\\/e4be162918a696358376de6446614e0f0f4062bdc5d170d6d540ada3d8b58c12?s=96&d=mm&r=g\",\"contentUrl\":\"https:\\\/\\\/secure.gravatar.com\\\/avatar\\\/e4be162918a696358376de6446614e0f0f4062bdc5d170d6d540ada3d8b58c12?s=96&d=mm&r=g\",\"caption\":\"Zona Caral Administrador\"},\"sameAs\":[\"https:\\\/\\\/zonacaral.gob.pe\"],\"url\":\"https:\\\/\\\/zonacaral.gob.pe\\\/en\\\/noticias\\\/author\\\/ad_zonacaral\\\/\"}]}<\/script>\n<!-- \/ Yoast SEO plugin. -->","yoast_head_json":{"title":"Arquitectos de todo el mundo firmar\u00e1n en Per\u00fa \"Carta de Caral\" - Zona Caral","robots":{"index":"index","follow":"follow","max-snippet":"max-snippet:-1","max-image-preview":"max-image-preview:large","max-video-preview":"max-video-preview:-1"},"canonical":"https:\/\/zonacaral.gob.pe\/en\/noticias\/arquitectos-de-todo-el-mundo-firmaran-en-peru-carta-de-caral\/","og_locale":"en_US","og_type":"article","og_title":"Arquitectos de todo el mundo firmar\u00e1n en Per\u00fa \"Carta de Caral\" - Zona Caral","og_description":"Se busca promover el desarrollo sostenible y ordenado de las ciudades Los m\u00e1s prestigiados\u00a0Arquitectos\u00a0del mundo se dar\u00e1n cita en el [&hellip;]","og_url":"https:\/\/zonacaral.gob.pe\/en\/noticias\/arquitectos-de-todo-el-mundo-firmaran-en-peru-carta-de-caral\/","og_site_name":"Zona Caral","article_published_time":"2015-02-09T15:20:21+00:00","og_image":[{"width":1800,"height":1200,"url":"https:\/\/zonacaral.gob.pe\/wp-content\/uploads\/2015\/02\/andina-carat-caral-06-02-2015-01.jpg","type":"image\/jpeg"}],"author":"Zona Caral Administrador","twitter_card":"summary_large_image","twitter_misc":{"Written by":"Zona Caral Administrador","Est. reading time":"3 minutes"},"schema":{"@context":"https:\/\/schema.org","@graph":[{"@type":"Article","@id":"https:\/\/zonacaral.gob.pe\/en\/noticias\/arquitectos-de-todo-el-mundo-firmaran-en-peru-carta-de-caral\/#article","isPartOf":{"@id":"https:\/\/zonacaral.gob.pe\/en\/noticias\/arquitectos-de-todo-el-mundo-firmaran-en-peru-carta-de-caral\/"},"author":{"name":"Zona Caral Administrador","@id":"https:\/\/zonacaral.gob.pe\/es\/#\/schema\/person\/beddb4d22f71a7230c5b90913270a0ee"},"headline":"Arquitectos de todo el mundo firmar\u00e1n en Per\u00fa \u00abCarta de Caral\u00bb","datePublished":"2015-02-09T15:20:21+00:00","mainEntityOfPage":{"@id":"https:\/\/zonacaral.gob.pe\/en\/noticias\/arquitectos-de-todo-el-mundo-firmaran-en-peru-carta-de-caral\/"},"wordCount":581,"image":{"@id":"https:\/\/zonacaral.gob.pe\/en\/noticias\/arquitectos-de-todo-el-mundo-firmaran-en-peru-carta-de-caral\/#primaryimage"},"thumbnailUrl":"https:\/\/zonacaral.gob.pe\/wp-content\/uploads\/2015\/02\/andina-carat-caral-06-02-2015-01.jpg","keywords":["caral","COP20"],"articleSection":["noticias"],"inLanguage":"en-US"},{"@type":"WebPage","@id":"https:\/\/zonacaral.gob.pe\/en\/noticias\/arquitectos-de-todo-el-mundo-firmaran-en-peru-carta-de-caral\/","url":"https:\/\/zonacaral.gob.pe\/en\/noticias\/arquitectos-de-todo-el-mundo-firmaran-en-peru-carta-de-caral\/","name":"Arquitectos de todo el mundo firmar\u00e1n en Per\u00fa \"Carta de Caral\" - Zona Caral","isPartOf":{"@id":"https:\/\/zonacaral.gob.pe\/es\/#website"},"primaryImageOfPage":{"@id":"https:\/\/zonacaral.gob.pe\/en\/noticias\/arquitectos-de-todo-el-mundo-firmaran-en-peru-carta-de-caral\/#primaryimage"},"image":{"@id":"https:\/\/zonacaral.gob.pe\/en\/noticias\/arquitectos-de-todo-el-mundo-firmaran-en-peru-carta-de-caral\/#primaryimage"},"thumbnailUrl":"https:\/\/zonacaral.gob.pe\/wp-content\/uploads\/2015\/02\/andina-carat-caral-06-02-2015-01.jpg","datePublished":"2015-02-09T15:20:21+00:00","author":{"@id":"https:\/\/zonacaral.gob.pe\/es\/#\/schema\/person\/beddb4d22f71a7230c5b90913270a0ee"},"breadcrumb":{"@id":"https:\/\/zonacaral.gob.pe\/en\/noticias\/arquitectos-de-todo-el-mundo-firmaran-en-peru-carta-de-caral\/#breadcrumb"},"inLanguage":"en-US","potentialAction":[{"@type":"ReadAction","target":["https:\/\/zonacaral.gob.pe\/en\/noticias\/arquitectos-de-todo-el-mundo-firmaran-en-peru-carta-de-caral\/"]}]},{"@type":"ImageObject","inLanguage":"en-US","@id":"https:\/\/zonacaral.gob.pe\/en\/noticias\/arquitectos-de-todo-el-mundo-firmaran-en-peru-carta-de-caral\/#primaryimage","url":"https:\/\/zonacaral.gob.pe\/wp-content\/uploads\/2015\/02\/andina-carat-caral-06-02-2015-01.jpg","contentUrl":"https:\/\/zonacaral.gob.pe\/wp-content\/uploads\/2015\/02\/andina-carat-caral-06-02-2015-01.jpg","width":1800,"height":1200},{"@type":"BreadcrumbList","@id":"https:\/\/zonacaral.gob.pe\/en\/noticias\/arquitectos-de-todo-el-mundo-firmaran-en-peru-carta-de-caral\/#breadcrumb","itemListElement":[{"@type":"ListItem","position":1,"name":"Portada","item":"https:\/\/zonacaral.gob.pe\/"},{"@type":"ListItem","position":2,"name":"Arquitectos de todo el mundo firmar\u00e1n en Per\u00fa \u00abCarta de Caral\u00bb"}]},{"@type":"WebSite","@id":"https:\/\/zonacaral.gob.pe\/es\/#website","url":"https:\/\/zonacaral.gob.pe\/es\/","name":"Zona Caral","description":"Investigamos, conservamos y difundimos el patrimonio cultural de la Civilizaci\u00f3n Caral, la m\u00e1s antigua de Am\u00e9rica.","potentialAction":[{"@type":"SearchAction","target":{"@type":"EntryPoint","urlTemplate":"https:\/\/zonacaral.gob.pe\/es\/?s={search_term_string}"},"query-input":{"@type":"PropertyValueSpecification","valueRequired":true,"valueName":"search_term_string"}}],"inLanguage":"en-US"},{"@type":"Person","@id":"https:\/\/zonacaral.gob.pe\/es\/#\/schema\/person\/beddb4d22f71a7230c5b90913270a0ee","name":"Zona Caral Administrador","image":{"@type":"ImageObject","inLanguage":"en-US","@id":"https:\/\/secure.gravatar.com\/avatar\/e4be162918a696358376de6446614e0f0f4062bdc5d170d6d540ada3d8b58c12?s=96&d=mm&r=g","url":"https:\/\/secure.gravatar.com\/avatar\/e4be162918a696358376de6446614e0f0f4062bdc5d170d6d540ada3d8b58c12?s=96&d=mm&r=g","contentUrl":"https:\/\/secure.gravatar.com\/avatar\/e4be162918a696358376de6446614e0f0f4062bdc5d170d6d540ada3d8b58c12?s=96&d=mm&r=g","caption":"Zona Caral Administrador"},"sameAs":["https:\/\/zonacaral.gob.pe"],"url":"https:\/\/zonacaral.gob.pe\/en\/noticias\/author\/ad_zonacaral\/"}]}},"_links":{"self":[{"href":"https:\/\/zonacaral.gob.pe\/en\/wp-json\/wp\/v2\/posts\/9186","targetHints":{"allow":["GET"]}}],"collection":[{"href":"https:\/\/zonacaral.gob.pe\/en\/wp-json\/wp\/v2\/posts"}],"about":[{"href":"https:\/\/zonacaral.gob.pe\/en\/wp-json\/wp\/v2\/types\/post"}],"author":[{"embeddable":true,"href":"https:\/\/zonacaral.gob.pe\/en\/wp-json\/wp\/v2\/users\/1"}],"replies":[{"embeddable":true,"href":"https:\/\/zonacaral.gob.pe\/en\/wp-json\/wp\/v2\/comments?post=9186"}],"version-history":[{"count":0,"href":"https:\/\/zonacaral.gob.pe\/en\/wp-json\/wp\/v2\/posts\/9186\/revisions"}],"wp:featuredmedia":[{"embeddable":true,"href":"https:\/\/zonacaral.gob.pe\/en\/wp-json\/wp\/v2\/media\/9187"}],"wp:attachment":[{"href":"https:\/\/zonacaral.gob.pe\/en\/wp-json\/wp\/v2\/media?parent=9186"}],"wp:term":[{"taxonomy":"category","embeddable":true,"href":"https:\/\/zonacaral.gob.pe\/en\/wp-json\/wp\/v2\/categories?post=9186"},{"taxonomy":"post_tag","embeddable":true,"href":"https:\/\/zonacaral.gob.pe\/en\/wp-json\/wp\/v2\/tags?post=9186"}],"curies":[{"name":"wp","href":"https:\/\/api.w.org\/{rel}","templated":true}]}}