{"id":9191,"date":"2015-02-09T10:41:19","date_gmt":"2015-02-09T15:41:19","guid":{"rendered":"http:\/\/www.zonacaral.gob.pe\/?p=9191"},"modified":"2015-02-09T10:41:19","modified_gmt":"2015-02-09T15:41:19","slug":"architects-from-around-the-world-signed-in-peru-letter-of-caral","status":"publish","type":"post","link":"https:\/\/zonacaral.gob.pe\/en\/noticias\/architects-from-around-the-world-signed-in-peru-letter-of-caral\/","title":{"rendered":"Architects from around the world signed in Peru \u00abLetter of Caral\u00bb"},"content":{"rendered":"<blockquote>\n<p style=\"color: #555555; text-align: justify;\">It seeks to promote sustainable development and orderly cities<\/p>\n<\/blockquote>\n<p style=\"text-align: justify;\">The most prestigious architects of the world met in Peru in November will be given to sign the so-called \u00abLetter of Caral\u00bb, in which the environmental commitment of the professional association will be captured, yet it will affect the need for our country to have a land use law.<\/p>\n<p style=\"text-align: justify;\">\u00abCaral is the best example of a city that grew up neatly. This is demonstrated by the remains found to account for a civilization that developed through a relationship between the heights of the hills with the pyramids. That shows that there was a cosmic vision how to organize cities depending on weather and climate, \u00abnoted dean of the Architects Association of Peru Jos\u00e9 Arispe Chavez.<\/p>\n<p style=\"text-align: justify;\"><strong>He argued that the basis of how it was built in the Valley of Caral, are a contribution to humanity for earthquake-resistant buildings in cities and countries highly vulnerable as ours, so it is necessary to recover these technologies for more sustainable and safer cities.<\/strong><\/p>\n<p style=\"text-align: justify;\">Indeed, a technical mission of the College of Architects recently visited the Sacred City of Caral in Supe, where a civilization developed 5,000 years ago, and which are a series of pyramids and temples, as well as an amphitheater that has amazing acoustics where a series of musical instruments such as transverse flutes, horns and flutes made from animal bones were discovered.<\/p>\n<p style=\"text-align: justify;\"><img fetchpriority=\"high\" decoding=\"async\" class=\"alignleft wp-image-9188\" src=\"http:\/\/www.zonacaral.gob.pe\/wp-content\/uploads\/2015\/02\/andina-carat-caral-06-02-2015-02.jpg\" alt=\"andina-carat-caral-06-02-2015-02\" width=\"400\" height=\"267\" srcset=\"https:\/\/zonacaral.gob.pe\/wp-content\/uploads\/2015\/02\/andina-carat-caral-06-02-2015-02.jpg 1800w, https:\/\/zonacaral.gob.pe\/wp-content\/uploads\/2015\/02\/andina-carat-caral-06-02-2015-02-300x200.jpg 300w, https:\/\/zonacaral.gob.pe\/wp-content\/uploads\/2015\/02\/andina-carat-caral-06-02-2015-02-1024x683.jpg 1024w, https:\/\/zonacaral.gob.pe\/wp-content\/uploads\/2015\/02\/andina-carat-caral-06-02-2015-02-768x512.jpg 768w, https:\/\/zonacaral.gob.pe\/wp-content\/uploads\/2015\/02\/andina-carat-caral-06-02-2015-02-1536x1024.jpg 1536w\" sizes=\"(max-width: 400px) 100vw, 400px\" \/>Therefore, <strong>for the signing of the Letter\u00a0of Caral is planning to conduct a concert at the anfiteatro with 70 Peruvian musicians.<\/strong><\/p>\n<p style=\"text-align: justify;\">The technical team was led by Chavez and also participated Arispe archaeologist Francisco Vallejo and coach Dino Excavation Areas Agurto.<\/p>\n<p style=\"text-align: justify;\">The signing of this document will take place during a meeting of the professionals of architecture,<strong> to be held on 7, 8 and 9 November in the Sacred Valley of Caral<\/strong>.<\/p>\n<p style=\"text-align: justify;\">\u00abThey will come to Lima two thousand of the best architects, of all places in the world have developed ancient cultures to contribute their ideas and proposals, review your options and compare them with ours and incorporate them into our reality, with the aim to improve the quality of life of citizens, \u00absaid Arispe.<\/p>\n<p style=\"text-align: justify;\">He added that this meeting is already compromised the International Union of Architects and the Pan American Federation of Architects.<\/p>\n<p style=\"text-align: justify;\">\u00abThis will be the conjunction of all the aspects that have to do with the fate of mankind and is the best opportunity to show the world what Caral. This meeting will give some ground rules for the market does not work to their own devices and not think only of economic profitability but also on the social what will ensure sustainable cities and a better quality of life profitability, \u00abhe said.<\/p>\n<p style=\"text-align: justify;\">In this regard, he added that \u00abwith proposals for governance and cooperation and environmental stewardship hopefully the rules and laws that ensure this situation den\u00bb.<\/p>\n<p style=\"text-align: justify;\">The work of excavation and research in Caral were initiated since 1994. Currently working at the site 15 19 architects and archaeologists.<\/p>\n<p style=\"color: #555555; text-align: justify;\">Source:\u00a0<span style=\"color: #800000;\">(<a href=\"http:\/\/www.andina.com.pe\/agencia\/noticia-arquitectos-todo-mundo-vendran-al-peru-para-firmar-carta-caral-542500.aspx\"><span style=\"color: #800000;\">Andina<\/span><\/a>)<\/span><\/p>\n<p style=\"color: #000000;\">Date Posted: 06\/02\/2015<\/p>","protected":false},"excerpt":{"rendered":"<p>It seeks to promote sustainable development and orderly cities The most prestigious architects of the world met in Peru in [&hellip;]<\/p>\n","protected":false},"author":1,"featured_media":9187,"comment_status":"closed","ping_status":"open","sticky":false,"template":"","format":"standard","meta":{"_acf_changed":false,"site-sidebar-layout":"default","site-content-layout":"","ast-site-content-layout":"default","site-content-style":"default","site-sidebar-style":"default","ast-global-header-display":"","ast-banner-title-visibility":"","ast-main-header-display":"","ast-hfb-above-header-display":"","ast-hfb-below-header-display":"","ast-hfb-mobile-header-display":"","site-post-title":"","ast-breadcrumbs-content":"","ast-featured-img":"","footer-sml-layout":"","ast-disable-related-posts":"","theme-transparent-header-meta":"","adv-header-id-meta":"","stick-header-meta":"","header-above-stick-meta":"","header-main-stick-meta":"","header-below-stick-meta":"","astra-migrate-meta-layouts":"default","ast-page-background-enabled":"default","ast-page-background-meta":{"desktop":{"background-color":"var(--ast-global-color-5)","background-image":"","background-repeat":"repeat","background-position":"center center","background-size":"auto","background-attachment":"scroll","background-type":"","background-media":"","overlay-type":"","overlay-color":"","overlay-opacity":"","overlay-gradient":""},"tablet":{"background-color":"","background-image":"","background-repeat":"repeat","background-position":"center center","background-size":"auto","background-attachment":"scroll","background-type":"","background-media":"","overlay-type":"","overlay-color":"","overlay-opacity":"","overlay-gradient":""},"mobile":{"background-color":"","background-image":"","background-repeat":"repeat","background-position":"center center","background-size":"auto","background-attachment":"scroll","background-type":"","background-media":"","overlay-type":"","overlay-color":"","overlay-opacity":"","overlay-gradient":""}},"ast-content-background-meta":{"desktop":{"background-color":"var(--ast-global-color-4)","background-image":"","background-repeat":"repeat","background-position":"center center","background-size":"auto","background-attachment":"scroll","background-type":"","background-media":"","overlay-type":"","overlay-color":"","overlay-opacity":"","overlay-gradient":""},"tablet":{"background-color":"var(--ast-global-color-4)","background-image":"","background-repeat":"repeat","background-position":"center center","background-size":"auto","background-attachment":"scroll","background-type":"","background-media":"","overlay-type":"","overlay-color":"","overlay-opacity":"","overlay-gradient":""},"mobile":{"background-color":"var(--ast-global-color-4)","background-image":"","background-repeat":"repeat","background-position":"center center","background-size":"auto","background-attachment":"scroll","background-type":"","background-media":"","overlay-type":"","overlay-color":"","overlay-opacity":"","overlay-gradient":""}},"footnotes":""},"categories":[209],"tags":[],"class_list":["post-9191","post","type-post","status-publish","format-standard","has-post-thumbnail","hentry","category-news-2"],"acf":[],"yoast_head":"<!-- This site is optimized with the Yoast SEO plugin v27.3 - https:\/\/yoast.com\/product\/yoast-seo-wordpress\/ -->\n<title>Architects from around the world signed in Peru &quot;Letter of Caral&quot; - Zona Caral<\/title>\n<meta name=\"robots\" content=\"index, follow, max-snippet:-1, max-image-preview:large, max-video-preview:-1\" \/>\n<link rel=\"canonical\" href=\"https:\/\/zonacaral.gob.pe\/en\/noticias\/architects-from-around-the-world-signed-in-peru-letter-of-caral\/\" \/>\n<meta property=\"og:locale\" content=\"en_US\" \/>\n<meta property=\"og:type\" content=\"article\" \/>\n<meta property=\"og:title\" content=\"Architects from around the world signed in Peru &quot;Letter of Caral&quot; - Zona Caral\" \/>\n<meta property=\"og:description\" content=\"It seeks to promote sustainable development and orderly cities The most prestigious architects of the world met in Peru in [&hellip;]\" \/>\n<meta property=\"og:url\" content=\"https:\/\/zonacaral.gob.pe\/en\/noticias\/architects-from-around-the-world-signed-in-peru-letter-of-caral\/\" \/>\n<meta property=\"og:site_name\" content=\"Zona Caral\" \/>\n<meta property=\"article:published_time\" content=\"2015-02-09T15:41:19+00:00\" \/>\n<meta property=\"og:image\" content=\"https:\/\/zonacaral.gob.pe\/wp-content\/uploads\/2015\/02\/andina-carat-caral-06-02-2015-01.jpg\" \/>\n\t<meta property=\"og:image:width\" content=\"1800\" \/>\n\t<meta property=\"og:image:height\" content=\"1200\" \/>\n\t<meta property=\"og:image:type\" content=\"image\/jpeg\" \/>\n<meta name=\"author\" content=\"Zona Caral Administrador\" \/>\n<meta name=\"twitter:card\" content=\"summary_large_image\" \/>\n<meta name=\"twitter:label1\" content=\"Written by\" \/>\n\t<meta name=\"twitter:data1\" content=\"Zona Caral Administrador\" \/>\n\t<meta name=\"twitter:label2\" content=\"Est. reading time\" \/>\n\t<meta name=\"twitter:data2\" content=\"2 minutes\" \/>\n<script type=\"application\/ld+json\" class=\"yoast-schema-graph\">{\"@context\":\"https:\\\/\\\/schema.org\",\"@graph\":[{\"@type\":\"Article\",\"@id\":\"https:\\\/\\\/zonacaral.gob.pe\\\/es\\\/noticias\\\/architects-from-around-the-world-signed-in-peru-letter-of-caral\\\/#article\",\"isPartOf\":{\"@id\":\"https:\\\/\\\/zonacaral.gob.pe\\\/es\\\/noticias\\\/architects-from-around-the-world-signed-in-peru-letter-of-caral\\\/\"},\"author\":{\"name\":\"Zona Caral Administrador\",\"@id\":\"https:\\\/\\\/zonacaral.gob.pe\\\/es\\\/#\\\/schema\\\/person\\\/beddb4d22f71a7230c5b90913270a0ee\"},\"headline\":\"Architects from around the world signed in Peru \u00abLetter of Caral\u00bb\",\"datePublished\":\"2015-02-09T15:41:19+00:00\",\"mainEntityOfPage\":{\"@id\":\"https:\\\/\\\/zonacaral.gob.pe\\\/es\\\/noticias\\\/architects-from-around-the-world-signed-in-peru-letter-of-caral\\\/\"},\"wordCount\":504,\"image\":{\"@id\":\"https:\\\/\\\/zonacaral.gob.pe\\\/es\\\/noticias\\\/architects-from-around-the-world-signed-in-peru-letter-of-caral\\\/#primaryimage\"},\"thumbnailUrl\":\"https:\\\/\\\/zonacaral.gob.pe\\\/wp-content\\\/uploads\\\/2015\\\/02\\\/andina-carat-caral-06-02-2015-01.jpg\",\"articleSection\":[\"news\"],\"inLanguage\":\"en-US\"},{\"@type\":\"WebPage\",\"@id\":\"https:\\\/\\\/zonacaral.gob.pe\\\/es\\\/noticias\\\/architects-from-around-the-world-signed-in-peru-letter-of-caral\\\/\",\"url\":\"https:\\\/\\\/zonacaral.gob.pe\\\/es\\\/noticias\\\/architects-from-around-the-world-signed-in-peru-letter-of-caral\\\/\",\"name\":\"Architects from around the world signed in Peru \\\"Letter of Caral\\\" - Zona Caral\",\"isPartOf\":{\"@id\":\"https:\\\/\\\/zonacaral.gob.pe\\\/es\\\/#website\"},\"primaryImageOfPage\":{\"@id\":\"https:\\\/\\\/zonacaral.gob.pe\\\/es\\\/noticias\\\/architects-from-around-the-world-signed-in-peru-letter-of-caral\\\/#primaryimage\"},\"image\":{\"@id\":\"https:\\\/\\\/zonacaral.gob.pe\\\/es\\\/noticias\\\/architects-from-around-the-world-signed-in-peru-letter-of-caral\\\/#primaryimage\"},\"thumbnailUrl\":\"https:\\\/\\\/zonacaral.gob.pe\\\/wp-content\\\/uploads\\\/2015\\\/02\\\/andina-carat-caral-06-02-2015-01.jpg\",\"datePublished\":\"2015-02-09T15:41:19+00:00\",\"author\":{\"@id\":\"https:\\\/\\\/zonacaral.gob.pe\\\/es\\\/#\\\/schema\\\/person\\\/beddb4d22f71a7230c5b90913270a0ee\"},\"breadcrumb\":{\"@id\":\"https:\\\/\\\/zonacaral.gob.pe\\\/es\\\/noticias\\\/architects-from-around-the-world-signed-in-peru-letter-of-caral\\\/#breadcrumb\"},\"inLanguage\":\"en-US\",\"potentialAction\":[{\"@type\":\"ReadAction\",\"target\":[\"https:\\\/\\\/zonacaral.gob.pe\\\/es\\\/noticias\\\/architects-from-around-the-world-signed-in-peru-letter-of-caral\\\/\"]}]},{\"@type\":\"ImageObject\",\"inLanguage\":\"en-US\",\"@id\":\"https:\\\/\\\/zonacaral.gob.pe\\\/es\\\/noticias\\\/architects-from-around-the-world-signed-in-peru-letter-of-caral\\\/#primaryimage\",\"url\":\"https:\\\/\\\/zonacaral.gob.pe\\\/wp-content\\\/uploads\\\/2015\\\/02\\\/andina-carat-caral-06-02-2015-01.jpg\",\"contentUrl\":\"https:\\\/\\\/zonacaral.gob.pe\\\/wp-content\\\/uploads\\\/2015\\\/02\\\/andina-carat-caral-06-02-2015-01.jpg\",\"width\":1800,\"height\":1200},{\"@type\":\"BreadcrumbList\",\"@id\":\"https:\\\/\\\/zonacaral.gob.pe\\\/es\\\/noticias\\\/architects-from-around-the-world-signed-in-peru-letter-of-caral\\\/#breadcrumb\",\"itemListElement\":[{\"@type\":\"ListItem\",\"position\":1,\"name\":\"Portada\",\"item\":\"https:\\\/\\\/zonacaral.gob.pe\\\/\"},{\"@type\":\"ListItem\",\"position\":2,\"name\":\"Architects from around the world signed in Peru \u00abLetter of Caral\u00bb\"}]},{\"@type\":\"WebSite\",\"@id\":\"https:\\\/\\\/zonacaral.gob.pe\\\/es\\\/#website\",\"url\":\"https:\\\/\\\/zonacaral.gob.pe\\\/es\\\/\",\"name\":\"Zona Caral\",\"description\":\"Investigamos, conservamos y difundimos el patrimonio cultural de la Civilizaci\u00f3n Caral, la m\u00e1s antigua de Am\u00e9rica.\",\"potentialAction\":[{\"@type\":\"SearchAction\",\"target\":{\"@type\":\"EntryPoint\",\"urlTemplate\":\"https:\\\/\\\/zonacaral.gob.pe\\\/es\\\/?s={search_term_string}\"},\"query-input\":{\"@type\":\"PropertyValueSpecification\",\"valueRequired\":true,\"valueName\":\"search_term_string\"}}],\"inLanguage\":\"en-US\"},{\"@type\":\"Person\",\"@id\":\"https:\\\/\\\/zonacaral.gob.pe\\\/es\\\/#\\\/schema\\\/person\\\/beddb4d22f71a7230c5b90913270a0ee\",\"name\":\"Zona Caral Administrador\",\"image\":{\"@type\":\"ImageObject\",\"inLanguage\":\"en-US\",\"@id\":\"https:\\\/\\\/secure.gravatar.com\\\/avatar\\\/e4be162918a696358376de6446614e0f0f4062bdc5d170d6d540ada3d8b58c12?s=96&d=mm&r=g\",\"url\":\"https:\\\/\\\/secure.gravatar.com\\\/avatar\\\/e4be162918a696358376de6446614e0f0f4062bdc5d170d6d540ada3d8b58c12?s=96&d=mm&r=g\",\"contentUrl\":\"https:\\\/\\\/secure.gravatar.com\\\/avatar\\\/e4be162918a696358376de6446614e0f0f4062bdc5d170d6d540ada3d8b58c12?s=96&d=mm&r=g\",\"caption\":\"Zona Caral Administrador\"},\"sameAs\":[\"https:\\\/\\\/zonacaral.gob.pe\"],\"url\":\"https:\\\/\\\/zonacaral.gob.pe\\\/en\\\/noticias\\\/author\\\/ad_zonacaral\\\/\"}]}<\/script>\n<!-- \/ Yoast SEO plugin. -->","yoast_head_json":{"title":"Architects from around the world signed in Peru \"Letter of Caral\" - Zona Caral","robots":{"index":"index","follow":"follow","max-snippet":"max-snippet:-1","max-image-preview":"max-image-preview:large","max-video-preview":"max-video-preview:-1"},"canonical":"https:\/\/zonacaral.gob.pe\/en\/noticias\/architects-from-around-the-world-signed-in-peru-letter-of-caral\/","og_locale":"en_US","og_type":"article","og_title":"Architects from around the world signed in Peru \"Letter of Caral\" - Zona Caral","og_description":"It seeks to promote sustainable development and orderly cities The most prestigious architects of the world met in Peru in [&hellip;]","og_url":"https:\/\/zonacaral.gob.pe\/en\/noticias\/architects-from-around-the-world-signed-in-peru-letter-of-caral\/","og_site_name":"Zona Caral","article_published_time":"2015-02-09T15:41:19+00:00","og_image":[{"width":1800,"height":1200,"url":"https:\/\/zonacaral.gob.pe\/wp-content\/uploads\/2015\/02\/andina-carat-caral-06-02-2015-01.jpg","type":"image\/jpeg"}],"author":"Zona Caral Administrador","twitter_card":"summary_large_image","twitter_misc":{"Written by":"Zona Caral Administrador","Est. reading time":"2 minutes"},"schema":{"@context":"https:\/\/schema.org","@graph":[{"@type":"Article","@id":"https:\/\/zonacaral.gob.pe\/es\/noticias\/architects-from-around-the-world-signed-in-peru-letter-of-caral\/#article","isPartOf":{"@id":"https:\/\/zonacaral.gob.pe\/es\/noticias\/architects-from-around-the-world-signed-in-peru-letter-of-caral\/"},"author":{"name":"Zona Caral Administrador","@id":"https:\/\/zonacaral.gob.pe\/es\/#\/schema\/person\/beddb4d22f71a7230c5b90913270a0ee"},"headline":"Architects from around the world signed in Peru \u00abLetter of Caral\u00bb","datePublished":"2015-02-09T15:41:19+00:00","mainEntityOfPage":{"@id":"https:\/\/zonacaral.gob.pe\/es\/noticias\/architects-from-around-the-world-signed-in-peru-letter-of-caral\/"},"wordCount":504,"image":{"@id":"https:\/\/zonacaral.gob.pe\/es\/noticias\/architects-from-around-the-world-signed-in-peru-letter-of-caral\/#primaryimage"},"thumbnailUrl":"https:\/\/zonacaral.gob.pe\/wp-content\/uploads\/2015\/02\/andina-carat-caral-06-02-2015-01.jpg","articleSection":["news"],"inLanguage":"en-US"},{"@type":"WebPage","@id":"https:\/\/zonacaral.gob.pe\/es\/noticias\/architects-from-around-the-world-signed-in-peru-letter-of-caral\/","url":"https:\/\/zonacaral.gob.pe\/es\/noticias\/architects-from-around-the-world-signed-in-peru-letter-of-caral\/","name":"Architects from around the world signed in Peru \"Letter of Caral\" - Zona Caral","isPartOf":{"@id":"https:\/\/zonacaral.gob.pe\/es\/#website"},"primaryImageOfPage":{"@id":"https:\/\/zonacaral.gob.pe\/es\/noticias\/architects-from-around-the-world-signed-in-peru-letter-of-caral\/#primaryimage"},"image":{"@id":"https:\/\/zonacaral.gob.pe\/es\/noticias\/architects-from-around-the-world-signed-in-peru-letter-of-caral\/#primaryimage"},"thumbnailUrl":"https:\/\/zonacaral.gob.pe\/wp-content\/uploads\/2015\/02\/andina-carat-caral-06-02-2015-01.jpg","datePublished":"2015-02-09T15:41:19+00:00","author":{"@id":"https:\/\/zonacaral.gob.pe\/es\/#\/schema\/person\/beddb4d22f71a7230c5b90913270a0ee"},"breadcrumb":{"@id":"https:\/\/zonacaral.gob.pe\/es\/noticias\/architects-from-around-the-world-signed-in-peru-letter-of-caral\/#breadcrumb"},"inLanguage":"en-US","potentialAction":[{"@type":"ReadAction","target":["https:\/\/zonacaral.gob.pe\/es\/noticias\/architects-from-around-the-world-signed-in-peru-letter-of-caral\/"]}]},{"@type":"ImageObject","inLanguage":"en-US","@id":"https:\/\/zonacaral.gob.pe\/es\/noticias\/architects-from-around-the-world-signed-in-peru-letter-of-caral\/#primaryimage","url":"https:\/\/zonacaral.gob.pe\/wp-content\/uploads\/2015\/02\/andina-carat-caral-06-02-2015-01.jpg","contentUrl":"https:\/\/zonacaral.gob.pe\/wp-content\/uploads\/2015\/02\/andina-carat-caral-06-02-2015-01.jpg","width":1800,"height":1200},{"@type":"BreadcrumbList","@id":"https:\/\/zonacaral.gob.pe\/es\/noticias\/architects-from-around-the-world-signed-in-peru-letter-of-caral\/#breadcrumb","itemListElement":[{"@type":"ListItem","position":1,"name":"Portada","item":"https:\/\/zonacaral.gob.pe\/"},{"@type":"ListItem","position":2,"name":"Architects from around the world signed in Peru \u00abLetter of Caral\u00bb"}]},{"@type":"WebSite","@id":"https:\/\/zonacaral.gob.pe\/es\/#website","url":"https:\/\/zonacaral.gob.pe\/es\/","name":"Zona Caral","description":"Investigamos, conservamos y difundimos el patrimonio cultural de la Civilizaci\u00f3n Caral, la m\u00e1s antigua de Am\u00e9rica.","potentialAction":[{"@type":"SearchAction","target":{"@type":"EntryPoint","urlTemplate":"https:\/\/zonacaral.gob.pe\/es\/?s={search_term_string}"},"query-input":{"@type":"PropertyValueSpecification","valueRequired":true,"valueName":"search_term_string"}}],"inLanguage":"en-US"},{"@type":"Person","@id":"https:\/\/zonacaral.gob.pe\/es\/#\/schema\/person\/beddb4d22f71a7230c5b90913270a0ee","name":"Zona Caral Administrador","image":{"@type":"ImageObject","inLanguage":"en-US","@id":"https:\/\/secure.gravatar.com\/avatar\/e4be162918a696358376de6446614e0f0f4062bdc5d170d6d540ada3d8b58c12?s=96&d=mm&r=g","url":"https:\/\/secure.gravatar.com\/avatar\/e4be162918a696358376de6446614e0f0f4062bdc5d170d6d540ada3d8b58c12?s=96&d=mm&r=g","contentUrl":"https:\/\/secure.gravatar.com\/avatar\/e4be162918a696358376de6446614e0f0f4062bdc5d170d6d540ada3d8b58c12?s=96&d=mm&r=g","caption":"Zona Caral Administrador"},"sameAs":["https:\/\/zonacaral.gob.pe"],"url":"https:\/\/zonacaral.gob.pe\/en\/noticias\/author\/ad_zonacaral\/"}]}},"_links":{"self":[{"href":"https:\/\/zonacaral.gob.pe\/en\/wp-json\/wp\/v2\/posts\/9191","targetHints":{"allow":["GET"]}}],"collection":[{"href":"https:\/\/zonacaral.gob.pe\/en\/wp-json\/wp\/v2\/posts"}],"about":[{"href":"https:\/\/zonacaral.gob.pe\/en\/wp-json\/wp\/v2\/types\/post"}],"author":[{"embeddable":true,"href":"https:\/\/zonacaral.gob.pe\/en\/wp-json\/wp\/v2\/users\/1"}],"replies":[{"embeddable":true,"href":"https:\/\/zonacaral.gob.pe\/en\/wp-json\/wp\/v2\/comments?post=9191"}],"version-history":[{"count":0,"href":"https:\/\/zonacaral.gob.pe\/en\/wp-json\/wp\/v2\/posts\/9191\/revisions"}],"wp:featuredmedia":[{"embeddable":true,"href":"https:\/\/zonacaral.gob.pe\/en\/wp-json\/wp\/v2\/media\/9187"}],"wp:attachment":[{"href":"https:\/\/zonacaral.gob.pe\/en\/wp-json\/wp\/v2\/media?parent=9191"}],"wp:term":[{"taxonomy":"category","embeddable":true,"href":"https:\/\/zonacaral.gob.pe\/en\/wp-json\/wp\/v2\/categories?post=9191"},{"taxonomy":"post_tag","embeddable":true,"href":"https:\/\/zonacaral.gob.pe\/en\/wp-json\/wp\/v2\/tags?post=9191"}],"curies":[{"name":"wp","href":"https:\/\/api.w.org\/{rel}","templated":true}]}}