{"id":9258,"date":"2015-02-19T12:35:49","date_gmt":"2015-02-19T17:35:49","guid":{"rendered":"http:\/\/www.zonacaral.gob.pe\/?p=9258"},"modified":"2015-02-19T12:35:49","modified_gmt":"2015-02-19T17:35:49","slug":"caral-cambio-climatico-y-sabiduria-ancestral","status":"publish","type":"post","link":"https:\/\/zonacaral.gob.pe\/en\/noticias\/caral-cambio-climatico-y-sabiduria-ancestral\/","title":{"rendered":"Caral, cambio clim\u00e1tico y sabidur\u00eda ancestral"},"content":{"rendered":"<blockquote>\n<p style=\"color: #444444; text-align: justify;\">Mientras el mundo entero busca el camino hacia la mitigaci\u00f3n del cambio clim\u00e1tico, de Caral se pueden extraer lecciones para una gesti\u00f3n y uso \u00f3ptimo de los recursos naturales.<\/p>\n<\/blockquote>\n<p style=\"color: #565656; text-align: justify;\">Aunque el mundo parece haber cobrado conciencia plena sobre algunos fen\u00f3menos ambientales en las d\u00e9cadas recientes, los conceptos modernos sobre \u201cEfecto Invernadero\u201d fueron enunciados por J. Fourier a inicios del siglo XIX (hace 200 a\u00f1os), y los de \u201cCambio Clim\u00e1tico\u201d lo fueron por S. Arrhenius a finales del mismo siglo. Entonces, no son temas realmente novedosos pero sin duda cruciales para el futuro de la humanidad.<\/p>\n<p style=\"color: #565656; text-align: justify;\">En Per\u00fa los cambios clim\u00e1ticos, o cambios de r\u00e9gimen, no son una novedad. Para las culturas pre-incas, los cambios de largo plazo en los reg\u00edmenes de lluvias produjeron severos impactos y conflictos entre las sociedades coste\u00f1as y andinas, como lo muestran, entre otros, los estudios de la Dra. Maria Rostorowski.<\/p>\n<p style=\"color: #565656; text-align: justify;\">Pero es tal vez Caral el caso m\u00e1s importante y emblem\u00e1tico de lo que el Cambio Clim\u00e1tico puede provocar en una civilizaci\u00f3n. En la zona arqueol\u00f3gica Caral (en Supe, al norte de la regi\u00f3n Lima), un equipo de arque\u00f3logos y otros especialistas dirigidos por la Dra. Ruth Shady han cumplido 20 a\u00f1os de acci\u00f3n multidisciplinaria sobre m\u00e1s de 20 emplazamientos monumentales, que adem\u00e1s de Caral, incluyen a \u00c1spero, Bandurria y Vichama con una antig\u00fcedad de m\u00e1s de 6 mil a\u00f1os. Se trata de la civilizaci\u00f3n m\u00e1s antigua de Am\u00e9rica, contempor\u00e1nea de las otras grandes culturas de la antig\u00fcedad. La investigaci\u00f3n cient\u00edfica que all\u00ed se realiza est\u00e1 permitiendo conocer c\u00f3mo esta sociedad desarroll\u00f3 conocimientos que a\u00fan hoy en d\u00eda nos pueden ser \u00fatiles para la adaptaci\u00f3n y mitigaci\u00f3n de los impactos del Cambio Clim\u00e1tico que cada a\u00f1o que pasa se hacen m\u00e1s evidentes.<\/p>\n<p style=\"color: #565656; text-align: justify;\">La realizaci\u00f3n de la COP 20 en Per\u00fa permiti\u00f3 presentar al mundo entero la especializaci\u00f3n econ\u00f3mica, tecnol\u00f3gica y los conocimientos ancestrales de la cultura Caral: el idioma quechua, que en general se considera cusque\u00f1o, proviene en realidad de la costa central y con profundas ra\u00edces en Caral, as\u00ed como el uso de la anchoveta para la nutrici\u00f3n humana, m\u00e1s el uso de sus v\u00edsceras como fertilizante agr\u00edcola, y la tecnolog\u00eda de construcci\u00f3n antis\u00edsmica est\u00e1 siendo estudiada y replicada en Jap\u00f3n; tambi\u00e9n se considera que los sistemas de irrigaci\u00f3n utilizando el agua acumulada en la napa fre\u00e1tica demuestran su conciencia ambiental; la equidad de g\u00e9nero, el intercambio cultural, el comercio transzonal, el arte, la m\u00fasica y otras manifestaciones de un colectivo social organizado est\u00e1n plasmadas en los frisos de los muros que est\u00e1n siendo cuidadosamente rescatados por la Dra. Shady y su equipo.<\/p>\n<p style=\"color: #565656; text-align: justify;\">Otras investigaciones sobre paleoclima en relaci\u00f3n con recursos marinos, est\u00e1n mostrando notables concordancias con los hallazgos en la zona de Caral. As\u00ed, las lecciones que se pueden extraer de esta civilizaci\u00f3n \u2013 para el bien de nuestro presente y futuro \u2013 son m\u00faltiples, pero requieren la mayor atenci\u00f3n de la sociedad, para generar pol\u00edticas p\u00fablicas que se beneficien de la sabidur\u00eda ancestral sobre el uso y gesti\u00f3n de los recursos naturales.<\/p>\n<p>Fuente:\u00a0<span style=\"color: #800000;\">(<a href=\"http:\/\/www.revistahumanum.org\/blog\/caral-cambio-climatico-y-sabiduria-ancestral\/\">www.revistahumanum.org<\/a>)<\/span><\/p>\n<p style=\"color: #000000;\">Fecha de publicaci\u00f3n: 16\/02\/2015<\/p>","protected":false},"excerpt":{"rendered":"<p>Mientras el mundo entero busca el camino hacia la mitigaci\u00f3n del cambio clim\u00e1tico, de Caral se pueden extraer lecciones para [&hellip;]<\/p>\n","protected":false},"author":1,"featured_media":9318,"comment_status":"closed","ping_status":"open","sticky":false,"template":"","format":"standard","meta":{"_acf_changed":false,"site-sidebar-layout":"default","site-content-layout":"","ast-site-content-layout":"default","site-content-style":"default","site-sidebar-style":"default","ast-global-header-display":"","ast-banner-title-visibility":"","ast-main-header-display":"","ast-hfb-above-header-display":"","ast-hfb-below-header-display":"","ast-hfb-mobile-header-display":"","site-post-title":"","ast-breadcrumbs-content":"","ast-featured-img":"","footer-sml-layout":"","ast-disable-related-posts":"","theme-transparent-header-meta":"","adv-header-id-meta":"","stick-header-meta":"","header-above-stick-meta":"","header-main-stick-meta":"","header-below-stick-meta":"","astra-migrate-meta-layouts":"default","ast-page-background-enabled":"default","ast-page-background-meta":{"desktop":{"background-color":"var(--ast-global-color-5)","background-image":"","background-repeat":"repeat","background-position":"center center","background-size":"auto","background-attachment":"scroll","background-type":"","background-media":"","overlay-type":"","overlay-color":"","overlay-opacity":"","overlay-gradient":""},"tablet":{"background-color":"","background-image":"","background-repeat":"repeat","background-position":"center center","background-size":"auto","background-attachment":"scroll","background-type":"","background-media":"","overlay-type":"","overlay-color":"","overlay-opacity":"","overlay-gradient":""},"mobile":{"background-color":"","background-image":"","background-repeat":"repeat","background-position":"center center","background-size":"auto","background-attachment":"scroll","background-type":"","background-media":"","overlay-type":"","overlay-color":"","overlay-opacity":"","overlay-gradient":""}},"ast-content-background-meta":{"desktop":{"background-color":"var(--ast-global-color-4)","background-image":"","background-repeat":"repeat","background-position":"center center","background-size":"auto","background-attachment":"scroll","background-type":"","background-media":"","overlay-type":"","overlay-color":"","overlay-opacity":"","overlay-gradient":""},"tablet":{"background-color":"var(--ast-global-color-4)","background-image":"","background-repeat":"repeat","background-position":"center center","background-size":"auto","background-attachment":"scroll","background-type":"","background-media":"","overlay-type":"","overlay-color":"","overlay-opacity":"","overlay-gradient":""},"mobile":{"background-color":"var(--ast-global-color-4)","background-image":"","background-repeat":"repeat","background-position":"center center","background-size":"auto","background-attachment":"scroll","background-type":"","background-media":"","overlay-type":"","overlay-color":"","overlay-opacity":"","overlay-gradient":""}},"footnotes":""},"categories":[208],"tags":[55,62],"class_list":["post-9258","post","type-post","status-publish","format-standard","has-post-thumbnail","hentry","category-noticias","tag-caral","tag-cop20"],"acf":[],"yoast_head":"<!-- This site is optimized with the Yoast SEO plugin v27.3 - https:\/\/yoast.com\/product\/yoast-seo-wordpress\/ -->\n<title>Caral, cambio clim\u00e1tico y sabidur\u00eda ancestral - Zona Caral<\/title>\n<meta name=\"robots\" content=\"index, follow, max-snippet:-1, max-image-preview:large, max-video-preview:-1\" \/>\n<link rel=\"canonical\" href=\"https:\/\/zonacaral.gob.pe\/en\/noticias\/caral-cambio-climatico-y-sabiduria-ancestral\/\" \/>\n<meta property=\"og:locale\" content=\"en_US\" \/>\n<meta property=\"og:type\" content=\"article\" \/>\n<meta property=\"og:title\" content=\"Caral, cambio clim\u00e1tico y sabidur\u00eda ancestral - Zona Caral\" \/>\n<meta property=\"og:description\" content=\"Mientras el mundo entero busca el camino hacia la mitigaci\u00f3n del cambio clim\u00e1tico, de Caral se pueden extraer lecciones para [&hellip;]\" \/>\n<meta property=\"og:url\" content=\"https:\/\/zonacaral.gob.pe\/en\/noticias\/caral-cambio-climatico-y-sabiduria-ancestral\/\" \/>\n<meta property=\"og:site_name\" content=\"Zona Caral\" \/>\n<meta property=\"article:published_time\" content=\"2015-02-19T17:35:49+00:00\" \/>\n<meta property=\"og:image\" content=\"https:\/\/zonacaral.gob.pe\/wp-content\/uploads\/2015\/02\/penud-16-02-2015.jpg-large.jpg\" \/>\n\t<meta property=\"og:image:width\" content=\"1024\" \/>\n\t<meta property=\"og:image:height\" content=\"512\" \/>\n\t<meta property=\"og:image:type\" content=\"image\/jpeg\" \/>\n<meta name=\"author\" content=\"Zona Caral Administrador\" \/>\n<meta name=\"twitter:card\" content=\"summary_large_image\" \/>\n<meta name=\"twitter:label1\" content=\"Written by\" \/>\n\t<meta name=\"twitter:data1\" content=\"Zona Caral Administrador\" \/>\n\t<meta name=\"twitter:label2\" content=\"Est. reading time\" \/>\n\t<meta name=\"twitter:data2\" content=\"3 minutes\" \/>\n<script type=\"application\/ld+json\" class=\"yoast-schema-graph\">{\"@context\":\"https:\\\/\\\/schema.org\",\"@graph\":[{\"@type\":\"Article\",\"@id\":\"https:\\\/\\\/zonacaral.gob.pe\\\/en\\\/noticias\\\/caral-cambio-climatico-y-sabiduria-ancestral\\\/#article\",\"isPartOf\":{\"@id\":\"https:\\\/\\\/zonacaral.gob.pe\\\/en\\\/noticias\\\/caral-cambio-climatico-y-sabiduria-ancestral\\\/\"},\"author\":{\"name\":\"Zona Caral Administrador\",\"@id\":\"https:\\\/\\\/zonacaral.gob.pe\\\/es\\\/#\\\/schema\\\/person\\\/beddb4d22f71a7230c5b90913270a0ee\"},\"headline\":\"Caral, cambio clim\u00e1tico y sabidur\u00eda ancestral\",\"datePublished\":\"2015-02-19T17:35:49+00:00\",\"mainEntityOfPage\":{\"@id\":\"https:\\\/\\\/zonacaral.gob.pe\\\/en\\\/noticias\\\/caral-cambio-climatico-y-sabiduria-ancestral\\\/\"},\"wordCount\":579,\"image\":{\"@id\":\"https:\\\/\\\/zonacaral.gob.pe\\\/en\\\/noticias\\\/caral-cambio-climatico-y-sabiduria-ancestral\\\/#primaryimage\"},\"thumbnailUrl\":\"https:\\\/\\\/zonacaral.gob.pe\\\/wp-content\\\/uploads\\\/2015\\\/02\\\/penud-16-02-2015.jpg-large.jpg\",\"keywords\":[\"caral\",\"COP20\"],\"articleSection\":[\"noticias\"],\"inLanguage\":\"en-US\"},{\"@type\":\"WebPage\",\"@id\":\"https:\\\/\\\/zonacaral.gob.pe\\\/en\\\/noticias\\\/caral-cambio-climatico-y-sabiduria-ancestral\\\/\",\"url\":\"https:\\\/\\\/zonacaral.gob.pe\\\/en\\\/noticias\\\/caral-cambio-climatico-y-sabiduria-ancestral\\\/\",\"name\":\"Caral, cambio clim\u00e1tico y sabidur\u00eda ancestral - Zona Caral\",\"isPartOf\":{\"@id\":\"https:\\\/\\\/zonacaral.gob.pe\\\/es\\\/#website\"},\"primaryImageOfPage\":{\"@id\":\"https:\\\/\\\/zonacaral.gob.pe\\\/en\\\/noticias\\\/caral-cambio-climatico-y-sabiduria-ancestral\\\/#primaryimage\"},\"image\":{\"@id\":\"https:\\\/\\\/zonacaral.gob.pe\\\/en\\\/noticias\\\/caral-cambio-climatico-y-sabiduria-ancestral\\\/#primaryimage\"},\"thumbnailUrl\":\"https:\\\/\\\/zonacaral.gob.pe\\\/wp-content\\\/uploads\\\/2015\\\/02\\\/penud-16-02-2015.jpg-large.jpg\",\"datePublished\":\"2015-02-19T17:35:49+00:00\",\"author\":{\"@id\":\"https:\\\/\\\/zonacaral.gob.pe\\\/es\\\/#\\\/schema\\\/person\\\/beddb4d22f71a7230c5b90913270a0ee\"},\"breadcrumb\":{\"@id\":\"https:\\\/\\\/zonacaral.gob.pe\\\/en\\\/noticias\\\/caral-cambio-climatico-y-sabiduria-ancestral\\\/#breadcrumb\"},\"inLanguage\":\"en-US\",\"potentialAction\":[{\"@type\":\"ReadAction\",\"target\":[\"https:\\\/\\\/zonacaral.gob.pe\\\/en\\\/noticias\\\/caral-cambio-climatico-y-sabiduria-ancestral\\\/\"]}]},{\"@type\":\"ImageObject\",\"inLanguage\":\"en-US\",\"@id\":\"https:\\\/\\\/zonacaral.gob.pe\\\/en\\\/noticias\\\/caral-cambio-climatico-y-sabiduria-ancestral\\\/#primaryimage\",\"url\":\"https:\\\/\\\/zonacaral.gob.pe\\\/wp-content\\\/uploads\\\/2015\\\/02\\\/penud-16-02-2015.jpg-large.jpg\",\"contentUrl\":\"https:\\\/\\\/zonacaral.gob.pe\\\/wp-content\\\/uploads\\\/2015\\\/02\\\/penud-16-02-2015.jpg-large.jpg\",\"width\":1024,\"height\":512},{\"@type\":\"BreadcrumbList\",\"@id\":\"https:\\\/\\\/zonacaral.gob.pe\\\/en\\\/noticias\\\/caral-cambio-climatico-y-sabiduria-ancestral\\\/#breadcrumb\",\"itemListElement\":[{\"@type\":\"ListItem\",\"position\":1,\"name\":\"Portada\",\"item\":\"https:\\\/\\\/zonacaral.gob.pe\\\/\"},{\"@type\":\"ListItem\",\"position\":2,\"name\":\"Caral, cambio clim\u00e1tico y sabidur\u00eda ancestral\"}]},{\"@type\":\"WebSite\",\"@id\":\"https:\\\/\\\/zonacaral.gob.pe\\\/es\\\/#website\",\"url\":\"https:\\\/\\\/zonacaral.gob.pe\\\/es\\\/\",\"name\":\"Zona Caral\",\"description\":\"Investigamos, conservamos y difundimos el patrimonio cultural de la Civilizaci\u00f3n Caral, la m\u00e1s antigua de Am\u00e9rica.\",\"potentialAction\":[{\"@type\":\"SearchAction\",\"target\":{\"@type\":\"EntryPoint\",\"urlTemplate\":\"https:\\\/\\\/zonacaral.gob.pe\\\/es\\\/?s={search_term_string}\"},\"query-input\":{\"@type\":\"PropertyValueSpecification\",\"valueRequired\":true,\"valueName\":\"search_term_string\"}}],\"inLanguage\":\"en-US\"},{\"@type\":\"Person\",\"@id\":\"https:\\\/\\\/zonacaral.gob.pe\\\/es\\\/#\\\/schema\\\/person\\\/beddb4d22f71a7230c5b90913270a0ee\",\"name\":\"Zona Caral Administrador\",\"image\":{\"@type\":\"ImageObject\",\"inLanguage\":\"en-US\",\"@id\":\"https:\\\/\\\/secure.gravatar.com\\\/avatar\\\/e4be162918a696358376de6446614e0f0f4062bdc5d170d6d540ada3d8b58c12?s=96&d=mm&r=g\",\"url\":\"https:\\\/\\\/secure.gravatar.com\\\/avatar\\\/e4be162918a696358376de6446614e0f0f4062bdc5d170d6d540ada3d8b58c12?s=96&d=mm&r=g\",\"contentUrl\":\"https:\\\/\\\/secure.gravatar.com\\\/avatar\\\/e4be162918a696358376de6446614e0f0f4062bdc5d170d6d540ada3d8b58c12?s=96&d=mm&r=g\",\"caption\":\"Zona Caral Administrador\"},\"sameAs\":[\"https:\\\/\\\/zonacaral.gob.pe\"],\"url\":\"https:\\\/\\\/zonacaral.gob.pe\\\/en\\\/noticias\\\/author\\\/ad_zonacaral\\\/\"}]}<\/script>\n<!-- \/ Yoast SEO plugin. -->","yoast_head_json":{"title":"Caral, cambio clim\u00e1tico y sabidur\u00eda ancestral - Zona Caral","robots":{"index":"index","follow":"follow","max-snippet":"max-snippet:-1","max-image-preview":"max-image-preview:large","max-video-preview":"max-video-preview:-1"},"canonical":"https:\/\/zonacaral.gob.pe\/en\/noticias\/caral-cambio-climatico-y-sabiduria-ancestral\/","og_locale":"en_US","og_type":"article","og_title":"Caral, cambio clim\u00e1tico y sabidur\u00eda ancestral - Zona Caral","og_description":"Mientras el mundo entero busca el camino hacia la mitigaci\u00f3n del cambio clim\u00e1tico, de Caral se pueden extraer lecciones para [&hellip;]","og_url":"https:\/\/zonacaral.gob.pe\/en\/noticias\/caral-cambio-climatico-y-sabiduria-ancestral\/","og_site_name":"Zona Caral","article_published_time":"2015-02-19T17:35:49+00:00","og_image":[{"width":1024,"height":512,"url":"https:\/\/zonacaral.gob.pe\/wp-content\/uploads\/2015\/02\/penud-16-02-2015.jpg-large.jpg","type":"image\/jpeg"}],"author":"Zona Caral Administrador","twitter_card":"summary_large_image","twitter_misc":{"Written by":"Zona Caral Administrador","Est. reading time":"3 minutes"},"schema":{"@context":"https:\/\/schema.org","@graph":[{"@type":"Article","@id":"https:\/\/zonacaral.gob.pe\/en\/noticias\/caral-cambio-climatico-y-sabiduria-ancestral\/#article","isPartOf":{"@id":"https:\/\/zonacaral.gob.pe\/en\/noticias\/caral-cambio-climatico-y-sabiduria-ancestral\/"},"author":{"name":"Zona Caral Administrador","@id":"https:\/\/zonacaral.gob.pe\/es\/#\/schema\/person\/beddb4d22f71a7230c5b90913270a0ee"},"headline":"Caral, cambio clim\u00e1tico y sabidur\u00eda ancestral","datePublished":"2015-02-19T17:35:49+00:00","mainEntityOfPage":{"@id":"https:\/\/zonacaral.gob.pe\/en\/noticias\/caral-cambio-climatico-y-sabiduria-ancestral\/"},"wordCount":579,"image":{"@id":"https:\/\/zonacaral.gob.pe\/en\/noticias\/caral-cambio-climatico-y-sabiduria-ancestral\/#primaryimage"},"thumbnailUrl":"https:\/\/zonacaral.gob.pe\/wp-content\/uploads\/2015\/02\/penud-16-02-2015.jpg-large.jpg","keywords":["caral","COP20"],"articleSection":["noticias"],"inLanguage":"en-US"},{"@type":"WebPage","@id":"https:\/\/zonacaral.gob.pe\/en\/noticias\/caral-cambio-climatico-y-sabiduria-ancestral\/","url":"https:\/\/zonacaral.gob.pe\/en\/noticias\/caral-cambio-climatico-y-sabiduria-ancestral\/","name":"Caral, cambio clim\u00e1tico y sabidur\u00eda ancestral - Zona Caral","isPartOf":{"@id":"https:\/\/zonacaral.gob.pe\/es\/#website"},"primaryImageOfPage":{"@id":"https:\/\/zonacaral.gob.pe\/en\/noticias\/caral-cambio-climatico-y-sabiduria-ancestral\/#primaryimage"},"image":{"@id":"https:\/\/zonacaral.gob.pe\/en\/noticias\/caral-cambio-climatico-y-sabiduria-ancestral\/#primaryimage"},"thumbnailUrl":"https:\/\/zonacaral.gob.pe\/wp-content\/uploads\/2015\/02\/penud-16-02-2015.jpg-large.jpg","datePublished":"2015-02-19T17:35:49+00:00","author":{"@id":"https:\/\/zonacaral.gob.pe\/es\/#\/schema\/person\/beddb4d22f71a7230c5b90913270a0ee"},"breadcrumb":{"@id":"https:\/\/zonacaral.gob.pe\/en\/noticias\/caral-cambio-climatico-y-sabiduria-ancestral\/#breadcrumb"},"inLanguage":"en-US","potentialAction":[{"@type":"ReadAction","target":["https:\/\/zonacaral.gob.pe\/en\/noticias\/caral-cambio-climatico-y-sabiduria-ancestral\/"]}]},{"@type":"ImageObject","inLanguage":"en-US","@id":"https:\/\/zonacaral.gob.pe\/en\/noticias\/caral-cambio-climatico-y-sabiduria-ancestral\/#primaryimage","url":"https:\/\/zonacaral.gob.pe\/wp-content\/uploads\/2015\/02\/penud-16-02-2015.jpg-large.jpg","contentUrl":"https:\/\/zonacaral.gob.pe\/wp-content\/uploads\/2015\/02\/penud-16-02-2015.jpg-large.jpg","width":1024,"height":512},{"@type":"BreadcrumbList","@id":"https:\/\/zonacaral.gob.pe\/en\/noticias\/caral-cambio-climatico-y-sabiduria-ancestral\/#breadcrumb","itemListElement":[{"@type":"ListItem","position":1,"name":"Portada","item":"https:\/\/zonacaral.gob.pe\/"},{"@type":"ListItem","position":2,"name":"Caral, cambio clim\u00e1tico y sabidur\u00eda ancestral"}]},{"@type":"WebSite","@id":"https:\/\/zonacaral.gob.pe\/es\/#website","url":"https:\/\/zonacaral.gob.pe\/es\/","name":"Zona Caral","description":"Investigamos, conservamos y difundimos el patrimonio cultural de la Civilizaci\u00f3n Caral, la m\u00e1s antigua de Am\u00e9rica.","potentialAction":[{"@type":"SearchAction","target":{"@type":"EntryPoint","urlTemplate":"https:\/\/zonacaral.gob.pe\/es\/?s={search_term_string}"},"query-input":{"@type":"PropertyValueSpecification","valueRequired":true,"valueName":"search_term_string"}}],"inLanguage":"en-US"},{"@type":"Person","@id":"https:\/\/zonacaral.gob.pe\/es\/#\/schema\/person\/beddb4d22f71a7230c5b90913270a0ee","name":"Zona Caral Administrador","image":{"@type":"ImageObject","inLanguage":"en-US","@id":"https:\/\/secure.gravatar.com\/avatar\/e4be162918a696358376de6446614e0f0f4062bdc5d170d6d540ada3d8b58c12?s=96&d=mm&r=g","url":"https:\/\/secure.gravatar.com\/avatar\/e4be162918a696358376de6446614e0f0f4062bdc5d170d6d540ada3d8b58c12?s=96&d=mm&r=g","contentUrl":"https:\/\/secure.gravatar.com\/avatar\/e4be162918a696358376de6446614e0f0f4062bdc5d170d6d540ada3d8b58c12?s=96&d=mm&r=g","caption":"Zona Caral Administrador"},"sameAs":["https:\/\/zonacaral.gob.pe"],"url":"https:\/\/zonacaral.gob.pe\/en\/noticias\/author\/ad_zonacaral\/"}]}},"_links":{"self":[{"href":"https:\/\/zonacaral.gob.pe\/en\/wp-json\/wp\/v2\/posts\/9258","targetHints":{"allow":["GET"]}}],"collection":[{"href":"https:\/\/zonacaral.gob.pe\/en\/wp-json\/wp\/v2\/posts"}],"about":[{"href":"https:\/\/zonacaral.gob.pe\/en\/wp-json\/wp\/v2\/types\/post"}],"author":[{"embeddable":true,"href":"https:\/\/zonacaral.gob.pe\/en\/wp-json\/wp\/v2\/users\/1"}],"replies":[{"embeddable":true,"href":"https:\/\/zonacaral.gob.pe\/en\/wp-json\/wp\/v2\/comments?post=9258"}],"version-history":[{"count":0,"href":"https:\/\/zonacaral.gob.pe\/en\/wp-json\/wp\/v2\/posts\/9258\/revisions"}],"wp:featuredmedia":[{"embeddable":true,"href":"https:\/\/zonacaral.gob.pe\/en\/wp-json\/wp\/v2\/media\/9318"}],"wp:attachment":[{"href":"https:\/\/zonacaral.gob.pe\/en\/wp-json\/wp\/v2\/media?parent=9258"}],"wp:term":[{"taxonomy":"category","embeddable":true,"href":"https:\/\/zonacaral.gob.pe\/en\/wp-json\/wp\/v2\/categories?post=9258"},{"taxonomy":"post_tag","embeddable":true,"href":"https:\/\/zonacaral.gob.pe\/en\/wp-json\/wp\/v2\/tags?post=9258"}],"curies":[{"name":"wp","href":"https:\/\/api.w.org\/{rel}","templated":true}]}}