{"id":9263,"date":"2015-02-25T20:13:39","date_gmt":"2015-02-26T01:13:39","guid":{"rendered":"http:\/\/www.zonacaral.gob.pe\/?p=9263"},"modified":"2015-02-25T20:13:39","modified_gmt":"2015-02-26T01:13:39","slug":"reunion-de-cientificas-peruanas-busca-fomentar-la-investigacion-y-participacion-de-la-mujer-en-ciencia-y-tecnologia","status":"publish","type":"post","link":"https:\/\/zonacaral.gob.pe\/en\/noticias\/reunion-de-cientificas-peruanas-busca-fomentar-la-investigacion-y-participacion-de-la-mujer-en-ciencia-y-tecnologia\/","title":{"rendered":"Reuni\u00f3n de Cient\u00edficas Peruanas busca fomentar la Investigaci\u00f3n y Participaci\u00f3n de la mujer en Ciencia y Tecnolog\u00eda"},"content":{"rendered":"<blockquote><p>Primer Taller Nacional de Mujeres Cient\u00edficas se realizar\u00e1 el jueves 26 y viernes 27 de febrero 2015, en el Auditorio de la Biblioteca Nacional del Per\u00fa.<\/p><\/blockquote>\n<p>Los peruanos somos conscientes de lo dif\u00edcil que resulta consolidar una exitosa carrera cient\u00edfica en el pa\u00eds, m\u00e1s a\u00fan si quien aspira a este objetivo es una mujer. Sin embargo, la voluntad de superaci\u00f3n, tenacidad y disciplina de varias mujeres les ha permitido obtener importantes logros profesionales en diferentes especialidades cient\u00edficas.<\/p>\n<p>Con el fin de lograr una mayor participaci\u00f3n femenina en el desarrollo cient\u00edfico y tecnol\u00f3gico de los pa\u00edses, la Red Interamericana de Academias de Ciencias (IANAS, en ingl\u00e9s) viene promoviendo una serie de acciones, asumidas en el Per\u00fa por la Academia Nacional de Ciencias (ANC), a trav\u00e9s del Punto Focal Peruano del Programa Mujeres para la Ciencia, que ha organizado el <strong><em>Primer Taller Nacional de Mujeres Cient\u00edficas: Producci\u00f3n en Conocimientos en Ciencia y Tecnolog\u00eda<\/em><\/strong><em>,<\/em> este jueves 26 y viernes 27 en la sede de la Biblioteca Nacional del Per\u00fa.<\/p>\n<p>En este encuentro, el Presidente de la Academia Nacional de Ciencias, Dr. Ronald Woodman Pollit, har\u00e1 la rese\u00f1a de la Academia y el inter\u00e9s de \u00e9sta en promover el desarrollo de la ciencia en el Per\u00fa. La Dra. Ruth Shady Sol\u00eds, Acad\u00e9mica Titular de la ANC y Punto Focal Peruano del Programa Mujeres para la Ciencia de IANAS, presentar\u00e1 el <strong><em>Diagn\u00f3stico Situacional de la Participaci\u00f3n de la Mujer Cient\u00edfica en el Per\u00fa<\/em><\/strong>, resultado del Primer Censo Nacional de Mujeres Cient\u00edficas,que se ha efectuado el a\u00f1o 2014.<\/p>\n<p>Participar\u00e1 en este taller el Consejo Nacional de Ciencia y Tecnolog\u00eda, conducido por la Dra. Gisella Orjeda Fern\u00e1ndez. Tambi\u00e9n expondr\u00e1n los representantes de los otros Puntos Focales de la Academia: Dra. Nicole Bernex Weiss del Programa Agua; Dr. C\u00e9sar Carranza Saravia del Programa Educaci\u00f3n y Ciencia; Dr. Manfred Horn Mutschler del Programa Energ\u00eda y los Directores de las Secciones Cient\u00edficas: Dr. Manfred Horn Mutschler de Ciencias Exactas; Dr. V\u00edctor Benavides C\u00e1ceres de Ciencias de la Tierra; Dr. Abraham Vaisberg Volach de Ciencias de la Vida; Dra. Olga Raida Lock Sing de Ugaz de Ciencias Materiales; Dr. M\u00e1ximo Vega Centeno de Ciencias Sociales; y, en representaci\u00f3n de las Ciencias Agrarias, el Dr. Luis Julio C\u00e9sar De Stefano Beltr\u00e1n.<\/p>\n<p>Este evento reunir\u00e1 a cient\u00edficas peruanas, representantes de instituciones acad\u00e9micas de todo el pa\u00eds. En \u00e9l se definir\u00e1n las acciones para promover una mayor participaci\u00f3n de mujeres en la ciencia y fomentar investigaciones conjuntas en equipos multidisciplinarios e interinstitucionales, en beneficio de la producci\u00f3n de conocimientos especializados y del desarrollo social del Per\u00fa.<\/p>\n<p>M\u00e1s Datos<\/p>\n<ul>\n<li>El Primer Censo de Mujeres Cient\u00edficas Peruanas se realiz\u00f3 a trav\u00e9s de las universidades e instituciones de investigaci\u00f3n durante todo el 2014.<\/li>\n<li>La Red Interamericana de Academias de Ciencias, junto a la Academia Nacional de Ciencias, han establecido cuatro Puntos Focales en el Per\u00fa: Mujeres para la Ciencia; Educaci\u00f3n y Ciencia; Agua y Energ\u00eda.<\/li>\n<li>El evento ser\u00e1 transmitido en l\u00ednea por el canal de WEB TV Cultura 24.tv, del Ministerio de Cultura: www.cultura24.tv<\/li>\n<\/ul>\n<p>Fecha de publicaci\u00f3n: 25\/02\/2015<\/p>","protected":false},"excerpt":{"rendered":"<p>Primer Taller Nacional de Mujeres Cient\u00edficas se realizar\u00e1 el jueves 26 y viernes 27 de febrero 2015, en el Auditorio [&hellip;]<\/p>\n","protected":false},"author":1,"featured_media":8907,"comment_status":"closed","ping_status":"open","sticky":false,"template":"","format":"standard","meta":{"_acf_changed":false,"site-sidebar-layout":"default","site-content-layout":"","ast-site-content-layout":"default","site-content-style":"default","site-sidebar-style":"default","ast-global-header-display":"","ast-banner-title-visibility":"","ast-main-header-display":"","ast-hfb-above-header-display":"","ast-hfb-below-header-display":"","ast-hfb-mobile-header-display":"","site-post-title":"","ast-breadcrumbs-content":"","ast-featured-img":"","footer-sml-layout":"","ast-disable-related-posts":"","theme-transparent-header-meta":"","adv-header-id-meta":"","stick-header-meta":"","header-above-stick-meta":"","header-main-stick-meta":"","header-below-stick-meta":"","astra-migrate-meta-layouts":"default","ast-page-background-enabled":"default","ast-page-background-meta":{"desktop":{"background-color":"var(--ast-global-color-5)","background-image":"","background-repeat":"repeat","background-position":"center center","background-size":"auto","background-attachment":"scroll","background-type":"","background-media":"","overlay-type":"","overlay-color":"","overlay-opacity":"","overlay-gradient":""},"tablet":{"background-color":"","background-image":"","background-repeat":"repeat","background-position":"center center","background-size":"auto","background-attachment":"scroll","background-type":"","background-media":"","overlay-type":"","overlay-color":"","overlay-opacity":"","overlay-gradient":""},"mobile":{"background-color":"","background-image":"","background-repeat":"repeat","background-position":"center center","background-size":"auto","background-attachment":"scroll","background-type":"","background-media":"","overlay-type":"","overlay-color":"","overlay-opacity":"","overlay-gradient":""}},"ast-content-background-meta":{"desktop":{"background-color":"var(--ast-global-color-4)","background-image":"","background-repeat":"repeat","background-position":"center center","background-size":"auto","background-attachment":"scroll","background-type":"","background-media":"","overlay-type":"","overlay-color":"","overlay-opacity":"","overlay-gradient":""},"tablet":{"background-color":"var(--ast-global-color-4)","background-image":"","background-repeat":"repeat","background-position":"center center","background-size":"auto","background-attachment":"scroll","background-type":"","background-media":"","overlay-type":"","overlay-color":"","overlay-opacity":"","overlay-gradient":""},"mobile":{"background-color":"var(--ast-global-color-4)","background-image":"","background-repeat":"repeat","background-position":"center center","background-size":"auto","background-attachment":"scroll","background-type":"","background-media":"","overlay-type":"","overlay-color":"","overlay-opacity":"","overlay-gradient":""}},"footnotes":""},"categories":[208],"tags":[55,62],"class_list":["post-9263","post","type-post","status-publish","format-standard","has-post-thumbnail","hentry","category-noticias","tag-caral","tag-cop20"],"acf":[],"yoast_head":"<!-- This site is optimized with the Yoast SEO plugin v27.3 - https:\/\/yoast.com\/product\/yoast-seo-wordpress\/ -->\n<title>Reuni\u00f3n de Cient\u00edficas Peruanas busca fomentar la Investigaci\u00f3n y Participaci\u00f3n de la mujer en Ciencia y Tecnolog\u00eda - Zona Caral<\/title>\n<meta name=\"robots\" content=\"index, follow, max-snippet:-1, max-image-preview:large, max-video-preview:-1\" \/>\n<link rel=\"canonical\" href=\"https:\/\/zonacaral.gob.pe\/en\/noticias\/reunion-de-cientificas-peruanas-busca-fomentar-la-investigacion-y-participacion-de-la-mujer-en-ciencia-y-tecnologia\/\" \/>\n<meta property=\"og:locale\" content=\"en_US\" \/>\n<meta property=\"og:type\" content=\"article\" \/>\n<meta property=\"og:title\" content=\"Reuni\u00f3n de Cient\u00edficas Peruanas busca fomentar la Investigaci\u00f3n y Participaci\u00f3n de la mujer en Ciencia y Tecnolog\u00eda - Zona Caral\" \/>\n<meta property=\"og:description\" content=\"Primer Taller Nacional de Mujeres Cient\u00edficas se realizar\u00e1 el jueves 26 y viernes 27 de febrero 2015, en el Auditorio [&hellip;]\" \/>\n<meta property=\"og:url\" content=\"https:\/\/zonacaral.gob.pe\/en\/noticias\/reunion-de-cientificas-peruanas-busca-fomentar-la-investigacion-y-participacion-de-la-mujer-en-ciencia-y-tecnologia\/\" \/>\n<meta property=\"og:site_name\" content=\"Zona Caral\" \/>\n<meta property=\"article:published_time\" content=\"2015-02-26T01:13:39+00:00\" \/>\n<meta property=\"og:image\" content=\"https:\/\/zonacaral.gob.pe\/wp-content\/uploads\/2015\/01\/taller-ianas.jpg\" \/>\n\t<meta property=\"og:image:width\" content=\"930\" \/>\n\t<meta property=\"og:image:height\" content=\"400\" \/>\n\t<meta property=\"og:image:type\" content=\"image\/jpeg\" \/>\n<meta name=\"author\" content=\"Zona Caral Administrador\" \/>\n<meta name=\"twitter:card\" content=\"summary_large_image\" \/>\n<meta name=\"twitter:label1\" content=\"Written by\" \/>\n\t<meta name=\"twitter:data1\" content=\"Zona Caral Administrador\" \/>\n\t<meta name=\"twitter:label2\" content=\"Est. reading time\" \/>\n\t<meta name=\"twitter:data2\" content=\"3 minutes\" \/>\n<script type=\"application\/ld+json\" class=\"yoast-schema-graph\">{\"@context\":\"https:\\\/\\\/schema.org\",\"@graph\":[{\"@type\":\"Article\",\"@id\":\"https:\\\/\\\/zonacaral.gob.pe\\\/es\\\/noticias\\\/reunion-de-cientificas-peruanas-busca-fomentar-la-investigacion-y-participacion-de-la-mujer-en-ciencia-y-tecnologia\\\/#article\",\"isPartOf\":{\"@id\":\"https:\\\/\\\/zonacaral.gob.pe\\\/es\\\/noticias\\\/reunion-de-cientificas-peruanas-busca-fomentar-la-investigacion-y-participacion-de-la-mujer-en-ciencia-y-tecnologia\\\/\"},\"author\":{\"name\":\"Zona Caral Administrador\",\"@id\":\"https:\\\/\\\/zonacaral.gob.pe\\\/es\\\/#\\\/schema\\\/person\\\/beddb4d22f71a7230c5b90913270a0ee\"},\"headline\":\"Reuni\u00f3n de Cient\u00edficas Peruanas busca fomentar la Investigaci\u00f3n y Participaci\u00f3n de la mujer en Ciencia y Tecnolog\u00eda\",\"datePublished\":\"2015-02-26T01:13:39+00:00\",\"mainEntityOfPage\":{\"@id\":\"https:\\\/\\\/zonacaral.gob.pe\\\/es\\\/noticias\\\/reunion-de-cientificas-peruanas-busca-fomentar-la-investigacion-y-participacion-de-la-mujer-en-ciencia-y-tecnologia\\\/\"},\"wordCount\":572,\"image\":{\"@id\":\"https:\\\/\\\/zonacaral.gob.pe\\\/es\\\/noticias\\\/reunion-de-cientificas-peruanas-busca-fomentar-la-investigacion-y-participacion-de-la-mujer-en-ciencia-y-tecnologia\\\/#primaryimage\"},\"thumbnailUrl\":\"https:\\\/\\\/zonacaral.gob.pe\\\/wp-content\\\/uploads\\\/2015\\\/01\\\/taller-ianas.jpg\",\"keywords\":[\"caral\",\"COP20\"],\"articleSection\":[\"noticias\"],\"inLanguage\":\"en-US\"},{\"@type\":\"WebPage\",\"@id\":\"https:\\\/\\\/zonacaral.gob.pe\\\/es\\\/noticias\\\/reunion-de-cientificas-peruanas-busca-fomentar-la-investigacion-y-participacion-de-la-mujer-en-ciencia-y-tecnologia\\\/\",\"url\":\"https:\\\/\\\/zonacaral.gob.pe\\\/es\\\/noticias\\\/reunion-de-cientificas-peruanas-busca-fomentar-la-investigacion-y-participacion-de-la-mujer-en-ciencia-y-tecnologia\\\/\",\"name\":\"Reuni\u00f3n de Cient\u00edficas Peruanas busca fomentar la Investigaci\u00f3n y Participaci\u00f3n de la mujer en Ciencia y Tecnolog\u00eda - Zona Caral\",\"isPartOf\":{\"@id\":\"https:\\\/\\\/zonacaral.gob.pe\\\/es\\\/#website\"},\"primaryImageOfPage\":{\"@id\":\"https:\\\/\\\/zonacaral.gob.pe\\\/es\\\/noticias\\\/reunion-de-cientificas-peruanas-busca-fomentar-la-investigacion-y-participacion-de-la-mujer-en-ciencia-y-tecnologia\\\/#primaryimage\"},\"image\":{\"@id\":\"https:\\\/\\\/zonacaral.gob.pe\\\/es\\\/noticias\\\/reunion-de-cientificas-peruanas-busca-fomentar-la-investigacion-y-participacion-de-la-mujer-en-ciencia-y-tecnologia\\\/#primaryimage\"},\"thumbnailUrl\":\"https:\\\/\\\/zonacaral.gob.pe\\\/wp-content\\\/uploads\\\/2015\\\/01\\\/taller-ianas.jpg\",\"datePublished\":\"2015-02-26T01:13:39+00:00\",\"author\":{\"@id\":\"https:\\\/\\\/zonacaral.gob.pe\\\/es\\\/#\\\/schema\\\/person\\\/beddb4d22f71a7230c5b90913270a0ee\"},\"breadcrumb\":{\"@id\":\"https:\\\/\\\/zonacaral.gob.pe\\\/es\\\/noticias\\\/reunion-de-cientificas-peruanas-busca-fomentar-la-investigacion-y-participacion-de-la-mujer-en-ciencia-y-tecnologia\\\/#breadcrumb\"},\"inLanguage\":\"en-US\",\"potentialAction\":[{\"@type\":\"ReadAction\",\"target\":[\"https:\\\/\\\/zonacaral.gob.pe\\\/es\\\/noticias\\\/reunion-de-cientificas-peruanas-busca-fomentar-la-investigacion-y-participacion-de-la-mujer-en-ciencia-y-tecnologia\\\/\"]}]},{\"@type\":\"ImageObject\",\"inLanguage\":\"en-US\",\"@id\":\"https:\\\/\\\/zonacaral.gob.pe\\\/es\\\/noticias\\\/reunion-de-cientificas-peruanas-busca-fomentar-la-investigacion-y-participacion-de-la-mujer-en-ciencia-y-tecnologia\\\/#primaryimage\",\"url\":\"https:\\\/\\\/zonacaral.gob.pe\\\/wp-content\\\/uploads\\\/2015\\\/01\\\/taller-ianas.jpg\",\"contentUrl\":\"https:\\\/\\\/zonacaral.gob.pe\\\/wp-content\\\/uploads\\\/2015\\\/01\\\/taller-ianas.jpg\",\"width\":930,\"height\":400},{\"@type\":\"BreadcrumbList\",\"@id\":\"https:\\\/\\\/zonacaral.gob.pe\\\/es\\\/noticias\\\/reunion-de-cientificas-peruanas-busca-fomentar-la-investigacion-y-participacion-de-la-mujer-en-ciencia-y-tecnologia\\\/#breadcrumb\",\"itemListElement\":[{\"@type\":\"ListItem\",\"position\":1,\"name\":\"Portada\",\"item\":\"https:\\\/\\\/zonacaral.gob.pe\\\/\"},{\"@type\":\"ListItem\",\"position\":2,\"name\":\"Reuni\u00f3n de Cient\u00edficas Peruanas busca fomentar la Investigaci\u00f3n y Participaci\u00f3n de la mujer en Ciencia y Tecnolog\u00eda\"}]},{\"@type\":\"WebSite\",\"@id\":\"https:\\\/\\\/zonacaral.gob.pe\\\/es\\\/#website\",\"url\":\"https:\\\/\\\/zonacaral.gob.pe\\\/es\\\/\",\"name\":\"Zona Caral\",\"description\":\"Investigamos, conservamos y difundimos el patrimonio cultural de la Civilizaci\u00f3n Caral, la m\u00e1s antigua de Am\u00e9rica.\",\"potentialAction\":[{\"@type\":\"SearchAction\",\"target\":{\"@type\":\"EntryPoint\",\"urlTemplate\":\"https:\\\/\\\/zonacaral.gob.pe\\\/es\\\/?s={search_term_string}\"},\"query-input\":{\"@type\":\"PropertyValueSpecification\",\"valueRequired\":true,\"valueName\":\"search_term_string\"}}],\"inLanguage\":\"en-US\"},{\"@type\":\"Person\",\"@id\":\"https:\\\/\\\/zonacaral.gob.pe\\\/es\\\/#\\\/schema\\\/person\\\/beddb4d22f71a7230c5b90913270a0ee\",\"name\":\"Zona Caral Administrador\",\"image\":{\"@type\":\"ImageObject\",\"inLanguage\":\"en-US\",\"@id\":\"https:\\\/\\\/secure.gravatar.com\\\/avatar\\\/e4be162918a696358376de6446614e0f0f4062bdc5d170d6d540ada3d8b58c12?s=96&d=mm&r=g\",\"url\":\"https:\\\/\\\/secure.gravatar.com\\\/avatar\\\/e4be162918a696358376de6446614e0f0f4062bdc5d170d6d540ada3d8b58c12?s=96&d=mm&r=g\",\"contentUrl\":\"https:\\\/\\\/secure.gravatar.com\\\/avatar\\\/e4be162918a696358376de6446614e0f0f4062bdc5d170d6d540ada3d8b58c12?s=96&d=mm&r=g\",\"caption\":\"Zona Caral Administrador\"},\"sameAs\":[\"https:\\\/\\\/zonacaral.gob.pe\"],\"url\":\"https:\\\/\\\/zonacaral.gob.pe\\\/en\\\/noticias\\\/author\\\/ad_zonacaral\\\/\"}]}<\/script>\n<!-- \/ Yoast SEO plugin. -->","yoast_head_json":{"title":"Reuni\u00f3n de Cient\u00edficas Peruanas busca fomentar la Investigaci\u00f3n y Participaci\u00f3n de la mujer en Ciencia y Tecnolog\u00eda - Zona Caral","robots":{"index":"index","follow":"follow","max-snippet":"max-snippet:-1","max-image-preview":"max-image-preview:large","max-video-preview":"max-video-preview:-1"},"canonical":"https:\/\/zonacaral.gob.pe\/en\/noticias\/reunion-de-cientificas-peruanas-busca-fomentar-la-investigacion-y-participacion-de-la-mujer-en-ciencia-y-tecnologia\/","og_locale":"en_US","og_type":"article","og_title":"Reuni\u00f3n de Cient\u00edficas Peruanas busca fomentar la Investigaci\u00f3n y Participaci\u00f3n de la mujer en Ciencia y Tecnolog\u00eda - Zona Caral","og_description":"Primer Taller Nacional de Mujeres Cient\u00edficas se realizar\u00e1 el jueves 26 y viernes 27 de febrero 2015, en el Auditorio [&hellip;]","og_url":"https:\/\/zonacaral.gob.pe\/en\/noticias\/reunion-de-cientificas-peruanas-busca-fomentar-la-investigacion-y-participacion-de-la-mujer-en-ciencia-y-tecnologia\/","og_site_name":"Zona Caral","article_published_time":"2015-02-26T01:13:39+00:00","og_image":[{"width":930,"height":400,"url":"https:\/\/zonacaral.gob.pe\/wp-content\/uploads\/2015\/01\/taller-ianas.jpg","type":"image\/jpeg"}],"author":"Zona Caral Administrador","twitter_card":"summary_large_image","twitter_misc":{"Written by":"Zona Caral Administrador","Est. reading time":"3 minutes"},"schema":{"@context":"https:\/\/schema.org","@graph":[{"@type":"Article","@id":"https:\/\/zonacaral.gob.pe\/es\/noticias\/reunion-de-cientificas-peruanas-busca-fomentar-la-investigacion-y-participacion-de-la-mujer-en-ciencia-y-tecnologia\/#article","isPartOf":{"@id":"https:\/\/zonacaral.gob.pe\/es\/noticias\/reunion-de-cientificas-peruanas-busca-fomentar-la-investigacion-y-participacion-de-la-mujer-en-ciencia-y-tecnologia\/"},"author":{"name":"Zona Caral Administrador","@id":"https:\/\/zonacaral.gob.pe\/es\/#\/schema\/person\/beddb4d22f71a7230c5b90913270a0ee"},"headline":"Reuni\u00f3n de Cient\u00edficas Peruanas busca fomentar la Investigaci\u00f3n y Participaci\u00f3n de la mujer en Ciencia y Tecnolog\u00eda","datePublished":"2015-02-26T01:13:39+00:00","mainEntityOfPage":{"@id":"https:\/\/zonacaral.gob.pe\/es\/noticias\/reunion-de-cientificas-peruanas-busca-fomentar-la-investigacion-y-participacion-de-la-mujer-en-ciencia-y-tecnologia\/"},"wordCount":572,"image":{"@id":"https:\/\/zonacaral.gob.pe\/es\/noticias\/reunion-de-cientificas-peruanas-busca-fomentar-la-investigacion-y-participacion-de-la-mujer-en-ciencia-y-tecnologia\/#primaryimage"},"thumbnailUrl":"https:\/\/zonacaral.gob.pe\/wp-content\/uploads\/2015\/01\/taller-ianas.jpg","keywords":["caral","COP20"],"articleSection":["noticias"],"inLanguage":"en-US"},{"@type":"WebPage","@id":"https:\/\/zonacaral.gob.pe\/es\/noticias\/reunion-de-cientificas-peruanas-busca-fomentar-la-investigacion-y-participacion-de-la-mujer-en-ciencia-y-tecnologia\/","url":"https:\/\/zonacaral.gob.pe\/es\/noticias\/reunion-de-cientificas-peruanas-busca-fomentar-la-investigacion-y-participacion-de-la-mujer-en-ciencia-y-tecnologia\/","name":"Reuni\u00f3n de Cient\u00edficas Peruanas busca fomentar la Investigaci\u00f3n y Participaci\u00f3n de la mujer en Ciencia y Tecnolog\u00eda - Zona Caral","isPartOf":{"@id":"https:\/\/zonacaral.gob.pe\/es\/#website"},"primaryImageOfPage":{"@id":"https:\/\/zonacaral.gob.pe\/es\/noticias\/reunion-de-cientificas-peruanas-busca-fomentar-la-investigacion-y-participacion-de-la-mujer-en-ciencia-y-tecnologia\/#primaryimage"},"image":{"@id":"https:\/\/zonacaral.gob.pe\/es\/noticias\/reunion-de-cientificas-peruanas-busca-fomentar-la-investigacion-y-participacion-de-la-mujer-en-ciencia-y-tecnologia\/#primaryimage"},"thumbnailUrl":"https:\/\/zonacaral.gob.pe\/wp-content\/uploads\/2015\/01\/taller-ianas.jpg","datePublished":"2015-02-26T01:13:39+00:00","author":{"@id":"https:\/\/zonacaral.gob.pe\/es\/#\/schema\/person\/beddb4d22f71a7230c5b90913270a0ee"},"breadcrumb":{"@id":"https:\/\/zonacaral.gob.pe\/es\/noticias\/reunion-de-cientificas-peruanas-busca-fomentar-la-investigacion-y-participacion-de-la-mujer-en-ciencia-y-tecnologia\/#breadcrumb"},"inLanguage":"en-US","potentialAction":[{"@type":"ReadAction","target":["https:\/\/zonacaral.gob.pe\/es\/noticias\/reunion-de-cientificas-peruanas-busca-fomentar-la-investigacion-y-participacion-de-la-mujer-en-ciencia-y-tecnologia\/"]}]},{"@type":"ImageObject","inLanguage":"en-US","@id":"https:\/\/zonacaral.gob.pe\/es\/noticias\/reunion-de-cientificas-peruanas-busca-fomentar-la-investigacion-y-participacion-de-la-mujer-en-ciencia-y-tecnologia\/#primaryimage","url":"https:\/\/zonacaral.gob.pe\/wp-content\/uploads\/2015\/01\/taller-ianas.jpg","contentUrl":"https:\/\/zonacaral.gob.pe\/wp-content\/uploads\/2015\/01\/taller-ianas.jpg","width":930,"height":400},{"@type":"BreadcrumbList","@id":"https:\/\/zonacaral.gob.pe\/es\/noticias\/reunion-de-cientificas-peruanas-busca-fomentar-la-investigacion-y-participacion-de-la-mujer-en-ciencia-y-tecnologia\/#breadcrumb","itemListElement":[{"@type":"ListItem","position":1,"name":"Portada","item":"https:\/\/zonacaral.gob.pe\/"},{"@type":"ListItem","position":2,"name":"Reuni\u00f3n de Cient\u00edficas Peruanas busca fomentar la Investigaci\u00f3n y Participaci\u00f3n de la mujer en Ciencia y Tecnolog\u00eda"}]},{"@type":"WebSite","@id":"https:\/\/zonacaral.gob.pe\/es\/#website","url":"https:\/\/zonacaral.gob.pe\/es\/","name":"Zona Caral","description":"Investigamos, conservamos y difundimos el patrimonio cultural de la Civilizaci\u00f3n Caral, la m\u00e1s antigua de Am\u00e9rica.","potentialAction":[{"@type":"SearchAction","target":{"@type":"EntryPoint","urlTemplate":"https:\/\/zonacaral.gob.pe\/es\/?s={search_term_string}"},"query-input":{"@type":"PropertyValueSpecification","valueRequired":true,"valueName":"search_term_string"}}],"inLanguage":"en-US"},{"@type":"Person","@id":"https:\/\/zonacaral.gob.pe\/es\/#\/schema\/person\/beddb4d22f71a7230c5b90913270a0ee","name":"Zona Caral Administrador","image":{"@type":"ImageObject","inLanguage":"en-US","@id":"https:\/\/secure.gravatar.com\/avatar\/e4be162918a696358376de6446614e0f0f4062bdc5d170d6d540ada3d8b58c12?s=96&d=mm&r=g","url":"https:\/\/secure.gravatar.com\/avatar\/e4be162918a696358376de6446614e0f0f4062bdc5d170d6d540ada3d8b58c12?s=96&d=mm&r=g","contentUrl":"https:\/\/secure.gravatar.com\/avatar\/e4be162918a696358376de6446614e0f0f4062bdc5d170d6d540ada3d8b58c12?s=96&d=mm&r=g","caption":"Zona Caral Administrador"},"sameAs":["https:\/\/zonacaral.gob.pe"],"url":"https:\/\/zonacaral.gob.pe\/en\/noticias\/author\/ad_zonacaral\/"}]}},"_links":{"self":[{"href":"https:\/\/zonacaral.gob.pe\/en\/wp-json\/wp\/v2\/posts\/9263","targetHints":{"allow":["GET"]}}],"collection":[{"href":"https:\/\/zonacaral.gob.pe\/en\/wp-json\/wp\/v2\/posts"}],"about":[{"href":"https:\/\/zonacaral.gob.pe\/en\/wp-json\/wp\/v2\/types\/post"}],"author":[{"embeddable":true,"href":"https:\/\/zonacaral.gob.pe\/en\/wp-json\/wp\/v2\/users\/1"}],"replies":[{"embeddable":true,"href":"https:\/\/zonacaral.gob.pe\/en\/wp-json\/wp\/v2\/comments?post=9263"}],"version-history":[{"count":0,"href":"https:\/\/zonacaral.gob.pe\/en\/wp-json\/wp\/v2\/posts\/9263\/revisions"}],"wp:featuredmedia":[{"embeddable":true,"href":"https:\/\/zonacaral.gob.pe\/en\/wp-json\/wp\/v2\/media\/8907"}],"wp:attachment":[{"href":"https:\/\/zonacaral.gob.pe\/en\/wp-json\/wp\/v2\/media?parent=9263"}],"wp:term":[{"taxonomy":"category","embeddable":true,"href":"https:\/\/zonacaral.gob.pe\/en\/wp-json\/wp\/v2\/categories?post=9263"},{"taxonomy":"post_tag","embeddable":true,"href":"https:\/\/zonacaral.gob.pe\/en\/wp-json\/wp\/v2\/tags?post=9263"}],"curies":[{"name":"wp","href":"https:\/\/api.w.org\/{rel}","templated":true}]}}