{"id":9332,"date":"2015-03-23T11:13:01","date_gmt":"2015-03-23T16:13:01","guid":{"rendered":"http:\/\/www.zonacaral.gob.pe\/?p=9332"},"modified":"2015-03-23T11:13:01","modified_gmt":"2015-03-23T16:13:01","slug":"rito-milenario","status":"publish","type":"post","link":"https:\/\/zonacaral.gob.pe\/en\/noticias\/rito-milenario\/","title":{"rendered":"Rito milenario"},"content":{"rendered":"<blockquote><p>Con representaci\u00f3n de ceremonia en sitio arqueol\u00f3gico de \u00c1spero, celebran 10 a\u00f1os de recuperaci\u00f3n de la ciudad pesquera.<\/p><\/blockquote>\n<p>Los primeros actores nacionales Reynaldo Arenas quien representar\u00e1 al Yachaq o \u201csacerdote\u201d y Hayde\u00e9 C\u00e1ceres, quien interpretar\u00e1 a la Se\u00f1ora de \u00c1spero, en la tradicional Ceremonia del Pago a la Cochamama, el viernes 27 de marzo (6 p.m.) en la Plaza Grau de Supe Puerto (Barranca). La poblaci\u00f3n se congregar\u00e1 a esa hora para desplazarse con antorchas y alegor\u00edas hacia el \u00c1spero (puerto de Caral).<\/p>\n<p>La puesta en escena ser\u00e1 la recreaci\u00f3n de los milenarios ritos de esta civilizaci\u00f3n. En la ceremonia, el Yachaq ofrendar\u00e1 tributos a la Cochamama para pedir abundancia y prosperidad en el nuevo ciclo de vida que comienza. La Se\u00f1ora de \u00c1spero recibir\u00e1 la visita del Se\u00f1or de Caral.<\/p>\n<p>El s\u00e1bado 28 de marzo, a partir de las 10 de la ma\u00f1ana empezar\u00e1 el \u201cAspero Raymi\u201d, donde los visitantes podr\u00e1n visitar el renovado Centro de Interpretaci\u00f3n de \u00c1spero y recorrer el Sitio Arqueol\u00f3gico para entender la milenaria importancia de la pesca en el desarrollo de la civilizaci\u00f3n Caral, y adem\u00e1s, desde el mediod\u00eda se desarrollar\u00e1 el \u201cRuna Raymi\u201d con la presentaci\u00f3n de elencos folkl\u00f3ricos y agrupaciones musicales.<\/p>\n<p style=\"color: #444444;\">\u00c1spero (3000 a.C.) es uno de los 25 asentamientos\u00a0<a style=\"color: #000066;\" href=\"http:\/\/diariouno.pe\/2015\/03\/22\/rito-milenario\/#\" rel=\"nofollow\">urbanos<\/a>\u00a0que conformaron la sociedad caralina en el valle de Supe (Barranca), y que adem\u00e1s es considerado por muchos, como el \u201cprimer puerto\u201d pesquero en las costas de lo que hoy es el Per\u00fa.<\/p>\n<p style=\"color: #444444;\">Antes del a\u00f1o 2005, casi todo \u00c1spero fue ocupado por 8,400 toneladas de basura y desperdicio, muestra del abandono en que se encontraba este sitio arqueol\u00f3gico. Con la intervenci\u00f3n del equipo multidisciplinario Zona Arqueol\u00f3gica Caral (ZAC) \u2013 bajo la direcci\u00f3n de la Dra. Ruth Shady, se logr\u00f3 su total recuperaci\u00f3n y su puesta en\u00a0<a style=\"color: #000066;\" href=\"http:\/\/diariouno.pe\/2015\/03\/22\/rito-milenario\/#\" rel=\"nofollow\">valor<\/a>, con el apoyo de Plan Copesco Nacional y autoridades locales.<\/p>\n<h4 style=\"color: #444444;\">ADEM\u00c1S<\/h4>\n<p style=\"color: #444444;\">Todas las actividades culturales del viernes 27 y s\u00e1bado 28 de marzo son completamente gratuitas. Informes: 2052517.<\/p>\n<p style=\"color: #444444;\"><strong>Fuente:\u00a0<span style=\"color: #800000;\">(<\/span><a href=\"http:\/\/diariouno.pe\/2015\/03\/22\/rito-milenario\/\">Diario Uno<\/a><span style=\"color: #800000;\">)<\/span><\/strong><\/p>\n<p style=\"color: #000000;\">Fecha de publicaci\u00f3n: 22\/03\/2015<\/p>","protected":false},"excerpt":{"rendered":"<p>Con representaci\u00f3n de ceremonia en sitio arqueol\u00f3gico de \u00c1spero, celebran 10 a\u00f1os de recuperaci\u00f3n de la ciudad pesquera. Los primeros [&hellip;]<\/p>\n","protected":false},"author":1,"featured_media":9333,"comment_status":"closed","ping_status":"open","sticky":false,"template":"","format":"standard","meta":{"_acf_changed":false,"site-sidebar-layout":"default","site-content-layout":"","ast-site-content-layout":"default","site-content-style":"default","site-sidebar-style":"default","ast-global-header-display":"","ast-banner-title-visibility":"","ast-main-header-display":"","ast-hfb-above-header-display":"","ast-hfb-below-header-display":"","ast-hfb-mobile-header-display":"","site-post-title":"","ast-breadcrumbs-content":"","ast-featured-img":"","footer-sml-layout":"","ast-disable-related-posts":"","theme-transparent-header-meta":"","adv-header-id-meta":"","stick-header-meta":"","header-above-stick-meta":"","header-main-stick-meta":"","header-below-stick-meta":"","astra-migrate-meta-layouts":"default","ast-page-background-enabled":"default","ast-page-background-meta":{"desktop":{"background-color":"var(--ast-global-color-5)","background-image":"","background-repeat":"repeat","background-position":"center center","background-size":"auto","background-attachment":"scroll","background-type":"","background-media":"","overlay-type":"","overlay-color":"","overlay-opacity":"","overlay-gradient":""},"tablet":{"background-color":"","background-image":"","background-repeat":"repeat","background-position":"center center","background-size":"auto","background-attachment":"scroll","background-type":"","background-media":"","overlay-type":"","overlay-color":"","overlay-opacity":"","overlay-gradient":""},"mobile":{"background-color":"","background-image":"","background-repeat":"repeat","background-position":"center center","background-size":"auto","background-attachment":"scroll","background-type":"","background-media":"","overlay-type":"","overlay-color":"","overlay-opacity":"","overlay-gradient":""}},"ast-content-background-meta":{"desktop":{"background-color":"var(--ast-global-color-4)","background-image":"","background-repeat":"repeat","background-position":"center center","background-size":"auto","background-attachment":"scroll","background-type":"","background-media":"","overlay-type":"","overlay-color":"","overlay-opacity":"","overlay-gradient":""},"tablet":{"background-color":"var(--ast-global-color-4)","background-image":"","background-repeat":"repeat","background-position":"center center","background-size":"auto","background-attachment":"scroll","background-type":"","background-media":"","overlay-type":"","overlay-color":"","overlay-opacity":"","overlay-gradient":""},"mobile":{"background-color":"var(--ast-global-color-4)","background-image":"","background-repeat":"repeat","background-position":"center center","background-size":"auto","background-attachment":"scroll","background-type":"","background-media":"","overlay-type":"","overlay-color":"","overlay-opacity":"","overlay-gradient":""}},"footnotes":""},"categories":[208],"tags":[78,63,55],"class_list":["post-9332","post","type-post","status-publish","format-standard","has-post-thumbnail","hentry","category-noticias","tag-aniverario","tag-aspero","tag-caral"],"acf":[],"yoast_head":"<!-- This site is optimized with the Yoast SEO plugin v27.3 - https:\/\/yoast.com\/product\/yoast-seo-wordpress\/ -->\n<title>Rito milenario - Zona Caral<\/title>\n<meta name=\"robots\" content=\"index, follow, max-snippet:-1, max-image-preview:large, max-video-preview:-1\" \/>\n<link rel=\"canonical\" href=\"https:\/\/zonacaral.gob.pe\/en\/noticias\/rito-milenario\/\" \/>\n<meta property=\"og:locale\" content=\"en_US\" \/>\n<meta property=\"og:type\" content=\"article\" \/>\n<meta property=\"og:title\" content=\"Rito milenario - Zona Caral\" \/>\n<meta property=\"og:description\" content=\"Con representaci\u00f3n de ceremonia en sitio arqueol\u00f3gico de \u00c1spero, celebran 10 a\u00f1os de recuperaci\u00f3n de la ciudad pesquera. Los primeros [&hellip;]\" \/>\n<meta property=\"og:url\" content=\"https:\/\/zonacaral.gob.pe\/en\/noticias\/rito-milenario\/\" \/>\n<meta property=\"og:site_name\" content=\"Zona Caral\" \/>\n<meta property=\"article:published_time\" content=\"2015-03-23T16:13:01+00:00\" \/>\n<meta property=\"og:image\" content=\"https:\/\/zonacaral.gob.pe\/wp-content\/uploads\/2015\/03\/diariouno-22-03-2015.jpg\" \/>\n\t<meta property=\"og:image:width\" content=\"1822\" \/>\n\t<meta property=\"og:image:height\" content=\"1155\" \/>\n\t<meta property=\"og:image:type\" content=\"image\/jpeg\" \/>\n<meta name=\"author\" content=\"Zona Caral Administrador\" \/>\n<meta name=\"twitter:card\" content=\"summary_large_image\" \/>\n<meta name=\"twitter:label1\" content=\"Written by\" \/>\n\t<meta name=\"twitter:data1\" content=\"Zona Caral Administrador\" \/>\n\t<meta name=\"twitter:label2\" content=\"Est. reading time\" \/>\n\t<meta name=\"twitter:data2\" content=\"2 minutes\" \/>\n<script type=\"application\/ld+json\" class=\"yoast-schema-graph\">{\"@context\":\"https:\\\/\\\/schema.org\",\"@graph\":[{\"@type\":\"Article\",\"@id\":\"https:\\\/\\\/zonacaral.gob.pe\\\/es\\\/noticias\\\/rito-milenario\\\/#article\",\"isPartOf\":{\"@id\":\"https:\\\/\\\/zonacaral.gob.pe\\\/es\\\/noticias\\\/rito-milenario\\\/\"},\"author\":{\"name\":\"Zona Caral Administrador\",\"@id\":\"https:\\\/\\\/zonacaral.gob.pe\\\/es\\\/#\\\/schema\\\/person\\\/beddb4d22f71a7230c5b90913270a0ee\"},\"headline\":\"Rito milenario\",\"datePublished\":\"2015-03-23T16:13:01+00:00\",\"mainEntityOfPage\":{\"@id\":\"https:\\\/\\\/zonacaral.gob.pe\\\/es\\\/noticias\\\/rito-milenario\\\/\"},\"wordCount\":354,\"image\":{\"@id\":\"https:\\\/\\\/zonacaral.gob.pe\\\/es\\\/noticias\\\/rito-milenario\\\/#primaryimage\"},\"thumbnailUrl\":\"https:\\\/\\\/zonacaral.gob.pe\\\/wp-content\\\/uploads\\\/2015\\\/03\\\/diariouno-22-03-2015.jpg\",\"keywords\":[\"aniverario\",\"Aspero\",\"caral\"],\"articleSection\":[\"noticias\"],\"inLanguage\":\"en-US\"},{\"@type\":\"WebPage\",\"@id\":\"https:\\\/\\\/zonacaral.gob.pe\\\/es\\\/noticias\\\/rito-milenario\\\/\",\"url\":\"https:\\\/\\\/zonacaral.gob.pe\\\/es\\\/noticias\\\/rito-milenario\\\/\",\"name\":\"Rito milenario - Zona Caral\",\"isPartOf\":{\"@id\":\"https:\\\/\\\/zonacaral.gob.pe\\\/es\\\/#website\"},\"primaryImageOfPage\":{\"@id\":\"https:\\\/\\\/zonacaral.gob.pe\\\/es\\\/noticias\\\/rito-milenario\\\/#primaryimage\"},\"image\":{\"@id\":\"https:\\\/\\\/zonacaral.gob.pe\\\/es\\\/noticias\\\/rito-milenario\\\/#primaryimage\"},\"thumbnailUrl\":\"https:\\\/\\\/zonacaral.gob.pe\\\/wp-content\\\/uploads\\\/2015\\\/03\\\/diariouno-22-03-2015.jpg\",\"datePublished\":\"2015-03-23T16:13:01+00:00\",\"author\":{\"@id\":\"https:\\\/\\\/zonacaral.gob.pe\\\/es\\\/#\\\/schema\\\/person\\\/beddb4d22f71a7230c5b90913270a0ee\"},\"breadcrumb\":{\"@id\":\"https:\\\/\\\/zonacaral.gob.pe\\\/es\\\/noticias\\\/rito-milenario\\\/#breadcrumb\"},\"inLanguage\":\"en-US\",\"potentialAction\":[{\"@type\":\"ReadAction\",\"target\":[\"https:\\\/\\\/zonacaral.gob.pe\\\/es\\\/noticias\\\/rito-milenario\\\/\"]}]},{\"@type\":\"ImageObject\",\"inLanguage\":\"en-US\",\"@id\":\"https:\\\/\\\/zonacaral.gob.pe\\\/es\\\/noticias\\\/rito-milenario\\\/#primaryimage\",\"url\":\"https:\\\/\\\/zonacaral.gob.pe\\\/wp-content\\\/uploads\\\/2015\\\/03\\\/diariouno-22-03-2015.jpg\",\"contentUrl\":\"https:\\\/\\\/zonacaral.gob.pe\\\/wp-content\\\/uploads\\\/2015\\\/03\\\/diariouno-22-03-2015.jpg\",\"width\":1822,\"height\":1155},{\"@type\":\"BreadcrumbList\",\"@id\":\"https:\\\/\\\/zonacaral.gob.pe\\\/es\\\/noticias\\\/rito-milenario\\\/#breadcrumb\",\"itemListElement\":[{\"@type\":\"ListItem\",\"position\":1,\"name\":\"Portada\",\"item\":\"https:\\\/\\\/zonacaral.gob.pe\\\/\"},{\"@type\":\"ListItem\",\"position\":2,\"name\":\"Rito milenario\"}]},{\"@type\":\"WebSite\",\"@id\":\"https:\\\/\\\/zonacaral.gob.pe\\\/es\\\/#website\",\"url\":\"https:\\\/\\\/zonacaral.gob.pe\\\/es\\\/\",\"name\":\"Zona Caral\",\"description\":\"Investigamos, conservamos y difundimos el patrimonio cultural de la Civilizaci\u00f3n Caral, la m\u00e1s antigua de Am\u00e9rica.\",\"potentialAction\":[{\"@type\":\"SearchAction\",\"target\":{\"@type\":\"EntryPoint\",\"urlTemplate\":\"https:\\\/\\\/zonacaral.gob.pe\\\/es\\\/?s={search_term_string}\"},\"query-input\":{\"@type\":\"PropertyValueSpecification\",\"valueRequired\":true,\"valueName\":\"search_term_string\"}}],\"inLanguage\":\"en-US\"},{\"@type\":\"Person\",\"@id\":\"https:\\\/\\\/zonacaral.gob.pe\\\/es\\\/#\\\/schema\\\/person\\\/beddb4d22f71a7230c5b90913270a0ee\",\"name\":\"Zona Caral Administrador\",\"image\":{\"@type\":\"ImageObject\",\"inLanguage\":\"en-US\",\"@id\":\"https:\\\/\\\/secure.gravatar.com\\\/avatar\\\/e4be162918a696358376de6446614e0f0f4062bdc5d170d6d540ada3d8b58c12?s=96&d=mm&r=g\",\"url\":\"https:\\\/\\\/secure.gravatar.com\\\/avatar\\\/e4be162918a696358376de6446614e0f0f4062bdc5d170d6d540ada3d8b58c12?s=96&d=mm&r=g\",\"contentUrl\":\"https:\\\/\\\/secure.gravatar.com\\\/avatar\\\/e4be162918a696358376de6446614e0f0f4062bdc5d170d6d540ada3d8b58c12?s=96&d=mm&r=g\",\"caption\":\"Zona Caral Administrador\"},\"sameAs\":[\"https:\\\/\\\/zonacaral.gob.pe\"],\"url\":\"https:\\\/\\\/zonacaral.gob.pe\\\/en\\\/noticias\\\/author\\\/ad_zonacaral\\\/\"}]}<\/script>\n<!-- \/ Yoast SEO plugin. -->","yoast_head_json":{"title":"Rito milenario - Zona Caral","robots":{"index":"index","follow":"follow","max-snippet":"max-snippet:-1","max-image-preview":"max-image-preview:large","max-video-preview":"max-video-preview:-1"},"canonical":"https:\/\/zonacaral.gob.pe\/en\/noticias\/rito-milenario\/","og_locale":"en_US","og_type":"article","og_title":"Rito milenario - Zona Caral","og_description":"Con representaci\u00f3n de ceremonia en sitio arqueol\u00f3gico de \u00c1spero, celebran 10 a\u00f1os de recuperaci\u00f3n de la ciudad pesquera. Los primeros [&hellip;]","og_url":"https:\/\/zonacaral.gob.pe\/en\/noticias\/rito-milenario\/","og_site_name":"Zona Caral","article_published_time":"2015-03-23T16:13:01+00:00","og_image":[{"width":1822,"height":1155,"url":"https:\/\/zonacaral.gob.pe\/wp-content\/uploads\/2015\/03\/diariouno-22-03-2015.jpg","type":"image\/jpeg"}],"author":"Zona Caral Administrador","twitter_card":"summary_large_image","twitter_misc":{"Written by":"Zona Caral Administrador","Est. reading time":"2 minutes"},"schema":{"@context":"https:\/\/schema.org","@graph":[{"@type":"Article","@id":"https:\/\/zonacaral.gob.pe\/es\/noticias\/rito-milenario\/#article","isPartOf":{"@id":"https:\/\/zonacaral.gob.pe\/es\/noticias\/rito-milenario\/"},"author":{"name":"Zona Caral Administrador","@id":"https:\/\/zonacaral.gob.pe\/es\/#\/schema\/person\/beddb4d22f71a7230c5b90913270a0ee"},"headline":"Rito milenario","datePublished":"2015-03-23T16:13:01+00:00","mainEntityOfPage":{"@id":"https:\/\/zonacaral.gob.pe\/es\/noticias\/rito-milenario\/"},"wordCount":354,"image":{"@id":"https:\/\/zonacaral.gob.pe\/es\/noticias\/rito-milenario\/#primaryimage"},"thumbnailUrl":"https:\/\/zonacaral.gob.pe\/wp-content\/uploads\/2015\/03\/diariouno-22-03-2015.jpg","keywords":["aniverario","Aspero","caral"],"articleSection":["noticias"],"inLanguage":"en-US"},{"@type":"WebPage","@id":"https:\/\/zonacaral.gob.pe\/es\/noticias\/rito-milenario\/","url":"https:\/\/zonacaral.gob.pe\/es\/noticias\/rito-milenario\/","name":"Rito milenario - Zona Caral","isPartOf":{"@id":"https:\/\/zonacaral.gob.pe\/es\/#website"},"primaryImageOfPage":{"@id":"https:\/\/zonacaral.gob.pe\/es\/noticias\/rito-milenario\/#primaryimage"},"image":{"@id":"https:\/\/zonacaral.gob.pe\/es\/noticias\/rito-milenario\/#primaryimage"},"thumbnailUrl":"https:\/\/zonacaral.gob.pe\/wp-content\/uploads\/2015\/03\/diariouno-22-03-2015.jpg","datePublished":"2015-03-23T16:13:01+00:00","author":{"@id":"https:\/\/zonacaral.gob.pe\/es\/#\/schema\/person\/beddb4d22f71a7230c5b90913270a0ee"},"breadcrumb":{"@id":"https:\/\/zonacaral.gob.pe\/es\/noticias\/rito-milenario\/#breadcrumb"},"inLanguage":"en-US","potentialAction":[{"@type":"ReadAction","target":["https:\/\/zonacaral.gob.pe\/es\/noticias\/rito-milenario\/"]}]},{"@type":"ImageObject","inLanguage":"en-US","@id":"https:\/\/zonacaral.gob.pe\/es\/noticias\/rito-milenario\/#primaryimage","url":"https:\/\/zonacaral.gob.pe\/wp-content\/uploads\/2015\/03\/diariouno-22-03-2015.jpg","contentUrl":"https:\/\/zonacaral.gob.pe\/wp-content\/uploads\/2015\/03\/diariouno-22-03-2015.jpg","width":1822,"height":1155},{"@type":"BreadcrumbList","@id":"https:\/\/zonacaral.gob.pe\/es\/noticias\/rito-milenario\/#breadcrumb","itemListElement":[{"@type":"ListItem","position":1,"name":"Portada","item":"https:\/\/zonacaral.gob.pe\/"},{"@type":"ListItem","position":2,"name":"Rito milenario"}]},{"@type":"WebSite","@id":"https:\/\/zonacaral.gob.pe\/es\/#website","url":"https:\/\/zonacaral.gob.pe\/es\/","name":"Zona Caral","description":"Investigamos, conservamos y difundimos el patrimonio cultural de la Civilizaci\u00f3n Caral, la m\u00e1s antigua de Am\u00e9rica.","potentialAction":[{"@type":"SearchAction","target":{"@type":"EntryPoint","urlTemplate":"https:\/\/zonacaral.gob.pe\/es\/?s={search_term_string}"},"query-input":{"@type":"PropertyValueSpecification","valueRequired":true,"valueName":"search_term_string"}}],"inLanguage":"en-US"},{"@type":"Person","@id":"https:\/\/zonacaral.gob.pe\/es\/#\/schema\/person\/beddb4d22f71a7230c5b90913270a0ee","name":"Zona Caral Administrador","image":{"@type":"ImageObject","inLanguage":"en-US","@id":"https:\/\/secure.gravatar.com\/avatar\/e4be162918a696358376de6446614e0f0f4062bdc5d170d6d540ada3d8b58c12?s=96&d=mm&r=g","url":"https:\/\/secure.gravatar.com\/avatar\/e4be162918a696358376de6446614e0f0f4062bdc5d170d6d540ada3d8b58c12?s=96&d=mm&r=g","contentUrl":"https:\/\/secure.gravatar.com\/avatar\/e4be162918a696358376de6446614e0f0f4062bdc5d170d6d540ada3d8b58c12?s=96&d=mm&r=g","caption":"Zona Caral Administrador"},"sameAs":["https:\/\/zonacaral.gob.pe"],"url":"https:\/\/zonacaral.gob.pe\/en\/noticias\/author\/ad_zonacaral\/"}]}},"_links":{"self":[{"href":"https:\/\/zonacaral.gob.pe\/en\/wp-json\/wp\/v2\/posts\/9332","targetHints":{"allow":["GET"]}}],"collection":[{"href":"https:\/\/zonacaral.gob.pe\/en\/wp-json\/wp\/v2\/posts"}],"about":[{"href":"https:\/\/zonacaral.gob.pe\/en\/wp-json\/wp\/v2\/types\/post"}],"author":[{"embeddable":true,"href":"https:\/\/zonacaral.gob.pe\/en\/wp-json\/wp\/v2\/users\/1"}],"replies":[{"embeddable":true,"href":"https:\/\/zonacaral.gob.pe\/en\/wp-json\/wp\/v2\/comments?post=9332"}],"version-history":[{"count":0,"href":"https:\/\/zonacaral.gob.pe\/en\/wp-json\/wp\/v2\/posts\/9332\/revisions"}],"wp:featuredmedia":[{"embeddable":true,"href":"https:\/\/zonacaral.gob.pe\/en\/wp-json\/wp\/v2\/media\/9333"}],"wp:attachment":[{"href":"https:\/\/zonacaral.gob.pe\/en\/wp-json\/wp\/v2\/media?parent=9332"}],"wp:term":[{"taxonomy":"category","embeddable":true,"href":"https:\/\/zonacaral.gob.pe\/en\/wp-json\/wp\/v2\/categories?post=9332"},{"taxonomy":"post_tag","embeddable":true,"href":"https:\/\/zonacaral.gob.pe\/en\/wp-json\/wp\/v2\/tags?post=9332"}],"curies":[{"name":"wp","href":"https:\/\/api.w.org\/{rel}","templated":true}]}}