{"id":9337,"date":"2015-03-24T12:21:28","date_gmt":"2015-03-24T17:21:28","guid":{"rendered":"http:\/\/www.zonacaral.gob.pe\/?p=9337"},"modified":"2015-03-24T12:21:28","modified_gmt":"2015-03-24T17:21:28","slug":"descubre-aspero-la-antigua-ciudad-pesquera-del-norte-de-peru","status":"publish","type":"post","link":"https:\/\/zonacaral.gob.pe\/en\/noticias\/descubre-aspero-la-antigua-ciudad-pesquera-del-norte-de-peru\/","title":{"rendered":"Descubre \u00c1spero, la antigua ciudad pesquera del norte de Per\u00fa"},"content":{"rendered":"<blockquote><p>Este complejo arqueol\u00f3gico est\u00e1 a 186 kil\u00f3metros de Lima y es una gran opci\u00f3n para visitar en el feriado largo que se acerca.<\/p><\/blockquote>\n<p>Durante casi 30 a\u00f1os, toneladas de basura y desmonte se acumularon en un \u00e1rea cercana a Supe Puerto al norte de Lima. Miles de personas pasaban por ah\u00ed sin imaginar qu\u00e9 hab\u00eda debajo de ese enorme mont\u00edculo de desperdicios hasta que en el 2005, un proyecto se encarg\u00f3 de traer a la superficie el complejo arqueol\u00f3gico de \u00c1spero.<\/p>\n<p>\u00c1spero y la ciudad de Caral tienen una relaci\u00f3n muy estrecha. No solo pertenecen al mismo periodo arcaico tard\u00edo, entre 3000 y 1800 a.C., sino que se presume que \u00c1spero era en realidad su centro pesquero al estar a solo 500 metros del mar.<\/p>\n<p>En el complejo de \u00c1spero podemos encontrar pir\u00e1mides, escaleras, plataformas ceremoniales y plazas circulares, caracter\u00edsticas muy similares a las de Caral. Algunos de los objetos que se hallaron son flautas hechas con huesos de aves, collares de spondilus e instrumentos de pesca que usaban los antiguos pobladores.<\/p>\n<p>Son unos 30 edificios los que componen el sitio arqueol\u00f3gico entre los que destacan la Huaca Alta que es la de mayor tama\u00f1o, la Huaca de los \u00cddolos donde se encontraron figuras de barro, y la Huaca de los Sacrificios que serv\u00eda como centro para realizar las ofrendas humanas a los dioses.<\/p>\n<p>La entrada a \u00c1spero es gratuita, solo hay que pagar por el servicio de guiado, lo cual la convierte en un gran lugar para visitar en familia durante el feriado de Semana Santa.<\/p>\n<h4 style=\"color: #444444;\">EL DATO<\/h4>\n<p style=\"text-align: justify;\">Si deseas conocer \u00c1spero desde un \u00e1ngulo distinto, este 27 de marzo desde las 6 p.m. se realizar\u00e1 el pago a la Cochamama como parte de las celebraciones por el d\u00e9cimo aniversario de la puesta en valor del lugar. Los actores Reynaldo Arenas y Hayde\u00e9 C\u00e1ceres interpretar\u00e1n al sacerdote y a la Se\u00f1ora de \u00c1spero en esta representaci\u00f3n.<\/p>\n<p style=\"text-align: justify;\">El s\u00e1bado 28 a partir de las 10 a.m. empezar\u00e1 el \u00c1spero Raymi con visitas guiadas tanto a las pir\u00e1mides como al renovado Centro de Interpretaci\u00f3n. A mediod\u00eda se presentar\u00e1n elencos de danza y m\u00fasica que interpretar\u00e1n bailes tradicionales.<\/p>\n<p style=\"color: #444444;\"><strong>Fuente:\u00a0<span style=\"color: #800000;\">(<a href=\"http:\/\/elcomercio.pe\/vamos\/peru\/aspero-descubre-aspero-antigua-ciudad-pesquera-norte-chico-noticia-1798941\">El Comercio \/ Vamos<\/a><\/span><span style=\"color: #800000;\">)<\/span><\/strong><\/p>\n<p style=\"color: #000000;\">Fecha de publicaci\u00f3n: 23\/03\/2015<\/p>","protected":false},"excerpt":{"rendered":"<p>Este complejo arqueol\u00f3gico est\u00e1 a 186 kil\u00f3metros de Lima y es una gran opci\u00f3n para visitar en el feriado largo [&hellip;]<\/p>\n","protected":false},"author":1,"featured_media":9338,"comment_status":"closed","ping_status":"open","sticky":false,"template":"","format":"standard","meta":{"_acf_changed":false,"site-sidebar-layout":"default","site-content-layout":"","ast-site-content-layout":"default","site-content-style":"default","site-sidebar-style":"default","ast-global-header-display":"","ast-banner-title-visibility":"","ast-main-header-display":"","ast-hfb-above-header-display":"","ast-hfb-below-header-display":"","ast-hfb-mobile-header-display":"","site-post-title":"","ast-breadcrumbs-content":"","ast-featured-img":"","footer-sml-layout":"","ast-disable-related-posts":"","theme-transparent-header-meta":"","adv-header-id-meta":"","stick-header-meta":"","header-above-stick-meta":"","header-main-stick-meta":"","header-below-stick-meta":"","astra-migrate-meta-layouts":"default","ast-page-background-enabled":"default","ast-page-background-meta":{"desktop":{"background-color":"var(--ast-global-color-5)","background-image":"","background-repeat":"repeat","background-position":"center center","background-size":"auto","background-attachment":"scroll","background-type":"","background-media":"","overlay-type":"","overlay-color":"","overlay-opacity":"","overlay-gradient":""},"tablet":{"background-color":"","background-image":"","background-repeat":"repeat","background-position":"center center","background-size":"auto","background-attachment":"scroll","background-type":"","background-media":"","overlay-type":"","overlay-color":"","overlay-opacity":"","overlay-gradient":""},"mobile":{"background-color":"","background-image":"","background-repeat":"repeat","background-position":"center center","background-size":"auto","background-attachment":"scroll","background-type":"","background-media":"","overlay-type":"","overlay-color":"","overlay-opacity":"","overlay-gradient":""}},"ast-content-background-meta":{"desktop":{"background-color":"var(--ast-global-color-4)","background-image":"","background-repeat":"repeat","background-position":"center center","background-size":"auto","background-attachment":"scroll","background-type":"","background-media":"","overlay-type":"","overlay-color":"","overlay-opacity":"","overlay-gradient":""},"tablet":{"background-color":"var(--ast-global-color-4)","background-image":"","background-repeat":"repeat","background-position":"center center","background-size":"auto","background-attachment":"scroll","background-type":"","background-media":"","overlay-type":"","overlay-color":"","overlay-opacity":"","overlay-gradient":""},"mobile":{"background-color":"var(--ast-global-color-4)","background-image":"","background-repeat":"repeat","background-position":"center center","background-size":"auto","background-attachment":"scroll","background-type":"","background-media":"","overlay-type":"","overlay-color":"","overlay-opacity":"","overlay-gradient":""}},"footnotes":""},"categories":[208],"tags":[78,63,55],"class_list":["post-9337","post","type-post","status-publish","format-standard","has-post-thumbnail","hentry","category-noticias","tag-aniverario","tag-aspero","tag-caral"],"acf":[],"yoast_head":"<!-- This site is optimized with the Yoast SEO plugin v27.3 - https:\/\/yoast.com\/product\/yoast-seo-wordpress\/ -->\n<title>Descubre \u00c1spero, la antigua ciudad pesquera del norte de Per\u00fa - Zona Caral<\/title>\n<meta name=\"robots\" content=\"index, follow, max-snippet:-1, max-image-preview:large, max-video-preview:-1\" \/>\n<link rel=\"canonical\" href=\"https:\/\/zonacaral.gob.pe\/en\/noticias\/descubre-aspero-la-antigua-ciudad-pesquera-del-norte-de-peru\/\" \/>\n<meta property=\"og:locale\" content=\"en_US\" \/>\n<meta property=\"og:type\" content=\"article\" \/>\n<meta property=\"og:title\" content=\"Descubre \u00c1spero, la antigua ciudad pesquera del norte de Per\u00fa - Zona Caral\" \/>\n<meta property=\"og:description\" content=\"Este complejo arqueol\u00f3gico est\u00e1 a 186 kil\u00f3metros de Lima y es una gran opci\u00f3n para visitar en el feriado largo [&hellip;]\" \/>\n<meta property=\"og:url\" content=\"https:\/\/zonacaral.gob.pe\/en\/noticias\/descubre-aspero-la-antigua-ciudad-pesquera-del-norte-de-peru\/\" \/>\n<meta property=\"og:site_name\" content=\"Zona Caral\" \/>\n<meta property=\"article:published_time\" content=\"2015-03-24T17:21:28+00:00\" \/>\n<meta property=\"og:image\" content=\"https:\/\/zonacaral.gob.pe\/wp-content\/uploads\/2015\/03\/vamos-comercio-caral-23-03-2015.jpg\" \/>\n\t<meta property=\"og:image:width\" content=\"619\" \/>\n\t<meta property=\"og:image:height\" content=\"347\" \/>\n\t<meta property=\"og:image:type\" content=\"image\/jpeg\" \/>\n<meta name=\"author\" content=\"Zona Caral Administrador\" \/>\n<meta name=\"twitter:card\" content=\"summary_large_image\" \/>\n<meta name=\"twitter:label1\" content=\"Written by\" \/>\n\t<meta name=\"twitter:data1\" content=\"Zona Caral Administrador\" \/>\n\t<meta name=\"twitter:label2\" content=\"Est. reading time\" \/>\n\t<meta name=\"twitter:data2\" content=\"2 minutes\" \/>\n<script type=\"application\/ld+json\" class=\"yoast-schema-graph\">{\"@context\":\"https:\\\/\\\/schema.org\",\"@graph\":[{\"@type\":\"Article\",\"@id\":\"https:\\\/\\\/zonacaral.gob.pe\\\/en\\\/noticias\\\/descubre-aspero-la-antigua-ciudad-pesquera-del-norte-de-peru\\\/#article\",\"isPartOf\":{\"@id\":\"https:\\\/\\\/zonacaral.gob.pe\\\/en\\\/noticias\\\/descubre-aspero-la-antigua-ciudad-pesquera-del-norte-de-peru\\\/\"},\"author\":{\"name\":\"Zona Caral Administrador\",\"@id\":\"https:\\\/\\\/zonacaral.gob.pe\\\/es\\\/#\\\/schema\\\/person\\\/beddb4d22f71a7230c5b90913270a0ee\"},\"headline\":\"Descubre \u00c1spero, la antigua ciudad pesquera del norte de Per\u00fa\",\"datePublished\":\"2015-03-24T17:21:28+00:00\",\"mainEntityOfPage\":{\"@id\":\"https:\\\/\\\/zonacaral.gob.pe\\\/en\\\/noticias\\\/descubre-aspero-la-antigua-ciudad-pesquera-del-norte-de-peru\\\/\"},\"wordCount\":392,\"image\":{\"@id\":\"https:\\\/\\\/zonacaral.gob.pe\\\/en\\\/noticias\\\/descubre-aspero-la-antigua-ciudad-pesquera-del-norte-de-peru\\\/#primaryimage\"},\"thumbnailUrl\":\"https:\\\/\\\/zonacaral.gob.pe\\\/wp-content\\\/uploads\\\/2015\\\/03\\\/vamos-comercio-caral-23-03-2015.jpg\",\"keywords\":[\"aniverario\",\"Aspero\",\"caral\"],\"articleSection\":[\"noticias\"],\"inLanguage\":\"en-US\"},{\"@type\":\"WebPage\",\"@id\":\"https:\\\/\\\/zonacaral.gob.pe\\\/en\\\/noticias\\\/descubre-aspero-la-antigua-ciudad-pesquera-del-norte-de-peru\\\/\",\"url\":\"https:\\\/\\\/zonacaral.gob.pe\\\/en\\\/noticias\\\/descubre-aspero-la-antigua-ciudad-pesquera-del-norte-de-peru\\\/\",\"name\":\"Descubre \u00c1spero, la antigua ciudad pesquera del norte de Per\u00fa - Zona Caral\",\"isPartOf\":{\"@id\":\"https:\\\/\\\/zonacaral.gob.pe\\\/es\\\/#website\"},\"primaryImageOfPage\":{\"@id\":\"https:\\\/\\\/zonacaral.gob.pe\\\/en\\\/noticias\\\/descubre-aspero-la-antigua-ciudad-pesquera-del-norte-de-peru\\\/#primaryimage\"},\"image\":{\"@id\":\"https:\\\/\\\/zonacaral.gob.pe\\\/en\\\/noticias\\\/descubre-aspero-la-antigua-ciudad-pesquera-del-norte-de-peru\\\/#primaryimage\"},\"thumbnailUrl\":\"https:\\\/\\\/zonacaral.gob.pe\\\/wp-content\\\/uploads\\\/2015\\\/03\\\/vamos-comercio-caral-23-03-2015.jpg\",\"datePublished\":\"2015-03-24T17:21:28+00:00\",\"author\":{\"@id\":\"https:\\\/\\\/zonacaral.gob.pe\\\/es\\\/#\\\/schema\\\/person\\\/beddb4d22f71a7230c5b90913270a0ee\"},\"breadcrumb\":{\"@id\":\"https:\\\/\\\/zonacaral.gob.pe\\\/en\\\/noticias\\\/descubre-aspero-la-antigua-ciudad-pesquera-del-norte-de-peru\\\/#breadcrumb\"},\"inLanguage\":\"en-US\",\"potentialAction\":[{\"@type\":\"ReadAction\",\"target\":[\"https:\\\/\\\/zonacaral.gob.pe\\\/en\\\/noticias\\\/descubre-aspero-la-antigua-ciudad-pesquera-del-norte-de-peru\\\/\"]}]},{\"@type\":\"ImageObject\",\"inLanguage\":\"en-US\",\"@id\":\"https:\\\/\\\/zonacaral.gob.pe\\\/en\\\/noticias\\\/descubre-aspero-la-antigua-ciudad-pesquera-del-norte-de-peru\\\/#primaryimage\",\"url\":\"https:\\\/\\\/zonacaral.gob.pe\\\/wp-content\\\/uploads\\\/2015\\\/03\\\/vamos-comercio-caral-23-03-2015.jpg\",\"contentUrl\":\"https:\\\/\\\/zonacaral.gob.pe\\\/wp-content\\\/uploads\\\/2015\\\/03\\\/vamos-comercio-caral-23-03-2015.jpg\",\"width\":619,\"height\":347},{\"@type\":\"BreadcrumbList\",\"@id\":\"https:\\\/\\\/zonacaral.gob.pe\\\/en\\\/noticias\\\/descubre-aspero-la-antigua-ciudad-pesquera-del-norte-de-peru\\\/#breadcrumb\",\"itemListElement\":[{\"@type\":\"ListItem\",\"position\":1,\"name\":\"Portada\",\"item\":\"https:\\\/\\\/zonacaral.gob.pe\\\/\"},{\"@type\":\"ListItem\",\"position\":2,\"name\":\"Descubre \u00c1spero, la antigua ciudad pesquera del norte de Per\u00fa\"}]},{\"@type\":\"WebSite\",\"@id\":\"https:\\\/\\\/zonacaral.gob.pe\\\/es\\\/#website\",\"url\":\"https:\\\/\\\/zonacaral.gob.pe\\\/es\\\/\",\"name\":\"Zona Caral\",\"description\":\"Investigamos, conservamos y difundimos el patrimonio cultural de la Civilizaci\u00f3n Caral, la m\u00e1s antigua de Am\u00e9rica.\",\"potentialAction\":[{\"@type\":\"SearchAction\",\"target\":{\"@type\":\"EntryPoint\",\"urlTemplate\":\"https:\\\/\\\/zonacaral.gob.pe\\\/es\\\/?s={search_term_string}\"},\"query-input\":{\"@type\":\"PropertyValueSpecification\",\"valueRequired\":true,\"valueName\":\"search_term_string\"}}],\"inLanguage\":\"en-US\"},{\"@type\":\"Person\",\"@id\":\"https:\\\/\\\/zonacaral.gob.pe\\\/es\\\/#\\\/schema\\\/person\\\/beddb4d22f71a7230c5b90913270a0ee\",\"name\":\"Zona Caral Administrador\",\"image\":{\"@type\":\"ImageObject\",\"inLanguage\":\"en-US\",\"@id\":\"https:\\\/\\\/secure.gravatar.com\\\/avatar\\\/e4be162918a696358376de6446614e0f0f4062bdc5d170d6d540ada3d8b58c12?s=96&d=mm&r=g\",\"url\":\"https:\\\/\\\/secure.gravatar.com\\\/avatar\\\/e4be162918a696358376de6446614e0f0f4062bdc5d170d6d540ada3d8b58c12?s=96&d=mm&r=g\",\"contentUrl\":\"https:\\\/\\\/secure.gravatar.com\\\/avatar\\\/e4be162918a696358376de6446614e0f0f4062bdc5d170d6d540ada3d8b58c12?s=96&d=mm&r=g\",\"caption\":\"Zona Caral Administrador\"},\"sameAs\":[\"https:\\\/\\\/zonacaral.gob.pe\"],\"url\":\"https:\\\/\\\/zonacaral.gob.pe\\\/en\\\/noticias\\\/author\\\/ad_zonacaral\\\/\"}]}<\/script>\n<!-- \/ Yoast SEO plugin. -->","yoast_head_json":{"title":"Descubre \u00c1spero, la antigua ciudad pesquera del norte de Per\u00fa - Zona Caral","robots":{"index":"index","follow":"follow","max-snippet":"max-snippet:-1","max-image-preview":"max-image-preview:large","max-video-preview":"max-video-preview:-1"},"canonical":"https:\/\/zonacaral.gob.pe\/en\/noticias\/descubre-aspero-la-antigua-ciudad-pesquera-del-norte-de-peru\/","og_locale":"en_US","og_type":"article","og_title":"Descubre \u00c1spero, la antigua ciudad pesquera del norte de Per\u00fa - Zona Caral","og_description":"Este complejo arqueol\u00f3gico est\u00e1 a 186 kil\u00f3metros de Lima y es una gran opci\u00f3n para visitar en el feriado largo [&hellip;]","og_url":"https:\/\/zonacaral.gob.pe\/en\/noticias\/descubre-aspero-la-antigua-ciudad-pesquera-del-norte-de-peru\/","og_site_name":"Zona Caral","article_published_time":"2015-03-24T17:21:28+00:00","og_image":[{"width":619,"height":347,"url":"https:\/\/zonacaral.gob.pe\/wp-content\/uploads\/2015\/03\/vamos-comercio-caral-23-03-2015.jpg","type":"image\/jpeg"}],"author":"Zona Caral Administrador","twitter_card":"summary_large_image","twitter_misc":{"Written by":"Zona Caral Administrador","Est. reading time":"2 minutes"},"schema":{"@context":"https:\/\/schema.org","@graph":[{"@type":"Article","@id":"https:\/\/zonacaral.gob.pe\/en\/noticias\/descubre-aspero-la-antigua-ciudad-pesquera-del-norte-de-peru\/#article","isPartOf":{"@id":"https:\/\/zonacaral.gob.pe\/en\/noticias\/descubre-aspero-la-antigua-ciudad-pesquera-del-norte-de-peru\/"},"author":{"name":"Zona Caral Administrador","@id":"https:\/\/zonacaral.gob.pe\/es\/#\/schema\/person\/beddb4d22f71a7230c5b90913270a0ee"},"headline":"Descubre \u00c1spero, la antigua ciudad pesquera del norte de Per\u00fa","datePublished":"2015-03-24T17:21:28+00:00","mainEntityOfPage":{"@id":"https:\/\/zonacaral.gob.pe\/en\/noticias\/descubre-aspero-la-antigua-ciudad-pesquera-del-norte-de-peru\/"},"wordCount":392,"image":{"@id":"https:\/\/zonacaral.gob.pe\/en\/noticias\/descubre-aspero-la-antigua-ciudad-pesquera-del-norte-de-peru\/#primaryimage"},"thumbnailUrl":"https:\/\/zonacaral.gob.pe\/wp-content\/uploads\/2015\/03\/vamos-comercio-caral-23-03-2015.jpg","keywords":["aniverario","Aspero","caral"],"articleSection":["noticias"],"inLanguage":"en-US"},{"@type":"WebPage","@id":"https:\/\/zonacaral.gob.pe\/en\/noticias\/descubre-aspero-la-antigua-ciudad-pesquera-del-norte-de-peru\/","url":"https:\/\/zonacaral.gob.pe\/en\/noticias\/descubre-aspero-la-antigua-ciudad-pesquera-del-norte-de-peru\/","name":"Descubre \u00c1spero, la antigua ciudad pesquera del norte de Per\u00fa - Zona Caral","isPartOf":{"@id":"https:\/\/zonacaral.gob.pe\/es\/#website"},"primaryImageOfPage":{"@id":"https:\/\/zonacaral.gob.pe\/en\/noticias\/descubre-aspero-la-antigua-ciudad-pesquera-del-norte-de-peru\/#primaryimage"},"image":{"@id":"https:\/\/zonacaral.gob.pe\/en\/noticias\/descubre-aspero-la-antigua-ciudad-pesquera-del-norte-de-peru\/#primaryimage"},"thumbnailUrl":"https:\/\/zonacaral.gob.pe\/wp-content\/uploads\/2015\/03\/vamos-comercio-caral-23-03-2015.jpg","datePublished":"2015-03-24T17:21:28+00:00","author":{"@id":"https:\/\/zonacaral.gob.pe\/es\/#\/schema\/person\/beddb4d22f71a7230c5b90913270a0ee"},"breadcrumb":{"@id":"https:\/\/zonacaral.gob.pe\/en\/noticias\/descubre-aspero-la-antigua-ciudad-pesquera-del-norte-de-peru\/#breadcrumb"},"inLanguage":"en-US","potentialAction":[{"@type":"ReadAction","target":["https:\/\/zonacaral.gob.pe\/en\/noticias\/descubre-aspero-la-antigua-ciudad-pesquera-del-norte-de-peru\/"]}]},{"@type":"ImageObject","inLanguage":"en-US","@id":"https:\/\/zonacaral.gob.pe\/en\/noticias\/descubre-aspero-la-antigua-ciudad-pesquera-del-norte-de-peru\/#primaryimage","url":"https:\/\/zonacaral.gob.pe\/wp-content\/uploads\/2015\/03\/vamos-comercio-caral-23-03-2015.jpg","contentUrl":"https:\/\/zonacaral.gob.pe\/wp-content\/uploads\/2015\/03\/vamos-comercio-caral-23-03-2015.jpg","width":619,"height":347},{"@type":"BreadcrumbList","@id":"https:\/\/zonacaral.gob.pe\/en\/noticias\/descubre-aspero-la-antigua-ciudad-pesquera-del-norte-de-peru\/#breadcrumb","itemListElement":[{"@type":"ListItem","position":1,"name":"Portada","item":"https:\/\/zonacaral.gob.pe\/"},{"@type":"ListItem","position":2,"name":"Descubre \u00c1spero, la antigua ciudad pesquera del norte de Per\u00fa"}]},{"@type":"WebSite","@id":"https:\/\/zonacaral.gob.pe\/es\/#website","url":"https:\/\/zonacaral.gob.pe\/es\/","name":"Zona Caral","description":"Investigamos, conservamos y difundimos el patrimonio cultural de la Civilizaci\u00f3n Caral, la m\u00e1s antigua de Am\u00e9rica.","potentialAction":[{"@type":"SearchAction","target":{"@type":"EntryPoint","urlTemplate":"https:\/\/zonacaral.gob.pe\/es\/?s={search_term_string}"},"query-input":{"@type":"PropertyValueSpecification","valueRequired":true,"valueName":"search_term_string"}}],"inLanguage":"en-US"},{"@type":"Person","@id":"https:\/\/zonacaral.gob.pe\/es\/#\/schema\/person\/beddb4d22f71a7230c5b90913270a0ee","name":"Zona Caral Administrador","image":{"@type":"ImageObject","inLanguage":"en-US","@id":"https:\/\/secure.gravatar.com\/avatar\/e4be162918a696358376de6446614e0f0f4062bdc5d170d6d540ada3d8b58c12?s=96&d=mm&r=g","url":"https:\/\/secure.gravatar.com\/avatar\/e4be162918a696358376de6446614e0f0f4062bdc5d170d6d540ada3d8b58c12?s=96&d=mm&r=g","contentUrl":"https:\/\/secure.gravatar.com\/avatar\/e4be162918a696358376de6446614e0f0f4062bdc5d170d6d540ada3d8b58c12?s=96&d=mm&r=g","caption":"Zona Caral Administrador"},"sameAs":["https:\/\/zonacaral.gob.pe"],"url":"https:\/\/zonacaral.gob.pe\/en\/noticias\/author\/ad_zonacaral\/"}]}},"_links":{"self":[{"href":"https:\/\/zonacaral.gob.pe\/en\/wp-json\/wp\/v2\/posts\/9337","targetHints":{"allow":["GET"]}}],"collection":[{"href":"https:\/\/zonacaral.gob.pe\/en\/wp-json\/wp\/v2\/posts"}],"about":[{"href":"https:\/\/zonacaral.gob.pe\/en\/wp-json\/wp\/v2\/types\/post"}],"author":[{"embeddable":true,"href":"https:\/\/zonacaral.gob.pe\/en\/wp-json\/wp\/v2\/users\/1"}],"replies":[{"embeddable":true,"href":"https:\/\/zonacaral.gob.pe\/en\/wp-json\/wp\/v2\/comments?post=9337"}],"version-history":[{"count":0,"href":"https:\/\/zonacaral.gob.pe\/en\/wp-json\/wp\/v2\/posts\/9337\/revisions"}],"wp:featuredmedia":[{"embeddable":true,"href":"https:\/\/zonacaral.gob.pe\/en\/wp-json\/wp\/v2\/media\/9338"}],"wp:attachment":[{"href":"https:\/\/zonacaral.gob.pe\/en\/wp-json\/wp\/v2\/media?parent=9337"}],"wp:term":[{"taxonomy":"category","embeddable":true,"href":"https:\/\/zonacaral.gob.pe\/en\/wp-json\/wp\/v2\/categories?post=9337"},{"taxonomy":"post_tag","embeddable":true,"href":"https:\/\/zonacaral.gob.pe\/en\/wp-json\/wp\/v2\/tags?post=9337"}],"curies":[{"name":"wp","href":"https:\/\/api.w.org\/{rel}","templated":true}]}}