{"id":9367,"date":"2015-03-30T15:06:40","date_gmt":"2015-03-30T20:06:40","guid":{"rendered":"http:\/\/www.zonacaral.gob.pe\/?p=9367"},"modified":"2015-03-30T15:06:40","modified_gmt":"2015-03-30T20:06:40","slug":"biblioteca-nacional-del-peru-condecorara-a-alfonsina-barrionuevo-ruth-shady-solis-y-aida-vadillo","status":"publish","type":"post","link":"https:\/\/zonacaral.gob.pe\/en\/noticias\/biblioteca-nacional-del-peru-condecorara-a-alfonsina-barrionuevo-ruth-shady-solis-y-aida-vadillo\/","title":{"rendered":"Biblioteca Nacional del Per\u00fa condecorar\u00e1 a Alfonsina Barrionuevo, Ruth Shady Sol\u00eds y A\u00edda Vadillo"},"content":{"rendered":"<blockquote><p>Tambi\u00e9n se rendir\u00e1 homenaje a la memoria de Carmen Checa de Silva, pionera del Sistema Nacional de Bibliotecas<\/p><\/blockquote>\n<p style=\"text-align: justify;\">La Biblioteca Nacional del Per\u00fa (BNP) entregar\u00e1 la Medalla de Honor \u201cClorinda Matto de Turner\u201d a tres destacadas intelectuales peruanas, en reconocimiento a sus importantes aportes a la educaci\u00f3n, las artes y la cultura nacional.<\/p>\n<p style=\"text-align: justify;\">Esta distinci\u00f3n por el trabajo en la sociedad peruana ser\u00e1 recibida, en el marco del \u201cD\u00eda Internacional de la Mujer\u201d, por la abogada y periodista Alfonsina Barrionuevo, la arque\u00f3loga, antrop\u00f3loga y educadora, Ruth Shady Sol\u00eds y la educadora, abogada y antrop\u00f3loga A\u00edda Vadillo Guti\u00e9rrez.<\/p>\n<p style=\"text-align: justify;\">Enseguida, las tres mujeres galardonadas realizar\u00e1n un conversatorio denominado \u201cVida y Legado de Mujeres intelectuales en el Per\u00fa\u201d, en el que compartir\u00e1n sus experiencias de vida.<\/p>\n<p style=\"text-align: justify;\">Asimismo, la BNP rendir\u00e1 tambi\u00e9n un homenaje a la memoria de Carmen Checa de Silva, notable bibliotec\u00f3loga que trabaj\u00f3 por la promoci\u00f3n y expansi\u00f3n de las bibliotecas p\u00fablicas del Per\u00fa.<\/p>\n<p style=\"text-align: justify;\">Por ello, se inaugurar\u00e1 la exposici\u00f3n \u201cHomenaje a Carmen Checa de Silva, Pionera del Sistema Nacional de Bibliotecas\u201d, acto que contar\u00e1 con la presencia de los hijos de Checa de Silva.<\/p>\n<p style=\"text-align: justify;\">La BNP ha instituido el reconocimiento de la Medalla de Honor \u201cClorinda Matto de Turner\u201d, como ejemplo de intelectualidad y perseverancia acad\u00e9mica para el Per\u00fa, y en especial para las mujeres peruanas que, pese a las limitaciones econ\u00f3micas, pol\u00edticas y de g\u00e9nero, contribuyen al desarrollo nacional con talento, fortaleza, innovaci\u00f3n y justicia social.<\/p>\n<p style=\"text-align: justify;\">Esta actividad se realizar\u00e1 el pr\u00f3ximo mi\u00e9rcoles 01 de abril, a las 18:00 h., en el auditorio \u201cSebasti\u00e1n Salazar Bondy\u201d de la Gran Biblioteca P\u00fablica de Lima (Av. Abancay cuadra 4 s\/n).<\/p>\n<p><strong style=\"color: #444444;\">Fuente:\u00a0<span style=\"color: #800000;\">(<a href=\"http:\/\/www.bnp.gob.pe\/portalbnp\/index.php?option=com_content&amp;view=article&amp;id=2670:bnp-condecorara-a-alfonsina-barrionuevo-ruth-shady-y-aida-vadillo&amp;catid=366:noticias-marzo-2015&amp;Itemid=900\" target=\"_blank\"><span style=\"color: #800000;\">www.bnp.gob.pe<\/span><\/a><a href=\"http:\/\/www.andina.com.pe\/agencia\/noticia-google-street-view-registra-monumentos-arqueologicos-peruanos-548912.aspx\"><span style=\"color: #800000;\">)<\/span><\/a><\/span><\/strong><\/p>\n<p style=\"color: #000000;\">Fecha de publicaci\u00f3n: 27\/03\/2015<\/p>","protected":false},"excerpt":{"rendered":"<p>Tambi\u00e9n se rendir\u00e1 homenaje a la memoria de Carmen Checa de Silva, pionera del Sistema Nacional de Bibliotecas La Biblioteca [&hellip;]<\/p>\n","protected":false},"author":1,"featured_media":9373,"comment_status":"closed","ping_status":"open","sticky":false,"template":"","format":"standard","meta":{"_acf_changed":false,"site-sidebar-layout":"default","site-content-layout":"","ast-site-content-layout":"default","site-content-style":"default","site-sidebar-style":"default","ast-global-header-display":"","ast-banner-title-visibility":"","ast-main-header-display":"","ast-hfb-above-header-display":"","ast-hfb-below-header-display":"","ast-hfb-mobile-header-display":"","site-post-title":"","ast-breadcrumbs-content":"","ast-featured-img":"","footer-sml-layout":"","ast-disable-related-posts":"","theme-transparent-header-meta":"","adv-header-id-meta":"","stick-header-meta":"","header-above-stick-meta":"","header-main-stick-meta":"","header-below-stick-meta":"","astra-migrate-meta-layouts":"default","ast-page-background-enabled":"default","ast-page-background-meta":{"desktop":{"background-color":"var(--ast-global-color-5)","background-image":"","background-repeat":"repeat","background-position":"center center","background-size":"auto","background-attachment":"scroll","background-type":"","background-media":"","overlay-type":"","overlay-color":"","overlay-opacity":"","overlay-gradient":""},"tablet":{"background-color":"","background-image":"","background-repeat":"repeat","background-position":"center center","background-size":"auto","background-attachment":"scroll","background-type":"","background-media":"","overlay-type":"","overlay-color":"","overlay-opacity":"","overlay-gradient":""},"mobile":{"background-color":"","background-image":"","background-repeat":"repeat","background-position":"center center","background-size":"auto","background-attachment":"scroll","background-type":"","background-media":"","overlay-type":"","overlay-color":"","overlay-opacity":"","overlay-gradient":""}},"ast-content-background-meta":{"desktop":{"background-color":"var(--ast-global-color-4)","background-image":"","background-repeat":"repeat","background-position":"center center","background-size":"auto","background-attachment":"scroll","background-type":"","background-media":"","overlay-type":"","overlay-color":"","overlay-opacity":"","overlay-gradient":""},"tablet":{"background-color":"var(--ast-global-color-4)","background-image":"","background-repeat":"repeat","background-position":"center center","background-size":"auto","background-attachment":"scroll","background-type":"","background-media":"","overlay-type":"","overlay-color":"","overlay-opacity":"","overlay-gradient":""},"mobile":{"background-color":"var(--ast-global-color-4)","background-image":"","background-repeat":"repeat","background-position":"center center","background-size":"auto","background-attachment":"scroll","background-type":"","background-media":"","overlay-type":"","overlay-color":"","overlay-opacity":"","overlay-gradient":""}},"footnotes":""},"categories":[208],"tags":[81,55,82],"class_list":["post-9367","post","type-post","status-publish","format-standard","has-post-thumbnail","hentry","category-noticias","tag-bnp","tag-caral","tag-ruth-shady"],"acf":[],"yoast_head":"<!-- This site is optimized with the Yoast SEO plugin v27.3 - https:\/\/yoast.com\/product\/yoast-seo-wordpress\/ -->\n<title>Biblioteca Nacional del Per\u00fa condecorar\u00e1 a Alfonsina Barrionuevo, Ruth Shady Sol\u00eds y A\u00edda Vadillo - Zona Caral<\/title>\n<meta name=\"robots\" content=\"index, follow, max-snippet:-1, max-image-preview:large, max-video-preview:-1\" \/>\n<link rel=\"canonical\" href=\"https:\/\/zonacaral.gob.pe\/en\/noticias\/biblioteca-nacional-del-peru-condecorara-a-alfonsina-barrionuevo-ruth-shady-solis-y-aida-vadillo\/\" \/>\n<meta property=\"og:locale\" content=\"en_US\" \/>\n<meta property=\"og:type\" content=\"article\" \/>\n<meta property=\"og:title\" content=\"Biblioteca Nacional del Per\u00fa condecorar\u00e1 a Alfonsina Barrionuevo, Ruth Shady Sol\u00eds y A\u00edda Vadillo - Zona Caral\" \/>\n<meta property=\"og:description\" content=\"Tambi\u00e9n se rendir\u00e1 homenaje a la memoria de Carmen Checa de Silva, pionera del Sistema Nacional de Bibliotecas La Biblioteca [&hellip;]\" \/>\n<meta property=\"og:url\" content=\"https:\/\/zonacaral.gob.pe\/en\/noticias\/biblioteca-nacional-del-peru-condecorara-a-alfonsina-barrionuevo-ruth-shady-solis-y-aida-vadillo\/\" \/>\n<meta property=\"og:site_name\" content=\"Zona Caral\" \/>\n<meta property=\"article:published_time\" content=\"2015-03-30T20:06:40+00:00\" \/>\n<meta property=\"og:image\" content=\"https:\/\/zonacaral.gob.pe\/wp-content\/uploads\/2015\/03\/biblioteca-nacional-30-03-2015-02.jpg\" \/>\n\t<meta property=\"og:image:width\" content=\"842\" \/>\n\t<meta property=\"og:image:height\" content=\"470\" \/>\n\t<meta property=\"og:image:type\" content=\"image\/jpeg\" \/>\n<meta name=\"author\" content=\"Zona Caral Administrador\" \/>\n<meta name=\"twitter:card\" content=\"summary_large_image\" \/>\n<meta name=\"twitter:label1\" content=\"Written by\" \/>\n\t<meta name=\"twitter:data1\" content=\"Zona Caral Administrador\" \/>\n\t<meta name=\"twitter:label2\" content=\"Est. reading time\" \/>\n\t<meta name=\"twitter:data2\" content=\"2 minutes\" \/>\n<script type=\"application\/ld+json\" class=\"yoast-schema-graph\">{\"@context\":\"https:\\\/\\\/schema.org\",\"@graph\":[{\"@type\":\"Article\",\"@id\":\"https:\\\/\\\/zonacaral.gob.pe\\\/es\\\/noticias\\\/biblioteca-nacional-del-peru-condecorara-a-alfonsina-barrionuevo-ruth-shady-solis-y-aida-vadillo\\\/#article\",\"isPartOf\":{\"@id\":\"https:\\\/\\\/zonacaral.gob.pe\\\/es\\\/noticias\\\/biblioteca-nacional-del-peru-condecorara-a-alfonsina-barrionuevo-ruth-shady-solis-y-aida-vadillo\\\/\"},\"author\":{\"name\":\"Zona Caral Administrador\",\"@id\":\"https:\\\/\\\/zonacaral.gob.pe\\\/es\\\/#\\\/schema\\\/person\\\/beddb4d22f71a7230c5b90913270a0ee\"},\"headline\":\"Biblioteca Nacional del Per\u00fa condecorar\u00e1 a Alfonsina Barrionuevo, Ruth Shady Sol\u00eds y A\u00edda Vadillo\",\"datePublished\":\"2015-03-30T20:06:40+00:00\",\"mainEntityOfPage\":{\"@id\":\"https:\\\/\\\/zonacaral.gob.pe\\\/es\\\/noticias\\\/biblioteca-nacional-del-peru-condecorara-a-alfonsina-barrionuevo-ruth-shady-solis-y-aida-vadillo\\\/\"},\"wordCount\":319,\"image\":{\"@id\":\"https:\\\/\\\/zonacaral.gob.pe\\\/es\\\/noticias\\\/biblioteca-nacional-del-peru-condecorara-a-alfonsina-barrionuevo-ruth-shady-solis-y-aida-vadillo\\\/#primaryimage\"},\"thumbnailUrl\":\"https:\\\/\\\/zonacaral.gob.pe\\\/wp-content\\\/uploads\\\/2015\\\/03\\\/biblioteca-nacional-30-03-2015-02.jpg\",\"keywords\":[\"bnp\",\"caral\",\"Ruth Shady\"],\"articleSection\":[\"noticias\"],\"inLanguage\":\"en-US\"},{\"@type\":\"WebPage\",\"@id\":\"https:\\\/\\\/zonacaral.gob.pe\\\/es\\\/noticias\\\/biblioteca-nacional-del-peru-condecorara-a-alfonsina-barrionuevo-ruth-shady-solis-y-aida-vadillo\\\/\",\"url\":\"https:\\\/\\\/zonacaral.gob.pe\\\/es\\\/noticias\\\/biblioteca-nacional-del-peru-condecorara-a-alfonsina-barrionuevo-ruth-shady-solis-y-aida-vadillo\\\/\",\"name\":\"Biblioteca Nacional del Per\u00fa condecorar\u00e1 a Alfonsina Barrionuevo, Ruth Shady Sol\u00eds y A\u00edda Vadillo - Zona Caral\",\"isPartOf\":{\"@id\":\"https:\\\/\\\/zonacaral.gob.pe\\\/es\\\/#website\"},\"primaryImageOfPage\":{\"@id\":\"https:\\\/\\\/zonacaral.gob.pe\\\/es\\\/noticias\\\/biblioteca-nacional-del-peru-condecorara-a-alfonsina-barrionuevo-ruth-shady-solis-y-aida-vadillo\\\/#primaryimage\"},\"image\":{\"@id\":\"https:\\\/\\\/zonacaral.gob.pe\\\/es\\\/noticias\\\/biblioteca-nacional-del-peru-condecorara-a-alfonsina-barrionuevo-ruth-shady-solis-y-aida-vadillo\\\/#primaryimage\"},\"thumbnailUrl\":\"https:\\\/\\\/zonacaral.gob.pe\\\/wp-content\\\/uploads\\\/2015\\\/03\\\/biblioteca-nacional-30-03-2015-02.jpg\",\"datePublished\":\"2015-03-30T20:06:40+00:00\",\"author\":{\"@id\":\"https:\\\/\\\/zonacaral.gob.pe\\\/es\\\/#\\\/schema\\\/person\\\/beddb4d22f71a7230c5b90913270a0ee\"},\"breadcrumb\":{\"@id\":\"https:\\\/\\\/zonacaral.gob.pe\\\/es\\\/noticias\\\/biblioteca-nacional-del-peru-condecorara-a-alfonsina-barrionuevo-ruth-shady-solis-y-aida-vadillo\\\/#breadcrumb\"},\"inLanguage\":\"en-US\",\"potentialAction\":[{\"@type\":\"ReadAction\",\"target\":[\"https:\\\/\\\/zonacaral.gob.pe\\\/es\\\/noticias\\\/biblioteca-nacional-del-peru-condecorara-a-alfonsina-barrionuevo-ruth-shady-solis-y-aida-vadillo\\\/\"]}]},{\"@type\":\"ImageObject\",\"inLanguage\":\"en-US\",\"@id\":\"https:\\\/\\\/zonacaral.gob.pe\\\/es\\\/noticias\\\/biblioteca-nacional-del-peru-condecorara-a-alfonsina-barrionuevo-ruth-shady-solis-y-aida-vadillo\\\/#primaryimage\",\"url\":\"https:\\\/\\\/zonacaral.gob.pe\\\/wp-content\\\/uploads\\\/2015\\\/03\\\/biblioteca-nacional-30-03-2015-02.jpg\",\"contentUrl\":\"https:\\\/\\\/zonacaral.gob.pe\\\/wp-content\\\/uploads\\\/2015\\\/03\\\/biblioteca-nacional-30-03-2015-02.jpg\",\"width\":842,\"height\":470},{\"@type\":\"BreadcrumbList\",\"@id\":\"https:\\\/\\\/zonacaral.gob.pe\\\/es\\\/noticias\\\/biblioteca-nacional-del-peru-condecorara-a-alfonsina-barrionuevo-ruth-shady-solis-y-aida-vadillo\\\/#breadcrumb\",\"itemListElement\":[{\"@type\":\"ListItem\",\"position\":1,\"name\":\"Portada\",\"item\":\"https:\\\/\\\/zonacaral.gob.pe\\\/\"},{\"@type\":\"ListItem\",\"position\":2,\"name\":\"Biblioteca Nacional del Per\u00fa condecorar\u00e1 a Alfonsina Barrionuevo, Ruth Shady Sol\u00eds y A\u00edda Vadillo\"}]},{\"@type\":\"WebSite\",\"@id\":\"https:\\\/\\\/zonacaral.gob.pe\\\/es\\\/#website\",\"url\":\"https:\\\/\\\/zonacaral.gob.pe\\\/es\\\/\",\"name\":\"Zona Caral\",\"description\":\"Investigamos, conservamos y difundimos el patrimonio cultural de la Civilizaci\u00f3n Caral, la m\u00e1s antigua de Am\u00e9rica.\",\"potentialAction\":[{\"@type\":\"SearchAction\",\"target\":{\"@type\":\"EntryPoint\",\"urlTemplate\":\"https:\\\/\\\/zonacaral.gob.pe\\\/es\\\/?s={search_term_string}\"},\"query-input\":{\"@type\":\"PropertyValueSpecification\",\"valueRequired\":true,\"valueName\":\"search_term_string\"}}],\"inLanguage\":\"en-US\"},{\"@type\":\"Person\",\"@id\":\"https:\\\/\\\/zonacaral.gob.pe\\\/es\\\/#\\\/schema\\\/person\\\/beddb4d22f71a7230c5b90913270a0ee\",\"name\":\"Zona Caral Administrador\",\"image\":{\"@type\":\"ImageObject\",\"inLanguage\":\"en-US\",\"@id\":\"https:\\\/\\\/secure.gravatar.com\\\/avatar\\\/e4be162918a696358376de6446614e0f0f4062bdc5d170d6d540ada3d8b58c12?s=96&d=mm&r=g\",\"url\":\"https:\\\/\\\/secure.gravatar.com\\\/avatar\\\/e4be162918a696358376de6446614e0f0f4062bdc5d170d6d540ada3d8b58c12?s=96&d=mm&r=g\",\"contentUrl\":\"https:\\\/\\\/secure.gravatar.com\\\/avatar\\\/e4be162918a696358376de6446614e0f0f4062bdc5d170d6d540ada3d8b58c12?s=96&d=mm&r=g\",\"caption\":\"Zona Caral Administrador\"},\"sameAs\":[\"https:\\\/\\\/zonacaral.gob.pe\"],\"url\":\"https:\\\/\\\/zonacaral.gob.pe\\\/en\\\/noticias\\\/author\\\/ad_zonacaral\\\/\"}]}<\/script>\n<!-- \/ Yoast SEO plugin. -->","yoast_head_json":{"title":"Biblioteca Nacional del Per\u00fa condecorar\u00e1 a Alfonsina Barrionuevo, Ruth Shady Sol\u00eds y A\u00edda Vadillo - Zona Caral","robots":{"index":"index","follow":"follow","max-snippet":"max-snippet:-1","max-image-preview":"max-image-preview:large","max-video-preview":"max-video-preview:-1"},"canonical":"https:\/\/zonacaral.gob.pe\/en\/noticias\/biblioteca-nacional-del-peru-condecorara-a-alfonsina-barrionuevo-ruth-shady-solis-y-aida-vadillo\/","og_locale":"en_US","og_type":"article","og_title":"Biblioteca Nacional del Per\u00fa condecorar\u00e1 a Alfonsina Barrionuevo, Ruth Shady Sol\u00eds y A\u00edda Vadillo - Zona Caral","og_description":"Tambi\u00e9n se rendir\u00e1 homenaje a la memoria de Carmen Checa de Silva, pionera del Sistema Nacional de Bibliotecas La Biblioteca [&hellip;]","og_url":"https:\/\/zonacaral.gob.pe\/en\/noticias\/biblioteca-nacional-del-peru-condecorara-a-alfonsina-barrionuevo-ruth-shady-solis-y-aida-vadillo\/","og_site_name":"Zona Caral","article_published_time":"2015-03-30T20:06:40+00:00","og_image":[{"width":842,"height":470,"url":"https:\/\/zonacaral.gob.pe\/wp-content\/uploads\/2015\/03\/biblioteca-nacional-30-03-2015-02.jpg","type":"image\/jpeg"}],"author":"Zona Caral Administrador","twitter_card":"summary_large_image","twitter_misc":{"Written by":"Zona Caral Administrador","Est. reading time":"2 minutes"},"schema":{"@context":"https:\/\/schema.org","@graph":[{"@type":"Article","@id":"https:\/\/zonacaral.gob.pe\/es\/noticias\/biblioteca-nacional-del-peru-condecorara-a-alfonsina-barrionuevo-ruth-shady-solis-y-aida-vadillo\/#article","isPartOf":{"@id":"https:\/\/zonacaral.gob.pe\/es\/noticias\/biblioteca-nacional-del-peru-condecorara-a-alfonsina-barrionuevo-ruth-shady-solis-y-aida-vadillo\/"},"author":{"name":"Zona Caral Administrador","@id":"https:\/\/zonacaral.gob.pe\/es\/#\/schema\/person\/beddb4d22f71a7230c5b90913270a0ee"},"headline":"Biblioteca Nacional del Per\u00fa condecorar\u00e1 a Alfonsina Barrionuevo, Ruth Shady Sol\u00eds y A\u00edda Vadillo","datePublished":"2015-03-30T20:06:40+00:00","mainEntityOfPage":{"@id":"https:\/\/zonacaral.gob.pe\/es\/noticias\/biblioteca-nacional-del-peru-condecorara-a-alfonsina-barrionuevo-ruth-shady-solis-y-aida-vadillo\/"},"wordCount":319,"image":{"@id":"https:\/\/zonacaral.gob.pe\/es\/noticias\/biblioteca-nacional-del-peru-condecorara-a-alfonsina-barrionuevo-ruth-shady-solis-y-aida-vadillo\/#primaryimage"},"thumbnailUrl":"https:\/\/zonacaral.gob.pe\/wp-content\/uploads\/2015\/03\/biblioteca-nacional-30-03-2015-02.jpg","keywords":["bnp","caral","Ruth Shady"],"articleSection":["noticias"],"inLanguage":"en-US"},{"@type":"WebPage","@id":"https:\/\/zonacaral.gob.pe\/es\/noticias\/biblioteca-nacional-del-peru-condecorara-a-alfonsina-barrionuevo-ruth-shady-solis-y-aida-vadillo\/","url":"https:\/\/zonacaral.gob.pe\/es\/noticias\/biblioteca-nacional-del-peru-condecorara-a-alfonsina-barrionuevo-ruth-shady-solis-y-aida-vadillo\/","name":"Biblioteca Nacional del Per\u00fa condecorar\u00e1 a Alfonsina Barrionuevo, Ruth Shady Sol\u00eds y A\u00edda Vadillo - Zona Caral","isPartOf":{"@id":"https:\/\/zonacaral.gob.pe\/es\/#website"},"primaryImageOfPage":{"@id":"https:\/\/zonacaral.gob.pe\/es\/noticias\/biblioteca-nacional-del-peru-condecorara-a-alfonsina-barrionuevo-ruth-shady-solis-y-aida-vadillo\/#primaryimage"},"image":{"@id":"https:\/\/zonacaral.gob.pe\/es\/noticias\/biblioteca-nacional-del-peru-condecorara-a-alfonsina-barrionuevo-ruth-shady-solis-y-aida-vadillo\/#primaryimage"},"thumbnailUrl":"https:\/\/zonacaral.gob.pe\/wp-content\/uploads\/2015\/03\/biblioteca-nacional-30-03-2015-02.jpg","datePublished":"2015-03-30T20:06:40+00:00","author":{"@id":"https:\/\/zonacaral.gob.pe\/es\/#\/schema\/person\/beddb4d22f71a7230c5b90913270a0ee"},"breadcrumb":{"@id":"https:\/\/zonacaral.gob.pe\/es\/noticias\/biblioteca-nacional-del-peru-condecorara-a-alfonsina-barrionuevo-ruth-shady-solis-y-aida-vadillo\/#breadcrumb"},"inLanguage":"en-US","potentialAction":[{"@type":"ReadAction","target":["https:\/\/zonacaral.gob.pe\/es\/noticias\/biblioteca-nacional-del-peru-condecorara-a-alfonsina-barrionuevo-ruth-shady-solis-y-aida-vadillo\/"]}]},{"@type":"ImageObject","inLanguage":"en-US","@id":"https:\/\/zonacaral.gob.pe\/es\/noticias\/biblioteca-nacional-del-peru-condecorara-a-alfonsina-barrionuevo-ruth-shady-solis-y-aida-vadillo\/#primaryimage","url":"https:\/\/zonacaral.gob.pe\/wp-content\/uploads\/2015\/03\/biblioteca-nacional-30-03-2015-02.jpg","contentUrl":"https:\/\/zonacaral.gob.pe\/wp-content\/uploads\/2015\/03\/biblioteca-nacional-30-03-2015-02.jpg","width":842,"height":470},{"@type":"BreadcrumbList","@id":"https:\/\/zonacaral.gob.pe\/es\/noticias\/biblioteca-nacional-del-peru-condecorara-a-alfonsina-barrionuevo-ruth-shady-solis-y-aida-vadillo\/#breadcrumb","itemListElement":[{"@type":"ListItem","position":1,"name":"Portada","item":"https:\/\/zonacaral.gob.pe\/"},{"@type":"ListItem","position":2,"name":"Biblioteca Nacional del Per\u00fa condecorar\u00e1 a Alfonsina Barrionuevo, Ruth Shady Sol\u00eds y A\u00edda Vadillo"}]},{"@type":"WebSite","@id":"https:\/\/zonacaral.gob.pe\/es\/#website","url":"https:\/\/zonacaral.gob.pe\/es\/","name":"Zona Caral","description":"Investigamos, conservamos y difundimos el patrimonio cultural de la Civilizaci\u00f3n Caral, la m\u00e1s antigua de Am\u00e9rica.","potentialAction":[{"@type":"SearchAction","target":{"@type":"EntryPoint","urlTemplate":"https:\/\/zonacaral.gob.pe\/es\/?s={search_term_string}"},"query-input":{"@type":"PropertyValueSpecification","valueRequired":true,"valueName":"search_term_string"}}],"inLanguage":"en-US"},{"@type":"Person","@id":"https:\/\/zonacaral.gob.pe\/es\/#\/schema\/person\/beddb4d22f71a7230c5b90913270a0ee","name":"Zona Caral Administrador","image":{"@type":"ImageObject","inLanguage":"en-US","@id":"https:\/\/secure.gravatar.com\/avatar\/e4be162918a696358376de6446614e0f0f4062bdc5d170d6d540ada3d8b58c12?s=96&d=mm&r=g","url":"https:\/\/secure.gravatar.com\/avatar\/e4be162918a696358376de6446614e0f0f4062bdc5d170d6d540ada3d8b58c12?s=96&d=mm&r=g","contentUrl":"https:\/\/secure.gravatar.com\/avatar\/e4be162918a696358376de6446614e0f0f4062bdc5d170d6d540ada3d8b58c12?s=96&d=mm&r=g","caption":"Zona Caral Administrador"},"sameAs":["https:\/\/zonacaral.gob.pe"],"url":"https:\/\/zonacaral.gob.pe\/en\/noticias\/author\/ad_zonacaral\/"}]}},"_links":{"self":[{"href":"https:\/\/zonacaral.gob.pe\/en\/wp-json\/wp\/v2\/posts\/9367","targetHints":{"allow":["GET"]}}],"collection":[{"href":"https:\/\/zonacaral.gob.pe\/en\/wp-json\/wp\/v2\/posts"}],"about":[{"href":"https:\/\/zonacaral.gob.pe\/en\/wp-json\/wp\/v2\/types\/post"}],"author":[{"embeddable":true,"href":"https:\/\/zonacaral.gob.pe\/en\/wp-json\/wp\/v2\/users\/1"}],"replies":[{"embeddable":true,"href":"https:\/\/zonacaral.gob.pe\/en\/wp-json\/wp\/v2\/comments?post=9367"}],"version-history":[{"count":0,"href":"https:\/\/zonacaral.gob.pe\/en\/wp-json\/wp\/v2\/posts\/9367\/revisions"}],"wp:featuredmedia":[{"embeddable":true,"href":"https:\/\/zonacaral.gob.pe\/en\/wp-json\/wp\/v2\/media\/9373"}],"wp:attachment":[{"href":"https:\/\/zonacaral.gob.pe\/en\/wp-json\/wp\/v2\/media?parent=9367"}],"wp:term":[{"taxonomy":"category","embeddable":true,"href":"https:\/\/zonacaral.gob.pe\/en\/wp-json\/wp\/v2\/categories?post=9367"},{"taxonomy":"post_tag","embeddable":true,"href":"https:\/\/zonacaral.gob.pe\/en\/wp-json\/wp\/v2\/tags?post=9367"}],"curies":[{"name":"wp","href":"https:\/\/api.w.org\/{rel}","templated":true}]}}