{"id":9384,"date":"2015-04-09T12:50:22","date_gmt":"2015-04-09T17:50:22","guid":{"rendered":"http:\/\/www.zonacaral.gob.pe\/?p=9384"},"modified":"2015-04-09T12:50:22","modified_gmt":"2015-04-09T17:50:22","slug":"comunicado-de-la-zona-arqueologica-caral-sobre-los-acontecimientos-ocurridos-en-el-valle-de-supe","status":"publish","type":"post","link":"https:\/\/zonacaral.gob.pe\/en\/noticias\/comunicado-de-la-zona-arqueologica-caral-sobre-los-acontecimientos-ocurridos-en-el-valle-de-supe\/","title":{"rendered":"Comunicado de la Zona Arqueol\u00f3gica Caral, sobre los acontecimientos ocurridos en el Valle de Supe"},"content":{"rendered":"<p style=\"text-align: justify;\">La Zona Arqueol\u00f3gica Caral, Unidad Ejecutora 003 del Ministerio de Cultura, manifiesta su posici\u00f3n sobre los acontecimientos ocurridos en el Valle de Supe, Barranca, Lima, los d\u00edas jueves 2 y viernes\u00a03 de abril, donde algunos pobladores bloquearon la carretera y manifestaron su desacuerdo ante el retiro de plantones de paltos sembrados sobre un terreno de propiedad del Estado Peruano, ubicado dentro del sitio arqueol\u00f3gico Caral-Chupacigarro, en una acci\u00f3n coordinada por la Procuradur\u00eda del Ministerio de Cultura.<\/p>\n<ol style=\"text-align: justify;\">\n<li>En primer lugar, la Zona Arqueol\u00f3gica Caral es una instituci\u00f3n p\u00fablica encargada de la investigaci\u00f3n, conservaci\u00f3n y protecci\u00f3n del patrimonio arqueol\u00f3gico de la Civilizaci\u00f3n Caral y, en particular, de la Ciudad Sagrada de Caral-Supe, reconocida como Patrimonio Cultural de la Naci\u00f3n desde el a\u00f1o 2002, y Patrimonio Mundial desde el a\u00f1o 2009. La Zona Arqueol\u00f3gica Caral realiza estas actividades respetando la propiedad de los agricultores del valle de Supe, por lo que <strong>rechazamos tajantemente que se acuse a la instituci\u00f3n de tener inter\u00e9s en usurpar las propiedades de la poblaci\u00f3n local<\/strong>.<\/li>\n<\/ol>\n<ol style=\"text-align: justify;\" start=\"2\">\n<li>En 1994, el Ministerio de Agricultura, a trav\u00e9s del <strong>Programa Especial de Titulaci\u00f3n de Tierras (PETT)<\/strong>, inici\u00f3 un proceso de titulaci\u00f3n de predios agr\u00edcolas en el Valle de Supe. En este proceso, el PETT identific\u00f3 a <strong>ocupantes de terrenos arqueol\u00f3gicos<\/strong>, por lo cual <strong>no les otorg\u00f3 t\u00edtulos de propiedad<\/strong>. En el PETT se tuvo en cuenta que <strong>la ocupaci\u00f3n de terrenos arqueol\u00f3gicos no genera derechos de propiedad sobre ellos<\/strong>.<\/li>\n<\/ol>\n<ol style=\"text-align: justify;\" start=\"3\">\n<li>Con el Decreto Supremo 040-2001-ED, de junio de 2001, el Estado Peruano declar\u00f3 <em>de preferente inter\u00e9s nacional la investigaci\u00f3n, registro, puesta en valor y conservaci\u00f3n de la Ciudad Sagrada de Caral<\/em>. Posteriormente, el <strong>Instituto Nacional de Cultura (INC) declar\u00f3 a la Ciudad Sagrada de Caral como Patrimonio Cultural de la Naci\u00f3n, a trav\u00e9s de la Resoluci\u00f3n Directoral Nacional 720\/INC de agosto de 2002<\/strong>. En <strong>esa misma Resoluci\u00f3n<\/strong>, el INC <strong>dispuso la inscripci\u00f3n del sitio arqueol\u00f3gico en el Sistema de Informaci\u00f3n Nacional de los Bienes de Propiedad Estatal (SINABIP)<\/strong> y en los <strong>Registros P\u00fablicos. <\/strong>Asimismo, se\u00f1al\u00f3 que<strong> cualquier proyecto de obra nueva en el sitio arqueol\u00f3gico deber\u00eda contar con la aprobaci\u00f3n del INC<\/strong><strong>, actualmente Ministerio de Cultura<\/strong>. El <strong>INC aprob\u00f3 el plano de delimitaci\u00f3n del sitio arqueol\u00f3gico<\/strong> con la Resoluci\u00f3n Directoral Nacional 645\/INC de agosto de 2003.<\/li>\n<\/ol>\n<ol style=\"text-align: justify;\" start=\"4\">\n<li>En el a\u00f1o 2005 la <strong>Superintendencia de Bienes Nacionales (SBN)<\/strong><strong>hizo un examen del plano de delimitaci\u00f3n del sitio aprobado por el INC<\/strong>, <strong>and<\/strong><strong>hizo la primera inscripci\u00f3n de dominio sobre los predios arqueol\u00f3gicos ubicados dentro de la poligonal de delimitaci\u00f3n de Caral-Chupacigarro, a trav\u00e9s de las resoluciones\u00a0002-2005\/SBN-GO-JAR, 078-2005\/SBN-GO-JAR Y 079-2005\/SBN-GO-JAR, a favor del Estado Peruano y que hasta entonces no contaban con titulaci\u00f3n<\/strong><strong>. <\/strong><\/li>\n<\/ol>\n<ol style=\"text-align: justify;\" start=\"5\">\n<li>Posteriormente, en noviembre de 2006, con <strong>la Resoluci\u00f3n 138-2006\/SBN-GO-JAD<\/strong>, la Superintendencia de Bienes Nacionales <strong>transfiri\u00f3 al INC, hoy Ministerio de Cultura, el predio estatal acumulado del sitio Caral-Chupacigarro. <\/strong>Asimismo, indic\u00f3 que si el predio se dejaba de utilizar con la finalidad dispuesta, revertir\u00eda a favor del Estado.<\/li>\n<\/ol>\n<ol style=\"text-align: justify;\" start=\"6\">\n<li>Finalmente, <strong>en el 2007 el Estado Peruano, mediante el Instituto Nacional de Cultura, declar\u00f3 y registr\u00f3 a su favor la propiedad estatal del predio arqueol\u00f3gico acumulado del sitio arqueol\u00f3gico Caral-Chupacigarro a trav\u00e9s de la Partida 80027096 emitida por la Superintendencia Nacional de Registros P\u00fablicos (SUNARP).<\/strong><\/li>\n<\/ol>\n<ol style=\"text-align: justify;\" start=\"7\">\n<li>En diciembre de 2006, representantes de una Asociaci\u00f3n denominada Agr\u00edcola Caral, del valle de Supe, acudieron al INC, porque, entre otros asuntos, manifestaron que ten\u00edan inter\u00e9s en solicitar apoyo a la cooperaci\u00f3n extranjera para cultivar paltos. Entonces se les explic\u00f3 que <strong>los agricultores con t\u00edtulos de propiedad no ten\u00edan restricciones para sus actividades agr\u00edcolas<\/strong>. Asimismo, <strong>se mostr\u00f3 a los representantes de dicha Asociaci\u00f3n, que una parte de sus asociados estaban ocupando un predio arqueol\u00f3gico<\/strong>, el que hab\u00eda sido titulado desde 2005 a favor del Estado Peruano. Asimismo, se les inform\u00f3 <strong>que los ocupantes del predio arqueol\u00f3gico no deb\u00edan realizar actividades que afectar\u00e1n el patrimonio arqueol\u00f3gico, y se les sugiri\u00f3 coordinar su reubicaci\u00f3n con las autoridades locales<\/strong>. En este punto, cabe agregar que a los ocupantes del predio arqueol\u00f3gico <strong>no les corresponde el pago de alg\u00fan justiprecio para abandonarlo, porque no han sido, ni son, propietarios del terreno que ocupan.<\/strong><\/li>\n<\/ol>\n<ol style=\"text-align: justify;\" start=\"8\">\n<li>A mediados de 2013 la Asociaci\u00f3n Agr\u00edcola Caral result\u00f3 beneficiaria del Programa Agroideas del Ministerio de Agricultura, y recibi\u00f3 S\/. 800 mil para sembrar paltos. Desde entonces, los agricultores titulares araron con maquinaria y sembraron plantones en sus propiedades, sin problema alguno.<\/li>\n<\/ol>\n<ol style=\"text-align: justify;\" start=\"9\">\n<li>Sin embargo, en los primeros d\u00edas de marzo pasado, <strong>los se\u00f1ores Pablo y Diana Mej\u00eda Sol\u00eds araron con maquinaria y sembraron plantones de paltos, sobre un terreno de 2,28 hect\u00e1reas dentro del predio estatal del sitio arqueol\u00f3gico Caral-Chupacigarro, que est\u00e1 titulado a favor del Estado Peruano<\/strong>. Toda vez que se trata de un predio arqueol\u00f3gico de propiedad estatal, esta \u00faltima acci\u00f3n fue comunicada al Ministerio de Cultura.<\/li>\n<\/ol>\n<ol style=\"text-align: justify;\">\n<li>El pasado 24 de marzo, la Procuradur\u00eda del Ministerio de Cultura realiz\u00f3 el retiro extrajudicial de las plantaciones de paltos sembrados por los se\u00f1ores Pablo y Diana Mej\u00eda Sol\u00eds dentro del sitio arqueol\u00f3gico Caral-Chupacigarro, al amparo de la Ley 30230, que se\u00f1ala sobre la protecci\u00f3n del patrimonio cultural inmueble que: <strong><em>Toda obra p\u00fablica o privada<\/em><\/strong><em> de edificaci\u00f3n nueva, remodelaci\u00f3n, restauraci\u00f3n, ampliaci\u00f3n, refacci\u00f3n, acondicionamiento, demolici\u00f3n, puesta en valor o cualquier otra <strong>que involucre un bien inmueble integrante del Patrimonio Cultural de la Naci\u00f3n, requiere para su ejecuci\u00f3n de la autorizaci\u00f3n del Ministerio de Cultura<\/strong>.<\/em><\/li>\n<\/ol>\n<ol style=\"text-align: justify;\">\n<li>Por la acci\u00f3n anterior aludida, los ocupantes del predio arqueol\u00f3gico estatal de Caral-Chupacigarro convocaron a la poblaci\u00f3n del valle de Supe y, aludiendo a un supuesto abuso de autoridad por parte de la Zona Arqueol\u00f3gica Caral en contra de sus intereses agr\u00edcolas, promovieron el bloqueo y la protesta ocurridos en los d\u00edas pasados.<\/li>\n<\/ol>\n<ol style=\"text-align: justify;\" start=\"2\">\n<li>Esperamos que lo manifestado haya aclarado la situaci\u00f3n de los se\u00f1ores <strong>Pablo y Diana Mej\u00eda Sol\u00eds<\/strong> quienes <strong>nunca han pose\u00eddo un t\u00edtulo de propiedad<\/strong> sobre el terreno arqueol\u00f3gico que demandan como suyo, y que est\u00e1 registrado como propiedad del Estado Peruano. Los se\u00f1ores mencionados <strong>no pueden anteponer sus intereses individuales frente a un Patrimonio Cultural de la Naci\u00f3n y Patrimonio de la Humanidad, como es la Ciudad Sagrada de Caral<\/strong>.<\/li>\n<\/ol>\n<ol style=\"text-align: justify;\" start=\"3\">\n<li>Tambi\u00e9n <strong>rechazamos las declaraciones<\/strong> del se\u00f1or <strong>Alejandro Sol\u00eds Saavedra<\/strong>, familiar de Pablo y Diana Mej\u00eda Sol\u00eds, que <strong>tambi\u00e9n ocupa un terreno de 5 hect\u00e1reas en el predio arqueol\u00f3gico estatal de Caral-Chupacigarro<\/strong> y se encuentra procesado por delitos contra el patrimonio cultural. El se\u00f1or Alejandro Sol\u00eds, quien se autodenomina dirigente del valle de Supe, desde hace algunos a\u00f1os viene declarando en los medios de comunicaci\u00f3n que la Zona Arqueol\u00f3gica Caral maltrata a los agricultores y los pretende despojar de sus terrenos agr\u00edcolas. Como hemos sustentado, tales acusaciones son falsas y carecen de sustento legal.<\/li>\n<\/ol>\n<ol style=\"text-align: justify;\" start=\"4\">\n<li>Asimismo, debemos agregar que la denominada \u201cCasa del Arque\u00f3logo\u201d, ubicada en el sitio arqueol\u00f3gico Caral-Chupacigarro es un edificio p\u00fablico dedicado a la investigaci\u00f3n y conservaci\u00f3n del Patrimonio Cultural de la Civilizaci\u00f3n Caral. No es una propiedad privada, como maliciosamente se pretende hacer creer a la opini\u00f3n p\u00fablica.<\/li>\n<\/ol>\n<ol style=\"text-align: justify;\" start=\"5\">\n<li>Nuestra instituci\u00f3n siempre ha sostenido relaciones cordiales con los la poblaci\u00f3n de los diferentes centros poblados del Valle de Supe. En tal sentido, se ha capacitado e incorporado a los trabajos de investigaci\u00f3n y conservaci\u00f3n del patrimonio arqueol\u00f3gico de la civilizaci\u00f3n Caral a 120 pobladores entre hombres y mujeres. Los trabajos mancomunados entre poblaci\u00f3n, empresa privada y Zona Arqueol\u00f3gica Caral buscan lograr el desarrollo social con inclusi\u00f3n y respeto por el medioambiente. As\u00ed, la Zona Arqueol\u00f3gica Caral desde el a\u00f1o 2008 viene impulsado la ejecuci\u00f3n de cuatro Proyectos de Inversi\u00f3n P\u00fablica, con el Gobierno Regional de Lima, destinados a mejorar la infraestructura productiva del valle de Supe: el encauzamiento del r\u00edo, el mejoramiento de la infraestructura de riego, la capacitaci\u00f3n para la producci\u00f3n agroecol\u00f3gica y la reforestaci\u00f3n. Asimismo, hemos realizado constantes gestiones que han permitido el mejoramiento de la carretera que lleva hasta el CP de Caral, lo cual hace que el tr\u00e1nsito vehicular sea m\u00e1s r\u00e1pido y fluido; durante algunos a\u00f1os se han realizado gestiones, a diferentes niveles, que dieron por resultado la actual electrificaci\u00f3n del valle de Supe.<\/li>\n<\/ol>\n<ol style=\"text-align: justify;\" start=\"6\">\n<li>A las actividades anteriores debemos agregar la realizaci\u00f3n de constantes capacitaciones a la <strong>Asociaci\u00f3n de Hilanderas de Caral<\/strong>, quienes le dan valor agregado al algod\u00f3n de color a trav\u00e9s de su manufactura artesanal, el programa <strong>Caral en la Escuela<\/strong> que fomenta la identidad cultural y social, y refuerza la autoestima de los escolares, los <strong>Talleres de Rescate de la Tradici\u00f3n Musical de la Civilizaci\u00f3n Caral<\/strong> para desarrollar las artes en ni\u00f1os y j\u00f3venes, y los <strong>Talleres de Cer\u00e1mica Funcional y Decorativa<\/strong> para la producci\u00f3n artesanal, entre otros, para fomentar el bienestar social y el desarrollo sostenible de la comunidad.<\/li>\n<\/ol>\n<ol start=\"7\">\n<li style=\"text-align: justify;\"><strong>La Zona Arqueol\u00f3gica Caral reafirma su compromiso institucional de trabajar incansablemente para que el patrimonio arqueol\u00f3gico perteneciente a la Civilizaci\u00f3n Caral se convierta en un eje de desarrollo social y sostenible para la poblaci\u00f3n del Valle de Supe.<\/strong><\/li>\n<\/ol>\n<p style=\"text-align: left;\">La Molina, jueves 9 de abril de 2015<br \/>\nZona Arqueol\u00f3gica Caral<br \/>\nUnidad Ejecutora 003, Ministerio de Cultura<\/p>","protected":false},"excerpt":{"rendered":"<p>La Zona Arqueol\u00f3gica Caral, Unidad Ejecutora 003 del Ministerio de Cultura, manifiesta su posici\u00f3n sobre los acontecimientos ocurridos en el [&hellip;]<\/p>\n","protected":false},"author":1,"featured_media":9391,"comment_status":"closed","ping_status":"open","sticky":false,"template":"","format":"standard","meta":{"_acf_changed":false,"site-sidebar-layout":"default","site-content-layout":"","ast-site-content-layout":"default","site-content-style":"default","site-sidebar-style":"default","ast-global-header-display":"","ast-banner-title-visibility":"","ast-main-header-display":"","ast-hfb-above-header-display":"","ast-hfb-below-header-display":"","ast-hfb-mobile-header-display":"","site-post-title":"","ast-breadcrumbs-content":"","ast-featured-img":"","footer-sml-layout":"","ast-disable-related-posts":"","theme-transparent-header-meta":"","adv-header-id-meta":"","stick-header-meta":"","header-above-stick-meta":"","header-main-stick-meta":"","header-below-stick-meta":"","astra-migrate-meta-layouts":"default","ast-page-background-enabled":"default","ast-page-background-meta":{"desktop":{"background-color":"var(--ast-global-color-5)","background-image":"","background-repeat":"repeat","background-position":"center center","background-size":"auto","background-attachment":"scroll","background-type":"","background-media":"","overlay-type":"","overlay-color":"","overlay-opacity":"","overlay-gradient":""},"tablet":{"background-color":"","background-image":"","background-repeat":"repeat","background-position":"center center","background-size":"auto","background-attachment":"scroll","background-type":"","background-media":"","overlay-type":"","overlay-color":"","overlay-opacity":"","overlay-gradient":""},"mobile":{"background-color":"","background-image":"","background-repeat":"repeat","background-position":"center center","background-size":"auto","background-attachment":"scroll","background-type":"","background-media":"","overlay-type":"","overlay-color":"","overlay-opacity":"","overlay-gradient":""}},"ast-content-background-meta":{"desktop":{"background-color":"var(--ast-global-color-4)","background-image":"","background-repeat":"repeat","background-position":"center center","background-size":"auto","background-attachment":"scroll","background-type":"","background-media":"","overlay-type":"","overlay-color":"","overlay-opacity":"","overlay-gradient":""},"tablet":{"background-color":"var(--ast-global-color-4)","background-image":"","background-repeat":"repeat","background-position":"center center","background-size":"auto","background-attachment":"scroll","background-type":"","background-media":"","overlay-type":"","overlay-color":"","overlay-opacity":"","overlay-gradient":""},"mobile":{"background-color":"var(--ast-global-color-4)","background-image":"","background-repeat":"repeat","background-position":"center center","background-size":"auto","background-attachment":"scroll","background-type":"","background-media":"","overlay-type":"","overlay-color":"","overlay-opacity":"","overlay-gradient":""}},"footnotes":""},"categories":[208],"tags":[55],"class_list":["post-9384","post","type-post","status-publish","format-standard","has-post-thumbnail","hentry","category-noticias","tag-caral"],"acf":[],"yoast_head":"<!-- This site is optimized with the Yoast SEO plugin v27.3 - https:\/\/yoast.com\/product\/yoast-seo-wordpress\/ -->\n<title>Comunicado de la Zona Arqueol\u00f3gica Caral, sobre los acontecimientos ocurridos en el Valle de Supe - Zona Caral<\/title>\n<meta name=\"robots\" content=\"index, follow, max-snippet:-1, max-image-preview:large, max-video-preview:-1\" \/>\n<link rel=\"canonical\" href=\"https:\/\/zonacaral.gob.pe\/en\/noticias\/comunicado-de-la-zona-arqueologica-caral-sobre-los-acontecimientos-ocurridos-en-el-valle-de-supe\/\" \/>\n<meta property=\"og:locale\" content=\"en_US\" \/>\n<meta property=\"og:type\" content=\"article\" \/>\n<meta property=\"og:title\" content=\"Comunicado de la Zona Arqueol\u00f3gica Caral, sobre los acontecimientos ocurridos en el Valle de Supe - Zona Caral\" \/>\n<meta property=\"og:description\" content=\"La Zona Arqueol\u00f3gica Caral, Unidad Ejecutora 003 del Ministerio de Cultura, manifiesta su posici\u00f3n sobre los acontecimientos ocurridos en el [&hellip;]\" \/>\n<meta property=\"og:url\" content=\"https:\/\/zonacaral.gob.pe\/en\/noticias\/comunicado-de-la-zona-arqueologica-caral-sobre-los-acontecimientos-ocurridos-en-el-valle-de-supe\/\" \/>\n<meta property=\"og:site_name\" content=\"Zona Caral\" \/>\n<meta property=\"article:published_time\" content=\"2015-04-09T17:50:22+00:00\" \/>\n<meta property=\"og:image\" content=\"https:\/\/zonacaral.gob.pe\/wp-content\/uploads\/2015\/04\/comunicado-caral-supe-09-04-2015.jpg\" \/>\n\t<meta property=\"og:image:width\" content=\"726\" \/>\n\t<meta property=\"og:image:height\" content=\"385\" \/>\n\t<meta property=\"og:image:type\" content=\"image\/jpeg\" \/>\n<meta name=\"author\" content=\"Zona Caral Administrador\" \/>\n<meta name=\"twitter:card\" content=\"summary_large_image\" \/>\n<meta name=\"twitter:label1\" content=\"Written by\" \/>\n\t<meta name=\"twitter:data1\" content=\"Zona Caral Administrador\" \/>\n\t<meta name=\"twitter:label2\" content=\"Est. reading time\" \/>\n\t<meta name=\"twitter:data2\" content=\"8 minutes\" \/>\n<script type=\"application\/ld+json\" class=\"yoast-schema-graph\">{\"@context\":\"https:\\\/\\\/schema.org\",\"@graph\":[{\"@type\":\"Article\",\"@id\":\"https:\\\/\\\/zonacaral.gob.pe\\\/en\\\/noticias\\\/comunicado-de-la-zona-arqueologica-caral-sobre-los-acontecimientos-ocurridos-en-el-valle-de-supe\\\/#article\",\"isPartOf\":{\"@id\":\"https:\\\/\\\/zonacaral.gob.pe\\\/en\\\/noticias\\\/comunicado-de-la-zona-arqueologica-caral-sobre-los-acontecimientos-ocurridos-en-el-valle-de-supe\\\/\"},\"author\":{\"name\":\"Zona Caral Administrador\",\"@id\":\"https:\\\/\\\/zonacaral.gob.pe\\\/es\\\/#\\\/schema\\\/person\\\/beddb4d22f71a7230c5b90913270a0ee\"},\"headline\":\"Comunicado de la Zona Arqueol\u00f3gica Caral, sobre los acontecimientos ocurridos en el Valle de Supe\",\"datePublished\":\"2015-04-09T17:50:22+00:00\",\"mainEntityOfPage\":{\"@id\":\"https:\\\/\\\/zonacaral.gob.pe\\\/en\\\/noticias\\\/comunicado-de-la-zona-arqueologica-caral-sobre-los-acontecimientos-ocurridos-en-el-valle-de-supe\\\/\"},\"wordCount\":1654,\"image\":{\"@id\":\"https:\\\/\\\/zonacaral.gob.pe\\\/en\\\/noticias\\\/comunicado-de-la-zona-arqueologica-caral-sobre-los-acontecimientos-ocurridos-en-el-valle-de-supe\\\/#primaryimage\"},\"thumbnailUrl\":\"https:\\\/\\\/zonacaral.gob.pe\\\/wp-content\\\/uploads\\\/2015\\\/04\\\/comunicado-caral-supe-09-04-2015.jpg\",\"keywords\":[\"caral\"],\"articleSection\":[\"noticias\"],\"inLanguage\":\"en-US\"},{\"@type\":\"WebPage\",\"@id\":\"https:\\\/\\\/zonacaral.gob.pe\\\/en\\\/noticias\\\/comunicado-de-la-zona-arqueologica-caral-sobre-los-acontecimientos-ocurridos-en-el-valle-de-supe\\\/\",\"url\":\"https:\\\/\\\/zonacaral.gob.pe\\\/en\\\/noticias\\\/comunicado-de-la-zona-arqueologica-caral-sobre-los-acontecimientos-ocurridos-en-el-valle-de-supe\\\/\",\"name\":\"Comunicado de la Zona Arqueol\u00f3gica Caral, sobre los acontecimientos ocurridos en el Valle de Supe - Zona Caral\",\"isPartOf\":{\"@id\":\"https:\\\/\\\/zonacaral.gob.pe\\\/es\\\/#website\"},\"primaryImageOfPage\":{\"@id\":\"https:\\\/\\\/zonacaral.gob.pe\\\/en\\\/noticias\\\/comunicado-de-la-zona-arqueologica-caral-sobre-los-acontecimientos-ocurridos-en-el-valle-de-supe\\\/#primaryimage\"},\"image\":{\"@id\":\"https:\\\/\\\/zonacaral.gob.pe\\\/en\\\/noticias\\\/comunicado-de-la-zona-arqueologica-caral-sobre-los-acontecimientos-ocurridos-en-el-valle-de-supe\\\/#primaryimage\"},\"thumbnailUrl\":\"https:\\\/\\\/zonacaral.gob.pe\\\/wp-content\\\/uploads\\\/2015\\\/04\\\/comunicado-caral-supe-09-04-2015.jpg\",\"datePublished\":\"2015-04-09T17:50:22+00:00\",\"author\":{\"@id\":\"https:\\\/\\\/zonacaral.gob.pe\\\/es\\\/#\\\/schema\\\/person\\\/beddb4d22f71a7230c5b90913270a0ee\"},\"breadcrumb\":{\"@id\":\"https:\\\/\\\/zonacaral.gob.pe\\\/en\\\/noticias\\\/comunicado-de-la-zona-arqueologica-caral-sobre-los-acontecimientos-ocurridos-en-el-valle-de-supe\\\/#breadcrumb\"},\"inLanguage\":\"en-US\",\"potentialAction\":[{\"@type\":\"ReadAction\",\"target\":[\"https:\\\/\\\/zonacaral.gob.pe\\\/en\\\/noticias\\\/comunicado-de-la-zona-arqueologica-caral-sobre-los-acontecimientos-ocurridos-en-el-valle-de-supe\\\/\"]}]},{\"@type\":\"ImageObject\",\"inLanguage\":\"en-US\",\"@id\":\"https:\\\/\\\/zonacaral.gob.pe\\\/en\\\/noticias\\\/comunicado-de-la-zona-arqueologica-caral-sobre-los-acontecimientos-ocurridos-en-el-valle-de-supe\\\/#primaryimage\",\"url\":\"https:\\\/\\\/zonacaral.gob.pe\\\/wp-content\\\/uploads\\\/2015\\\/04\\\/comunicado-caral-supe-09-04-2015.jpg\",\"contentUrl\":\"https:\\\/\\\/zonacaral.gob.pe\\\/wp-content\\\/uploads\\\/2015\\\/04\\\/comunicado-caral-supe-09-04-2015.jpg\",\"width\":726,\"height\":385},{\"@type\":\"BreadcrumbList\",\"@id\":\"https:\\\/\\\/zonacaral.gob.pe\\\/en\\\/noticias\\\/comunicado-de-la-zona-arqueologica-caral-sobre-los-acontecimientos-ocurridos-en-el-valle-de-supe\\\/#breadcrumb\",\"itemListElement\":[{\"@type\":\"ListItem\",\"position\":1,\"name\":\"Portada\",\"item\":\"https:\\\/\\\/zonacaral.gob.pe\\\/\"},{\"@type\":\"ListItem\",\"position\":2,\"name\":\"Comunicado de la Zona Arqueol\u00f3gica Caral, sobre los acontecimientos ocurridos en el Valle de Supe\"}]},{\"@type\":\"WebSite\",\"@id\":\"https:\\\/\\\/zonacaral.gob.pe\\\/es\\\/#website\",\"url\":\"https:\\\/\\\/zonacaral.gob.pe\\\/es\\\/\",\"name\":\"Zona Caral\",\"description\":\"Investigamos, conservamos y difundimos el patrimonio cultural de la Civilizaci\u00f3n Caral, la m\u00e1s antigua de Am\u00e9rica.\",\"potentialAction\":[{\"@type\":\"SearchAction\",\"target\":{\"@type\":\"EntryPoint\",\"urlTemplate\":\"https:\\\/\\\/zonacaral.gob.pe\\\/es\\\/?s={search_term_string}\"},\"query-input\":{\"@type\":\"PropertyValueSpecification\",\"valueRequired\":true,\"valueName\":\"search_term_string\"}}],\"inLanguage\":\"en-US\"},{\"@type\":\"Person\",\"@id\":\"https:\\\/\\\/zonacaral.gob.pe\\\/es\\\/#\\\/schema\\\/person\\\/beddb4d22f71a7230c5b90913270a0ee\",\"name\":\"Zona Caral Administrador\",\"image\":{\"@type\":\"ImageObject\",\"inLanguage\":\"en-US\",\"@id\":\"https:\\\/\\\/secure.gravatar.com\\\/avatar\\\/e4be162918a696358376de6446614e0f0f4062bdc5d170d6d540ada3d8b58c12?s=96&d=mm&r=g\",\"url\":\"https:\\\/\\\/secure.gravatar.com\\\/avatar\\\/e4be162918a696358376de6446614e0f0f4062bdc5d170d6d540ada3d8b58c12?s=96&d=mm&r=g\",\"contentUrl\":\"https:\\\/\\\/secure.gravatar.com\\\/avatar\\\/e4be162918a696358376de6446614e0f0f4062bdc5d170d6d540ada3d8b58c12?s=96&d=mm&r=g\",\"caption\":\"Zona Caral Administrador\"},\"sameAs\":[\"https:\\\/\\\/zonacaral.gob.pe\"],\"url\":\"https:\\\/\\\/zonacaral.gob.pe\\\/en\\\/noticias\\\/author\\\/ad_zonacaral\\\/\"}]}<\/script>\n<!-- \/ Yoast SEO plugin. -->","yoast_head_json":{"title":"Comunicado de la Zona Arqueol\u00f3gica Caral, sobre los acontecimientos ocurridos en el Valle de Supe - Zona Caral","robots":{"index":"index","follow":"follow","max-snippet":"max-snippet:-1","max-image-preview":"max-image-preview:large","max-video-preview":"max-video-preview:-1"},"canonical":"https:\/\/zonacaral.gob.pe\/en\/noticias\/comunicado-de-la-zona-arqueologica-caral-sobre-los-acontecimientos-ocurridos-en-el-valle-de-supe\/","og_locale":"en_US","og_type":"article","og_title":"Comunicado de la Zona Arqueol\u00f3gica Caral, sobre los acontecimientos ocurridos en el Valle de Supe - Zona Caral","og_description":"La Zona Arqueol\u00f3gica Caral, Unidad Ejecutora 003 del Ministerio de Cultura, manifiesta su posici\u00f3n sobre los acontecimientos ocurridos en el [&hellip;]","og_url":"https:\/\/zonacaral.gob.pe\/en\/noticias\/comunicado-de-la-zona-arqueologica-caral-sobre-los-acontecimientos-ocurridos-en-el-valle-de-supe\/","og_site_name":"Zona Caral","article_published_time":"2015-04-09T17:50:22+00:00","og_image":[{"width":726,"height":385,"url":"https:\/\/zonacaral.gob.pe\/wp-content\/uploads\/2015\/04\/comunicado-caral-supe-09-04-2015.jpg","type":"image\/jpeg"}],"author":"Zona Caral Administrador","twitter_card":"summary_large_image","twitter_misc":{"Written by":"Zona Caral Administrador","Est. reading time":"8 minutes"},"schema":{"@context":"https:\/\/schema.org","@graph":[{"@type":"Article","@id":"https:\/\/zonacaral.gob.pe\/en\/noticias\/comunicado-de-la-zona-arqueologica-caral-sobre-los-acontecimientos-ocurridos-en-el-valle-de-supe\/#article","isPartOf":{"@id":"https:\/\/zonacaral.gob.pe\/en\/noticias\/comunicado-de-la-zona-arqueologica-caral-sobre-los-acontecimientos-ocurridos-en-el-valle-de-supe\/"},"author":{"name":"Zona Caral Administrador","@id":"https:\/\/zonacaral.gob.pe\/es\/#\/schema\/person\/beddb4d22f71a7230c5b90913270a0ee"},"headline":"Comunicado de la Zona Arqueol\u00f3gica Caral, sobre los acontecimientos ocurridos en el Valle de Supe","datePublished":"2015-04-09T17:50:22+00:00","mainEntityOfPage":{"@id":"https:\/\/zonacaral.gob.pe\/en\/noticias\/comunicado-de-la-zona-arqueologica-caral-sobre-los-acontecimientos-ocurridos-en-el-valle-de-supe\/"},"wordCount":1654,"image":{"@id":"https:\/\/zonacaral.gob.pe\/en\/noticias\/comunicado-de-la-zona-arqueologica-caral-sobre-los-acontecimientos-ocurridos-en-el-valle-de-supe\/#primaryimage"},"thumbnailUrl":"https:\/\/zonacaral.gob.pe\/wp-content\/uploads\/2015\/04\/comunicado-caral-supe-09-04-2015.jpg","keywords":["caral"],"articleSection":["noticias"],"inLanguage":"en-US"},{"@type":"WebPage","@id":"https:\/\/zonacaral.gob.pe\/en\/noticias\/comunicado-de-la-zona-arqueologica-caral-sobre-los-acontecimientos-ocurridos-en-el-valle-de-supe\/","url":"https:\/\/zonacaral.gob.pe\/en\/noticias\/comunicado-de-la-zona-arqueologica-caral-sobre-los-acontecimientos-ocurridos-en-el-valle-de-supe\/","name":"Comunicado de la Zona Arqueol\u00f3gica Caral, sobre los acontecimientos ocurridos en el Valle de Supe - Zona Caral","isPartOf":{"@id":"https:\/\/zonacaral.gob.pe\/es\/#website"},"primaryImageOfPage":{"@id":"https:\/\/zonacaral.gob.pe\/en\/noticias\/comunicado-de-la-zona-arqueologica-caral-sobre-los-acontecimientos-ocurridos-en-el-valle-de-supe\/#primaryimage"},"image":{"@id":"https:\/\/zonacaral.gob.pe\/en\/noticias\/comunicado-de-la-zona-arqueologica-caral-sobre-los-acontecimientos-ocurridos-en-el-valle-de-supe\/#primaryimage"},"thumbnailUrl":"https:\/\/zonacaral.gob.pe\/wp-content\/uploads\/2015\/04\/comunicado-caral-supe-09-04-2015.jpg","datePublished":"2015-04-09T17:50:22+00:00","author":{"@id":"https:\/\/zonacaral.gob.pe\/es\/#\/schema\/person\/beddb4d22f71a7230c5b90913270a0ee"},"breadcrumb":{"@id":"https:\/\/zonacaral.gob.pe\/en\/noticias\/comunicado-de-la-zona-arqueologica-caral-sobre-los-acontecimientos-ocurridos-en-el-valle-de-supe\/#breadcrumb"},"inLanguage":"en-US","potentialAction":[{"@type":"ReadAction","target":["https:\/\/zonacaral.gob.pe\/en\/noticias\/comunicado-de-la-zona-arqueologica-caral-sobre-los-acontecimientos-ocurridos-en-el-valle-de-supe\/"]}]},{"@type":"ImageObject","inLanguage":"en-US","@id":"https:\/\/zonacaral.gob.pe\/en\/noticias\/comunicado-de-la-zona-arqueologica-caral-sobre-los-acontecimientos-ocurridos-en-el-valle-de-supe\/#primaryimage","url":"https:\/\/zonacaral.gob.pe\/wp-content\/uploads\/2015\/04\/comunicado-caral-supe-09-04-2015.jpg","contentUrl":"https:\/\/zonacaral.gob.pe\/wp-content\/uploads\/2015\/04\/comunicado-caral-supe-09-04-2015.jpg","width":726,"height":385},{"@type":"BreadcrumbList","@id":"https:\/\/zonacaral.gob.pe\/en\/noticias\/comunicado-de-la-zona-arqueologica-caral-sobre-los-acontecimientos-ocurridos-en-el-valle-de-supe\/#breadcrumb","itemListElement":[{"@type":"ListItem","position":1,"name":"Portada","item":"https:\/\/zonacaral.gob.pe\/"},{"@type":"ListItem","position":2,"name":"Comunicado de la Zona Arqueol\u00f3gica Caral, sobre los acontecimientos ocurridos en el Valle de Supe"}]},{"@type":"WebSite","@id":"https:\/\/zonacaral.gob.pe\/es\/#website","url":"https:\/\/zonacaral.gob.pe\/es\/","name":"Zona Caral","description":"Investigamos, conservamos y difundimos el patrimonio cultural de la Civilizaci\u00f3n Caral, la m\u00e1s antigua de Am\u00e9rica.","potentialAction":[{"@type":"SearchAction","target":{"@type":"EntryPoint","urlTemplate":"https:\/\/zonacaral.gob.pe\/es\/?s={search_term_string}"},"query-input":{"@type":"PropertyValueSpecification","valueRequired":true,"valueName":"search_term_string"}}],"inLanguage":"en-US"},{"@type":"Person","@id":"https:\/\/zonacaral.gob.pe\/es\/#\/schema\/person\/beddb4d22f71a7230c5b90913270a0ee","name":"Zona Caral Administrador","image":{"@type":"ImageObject","inLanguage":"en-US","@id":"https:\/\/secure.gravatar.com\/avatar\/e4be162918a696358376de6446614e0f0f4062bdc5d170d6d540ada3d8b58c12?s=96&d=mm&r=g","url":"https:\/\/secure.gravatar.com\/avatar\/e4be162918a696358376de6446614e0f0f4062bdc5d170d6d540ada3d8b58c12?s=96&d=mm&r=g","contentUrl":"https:\/\/secure.gravatar.com\/avatar\/e4be162918a696358376de6446614e0f0f4062bdc5d170d6d540ada3d8b58c12?s=96&d=mm&r=g","caption":"Zona Caral Administrador"},"sameAs":["https:\/\/zonacaral.gob.pe"],"url":"https:\/\/zonacaral.gob.pe\/en\/noticias\/author\/ad_zonacaral\/"}]}},"_links":{"self":[{"href":"https:\/\/zonacaral.gob.pe\/en\/wp-json\/wp\/v2\/posts\/9384","targetHints":{"allow":["GET"]}}],"collection":[{"href":"https:\/\/zonacaral.gob.pe\/en\/wp-json\/wp\/v2\/posts"}],"about":[{"href":"https:\/\/zonacaral.gob.pe\/en\/wp-json\/wp\/v2\/types\/post"}],"author":[{"embeddable":true,"href":"https:\/\/zonacaral.gob.pe\/en\/wp-json\/wp\/v2\/users\/1"}],"replies":[{"embeddable":true,"href":"https:\/\/zonacaral.gob.pe\/en\/wp-json\/wp\/v2\/comments?post=9384"}],"version-history":[{"count":0,"href":"https:\/\/zonacaral.gob.pe\/en\/wp-json\/wp\/v2\/posts\/9384\/revisions"}],"wp:featuredmedia":[{"embeddable":true,"href":"https:\/\/zonacaral.gob.pe\/en\/wp-json\/wp\/v2\/media\/9391"}],"wp:attachment":[{"href":"https:\/\/zonacaral.gob.pe\/en\/wp-json\/wp\/v2\/media?parent=9384"}],"wp:term":[{"taxonomy":"category","embeddable":true,"href":"https:\/\/zonacaral.gob.pe\/en\/wp-json\/wp\/v2\/categories?post=9384"},{"taxonomy":"post_tag","embeddable":true,"href":"https:\/\/zonacaral.gob.pe\/en\/wp-json\/wp\/v2\/tags?post=9384"}],"curies":[{"name":"wp","href":"https:\/\/api.w.org\/{rel}","templated":true}]}}