{"id":9549,"date":"2015-04-27T10:12:01","date_gmt":"2015-04-27T15:12:01","guid":{"rendered":"http:\/\/www.zonacaral.gob.pe\/?p=9549"},"modified":"2015-04-27T10:12:01","modified_gmt":"2015-04-27T15:12:01","slug":"renace-el-cultivo-del-algodon-de-colores-en-la-zona-de-caral","status":"publish","type":"post","link":"https:\/\/zonacaral.gob.pe\/en\/noticias\/renace-el-cultivo-del-algodon-de-colores-en-la-zona-de-caral\/","title":{"rendered":"Renace el cultivo del algod\u00f3n de colores en la zona de Caral"},"content":{"rendered":"<p style=\"text-align: justify;\"><span style=\"color: #555555;\">Debido a la gran demanda del algod\u00f3n de colores en la costa, renaci\u00f3 el cultivo en el valle de Supe, en la provincia de Barranca. Las fibras que se consiguen en este lugar son utilizadas para la manufactura de redes y la confecci\u00f3n de ropa.<\/span><\/p>\n<p style=\"text-align: justify;\"><span style=\"color: #555555;\">Por este motivo representantes de la zona arqueol\u00f3gica de Caral, con apoyo de la empresa San Fernando, entregaron en forma gratuita semillas de algod\u00f3n verde, rosado, beige y marr\u00f3n a m\u00e1s de 30 agricultores del valle de Supe, quienes ven en este cultivo una nueva alternativa de progreso.<\/span><\/p>\n<p style=\"text-align: justify;\"><strong style=\"color: #444444;\">Fuente:\u00a0<a href=\"http:\/\/www.larepublica.pe\/26-04-2015\/renace-el-cultivo-del-algodon-de-colores-en-la-zona-de-caral\"><span style=\"color: #800000;\">(La Rep\u00fablica<\/span><span style=\"color: #800000;\">)<\/span><\/a><\/strong><\/p>\n<p style=\"color: #000000;\">Fecha de publicaci\u00f3n: 26\/04\/2015<\/p>","protected":false},"excerpt":{"rendered":"<p>Debido a la gran demanda del algod\u00f3n de colores en la costa, renaci\u00f3 el cultivo en el valle de Supe, [&hellip;]<\/p>\n","protected":false},"author":1,"featured_media":9552,"comment_status":"closed","ping_status":"open","sticky":false,"template":"","format":"standard","meta":{"_acf_changed":false,"site-sidebar-layout":"default","site-content-layout":"","ast-site-content-layout":"default","site-content-style":"default","site-sidebar-style":"default","ast-global-header-display":"","ast-banner-title-visibility":"","ast-main-header-display":"","ast-hfb-above-header-display":"","ast-hfb-below-header-display":"","ast-hfb-mobile-header-display":"","site-post-title":"","ast-breadcrumbs-content":"","ast-featured-img":"","footer-sml-layout":"","ast-disable-related-posts":"","theme-transparent-header-meta":"","adv-header-id-meta":"","stick-header-meta":"","header-above-stick-meta":"","header-main-stick-meta":"","header-below-stick-meta":"","astra-migrate-meta-layouts":"default","ast-page-background-enabled":"default","ast-page-background-meta":{"desktop":{"background-color":"var(--ast-global-color-5)","background-image":"","background-repeat":"repeat","background-position":"center center","background-size":"auto","background-attachment":"scroll","background-type":"","background-media":"","overlay-type":"","overlay-color":"","overlay-opacity":"","overlay-gradient":""},"tablet":{"background-color":"","background-image":"","background-repeat":"repeat","background-position":"center center","background-size":"auto","background-attachment":"scroll","background-type":"","background-media":"","overlay-type":"","overlay-color":"","overlay-opacity":"","overlay-gradient":""},"mobile":{"background-color":"","background-image":"","background-repeat":"repeat","background-position":"center center","background-size":"auto","background-attachment":"scroll","background-type":"","background-media":"","overlay-type":"","overlay-color":"","overlay-opacity":"","overlay-gradient":""}},"ast-content-background-meta":{"desktop":{"background-color":"var(--ast-global-color-4)","background-image":"","background-repeat":"repeat","background-position":"center center","background-size":"auto","background-attachment":"scroll","background-type":"","background-media":"","overlay-type":"","overlay-color":"","overlay-opacity":"","overlay-gradient":""},"tablet":{"background-color":"var(--ast-global-color-4)","background-image":"","background-repeat":"repeat","background-position":"center center","background-size":"auto","background-attachment":"scroll","background-type":"","background-media":"","overlay-type":"","overlay-color":"","overlay-opacity":"","overlay-gradient":""},"mobile":{"background-color":"var(--ast-global-color-4)","background-image":"","background-repeat":"repeat","background-position":"center center","background-size":"auto","background-attachment":"scroll","background-type":"","background-media":"","overlay-type":"","overlay-color":"","overlay-opacity":"","overlay-gradient":""}},"footnotes":""},"categories":[208],"tags":[85,55,86,56,87],"class_list":["post-9549","post","type-post","status-publish","format-standard","has-post-thumbnail","hentry","category-noticias","tag-algodon","tag-caral","tag-colores","tag-supe","tag-valle"],"acf":[],"yoast_head":"<!-- This site is optimized with the Yoast SEO plugin v27.3 - https:\/\/yoast.com\/product\/yoast-seo-wordpress\/ -->\n<title>Renace el cultivo del algod\u00f3n de colores en Caral<\/title>\n<meta name=\"description\" content=\"Debido a la gran demanda del algod\u00f3n de colores en la costa, renaci\u00f3 el cultivo en el valle de Supe, en trabajo en conjunto con la Zona Arqueol\u00f3gica Caral y la Empresa privada San Fernando\" \/>\n<meta name=\"robots\" content=\"index, follow, max-snippet:-1, max-image-preview:large, max-video-preview:-1\" \/>\n<link rel=\"canonical\" href=\"https:\/\/zonacaral.gob.pe\/en\/noticias\/renace-el-cultivo-del-algodon-de-colores-en-la-zona-de-caral\/\" \/>\n<meta property=\"og:locale\" content=\"en_US\" \/>\n<meta property=\"og:type\" content=\"article\" \/>\n<meta property=\"og:title\" content=\"Renace el cultivo del algod\u00f3n de colores en Caral\" \/>\n<meta property=\"og:description\" content=\"Debido a la gran demanda del algod\u00f3n de colores en la costa, renaci\u00f3 el cultivo en el valle de Supe, en trabajo en conjunto con la Zona Arqueol\u00f3gica Caral y la Empresa privada San Fernando\" \/>\n<meta property=\"og:url\" content=\"https:\/\/zonacaral.gob.pe\/en\/noticias\/renace-el-cultivo-del-algodon-de-colores-en-la-zona-de-caral\/\" \/>\n<meta property=\"og:site_name\" content=\"Zona Caral\" \/>\n<meta property=\"article:published_time\" content=\"2015-04-27T15:12:01+00:00\" \/>\n<meta property=\"og:image\" content=\"https:\/\/zonacaral.gob.pe\/wp-content\/uploads\/2015\/04\/republica-26-04-2015-algodon-colores.jpg\" \/>\n\t<meta property=\"og:image:width\" content=\"800\" \/>\n\t<meta property=\"og:image:height\" content=\"600\" \/>\n\t<meta property=\"og:image:type\" content=\"image\/jpeg\" \/>\n<meta name=\"author\" content=\"Zona Caral Administrador\" \/>\n<meta name=\"twitter:card\" content=\"summary_large_image\" \/>\n<meta name=\"twitter:label1\" content=\"Written by\" \/>\n\t<meta name=\"twitter:data1\" content=\"Zona Caral Administrador\" \/>\n\t<meta name=\"twitter:label2\" content=\"Est. reading time\" \/>\n\t<meta name=\"twitter:data2\" content=\"1 minute\" \/>\n<script type=\"application\/ld+json\" class=\"yoast-schema-graph\">{\"@context\":\"https:\\\/\\\/schema.org\",\"@graph\":[{\"@type\":\"Article\",\"@id\":\"https:\\\/\\\/zonacaral.gob.pe\\\/es\\\/noticias\\\/renace-el-cultivo-del-algodon-de-colores-en-la-zona-de-caral\\\/#article\",\"isPartOf\":{\"@id\":\"https:\\\/\\\/zonacaral.gob.pe\\\/es\\\/noticias\\\/renace-el-cultivo-del-algodon-de-colores-en-la-zona-de-caral\\\/\"},\"author\":{\"name\":\"Zona Caral Administrador\",\"@id\":\"https:\\\/\\\/zonacaral.gob.pe\\\/es\\\/#\\\/schema\\\/person\\\/beddb4d22f71a7230c5b90913270a0ee\"},\"headline\":\"Renace el cultivo del algod\u00f3n de colores en la zona de Caral\",\"datePublished\":\"2015-04-27T15:12:01+00:00\",\"mainEntityOfPage\":{\"@id\":\"https:\\\/\\\/zonacaral.gob.pe\\\/es\\\/noticias\\\/renace-el-cultivo-del-algodon-de-colores-en-la-zona-de-caral\\\/\"},\"wordCount\":119,\"image\":{\"@id\":\"https:\\\/\\\/zonacaral.gob.pe\\\/es\\\/noticias\\\/renace-el-cultivo-del-algodon-de-colores-en-la-zona-de-caral\\\/#primaryimage\"},\"thumbnailUrl\":\"https:\\\/\\\/zonacaral.gob.pe\\\/wp-content\\\/uploads\\\/2015\\\/04\\\/republica-26-04-2015-algodon-colores.jpg\",\"keywords\":[\"algod\u00f3n\",\"caral\",\"colores\",\"supe\",\"valle\"],\"articleSection\":[\"noticias\"],\"inLanguage\":\"en-US\"},{\"@type\":\"WebPage\",\"@id\":\"https:\\\/\\\/zonacaral.gob.pe\\\/es\\\/noticias\\\/renace-el-cultivo-del-algodon-de-colores-en-la-zona-de-caral\\\/\",\"url\":\"https:\\\/\\\/zonacaral.gob.pe\\\/es\\\/noticias\\\/renace-el-cultivo-del-algodon-de-colores-en-la-zona-de-caral\\\/\",\"name\":\"Renace el cultivo del algod\u00f3n de colores en Caral\",\"isPartOf\":{\"@id\":\"https:\\\/\\\/zonacaral.gob.pe\\\/es\\\/#website\"},\"primaryImageOfPage\":{\"@id\":\"https:\\\/\\\/zonacaral.gob.pe\\\/es\\\/noticias\\\/renace-el-cultivo-del-algodon-de-colores-en-la-zona-de-caral\\\/#primaryimage\"},\"image\":{\"@id\":\"https:\\\/\\\/zonacaral.gob.pe\\\/es\\\/noticias\\\/renace-el-cultivo-del-algodon-de-colores-en-la-zona-de-caral\\\/#primaryimage\"},\"thumbnailUrl\":\"https:\\\/\\\/zonacaral.gob.pe\\\/wp-content\\\/uploads\\\/2015\\\/04\\\/republica-26-04-2015-algodon-colores.jpg\",\"datePublished\":\"2015-04-27T15:12:01+00:00\",\"author\":{\"@id\":\"https:\\\/\\\/zonacaral.gob.pe\\\/es\\\/#\\\/schema\\\/person\\\/beddb4d22f71a7230c5b90913270a0ee\"},\"description\":\"Debido a la gran demanda del algod\u00f3n de colores en la costa, renaci\u00f3 el cultivo en el valle de Supe, en trabajo en conjunto con la Zona Arqueol\u00f3gica Caral y la Empresa privada San Fernando\",\"breadcrumb\":{\"@id\":\"https:\\\/\\\/zonacaral.gob.pe\\\/es\\\/noticias\\\/renace-el-cultivo-del-algodon-de-colores-en-la-zona-de-caral\\\/#breadcrumb\"},\"inLanguage\":\"en-US\",\"potentialAction\":[{\"@type\":\"ReadAction\",\"target\":[\"https:\\\/\\\/zonacaral.gob.pe\\\/es\\\/noticias\\\/renace-el-cultivo-del-algodon-de-colores-en-la-zona-de-caral\\\/\"]}]},{\"@type\":\"ImageObject\",\"inLanguage\":\"en-US\",\"@id\":\"https:\\\/\\\/zonacaral.gob.pe\\\/es\\\/noticias\\\/renace-el-cultivo-del-algodon-de-colores-en-la-zona-de-caral\\\/#primaryimage\",\"url\":\"https:\\\/\\\/zonacaral.gob.pe\\\/wp-content\\\/uploads\\\/2015\\\/04\\\/republica-26-04-2015-algodon-colores.jpg\",\"contentUrl\":\"https:\\\/\\\/zonacaral.gob.pe\\\/wp-content\\\/uploads\\\/2015\\\/04\\\/republica-26-04-2015-algodon-colores.jpg\",\"width\":800,\"height\":600},{\"@type\":\"BreadcrumbList\",\"@id\":\"https:\\\/\\\/zonacaral.gob.pe\\\/es\\\/noticias\\\/renace-el-cultivo-del-algodon-de-colores-en-la-zona-de-caral\\\/#breadcrumb\",\"itemListElement\":[{\"@type\":\"ListItem\",\"position\":1,\"name\":\"Portada\",\"item\":\"https:\\\/\\\/zonacaral.gob.pe\\\/\"},{\"@type\":\"ListItem\",\"position\":2,\"name\":\"Renace el cultivo del algod\u00f3n de colores en la zona de Caral\"}]},{\"@type\":\"WebSite\",\"@id\":\"https:\\\/\\\/zonacaral.gob.pe\\\/es\\\/#website\",\"url\":\"https:\\\/\\\/zonacaral.gob.pe\\\/es\\\/\",\"name\":\"Zona Caral\",\"description\":\"Investigamos, conservamos y difundimos el patrimonio cultural de la Civilizaci\u00f3n Caral, la m\u00e1s antigua de Am\u00e9rica.\",\"potentialAction\":[{\"@type\":\"SearchAction\",\"target\":{\"@type\":\"EntryPoint\",\"urlTemplate\":\"https:\\\/\\\/zonacaral.gob.pe\\\/es\\\/?s={search_term_string}\"},\"query-input\":{\"@type\":\"PropertyValueSpecification\",\"valueRequired\":true,\"valueName\":\"search_term_string\"}}],\"inLanguage\":\"en-US\"},{\"@type\":\"Person\",\"@id\":\"https:\\\/\\\/zonacaral.gob.pe\\\/es\\\/#\\\/schema\\\/person\\\/beddb4d22f71a7230c5b90913270a0ee\",\"name\":\"Zona Caral Administrador\",\"image\":{\"@type\":\"ImageObject\",\"inLanguage\":\"en-US\",\"@id\":\"https:\\\/\\\/secure.gravatar.com\\\/avatar\\\/e4be162918a696358376de6446614e0f0f4062bdc5d170d6d540ada3d8b58c12?s=96&d=mm&r=g\",\"url\":\"https:\\\/\\\/secure.gravatar.com\\\/avatar\\\/e4be162918a696358376de6446614e0f0f4062bdc5d170d6d540ada3d8b58c12?s=96&d=mm&r=g\",\"contentUrl\":\"https:\\\/\\\/secure.gravatar.com\\\/avatar\\\/e4be162918a696358376de6446614e0f0f4062bdc5d170d6d540ada3d8b58c12?s=96&d=mm&r=g\",\"caption\":\"Zona Caral Administrador\"},\"sameAs\":[\"https:\\\/\\\/zonacaral.gob.pe\"],\"url\":\"https:\\\/\\\/zonacaral.gob.pe\\\/en\\\/noticias\\\/author\\\/ad_zonacaral\\\/\"}]}<\/script>\n<!-- \/ Yoast SEO plugin. -->","yoast_head_json":{"title":"Renace el cultivo del algod\u00f3n de colores en Caral","description":"Debido a la gran demanda del algod\u00f3n de colores en la costa, renaci\u00f3 el cultivo en el valle de Supe, en trabajo en conjunto con la Zona Arqueol\u00f3gica Caral y la Empresa privada San Fernando","robots":{"index":"index","follow":"follow","max-snippet":"max-snippet:-1","max-image-preview":"max-image-preview:large","max-video-preview":"max-video-preview:-1"},"canonical":"https:\/\/zonacaral.gob.pe\/en\/noticias\/renace-el-cultivo-del-algodon-de-colores-en-la-zona-de-caral\/","og_locale":"en_US","og_type":"article","og_title":"Renace el cultivo del algod\u00f3n de colores en Caral","og_description":"Debido a la gran demanda del algod\u00f3n de colores en la costa, renaci\u00f3 el cultivo en el valle de Supe, en trabajo en conjunto con la Zona Arqueol\u00f3gica Caral y la Empresa privada San Fernando","og_url":"https:\/\/zonacaral.gob.pe\/en\/noticias\/renace-el-cultivo-del-algodon-de-colores-en-la-zona-de-caral\/","og_site_name":"Zona Caral","article_published_time":"2015-04-27T15:12:01+00:00","og_image":[{"width":800,"height":600,"url":"https:\/\/zonacaral.gob.pe\/wp-content\/uploads\/2015\/04\/republica-26-04-2015-algodon-colores.jpg","type":"image\/jpeg"}],"author":"Zona Caral Administrador","twitter_card":"summary_large_image","twitter_misc":{"Written by":"Zona Caral Administrador","Est. reading time":"1 minute"},"schema":{"@context":"https:\/\/schema.org","@graph":[{"@type":"Article","@id":"https:\/\/zonacaral.gob.pe\/es\/noticias\/renace-el-cultivo-del-algodon-de-colores-en-la-zona-de-caral\/#article","isPartOf":{"@id":"https:\/\/zonacaral.gob.pe\/es\/noticias\/renace-el-cultivo-del-algodon-de-colores-en-la-zona-de-caral\/"},"author":{"name":"Zona Caral Administrador","@id":"https:\/\/zonacaral.gob.pe\/es\/#\/schema\/person\/beddb4d22f71a7230c5b90913270a0ee"},"headline":"Renace el cultivo del algod\u00f3n de colores en la zona de Caral","datePublished":"2015-04-27T15:12:01+00:00","mainEntityOfPage":{"@id":"https:\/\/zonacaral.gob.pe\/es\/noticias\/renace-el-cultivo-del-algodon-de-colores-en-la-zona-de-caral\/"},"wordCount":119,"image":{"@id":"https:\/\/zonacaral.gob.pe\/es\/noticias\/renace-el-cultivo-del-algodon-de-colores-en-la-zona-de-caral\/#primaryimage"},"thumbnailUrl":"https:\/\/zonacaral.gob.pe\/wp-content\/uploads\/2015\/04\/republica-26-04-2015-algodon-colores.jpg","keywords":["algod\u00f3n","caral","colores","supe","valle"],"articleSection":["noticias"],"inLanguage":"en-US"},{"@type":"WebPage","@id":"https:\/\/zonacaral.gob.pe\/es\/noticias\/renace-el-cultivo-del-algodon-de-colores-en-la-zona-de-caral\/","url":"https:\/\/zonacaral.gob.pe\/es\/noticias\/renace-el-cultivo-del-algodon-de-colores-en-la-zona-de-caral\/","name":"Renace el cultivo del algod\u00f3n de colores en Caral","isPartOf":{"@id":"https:\/\/zonacaral.gob.pe\/es\/#website"},"primaryImageOfPage":{"@id":"https:\/\/zonacaral.gob.pe\/es\/noticias\/renace-el-cultivo-del-algodon-de-colores-en-la-zona-de-caral\/#primaryimage"},"image":{"@id":"https:\/\/zonacaral.gob.pe\/es\/noticias\/renace-el-cultivo-del-algodon-de-colores-en-la-zona-de-caral\/#primaryimage"},"thumbnailUrl":"https:\/\/zonacaral.gob.pe\/wp-content\/uploads\/2015\/04\/republica-26-04-2015-algodon-colores.jpg","datePublished":"2015-04-27T15:12:01+00:00","author":{"@id":"https:\/\/zonacaral.gob.pe\/es\/#\/schema\/person\/beddb4d22f71a7230c5b90913270a0ee"},"description":"Debido a la gran demanda del algod\u00f3n de colores en la costa, renaci\u00f3 el cultivo en el valle de Supe, en trabajo en conjunto con la Zona Arqueol\u00f3gica Caral y la Empresa privada San Fernando","breadcrumb":{"@id":"https:\/\/zonacaral.gob.pe\/es\/noticias\/renace-el-cultivo-del-algodon-de-colores-en-la-zona-de-caral\/#breadcrumb"},"inLanguage":"en-US","potentialAction":[{"@type":"ReadAction","target":["https:\/\/zonacaral.gob.pe\/es\/noticias\/renace-el-cultivo-del-algodon-de-colores-en-la-zona-de-caral\/"]}]},{"@type":"ImageObject","inLanguage":"en-US","@id":"https:\/\/zonacaral.gob.pe\/es\/noticias\/renace-el-cultivo-del-algodon-de-colores-en-la-zona-de-caral\/#primaryimage","url":"https:\/\/zonacaral.gob.pe\/wp-content\/uploads\/2015\/04\/republica-26-04-2015-algodon-colores.jpg","contentUrl":"https:\/\/zonacaral.gob.pe\/wp-content\/uploads\/2015\/04\/republica-26-04-2015-algodon-colores.jpg","width":800,"height":600},{"@type":"BreadcrumbList","@id":"https:\/\/zonacaral.gob.pe\/es\/noticias\/renace-el-cultivo-del-algodon-de-colores-en-la-zona-de-caral\/#breadcrumb","itemListElement":[{"@type":"ListItem","position":1,"name":"Portada","item":"https:\/\/zonacaral.gob.pe\/"},{"@type":"ListItem","position":2,"name":"Renace el cultivo del algod\u00f3n de colores en la zona de Caral"}]},{"@type":"WebSite","@id":"https:\/\/zonacaral.gob.pe\/es\/#website","url":"https:\/\/zonacaral.gob.pe\/es\/","name":"Zona Caral","description":"Investigamos, conservamos y difundimos el patrimonio cultural de la Civilizaci\u00f3n Caral, la m\u00e1s antigua de Am\u00e9rica.","potentialAction":[{"@type":"SearchAction","target":{"@type":"EntryPoint","urlTemplate":"https:\/\/zonacaral.gob.pe\/es\/?s={search_term_string}"},"query-input":{"@type":"PropertyValueSpecification","valueRequired":true,"valueName":"search_term_string"}}],"inLanguage":"en-US"},{"@type":"Person","@id":"https:\/\/zonacaral.gob.pe\/es\/#\/schema\/person\/beddb4d22f71a7230c5b90913270a0ee","name":"Zona Caral Administrador","image":{"@type":"ImageObject","inLanguage":"en-US","@id":"https:\/\/secure.gravatar.com\/avatar\/e4be162918a696358376de6446614e0f0f4062bdc5d170d6d540ada3d8b58c12?s=96&d=mm&r=g","url":"https:\/\/secure.gravatar.com\/avatar\/e4be162918a696358376de6446614e0f0f4062bdc5d170d6d540ada3d8b58c12?s=96&d=mm&r=g","contentUrl":"https:\/\/secure.gravatar.com\/avatar\/e4be162918a696358376de6446614e0f0f4062bdc5d170d6d540ada3d8b58c12?s=96&d=mm&r=g","caption":"Zona Caral Administrador"},"sameAs":["https:\/\/zonacaral.gob.pe"],"url":"https:\/\/zonacaral.gob.pe\/en\/noticias\/author\/ad_zonacaral\/"}]}},"_links":{"self":[{"href":"https:\/\/zonacaral.gob.pe\/en\/wp-json\/wp\/v2\/posts\/9549","targetHints":{"allow":["GET"]}}],"collection":[{"href":"https:\/\/zonacaral.gob.pe\/en\/wp-json\/wp\/v2\/posts"}],"about":[{"href":"https:\/\/zonacaral.gob.pe\/en\/wp-json\/wp\/v2\/types\/post"}],"author":[{"embeddable":true,"href":"https:\/\/zonacaral.gob.pe\/en\/wp-json\/wp\/v2\/users\/1"}],"replies":[{"embeddable":true,"href":"https:\/\/zonacaral.gob.pe\/en\/wp-json\/wp\/v2\/comments?post=9549"}],"version-history":[{"count":0,"href":"https:\/\/zonacaral.gob.pe\/en\/wp-json\/wp\/v2\/posts\/9549\/revisions"}],"wp:featuredmedia":[{"embeddable":true,"href":"https:\/\/zonacaral.gob.pe\/en\/wp-json\/wp\/v2\/media\/9552"}],"wp:attachment":[{"href":"https:\/\/zonacaral.gob.pe\/en\/wp-json\/wp\/v2\/media?parent=9549"}],"wp:term":[{"taxonomy":"category","embeddable":true,"href":"https:\/\/zonacaral.gob.pe\/en\/wp-json\/wp\/v2\/categories?post=9549"},{"taxonomy":"post_tag","embeddable":true,"href":"https:\/\/zonacaral.gob.pe\/en\/wp-json\/wp\/v2\/tags?post=9549"}],"curies":[{"name":"wp","href":"https:\/\/api.w.org\/{rel}","templated":true}]}}