{"id":9584,"date":"2015-05-06T19:01:51","date_gmt":"2015-05-07T00:01:51","guid":{"rendered":"http:\/\/www.zonacaral.gob.pe\/?p=9584"},"modified":"2015-05-06T19:01:51","modified_gmt":"2015-05-07T00:01:51","slug":"artesanas-de-llampu-maki-comercializan-prendas-de-algodon-de-colores","status":"publish","type":"post","link":"https:\/\/zonacaral.gob.pe\/en\/noticias\/artesanas-de-llampu-maki-comercializan-prendas-de-algodon-de-colores\/","title":{"rendered":"Artesanas de \u201cLlampu Maki\u201d  Comercializan Prendas de Algod\u00f3n de Colores"},"content":{"rendered":"<p style=\"text-align: justify;\">Chalinas, chompitas, gorros, bolsos, portacosm\u00e9ticos, caminos de mesa, pie de cama y llaveros, entre otros, fueron los productos que la asociaci\u00f3n de artesanas LLAMPU MAKI de Caral pudieron comercializar en las instalaciones de las oficinas de SAN FERNANDO S.A.C. Precisamos que esta actividad se da en el marco del convenio interinstitucional entre la Zona Arqueol\u00f3gica Caral, (ZAC) Unidad Ejecutora 003, adscrita al Ministerio de Cultura que dirige la Dra. Ruth Shady y la empresa San Fernando.<\/p>\n<p style=\"text-align: justify;\">Parte de la cosecha de algod\u00f3n que se entrega a las artesanas de Caral, asociadas en LLAMPU MAKI (manos suaves), es trabajada por ellas con telares de cintura, palitos de tejer o crochet. Con esta actividad se busca promover la venta de sus finos productos que ya se han ganado el aprecio de sus compradores. Con este proyecto de la Direcci\u00f3n de Relaciones Comunitarias de la ZAC se genera una alternativa de desarrollo y fuente de ingresos econ\u00f3micos en el valle de Supe. En esta ocasi\u00f3n las trabajadoras de San Fernando (sede Surquillo) quedaron encantadas con las prendas<\/p>\n<p style=\"text-align: justify;\"><img fetchpriority=\"high\" decoding=\"async\" class=\"alignnone wp-image-9588\" src=\"http:\/\/www.zonacaral.gob.pe\/wp-content\/uploads\/2015\/05\/san-fernando-algodon-05.jpg\" alt=\"san-fernando-algodon-05\" width=\"683\" height=\"464\" srcset=\"https:\/\/zonacaral.gob.pe\/wp-content\/uploads\/2015\/05\/san-fernando-algodon-05.jpg 700w, https:\/\/zonacaral.gob.pe\/wp-content\/uploads\/2015\/05\/san-fernando-algodon-05-300x204.jpg 300w\" sizes=\"(max-width: 683px) 100vw, 683px\" \/><\/p>\n<p style=\"text-align: justify;\"><strong style=\"color: #444444;\">Fuente:\u00a0<span style=\"color: #800000;\">(Prensa ZAC<\/span><span style=\"color: #800000;\">)<\/span><\/strong><\/p>\n<p style=\"color: #000000;\">Fecha de publicaci\u00f3n: 06\/05\/2015<\/p>\n<p>&nbsp;<\/p>","protected":false},"excerpt":{"rendered":"<p>Chalinas, chompitas, gorros, bolsos, portacosm\u00e9ticos, caminos de mesa, pie de cama y llaveros, entre otros, fueron los productos que la [&hellip;]<\/p>\n","protected":false},"author":1,"featured_media":9585,"comment_status":"closed","ping_status":"open","sticky":false,"template":"","format":"standard","meta":{"_acf_changed":false,"site-sidebar-layout":"default","site-content-layout":"","ast-site-content-layout":"default","site-content-style":"default","site-sidebar-style":"default","ast-global-header-display":"","ast-banner-title-visibility":"","ast-main-header-display":"","ast-hfb-above-header-display":"","ast-hfb-below-header-display":"","ast-hfb-mobile-header-display":"","site-post-title":"","ast-breadcrumbs-content":"","ast-featured-img":"","footer-sml-layout":"","ast-disable-related-posts":"","theme-transparent-header-meta":"","adv-header-id-meta":"","stick-header-meta":"","header-above-stick-meta":"","header-main-stick-meta":"","header-below-stick-meta":"","astra-migrate-meta-layouts":"default","ast-page-background-enabled":"default","ast-page-background-meta":{"desktop":{"background-color":"var(--ast-global-color-5)","background-image":"","background-repeat":"repeat","background-position":"center center","background-size":"auto","background-attachment":"scroll","background-type":"","background-media":"","overlay-type":"","overlay-color":"","overlay-opacity":"","overlay-gradient":""},"tablet":{"background-color":"","background-image":"","background-repeat":"repeat","background-position":"center center","background-size":"auto","background-attachment":"scroll","background-type":"","background-media":"","overlay-type":"","overlay-color":"","overlay-opacity":"","overlay-gradient":""},"mobile":{"background-color":"","background-image":"","background-repeat":"repeat","background-position":"center center","background-size":"auto","background-attachment":"scroll","background-type":"","background-media":"","overlay-type":"","overlay-color":"","overlay-opacity":"","overlay-gradient":""}},"ast-content-background-meta":{"desktop":{"background-color":"var(--ast-global-color-4)","background-image":"","background-repeat":"repeat","background-position":"center center","background-size":"auto","background-attachment":"scroll","background-type":"","background-media":"","overlay-type":"","overlay-color":"","overlay-opacity":"","overlay-gradient":""},"tablet":{"background-color":"var(--ast-global-color-4)","background-image":"","background-repeat":"repeat","background-position":"center center","background-size":"auto","background-attachment":"scroll","background-type":"","background-media":"","overlay-type":"","overlay-color":"","overlay-opacity":"","overlay-gradient":""},"mobile":{"background-color":"var(--ast-global-color-4)","background-image":"","background-repeat":"repeat","background-position":"center center","background-size":"auto","background-attachment":"scroll","background-type":"","background-media":"","overlay-type":"","overlay-color":"","overlay-opacity":"","overlay-gradient":""}},"footnotes":""},"categories":[208],"tags":[85,55,86,88,89,56,87],"class_list":["post-9584","post","type-post","status-publish","format-standard","has-post-thumbnail","hentry","category-noticias","tag-algodon","tag-caral","tag-colores","tag-llampu-maki","tag-san-fernando","tag-supe","tag-valle"],"acf":[],"yoast_head":"<!-- This site is optimized with the Yoast SEO plugin v27.3 - https:\/\/yoast.com\/product\/yoast-seo-wordpress\/ -->\n<title>Artesanas de \u201cLlampu Maki\u201d Comercializan Prendas de Algod\u00f3n de Colores<\/title>\n<meta name=\"description\" content=\"Los esfuerzos por rescatar el algod\u00f3n nativo de colores, en el valle de Supe, contin\u00faan en ascenso. Las fibras tono beige de la reciente cosecha est\u00e1n por alcanzar est\u00e1ndares internacionales.\" \/>\n<meta name=\"robots\" content=\"index, follow, max-snippet:-1, max-image-preview:large, max-video-preview:-1\" \/>\n<link rel=\"canonical\" href=\"https:\/\/zonacaral.gob.pe\/en\/noticias\/artesanas-de-llampu-maki-comercializan-prendas-de-algodon-de-colores\/\" \/>\n<meta property=\"og:locale\" content=\"en_US\" \/>\n<meta property=\"og:type\" content=\"article\" \/>\n<meta property=\"og:title\" content=\"Artesanas de \u201cLlampu Maki\u201d Comercializan Prendas de Algod\u00f3n de Colores\" \/>\n<meta property=\"og:description\" content=\"Los esfuerzos por rescatar el algod\u00f3n nativo de colores, en el valle de Supe, contin\u00faan en ascenso. Las fibras tono beige de la reciente cosecha est\u00e1n por alcanzar est\u00e1ndares internacionales.\" \/>\n<meta property=\"og:url\" content=\"https:\/\/zonacaral.gob.pe\/en\/noticias\/artesanas-de-llampu-maki-comercializan-prendas-de-algodon-de-colores\/\" \/>\n<meta property=\"og:site_name\" content=\"Zona Caral\" \/>\n<meta property=\"article:published_time\" content=\"2015-05-07T00:01:51+00:00\" \/>\n<meta property=\"og:image\" content=\"https:\/\/zonacaral.gob.pe\/wp-content\/uploads\/2015\/05\/san-fernando-algodon-01.jpg\" \/>\n\t<meta property=\"og:image:width\" content=\"1024\" \/>\n\t<meta property=\"og:image:height\" content=\"768\" \/>\n\t<meta property=\"og:image:type\" content=\"image\/jpeg\" \/>\n<meta name=\"author\" content=\"Zona Caral Administrador\" \/>\n<meta name=\"twitter:card\" content=\"summary_large_image\" \/>\n<meta name=\"twitter:label1\" content=\"Written by\" \/>\n\t<meta name=\"twitter:data1\" content=\"Zona Caral Administrador\" \/>\n\t<meta name=\"twitter:label2\" content=\"Est. reading time\" \/>\n\t<meta name=\"twitter:data2\" content=\"1 minute\" \/>\n<script type=\"application\/ld+json\" class=\"yoast-schema-graph\">{\"@context\":\"https:\\\/\\\/schema.org\",\"@graph\":[{\"@type\":\"Article\",\"@id\":\"https:\\\/\\\/zonacaral.gob.pe\\\/en\\\/noticias\\\/artesanas-de-llampu-maki-comercializan-prendas-de-algodon-de-colores\\\/#article\",\"isPartOf\":{\"@id\":\"https:\\\/\\\/zonacaral.gob.pe\\\/en\\\/noticias\\\/artesanas-de-llampu-maki-comercializan-prendas-de-algodon-de-colores\\\/\"},\"author\":{\"name\":\"Zona Caral Administrador\",\"@id\":\"https:\\\/\\\/zonacaral.gob.pe\\\/es\\\/#\\\/schema\\\/person\\\/beddb4d22f71a7230c5b90913270a0ee\"},\"headline\":\"Artesanas de \u201cLlampu Maki\u201d Comercializan Prendas de Algod\u00f3n de Colores\",\"datePublished\":\"2015-05-07T00:01:51+00:00\",\"mainEntityOfPage\":{\"@id\":\"https:\\\/\\\/zonacaral.gob.pe\\\/en\\\/noticias\\\/artesanas-de-llampu-maki-comercializan-prendas-de-algodon-de-colores\\\/\"},\"wordCount\":201,\"image\":{\"@id\":\"https:\\\/\\\/zonacaral.gob.pe\\\/en\\\/noticias\\\/artesanas-de-llampu-maki-comercializan-prendas-de-algodon-de-colores\\\/#primaryimage\"},\"thumbnailUrl\":\"https:\\\/\\\/zonacaral.gob.pe\\\/wp-content\\\/uploads\\\/2015\\\/05\\\/san-fernando-algodon-01.jpg\",\"keywords\":[\"algod\u00f3n\",\"caral\",\"colores\",\"llampu maki\",\"san fernando\",\"supe\",\"valle\"],\"articleSection\":[\"noticias\"],\"inLanguage\":\"en-US\"},{\"@type\":\"WebPage\",\"@id\":\"https:\\\/\\\/zonacaral.gob.pe\\\/en\\\/noticias\\\/artesanas-de-llampu-maki-comercializan-prendas-de-algodon-de-colores\\\/\",\"url\":\"https:\\\/\\\/zonacaral.gob.pe\\\/en\\\/noticias\\\/artesanas-de-llampu-maki-comercializan-prendas-de-algodon-de-colores\\\/\",\"name\":\"Artesanas de \u201cLlampu Maki\u201d Comercializan Prendas de Algod\u00f3n de Colores\",\"isPartOf\":{\"@id\":\"https:\\\/\\\/zonacaral.gob.pe\\\/es\\\/#website\"},\"primaryImageOfPage\":{\"@id\":\"https:\\\/\\\/zonacaral.gob.pe\\\/en\\\/noticias\\\/artesanas-de-llampu-maki-comercializan-prendas-de-algodon-de-colores\\\/#primaryimage\"},\"image\":{\"@id\":\"https:\\\/\\\/zonacaral.gob.pe\\\/en\\\/noticias\\\/artesanas-de-llampu-maki-comercializan-prendas-de-algodon-de-colores\\\/#primaryimage\"},\"thumbnailUrl\":\"https:\\\/\\\/zonacaral.gob.pe\\\/wp-content\\\/uploads\\\/2015\\\/05\\\/san-fernando-algodon-01.jpg\",\"datePublished\":\"2015-05-07T00:01:51+00:00\",\"author\":{\"@id\":\"https:\\\/\\\/zonacaral.gob.pe\\\/es\\\/#\\\/schema\\\/person\\\/beddb4d22f71a7230c5b90913270a0ee\"},\"description\":\"Los esfuerzos por rescatar el algod\u00f3n nativo de colores, en el valle de Supe, contin\u00faan en ascenso. Las fibras tono beige de la reciente cosecha est\u00e1n por alcanzar est\u00e1ndares internacionales.\",\"breadcrumb\":{\"@id\":\"https:\\\/\\\/zonacaral.gob.pe\\\/en\\\/noticias\\\/artesanas-de-llampu-maki-comercializan-prendas-de-algodon-de-colores\\\/#breadcrumb\"},\"inLanguage\":\"en-US\",\"potentialAction\":[{\"@type\":\"ReadAction\",\"target\":[\"https:\\\/\\\/zonacaral.gob.pe\\\/en\\\/noticias\\\/artesanas-de-llampu-maki-comercializan-prendas-de-algodon-de-colores\\\/\"]}]},{\"@type\":\"ImageObject\",\"inLanguage\":\"en-US\",\"@id\":\"https:\\\/\\\/zonacaral.gob.pe\\\/en\\\/noticias\\\/artesanas-de-llampu-maki-comercializan-prendas-de-algodon-de-colores\\\/#primaryimage\",\"url\":\"https:\\\/\\\/zonacaral.gob.pe\\\/wp-content\\\/uploads\\\/2015\\\/05\\\/san-fernando-algodon-01.jpg\",\"contentUrl\":\"https:\\\/\\\/zonacaral.gob.pe\\\/wp-content\\\/uploads\\\/2015\\\/05\\\/san-fernando-algodon-01.jpg\",\"width\":1024,\"height\":768},{\"@type\":\"BreadcrumbList\",\"@id\":\"https:\\\/\\\/zonacaral.gob.pe\\\/en\\\/noticias\\\/artesanas-de-llampu-maki-comercializan-prendas-de-algodon-de-colores\\\/#breadcrumb\",\"itemListElement\":[{\"@type\":\"ListItem\",\"position\":1,\"name\":\"Portada\",\"item\":\"https:\\\/\\\/zonacaral.gob.pe\\\/\"},{\"@type\":\"ListItem\",\"position\":2,\"name\":\"Artesanas de \u201cLlampu Maki\u201d Comercializan Prendas de Algod\u00f3n de Colores\"}]},{\"@type\":\"WebSite\",\"@id\":\"https:\\\/\\\/zonacaral.gob.pe\\\/es\\\/#website\",\"url\":\"https:\\\/\\\/zonacaral.gob.pe\\\/es\\\/\",\"name\":\"Zona Caral\",\"description\":\"Investigamos, conservamos y difundimos el patrimonio cultural de la Civilizaci\u00f3n Caral, la m\u00e1s antigua de Am\u00e9rica.\",\"potentialAction\":[{\"@type\":\"SearchAction\",\"target\":{\"@type\":\"EntryPoint\",\"urlTemplate\":\"https:\\\/\\\/zonacaral.gob.pe\\\/es\\\/?s={search_term_string}\"},\"query-input\":{\"@type\":\"PropertyValueSpecification\",\"valueRequired\":true,\"valueName\":\"search_term_string\"}}],\"inLanguage\":\"en-US\"},{\"@type\":\"Person\",\"@id\":\"https:\\\/\\\/zonacaral.gob.pe\\\/es\\\/#\\\/schema\\\/person\\\/beddb4d22f71a7230c5b90913270a0ee\",\"name\":\"Zona Caral Administrador\",\"image\":{\"@type\":\"ImageObject\",\"inLanguage\":\"en-US\",\"@id\":\"https:\\\/\\\/secure.gravatar.com\\\/avatar\\\/e4be162918a696358376de6446614e0f0f4062bdc5d170d6d540ada3d8b58c12?s=96&d=mm&r=g\",\"url\":\"https:\\\/\\\/secure.gravatar.com\\\/avatar\\\/e4be162918a696358376de6446614e0f0f4062bdc5d170d6d540ada3d8b58c12?s=96&d=mm&r=g\",\"contentUrl\":\"https:\\\/\\\/secure.gravatar.com\\\/avatar\\\/e4be162918a696358376de6446614e0f0f4062bdc5d170d6d540ada3d8b58c12?s=96&d=mm&r=g\",\"caption\":\"Zona Caral Administrador\"},\"sameAs\":[\"https:\\\/\\\/zonacaral.gob.pe\"],\"url\":\"https:\\\/\\\/zonacaral.gob.pe\\\/en\\\/noticias\\\/author\\\/ad_zonacaral\\\/\"}]}<\/script>\n<!-- \/ Yoast SEO plugin. -->","yoast_head_json":{"title":"Artesanas de \u201cLlampu Maki\u201d Comercializan Prendas de Algod\u00f3n de Colores","description":"Los esfuerzos por rescatar el algod\u00f3n nativo de colores, en el valle de Supe, contin\u00faan en ascenso. Las fibras tono beige de la reciente cosecha est\u00e1n por alcanzar est\u00e1ndares internacionales.","robots":{"index":"index","follow":"follow","max-snippet":"max-snippet:-1","max-image-preview":"max-image-preview:large","max-video-preview":"max-video-preview:-1"},"canonical":"https:\/\/zonacaral.gob.pe\/en\/noticias\/artesanas-de-llampu-maki-comercializan-prendas-de-algodon-de-colores\/","og_locale":"en_US","og_type":"article","og_title":"Artesanas de \u201cLlampu Maki\u201d Comercializan Prendas de Algod\u00f3n de Colores","og_description":"Los esfuerzos por rescatar el algod\u00f3n nativo de colores, en el valle de Supe, contin\u00faan en ascenso. Las fibras tono beige de la reciente cosecha est\u00e1n por alcanzar est\u00e1ndares internacionales.","og_url":"https:\/\/zonacaral.gob.pe\/en\/noticias\/artesanas-de-llampu-maki-comercializan-prendas-de-algodon-de-colores\/","og_site_name":"Zona Caral","article_published_time":"2015-05-07T00:01:51+00:00","og_image":[{"width":1024,"height":768,"url":"https:\/\/zonacaral.gob.pe\/wp-content\/uploads\/2015\/05\/san-fernando-algodon-01.jpg","type":"image\/jpeg"}],"author":"Zona Caral Administrador","twitter_card":"summary_large_image","twitter_misc":{"Written by":"Zona Caral Administrador","Est. reading time":"1 minute"},"schema":{"@context":"https:\/\/schema.org","@graph":[{"@type":"Article","@id":"https:\/\/zonacaral.gob.pe\/en\/noticias\/artesanas-de-llampu-maki-comercializan-prendas-de-algodon-de-colores\/#article","isPartOf":{"@id":"https:\/\/zonacaral.gob.pe\/en\/noticias\/artesanas-de-llampu-maki-comercializan-prendas-de-algodon-de-colores\/"},"author":{"name":"Zona Caral Administrador","@id":"https:\/\/zonacaral.gob.pe\/es\/#\/schema\/person\/beddb4d22f71a7230c5b90913270a0ee"},"headline":"Artesanas de \u201cLlampu Maki\u201d Comercializan Prendas de Algod\u00f3n de Colores","datePublished":"2015-05-07T00:01:51+00:00","mainEntityOfPage":{"@id":"https:\/\/zonacaral.gob.pe\/en\/noticias\/artesanas-de-llampu-maki-comercializan-prendas-de-algodon-de-colores\/"},"wordCount":201,"image":{"@id":"https:\/\/zonacaral.gob.pe\/en\/noticias\/artesanas-de-llampu-maki-comercializan-prendas-de-algodon-de-colores\/#primaryimage"},"thumbnailUrl":"https:\/\/zonacaral.gob.pe\/wp-content\/uploads\/2015\/05\/san-fernando-algodon-01.jpg","keywords":["algod\u00f3n","caral","colores","llampu maki","san fernando","supe","valle"],"articleSection":["noticias"],"inLanguage":"en-US"},{"@type":"WebPage","@id":"https:\/\/zonacaral.gob.pe\/en\/noticias\/artesanas-de-llampu-maki-comercializan-prendas-de-algodon-de-colores\/","url":"https:\/\/zonacaral.gob.pe\/en\/noticias\/artesanas-de-llampu-maki-comercializan-prendas-de-algodon-de-colores\/","name":"Artesanas de \u201cLlampu Maki\u201d Comercializan Prendas de Algod\u00f3n de Colores","isPartOf":{"@id":"https:\/\/zonacaral.gob.pe\/es\/#website"},"primaryImageOfPage":{"@id":"https:\/\/zonacaral.gob.pe\/en\/noticias\/artesanas-de-llampu-maki-comercializan-prendas-de-algodon-de-colores\/#primaryimage"},"image":{"@id":"https:\/\/zonacaral.gob.pe\/en\/noticias\/artesanas-de-llampu-maki-comercializan-prendas-de-algodon-de-colores\/#primaryimage"},"thumbnailUrl":"https:\/\/zonacaral.gob.pe\/wp-content\/uploads\/2015\/05\/san-fernando-algodon-01.jpg","datePublished":"2015-05-07T00:01:51+00:00","author":{"@id":"https:\/\/zonacaral.gob.pe\/es\/#\/schema\/person\/beddb4d22f71a7230c5b90913270a0ee"},"description":"Los esfuerzos por rescatar el algod\u00f3n nativo de colores, en el valle de Supe, contin\u00faan en ascenso. Las fibras tono beige de la reciente cosecha est\u00e1n por alcanzar est\u00e1ndares internacionales.","breadcrumb":{"@id":"https:\/\/zonacaral.gob.pe\/en\/noticias\/artesanas-de-llampu-maki-comercializan-prendas-de-algodon-de-colores\/#breadcrumb"},"inLanguage":"en-US","potentialAction":[{"@type":"ReadAction","target":["https:\/\/zonacaral.gob.pe\/en\/noticias\/artesanas-de-llampu-maki-comercializan-prendas-de-algodon-de-colores\/"]}]},{"@type":"ImageObject","inLanguage":"en-US","@id":"https:\/\/zonacaral.gob.pe\/en\/noticias\/artesanas-de-llampu-maki-comercializan-prendas-de-algodon-de-colores\/#primaryimage","url":"https:\/\/zonacaral.gob.pe\/wp-content\/uploads\/2015\/05\/san-fernando-algodon-01.jpg","contentUrl":"https:\/\/zonacaral.gob.pe\/wp-content\/uploads\/2015\/05\/san-fernando-algodon-01.jpg","width":1024,"height":768},{"@type":"BreadcrumbList","@id":"https:\/\/zonacaral.gob.pe\/en\/noticias\/artesanas-de-llampu-maki-comercializan-prendas-de-algodon-de-colores\/#breadcrumb","itemListElement":[{"@type":"ListItem","position":1,"name":"Portada","item":"https:\/\/zonacaral.gob.pe\/"},{"@type":"ListItem","position":2,"name":"Artesanas de \u201cLlampu Maki\u201d Comercializan Prendas de Algod\u00f3n de Colores"}]},{"@type":"WebSite","@id":"https:\/\/zonacaral.gob.pe\/es\/#website","url":"https:\/\/zonacaral.gob.pe\/es\/","name":"Zona Caral","description":"Investigamos, conservamos y difundimos el patrimonio cultural de la Civilizaci\u00f3n Caral, la m\u00e1s antigua de Am\u00e9rica.","potentialAction":[{"@type":"SearchAction","target":{"@type":"EntryPoint","urlTemplate":"https:\/\/zonacaral.gob.pe\/es\/?s={search_term_string}"},"query-input":{"@type":"PropertyValueSpecification","valueRequired":true,"valueName":"search_term_string"}}],"inLanguage":"en-US"},{"@type":"Person","@id":"https:\/\/zonacaral.gob.pe\/es\/#\/schema\/person\/beddb4d22f71a7230c5b90913270a0ee","name":"Zona Caral Administrador","image":{"@type":"ImageObject","inLanguage":"en-US","@id":"https:\/\/secure.gravatar.com\/avatar\/e4be162918a696358376de6446614e0f0f4062bdc5d170d6d540ada3d8b58c12?s=96&d=mm&r=g","url":"https:\/\/secure.gravatar.com\/avatar\/e4be162918a696358376de6446614e0f0f4062bdc5d170d6d540ada3d8b58c12?s=96&d=mm&r=g","contentUrl":"https:\/\/secure.gravatar.com\/avatar\/e4be162918a696358376de6446614e0f0f4062bdc5d170d6d540ada3d8b58c12?s=96&d=mm&r=g","caption":"Zona Caral Administrador"},"sameAs":["https:\/\/zonacaral.gob.pe"],"url":"https:\/\/zonacaral.gob.pe\/en\/noticias\/author\/ad_zonacaral\/"}]}},"_links":{"self":[{"href":"https:\/\/zonacaral.gob.pe\/en\/wp-json\/wp\/v2\/posts\/9584","targetHints":{"allow":["GET"]}}],"collection":[{"href":"https:\/\/zonacaral.gob.pe\/en\/wp-json\/wp\/v2\/posts"}],"about":[{"href":"https:\/\/zonacaral.gob.pe\/en\/wp-json\/wp\/v2\/types\/post"}],"author":[{"embeddable":true,"href":"https:\/\/zonacaral.gob.pe\/en\/wp-json\/wp\/v2\/users\/1"}],"replies":[{"embeddable":true,"href":"https:\/\/zonacaral.gob.pe\/en\/wp-json\/wp\/v2\/comments?post=9584"}],"version-history":[{"count":0,"href":"https:\/\/zonacaral.gob.pe\/en\/wp-json\/wp\/v2\/posts\/9584\/revisions"}],"wp:featuredmedia":[{"embeddable":true,"href":"https:\/\/zonacaral.gob.pe\/en\/wp-json\/wp\/v2\/media\/9585"}],"wp:attachment":[{"href":"https:\/\/zonacaral.gob.pe\/en\/wp-json\/wp\/v2\/media?parent=9584"}],"wp:term":[{"taxonomy":"category","embeddable":true,"href":"https:\/\/zonacaral.gob.pe\/en\/wp-json\/wp\/v2\/categories?post=9584"},{"taxonomy":"post_tag","embeddable":true,"href":"https:\/\/zonacaral.gob.pe\/en\/wp-json\/wp\/v2\/tags?post=9584"}],"curies":[{"name":"wp","href":"https:\/\/api.w.org\/{rel}","templated":true}]}}