{"id":9602,"date":"2015-05-08T17:38:43","date_gmt":"2015-05-08T22:38:43","guid":{"rendered":"http:\/\/www.zonacaral.gob.pe\/?p=9602"},"modified":"2015-05-08T17:38:43","modified_gmt":"2015-05-08T22:38:43","slug":"museos-para-una-sociedad-sostenible","status":"publish","type":"post","link":"https:\/\/zonacaral.gob.pe\/en\/noticias\/museos-para-una-sociedad-sostenible\/","title":{"rendered":"Museos para una Sociedad Sostenible"},"content":{"rendered":"<p style=\"text-align: justify;\">El Consejo Internacional de los Museos (ICOM, por sus siglas en ingl\u00e9s) considera que en estos tiempos la humanidad debe adoptar modos de vida y de desarrollo compatibles con la naturaleza; esto implica crear nuevos m\u00e9todos de pensamiento y acci\u00f3n para llegar a convertirnos en una sociedad sostenible.<\/p>\n<p style=\"text-align: justify;\">En ese contexto los museos son promotores de este tipo de desarrollo y laboratorio de pr\u00e1cticas ejemplares por lo que deben consolidar su posici\u00f3n para lograr el objetivo de convertirnos en una sociedad menos derrochadora, m\u00e1s solidaria y que aproveche los recursos de una manera m\u00e1s respetuosa con los sistemas biol\u00f3gicos.<\/p>\n<p style=\"text-align: justify;\">Con ese prop\u00f3sito ICOM ha denominado al D\u00eda Internacional de los Museos para este 2015: <strong>\u201cMUSEOS PARA UNA SOCIEDAD SOSTENIBLE\u201d <\/strong>esto pasa por reconocer su papel para fomentar en toda la sociedad una mayor conciencia sobre las repercusiones actuales de la acci\u00f3n del hombre en nuestro planeta y de las necesidades imperativas de cambiar el modelo econ\u00f3mico y social.<\/p>\n<p style=\"text-align: justify;\">As\u00ed que, t\u00f3mese un tiempo y aproveche en visitar los museos para \u201creconocer\u201d su historia y comprender que nuestros antepasados s\u00ed ten\u00edan claro que deb\u00edan ir de la mano con la naturaleza. La red de Museos Comunitarios de la Civilizaci\u00f3n Caral tambi\u00e9n los espera con las puertas y brazos abiertos.<\/p>\n<p style=\"text-align: justify;\"><span style=\"color: #141823;\">Conoce m\u00e1s sobre la Red de Museos de la Civilizaci\u00f3n Caral:\u00a0<\/span><a style=\"color: #3b5998;\" href=\"https:\/\/zonacaral.gob.pe\/en\/museoscomunitarios\/\" target=\"_blank\" rel=\"nofollow\">zonacaral.gob.pe\/museoscomunitarios<\/a><\/p>\n<p style=\"text-align: justify;\"><a href=\"http:\/\/www.zonacaral.gob.pe\/wp-content\/uploads\/2015\/05\/feria-de-museos.jpg\"><img fetchpriority=\"high\" decoding=\"async\" class=\"alignnone wp-image-9608\" src=\"http:\/\/www.zonacaral.gob.pe\/wp-content\/uploads\/2015\/05\/feria-de-museos.jpg\" alt=\"feria-de-museos\" width=\"681\" height=\"463\" srcset=\"https:\/\/zonacaral.gob.pe\/wp-content\/uploads\/2015\/05\/feria-de-museos.jpg 1000w, https:\/\/zonacaral.gob.pe\/wp-content\/uploads\/2015\/05\/feria-de-museos-300x204.jpg 300w, https:\/\/zonacaral.gob.pe\/wp-content\/uploads\/2015\/05\/feria-de-museos-768x522.jpg 768w\" sizes=\"(max-width: 681px) 100vw, 681px\" \/><\/a><\/p>\n<p style=\"text-align: justify;\"><strong style=\"color: #444444;\">Fuente:\u00a0<span style=\"color: #800000;\">(Prensa ZAC<\/span><span style=\"color: #800000;\">)<\/span><\/strong><\/p>\n<p style=\"color: #000000;\">Fecha de publicaci\u00f3n: 08\/05\/2015<\/p>\n<p>&nbsp;<\/p>","protected":false},"excerpt":{"rendered":"<p>El Consejo Internacional de los Museos (ICOM, por sus siglas en ingl\u00e9s) considera que en estos tiempos la humanidad debe [&hellip;]<\/p>\n","protected":false},"author":1,"featured_media":9608,"comment_status":"closed","ping_status":"open","sticky":false,"template":"","format":"standard","meta":{"_acf_changed":false,"site-sidebar-layout":"default","site-content-layout":"","ast-site-content-layout":"default","site-content-style":"default","site-sidebar-style":"default","ast-global-header-display":"","ast-banner-title-visibility":"","ast-main-header-display":"","ast-hfb-above-header-display":"","ast-hfb-below-header-display":"","ast-hfb-mobile-header-display":"","site-post-title":"","ast-breadcrumbs-content":"","ast-featured-img":"","footer-sml-layout":"","ast-disable-related-posts":"","theme-transparent-header-meta":"","adv-header-id-meta":"","stick-header-meta":"","header-above-stick-meta":"","header-main-stick-meta":"","header-below-stick-meta":"","astra-migrate-meta-layouts":"default","ast-page-background-enabled":"default","ast-page-background-meta":{"desktop":{"background-color":"var(--ast-global-color-5)","background-image":"","background-repeat":"repeat","background-position":"center center","background-size":"auto","background-attachment":"scroll","background-type":"","background-media":"","overlay-type":"","overlay-color":"","overlay-opacity":"","overlay-gradient":""},"tablet":{"background-color":"","background-image":"","background-repeat":"repeat","background-position":"center center","background-size":"auto","background-attachment":"scroll","background-type":"","background-media":"","overlay-type":"","overlay-color":"","overlay-opacity":"","overlay-gradient":""},"mobile":{"background-color":"","background-image":"","background-repeat":"repeat","background-position":"center center","background-size":"auto","background-attachment":"scroll","background-type":"","background-media":"","overlay-type":"","overlay-color":"","overlay-opacity":"","overlay-gradient":""}},"ast-content-background-meta":{"desktop":{"background-color":"var(--ast-global-color-4)","background-image":"","background-repeat":"repeat","background-position":"center center","background-size":"auto","background-attachment":"scroll","background-type":"","background-media":"","overlay-type":"","overlay-color":"","overlay-opacity":"","overlay-gradient":""},"tablet":{"background-color":"var(--ast-global-color-4)","background-image":"","background-repeat":"repeat","background-position":"center center","background-size":"auto","background-attachment":"scroll","background-type":"","background-media":"","overlay-type":"","overlay-color":"","overlay-opacity":"","overlay-gradient":""},"mobile":{"background-color":"var(--ast-global-color-4)","background-image":"","background-repeat":"repeat","background-position":"center center","background-size":"auto","background-attachment":"scroll","background-type":"","background-media":"","overlay-type":"","overlay-color":"","overlay-opacity":"","overlay-gradient":""}},"footnotes":""},"categories":[208],"tags":[55,90,91,92],"class_list":["post-9602","post","type-post","status-publish","format-standard","has-post-thumbnail","hentry","category-noticias","tag-caral","tag-dia-internacional-de-museos","tag-icom","tag-museo-comunitario"],"acf":[],"yoast_head":"<!-- This site is optimized with the Yoast SEO plugin v27.3 - https:\/\/yoast.com\/product\/yoast-seo-wordpress\/ -->\n<title>Museos para una Sociedad Sostenible - Mes Internacional de los Museos<\/title>\n<meta name=\"description\" content=\"ICOM ha denominado al D\u00eda Internacional de los Museos para este 2015: \u201cMUSEOS PARA UNA SOCIEDAD SOSTENIBLE\u201d esto pasa por reconocer su papel para fomentar en toda la sociedad una mayor conciencia sobre las repercusiones actuales de la acci\u00f3n del hombre en nuestro planeta.\" \/>\n<meta name=\"robots\" content=\"index, follow, max-snippet:-1, max-image-preview:large, max-video-preview:-1\" \/>\n<link rel=\"canonical\" href=\"https:\/\/zonacaral.gob.pe\/en\/noticias\/museos-para-una-sociedad-sostenible\/\" \/>\n<meta property=\"og:locale\" content=\"en_US\" \/>\n<meta property=\"og:type\" content=\"article\" \/>\n<meta property=\"og:title\" content=\"Museos para una Sociedad Sostenible - Mes Internacional de los Museos\" \/>\n<meta property=\"og:description\" content=\"ICOM ha denominado al D\u00eda Internacional de los Museos para este 2015: \u201cMUSEOS PARA UNA SOCIEDAD SOSTENIBLE\u201d esto pasa por reconocer su papel para fomentar en toda la sociedad una mayor conciencia sobre las repercusiones actuales de la acci\u00f3n del hombre en nuestro planeta.\" \/>\n<meta property=\"og:url\" content=\"https:\/\/zonacaral.gob.pe\/en\/noticias\/museos-para-una-sociedad-sostenible\/\" \/>\n<meta property=\"og:site_name\" content=\"Zona Caral\" \/>\n<meta property=\"article:published_time\" content=\"2015-05-08T22:38:43+00:00\" \/>\n<meta property=\"og:image\" content=\"https:\/\/zonacaral.gob.pe\/wp-content\/uploads\/2015\/05\/feria-de-museos.jpg\" \/>\n\t<meta property=\"og:image:width\" content=\"1000\" \/>\n\t<meta property=\"og:image:height\" content=\"680\" \/>\n\t<meta property=\"og:image:type\" content=\"image\/jpeg\" \/>\n<meta name=\"author\" content=\"Zona Caral Administrador\" \/>\n<meta name=\"twitter:card\" content=\"summary_large_image\" \/>\n<meta name=\"twitter:label1\" content=\"Written by\" \/>\n\t<meta name=\"twitter:data1\" content=\"Zona Caral Administrador\" \/>\n\t<meta name=\"twitter:label2\" content=\"Est. reading time\" \/>\n\t<meta name=\"twitter:data2\" content=\"1 minute\" \/>\n<script type=\"application\/ld+json\" class=\"yoast-schema-graph\">{\"@context\":\"https:\\\/\\\/schema.org\",\"@graph\":[{\"@type\":\"Article\",\"@id\":\"https:\\\/\\\/zonacaral.gob.pe\\\/en\\\/noticias\\\/museos-para-una-sociedad-sostenible\\\/#article\",\"isPartOf\":{\"@id\":\"https:\\\/\\\/zonacaral.gob.pe\\\/en\\\/noticias\\\/museos-para-una-sociedad-sostenible\\\/\"},\"author\":{\"name\":\"Zona Caral Administrador\",\"@id\":\"https:\\\/\\\/zonacaral.gob.pe\\\/es\\\/#\\\/schema\\\/person\\\/beddb4d22f71a7230c5b90913270a0ee\"},\"headline\":\"Museos para una Sociedad Sostenible\",\"datePublished\":\"2015-05-08T22:38:43+00:00\",\"mainEntityOfPage\":{\"@id\":\"https:\\\/\\\/zonacaral.gob.pe\\\/en\\\/noticias\\\/museos-para-una-sociedad-sostenible\\\/\"},\"wordCount\":254,\"image\":{\"@id\":\"https:\\\/\\\/zonacaral.gob.pe\\\/en\\\/noticias\\\/museos-para-una-sociedad-sostenible\\\/#primaryimage\"},\"thumbnailUrl\":\"https:\\\/\\\/zonacaral.gob.pe\\\/wp-content\\\/uploads\\\/2015\\\/05\\\/feria-de-museos.jpg\",\"keywords\":[\"caral\",\"dia internacional de museos\",\"icom\",\"museo comunitario\"],\"articleSection\":[\"noticias\"],\"inLanguage\":\"en-US\"},{\"@type\":\"WebPage\",\"@id\":\"https:\\\/\\\/zonacaral.gob.pe\\\/en\\\/noticias\\\/museos-para-una-sociedad-sostenible\\\/\",\"url\":\"https:\\\/\\\/zonacaral.gob.pe\\\/en\\\/noticias\\\/museos-para-una-sociedad-sostenible\\\/\",\"name\":\"Museos para una Sociedad Sostenible - Mes Internacional de los Museos\",\"isPartOf\":{\"@id\":\"https:\\\/\\\/zonacaral.gob.pe\\\/es\\\/#website\"},\"primaryImageOfPage\":{\"@id\":\"https:\\\/\\\/zonacaral.gob.pe\\\/en\\\/noticias\\\/museos-para-una-sociedad-sostenible\\\/#primaryimage\"},\"image\":{\"@id\":\"https:\\\/\\\/zonacaral.gob.pe\\\/en\\\/noticias\\\/museos-para-una-sociedad-sostenible\\\/#primaryimage\"},\"thumbnailUrl\":\"https:\\\/\\\/zonacaral.gob.pe\\\/wp-content\\\/uploads\\\/2015\\\/05\\\/feria-de-museos.jpg\",\"datePublished\":\"2015-05-08T22:38:43+00:00\",\"author\":{\"@id\":\"https:\\\/\\\/zonacaral.gob.pe\\\/es\\\/#\\\/schema\\\/person\\\/beddb4d22f71a7230c5b90913270a0ee\"},\"description\":\"ICOM ha denominado al D\u00eda Internacional de los Museos para este 2015: \u201cMUSEOS PARA UNA SOCIEDAD SOSTENIBLE\u201d esto pasa por reconocer su papel para fomentar en toda la sociedad una mayor conciencia sobre las repercusiones actuales de la acci\u00f3n del hombre en nuestro planeta.\",\"breadcrumb\":{\"@id\":\"https:\\\/\\\/zonacaral.gob.pe\\\/en\\\/noticias\\\/museos-para-una-sociedad-sostenible\\\/#breadcrumb\"},\"inLanguage\":\"en-US\",\"potentialAction\":[{\"@type\":\"ReadAction\",\"target\":[\"https:\\\/\\\/zonacaral.gob.pe\\\/en\\\/noticias\\\/museos-para-una-sociedad-sostenible\\\/\"]}]},{\"@type\":\"ImageObject\",\"inLanguage\":\"en-US\",\"@id\":\"https:\\\/\\\/zonacaral.gob.pe\\\/en\\\/noticias\\\/museos-para-una-sociedad-sostenible\\\/#primaryimage\",\"url\":\"https:\\\/\\\/zonacaral.gob.pe\\\/wp-content\\\/uploads\\\/2015\\\/05\\\/feria-de-museos.jpg\",\"contentUrl\":\"https:\\\/\\\/zonacaral.gob.pe\\\/wp-content\\\/uploads\\\/2015\\\/05\\\/feria-de-museos.jpg\",\"width\":1000,\"height\":680},{\"@type\":\"BreadcrumbList\",\"@id\":\"https:\\\/\\\/zonacaral.gob.pe\\\/en\\\/noticias\\\/museos-para-una-sociedad-sostenible\\\/#breadcrumb\",\"itemListElement\":[{\"@type\":\"ListItem\",\"position\":1,\"name\":\"Portada\",\"item\":\"https:\\\/\\\/zonacaral.gob.pe\\\/\"},{\"@type\":\"ListItem\",\"position\":2,\"name\":\"Museos para una Sociedad Sostenible\"}]},{\"@type\":\"WebSite\",\"@id\":\"https:\\\/\\\/zonacaral.gob.pe\\\/es\\\/#website\",\"url\":\"https:\\\/\\\/zonacaral.gob.pe\\\/es\\\/\",\"name\":\"Zona Caral\",\"description\":\"Investigamos, conservamos y difundimos el patrimonio cultural de la Civilizaci\u00f3n Caral, la m\u00e1s antigua de Am\u00e9rica.\",\"potentialAction\":[{\"@type\":\"SearchAction\",\"target\":{\"@type\":\"EntryPoint\",\"urlTemplate\":\"https:\\\/\\\/zonacaral.gob.pe\\\/es\\\/?s={search_term_string}\"},\"query-input\":{\"@type\":\"PropertyValueSpecification\",\"valueRequired\":true,\"valueName\":\"search_term_string\"}}],\"inLanguage\":\"en-US\"},{\"@type\":\"Person\",\"@id\":\"https:\\\/\\\/zonacaral.gob.pe\\\/es\\\/#\\\/schema\\\/person\\\/beddb4d22f71a7230c5b90913270a0ee\",\"name\":\"Zona Caral Administrador\",\"image\":{\"@type\":\"ImageObject\",\"inLanguage\":\"en-US\",\"@id\":\"https:\\\/\\\/secure.gravatar.com\\\/avatar\\\/e4be162918a696358376de6446614e0f0f4062bdc5d170d6d540ada3d8b58c12?s=96&d=mm&r=g\",\"url\":\"https:\\\/\\\/secure.gravatar.com\\\/avatar\\\/e4be162918a696358376de6446614e0f0f4062bdc5d170d6d540ada3d8b58c12?s=96&d=mm&r=g\",\"contentUrl\":\"https:\\\/\\\/secure.gravatar.com\\\/avatar\\\/e4be162918a696358376de6446614e0f0f4062bdc5d170d6d540ada3d8b58c12?s=96&d=mm&r=g\",\"caption\":\"Zona Caral Administrador\"},\"sameAs\":[\"https:\\\/\\\/zonacaral.gob.pe\"],\"url\":\"https:\\\/\\\/zonacaral.gob.pe\\\/en\\\/noticias\\\/author\\\/ad_zonacaral\\\/\"}]}<\/script>\n<!-- \/ Yoast SEO plugin. -->","yoast_head_json":{"title":"Museos para una Sociedad Sostenible - Mes Internacional de los Museos","description":"ICOM ha denominado al D\u00eda Internacional de los Museos para este 2015: \u201cMUSEOS PARA UNA SOCIEDAD SOSTENIBLE\u201d esto pasa por reconocer su papel para fomentar en toda la sociedad una mayor conciencia sobre las repercusiones actuales de la acci\u00f3n del hombre en nuestro planeta.","robots":{"index":"index","follow":"follow","max-snippet":"max-snippet:-1","max-image-preview":"max-image-preview:large","max-video-preview":"max-video-preview:-1"},"canonical":"https:\/\/zonacaral.gob.pe\/en\/noticias\/museos-para-una-sociedad-sostenible\/","og_locale":"en_US","og_type":"article","og_title":"Museos para una Sociedad Sostenible - Mes Internacional de los Museos","og_description":"ICOM ha denominado al D\u00eda Internacional de los Museos para este 2015: \u201cMUSEOS PARA UNA SOCIEDAD SOSTENIBLE\u201d esto pasa por reconocer su papel para fomentar en toda la sociedad una mayor conciencia sobre las repercusiones actuales de la acci\u00f3n del hombre en nuestro planeta.","og_url":"https:\/\/zonacaral.gob.pe\/en\/noticias\/museos-para-una-sociedad-sostenible\/","og_site_name":"Zona Caral","article_published_time":"2015-05-08T22:38:43+00:00","og_image":[{"width":1000,"height":680,"url":"https:\/\/zonacaral.gob.pe\/wp-content\/uploads\/2015\/05\/feria-de-museos.jpg","type":"image\/jpeg"}],"author":"Zona Caral Administrador","twitter_card":"summary_large_image","twitter_misc":{"Written by":"Zona Caral Administrador","Est. reading time":"1 minute"},"schema":{"@context":"https:\/\/schema.org","@graph":[{"@type":"Article","@id":"https:\/\/zonacaral.gob.pe\/en\/noticias\/museos-para-una-sociedad-sostenible\/#article","isPartOf":{"@id":"https:\/\/zonacaral.gob.pe\/en\/noticias\/museos-para-una-sociedad-sostenible\/"},"author":{"name":"Zona Caral Administrador","@id":"https:\/\/zonacaral.gob.pe\/es\/#\/schema\/person\/beddb4d22f71a7230c5b90913270a0ee"},"headline":"Museos para una Sociedad Sostenible","datePublished":"2015-05-08T22:38:43+00:00","mainEntityOfPage":{"@id":"https:\/\/zonacaral.gob.pe\/en\/noticias\/museos-para-una-sociedad-sostenible\/"},"wordCount":254,"image":{"@id":"https:\/\/zonacaral.gob.pe\/en\/noticias\/museos-para-una-sociedad-sostenible\/#primaryimage"},"thumbnailUrl":"https:\/\/zonacaral.gob.pe\/wp-content\/uploads\/2015\/05\/feria-de-museos.jpg","keywords":["caral","dia internacional de museos","icom","museo comunitario"],"articleSection":["noticias"],"inLanguage":"en-US"},{"@type":"WebPage","@id":"https:\/\/zonacaral.gob.pe\/en\/noticias\/museos-para-una-sociedad-sostenible\/","url":"https:\/\/zonacaral.gob.pe\/en\/noticias\/museos-para-una-sociedad-sostenible\/","name":"Museos para una Sociedad Sostenible - Mes Internacional de los Museos","isPartOf":{"@id":"https:\/\/zonacaral.gob.pe\/es\/#website"},"primaryImageOfPage":{"@id":"https:\/\/zonacaral.gob.pe\/en\/noticias\/museos-para-una-sociedad-sostenible\/#primaryimage"},"image":{"@id":"https:\/\/zonacaral.gob.pe\/en\/noticias\/museos-para-una-sociedad-sostenible\/#primaryimage"},"thumbnailUrl":"https:\/\/zonacaral.gob.pe\/wp-content\/uploads\/2015\/05\/feria-de-museos.jpg","datePublished":"2015-05-08T22:38:43+00:00","author":{"@id":"https:\/\/zonacaral.gob.pe\/es\/#\/schema\/person\/beddb4d22f71a7230c5b90913270a0ee"},"description":"ICOM ha denominado al D\u00eda Internacional de los Museos para este 2015: \u201cMUSEOS PARA UNA SOCIEDAD SOSTENIBLE\u201d esto pasa por reconocer su papel para fomentar en toda la sociedad una mayor conciencia sobre las repercusiones actuales de la acci\u00f3n del hombre en nuestro planeta.","breadcrumb":{"@id":"https:\/\/zonacaral.gob.pe\/en\/noticias\/museos-para-una-sociedad-sostenible\/#breadcrumb"},"inLanguage":"en-US","potentialAction":[{"@type":"ReadAction","target":["https:\/\/zonacaral.gob.pe\/en\/noticias\/museos-para-una-sociedad-sostenible\/"]}]},{"@type":"ImageObject","inLanguage":"en-US","@id":"https:\/\/zonacaral.gob.pe\/en\/noticias\/museos-para-una-sociedad-sostenible\/#primaryimage","url":"https:\/\/zonacaral.gob.pe\/wp-content\/uploads\/2015\/05\/feria-de-museos.jpg","contentUrl":"https:\/\/zonacaral.gob.pe\/wp-content\/uploads\/2015\/05\/feria-de-museos.jpg","width":1000,"height":680},{"@type":"BreadcrumbList","@id":"https:\/\/zonacaral.gob.pe\/en\/noticias\/museos-para-una-sociedad-sostenible\/#breadcrumb","itemListElement":[{"@type":"ListItem","position":1,"name":"Portada","item":"https:\/\/zonacaral.gob.pe\/"},{"@type":"ListItem","position":2,"name":"Museos para una Sociedad Sostenible"}]},{"@type":"WebSite","@id":"https:\/\/zonacaral.gob.pe\/es\/#website","url":"https:\/\/zonacaral.gob.pe\/es\/","name":"Zona Caral","description":"Investigamos, conservamos y difundimos el patrimonio cultural de la Civilizaci\u00f3n Caral, la m\u00e1s antigua de Am\u00e9rica.","potentialAction":[{"@type":"SearchAction","target":{"@type":"EntryPoint","urlTemplate":"https:\/\/zonacaral.gob.pe\/es\/?s={search_term_string}"},"query-input":{"@type":"PropertyValueSpecification","valueRequired":true,"valueName":"search_term_string"}}],"inLanguage":"en-US"},{"@type":"Person","@id":"https:\/\/zonacaral.gob.pe\/es\/#\/schema\/person\/beddb4d22f71a7230c5b90913270a0ee","name":"Zona Caral Administrador","image":{"@type":"ImageObject","inLanguage":"en-US","@id":"https:\/\/secure.gravatar.com\/avatar\/e4be162918a696358376de6446614e0f0f4062bdc5d170d6d540ada3d8b58c12?s=96&d=mm&r=g","url":"https:\/\/secure.gravatar.com\/avatar\/e4be162918a696358376de6446614e0f0f4062bdc5d170d6d540ada3d8b58c12?s=96&d=mm&r=g","contentUrl":"https:\/\/secure.gravatar.com\/avatar\/e4be162918a696358376de6446614e0f0f4062bdc5d170d6d540ada3d8b58c12?s=96&d=mm&r=g","caption":"Zona Caral Administrador"},"sameAs":["https:\/\/zonacaral.gob.pe"],"url":"https:\/\/zonacaral.gob.pe\/en\/noticias\/author\/ad_zonacaral\/"}]}},"_links":{"self":[{"href":"https:\/\/zonacaral.gob.pe\/en\/wp-json\/wp\/v2\/posts\/9602","targetHints":{"allow":["GET"]}}],"collection":[{"href":"https:\/\/zonacaral.gob.pe\/en\/wp-json\/wp\/v2\/posts"}],"about":[{"href":"https:\/\/zonacaral.gob.pe\/en\/wp-json\/wp\/v2\/types\/post"}],"author":[{"embeddable":true,"href":"https:\/\/zonacaral.gob.pe\/en\/wp-json\/wp\/v2\/users\/1"}],"replies":[{"embeddable":true,"href":"https:\/\/zonacaral.gob.pe\/en\/wp-json\/wp\/v2\/comments?post=9602"}],"version-history":[{"count":0,"href":"https:\/\/zonacaral.gob.pe\/en\/wp-json\/wp\/v2\/posts\/9602\/revisions"}],"wp:featuredmedia":[{"embeddable":true,"href":"https:\/\/zonacaral.gob.pe\/en\/wp-json\/wp\/v2\/media\/9608"}],"wp:attachment":[{"href":"https:\/\/zonacaral.gob.pe\/en\/wp-json\/wp\/v2\/media?parent=9602"}],"wp:term":[{"taxonomy":"category","embeddable":true,"href":"https:\/\/zonacaral.gob.pe\/en\/wp-json\/wp\/v2\/categories?post=9602"},{"taxonomy":"post_tag","embeddable":true,"href":"https:\/\/zonacaral.gob.pe\/en\/wp-json\/wp\/v2\/tags?post=9602"}],"curies":[{"name":"wp","href":"https:\/\/api.w.org\/{rel}","templated":true}]}}