{"id":9725,"date":"2015-06-15T10:41:07","date_gmt":"2015-06-15T15:41:07","guid":{"rendered":"http:\/\/www.zonacaral.gob.pe\/?p=9725"},"modified":"2015-06-15T10:41:07","modified_gmt":"2015-06-15T15:41:07","slug":"la-vigencia-de-la-ideologia-de-nuestros-ancestros","status":"publish","type":"post","link":"https:\/\/zonacaral.gob.pe\/en\/noticias\/la-vigencia-de-la-ideologia-de-nuestros-ancestros\/","title":{"rendered":"La vigencia de la ideologi\u0301a de nuestros ancestros"},"content":{"rendered":"<figure class=\"pic-autor\" style=\"color: #4d4d4d;\"><\/figure>\n<p style=\"color: #4d4d4d; text-align: justify;\">Los \u00faltimos hallazgos arqueol\u00f3gicos encontrados en Vichama, la civilizaci\u00f3n agropesquera de V\u00e9gueta, han dado la vuelta al mundo. Uno de ellos consiste en tres estatuillas: una deidad o sacerdotisa y la pareja de autoridades, representadas en arcilla. Llaman la atenci\u00f3n, por su forma, su posici\u00f3n, sus accesorios, por la pintura aplicada en sus rostros y los diversos colores de sus respectivos cabellos. Los rasgos de estas estatuillas han tenido fuerte impacto en la sociedad actual; imaginemos el mensaje transmitido, el sentir, la motivaci\u00f3n y el fin que tuvieron nuestros antepasados, de hace 3.800 a\u00f1os, para hacer una ofrenda de estatuillas que representan a personajes importantes.<\/p>\n<p style=\"color: #4d4d4d; text-align: justify;\">Para comprender la dimensi\u00f3n de las cosas hay que hacer un an\u00e1lisis integral de los hechos; hace ocho a\u00f1os se iniciaron las investigaciones en el Complejo Arqueol\u00f3gico de Vichama, atendiendo la iniciativa de la autoridad municipal, de ese entonces, del distrito de V\u00e9gueta, provincia de Huaura. Al visitar el sitio, se pudo reconocer su importancia en relaci\u00f3n con rasgos culturales compartidos con la civilizaci\u00f3n Caral pero, adem\u00e1s, fue motivadora la informaci\u00f3n etnohist\u00f3rica, registrada en las cr\u00f3nicas de Pablo Joseph de Arriaga y fray Antonio de la Calancha en el siglo XVII, que hacen alusi\u00f3n a un relato sobre el poblamiento de V\u00e9gueta, las condiciones del territorio y sus recursos en esos tiempos m\u00edticos y los sucesos ocurridos entre dioses, semidioses y humanos, destacando el semidi\u00f3s Vichama, una crisis clim\u00e1tica y la falta de alimentos. Asimismo, se encuentran referencias a determinados rasgos geomorfol\u00f3gicos del paisaje y, entre ellos, a Anat, la isla creada al ser convertido en ella el curaca principal de ese nombre, y que hoy en d\u00eda se conoce como la isla Don Mart\u00edn, en relaci\u00f3n con el relato del desembarco de don Jos\u00e9 de San Mart\u00edn en la playa aleda\u00f1a, denominada Tambo de Mora.<\/p>\n<p style=\"color: #4d4d4d; text-align: justify;\">Es as\u00ed como, a partir del 2007, un equipo de profesionales de la Zona Arqueol\u00f3gica Caral inici\u00f3 las actividades de investigaci\u00f3n, conservaci\u00f3n y puesta en valor de este sitio arqueol\u00f3gico, al que denomin\u00f3 Vichama, en relaci\u00f3n con el relato m\u00edtico.<\/p>\n<p style=\"color: #4d4d4d; text-align: justify;\">Lamentablemente, el sitio arqueol\u00f3gico hab\u00eda perdido en parte su paisaje cultural, se encontraron un n\u00famero de viviendas construidas en y cerca de los monumentos, forados excavados en varios edificios monumentales e incluso un tanque de agua, instalado en la cima del edificio mayor por una autoridad edilicia; y a un personaje interesado en continuar con la lotizaci\u00f3n de este importante sitio.<\/p>\n<p style=\"color: #4d4d4d; text-align: justify;\">Las investigaciones arqueol\u00f3gicas, realizadas hasta la fecha, evidencian un asentamiento con 16 edificios que formaban el centro urbano. Se han identificado conjuntos arquitect\u00f3nicos, edificios p\u00fablicos, residencias, conjuntos de viviendas, cenizales, conchales y cementerios.<\/p>\n<p style=\"color: #4d4d4d; text-align: justify;\">En la secci\u00f3n baja, el edificio principal tiene una secuencia de construcciones monumentales, realizadas a trav\u00e9s del tiempo. Es impresionante uno de los edificios antiguos: su fachada y plaza circular hundida est\u00e1n orientadas al norte y en la cima destaca el sal\u00f3n ceremonial con dos escenas, representadas en relieve, en dos niveles, en un muro y en la banqueta, asociada a este. Se han identificado 32 seres antropomorfos y dos ictiomorfos, cada uno mide aproximadamente 80 cm de alto por 60 cm de ancho.<\/p>\n<p style=\"color: #4d4d4d; text-align: justify;\">En el plano inferior modelaron una secuencia horizontal de 16 personajes antropomorfos, de adultos, con rasgos fam\u00e9licos y moribundos entre dos esqueletos, que representan a la muerte. De los 16 personajes de esta escena, se han expuesto siete de ellos. En el plano superior representaron una danza ritual de personajes j\u00f3venes entre dos figuras de peces, y tienen tambi\u00e9n rasgos de carencia alimentaria.<\/p>\n<p style=\"color: #4d4d4d; text-align: justify;\">En un per\u00edodo posterior, el edificio fue modificado y la fachada y una nueva plaza circular fueron construidas hacia el este, con rasgos arquitect\u00f3nicos diferentes.<\/p>\n<p style=\"color: #4d4d4d; text-align: justify;\">Es interesante se\u00f1alar que en uno de los salones ceremoniales del per\u00edodo Tard\u00edo de este edificio destaca la representaci\u00f3n en relieve de un sapo humanizado, en actitud de emerger del fondo de la tierra con un rayo que le cae en la cabeza. Estar\u00eda vinculada con ritos propiciatorios de las lluvias, considerando que, desde antiguo, las poblaciones andinas han incluido al sapo dentro de su ideolog\u00eda, como un ser relacionado con el agua, la agricultura y la fertilidad.<\/p>\n<p style=\"color: #4d4d4d; text-align: justify;\">De estas representaciones, en asociaci\u00f3n con otros datos cronol\u00f3gicos, se pueden inferir trascendentes significados simb\u00f3licos \u2013posiblemente, relacionados con la productividad y la vida, la escasez, la muerte y los cambios c\u00edclicos\u2013 que se habr\u00edan expresado en las actividades rituales. Se trata, asimismo, de uno de los edificios m\u00e1s importantes de la ciudad de Vichama, al parecer relacionado con la religi\u00f3n y el rol de la mujer en la producci\u00f3n alimentaria, como estar\u00eda indicado en uno de los importantes personajes recuperados en la ofrenda de las estatuillas mencionadas, que tambi\u00e9n ha sido encontrada en el valle de Supe, en el sitio de Miraya, y que podr\u00eda estar vinculada a los mitos y rituales que permanecieron en la ideolog\u00eda de las sociedades andinas a lo largo del proceso cultural andino hasta la \u00e9poca inca. No obstante haber sido nuestro pa\u00eds pluricultural y multiling\u00fce, compartieron un territorio megadiverso, atravesado por la cordillera andina, afectado por peri\u00f3dicos cambios c\u00edclicos, y aprendieron a establecer redes de contactos e interacci\u00f3n permanentes para el aprovechamiento apropiado de los recursos en condiciones de paz para beneficio compartido.<\/p>\n<p style=\"color: #4d4d4d; text-align: justify;\">Las tres estatuillas y las dos cabezas, hoy conocidas en el mundo entero, fueron encontradas entre arena, ceniza y material org\u00e1nico depositados para construir uno de los edificios de este principal. Los pobladores de Vichama de hace 3.800 a\u00f1os dejaron estas ofrendas de profundo significado simb\u00f3lico. Por la posici\u00f3n en que fueron halladas, se tratar\u00eda de una pareja de autoridades pol\u00edticas vinculadas a la sacerdotisa.<\/p>\n<p style=\"color: #4d4d4d; text-align: justify;\">Hay que se\u00f1alar que los edificios fueron construidos con muros de piedra y mortero de arcilla, y emplearon dep\u00f3sitos estructurales compuestos por shicras (bolsas de fibra vegetal rellenas con piedras); tecnolog\u00eda sismorresistente aplicada desde la civilizaci\u00f3n Caral. Estos dep\u00f3sitos constructivos lograron que los edificios tuvieran una gran resistencia frente a los movimientos s\u00edsmicos.<\/p>\n<p style=\"color: #4d4d4d; text-align: justify;\">Este recuento de los hallazgos nos permite establecer algunas conclusiones: la confirmaci\u00f3n de la importancia de la mujer en la civilizaci\u00f3n Caral \u2013la m\u00e1s antigua del continente americano\u2013; la sacerdotisa evidencia un mayor poder y quiz\u00e1 por eso fue representada en un mayor tama\u00f1o y con 28 dedos.<\/p>\n<p style=\"color: #4d4d4d; text-align: justify;\">Las representaciones en relieve con los seres antropomorfos pueden entenderse como la interpretaci\u00f3n de los efectos que dej\u00f3 el cambio clim\u00e1tico que los afect\u00f3 entre los a\u00f1os 1800 y 1850 a.C., pero del cual pudieron sobrevivir porque tuvieron acceso a actividades econ\u00f3micas complementarias, a la pesca y a la agricultura. Esta forma de organizarse de los peruanos de esa \u00e9poca tiene plena vigencia en nuestros tiempos, ya que tenemos, en ciernes, casi los mismos problemas que ellos afrontaron con \u00e9xito. La pregunta es: \u00bfnosotros somos conscientes de lo que significa el cambio clim\u00e1tico en la existencia futura de la humanidad? \u00bfEstamos preparados para enfrentar un hecho de esas dimensiones? La respuesta no solo est\u00e1 en quienes conducen los pa\u00edses, sino en cada uno de nosotros.<\/p>\n<p style=\"color: #4d4d4d; text-align: justify;\"><span style=\"color: #868686;\">Ruth Shady<\/span><br \/>\n<span style=\"font-style: italic; color: #868686;\">Directora de la zona arqueol\u00f3gica Caral<\/span><\/p>\n<p><strong style=\"color: #444444;\">Fuente:\u00a0<span style=\"color: #800000;\"><a href=\"http:\/\/www.zonacaral.gob.pe\/downloads\/notas-prensa\/el-comercio-09-06-2015-descubren-estatuillas-en-vichama.pdf\" target=\"_blank\"><span style=\"color: #800000;\">(<\/span><\/a><a href=\"http:\/\/www.zonacaral.gob.pe\/downloads\/notas-prensa\/elcomercio_2015-06-14-la-vigencia-de-la-ideologia-de-nuestros-ancestros.pdf\"><span style=\"color: #800000;\">Diario el Comercio<\/span><\/a><a href=\"http:\/\/www.zonacaral.gob.pe\/downloads\/notas-prensa\/el-comercio-09-06-2015-descubren-estatuillas-en-vichama.pdf\" target=\"_blank\"><span style=\"color: #800000;\"><span style=\"color: #993300;\">)<\/span><\/span><\/a><\/span><\/strong><\/p>\n<p style=\"color: #000000;\">Fecha de publicaci\u00f3n: 15\/06\/2015<\/p>","protected":false},"excerpt":{"rendered":"<p>Los \u00faltimos hallazgos arqueol\u00f3gicos encontrados en Vichama, la civilizaci\u00f3n agropesquera de V\u00e9gueta, han dado la vuelta al mundo. Uno de [&hellip;]<\/p>\n","protected":false},"author":1,"featured_media":9732,"comment_status":"closed","ping_status":"open","sticky":false,"template":"","format":"standard","meta":{"_acf_changed":false,"site-sidebar-layout":"default","site-content-layout":"","ast-site-content-layout":"default","site-content-style":"default","site-sidebar-style":"default","ast-global-header-display":"","ast-banner-title-visibility":"","ast-main-header-display":"","ast-hfb-above-header-display":"","ast-hfb-below-header-display":"","ast-hfb-mobile-header-display":"","site-post-title":"","ast-breadcrumbs-content":"","ast-featured-img":"","footer-sml-layout":"","ast-disable-related-posts":"","theme-transparent-header-meta":"","adv-header-id-meta":"","stick-header-meta":"","header-above-stick-meta":"","header-main-stick-meta":"","header-below-stick-meta":"","astra-migrate-meta-layouts":"default","ast-page-background-enabled":"default","ast-page-background-meta":{"desktop":{"background-color":"var(--ast-global-color-5)","background-image":"","background-repeat":"repeat","background-position":"center center","background-size":"auto","background-attachment":"scroll","background-type":"","background-media":"","overlay-type":"","overlay-color":"","overlay-opacity":"","overlay-gradient":""},"tablet":{"background-color":"","background-image":"","background-repeat":"repeat","background-position":"center center","background-size":"auto","background-attachment":"scroll","background-type":"","background-media":"","overlay-type":"","overlay-color":"","overlay-opacity":"","overlay-gradient":""},"mobile":{"background-color":"","background-image":"","background-repeat":"repeat","background-position":"center center","background-size":"auto","background-attachment":"scroll","background-type":"","background-media":"","overlay-type":"","overlay-color":"","overlay-opacity":"","overlay-gradient":""}},"ast-content-background-meta":{"desktop":{"background-color":"var(--ast-global-color-4)","background-image":"","background-repeat":"repeat","background-position":"center center","background-size":"auto","background-attachment":"scroll","background-type":"","background-media":"","overlay-type":"","overlay-color":"","overlay-opacity":"","overlay-gradient":""},"tablet":{"background-color":"var(--ast-global-color-4)","background-image":"","background-repeat":"repeat","background-position":"center center","background-size":"auto","background-attachment":"scroll","background-type":"","background-media":"","overlay-type":"","overlay-color":"","overlay-opacity":"","overlay-gradient":""},"mobile":{"background-color":"var(--ast-global-color-4)","background-image":"","background-repeat":"repeat","background-position":"center center","background-size":"auto","background-attachment":"scroll","background-type":"","background-media":"","overlay-type":"","overlay-color":"","overlay-opacity":"","overlay-gradient":""}},"footnotes":""},"categories":[208],"tags":[55,82,61],"class_list":["post-9725","post","type-post","status-publish","format-standard","has-post-thumbnail","hentry","category-noticias","tag-caral","tag-ruth-shady","tag-vichama"],"acf":[],"yoast_head":"<!-- This site is optimized with the Yoast SEO plugin v27.3 - https:\/\/yoast.com\/product\/yoast-seo-wordpress\/ -->\n<title>La vigencia de la ideologi\u0301a de nuestros ancestros<\/title>\n<meta name=\"description\" content=\"La ideolog\u00eda de nuestros ancestros, por Ruth Shady. En torno a los \u00faltimos hallazgos arqueol\u00f3gicos de la civilizaci\u00f3n agropesquera de V\u00e9gueta.\" \/>\n<meta name=\"robots\" content=\"index, follow, max-snippet:-1, max-image-preview:large, max-video-preview:-1\" \/>\n<link rel=\"canonical\" href=\"https:\/\/zonacaral.gob.pe\/en\/noticias\/la-vigencia-de-la-ideologia-de-nuestros-ancestros\/\" \/>\n<meta property=\"og:locale\" content=\"en_US\" \/>\n<meta property=\"og:type\" content=\"article\" \/>\n<meta property=\"og:title\" content=\"La vigencia de la ideologi\u0301a de nuestros ancestros\" \/>\n<meta property=\"og:description\" content=\"La ideolog\u00eda de nuestros ancestros, por Ruth Shady. En torno a los \u00faltimos hallazgos arqueol\u00f3gicos de la civilizaci\u00f3n agropesquera de V\u00e9gueta.\" \/>\n<meta property=\"og:url\" content=\"https:\/\/zonacaral.gob.pe\/en\/noticias\/la-vigencia-de-la-ideologia-de-nuestros-ancestros\/\" \/>\n<meta property=\"og:site_name\" content=\"Zona Caral\" \/>\n<meta property=\"article:published_time\" content=\"2015-06-15T15:41:07+00:00\" \/>\n<meta property=\"og:image\" content=\"https:\/\/zonacaral.gob.pe\/wp-content\/uploads\/2015\/06\/elcomercio_2015-06-14-ilustracion-1.jpg\" \/>\n\t<meta property=\"og:image:width\" content=\"1191\" \/>\n\t<meta property=\"og:image:height\" content=\"659\" \/>\n\t<meta property=\"og:image:type\" content=\"image\/jpeg\" \/>\n<meta name=\"author\" content=\"Zona Caral Administrador\" \/>\n<meta name=\"twitter:card\" content=\"summary_large_image\" \/>\n<meta name=\"twitter:label1\" content=\"Written by\" \/>\n\t<meta name=\"twitter:data1\" content=\"Zona Caral Administrador\" \/>\n\t<meta name=\"twitter:label2\" content=\"Est. reading time\" \/>\n\t<meta name=\"twitter:data2\" content=\"6 minutes\" \/>\n<script type=\"application\/ld+json\" class=\"yoast-schema-graph\">{\"@context\":\"https:\\\/\\\/schema.org\",\"@graph\":[{\"@type\":\"Article\",\"@id\":\"https:\\\/\\\/zonacaral.gob.pe\\\/en\\\/noticias\\\/la-vigencia-de-la-ideologia-de-nuestros-ancestros\\\/#article\",\"isPartOf\":{\"@id\":\"https:\\\/\\\/zonacaral.gob.pe\\\/en\\\/noticias\\\/la-vigencia-de-la-ideologia-de-nuestros-ancestros\\\/\"},\"author\":{\"name\":\"Zona Caral Administrador\",\"@id\":\"https:\\\/\\\/zonacaral.gob.pe\\\/es\\\/#\\\/schema\\\/person\\\/beddb4d22f71a7230c5b90913270a0ee\"},\"headline\":\"La vigencia de la ideologi\u0301a de nuestros ancestros\",\"datePublished\":\"2015-06-15T15:41:07+00:00\",\"mainEntityOfPage\":{\"@id\":\"https:\\\/\\\/zonacaral.gob.pe\\\/en\\\/noticias\\\/la-vigencia-de-la-ideologia-de-nuestros-ancestros\\\/\"},\"wordCount\":1266,\"image\":{\"@id\":\"https:\\\/\\\/zonacaral.gob.pe\\\/en\\\/noticias\\\/la-vigencia-de-la-ideologia-de-nuestros-ancestros\\\/#primaryimage\"},\"thumbnailUrl\":\"https:\\\/\\\/zonacaral.gob.pe\\\/wp-content\\\/uploads\\\/2015\\\/06\\\/elcomercio_2015-06-14-ilustracion-1.jpg\",\"keywords\":[\"caral\",\"Ruth Shady\",\"vichama\"],\"articleSection\":[\"noticias\"],\"inLanguage\":\"en-US\"},{\"@type\":\"WebPage\",\"@id\":\"https:\\\/\\\/zonacaral.gob.pe\\\/en\\\/noticias\\\/la-vigencia-de-la-ideologia-de-nuestros-ancestros\\\/\",\"url\":\"https:\\\/\\\/zonacaral.gob.pe\\\/en\\\/noticias\\\/la-vigencia-de-la-ideologia-de-nuestros-ancestros\\\/\",\"name\":\"La vigencia de la ideologi\u0301a de nuestros ancestros\",\"isPartOf\":{\"@id\":\"https:\\\/\\\/zonacaral.gob.pe\\\/es\\\/#website\"},\"primaryImageOfPage\":{\"@id\":\"https:\\\/\\\/zonacaral.gob.pe\\\/en\\\/noticias\\\/la-vigencia-de-la-ideologia-de-nuestros-ancestros\\\/#primaryimage\"},\"image\":{\"@id\":\"https:\\\/\\\/zonacaral.gob.pe\\\/en\\\/noticias\\\/la-vigencia-de-la-ideologia-de-nuestros-ancestros\\\/#primaryimage\"},\"thumbnailUrl\":\"https:\\\/\\\/zonacaral.gob.pe\\\/wp-content\\\/uploads\\\/2015\\\/06\\\/elcomercio_2015-06-14-ilustracion-1.jpg\",\"datePublished\":\"2015-06-15T15:41:07+00:00\",\"author\":{\"@id\":\"https:\\\/\\\/zonacaral.gob.pe\\\/es\\\/#\\\/schema\\\/person\\\/beddb4d22f71a7230c5b90913270a0ee\"},\"description\":\"La ideolog\u00eda de nuestros ancestros, por Ruth Shady. En torno a los \u00faltimos hallazgos arqueol\u00f3gicos de la civilizaci\u00f3n agropesquera de V\u00e9gueta.\",\"breadcrumb\":{\"@id\":\"https:\\\/\\\/zonacaral.gob.pe\\\/en\\\/noticias\\\/la-vigencia-de-la-ideologia-de-nuestros-ancestros\\\/#breadcrumb\"},\"inLanguage\":\"en-US\",\"potentialAction\":[{\"@type\":\"ReadAction\",\"target\":[\"https:\\\/\\\/zonacaral.gob.pe\\\/en\\\/noticias\\\/la-vigencia-de-la-ideologia-de-nuestros-ancestros\\\/\"]}]},{\"@type\":\"ImageObject\",\"inLanguage\":\"en-US\",\"@id\":\"https:\\\/\\\/zonacaral.gob.pe\\\/en\\\/noticias\\\/la-vigencia-de-la-ideologia-de-nuestros-ancestros\\\/#primaryimage\",\"url\":\"https:\\\/\\\/zonacaral.gob.pe\\\/wp-content\\\/uploads\\\/2015\\\/06\\\/elcomercio_2015-06-14-ilustracion-1.jpg\",\"contentUrl\":\"https:\\\/\\\/zonacaral.gob.pe\\\/wp-content\\\/uploads\\\/2015\\\/06\\\/elcomercio_2015-06-14-ilustracion-1.jpg\",\"width\":1191,\"height\":659},{\"@type\":\"BreadcrumbList\",\"@id\":\"https:\\\/\\\/zonacaral.gob.pe\\\/en\\\/noticias\\\/la-vigencia-de-la-ideologia-de-nuestros-ancestros\\\/#breadcrumb\",\"itemListElement\":[{\"@type\":\"ListItem\",\"position\":1,\"name\":\"Portada\",\"item\":\"https:\\\/\\\/zonacaral.gob.pe\\\/\"},{\"@type\":\"ListItem\",\"position\":2,\"name\":\"La vigencia de la ideologi\u0301a de nuestros ancestros\"}]},{\"@type\":\"WebSite\",\"@id\":\"https:\\\/\\\/zonacaral.gob.pe\\\/es\\\/#website\",\"url\":\"https:\\\/\\\/zonacaral.gob.pe\\\/es\\\/\",\"name\":\"Zona Caral\",\"description\":\"Investigamos, conservamos y difundimos el patrimonio cultural de la Civilizaci\u00f3n Caral, la m\u00e1s antigua de Am\u00e9rica.\",\"potentialAction\":[{\"@type\":\"SearchAction\",\"target\":{\"@type\":\"EntryPoint\",\"urlTemplate\":\"https:\\\/\\\/zonacaral.gob.pe\\\/es\\\/?s={search_term_string}\"},\"query-input\":{\"@type\":\"PropertyValueSpecification\",\"valueRequired\":true,\"valueName\":\"search_term_string\"}}],\"inLanguage\":\"en-US\"},{\"@type\":\"Person\",\"@id\":\"https:\\\/\\\/zonacaral.gob.pe\\\/es\\\/#\\\/schema\\\/person\\\/beddb4d22f71a7230c5b90913270a0ee\",\"name\":\"Zona Caral Administrador\",\"image\":{\"@type\":\"ImageObject\",\"inLanguage\":\"en-US\",\"@id\":\"https:\\\/\\\/secure.gravatar.com\\\/avatar\\\/e4be162918a696358376de6446614e0f0f4062bdc5d170d6d540ada3d8b58c12?s=96&d=mm&r=g\",\"url\":\"https:\\\/\\\/secure.gravatar.com\\\/avatar\\\/e4be162918a696358376de6446614e0f0f4062bdc5d170d6d540ada3d8b58c12?s=96&d=mm&r=g\",\"contentUrl\":\"https:\\\/\\\/secure.gravatar.com\\\/avatar\\\/e4be162918a696358376de6446614e0f0f4062bdc5d170d6d540ada3d8b58c12?s=96&d=mm&r=g\",\"caption\":\"Zona Caral Administrador\"},\"sameAs\":[\"https:\\\/\\\/zonacaral.gob.pe\"],\"url\":\"https:\\\/\\\/zonacaral.gob.pe\\\/en\\\/noticias\\\/author\\\/ad_zonacaral\\\/\"}]}<\/script>\n<!-- \/ Yoast SEO plugin. -->","yoast_head_json":{"title":"La vigencia de la ideologi\u0301a de nuestros ancestros","description":"La ideolog\u00eda de nuestros ancestros, por Ruth Shady. En torno a los \u00faltimos hallazgos arqueol\u00f3gicos de la civilizaci\u00f3n agropesquera de V\u00e9gueta.","robots":{"index":"index","follow":"follow","max-snippet":"max-snippet:-1","max-image-preview":"max-image-preview:large","max-video-preview":"max-video-preview:-1"},"canonical":"https:\/\/zonacaral.gob.pe\/en\/noticias\/la-vigencia-de-la-ideologia-de-nuestros-ancestros\/","og_locale":"en_US","og_type":"article","og_title":"La vigencia de la ideologi\u0301a de nuestros ancestros","og_description":"La ideolog\u00eda de nuestros ancestros, por Ruth Shady. En torno a los \u00faltimos hallazgos arqueol\u00f3gicos de la civilizaci\u00f3n agropesquera de V\u00e9gueta.","og_url":"https:\/\/zonacaral.gob.pe\/en\/noticias\/la-vigencia-de-la-ideologia-de-nuestros-ancestros\/","og_site_name":"Zona Caral","article_published_time":"2015-06-15T15:41:07+00:00","og_image":[{"width":1191,"height":659,"url":"https:\/\/zonacaral.gob.pe\/wp-content\/uploads\/2015\/06\/elcomercio_2015-06-14-ilustracion-1.jpg","type":"image\/jpeg"}],"author":"Zona Caral Administrador","twitter_card":"summary_large_image","twitter_misc":{"Written by":"Zona Caral Administrador","Est. reading time":"6 minutes"},"schema":{"@context":"https:\/\/schema.org","@graph":[{"@type":"Article","@id":"https:\/\/zonacaral.gob.pe\/en\/noticias\/la-vigencia-de-la-ideologia-de-nuestros-ancestros\/#article","isPartOf":{"@id":"https:\/\/zonacaral.gob.pe\/en\/noticias\/la-vigencia-de-la-ideologia-de-nuestros-ancestros\/"},"author":{"name":"Zona Caral Administrador","@id":"https:\/\/zonacaral.gob.pe\/es\/#\/schema\/person\/beddb4d22f71a7230c5b90913270a0ee"},"headline":"La vigencia de la ideologi\u0301a de nuestros ancestros","datePublished":"2015-06-15T15:41:07+00:00","mainEntityOfPage":{"@id":"https:\/\/zonacaral.gob.pe\/en\/noticias\/la-vigencia-de-la-ideologia-de-nuestros-ancestros\/"},"wordCount":1266,"image":{"@id":"https:\/\/zonacaral.gob.pe\/en\/noticias\/la-vigencia-de-la-ideologia-de-nuestros-ancestros\/#primaryimage"},"thumbnailUrl":"https:\/\/zonacaral.gob.pe\/wp-content\/uploads\/2015\/06\/elcomercio_2015-06-14-ilustracion-1.jpg","keywords":["caral","Ruth Shady","vichama"],"articleSection":["noticias"],"inLanguage":"en-US"},{"@type":"WebPage","@id":"https:\/\/zonacaral.gob.pe\/en\/noticias\/la-vigencia-de-la-ideologia-de-nuestros-ancestros\/","url":"https:\/\/zonacaral.gob.pe\/en\/noticias\/la-vigencia-de-la-ideologia-de-nuestros-ancestros\/","name":"La vigencia de la ideologi\u0301a de nuestros ancestros","isPartOf":{"@id":"https:\/\/zonacaral.gob.pe\/es\/#website"},"primaryImageOfPage":{"@id":"https:\/\/zonacaral.gob.pe\/en\/noticias\/la-vigencia-de-la-ideologia-de-nuestros-ancestros\/#primaryimage"},"image":{"@id":"https:\/\/zonacaral.gob.pe\/en\/noticias\/la-vigencia-de-la-ideologia-de-nuestros-ancestros\/#primaryimage"},"thumbnailUrl":"https:\/\/zonacaral.gob.pe\/wp-content\/uploads\/2015\/06\/elcomercio_2015-06-14-ilustracion-1.jpg","datePublished":"2015-06-15T15:41:07+00:00","author":{"@id":"https:\/\/zonacaral.gob.pe\/es\/#\/schema\/person\/beddb4d22f71a7230c5b90913270a0ee"},"description":"La ideolog\u00eda de nuestros ancestros, por Ruth Shady. En torno a los \u00faltimos hallazgos arqueol\u00f3gicos de la civilizaci\u00f3n agropesquera de V\u00e9gueta.","breadcrumb":{"@id":"https:\/\/zonacaral.gob.pe\/en\/noticias\/la-vigencia-de-la-ideologia-de-nuestros-ancestros\/#breadcrumb"},"inLanguage":"en-US","potentialAction":[{"@type":"ReadAction","target":["https:\/\/zonacaral.gob.pe\/en\/noticias\/la-vigencia-de-la-ideologia-de-nuestros-ancestros\/"]}]},{"@type":"ImageObject","inLanguage":"en-US","@id":"https:\/\/zonacaral.gob.pe\/en\/noticias\/la-vigencia-de-la-ideologia-de-nuestros-ancestros\/#primaryimage","url":"https:\/\/zonacaral.gob.pe\/wp-content\/uploads\/2015\/06\/elcomercio_2015-06-14-ilustracion-1.jpg","contentUrl":"https:\/\/zonacaral.gob.pe\/wp-content\/uploads\/2015\/06\/elcomercio_2015-06-14-ilustracion-1.jpg","width":1191,"height":659},{"@type":"BreadcrumbList","@id":"https:\/\/zonacaral.gob.pe\/en\/noticias\/la-vigencia-de-la-ideologia-de-nuestros-ancestros\/#breadcrumb","itemListElement":[{"@type":"ListItem","position":1,"name":"Portada","item":"https:\/\/zonacaral.gob.pe\/"},{"@type":"ListItem","position":2,"name":"La vigencia de la ideologi\u0301a de nuestros ancestros"}]},{"@type":"WebSite","@id":"https:\/\/zonacaral.gob.pe\/es\/#website","url":"https:\/\/zonacaral.gob.pe\/es\/","name":"Zona Caral","description":"Investigamos, conservamos y difundimos el patrimonio cultural de la Civilizaci\u00f3n Caral, la m\u00e1s antigua de Am\u00e9rica.","potentialAction":[{"@type":"SearchAction","target":{"@type":"EntryPoint","urlTemplate":"https:\/\/zonacaral.gob.pe\/es\/?s={search_term_string}"},"query-input":{"@type":"PropertyValueSpecification","valueRequired":true,"valueName":"search_term_string"}}],"inLanguage":"en-US"},{"@type":"Person","@id":"https:\/\/zonacaral.gob.pe\/es\/#\/schema\/person\/beddb4d22f71a7230c5b90913270a0ee","name":"Zona Caral Administrador","image":{"@type":"ImageObject","inLanguage":"en-US","@id":"https:\/\/secure.gravatar.com\/avatar\/e4be162918a696358376de6446614e0f0f4062bdc5d170d6d540ada3d8b58c12?s=96&d=mm&r=g","url":"https:\/\/secure.gravatar.com\/avatar\/e4be162918a696358376de6446614e0f0f4062bdc5d170d6d540ada3d8b58c12?s=96&d=mm&r=g","contentUrl":"https:\/\/secure.gravatar.com\/avatar\/e4be162918a696358376de6446614e0f0f4062bdc5d170d6d540ada3d8b58c12?s=96&d=mm&r=g","caption":"Zona Caral Administrador"},"sameAs":["https:\/\/zonacaral.gob.pe"],"url":"https:\/\/zonacaral.gob.pe\/en\/noticias\/author\/ad_zonacaral\/"}]}},"_links":{"self":[{"href":"https:\/\/zonacaral.gob.pe\/en\/wp-json\/wp\/v2\/posts\/9725","targetHints":{"allow":["GET"]}}],"collection":[{"href":"https:\/\/zonacaral.gob.pe\/en\/wp-json\/wp\/v2\/posts"}],"about":[{"href":"https:\/\/zonacaral.gob.pe\/en\/wp-json\/wp\/v2\/types\/post"}],"author":[{"embeddable":true,"href":"https:\/\/zonacaral.gob.pe\/en\/wp-json\/wp\/v2\/users\/1"}],"replies":[{"embeddable":true,"href":"https:\/\/zonacaral.gob.pe\/en\/wp-json\/wp\/v2\/comments?post=9725"}],"version-history":[{"count":0,"href":"https:\/\/zonacaral.gob.pe\/en\/wp-json\/wp\/v2\/posts\/9725\/revisions"}],"wp:featuredmedia":[{"embeddable":true,"href":"https:\/\/zonacaral.gob.pe\/en\/wp-json\/wp\/v2\/media\/9732"}],"wp:attachment":[{"href":"https:\/\/zonacaral.gob.pe\/en\/wp-json\/wp\/v2\/media?parent=9725"}],"wp:term":[{"taxonomy":"category","embeddable":true,"href":"https:\/\/zonacaral.gob.pe\/en\/wp-json\/wp\/v2\/categories?post=9725"},{"taxonomy":"post_tag","embeddable":true,"href":"https:\/\/zonacaral.gob.pe\/en\/wp-json\/wp\/v2\/tags?post=9725"}],"curies":[{"name":"wp","href":"https:\/\/api.w.org\/{rel}","templated":true}]}}