{"id":9902,"date":"2015-08-19T14:29:01","date_gmt":"2015-08-19T19:29:01","guid":{"rendered":"http:\/\/www.zonacaral.gob.pe\/?p=9902"},"modified":"2015-08-19T14:29:01","modified_gmt":"2015-08-19T19:29:01","slug":"caral-ciudad-milenaria-que-se-afianza-como-destino-turistico-en-el-valle-de-supe","status":"publish","type":"post","link":"https:\/\/zonacaral.gob.pe\/en\/noticias\/caral-ciudad-milenaria-que-se-afianza-como-destino-turistico-en-el-valle-de-supe\/","title":{"rendered":"Caral: ciudad milenaria que se afianza como destino tur\u00edstico en el valle de Supe"},"content":{"rendered":"<p>Corr\u00eda el a\u00f1o de 1993 cuando la arque\u00f3loga Ruth Shady, acompa\u00f1ada de cuatro exalumnos de la Universidad Nacional Mayor de San Marcos, explorar\u00eda el valle de Supe con un objetivo: encontrar el origen de la civilizaci\u00f3n andina.<\/p>\n<p><strong>El apoyo del entonces Instituto Nacional de Cultura (INC) fue vital para esta empresa. Un primer acercamiento a la zona permiti\u00f3 identificar 18 asentamientos arqueol\u00f3gicos de caracter\u00edsticas similares, pero de antig\u00fcedad desconocida.<\/strong><\/p>\n<p>En 1997, Shady asumi\u00f3 la direcci\u00f3n del Museo de Arqueolog\u00eda y Antropolog\u00eda de la Universidad Nacional Mayor de San Marcos y el proyecto qued\u00f3 bajo la tutela de esta casa de estudios.<\/p>\n<p><strong>Fue el destino y la oportunidad los que permitieron que 12 muestras sean finalmente analizadas, confirm\u00e1ndose la antig\u00fcedad de 5,000 a\u00f1os. Y fue precisamente la revista Science, la que public\u00f3 un art\u00edculo cient\u00edfico sobre este hecho, que dio la vuelta al mundo.<\/strong><\/p>\n<p>Ahora se tiene la certeza de que Caral fue la cuna de la primera civilizaci\u00f3n andina, ocurrida en el a\u00f1o 3,000 a. C. en el norcentro del pa\u00eds y que en ella convivieron y desarrollaron diversas actividades, poblaciones de la Costa, Sierra y Selva.<\/p>\n<p>Los sembr\u00edos de ca\u00f1a de az\u00facar, maracuy\u00e1, p\u00e1prika y zapallo es lo que ven los turistas que llegan a la Ciudad Sagrada de Caral m\u00e1s all\u00e1 de sus estructuras piramidales.<\/p>\n<p><strong>Es muy temprano cuando arribamos. Sin embargo, m\u00faltiples veh\u00edculos de familias nacionales o grupos de extranjeros, ya forman la fila de ingreso, \u00e1vidos por conocer su historia. En el lugar abunda informaci\u00f3n relacionada con las investigaciones y las actividades culturales realizadas.<\/strong><\/p>\n<p>En uno de los afiches se muestra la imagen de una estatuilla femenina, al parecer de alto rango, acompa\u00f1ando a otra estatuilla que representa a un hombre con deficiencias f\u00edsicas. \u201cLos discapacitados fueron reverenciados en las sociedades andinas. Viv\u00edan en palacios y templos, pues se consideraba que eran elegidos por los dioses\u201d, explica Luis Miranda, arque\u00f3logo principal de Caral.<\/p>\n<p><strong>La primera construcci\u00f3n que aprecia el visitante es la plaza circular, donde se realizaban ceremonias y se entregaban ofrendas que luego eran incineradas en el Sal\u00f3n Ceremonial. As\u00ed se encontraron restos de textiles, cuarzos, frutas y productos marinos. El poder de los sacerdotes proven\u00eda de la observaci\u00f3n de los astros que permit\u00eda conocer el tiempo adecuado para las cosechas.<\/strong><\/p>\n<p>Gracias a los sacerdotes, los pobladores sab\u00edan cu\u00e1ndo limpiar los canales y preparar los sembr\u00edos. Fue una \u00e9lite sostenida por la poblaci\u00f3n. La funci\u00f3n religiosa y pol\u00edtica estuvo unida en la civilizaci\u00f3n Caral, siendo el sacerdote el personaje m\u00e1s importante.<\/p>\n<p>Se conoce que en Caral no hubo ej\u00e9rcito para congregar a la poblaci\u00f3n. Todo se bas\u00f3 en la religi\u00f3n.<\/p>\n<figure id=\"attachment_9220\" aria-describedby=\"caption-attachment-9220\" style=\"width: 588px\" class=\"wp-caption alignnone\"><a href=\"http:\/\/www.andina.com.pe\/agencia\/video-caral-confirman-poderosa-anchoveta-era-su-principal-alimento-36134.aspx\"><img fetchpriority=\"high\" decoding=\"async\" class=\"wp-image-9220\" src=\"http:\/\/www.zonacaral.gob.pe\/wp-content\/uploads\/2015\/09\/andina-08-06-2015-03.jpg\" alt=\"andina-08-06-2015-03\" width=\"588\" height=\"325\" \/><\/a><figcaption id=\"caption-attachment-9220\" class=\"wp-caption-text\">VIDEO: Confirman que poderosa anchoveta era su principal alimento en Caral hace 5000 a\u00f1os.<\/figcaption><\/figure>\n<p>Fuente:\u00a0<span style=\"color: #800000;\">(<a href=\"http:\/\/www.andina.com.pe\/agencia\/noticia-caral-ciudad-milenaria-se-afianza-como-destino-turistico-el-valle-supe-571201.aspx\"><span style=\"color: #800000;\">Agencia Andina<\/span><\/a>)<\/span><\/p>\n<p style=\"color: #000000;\">Fecha de publicaci\u00f3n: 19\/08\/2015<\/p>","protected":false},"excerpt":{"rendered":"<p>Corr\u00eda el a\u00f1o de 1993 cuando la arque\u00f3loga Ruth Shady, acompa\u00f1ada de cuatro exalumnos de la Universidad Nacional Mayor de [&hellip;]<\/p>\n","protected":false},"author":1,"featured_media":9903,"comment_status":"closed","ping_status":"open","sticky":false,"template":"","format":"standard","meta":{"_acf_changed":false,"site-sidebar-layout":"default","site-content-layout":"","ast-site-content-layout":"default","site-content-style":"default","site-sidebar-style":"default","ast-global-header-display":"","ast-banner-title-visibility":"","ast-main-header-display":"","ast-hfb-above-header-display":"","ast-hfb-below-header-display":"","ast-hfb-mobile-header-display":"","site-post-title":"","ast-breadcrumbs-content":"","ast-featured-img":"","footer-sml-layout":"","ast-disable-related-posts":"","theme-transparent-header-meta":"","adv-header-id-meta":"","stick-header-meta":"","header-above-stick-meta":"","header-main-stick-meta":"","header-below-stick-meta":"","astra-migrate-meta-layouts":"default","ast-page-background-enabled":"default","ast-page-background-meta":{"desktop":{"background-color":"var(--ast-global-color-5)","background-image":"","background-repeat":"repeat","background-position":"center center","background-size":"auto","background-attachment":"scroll","background-type":"","background-media":"","overlay-type":"","overlay-color":"","overlay-opacity":"","overlay-gradient":""},"tablet":{"background-color":"","background-image":"","background-repeat":"repeat","background-position":"center center","background-size":"auto","background-attachment":"scroll","background-type":"","background-media":"","overlay-type":"","overlay-color":"","overlay-opacity":"","overlay-gradient":""},"mobile":{"background-color":"","background-image":"","background-repeat":"repeat","background-position":"center center","background-size":"auto","background-attachment":"scroll","background-type":"","background-media":"","overlay-type":"","overlay-color":"","overlay-opacity":"","overlay-gradient":""}},"ast-content-background-meta":{"desktop":{"background-color":"var(--ast-global-color-4)","background-image":"","background-repeat":"repeat","background-position":"center center","background-size":"auto","background-attachment":"scroll","background-type":"","background-media":"","overlay-type":"","overlay-color":"","overlay-opacity":"","overlay-gradient":""},"tablet":{"background-color":"var(--ast-global-color-4)","background-image":"","background-repeat":"repeat","background-position":"center center","background-size":"auto","background-attachment":"scroll","background-type":"","background-media":"","overlay-type":"","overlay-color":"","overlay-opacity":"","overlay-gradient":""},"mobile":{"background-color":"var(--ast-global-color-4)","background-image":"","background-repeat":"repeat","background-position":"center center","background-size":"auto","background-attachment":"scroll","background-type":"","background-media":"","overlay-type":"","overlay-color":"","overlay-opacity":"","overlay-gradient":""}},"footnotes":""},"categories":[208],"tags":[55,71],"class_list":["post-9902","post","type-post","status-publish","format-standard","has-post-thumbnail","hentry","category-noticias","tag-caral","tag-viajes-educativos"],"acf":[],"yoast_head":"<!-- This site is optimized with the Yoast SEO plugin v27.3 - https:\/\/yoast.com\/product\/yoast-seo-wordpress\/ -->\n<title>Caral se afianza como destino tur\u00edstico en el valle de Supe<\/title>\n<meta name=\"description\" content=\"Corr\u00eda el a\u00f1o de 1993 cuando la arque\u00f3loga Ruth Shady, acompa\u00f1ada de cuatro exalumnos de la Universidad Nacional Mayor de San Marcos, explorar\u00eda el valle de Supe con un objetivo: encontrar el origen de la civilizaci\u00f3n andina.\" \/>\n<meta name=\"robots\" content=\"index, follow, max-snippet:-1, max-image-preview:large, max-video-preview:-1\" \/>\n<link rel=\"canonical\" href=\"https:\/\/zonacaral.gob.pe\/en\/noticias\/caral-ciudad-milenaria-que-se-afianza-como-destino-turistico-en-el-valle-de-supe\/\" \/>\n<meta property=\"og:locale\" content=\"en_US\" \/>\n<meta property=\"og:type\" content=\"article\" \/>\n<meta property=\"og:title\" content=\"Caral se afianza como destino tur\u00edstico en el valle de Supe\" \/>\n<meta property=\"og:description\" content=\"Corr\u00eda el a\u00f1o de 1993 cuando la arque\u00f3loga Ruth Shady, acompa\u00f1ada de cuatro exalumnos de la Universidad Nacional Mayor de San Marcos, explorar\u00eda el valle de Supe con un objetivo: encontrar el origen de la civilizaci\u00f3n andina.\" \/>\n<meta property=\"og:url\" content=\"https:\/\/zonacaral.gob.pe\/en\/noticias\/caral-ciudad-milenaria-que-se-afianza-como-destino-turistico-en-el-valle-de-supe\/\" \/>\n<meta property=\"og:site_name\" content=\"Zona Caral\" \/>\n<meta property=\"article:published_time\" content=\"2015-08-19T19:29:01+00:00\" \/>\n<meta property=\"og:image\" content=\"https:\/\/zonacaral.gob.pe\/wp-content\/uploads\/2015\/09\/andina-08-06-2015-04.jpg\" \/>\n\t<meta property=\"og:image:width\" content=\"781\" \/>\n\t<meta property=\"og:image:height\" content=\"411\" \/>\n\t<meta property=\"og:image:type\" content=\"image\/jpeg\" \/>\n<meta name=\"author\" content=\"Zona Caral Administrador\" \/>\n<meta name=\"twitter:card\" content=\"summary_large_image\" \/>\n<meta name=\"twitter:label1\" content=\"Written by\" \/>\n\t<meta name=\"twitter:data1\" content=\"Zona Caral Administrador\" \/>\n\t<meta name=\"twitter:label2\" content=\"Est. reading time\" \/>\n\t<meta name=\"twitter:data2\" content=\"3 minutes\" \/>\n<script type=\"application\/ld+json\" class=\"yoast-schema-graph\">{\"@context\":\"https:\\\/\\\/schema.org\",\"@graph\":[{\"@type\":\"Article\",\"@id\":\"https:\\\/\\\/zonacaral.gob.pe\\\/en\\\/noticias\\\/caral-ciudad-milenaria-que-se-afianza-como-destino-turistico-en-el-valle-de-supe\\\/#article\",\"isPartOf\":{\"@id\":\"https:\\\/\\\/zonacaral.gob.pe\\\/en\\\/noticias\\\/caral-ciudad-milenaria-que-se-afianza-como-destino-turistico-en-el-valle-de-supe\\\/\"},\"author\":{\"name\":\"Zona Caral Administrador\",\"@id\":\"https:\\\/\\\/zonacaral.gob.pe\\\/es\\\/#\\\/schema\\\/person\\\/beddb4d22f71a7230c5b90913270a0ee\"},\"headline\":\"Caral: ciudad milenaria que se afianza como destino tur\u00edstico en el valle de Supe\",\"datePublished\":\"2015-08-19T19:29:01+00:00\",\"mainEntityOfPage\":{\"@id\":\"https:\\\/\\\/zonacaral.gob.pe\\\/en\\\/noticias\\\/caral-ciudad-milenaria-que-se-afianza-como-destino-turistico-en-el-valle-de-supe\\\/\"},\"wordCount\":520,\"image\":{\"@id\":\"https:\\\/\\\/zonacaral.gob.pe\\\/en\\\/noticias\\\/caral-ciudad-milenaria-que-se-afianza-como-destino-turistico-en-el-valle-de-supe\\\/#primaryimage\"},\"thumbnailUrl\":\"https:\\\/\\\/zonacaral.gob.pe\\\/wp-content\\\/uploads\\\/2015\\\/09\\\/andina-08-06-2015-04.jpg\",\"keywords\":[\"caral\",\"viajes educativos\"],\"articleSection\":[\"noticias\"],\"inLanguage\":\"en-US\"},{\"@type\":\"WebPage\",\"@id\":\"https:\\\/\\\/zonacaral.gob.pe\\\/en\\\/noticias\\\/caral-ciudad-milenaria-que-se-afianza-como-destino-turistico-en-el-valle-de-supe\\\/\",\"url\":\"https:\\\/\\\/zonacaral.gob.pe\\\/en\\\/noticias\\\/caral-ciudad-milenaria-que-se-afianza-como-destino-turistico-en-el-valle-de-supe\\\/\",\"name\":\"Caral se afianza como destino tur\u00edstico en el valle de Supe\",\"isPartOf\":{\"@id\":\"https:\\\/\\\/zonacaral.gob.pe\\\/es\\\/#website\"},\"primaryImageOfPage\":{\"@id\":\"https:\\\/\\\/zonacaral.gob.pe\\\/en\\\/noticias\\\/caral-ciudad-milenaria-que-se-afianza-como-destino-turistico-en-el-valle-de-supe\\\/#primaryimage\"},\"image\":{\"@id\":\"https:\\\/\\\/zonacaral.gob.pe\\\/en\\\/noticias\\\/caral-ciudad-milenaria-que-se-afianza-como-destino-turistico-en-el-valle-de-supe\\\/#primaryimage\"},\"thumbnailUrl\":\"https:\\\/\\\/zonacaral.gob.pe\\\/wp-content\\\/uploads\\\/2015\\\/09\\\/andina-08-06-2015-04.jpg\",\"datePublished\":\"2015-08-19T19:29:01+00:00\",\"author\":{\"@id\":\"https:\\\/\\\/zonacaral.gob.pe\\\/es\\\/#\\\/schema\\\/person\\\/beddb4d22f71a7230c5b90913270a0ee\"},\"description\":\"Corr\u00eda el a\u00f1o de 1993 cuando la arque\u00f3loga Ruth Shady, acompa\u00f1ada de cuatro exalumnos de la Universidad Nacional Mayor de San Marcos, explorar\u00eda el valle de Supe con un objetivo: encontrar el origen de la civilizaci\u00f3n andina.\",\"breadcrumb\":{\"@id\":\"https:\\\/\\\/zonacaral.gob.pe\\\/en\\\/noticias\\\/caral-ciudad-milenaria-que-se-afianza-como-destino-turistico-en-el-valle-de-supe\\\/#breadcrumb\"},\"inLanguage\":\"en-US\",\"potentialAction\":[{\"@type\":\"ReadAction\",\"target\":[\"https:\\\/\\\/zonacaral.gob.pe\\\/en\\\/noticias\\\/caral-ciudad-milenaria-que-se-afianza-como-destino-turistico-en-el-valle-de-supe\\\/\"]}]},{\"@type\":\"ImageObject\",\"inLanguage\":\"en-US\",\"@id\":\"https:\\\/\\\/zonacaral.gob.pe\\\/en\\\/noticias\\\/caral-ciudad-milenaria-que-se-afianza-como-destino-turistico-en-el-valle-de-supe\\\/#primaryimage\",\"url\":\"https:\\\/\\\/zonacaral.gob.pe\\\/wp-content\\\/uploads\\\/2015\\\/09\\\/andina-08-06-2015-04.jpg\",\"contentUrl\":\"https:\\\/\\\/zonacaral.gob.pe\\\/wp-content\\\/uploads\\\/2015\\\/09\\\/andina-08-06-2015-04.jpg\",\"width\":781,\"height\":411},{\"@type\":\"BreadcrumbList\",\"@id\":\"https:\\\/\\\/zonacaral.gob.pe\\\/en\\\/noticias\\\/caral-ciudad-milenaria-que-se-afianza-como-destino-turistico-en-el-valle-de-supe\\\/#breadcrumb\",\"itemListElement\":[{\"@type\":\"ListItem\",\"position\":1,\"name\":\"Portada\",\"item\":\"https:\\\/\\\/zonacaral.gob.pe\\\/\"},{\"@type\":\"ListItem\",\"position\":2,\"name\":\"Caral: ciudad milenaria que se afianza como destino tur\u00edstico en el valle de Supe\"}]},{\"@type\":\"WebSite\",\"@id\":\"https:\\\/\\\/zonacaral.gob.pe\\\/es\\\/#website\",\"url\":\"https:\\\/\\\/zonacaral.gob.pe\\\/es\\\/\",\"name\":\"Zona Caral\",\"description\":\"Investigamos, conservamos y difundimos el patrimonio cultural de la Civilizaci\u00f3n Caral, la m\u00e1s antigua de Am\u00e9rica.\",\"potentialAction\":[{\"@type\":\"SearchAction\",\"target\":{\"@type\":\"EntryPoint\",\"urlTemplate\":\"https:\\\/\\\/zonacaral.gob.pe\\\/es\\\/?s={search_term_string}\"},\"query-input\":{\"@type\":\"PropertyValueSpecification\",\"valueRequired\":true,\"valueName\":\"search_term_string\"}}],\"inLanguage\":\"en-US\"},{\"@type\":\"Person\",\"@id\":\"https:\\\/\\\/zonacaral.gob.pe\\\/es\\\/#\\\/schema\\\/person\\\/beddb4d22f71a7230c5b90913270a0ee\",\"name\":\"Zona Caral Administrador\",\"image\":{\"@type\":\"ImageObject\",\"inLanguage\":\"en-US\",\"@id\":\"https:\\\/\\\/secure.gravatar.com\\\/avatar\\\/e4be162918a696358376de6446614e0f0f4062bdc5d170d6d540ada3d8b58c12?s=96&d=mm&r=g\",\"url\":\"https:\\\/\\\/secure.gravatar.com\\\/avatar\\\/e4be162918a696358376de6446614e0f0f4062bdc5d170d6d540ada3d8b58c12?s=96&d=mm&r=g\",\"contentUrl\":\"https:\\\/\\\/secure.gravatar.com\\\/avatar\\\/e4be162918a696358376de6446614e0f0f4062bdc5d170d6d540ada3d8b58c12?s=96&d=mm&r=g\",\"caption\":\"Zona Caral Administrador\"},\"sameAs\":[\"https:\\\/\\\/zonacaral.gob.pe\"],\"url\":\"https:\\\/\\\/zonacaral.gob.pe\\\/en\\\/noticias\\\/author\\\/ad_zonacaral\\\/\"}]}<\/script>\n<!-- \/ Yoast SEO plugin. -->","yoast_head_json":{"title":"Caral se afianza como destino tur\u00edstico en el valle de Supe","description":"Corr\u00eda el a\u00f1o de 1993 cuando la arque\u00f3loga Ruth Shady, acompa\u00f1ada de cuatro exalumnos de la Universidad Nacional Mayor de San Marcos, explorar\u00eda el valle de Supe con un objetivo: encontrar el origen de la civilizaci\u00f3n andina.","robots":{"index":"index","follow":"follow","max-snippet":"max-snippet:-1","max-image-preview":"max-image-preview:large","max-video-preview":"max-video-preview:-1"},"canonical":"https:\/\/zonacaral.gob.pe\/en\/noticias\/caral-ciudad-milenaria-que-se-afianza-como-destino-turistico-en-el-valle-de-supe\/","og_locale":"en_US","og_type":"article","og_title":"Caral se afianza como destino tur\u00edstico en el valle de Supe","og_description":"Corr\u00eda el a\u00f1o de 1993 cuando la arque\u00f3loga Ruth Shady, acompa\u00f1ada de cuatro exalumnos de la Universidad Nacional Mayor de San Marcos, explorar\u00eda el valle de Supe con un objetivo: encontrar el origen de la civilizaci\u00f3n andina.","og_url":"https:\/\/zonacaral.gob.pe\/en\/noticias\/caral-ciudad-milenaria-que-se-afianza-como-destino-turistico-en-el-valle-de-supe\/","og_site_name":"Zona Caral","article_published_time":"2015-08-19T19:29:01+00:00","og_image":[{"width":781,"height":411,"url":"https:\/\/zonacaral.gob.pe\/wp-content\/uploads\/2015\/09\/andina-08-06-2015-04.jpg","type":"image\/jpeg"}],"author":"Zona Caral Administrador","twitter_card":"summary_large_image","twitter_misc":{"Written by":"Zona Caral Administrador","Est. reading time":"3 minutes"},"schema":{"@context":"https:\/\/schema.org","@graph":[{"@type":"Article","@id":"https:\/\/zonacaral.gob.pe\/en\/noticias\/caral-ciudad-milenaria-que-se-afianza-como-destino-turistico-en-el-valle-de-supe\/#article","isPartOf":{"@id":"https:\/\/zonacaral.gob.pe\/en\/noticias\/caral-ciudad-milenaria-que-se-afianza-como-destino-turistico-en-el-valle-de-supe\/"},"author":{"name":"Zona Caral Administrador","@id":"https:\/\/zonacaral.gob.pe\/es\/#\/schema\/person\/beddb4d22f71a7230c5b90913270a0ee"},"headline":"Caral: ciudad milenaria que se afianza como destino tur\u00edstico en el valle de Supe","datePublished":"2015-08-19T19:29:01+00:00","mainEntityOfPage":{"@id":"https:\/\/zonacaral.gob.pe\/en\/noticias\/caral-ciudad-milenaria-que-se-afianza-como-destino-turistico-en-el-valle-de-supe\/"},"wordCount":520,"image":{"@id":"https:\/\/zonacaral.gob.pe\/en\/noticias\/caral-ciudad-milenaria-que-se-afianza-como-destino-turistico-en-el-valle-de-supe\/#primaryimage"},"thumbnailUrl":"https:\/\/zonacaral.gob.pe\/wp-content\/uploads\/2015\/09\/andina-08-06-2015-04.jpg","keywords":["caral","viajes educativos"],"articleSection":["noticias"],"inLanguage":"en-US"},{"@type":"WebPage","@id":"https:\/\/zonacaral.gob.pe\/en\/noticias\/caral-ciudad-milenaria-que-se-afianza-como-destino-turistico-en-el-valle-de-supe\/","url":"https:\/\/zonacaral.gob.pe\/en\/noticias\/caral-ciudad-milenaria-que-se-afianza-como-destino-turistico-en-el-valle-de-supe\/","name":"Caral se afianza como destino tur\u00edstico en el valle de Supe","isPartOf":{"@id":"https:\/\/zonacaral.gob.pe\/es\/#website"},"primaryImageOfPage":{"@id":"https:\/\/zonacaral.gob.pe\/en\/noticias\/caral-ciudad-milenaria-que-se-afianza-como-destino-turistico-en-el-valle-de-supe\/#primaryimage"},"image":{"@id":"https:\/\/zonacaral.gob.pe\/en\/noticias\/caral-ciudad-milenaria-que-se-afianza-como-destino-turistico-en-el-valle-de-supe\/#primaryimage"},"thumbnailUrl":"https:\/\/zonacaral.gob.pe\/wp-content\/uploads\/2015\/09\/andina-08-06-2015-04.jpg","datePublished":"2015-08-19T19:29:01+00:00","author":{"@id":"https:\/\/zonacaral.gob.pe\/es\/#\/schema\/person\/beddb4d22f71a7230c5b90913270a0ee"},"description":"Corr\u00eda el a\u00f1o de 1993 cuando la arque\u00f3loga Ruth Shady, acompa\u00f1ada de cuatro exalumnos de la Universidad Nacional Mayor de San Marcos, explorar\u00eda el valle de Supe con un objetivo: encontrar el origen de la civilizaci\u00f3n andina.","breadcrumb":{"@id":"https:\/\/zonacaral.gob.pe\/en\/noticias\/caral-ciudad-milenaria-que-se-afianza-como-destino-turistico-en-el-valle-de-supe\/#breadcrumb"},"inLanguage":"en-US","potentialAction":[{"@type":"ReadAction","target":["https:\/\/zonacaral.gob.pe\/en\/noticias\/caral-ciudad-milenaria-que-se-afianza-como-destino-turistico-en-el-valle-de-supe\/"]}]},{"@type":"ImageObject","inLanguage":"en-US","@id":"https:\/\/zonacaral.gob.pe\/en\/noticias\/caral-ciudad-milenaria-que-se-afianza-como-destino-turistico-en-el-valle-de-supe\/#primaryimage","url":"https:\/\/zonacaral.gob.pe\/wp-content\/uploads\/2015\/09\/andina-08-06-2015-04.jpg","contentUrl":"https:\/\/zonacaral.gob.pe\/wp-content\/uploads\/2015\/09\/andina-08-06-2015-04.jpg","width":781,"height":411},{"@type":"BreadcrumbList","@id":"https:\/\/zonacaral.gob.pe\/en\/noticias\/caral-ciudad-milenaria-que-se-afianza-como-destino-turistico-en-el-valle-de-supe\/#breadcrumb","itemListElement":[{"@type":"ListItem","position":1,"name":"Portada","item":"https:\/\/zonacaral.gob.pe\/"},{"@type":"ListItem","position":2,"name":"Caral: ciudad milenaria que se afianza como destino tur\u00edstico en el valle de Supe"}]},{"@type":"WebSite","@id":"https:\/\/zonacaral.gob.pe\/es\/#website","url":"https:\/\/zonacaral.gob.pe\/es\/","name":"Zona Caral","description":"Investigamos, conservamos y difundimos el patrimonio cultural de la Civilizaci\u00f3n Caral, la m\u00e1s antigua de Am\u00e9rica.","potentialAction":[{"@type":"SearchAction","target":{"@type":"EntryPoint","urlTemplate":"https:\/\/zonacaral.gob.pe\/es\/?s={search_term_string}"},"query-input":{"@type":"PropertyValueSpecification","valueRequired":true,"valueName":"search_term_string"}}],"inLanguage":"en-US"},{"@type":"Person","@id":"https:\/\/zonacaral.gob.pe\/es\/#\/schema\/person\/beddb4d22f71a7230c5b90913270a0ee","name":"Zona Caral Administrador","image":{"@type":"ImageObject","inLanguage":"en-US","@id":"https:\/\/secure.gravatar.com\/avatar\/e4be162918a696358376de6446614e0f0f4062bdc5d170d6d540ada3d8b58c12?s=96&d=mm&r=g","url":"https:\/\/secure.gravatar.com\/avatar\/e4be162918a696358376de6446614e0f0f4062bdc5d170d6d540ada3d8b58c12?s=96&d=mm&r=g","contentUrl":"https:\/\/secure.gravatar.com\/avatar\/e4be162918a696358376de6446614e0f0f4062bdc5d170d6d540ada3d8b58c12?s=96&d=mm&r=g","caption":"Zona Caral Administrador"},"sameAs":["https:\/\/zonacaral.gob.pe"],"url":"https:\/\/zonacaral.gob.pe\/en\/noticias\/author\/ad_zonacaral\/"}]}},"_links":{"self":[{"href":"https:\/\/zonacaral.gob.pe\/en\/wp-json\/wp\/v2\/posts\/9902","targetHints":{"allow":["GET"]}}],"collection":[{"href":"https:\/\/zonacaral.gob.pe\/en\/wp-json\/wp\/v2\/posts"}],"about":[{"href":"https:\/\/zonacaral.gob.pe\/en\/wp-json\/wp\/v2\/types\/post"}],"author":[{"embeddable":true,"href":"https:\/\/zonacaral.gob.pe\/en\/wp-json\/wp\/v2\/users\/1"}],"replies":[{"embeddable":true,"href":"https:\/\/zonacaral.gob.pe\/en\/wp-json\/wp\/v2\/comments?post=9902"}],"version-history":[{"count":0,"href":"https:\/\/zonacaral.gob.pe\/en\/wp-json\/wp\/v2\/posts\/9902\/revisions"}],"wp:featuredmedia":[{"embeddable":true,"href":"https:\/\/zonacaral.gob.pe\/en\/wp-json\/wp\/v2\/media\/9903"}],"wp:attachment":[{"href":"https:\/\/zonacaral.gob.pe\/en\/wp-json\/wp\/v2\/media?parent=9902"}],"wp:term":[{"taxonomy":"category","embeddable":true,"href":"https:\/\/zonacaral.gob.pe\/en\/wp-json\/wp\/v2\/categories?post=9902"},{"taxonomy":"post_tag","embeddable":true,"href":"https:\/\/zonacaral.gob.pe\/en\/wp-json\/wp\/v2\/tags?post=9902"}],"curies":[{"name":"wp","href":"https:\/\/api.w.org\/{rel}","templated":true}]}}