{"id":9906,"date":"2015-07-06T14:48:25","date_gmt":"2015-07-06T19:48:25","guid":{"rendered":"http:\/\/www.zonacaral.gob.pe\/?p=9906"},"modified":"2015-07-06T14:48:25","modified_gmt":"2015-07-06T19:48:25","slug":"ruth-shady-la-sanmarquina-que-cambio-la-historia","status":"publish","type":"post","link":"https:\/\/zonacaral.gob.pe\/en\/noticias\/ruth-shady-la-sanmarquina-que-cambio-la-historia\/","title":{"rendered":"Ruth Shady, la Sanmarquina que cambi\u00f3 la historia"},"content":{"rendered":"<figure class=\"pic-autor\" style=\"color: #4d4d4d;\"><\/figure>\n<p style=\"text-align: justify;\"><strong>Por: Jhan Carlos Quispe y Kenneth Vargas.<\/strong><\/p>\n<p style=\"text-align: justify;\">Tras un agotador viaje hasta La Molina, Ruth Shady nos recibe en su despacho de la modesta vivienda que usa como oficina de la Unidad Ejecutora, de nada menos que, la Zona Arqueol\u00f3gica Caral: la investigaci\u00f3n que revolucion\u00f3 los c\u00e1nones de la historia universal, especialmente a los egipt\u00f3logos, al dar a conocer que los peruanos somos herederos de una civilizaci\u00f3n solo por debajo, en t\u00e9rminos cronol\u00f3gicos, de Mesopotamia.<\/p>\n<p style=\"text-align: justify;\">\u201cLa entrevista debe ser breve porque estoy haciendo los preparativos para viajar a Supe como cada semana\u201d, advierte a priori; no obstante lo que pens\u00e1bamos durar\u00eda 30 minutos se duplic\u00f3 por la nostalgia de recordar sus primeros a\u00f1os como alumna de San Marcos y a\u00f1orar a sus primeros maestros como Javier Pulgar Vidal y Augusto Salazar Bondy.<\/p>\n<p style=\"text-align: justify;\">Tras escuchar los aullidos de sus dos canes, un peruano (Viringo) y su compa\u00f1ero labrador, llueven las preguntas.<\/p>\n<p style=\"text-align: justify;\"><strong>\u00bfQu\u00e9 nos puede contar sobre su vida sanmarquina?<\/strong><br \/>\nA los diecis\u00e9is a\u00f1os, reci\u00e9n salida del colegio, ingres\u00e9 a lo que es uno de los m\u00e1ximos amores de mi vida: la Universidad Nacional Mayor de San Marcos. Fue ah\u00ed donde las clases magistrales de profesores incentivaron mi gusto por la investigaci\u00f3n. Augusto Salazar Bondy, Ella Dumbar Temple y Javier Pulgar Vidal fueron algunas de las eminencias que conoc\u00ed. Tomaba el tranv\u00eda de Barranco para llegar al Centro de Lima y tomar el \u00f3mnibus para San Marcos. Fue una \u00e9poca entra\u00f1able.<\/p>\n<p style=\"text-align: justify;\"><strong>\u00bfPor qu\u00e9 Caral es importante para nuestro pa\u00eds?<\/strong><br \/>\nEs importante porque demuestra que hemos tenido la misma capacidad humana para crear civilizaciones tan nutridas como las del viejo continente. Si hace cinco mil a\u00f1os ten\u00edamos condiciones para tener tecnolog\u00eda y producir ciencia, \u00bfpor qu\u00e9 ahora somos pa\u00edses dependientes?<br \/>\nSin duda, tenemos que fortalecer nuestra identidad, salir adelante y ser pa\u00edses desarrollados.<\/p>\n<p style=\"text-align: justify;\"><strong>Este era en teor\u00eda el gobierno de la \u2018gran transformaci\u00f3n\u2019, sin embargo, Garagay y El Para\u00edso, sitios arqueol\u00f3gicos ubicados en Lima Norte, est\u00e1n descuidados; eso sin mencionar lo que pas\u00f3 con Green Pease y las L\u00edneas de Nazca, \u00bfcu\u00e1l es su an\u00e1lisis sobre esta realidad?<\/strong><\/p>\n<p style=\"text-align: justify;\">Ahora pertenezco al Ministerio de Cultura, conmigo se muestran amables; no obstante, la pol\u00edtica de Estado no le da una importancia debida al patrimonio hist\u00f3rico. La ministra (Diana \u00c1lvarez Calder\u00f3n) se muestra amable conmigo pero no he logrado el apoyo que he tenido con otras personas.<\/p>\n<p style=\"text-align: justify;\">(\u2026) al parecer ahora toda la atenci\u00f3n est\u00e1 centrada en el nuevo Museo de la Naci\u00f3n que se construir\u00e1 en Pachac\u00e1mac. No debemos descuidar el patrimonio de las regiones y provincias. Hemos sido la primera unidad ejecutora, luego crearon otras y faltan m\u00e1s unidades ejecutoras en todo el territorio.<\/p>\n<p style=\"text-align: justify;\"><strong>En anteriores entrevistas ha resaltado el apoyo de Valent\u00edn Paniagua, \u00bfc\u00f3mo es que la ayud\u00f3?<\/strong><br \/>\nEn 2001, gracias a mi colega Margarita Giesecke -su esposo Marcial Rubio era entonces el ministro de Educaci\u00f3n- se interes\u00f3 en las primeras investigaciones que realizaba. Fue as\u00ed que un fin de semana el presidente Valent\u00edn Paniagua lleg\u00f3 en avioneta con todos sus ministros a la zona arqueol\u00f3gica (\u2026) sinceramente ninguno entend\u00eda lo que ve\u00eda porque a\u00fan todo estaba en escombros (risas), pero tras la exposici\u00f3n del pertinente Paniagua qued\u00f3 maravillado.<\/p>\n<p style=\"text-align: justify;\"><strong>\u00bfLe asign\u00f3 un presupuesto importante?<\/strong><br \/>\nPaniagua me invit\u00f3 a almorzar a Palacio junto al ministro Rubio a los d\u00edas y en la cita coment\u00f3 que como cusque\u00f1o y amante de la cultura no hab\u00eda podido ni dormir pensando en Caral. Me asign\u00f3 un presupuesto de 1 mill\u00f3n 800 mil soles para el trabajo de todo ese a\u00f1o y declar\u00f3 a la zona de inter\u00e9s nacional. Por desgracia, el error que comet\u00ed fue decidir que el monto fuera recepcionado por San Marcos.<\/p>\n<p style=\"text-align: justify;\"><strong>\u00bfPor qu\u00e9 lo dice?<\/strong><br \/>\n\u00a1F\u00edjense c\u00f3mo me trat\u00f3 el rector Burga a pesar de que era mi amigo! Yo lo ayud\u00e9 mucho cuando fue director de la Unidad de Postgrado, pero el poder se le subi\u00f3 a la cabeza. Al parecer \u00e9l hab\u00eda gestionado dinero presupuestal en el MEF y no logr\u00f3 su objetivo. Y ante la noticia de que Paniagua me asign\u00f3 un monto se indign\u00f3.<\/p>\n<p style=\"text-align: justify;\">\u00a1C\u00f3mo es posible que a ella le asignen tal cantidad y a m\u00ed como autoridad nada, habr\u00e1 pensado! As\u00ed que decidi\u00f3 que solo me dieran una parte de la suma. Lamentablemente la gente del MEF me dijo que Burga pod\u00eda tomar esa decisi\u00f3n arbitraria por su calidad de m\u00e1xima autoridad de la universidad.<\/p>\n<p style=\"text-align: justify;\"><strong>\u00bfC\u00f3mo cambi\u00f3 la vida personal de Ruth Shady tras el descubrimiento de Caral?<\/strong><br \/>\nCuando mis hijos crecieron se fueron a estudiar a Francia, as\u00ed que por fortuna tuve el tiempo necesario para las investigaciones en Caral.<br \/>\nCaral es mi tercer hijo, eso te puedo decir.<\/p>\n<p style=\"text-align: justify;\">Ruth Shady expresa preocupaci\u00f3n, mira su reloj a cada momento. Debe partir r\u00e1pido a Supe para continuar con su loable labor a favor del patrimonio nacional. Para cerrar, le pedimos que nos deje una frase sobre la situaci\u00f3n actual de la Decana de Am\u00e9rica: \u201c\u00a1Huy Dios! (Se toma el rostro)\u201d. Es que San Marcos \u2013 agrega- es el fiel reflejo de lo que pasa en Per\u00fa, con todos sus defectos y virtudes.<\/p>\n<p>Fuente:\u00a0<span style=\"color: #800000;\">(<a href=\"https:\/\/revistacincensura.lamula.pe\/2015\/06\/17\/ruth-shady\/sincensura\/\">revistacincensura.lamula.pe<\/a>)<\/span><\/p>\n<p style=\"color: #000000;\">Fecha de publicaci\u00f3n: 19\/08\/2015<\/p>","protected":false},"excerpt":{"rendered":"<p>Por: Jhan Carlos Quispe y Kenneth Vargas. Tras un agotador viaje hasta La Molina, Ruth Shady nos recibe en su [&hellip;]<\/p>\n","protected":false},"author":1,"featured_media":9907,"comment_status":"closed","ping_status":"open","sticky":false,"template":"","format":"standard","meta":{"_acf_changed":false,"site-sidebar-layout":"default","site-content-layout":"","ast-site-content-layout":"default","site-content-style":"default","site-sidebar-style":"default","ast-global-header-display":"","ast-banner-title-visibility":"","ast-main-header-display":"","ast-hfb-above-header-display":"","ast-hfb-below-header-display":"","ast-hfb-mobile-header-display":"","site-post-title":"","ast-breadcrumbs-content":"","ast-featured-img":"","footer-sml-layout":"","ast-disable-related-posts":"","theme-transparent-header-meta":"","adv-header-id-meta":"","stick-header-meta":"","header-above-stick-meta":"","header-main-stick-meta":"","header-below-stick-meta":"","astra-migrate-meta-layouts":"default","ast-page-background-enabled":"default","ast-page-background-meta":{"desktop":{"background-color":"var(--ast-global-color-5)","background-image":"","background-repeat":"repeat","background-position":"center center","background-size":"auto","background-attachment":"scroll","background-type":"","background-media":"","overlay-type":"","overlay-color":"","overlay-opacity":"","overlay-gradient":""},"tablet":{"background-color":"","background-image":"","background-repeat":"repeat","background-position":"center center","background-size":"auto","background-attachment":"scroll","background-type":"","background-media":"","overlay-type":"","overlay-color":"","overlay-opacity":"","overlay-gradient":""},"mobile":{"background-color":"","background-image":"","background-repeat":"repeat","background-position":"center center","background-size":"auto","background-attachment":"scroll","background-type":"","background-media":"","overlay-type":"","overlay-color":"","overlay-opacity":"","overlay-gradient":""}},"ast-content-background-meta":{"desktop":{"background-color":"var(--ast-global-color-4)","background-image":"","background-repeat":"repeat","background-position":"center center","background-size":"auto","background-attachment":"scroll","background-type":"","background-media":"","overlay-type":"","overlay-color":"","overlay-opacity":"","overlay-gradient":""},"tablet":{"background-color":"var(--ast-global-color-4)","background-image":"","background-repeat":"repeat","background-position":"center center","background-size":"auto","background-attachment":"scroll","background-type":"","background-media":"","overlay-type":"","overlay-color":"","overlay-opacity":"","overlay-gradient":""},"mobile":{"background-color":"var(--ast-global-color-4)","background-image":"","background-repeat":"repeat","background-position":"center center","background-size":"auto","background-attachment":"scroll","background-type":"","background-media":"","overlay-type":"","overlay-color":"","overlay-opacity":"","overlay-gradient":""}},"footnotes":""},"categories":[208],"tags":[55,74,82],"class_list":["post-9906","post","type-post","status-publish","format-standard","has-post-thumbnail","hentry","category-noticias","tag-caral","tag-ministerio-de-cultura","tag-ruth-shady"],"acf":[],"yoast_head":"<!-- This site is optimized with the Yoast SEO plugin v27.3 - https:\/\/yoast.com\/product\/yoast-seo-wordpress\/ -->\n<title>Ruth Shady, la Sanmarquina que cambi\u00f3 la historia<\/title>\n<meta name=\"description\" content=\"Si hace cinco mil a\u00f1os ten\u00edamos condiciones para y producir, \u00bfpor qu\u00e9 ahora somos pa\u00edses dependientes?&quot;ocido se est\u00e1 reintroduciendo la pr\u00e1ctica art\u00edstica de los antiguos pobladores del valle de Supe.\" \/>\n<meta name=\"robots\" content=\"index, follow, max-snippet:-1, max-image-preview:large, max-video-preview:-1\" \/>\n<link rel=\"canonical\" href=\"https:\/\/zonacaral.gob.pe\/en\/noticias\/ruth-shady-la-sanmarquina-que-cambio-la-historia\/\" \/>\n<meta property=\"og:locale\" content=\"en_US\" \/>\n<meta property=\"og:type\" content=\"article\" \/>\n<meta property=\"og:title\" content=\"Ruth Shady, la Sanmarquina que cambi\u00f3 la historia\" \/>\n<meta property=\"og:description\" content=\"Si hace cinco mil a\u00f1os ten\u00edamos condiciones para y producir, \u00bfpor qu\u00e9 ahora somos pa\u00edses dependientes?&quot;ocido se est\u00e1 reintroduciendo la pr\u00e1ctica art\u00edstica de los antiguos pobladores del valle de Supe.\" \/>\n<meta property=\"og:url\" content=\"https:\/\/zonacaral.gob.pe\/en\/noticias\/ruth-shady-la-sanmarquina-que-cambio-la-historia\/\" \/>\n<meta property=\"og:site_name\" content=\"Zona Caral\" \/>\n<meta property=\"article:published_time\" content=\"2015-07-06T19:48:25+00:00\" \/>\n<meta property=\"og:image\" content=\"https:\/\/zonacaral.gob.pe\/wp-content\/uploads\/2015\/09\/lamula-06-07-2015-02.jpeg\" \/>\n\t<meta property=\"og:image:width\" content=\"635\" \/>\n\t<meta property=\"og:image:height\" content=\"423\" \/>\n\t<meta property=\"og:image:type\" content=\"image\/jpeg\" \/>\n<meta name=\"author\" content=\"Zona Caral Administrador\" \/>\n<meta name=\"twitter:card\" content=\"summary_large_image\" \/>\n<meta name=\"twitter:label1\" content=\"Written by\" \/>\n\t<meta name=\"twitter:data1\" content=\"Zona Caral Administrador\" \/>\n\t<meta name=\"twitter:label2\" content=\"Est. reading time\" \/>\n\t<meta name=\"twitter:data2\" content=\"5 minutes\" \/>\n<script type=\"application\/ld+json\" class=\"yoast-schema-graph\">{\"@context\":\"https:\\\/\\\/schema.org\",\"@graph\":[{\"@type\":\"Article\",\"@id\":\"https:\\\/\\\/zonacaral.gob.pe\\\/en\\\/noticias\\\/ruth-shady-la-sanmarquina-que-cambio-la-historia\\\/#article\",\"isPartOf\":{\"@id\":\"https:\\\/\\\/zonacaral.gob.pe\\\/en\\\/noticias\\\/ruth-shady-la-sanmarquina-que-cambio-la-historia\\\/\"},\"author\":{\"name\":\"Zona Caral Administrador\",\"@id\":\"https:\\\/\\\/zonacaral.gob.pe\\\/es\\\/#\\\/schema\\\/person\\\/beddb4d22f71a7230c5b90913270a0ee\"},\"headline\":\"Ruth Shady, la Sanmarquina que cambi\u00f3 la historia\",\"datePublished\":\"2015-07-06T19:48:25+00:00\",\"mainEntityOfPage\":{\"@id\":\"https:\\\/\\\/zonacaral.gob.pe\\\/en\\\/noticias\\\/ruth-shady-la-sanmarquina-que-cambio-la-historia\\\/\"},\"wordCount\":920,\"image\":{\"@id\":\"https:\\\/\\\/zonacaral.gob.pe\\\/en\\\/noticias\\\/ruth-shady-la-sanmarquina-que-cambio-la-historia\\\/#primaryimage\"},\"thumbnailUrl\":\"https:\\\/\\\/zonacaral.gob.pe\\\/wp-content\\\/uploads\\\/2015\\\/09\\\/lamula-06-07-2015-02.jpeg\",\"keywords\":[\"caral\",\"Ministerio de Cultura\",\"Ruth Shady\"],\"articleSection\":[\"noticias\"],\"inLanguage\":\"en-US\"},{\"@type\":\"WebPage\",\"@id\":\"https:\\\/\\\/zonacaral.gob.pe\\\/en\\\/noticias\\\/ruth-shady-la-sanmarquina-que-cambio-la-historia\\\/\",\"url\":\"https:\\\/\\\/zonacaral.gob.pe\\\/en\\\/noticias\\\/ruth-shady-la-sanmarquina-que-cambio-la-historia\\\/\",\"name\":\"Ruth Shady, la Sanmarquina que cambi\u00f3 la historia\",\"isPartOf\":{\"@id\":\"https:\\\/\\\/zonacaral.gob.pe\\\/es\\\/#website\"},\"primaryImageOfPage\":{\"@id\":\"https:\\\/\\\/zonacaral.gob.pe\\\/en\\\/noticias\\\/ruth-shady-la-sanmarquina-que-cambio-la-historia\\\/#primaryimage\"},\"image\":{\"@id\":\"https:\\\/\\\/zonacaral.gob.pe\\\/en\\\/noticias\\\/ruth-shady-la-sanmarquina-que-cambio-la-historia\\\/#primaryimage\"},\"thumbnailUrl\":\"https:\\\/\\\/zonacaral.gob.pe\\\/wp-content\\\/uploads\\\/2015\\\/09\\\/lamula-06-07-2015-02.jpeg\",\"datePublished\":\"2015-07-06T19:48:25+00:00\",\"author\":{\"@id\":\"https:\\\/\\\/zonacaral.gob.pe\\\/es\\\/#\\\/schema\\\/person\\\/beddb4d22f71a7230c5b90913270a0ee\"},\"description\":\"Si hace cinco mil a\u00f1os ten\u00edamos condiciones para y producir, \u00bfpor qu\u00e9 ahora somos pa\u00edses dependientes?\\\"ocido se est\u00e1 reintroduciendo la pr\u00e1ctica art\u00edstica de los antiguos pobladores del valle de Supe.\",\"breadcrumb\":{\"@id\":\"https:\\\/\\\/zonacaral.gob.pe\\\/en\\\/noticias\\\/ruth-shady-la-sanmarquina-que-cambio-la-historia\\\/#breadcrumb\"},\"inLanguage\":\"en-US\",\"potentialAction\":[{\"@type\":\"ReadAction\",\"target\":[\"https:\\\/\\\/zonacaral.gob.pe\\\/en\\\/noticias\\\/ruth-shady-la-sanmarquina-que-cambio-la-historia\\\/\"]}]},{\"@type\":\"ImageObject\",\"inLanguage\":\"en-US\",\"@id\":\"https:\\\/\\\/zonacaral.gob.pe\\\/en\\\/noticias\\\/ruth-shady-la-sanmarquina-que-cambio-la-historia\\\/#primaryimage\",\"url\":\"https:\\\/\\\/zonacaral.gob.pe\\\/wp-content\\\/uploads\\\/2015\\\/09\\\/lamula-06-07-2015-02.jpeg\",\"contentUrl\":\"https:\\\/\\\/zonacaral.gob.pe\\\/wp-content\\\/uploads\\\/2015\\\/09\\\/lamula-06-07-2015-02.jpeg\",\"width\":635,\"height\":423},{\"@type\":\"BreadcrumbList\",\"@id\":\"https:\\\/\\\/zonacaral.gob.pe\\\/en\\\/noticias\\\/ruth-shady-la-sanmarquina-que-cambio-la-historia\\\/#breadcrumb\",\"itemListElement\":[{\"@type\":\"ListItem\",\"position\":1,\"name\":\"Portada\",\"item\":\"https:\\\/\\\/zonacaral.gob.pe\\\/\"},{\"@type\":\"ListItem\",\"position\":2,\"name\":\"Ruth Shady, la Sanmarquina que cambi\u00f3 la historia\"}]},{\"@type\":\"WebSite\",\"@id\":\"https:\\\/\\\/zonacaral.gob.pe\\\/es\\\/#website\",\"url\":\"https:\\\/\\\/zonacaral.gob.pe\\\/es\\\/\",\"name\":\"Zona Caral\",\"description\":\"Investigamos, conservamos y difundimos el patrimonio cultural de la Civilizaci\u00f3n Caral, la m\u00e1s antigua de Am\u00e9rica.\",\"potentialAction\":[{\"@type\":\"SearchAction\",\"target\":{\"@type\":\"EntryPoint\",\"urlTemplate\":\"https:\\\/\\\/zonacaral.gob.pe\\\/es\\\/?s={search_term_string}\"},\"query-input\":{\"@type\":\"PropertyValueSpecification\",\"valueRequired\":true,\"valueName\":\"search_term_string\"}}],\"inLanguage\":\"en-US\"},{\"@type\":\"Person\",\"@id\":\"https:\\\/\\\/zonacaral.gob.pe\\\/es\\\/#\\\/schema\\\/person\\\/beddb4d22f71a7230c5b90913270a0ee\",\"name\":\"Zona Caral Administrador\",\"image\":{\"@type\":\"ImageObject\",\"inLanguage\":\"en-US\",\"@id\":\"https:\\\/\\\/secure.gravatar.com\\\/avatar\\\/e4be162918a696358376de6446614e0f0f4062bdc5d170d6d540ada3d8b58c12?s=96&d=mm&r=g\",\"url\":\"https:\\\/\\\/secure.gravatar.com\\\/avatar\\\/e4be162918a696358376de6446614e0f0f4062bdc5d170d6d540ada3d8b58c12?s=96&d=mm&r=g\",\"contentUrl\":\"https:\\\/\\\/secure.gravatar.com\\\/avatar\\\/e4be162918a696358376de6446614e0f0f4062bdc5d170d6d540ada3d8b58c12?s=96&d=mm&r=g\",\"caption\":\"Zona Caral Administrador\"},\"sameAs\":[\"https:\\\/\\\/zonacaral.gob.pe\"],\"url\":\"https:\\\/\\\/zonacaral.gob.pe\\\/en\\\/noticias\\\/author\\\/ad_zonacaral\\\/\"}]}<\/script>\n<!-- \/ Yoast SEO plugin. -->","yoast_head_json":{"title":"Ruth Shady, la Sanmarquina que cambi\u00f3 la historia","description":"Si hace cinco mil a\u00f1os ten\u00edamos condiciones para y producir, \u00bfpor qu\u00e9 ahora somos pa\u00edses dependientes?\"ocido se est\u00e1 reintroduciendo la pr\u00e1ctica art\u00edstica de los antiguos pobladores del valle de Supe.","robots":{"index":"index","follow":"follow","max-snippet":"max-snippet:-1","max-image-preview":"max-image-preview:large","max-video-preview":"max-video-preview:-1"},"canonical":"https:\/\/zonacaral.gob.pe\/en\/noticias\/ruth-shady-la-sanmarquina-que-cambio-la-historia\/","og_locale":"en_US","og_type":"article","og_title":"Ruth Shady, la Sanmarquina que cambi\u00f3 la historia","og_description":"Si hace cinco mil a\u00f1os ten\u00edamos condiciones para y producir, \u00bfpor qu\u00e9 ahora somos pa\u00edses dependientes?\"ocido se est\u00e1 reintroduciendo la pr\u00e1ctica art\u00edstica de los antiguos pobladores del valle de Supe.","og_url":"https:\/\/zonacaral.gob.pe\/en\/noticias\/ruth-shady-la-sanmarquina-que-cambio-la-historia\/","og_site_name":"Zona Caral","article_published_time":"2015-07-06T19:48:25+00:00","og_image":[{"width":635,"height":423,"url":"https:\/\/zonacaral.gob.pe\/wp-content\/uploads\/2015\/09\/lamula-06-07-2015-02.jpeg","type":"image\/jpeg"}],"author":"Zona Caral Administrador","twitter_card":"summary_large_image","twitter_misc":{"Written by":"Zona Caral Administrador","Est. reading time":"5 minutes"},"schema":{"@context":"https:\/\/schema.org","@graph":[{"@type":"Article","@id":"https:\/\/zonacaral.gob.pe\/en\/noticias\/ruth-shady-la-sanmarquina-que-cambio-la-historia\/#article","isPartOf":{"@id":"https:\/\/zonacaral.gob.pe\/en\/noticias\/ruth-shady-la-sanmarquina-que-cambio-la-historia\/"},"author":{"name":"Zona Caral Administrador","@id":"https:\/\/zonacaral.gob.pe\/es\/#\/schema\/person\/beddb4d22f71a7230c5b90913270a0ee"},"headline":"Ruth Shady, la Sanmarquina que cambi\u00f3 la historia","datePublished":"2015-07-06T19:48:25+00:00","mainEntityOfPage":{"@id":"https:\/\/zonacaral.gob.pe\/en\/noticias\/ruth-shady-la-sanmarquina-que-cambio-la-historia\/"},"wordCount":920,"image":{"@id":"https:\/\/zonacaral.gob.pe\/en\/noticias\/ruth-shady-la-sanmarquina-que-cambio-la-historia\/#primaryimage"},"thumbnailUrl":"https:\/\/zonacaral.gob.pe\/wp-content\/uploads\/2015\/09\/lamula-06-07-2015-02.jpeg","keywords":["caral","Ministerio de Cultura","Ruth Shady"],"articleSection":["noticias"],"inLanguage":"en-US"},{"@type":"WebPage","@id":"https:\/\/zonacaral.gob.pe\/en\/noticias\/ruth-shady-la-sanmarquina-que-cambio-la-historia\/","url":"https:\/\/zonacaral.gob.pe\/en\/noticias\/ruth-shady-la-sanmarquina-que-cambio-la-historia\/","name":"Ruth Shady, la Sanmarquina que cambi\u00f3 la historia","isPartOf":{"@id":"https:\/\/zonacaral.gob.pe\/es\/#website"},"primaryImageOfPage":{"@id":"https:\/\/zonacaral.gob.pe\/en\/noticias\/ruth-shady-la-sanmarquina-que-cambio-la-historia\/#primaryimage"},"image":{"@id":"https:\/\/zonacaral.gob.pe\/en\/noticias\/ruth-shady-la-sanmarquina-que-cambio-la-historia\/#primaryimage"},"thumbnailUrl":"https:\/\/zonacaral.gob.pe\/wp-content\/uploads\/2015\/09\/lamula-06-07-2015-02.jpeg","datePublished":"2015-07-06T19:48:25+00:00","author":{"@id":"https:\/\/zonacaral.gob.pe\/es\/#\/schema\/person\/beddb4d22f71a7230c5b90913270a0ee"},"description":"Si hace cinco mil a\u00f1os ten\u00edamos condiciones para y producir, \u00bfpor qu\u00e9 ahora somos pa\u00edses dependientes?\"ocido se est\u00e1 reintroduciendo la pr\u00e1ctica art\u00edstica de los antiguos pobladores del valle de Supe.","breadcrumb":{"@id":"https:\/\/zonacaral.gob.pe\/en\/noticias\/ruth-shady-la-sanmarquina-que-cambio-la-historia\/#breadcrumb"},"inLanguage":"en-US","potentialAction":[{"@type":"ReadAction","target":["https:\/\/zonacaral.gob.pe\/en\/noticias\/ruth-shady-la-sanmarquina-que-cambio-la-historia\/"]}]},{"@type":"ImageObject","inLanguage":"en-US","@id":"https:\/\/zonacaral.gob.pe\/en\/noticias\/ruth-shady-la-sanmarquina-que-cambio-la-historia\/#primaryimage","url":"https:\/\/zonacaral.gob.pe\/wp-content\/uploads\/2015\/09\/lamula-06-07-2015-02.jpeg","contentUrl":"https:\/\/zonacaral.gob.pe\/wp-content\/uploads\/2015\/09\/lamula-06-07-2015-02.jpeg","width":635,"height":423},{"@type":"BreadcrumbList","@id":"https:\/\/zonacaral.gob.pe\/en\/noticias\/ruth-shady-la-sanmarquina-que-cambio-la-historia\/#breadcrumb","itemListElement":[{"@type":"ListItem","position":1,"name":"Portada","item":"https:\/\/zonacaral.gob.pe\/"},{"@type":"ListItem","position":2,"name":"Ruth Shady, la Sanmarquina que cambi\u00f3 la historia"}]},{"@type":"WebSite","@id":"https:\/\/zonacaral.gob.pe\/es\/#website","url":"https:\/\/zonacaral.gob.pe\/es\/","name":"Zona Caral","description":"Investigamos, conservamos y difundimos el patrimonio cultural de la Civilizaci\u00f3n Caral, la m\u00e1s antigua de Am\u00e9rica.","potentialAction":[{"@type":"SearchAction","target":{"@type":"EntryPoint","urlTemplate":"https:\/\/zonacaral.gob.pe\/es\/?s={search_term_string}"},"query-input":{"@type":"PropertyValueSpecification","valueRequired":true,"valueName":"search_term_string"}}],"inLanguage":"en-US"},{"@type":"Person","@id":"https:\/\/zonacaral.gob.pe\/es\/#\/schema\/person\/beddb4d22f71a7230c5b90913270a0ee","name":"Zona Caral Administrador","image":{"@type":"ImageObject","inLanguage":"en-US","@id":"https:\/\/secure.gravatar.com\/avatar\/e4be162918a696358376de6446614e0f0f4062bdc5d170d6d540ada3d8b58c12?s=96&d=mm&r=g","url":"https:\/\/secure.gravatar.com\/avatar\/e4be162918a696358376de6446614e0f0f4062bdc5d170d6d540ada3d8b58c12?s=96&d=mm&r=g","contentUrl":"https:\/\/secure.gravatar.com\/avatar\/e4be162918a696358376de6446614e0f0f4062bdc5d170d6d540ada3d8b58c12?s=96&d=mm&r=g","caption":"Zona Caral Administrador"},"sameAs":["https:\/\/zonacaral.gob.pe"],"url":"https:\/\/zonacaral.gob.pe\/en\/noticias\/author\/ad_zonacaral\/"}]}},"_links":{"self":[{"href":"https:\/\/zonacaral.gob.pe\/en\/wp-json\/wp\/v2\/posts\/9906","targetHints":{"allow":["GET"]}}],"collection":[{"href":"https:\/\/zonacaral.gob.pe\/en\/wp-json\/wp\/v2\/posts"}],"about":[{"href":"https:\/\/zonacaral.gob.pe\/en\/wp-json\/wp\/v2\/types\/post"}],"author":[{"embeddable":true,"href":"https:\/\/zonacaral.gob.pe\/en\/wp-json\/wp\/v2\/users\/1"}],"replies":[{"embeddable":true,"href":"https:\/\/zonacaral.gob.pe\/en\/wp-json\/wp\/v2\/comments?post=9906"}],"version-history":[{"count":0,"href":"https:\/\/zonacaral.gob.pe\/en\/wp-json\/wp\/v2\/posts\/9906\/revisions"}],"wp:featuredmedia":[{"embeddable":true,"href":"https:\/\/zonacaral.gob.pe\/en\/wp-json\/wp\/v2\/media\/9907"}],"wp:attachment":[{"href":"https:\/\/zonacaral.gob.pe\/en\/wp-json\/wp\/v2\/media?parent=9906"}],"wp:term":[{"taxonomy":"category","embeddable":true,"href":"https:\/\/zonacaral.gob.pe\/en\/wp-json\/wp\/v2\/categories?post=9906"},{"taxonomy":"post_tag","embeddable":true,"href":"https:\/\/zonacaral.gob.pe\/en\/wp-json\/wp\/v2\/tags?post=9906"}],"curies":[{"name":"wp","href":"https:\/\/api.w.org\/{rel}","templated":true}]}}