{"id":9975,"date":"2015-09-28T15:12:03","date_gmt":"2015-09-28T20:12:03","guid":{"rendered":"http:\/\/www.zonacaral.gob.pe\/?p=9975"},"modified":"2015-09-28T15:12:03","modified_gmt":"2015-09-28T20:12:03","slug":"mujeres-cientificas-de-las-americas-analizaron-la-proyeccion-de-su-trabajo","status":"publish","type":"post","link":"https:\/\/zonacaral.gob.pe\/en\/noticias\/mujeres-cientificas-de-las-americas-analizaron-la-proyeccion-de-su-trabajo\/","title":{"rendered":"Mujeres Cient\u00edficas de las Am\u00e9ricas analizaron la proyecci\u00f3n de su trabajo"},"content":{"rendered":"<figure class=\"pic-autor\" style=\"color: #4d4d4d;\"><\/figure>\n<blockquote>\n<p style=\"color: #272727; text-align: justify;\">Participaron acad\u00e9micas de Sudam\u00e9rica, Centroam\u00e9rica, Norteam\u00e9rica y el Caribe.<\/p>\n<\/blockquote>\n<p style=\"text-align: justify;\">Las representantes del programa Mujeres para la Ciencia de los pa\u00edses del continente americano realizaron su encuentro anual en la ciudad de Santa Cruz, Bolivia. Al evento llegaron 20 mujeres e informaron sobre los logros conseguidos de las metas planteadas en la anterior reuni\u00f3n que se realiz\u00f3 en Ottawa, Canad\u00e1.<\/p>\n<p style=\"text-align: justify;\">Hay que se\u00f1alar que las Mujeres para la Ciencia son parte de la Red Interamericana de Academias de Ciencias (IANAS por sus siglas en ingl\u00e9s) que organizada y decididamente vienen trabajando desde el a\u00f1o 2009 con el prop\u00f3sito de incrementar la participaci\u00f3n de la mujer en la investigaci\u00f3n cient\u00edfica y promover a aquellas cuyas investigaciones contribuyen con el desarrollo de su pa\u00eds desde diversos \u00e1mbitos.<\/p>\n<p style=\"text-align: justify;\">La Academia Nacional de Ciencias de Bolivia recibi\u00f3 a las destacadas profesionales en la Universidad Privada de Santa Cruz de la Sierra (UPSA). En representaci\u00f3n del Per\u00fa asisti\u00f3 la Dra. Ruth Shady, Punto Focal del Programa Mujeres para la Ciencia quien present\u00f3 el informe sobre los logros alcanzados a la fecha. El encuentro acad\u00e9mico se realiz\u00f3 el pasado 14 y 15 de setiembre.<\/p>\n<p style=\"text-align: justify;\">El evento cont\u00f3 con la participaci\u00f3n de mujeres representantes de Sudam\u00e9rica, Centroam\u00e9rica, Norteam\u00e9rica y el Caribe. La cita de dos d\u00edas fue aprovechada por las participantes para el intercambio de experiencias y trayectorias individuales para la conformaci\u00f3n de redes de investigaci\u00f3n y desarrollo de l\u00edneas tem\u00e1ticas de inter\u00e9s com\u00fan.<\/p>\n<p style=\"color: #272727; text-align: justify;\"><span style=\"color: #333333;\">Fuente: Prensa<\/span><span style=\"color: #800000;\">\u00a0ZAC<\/span><\/p>\n<p style=\"color: #000000;\">Fecha de publicaci\u00f3n: 28\/09\/2015<\/p>","protected":false},"excerpt":{"rendered":"<p>Participaron acad\u00e9micas de Sudam\u00e9rica, Centroam\u00e9rica, Norteam\u00e9rica y el Caribe. Las representantes del programa Mujeres para la Ciencia de los pa\u00edses [&hellip;]<\/p>\n","protected":false},"author":1,"featured_media":9976,"comment_status":"closed","ping_status":"open","sticky":false,"template":"","format":"standard","meta":{"_acf_changed":false,"site-sidebar-layout":"default","site-content-layout":"","ast-site-content-layout":"default","site-content-style":"default","site-sidebar-style":"default","ast-global-header-display":"","ast-banner-title-visibility":"","ast-main-header-display":"","ast-hfb-above-header-display":"","ast-hfb-below-header-display":"","ast-hfb-mobile-header-display":"","site-post-title":"","ast-breadcrumbs-content":"","ast-featured-img":"","footer-sml-layout":"","ast-disable-related-posts":"","theme-transparent-header-meta":"","adv-header-id-meta":"","stick-header-meta":"","header-above-stick-meta":"","header-main-stick-meta":"","header-below-stick-meta":"","astra-migrate-meta-layouts":"default","ast-page-background-enabled":"default","ast-page-background-meta":{"desktop":{"background-color":"var(--ast-global-color-5)","background-image":"","background-repeat":"repeat","background-position":"center center","background-size":"auto","background-attachment":"scroll","background-type":"","background-media":"","overlay-type":"","overlay-color":"","overlay-opacity":"","overlay-gradient":""},"tablet":{"background-color":"","background-image":"","background-repeat":"repeat","background-position":"center center","background-size":"auto","background-attachment":"scroll","background-type":"","background-media":"","overlay-type":"","overlay-color":"","overlay-opacity":"","overlay-gradient":""},"mobile":{"background-color":"","background-image":"","background-repeat":"repeat","background-position":"center center","background-size":"auto","background-attachment":"scroll","background-type":"","background-media":"","overlay-type":"","overlay-color":"","overlay-opacity":"","overlay-gradient":""}},"ast-content-background-meta":{"desktop":{"background-color":"var(--ast-global-color-4)","background-image":"","background-repeat":"repeat","background-position":"center center","background-size":"auto","background-attachment":"scroll","background-type":"","background-media":"","overlay-type":"","overlay-color":"","overlay-opacity":"","overlay-gradient":""},"tablet":{"background-color":"var(--ast-global-color-4)","background-image":"","background-repeat":"repeat","background-position":"center center","background-size":"auto","background-attachment":"scroll","background-type":"","background-media":"","overlay-type":"","overlay-color":"","overlay-opacity":"","overlay-gradient":""},"mobile":{"background-color":"var(--ast-global-color-4)","background-image":"","background-repeat":"repeat","background-position":"center center","background-size":"auto","background-attachment":"scroll","background-type":"","background-media":"","overlay-type":"","overlay-color":"","overlay-opacity":"","overlay-gradient":""}},"footnotes":""},"categories":[208],"tags":[101,82],"class_list":["post-9975","post","type-post","status-publish","format-standard","has-post-thumbnail","hentry","category-noticias","tag-ianas","tag-ruth-shady"],"acf":[],"yoast_head":"<!-- This site is optimized with the Yoast SEO plugin v27.3 - https:\/\/yoast.com\/product\/yoast-seo-wordpress\/ -->\n<title>Encuentro de Mujeres Cient\u00edficas de las Am\u00e9ricas<\/title>\n<meta name=\"description\" content=\"Las representantes del programa Mujeres para la Ciencia de los pa\u00edses del continente americano realizaron su encuentro anual en la ciudad de Santa Cruz, Bolivia. Al evento llegaron 20 mujeres e informaron sobre los logros conseguidos de las metas planteadas en la anterior reuni\u00f3n que se realiz\u00f3 en Ottawa, Canad\u00e1.\" \/>\n<meta name=\"robots\" content=\"index, follow, max-snippet:-1, max-image-preview:large, max-video-preview:-1\" \/>\n<link rel=\"canonical\" href=\"https:\/\/zonacaral.gob.pe\/en\/noticias\/mujeres-cientificas-de-las-americas-analizaron-la-proyeccion-de-su-trabajo\/\" \/>\n<meta property=\"og:locale\" content=\"en_US\" \/>\n<meta property=\"og:type\" content=\"article\" \/>\n<meta property=\"og:title\" content=\"Encuentro de Mujeres Cient\u00edficas de las Am\u00e9ricas\" \/>\n<meta property=\"og:description\" content=\"Las representantes del programa Mujeres para la Ciencia de los pa\u00edses del continente americano realizaron su encuentro anual en la ciudad de Santa Cruz, Bolivia. Al evento llegaron 20 mujeres e informaron sobre los logros conseguidos de las metas planteadas en la anterior reuni\u00f3n que se realiz\u00f3 en Ottawa, Canad\u00e1.\" \/>\n<meta property=\"og:url\" content=\"https:\/\/zonacaral.gob.pe\/en\/noticias\/mujeres-cientificas-de-las-americas-analizaron-la-proyeccion-de-su-trabajo\/\" \/>\n<meta property=\"og:site_name\" content=\"Zona Caral\" \/>\n<meta property=\"article:published_time\" content=\"2015-09-28T20:12:03+00:00\" \/>\n<meta property=\"og:image\" content=\"https:\/\/zonacaral.gob.pe\/wp-content\/uploads\/2015\/09\/28-09-2015-mujeres-bolivia.jpg\" \/>\n\t<meta property=\"og:image:width\" content=\"1000\" \/>\n\t<meta property=\"og:image:height\" content=\"651\" \/>\n\t<meta property=\"og:image:type\" content=\"image\/jpeg\" \/>\n<meta name=\"author\" content=\"Zona Caral Administrador\" \/>\n<meta name=\"twitter:card\" content=\"summary_large_image\" \/>\n<meta name=\"twitter:label1\" content=\"Written by\" \/>\n\t<meta name=\"twitter:data1\" content=\"Zona Caral Administrador\" \/>\n\t<meta name=\"twitter:label2\" content=\"Est. reading time\" \/>\n\t<meta name=\"twitter:data2\" content=\"1 minute\" \/>\n<script type=\"application\/ld+json\" class=\"yoast-schema-graph\">{\"@context\":\"https:\\\/\\\/schema.org\",\"@graph\":[{\"@type\":\"Article\",\"@id\":\"https:\\\/\\\/zonacaral.gob.pe\\\/es\\\/noticias\\\/mujeres-cientificas-de-las-americas-analizaron-la-proyeccion-de-su-trabajo\\\/#article\",\"isPartOf\":{\"@id\":\"https:\\\/\\\/zonacaral.gob.pe\\\/es\\\/noticias\\\/mujeres-cientificas-de-las-americas-analizaron-la-proyeccion-de-su-trabajo\\\/\"},\"author\":{\"name\":\"Zona Caral Administrador\",\"@id\":\"https:\\\/\\\/zonacaral.gob.pe\\\/es\\\/#\\\/schema\\\/person\\\/beddb4d22f71a7230c5b90913270a0ee\"},\"headline\":\"Mujeres Cient\u00edficas de las Am\u00e9ricas analizaron la proyecci\u00f3n de su trabajo\",\"datePublished\":\"2015-09-28T20:12:03+00:00\",\"mainEntityOfPage\":{\"@id\":\"https:\\\/\\\/zonacaral.gob.pe\\\/es\\\/noticias\\\/mujeres-cientificas-de-las-americas-analizaron-la-proyeccion-de-su-trabajo\\\/\"},\"wordCount\":280,\"image\":{\"@id\":\"https:\\\/\\\/zonacaral.gob.pe\\\/es\\\/noticias\\\/mujeres-cientificas-de-las-americas-analizaron-la-proyeccion-de-su-trabajo\\\/#primaryimage\"},\"thumbnailUrl\":\"https:\\\/\\\/zonacaral.gob.pe\\\/wp-content\\\/uploads\\\/2015\\\/09\\\/28-09-2015-mujeres-bolivia.jpg\",\"keywords\":[\"IANAS\",\"Ruth Shady\"],\"articleSection\":[\"noticias\"],\"inLanguage\":\"en-US\"},{\"@type\":\"WebPage\",\"@id\":\"https:\\\/\\\/zonacaral.gob.pe\\\/es\\\/noticias\\\/mujeres-cientificas-de-las-americas-analizaron-la-proyeccion-de-su-trabajo\\\/\",\"url\":\"https:\\\/\\\/zonacaral.gob.pe\\\/es\\\/noticias\\\/mujeres-cientificas-de-las-americas-analizaron-la-proyeccion-de-su-trabajo\\\/\",\"name\":\"Encuentro de Mujeres Cient\u00edficas de las Am\u00e9ricas\",\"isPartOf\":{\"@id\":\"https:\\\/\\\/zonacaral.gob.pe\\\/es\\\/#website\"},\"primaryImageOfPage\":{\"@id\":\"https:\\\/\\\/zonacaral.gob.pe\\\/es\\\/noticias\\\/mujeres-cientificas-de-las-americas-analizaron-la-proyeccion-de-su-trabajo\\\/#primaryimage\"},\"image\":{\"@id\":\"https:\\\/\\\/zonacaral.gob.pe\\\/es\\\/noticias\\\/mujeres-cientificas-de-las-americas-analizaron-la-proyeccion-de-su-trabajo\\\/#primaryimage\"},\"thumbnailUrl\":\"https:\\\/\\\/zonacaral.gob.pe\\\/wp-content\\\/uploads\\\/2015\\\/09\\\/28-09-2015-mujeres-bolivia.jpg\",\"datePublished\":\"2015-09-28T20:12:03+00:00\",\"author\":{\"@id\":\"https:\\\/\\\/zonacaral.gob.pe\\\/es\\\/#\\\/schema\\\/person\\\/beddb4d22f71a7230c5b90913270a0ee\"},\"description\":\"Las representantes del programa Mujeres para la Ciencia de los pa\u00edses del continente americano realizaron su encuentro anual en la ciudad de Santa Cruz, Bolivia. Al evento llegaron 20 mujeres e informaron sobre los logros conseguidos de las metas planteadas en la anterior reuni\u00f3n que se realiz\u00f3 en Ottawa, Canad\u00e1.\",\"breadcrumb\":{\"@id\":\"https:\\\/\\\/zonacaral.gob.pe\\\/es\\\/noticias\\\/mujeres-cientificas-de-las-americas-analizaron-la-proyeccion-de-su-trabajo\\\/#breadcrumb\"},\"inLanguage\":\"en-US\",\"potentialAction\":[{\"@type\":\"ReadAction\",\"target\":[\"https:\\\/\\\/zonacaral.gob.pe\\\/es\\\/noticias\\\/mujeres-cientificas-de-las-americas-analizaron-la-proyeccion-de-su-trabajo\\\/\"]}]},{\"@type\":\"ImageObject\",\"inLanguage\":\"en-US\",\"@id\":\"https:\\\/\\\/zonacaral.gob.pe\\\/es\\\/noticias\\\/mujeres-cientificas-de-las-americas-analizaron-la-proyeccion-de-su-trabajo\\\/#primaryimage\",\"url\":\"https:\\\/\\\/zonacaral.gob.pe\\\/wp-content\\\/uploads\\\/2015\\\/09\\\/28-09-2015-mujeres-bolivia.jpg\",\"contentUrl\":\"https:\\\/\\\/zonacaral.gob.pe\\\/wp-content\\\/uploads\\\/2015\\\/09\\\/28-09-2015-mujeres-bolivia.jpg\",\"width\":1000,\"height\":651},{\"@type\":\"BreadcrumbList\",\"@id\":\"https:\\\/\\\/zonacaral.gob.pe\\\/es\\\/noticias\\\/mujeres-cientificas-de-las-americas-analizaron-la-proyeccion-de-su-trabajo\\\/#breadcrumb\",\"itemListElement\":[{\"@type\":\"ListItem\",\"position\":1,\"name\":\"Portada\",\"item\":\"https:\\\/\\\/zonacaral.gob.pe\\\/\"},{\"@type\":\"ListItem\",\"position\":2,\"name\":\"Mujeres Cient\u00edficas de las Am\u00e9ricas analizaron la proyecci\u00f3n de su trabajo\"}]},{\"@type\":\"WebSite\",\"@id\":\"https:\\\/\\\/zonacaral.gob.pe\\\/es\\\/#website\",\"url\":\"https:\\\/\\\/zonacaral.gob.pe\\\/es\\\/\",\"name\":\"Zona Caral\",\"description\":\"Investigamos, conservamos y difundimos el patrimonio cultural de la Civilizaci\u00f3n Caral, la m\u00e1s antigua de Am\u00e9rica.\",\"potentialAction\":[{\"@type\":\"SearchAction\",\"target\":{\"@type\":\"EntryPoint\",\"urlTemplate\":\"https:\\\/\\\/zonacaral.gob.pe\\\/es\\\/?s={search_term_string}\"},\"query-input\":{\"@type\":\"PropertyValueSpecification\",\"valueRequired\":true,\"valueName\":\"search_term_string\"}}],\"inLanguage\":\"en-US\"},{\"@type\":\"Person\",\"@id\":\"https:\\\/\\\/zonacaral.gob.pe\\\/es\\\/#\\\/schema\\\/person\\\/beddb4d22f71a7230c5b90913270a0ee\",\"name\":\"Zona Caral Administrador\",\"image\":{\"@type\":\"ImageObject\",\"inLanguage\":\"en-US\",\"@id\":\"https:\\\/\\\/secure.gravatar.com\\\/avatar\\\/e4be162918a696358376de6446614e0f0f4062bdc5d170d6d540ada3d8b58c12?s=96&d=mm&r=g\",\"url\":\"https:\\\/\\\/secure.gravatar.com\\\/avatar\\\/e4be162918a696358376de6446614e0f0f4062bdc5d170d6d540ada3d8b58c12?s=96&d=mm&r=g\",\"contentUrl\":\"https:\\\/\\\/secure.gravatar.com\\\/avatar\\\/e4be162918a696358376de6446614e0f0f4062bdc5d170d6d540ada3d8b58c12?s=96&d=mm&r=g\",\"caption\":\"Zona Caral Administrador\"},\"sameAs\":[\"https:\\\/\\\/zonacaral.gob.pe\"],\"url\":\"https:\\\/\\\/zonacaral.gob.pe\\\/en\\\/noticias\\\/author\\\/ad_zonacaral\\\/\"}]}<\/script>\n<!-- \/ Yoast SEO plugin. -->","yoast_head_json":{"title":"Encuentro de Mujeres Cient\u00edficas de las Am\u00e9ricas","description":"Las representantes del programa Mujeres para la Ciencia de los pa\u00edses del continente americano realizaron su encuentro anual en la ciudad de Santa Cruz, Bolivia. Al evento llegaron 20 mujeres e informaron sobre los logros conseguidos de las metas planteadas en la anterior reuni\u00f3n que se realiz\u00f3 en Ottawa, Canad\u00e1.","robots":{"index":"index","follow":"follow","max-snippet":"max-snippet:-1","max-image-preview":"max-image-preview:large","max-video-preview":"max-video-preview:-1"},"canonical":"https:\/\/zonacaral.gob.pe\/en\/noticias\/mujeres-cientificas-de-las-americas-analizaron-la-proyeccion-de-su-trabajo\/","og_locale":"en_US","og_type":"article","og_title":"Encuentro de Mujeres Cient\u00edficas de las Am\u00e9ricas","og_description":"Las representantes del programa Mujeres para la Ciencia de los pa\u00edses del continente americano realizaron su encuentro anual en la ciudad de Santa Cruz, Bolivia. Al evento llegaron 20 mujeres e informaron sobre los logros conseguidos de las metas planteadas en la anterior reuni\u00f3n que se realiz\u00f3 en Ottawa, Canad\u00e1.","og_url":"https:\/\/zonacaral.gob.pe\/en\/noticias\/mujeres-cientificas-de-las-americas-analizaron-la-proyeccion-de-su-trabajo\/","og_site_name":"Zona Caral","article_published_time":"2015-09-28T20:12:03+00:00","og_image":[{"width":1000,"height":651,"url":"https:\/\/zonacaral.gob.pe\/wp-content\/uploads\/2015\/09\/28-09-2015-mujeres-bolivia.jpg","type":"image\/jpeg"}],"author":"Zona Caral Administrador","twitter_card":"summary_large_image","twitter_misc":{"Written by":"Zona Caral Administrador","Est. reading time":"1 minute"},"schema":{"@context":"https:\/\/schema.org","@graph":[{"@type":"Article","@id":"https:\/\/zonacaral.gob.pe\/es\/noticias\/mujeres-cientificas-de-las-americas-analizaron-la-proyeccion-de-su-trabajo\/#article","isPartOf":{"@id":"https:\/\/zonacaral.gob.pe\/es\/noticias\/mujeres-cientificas-de-las-americas-analizaron-la-proyeccion-de-su-trabajo\/"},"author":{"name":"Zona Caral Administrador","@id":"https:\/\/zonacaral.gob.pe\/es\/#\/schema\/person\/beddb4d22f71a7230c5b90913270a0ee"},"headline":"Mujeres Cient\u00edficas de las Am\u00e9ricas analizaron la proyecci\u00f3n de su trabajo","datePublished":"2015-09-28T20:12:03+00:00","mainEntityOfPage":{"@id":"https:\/\/zonacaral.gob.pe\/es\/noticias\/mujeres-cientificas-de-las-americas-analizaron-la-proyeccion-de-su-trabajo\/"},"wordCount":280,"image":{"@id":"https:\/\/zonacaral.gob.pe\/es\/noticias\/mujeres-cientificas-de-las-americas-analizaron-la-proyeccion-de-su-trabajo\/#primaryimage"},"thumbnailUrl":"https:\/\/zonacaral.gob.pe\/wp-content\/uploads\/2015\/09\/28-09-2015-mujeres-bolivia.jpg","keywords":["IANAS","Ruth Shady"],"articleSection":["noticias"],"inLanguage":"en-US"},{"@type":"WebPage","@id":"https:\/\/zonacaral.gob.pe\/es\/noticias\/mujeres-cientificas-de-las-americas-analizaron-la-proyeccion-de-su-trabajo\/","url":"https:\/\/zonacaral.gob.pe\/es\/noticias\/mujeres-cientificas-de-las-americas-analizaron-la-proyeccion-de-su-trabajo\/","name":"Encuentro de Mujeres Cient\u00edficas de las Am\u00e9ricas","isPartOf":{"@id":"https:\/\/zonacaral.gob.pe\/es\/#website"},"primaryImageOfPage":{"@id":"https:\/\/zonacaral.gob.pe\/es\/noticias\/mujeres-cientificas-de-las-americas-analizaron-la-proyeccion-de-su-trabajo\/#primaryimage"},"image":{"@id":"https:\/\/zonacaral.gob.pe\/es\/noticias\/mujeres-cientificas-de-las-americas-analizaron-la-proyeccion-de-su-trabajo\/#primaryimage"},"thumbnailUrl":"https:\/\/zonacaral.gob.pe\/wp-content\/uploads\/2015\/09\/28-09-2015-mujeres-bolivia.jpg","datePublished":"2015-09-28T20:12:03+00:00","author":{"@id":"https:\/\/zonacaral.gob.pe\/es\/#\/schema\/person\/beddb4d22f71a7230c5b90913270a0ee"},"description":"Las representantes del programa Mujeres para la Ciencia de los pa\u00edses del continente americano realizaron su encuentro anual en la ciudad de Santa Cruz, Bolivia. Al evento llegaron 20 mujeres e informaron sobre los logros conseguidos de las metas planteadas en la anterior reuni\u00f3n que se realiz\u00f3 en Ottawa, Canad\u00e1.","breadcrumb":{"@id":"https:\/\/zonacaral.gob.pe\/es\/noticias\/mujeres-cientificas-de-las-americas-analizaron-la-proyeccion-de-su-trabajo\/#breadcrumb"},"inLanguage":"en-US","potentialAction":[{"@type":"ReadAction","target":["https:\/\/zonacaral.gob.pe\/es\/noticias\/mujeres-cientificas-de-las-americas-analizaron-la-proyeccion-de-su-trabajo\/"]}]},{"@type":"ImageObject","inLanguage":"en-US","@id":"https:\/\/zonacaral.gob.pe\/es\/noticias\/mujeres-cientificas-de-las-americas-analizaron-la-proyeccion-de-su-trabajo\/#primaryimage","url":"https:\/\/zonacaral.gob.pe\/wp-content\/uploads\/2015\/09\/28-09-2015-mujeres-bolivia.jpg","contentUrl":"https:\/\/zonacaral.gob.pe\/wp-content\/uploads\/2015\/09\/28-09-2015-mujeres-bolivia.jpg","width":1000,"height":651},{"@type":"BreadcrumbList","@id":"https:\/\/zonacaral.gob.pe\/es\/noticias\/mujeres-cientificas-de-las-americas-analizaron-la-proyeccion-de-su-trabajo\/#breadcrumb","itemListElement":[{"@type":"ListItem","position":1,"name":"Portada","item":"https:\/\/zonacaral.gob.pe\/"},{"@type":"ListItem","position":2,"name":"Mujeres Cient\u00edficas de las Am\u00e9ricas analizaron la proyecci\u00f3n de su trabajo"}]},{"@type":"WebSite","@id":"https:\/\/zonacaral.gob.pe\/es\/#website","url":"https:\/\/zonacaral.gob.pe\/es\/","name":"Zona Caral","description":"Investigamos, conservamos y difundimos el patrimonio cultural de la Civilizaci\u00f3n Caral, la m\u00e1s antigua de Am\u00e9rica.","potentialAction":[{"@type":"SearchAction","target":{"@type":"EntryPoint","urlTemplate":"https:\/\/zonacaral.gob.pe\/es\/?s={search_term_string}"},"query-input":{"@type":"PropertyValueSpecification","valueRequired":true,"valueName":"search_term_string"}}],"inLanguage":"en-US"},{"@type":"Person","@id":"https:\/\/zonacaral.gob.pe\/es\/#\/schema\/person\/beddb4d22f71a7230c5b90913270a0ee","name":"Zona Caral Administrador","image":{"@type":"ImageObject","inLanguage":"en-US","@id":"https:\/\/secure.gravatar.com\/avatar\/e4be162918a696358376de6446614e0f0f4062bdc5d170d6d540ada3d8b58c12?s=96&d=mm&r=g","url":"https:\/\/secure.gravatar.com\/avatar\/e4be162918a696358376de6446614e0f0f4062bdc5d170d6d540ada3d8b58c12?s=96&d=mm&r=g","contentUrl":"https:\/\/secure.gravatar.com\/avatar\/e4be162918a696358376de6446614e0f0f4062bdc5d170d6d540ada3d8b58c12?s=96&d=mm&r=g","caption":"Zona Caral Administrador"},"sameAs":["https:\/\/zonacaral.gob.pe"],"url":"https:\/\/zonacaral.gob.pe\/en\/noticias\/author\/ad_zonacaral\/"}]}},"_links":{"self":[{"href":"https:\/\/zonacaral.gob.pe\/en\/wp-json\/wp\/v2\/posts\/9975","targetHints":{"allow":["GET"]}}],"collection":[{"href":"https:\/\/zonacaral.gob.pe\/en\/wp-json\/wp\/v2\/posts"}],"about":[{"href":"https:\/\/zonacaral.gob.pe\/en\/wp-json\/wp\/v2\/types\/post"}],"author":[{"embeddable":true,"href":"https:\/\/zonacaral.gob.pe\/en\/wp-json\/wp\/v2\/users\/1"}],"replies":[{"embeddable":true,"href":"https:\/\/zonacaral.gob.pe\/en\/wp-json\/wp\/v2\/comments?post=9975"}],"version-history":[{"count":0,"href":"https:\/\/zonacaral.gob.pe\/en\/wp-json\/wp\/v2\/posts\/9975\/revisions"}],"wp:featuredmedia":[{"embeddable":true,"href":"https:\/\/zonacaral.gob.pe\/en\/wp-json\/wp\/v2\/media\/9976"}],"wp:attachment":[{"href":"https:\/\/zonacaral.gob.pe\/en\/wp-json\/wp\/v2\/media?parent=9975"}],"wp:term":[{"taxonomy":"category","embeddable":true,"href":"https:\/\/zonacaral.gob.pe\/en\/wp-json\/wp\/v2\/categories?post=9975"},{"taxonomy":"post_tag","embeddable":true,"href":"https:\/\/zonacaral.gob.pe\/en\/wp-json\/wp\/v2\/tags?post=9975"}],"curies":[{"name":"wp","href":"https:\/\/api.w.org\/{rel}","templated":true}]}}