{"id":9984,"date":"2015-10-15T08:48:19","date_gmt":"2015-10-15T13:48:19","guid":{"rendered":"http:\/\/www.zonacaral.gob.pe\/?p=9984"},"modified":"2015-10-15T08:48:19","modified_gmt":"2015-10-15T13:48:19","slug":"caral-celebraran-21-anos-del-descubrimiento-de-la-ciudad-sagrada","status":"publish","type":"post","link":"https:\/\/zonacaral.gob.pe\/en\/noticias\/caral-celebraran-21-anos-del-descubrimiento-de-la-ciudad-sagrada\/","title":{"rendered":"Caral: Celebrar\u00e1n 21 a\u00f1os del descubrimiento de la ciudad sagrada"},"content":{"rendered":"<figure class=\"pic-autor\" style=\"color: #4d4d4d;\"><\/figure>\n<p style=\"color: #434343;\">La Ciudad Sagrada de\u00a0Caral, la civilizaci\u00f3n m\u00e1s antigua de Am\u00e9rica y reconocida por la Unesco como Patrimonio de la Humanidad, celebrar\u00e1 este 23 y 24 de octubre, 21 a\u00f1os de su puesta en valor y fortalecimiento de identidad cultural.<\/p>\n<p style=\"color: #434343;\">La doctora Ruth Shady, junto a un equipo de investigaci\u00f3n, realiz\u00f3 los hallazgos en el valle del distrito de Supe (Barranca) y estudiaron la evidencia de esta civilizaci\u00f3n de 5 mil a\u00f1os de antig\u00fcedad con construcciones de dimensiones espectaculares, t\u00e9cnica antis\u00edsmica en edificios piramidales, gran desarrollo astron\u00f3mico y otros.<\/p>\n<p style=\"color: #434343;\">Ahora, la Zona Arqueol\u00f3gica Caral promueve el desarrollo sostenible de la poblaci\u00f3n del valle de Supe con servicios a turistas y talleres. Por el aniversario habr\u00e1 ceremonia a la pachamama y \u2018Caral Raymi\u2019 con visita guiada gratuita.<\/p>\n<p style=\"color: #434343;\">M\u00e1s informaci\u00f3n:\u00a0<a style=\"color: #3b5998;\" href=\"http:\/\/bit.ly\/1njP5zV\" target=\"_blank\" rel=\"nofollow\">http:\/\/bit.ly\/1njP5zV<\/a><\/p>\n<p style=\"color: #272727; text-align: justify;\"><span style=\"color: #333333;\">Fuente: <a href=\"http:\/\/trome.pe\/actualidad\/caral-celebraran-21-anos-descubrimiento-ciudad-sagrada-2066276\"><span style=\"color: #993300;\">Trome<\/span><\/a><\/span><\/p>\n<p style=\"color: #000000;\">Fecha de publicaci\u00f3n: 15\/10\/2015<\/p>","protected":false},"excerpt":{"rendered":"<p>La Ciudad Sagrada de\u00a0Caral, la civilizaci\u00f3n m\u00e1s antigua de Am\u00e9rica y reconocida por la Unesco como Patrimonio de la Humanidad, [&hellip;]<\/p>\n","protected":false},"author":1,"featured_media":9985,"comment_status":"closed","ping_status":"open","sticky":false,"template":"","format":"standard","meta":{"_acf_changed":false,"site-sidebar-layout":"default","site-content-layout":"","ast-site-content-layout":"default","site-content-style":"default","site-sidebar-style":"default","ast-global-header-display":"","ast-banner-title-visibility":"","ast-main-header-display":"","ast-hfb-above-header-display":"","ast-hfb-below-header-display":"","ast-hfb-mobile-header-display":"","site-post-title":"","ast-breadcrumbs-content":"","ast-featured-img":"","footer-sml-layout":"","ast-disable-related-posts":"","theme-transparent-header-meta":"","adv-header-id-meta":"","stick-header-meta":"","header-above-stick-meta":"","header-main-stick-meta":"","header-below-stick-meta":"","astra-migrate-meta-layouts":"default","ast-page-background-enabled":"default","ast-page-background-meta":{"desktop":{"background-color":"var(--ast-global-color-5)","background-image":"","background-repeat":"repeat","background-position":"center center","background-size":"auto","background-attachment":"scroll","background-type":"","background-media":"","overlay-type":"","overlay-color":"","overlay-opacity":"","overlay-gradient":""},"tablet":{"background-color":"","background-image":"","background-repeat":"repeat","background-position":"center center","background-size":"auto","background-attachment":"scroll","background-type":"","background-media":"","overlay-type":"","overlay-color":"","overlay-opacity":"","overlay-gradient":""},"mobile":{"background-color":"","background-image":"","background-repeat":"repeat","background-position":"center center","background-size":"auto","background-attachment":"scroll","background-type":"","background-media":"","overlay-type":"","overlay-color":"","overlay-opacity":"","overlay-gradient":""}},"ast-content-background-meta":{"desktop":{"background-color":"var(--ast-global-color-4)","background-image":"","background-repeat":"repeat","background-position":"center center","background-size":"auto","background-attachment":"scroll","background-type":"","background-media":"","overlay-type":"","overlay-color":"","overlay-opacity":"","overlay-gradient":""},"tablet":{"background-color":"var(--ast-global-color-4)","background-image":"","background-repeat":"repeat","background-position":"center center","background-size":"auto","background-attachment":"scroll","background-type":"","background-media":"","overlay-type":"","overlay-color":"","overlay-opacity":"","overlay-gradient":""},"mobile":{"background-color":"var(--ast-global-color-4)","background-image":"","background-repeat":"repeat","background-position":"center center","background-size":"auto","background-attachment":"scroll","background-type":"","background-media":"","overlay-type":"","overlay-color":"","overlay-opacity":"","overlay-gradient":""}},"footnotes":""},"categories":[208],"tags":[54,55],"class_list":["post-9984","post","type-post","status-publish","format-standard","has-post-thumbnail","hentry","category-noticias","tag-aniversario","tag-caral"],"acf":[],"yoast_head":"<!-- This site is optimized with the Yoast SEO plugin v27.3 - https:\/\/yoast.com\/product\/yoast-seo-wordpress\/ -->\n<title>Caral: Celebrar\u00e1n 21 a\u00f1os del descubrimiento de la ciudad sagrada<\/title>\n<meta name=\"description\" content=\"La doctora Ruth Shady, junto a un equipo de investigaci\u00f3n, realiz\u00f3 los hallazgos en el valle del distrito de Supe (Barranca) y estudiaron la evidencia de esta civilizaci\u00f3n de 5 mil a\u00f1os de antig\u00fcedad con construcciones de dimensiones espectaculares, t\u00e9cnica antis\u00edsmica en edificios piramidales, gran desarrollo astron\u00f3mico y otros.\" \/>\n<meta name=\"robots\" content=\"index, follow, max-snippet:-1, max-image-preview:large, max-video-preview:-1\" \/>\n<link rel=\"canonical\" href=\"https:\/\/zonacaral.gob.pe\/en\/noticias\/caral-celebraran-21-anos-del-descubrimiento-de-la-ciudad-sagrada\/\" \/>\n<meta property=\"og:locale\" content=\"en_US\" \/>\n<meta property=\"og:type\" content=\"article\" \/>\n<meta property=\"og:title\" content=\"Caral: Celebrar\u00e1n 21 a\u00f1os del descubrimiento de la ciudad sagrada\" \/>\n<meta property=\"og:description\" content=\"La doctora Ruth Shady, junto a un equipo de investigaci\u00f3n, realiz\u00f3 los hallazgos en el valle del distrito de Supe (Barranca) y estudiaron la evidencia de esta civilizaci\u00f3n de 5 mil a\u00f1os de antig\u00fcedad con construcciones de dimensiones espectaculares, t\u00e9cnica antis\u00edsmica en edificios piramidales, gran desarrollo astron\u00f3mico y otros.\" \/>\n<meta property=\"og:url\" content=\"https:\/\/zonacaral.gob.pe\/en\/noticias\/caral-celebraran-21-anos-del-descubrimiento-de-la-ciudad-sagrada\/\" \/>\n<meta property=\"og:site_name\" content=\"Zona Caral\" \/>\n<meta property=\"article:published_time\" content=\"2015-10-15T13:48:19+00:00\" \/>\n<meta property=\"og:image\" content=\"https:\/\/zonacaral.gob.pe\/wp-content\/uploads\/2015\/10\/15-10-2015-trome-aniversario.jpg\" \/>\n\t<meta property=\"og:image:width\" content=\"610\" \/>\n\t<meta property=\"og:image:height\" content=\"364\" \/>\n\t<meta property=\"og:image:type\" content=\"image\/jpeg\" \/>\n<meta name=\"author\" content=\"Zona Caral Administrador\" \/>\n<meta name=\"twitter:card\" content=\"summary_large_image\" \/>\n<meta name=\"twitter:label1\" content=\"Written by\" \/>\n\t<meta name=\"twitter:data1\" content=\"Zona Caral Administrador\" \/>\n\t<meta name=\"twitter:label2\" content=\"Est. reading time\" \/>\n\t<meta name=\"twitter:data2\" content=\"1 minute\" \/>\n<script type=\"application\/ld+json\" class=\"yoast-schema-graph\">{\"@context\":\"https:\\\/\\\/schema.org\",\"@graph\":[{\"@type\":\"Article\",\"@id\":\"https:\\\/\\\/zonacaral.gob.pe\\\/en\\\/noticias\\\/caral-celebraran-21-anos-del-descubrimiento-de-la-ciudad-sagrada\\\/#article\",\"isPartOf\":{\"@id\":\"https:\\\/\\\/zonacaral.gob.pe\\\/en\\\/noticias\\\/caral-celebraran-21-anos-del-descubrimiento-de-la-ciudad-sagrada\\\/\"},\"author\":{\"name\":\"Zona Caral Administrador\",\"@id\":\"https:\\\/\\\/zonacaral.gob.pe\\\/es\\\/#\\\/schema\\\/person\\\/beddb4d22f71a7230c5b90913270a0ee\"},\"headline\":\"Caral: Celebrar\u00e1n 21 a\u00f1os del descubrimiento de la ciudad sagrada\",\"datePublished\":\"2015-10-15T13:48:19+00:00\",\"mainEntityOfPage\":{\"@id\":\"https:\\\/\\\/zonacaral.gob.pe\\\/en\\\/noticias\\\/caral-celebraran-21-anos-del-descubrimiento-de-la-ciudad-sagrada\\\/\"},\"wordCount\":161,\"image\":{\"@id\":\"https:\\\/\\\/zonacaral.gob.pe\\\/en\\\/noticias\\\/caral-celebraran-21-anos-del-descubrimiento-de-la-ciudad-sagrada\\\/#primaryimage\"},\"thumbnailUrl\":\"https:\\\/\\\/zonacaral.gob.pe\\\/wp-content\\\/uploads\\\/2015\\\/10\\\/15-10-2015-trome-aniversario.jpg\",\"keywords\":[\"aniversario\",\"caral\"],\"articleSection\":[\"noticias\"],\"inLanguage\":\"en-US\"},{\"@type\":\"WebPage\",\"@id\":\"https:\\\/\\\/zonacaral.gob.pe\\\/en\\\/noticias\\\/caral-celebraran-21-anos-del-descubrimiento-de-la-ciudad-sagrada\\\/\",\"url\":\"https:\\\/\\\/zonacaral.gob.pe\\\/en\\\/noticias\\\/caral-celebraran-21-anos-del-descubrimiento-de-la-ciudad-sagrada\\\/\",\"name\":\"Caral: Celebrar\u00e1n 21 a\u00f1os del descubrimiento de la ciudad sagrada\",\"isPartOf\":{\"@id\":\"https:\\\/\\\/zonacaral.gob.pe\\\/es\\\/#website\"},\"primaryImageOfPage\":{\"@id\":\"https:\\\/\\\/zonacaral.gob.pe\\\/en\\\/noticias\\\/caral-celebraran-21-anos-del-descubrimiento-de-la-ciudad-sagrada\\\/#primaryimage\"},\"image\":{\"@id\":\"https:\\\/\\\/zonacaral.gob.pe\\\/en\\\/noticias\\\/caral-celebraran-21-anos-del-descubrimiento-de-la-ciudad-sagrada\\\/#primaryimage\"},\"thumbnailUrl\":\"https:\\\/\\\/zonacaral.gob.pe\\\/wp-content\\\/uploads\\\/2015\\\/10\\\/15-10-2015-trome-aniversario.jpg\",\"datePublished\":\"2015-10-15T13:48:19+00:00\",\"author\":{\"@id\":\"https:\\\/\\\/zonacaral.gob.pe\\\/es\\\/#\\\/schema\\\/person\\\/beddb4d22f71a7230c5b90913270a0ee\"},\"description\":\"La doctora Ruth Shady, junto a un equipo de investigaci\u00f3n, realiz\u00f3 los hallazgos en el valle del distrito de Supe (Barranca) y estudiaron la evidencia de esta civilizaci\u00f3n de 5 mil a\u00f1os de antig\u00fcedad con construcciones de dimensiones espectaculares, t\u00e9cnica antis\u00edsmica en edificios piramidales, gran desarrollo astron\u00f3mico y otros.\",\"breadcrumb\":{\"@id\":\"https:\\\/\\\/zonacaral.gob.pe\\\/en\\\/noticias\\\/caral-celebraran-21-anos-del-descubrimiento-de-la-ciudad-sagrada\\\/#breadcrumb\"},\"inLanguage\":\"en-US\",\"potentialAction\":[{\"@type\":\"ReadAction\",\"target\":[\"https:\\\/\\\/zonacaral.gob.pe\\\/en\\\/noticias\\\/caral-celebraran-21-anos-del-descubrimiento-de-la-ciudad-sagrada\\\/\"]}]},{\"@type\":\"ImageObject\",\"inLanguage\":\"en-US\",\"@id\":\"https:\\\/\\\/zonacaral.gob.pe\\\/en\\\/noticias\\\/caral-celebraran-21-anos-del-descubrimiento-de-la-ciudad-sagrada\\\/#primaryimage\",\"url\":\"https:\\\/\\\/zonacaral.gob.pe\\\/wp-content\\\/uploads\\\/2015\\\/10\\\/15-10-2015-trome-aniversario.jpg\",\"contentUrl\":\"https:\\\/\\\/zonacaral.gob.pe\\\/wp-content\\\/uploads\\\/2015\\\/10\\\/15-10-2015-trome-aniversario.jpg\",\"width\":610,\"height\":364},{\"@type\":\"BreadcrumbList\",\"@id\":\"https:\\\/\\\/zonacaral.gob.pe\\\/en\\\/noticias\\\/caral-celebraran-21-anos-del-descubrimiento-de-la-ciudad-sagrada\\\/#breadcrumb\",\"itemListElement\":[{\"@type\":\"ListItem\",\"position\":1,\"name\":\"Portada\",\"item\":\"https:\\\/\\\/zonacaral.gob.pe\\\/\"},{\"@type\":\"ListItem\",\"position\":2,\"name\":\"Caral: Celebrar\u00e1n 21 a\u00f1os del descubrimiento de la ciudad sagrada\"}]},{\"@type\":\"WebSite\",\"@id\":\"https:\\\/\\\/zonacaral.gob.pe\\\/es\\\/#website\",\"url\":\"https:\\\/\\\/zonacaral.gob.pe\\\/es\\\/\",\"name\":\"Zona Caral\",\"description\":\"Investigamos, conservamos y difundimos el patrimonio cultural de la Civilizaci\u00f3n Caral, la m\u00e1s antigua de Am\u00e9rica.\",\"potentialAction\":[{\"@type\":\"SearchAction\",\"target\":{\"@type\":\"EntryPoint\",\"urlTemplate\":\"https:\\\/\\\/zonacaral.gob.pe\\\/es\\\/?s={search_term_string}\"},\"query-input\":{\"@type\":\"PropertyValueSpecification\",\"valueRequired\":true,\"valueName\":\"search_term_string\"}}],\"inLanguage\":\"en-US\"},{\"@type\":\"Person\",\"@id\":\"https:\\\/\\\/zonacaral.gob.pe\\\/es\\\/#\\\/schema\\\/person\\\/beddb4d22f71a7230c5b90913270a0ee\",\"name\":\"Zona Caral Administrador\",\"image\":{\"@type\":\"ImageObject\",\"inLanguage\":\"en-US\",\"@id\":\"https:\\\/\\\/secure.gravatar.com\\\/avatar\\\/e4be162918a696358376de6446614e0f0f4062bdc5d170d6d540ada3d8b58c12?s=96&d=mm&r=g\",\"url\":\"https:\\\/\\\/secure.gravatar.com\\\/avatar\\\/e4be162918a696358376de6446614e0f0f4062bdc5d170d6d540ada3d8b58c12?s=96&d=mm&r=g\",\"contentUrl\":\"https:\\\/\\\/secure.gravatar.com\\\/avatar\\\/e4be162918a696358376de6446614e0f0f4062bdc5d170d6d540ada3d8b58c12?s=96&d=mm&r=g\",\"caption\":\"Zona Caral Administrador\"},\"sameAs\":[\"https:\\\/\\\/zonacaral.gob.pe\"],\"url\":\"https:\\\/\\\/zonacaral.gob.pe\\\/en\\\/noticias\\\/author\\\/ad_zonacaral\\\/\"}]}<\/script>\n<!-- \/ Yoast SEO plugin. -->","yoast_head_json":{"title":"Caral: Celebrar\u00e1n 21 a\u00f1os del descubrimiento de la ciudad sagrada","description":"La doctora Ruth Shady, junto a un equipo de investigaci\u00f3n, realiz\u00f3 los hallazgos en el valle del distrito de Supe (Barranca) y estudiaron la evidencia de esta civilizaci\u00f3n de 5 mil a\u00f1os de antig\u00fcedad con construcciones de dimensiones espectaculares, t\u00e9cnica antis\u00edsmica en edificios piramidales, gran desarrollo astron\u00f3mico y otros.","robots":{"index":"index","follow":"follow","max-snippet":"max-snippet:-1","max-image-preview":"max-image-preview:large","max-video-preview":"max-video-preview:-1"},"canonical":"https:\/\/zonacaral.gob.pe\/en\/noticias\/caral-celebraran-21-anos-del-descubrimiento-de-la-ciudad-sagrada\/","og_locale":"en_US","og_type":"article","og_title":"Caral: Celebrar\u00e1n 21 a\u00f1os del descubrimiento de la ciudad sagrada","og_description":"La doctora Ruth Shady, junto a un equipo de investigaci\u00f3n, realiz\u00f3 los hallazgos en el valle del distrito de Supe (Barranca) y estudiaron la evidencia de esta civilizaci\u00f3n de 5 mil a\u00f1os de antig\u00fcedad con construcciones de dimensiones espectaculares, t\u00e9cnica antis\u00edsmica en edificios piramidales, gran desarrollo astron\u00f3mico y otros.","og_url":"https:\/\/zonacaral.gob.pe\/en\/noticias\/caral-celebraran-21-anos-del-descubrimiento-de-la-ciudad-sagrada\/","og_site_name":"Zona Caral","article_published_time":"2015-10-15T13:48:19+00:00","og_image":[{"width":610,"height":364,"url":"https:\/\/zonacaral.gob.pe\/wp-content\/uploads\/2015\/10\/15-10-2015-trome-aniversario.jpg","type":"image\/jpeg"}],"author":"Zona Caral Administrador","twitter_card":"summary_large_image","twitter_misc":{"Written by":"Zona Caral Administrador","Est. reading time":"1 minute"},"schema":{"@context":"https:\/\/schema.org","@graph":[{"@type":"Article","@id":"https:\/\/zonacaral.gob.pe\/en\/noticias\/caral-celebraran-21-anos-del-descubrimiento-de-la-ciudad-sagrada\/#article","isPartOf":{"@id":"https:\/\/zonacaral.gob.pe\/en\/noticias\/caral-celebraran-21-anos-del-descubrimiento-de-la-ciudad-sagrada\/"},"author":{"name":"Zona Caral Administrador","@id":"https:\/\/zonacaral.gob.pe\/es\/#\/schema\/person\/beddb4d22f71a7230c5b90913270a0ee"},"headline":"Caral: Celebrar\u00e1n 21 a\u00f1os del descubrimiento de la ciudad sagrada","datePublished":"2015-10-15T13:48:19+00:00","mainEntityOfPage":{"@id":"https:\/\/zonacaral.gob.pe\/en\/noticias\/caral-celebraran-21-anos-del-descubrimiento-de-la-ciudad-sagrada\/"},"wordCount":161,"image":{"@id":"https:\/\/zonacaral.gob.pe\/en\/noticias\/caral-celebraran-21-anos-del-descubrimiento-de-la-ciudad-sagrada\/#primaryimage"},"thumbnailUrl":"https:\/\/zonacaral.gob.pe\/wp-content\/uploads\/2015\/10\/15-10-2015-trome-aniversario.jpg","keywords":["aniversario","caral"],"articleSection":["noticias"],"inLanguage":"en-US"},{"@type":"WebPage","@id":"https:\/\/zonacaral.gob.pe\/en\/noticias\/caral-celebraran-21-anos-del-descubrimiento-de-la-ciudad-sagrada\/","url":"https:\/\/zonacaral.gob.pe\/en\/noticias\/caral-celebraran-21-anos-del-descubrimiento-de-la-ciudad-sagrada\/","name":"Caral: Celebrar\u00e1n 21 a\u00f1os del descubrimiento de la ciudad sagrada","isPartOf":{"@id":"https:\/\/zonacaral.gob.pe\/es\/#website"},"primaryImageOfPage":{"@id":"https:\/\/zonacaral.gob.pe\/en\/noticias\/caral-celebraran-21-anos-del-descubrimiento-de-la-ciudad-sagrada\/#primaryimage"},"image":{"@id":"https:\/\/zonacaral.gob.pe\/en\/noticias\/caral-celebraran-21-anos-del-descubrimiento-de-la-ciudad-sagrada\/#primaryimage"},"thumbnailUrl":"https:\/\/zonacaral.gob.pe\/wp-content\/uploads\/2015\/10\/15-10-2015-trome-aniversario.jpg","datePublished":"2015-10-15T13:48:19+00:00","author":{"@id":"https:\/\/zonacaral.gob.pe\/es\/#\/schema\/person\/beddb4d22f71a7230c5b90913270a0ee"},"description":"La doctora Ruth Shady, junto a un equipo de investigaci\u00f3n, realiz\u00f3 los hallazgos en el valle del distrito de Supe (Barranca) y estudiaron la evidencia de esta civilizaci\u00f3n de 5 mil a\u00f1os de antig\u00fcedad con construcciones de dimensiones espectaculares, t\u00e9cnica antis\u00edsmica en edificios piramidales, gran desarrollo astron\u00f3mico y otros.","breadcrumb":{"@id":"https:\/\/zonacaral.gob.pe\/en\/noticias\/caral-celebraran-21-anos-del-descubrimiento-de-la-ciudad-sagrada\/#breadcrumb"},"inLanguage":"en-US","potentialAction":[{"@type":"ReadAction","target":["https:\/\/zonacaral.gob.pe\/en\/noticias\/caral-celebraran-21-anos-del-descubrimiento-de-la-ciudad-sagrada\/"]}]},{"@type":"ImageObject","inLanguage":"en-US","@id":"https:\/\/zonacaral.gob.pe\/en\/noticias\/caral-celebraran-21-anos-del-descubrimiento-de-la-ciudad-sagrada\/#primaryimage","url":"https:\/\/zonacaral.gob.pe\/wp-content\/uploads\/2015\/10\/15-10-2015-trome-aniversario.jpg","contentUrl":"https:\/\/zonacaral.gob.pe\/wp-content\/uploads\/2015\/10\/15-10-2015-trome-aniversario.jpg","width":610,"height":364},{"@type":"BreadcrumbList","@id":"https:\/\/zonacaral.gob.pe\/en\/noticias\/caral-celebraran-21-anos-del-descubrimiento-de-la-ciudad-sagrada\/#breadcrumb","itemListElement":[{"@type":"ListItem","position":1,"name":"Portada","item":"https:\/\/zonacaral.gob.pe\/"},{"@type":"ListItem","position":2,"name":"Caral: Celebrar\u00e1n 21 a\u00f1os del descubrimiento de la ciudad sagrada"}]},{"@type":"WebSite","@id":"https:\/\/zonacaral.gob.pe\/es\/#website","url":"https:\/\/zonacaral.gob.pe\/es\/","name":"Zona Caral","description":"Investigamos, conservamos y difundimos el patrimonio cultural de la Civilizaci\u00f3n Caral, la m\u00e1s antigua de Am\u00e9rica.","potentialAction":[{"@type":"SearchAction","target":{"@type":"EntryPoint","urlTemplate":"https:\/\/zonacaral.gob.pe\/es\/?s={search_term_string}"},"query-input":{"@type":"PropertyValueSpecification","valueRequired":true,"valueName":"search_term_string"}}],"inLanguage":"en-US"},{"@type":"Person","@id":"https:\/\/zonacaral.gob.pe\/es\/#\/schema\/person\/beddb4d22f71a7230c5b90913270a0ee","name":"Zona Caral Administrador","image":{"@type":"ImageObject","inLanguage":"en-US","@id":"https:\/\/secure.gravatar.com\/avatar\/e4be162918a696358376de6446614e0f0f4062bdc5d170d6d540ada3d8b58c12?s=96&d=mm&r=g","url":"https:\/\/secure.gravatar.com\/avatar\/e4be162918a696358376de6446614e0f0f4062bdc5d170d6d540ada3d8b58c12?s=96&d=mm&r=g","contentUrl":"https:\/\/secure.gravatar.com\/avatar\/e4be162918a696358376de6446614e0f0f4062bdc5d170d6d540ada3d8b58c12?s=96&d=mm&r=g","caption":"Zona Caral Administrador"},"sameAs":["https:\/\/zonacaral.gob.pe"],"url":"https:\/\/zonacaral.gob.pe\/en\/noticias\/author\/ad_zonacaral\/"}]}},"_links":{"self":[{"href":"https:\/\/zonacaral.gob.pe\/en\/wp-json\/wp\/v2\/posts\/9984","targetHints":{"allow":["GET"]}}],"collection":[{"href":"https:\/\/zonacaral.gob.pe\/en\/wp-json\/wp\/v2\/posts"}],"about":[{"href":"https:\/\/zonacaral.gob.pe\/en\/wp-json\/wp\/v2\/types\/post"}],"author":[{"embeddable":true,"href":"https:\/\/zonacaral.gob.pe\/en\/wp-json\/wp\/v2\/users\/1"}],"replies":[{"embeddable":true,"href":"https:\/\/zonacaral.gob.pe\/en\/wp-json\/wp\/v2\/comments?post=9984"}],"version-history":[{"count":0,"href":"https:\/\/zonacaral.gob.pe\/en\/wp-json\/wp\/v2\/posts\/9984\/revisions"}],"wp:featuredmedia":[{"embeddable":true,"href":"https:\/\/zonacaral.gob.pe\/en\/wp-json\/wp\/v2\/media\/9985"}],"wp:attachment":[{"href":"https:\/\/zonacaral.gob.pe\/en\/wp-json\/wp\/v2\/media?parent=9984"}],"wp:term":[{"taxonomy":"category","embeddable":true,"href":"https:\/\/zonacaral.gob.pe\/en\/wp-json\/wp\/v2\/categories?post=9984"},{"taxonomy":"post_tag","embeddable":true,"href":"https:\/\/zonacaral.gob.pe\/en\/wp-json\/wp\/v2\/tags?post=9984"}],"curies":[{"name":"wp","href":"https:\/\/api.w.org\/{rel}","templated":true}]}}