{"id":9995,"date":"2015-10-26T14:49:32","date_gmt":"2015-10-26T19:49:32","guid":{"rendered":"http:\/\/www.zonacaral.gob.pe\/?p=9995"},"modified":"2015-10-26T14:49:32","modified_gmt":"2015-10-26T19:49:32","slug":"caral-celebro-21-anos-de-su-puesta-en-valor","status":"publish","type":"post","link":"https:\/\/zonacaral.gob.pe\/en\/noticias\/caral-celebro-21-anos-de-su-puesta-en-valor\/","title":{"rendered":"Caral celebr\u00f3 21 a\u00f1os de su puesta en valor"},"content":{"rendered":"<figure class=\"pic-autor\" style=\"color: #4d4d4d;\"><\/figure>\n<blockquote>\n<p style=\"color: #434343;\">El 2016 abrir\u00e1n al p\u00fablico dos sitios arqueol\u00f3gicos que fueron parte de la Civilizaci\u00f3n Caral<\/p>\n<\/blockquote>\n<p>La Ciudad Sagrada de Caral celebr\u00f3 su 21 aniversario junto a cientos de turistas que llegaron desde distintos puntos del pa\u00eds y del extranjero para conocer el significado y la trascendencia de la historia de la Civilizaci\u00f3n Caral en la historia no solo de Per\u00fa sino del continente americano.<\/p>\n<p>En el sitio arqueol\u00f3gico se realiz\u00f3 la ceremonia tradicional del pago a la Pachamama, que estuvo a cargo del maestro danzaq R\u00f3mulo Huaman\u00ed Janampa o \u201cQorisisicha\u201d, en esta ocasi\u00f3n tambi\u00e9n se puso en escena el mito de la diosa \u201cRaywana\u201d; la representaci\u00f3n teatral cont\u00f3 con la participaci\u00f3n del primer actor nacional Reynaldo Arenas Horna, Flor Castillo as\u00ed como estudiantes y egresados de la Escuela Nacional de Arte Dram\u00e1tico (ENAD).<\/p>\n<p>La puesta en escena se desarroll\u00f3 a partir de un di\u00e1logo de representaciones simb\u00f3licas constantes entre el hombre, los animales, las semillas de las plantas sacralizadas y dem\u00e1s elementos del entorno natural, y la divinidad de los cultivos Mama o Diosa \u201cRaywana\u201d. La escenificaci\u00f3n explic\u00f3 el origen de la agricultura, el desarrollo de t\u00e9cnicas para la producci\u00f3n, la contemplaci\u00f3n sistematizada del clima, la medici\u00f3n de las estaciones, las experiencias sobre las propiedades de las plantas, el comportamiento de los animales, la presencia e influencia de los fen\u00f3menos naturales en la vida del hombre y, en especial, c\u00f3mo la sociedad de Caral, con sus elevados conocimientos sobre agricultura y organizaci\u00f3n del trabajo ostent\u00f3 gran poder.<\/p>\n<p>La visita guiada por el sitio arqueol\u00f3gico estuvo a cargo de la Dra. Ruth Shady Sol\u00eds, Directora de la Zona Arqueol\u00f3gica Caral (ZAC), Unidad Ejecutora 003, adscrita al Ministerio de Cultura. A diferencia de otros a\u00f1os el recorrido se realiz\u00f3 por la zona de la periferia, donde se pudo observar las construcciones que fueron habitadas por los funcionarios y sacerdotes hace 5 mil a\u00f1os.<\/p>\n<p style=\"color: #434343;\">La Dra. Shady tambi\u00e9n anunci\u00f3 que a partir de 2016 se abrir\u00e1n al p\u00fablico los sitios arqueol\u00f3gicos de Miraya y Lurihuasi; ambos lugares fueron parte de la Civilizaci\u00f3n Caral y est\u00e1n ubicados en el valle de Supe. Otro proyecto que ya est\u00e1 avanzado y pronto se ejecutar\u00e1 es la recuperaci\u00f3n del Bosque Ribere\u00f1o ya que las condiciones clim\u00e1ticas de la franja ribere\u00f1a del rio supe y su correspondiente paisaje cultural, requerida para la zona de amortiguamiento de la Ciudad Sagrada de Caral, ha sufrido modificaciones a lo largo del tiempo, generadas por la variabilidad de los procesos clim\u00e1ticos y por la acci\u00f3n del hombre, que ha ido transformando el monte ribere\u00f1o, depredando el ecosistema milenario, tanto en la fauna como en la flora.<\/p>\n<p style=\"color: #434343;\"><img fetchpriority=\"high\" decoding=\"async\" class=\"alignnone wp-image-10004\" src=\"http:\/\/www.zonacaral.gob.pe\/wp-content\/uploads\/2015\/10\/IMG_20151023_205153140.jpg\" alt=\"IMG_20151023_205153140\" width=\"500\" height=\"363\" srcset=\"https:\/\/zonacaral.gob.pe\/wp-content\/uploads\/2015\/10\/IMG_20151023_205153140.jpg 800w, https:\/\/zonacaral.gob.pe\/wp-content\/uploads\/2015\/10\/IMG_20151023_205153140-300x218.jpg 300w, https:\/\/zonacaral.gob.pe\/wp-content\/uploads\/2015\/10\/IMG_20151023_205153140-768x557.jpg 768w\" sizes=\"(max-width: 500px) 100vw, 500px\" \/> <img decoding=\"async\" class=\"alignnone wp-image-10003\" src=\"http:\/\/www.zonacaral.gob.pe\/wp-content\/uploads\/2015\/10\/DSC_6400.jpg\" alt=\"DSC_6400\" width=\"500\" height=\"334\" srcset=\"https:\/\/zonacaral.gob.pe\/wp-content\/uploads\/2015\/10\/DSC_6400.jpg 800w, https:\/\/zonacaral.gob.pe\/wp-content\/uploads\/2015\/10\/DSC_6400-300x200.jpg 300w, https:\/\/zonacaral.gob.pe\/wp-content\/uploads\/2015\/10\/DSC_6400-768x513.jpg 768w\" sizes=\"(max-width: 500px) 100vw, 500px\" \/><\/p>\n<p style=\"color: #434343;\"><img decoding=\"async\" class=\"alignnone wp-image-10002\" src=\"http:\/\/www.zonacaral.gob.pe\/wp-content\/uploads\/2015\/10\/DSC_6324.jpg\" alt=\"DSC_6324\" width=\"500\" height=\"334\" srcset=\"https:\/\/zonacaral.gob.pe\/wp-content\/uploads\/2015\/10\/DSC_6324.jpg 800w, https:\/\/zonacaral.gob.pe\/wp-content\/uploads\/2015\/10\/DSC_6324-300x200.jpg 300w, https:\/\/zonacaral.gob.pe\/wp-content\/uploads\/2015\/10\/DSC_6324-768x513.jpg 768w\" sizes=\"(max-width: 500px) 100vw, 500px\" \/> <img loading=\"lazy\" decoding=\"async\" class=\"alignnone wp-image-10001\" src=\"http:\/\/www.zonacaral.gob.pe\/wp-content\/uploads\/2015\/10\/DSC_6066.jpg\" alt=\"DSC_6066\" width=\"500\" height=\"334\" srcset=\"https:\/\/zonacaral.gob.pe\/wp-content\/uploads\/2015\/10\/DSC_6066.jpg 800w, https:\/\/zonacaral.gob.pe\/wp-content\/uploads\/2015\/10\/DSC_6066-300x200.jpg 300w, https:\/\/zonacaral.gob.pe\/wp-content\/uploads\/2015\/10\/DSC_6066-768x513.jpg 768w\" sizes=\"(max-width: 500px) 100vw, 500px\" \/> <img loading=\"lazy\" decoding=\"async\" class=\"alignnone wp-image-10000\" src=\"http:\/\/www.zonacaral.gob.pe\/wp-content\/uploads\/2015\/10\/DSC_6050.jpg\" alt=\"DSC_6050\" width=\"500\" height=\"334\" srcset=\"https:\/\/zonacaral.gob.pe\/wp-content\/uploads\/2015\/10\/DSC_6050.jpg 800w, https:\/\/zonacaral.gob.pe\/wp-content\/uploads\/2015\/10\/DSC_6050-300x200.jpg 300w, https:\/\/zonacaral.gob.pe\/wp-content\/uploads\/2015\/10\/DSC_6050-768x513.jpg 768w\" sizes=\"(max-width: 500px) 100vw, 500px\" \/> <img loading=\"lazy\" decoding=\"async\" class=\"alignnone wp-image-9999\" src=\"http:\/\/www.zonacaral.gob.pe\/wp-content\/uploads\/2015\/10\/DSC_6030.jpg\" alt=\"DSC_6030\" width=\"500\" height=\"334\" srcset=\"https:\/\/zonacaral.gob.pe\/wp-content\/uploads\/2015\/10\/DSC_6030.jpg 800w, https:\/\/zonacaral.gob.pe\/wp-content\/uploads\/2015\/10\/DSC_6030-300x200.jpg 300w, https:\/\/zonacaral.gob.pe\/wp-content\/uploads\/2015\/10\/DSC_6030-768x513.jpg 768w\" sizes=\"(max-width: 500px) 100vw, 500px\" \/> <img loading=\"lazy\" decoding=\"async\" class=\"alignnone wp-image-10006\" src=\"http:\/\/www.zonacaral.gob.pe\/wp-content\/uploads\/2015\/10\/IMG_20151024_114812.jpg\" alt=\"IMG_20151024_114812\" width=\"500\" height=\"371\" srcset=\"https:\/\/zonacaral.gob.pe\/wp-content\/uploads\/2015\/10\/IMG_20151024_114812.jpg 800w, https:\/\/zonacaral.gob.pe\/wp-content\/uploads\/2015\/10\/IMG_20151024_114812-300x222.jpg 300w, https:\/\/zonacaral.gob.pe\/wp-content\/uploads\/2015\/10\/IMG_20151024_114812-768x569.jpg 768w\" sizes=\"(max-width: 500px) 100vw, 500px\" \/> <img loading=\"lazy\" decoding=\"async\" class=\"alignnone wp-image-10005\" src=\"http:\/\/www.zonacaral.gob.pe\/wp-content\/uploads\/2015\/10\/IMG_20151024_110247.jpg\" alt=\"IMG_20151024_110247\" width=\"500\" height=\"371\" srcset=\"https:\/\/zonacaral.gob.pe\/wp-content\/uploads\/2015\/10\/IMG_20151024_110247.jpg 800w, https:\/\/zonacaral.gob.pe\/wp-content\/uploads\/2015\/10\/IMG_20151024_110247-300x222.jpg 300w, https:\/\/zonacaral.gob.pe\/wp-content\/uploads\/2015\/10\/IMG_20151024_110247-768x569.jpg 768w\" sizes=\"(max-width: 500px) 100vw, 500px\" \/><\/p>\n<p style=\"color: #272727; text-align: justify;\"><span style=\"color: #333333;\">Fuente: Prensa ZAC<\/span><\/p>\n<p style=\"color: #000000;\">Fecha de publicaci\u00f3n: 26\/10\/2015<\/p>","protected":false},"excerpt":{"rendered":"<p>El 2016 abrir\u00e1n al p\u00fablico dos sitios arqueol\u00f3gicos que fueron parte de la Civilizaci\u00f3n Caral La Ciudad Sagrada de Caral [&hellip;]<\/p>\n","protected":false},"author":1,"featured_media":9996,"comment_status":"closed","ping_status":"open","sticky":false,"template":"","format":"standard","meta":{"_acf_changed":false,"site-sidebar-layout":"default","site-content-layout":"","ast-site-content-layout":"default","site-content-style":"default","site-sidebar-style":"default","ast-global-header-display":"","ast-banner-title-visibility":"","ast-main-header-display":"","ast-hfb-above-header-display":"","ast-hfb-below-header-display":"","ast-hfb-mobile-header-display":"","site-post-title":"","ast-breadcrumbs-content":"","ast-featured-img":"","footer-sml-layout":"","ast-disable-related-posts":"","theme-transparent-header-meta":"","adv-header-id-meta":"","stick-header-meta":"","header-above-stick-meta":"","header-main-stick-meta":"","header-below-stick-meta":"","astra-migrate-meta-layouts":"default","ast-page-background-enabled":"default","ast-page-background-meta":{"desktop":{"background-color":"var(--ast-global-color-5)","background-image":"","background-repeat":"repeat","background-position":"center center","background-size":"auto","background-attachment":"scroll","background-type":"","background-media":"","overlay-type":"","overlay-color":"","overlay-opacity":"","overlay-gradient":""},"tablet":{"background-color":"","background-image":"","background-repeat":"repeat","background-position":"center center","background-size":"auto","background-attachment":"scroll","background-type":"","background-media":"","overlay-type":"","overlay-color":"","overlay-opacity":"","overlay-gradient":""},"mobile":{"background-color":"","background-image":"","background-repeat":"repeat","background-position":"center center","background-size":"auto","background-attachment":"scroll","background-type":"","background-media":"","overlay-type":"","overlay-color":"","overlay-opacity":"","overlay-gradient":""}},"ast-content-background-meta":{"desktop":{"background-color":"var(--ast-global-color-4)","background-image":"","background-repeat":"repeat","background-position":"center center","background-size":"auto","background-attachment":"scroll","background-type":"","background-media":"","overlay-type":"","overlay-color":"","overlay-opacity":"","overlay-gradient":""},"tablet":{"background-color":"var(--ast-global-color-4)","background-image":"","background-repeat":"repeat","background-position":"center center","background-size":"auto","background-attachment":"scroll","background-type":"","background-media":"","overlay-type":"","overlay-color":"","overlay-opacity":"","overlay-gradient":""},"mobile":{"background-color":"var(--ast-global-color-4)","background-image":"","background-repeat":"repeat","background-position":"center center","background-size":"auto","background-attachment":"scroll","background-type":"","background-media":"","overlay-type":"","overlay-color":"","overlay-opacity":"","overlay-gradient":""}},"footnotes":""},"categories":[208],"tags":[54,55],"class_list":["post-9995","post","type-post","status-publish","format-standard","has-post-thumbnail","hentry","category-noticias","tag-aniversario","tag-caral"],"acf":[],"yoast_head":"<!-- This site is optimized with the Yoast SEO plugin v27.3 - https:\/\/yoast.com\/product\/yoast-seo-wordpress\/ -->\n<title>Caral celebr\u00f3 21 a\u00f1os de su puesta en valor<\/title>\n<meta name=\"description\" content=\"La Ciudad Sagrada de Caral celebr\u00f3 su 21 aniversario junto a cientos de turistas que llegaron desde distintos puntos del pa\u00eds y del extranjero para conocer el significado y la trascendencia de la historia de la Civilizaci\u00f3n Caral en la historia no solo de Per\u00fa sino del continente americano.\" \/>\n<meta name=\"robots\" content=\"index, follow, max-snippet:-1, max-image-preview:large, max-video-preview:-1\" \/>\n<link rel=\"canonical\" href=\"https:\/\/zonacaral.gob.pe\/en\/noticias\/caral-celebro-21-anos-de-su-puesta-en-valor\/\" \/>\n<meta property=\"og:locale\" content=\"en_US\" \/>\n<meta property=\"og:type\" content=\"article\" \/>\n<meta property=\"og:title\" content=\"Caral celebr\u00f3 21 a\u00f1os de su puesta en valor\" \/>\n<meta property=\"og:description\" content=\"La Ciudad Sagrada de Caral celebr\u00f3 su 21 aniversario junto a cientos de turistas que llegaron desde distintos puntos del pa\u00eds y del extranjero para conocer el significado y la trascendencia de la historia de la Civilizaci\u00f3n Caral en la historia no solo de Per\u00fa sino del continente americano.\" \/>\n<meta property=\"og:url\" content=\"https:\/\/zonacaral.gob.pe\/en\/noticias\/caral-celebro-21-anos-de-su-puesta-en-valor\/\" \/>\n<meta property=\"og:site_name\" content=\"Zona Caral\" \/>\n<meta property=\"article:published_time\" content=\"2015-10-26T19:49:32+00:00\" \/>\n<meta property=\"og:image\" content=\"https:\/\/zonacaral.gob.pe\/wp-content\/uploads\/2015\/10\/26-10-2015-zac.jpg\" \/>\n\t<meta property=\"og:image:width\" content=\"900\" \/>\n\t<meta property=\"og:image:height\" content=\"538\" \/>\n\t<meta property=\"og:image:type\" content=\"image\/jpeg\" \/>\n<meta name=\"author\" content=\"Zona Caral Administrador\" \/>\n<meta name=\"twitter:card\" content=\"summary_large_image\" \/>\n<meta name=\"twitter:label1\" content=\"Written by\" \/>\n\t<meta name=\"twitter:data1\" content=\"Zona Caral Administrador\" \/>\n\t<meta name=\"twitter:label2\" content=\"Est. reading time\" \/>\n\t<meta name=\"twitter:data2\" content=\"2 minutes\" \/>\n<script type=\"application\/ld+json\" class=\"yoast-schema-graph\">{\"@context\":\"https:\\\/\\\/schema.org\",\"@graph\":[{\"@type\":\"Article\",\"@id\":\"https:\\\/\\\/zonacaral.gob.pe\\\/en\\\/noticias\\\/caral-celebro-21-anos-de-su-puesta-en-valor\\\/#article\",\"isPartOf\":{\"@id\":\"https:\\\/\\\/zonacaral.gob.pe\\\/en\\\/noticias\\\/caral-celebro-21-anos-de-su-puesta-en-valor\\\/\"},\"author\":{\"name\":\"Zona Caral Administrador\",\"@id\":\"https:\\\/\\\/zonacaral.gob.pe\\\/es\\\/#\\\/schema\\\/person\\\/beddb4d22f71a7230c5b90913270a0ee\"},\"headline\":\"Caral celebr\u00f3 21 a\u00f1os de su puesta en valor\",\"datePublished\":\"2015-10-26T19:49:32+00:00\",\"mainEntityOfPage\":{\"@id\":\"https:\\\/\\\/zonacaral.gob.pe\\\/en\\\/noticias\\\/caral-celebro-21-anos-de-su-puesta-en-valor\\\/\"},\"wordCount\":487,\"image\":{\"@id\":\"https:\\\/\\\/zonacaral.gob.pe\\\/en\\\/noticias\\\/caral-celebro-21-anos-de-su-puesta-en-valor\\\/#primaryimage\"},\"thumbnailUrl\":\"https:\\\/\\\/zonacaral.gob.pe\\\/wp-content\\\/uploads\\\/2015\\\/10\\\/26-10-2015-zac.jpg\",\"keywords\":[\"aniversario\",\"caral\"],\"articleSection\":[\"noticias\"],\"inLanguage\":\"en-US\"},{\"@type\":\"WebPage\",\"@id\":\"https:\\\/\\\/zonacaral.gob.pe\\\/en\\\/noticias\\\/caral-celebro-21-anos-de-su-puesta-en-valor\\\/\",\"url\":\"https:\\\/\\\/zonacaral.gob.pe\\\/en\\\/noticias\\\/caral-celebro-21-anos-de-su-puesta-en-valor\\\/\",\"name\":\"Caral celebr\u00f3 21 a\u00f1os de su puesta en valor\",\"isPartOf\":{\"@id\":\"https:\\\/\\\/zonacaral.gob.pe\\\/es\\\/#website\"},\"primaryImageOfPage\":{\"@id\":\"https:\\\/\\\/zonacaral.gob.pe\\\/en\\\/noticias\\\/caral-celebro-21-anos-de-su-puesta-en-valor\\\/#primaryimage\"},\"image\":{\"@id\":\"https:\\\/\\\/zonacaral.gob.pe\\\/en\\\/noticias\\\/caral-celebro-21-anos-de-su-puesta-en-valor\\\/#primaryimage\"},\"thumbnailUrl\":\"https:\\\/\\\/zonacaral.gob.pe\\\/wp-content\\\/uploads\\\/2015\\\/10\\\/26-10-2015-zac.jpg\",\"datePublished\":\"2015-10-26T19:49:32+00:00\",\"author\":{\"@id\":\"https:\\\/\\\/zonacaral.gob.pe\\\/es\\\/#\\\/schema\\\/person\\\/beddb4d22f71a7230c5b90913270a0ee\"},\"description\":\"La Ciudad Sagrada de Caral celebr\u00f3 su 21 aniversario junto a cientos de turistas que llegaron desde distintos puntos del pa\u00eds y del extranjero para conocer el significado y la trascendencia de la historia de la Civilizaci\u00f3n Caral en la historia no solo de Per\u00fa sino del continente americano.\",\"breadcrumb\":{\"@id\":\"https:\\\/\\\/zonacaral.gob.pe\\\/en\\\/noticias\\\/caral-celebro-21-anos-de-su-puesta-en-valor\\\/#breadcrumb\"},\"inLanguage\":\"en-US\",\"potentialAction\":[{\"@type\":\"ReadAction\",\"target\":[\"https:\\\/\\\/zonacaral.gob.pe\\\/en\\\/noticias\\\/caral-celebro-21-anos-de-su-puesta-en-valor\\\/\"]}]},{\"@type\":\"ImageObject\",\"inLanguage\":\"en-US\",\"@id\":\"https:\\\/\\\/zonacaral.gob.pe\\\/en\\\/noticias\\\/caral-celebro-21-anos-de-su-puesta-en-valor\\\/#primaryimage\",\"url\":\"https:\\\/\\\/zonacaral.gob.pe\\\/wp-content\\\/uploads\\\/2015\\\/10\\\/26-10-2015-zac.jpg\",\"contentUrl\":\"https:\\\/\\\/zonacaral.gob.pe\\\/wp-content\\\/uploads\\\/2015\\\/10\\\/26-10-2015-zac.jpg\",\"width\":900,\"height\":538},{\"@type\":\"BreadcrumbList\",\"@id\":\"https:\\\/\\\/zonacaral.gob.pe\\\/en\\\/noticias\\\/caral-celebro-21-anos-de-su-puesta-en-valor\\\/#breadcrumb\",\"itemListElement\":[{\"@type\":\"ListItem\",\"position\":1,\"name\":\"Portada\",\"item\":\"https:\\\/\\\/zonacaral.gob.pe\\\/\"},{\"@type\":\"ListItem\",\"position\":2,\"name\":\"Caral celebr\u00f3 21 a\u00f1os de su puesta en valor\"}]},{\"@type\":\"WebSite\",\"@id\":\"https:\\\/\\\/zonacaral.gob.pe\\\/es\\\/#website\",\"url\":\"https:\\\/\\\/zonacaral.gob.pe\\\/es\\\/\",\"name\":\"Zona Caral\",\"description\":\"Investigamos, conservamos y difundimos el patrimonio cultural de la Civilizaci\u00f3n Caral, la m\u00e1s antigua de Am\u00e9rica.\",\"potentialAction\":[{\"@type\":\"SearchAction\",\"target\":{\"@type\":\"EntryPoint\",\"urlTemplate\":\"https:\\\/\\\/zonacaral.gob.pe\\\/es\\\/?s={search_term_string}\"},\"query-input\":{\"@type\":\"PropertyValueSpecification\",\"valueRequired\":true,\"valueName\":\"search_term_string\"}}],\"inLanguage\":\"en-US\"},{\"@type\":\"Person\",\"@id\":\"https:\\\/\\\/zonacaral.gob.pe\\\/es\\\/#\\\/schema\\\/person\\\/beddb4d22f71a7230c5b90913270a0ee\",\"name\":\"Zona Caral Administrador\",\"image\":{\"@type\":\"ImageObject\",\"inLanguage\":\"en-US\",\"@id\":\"https:\\\/\\\/secure.gravatar.com\\\/avatar\\\/e4be162918a696358376de6446614e0f0f4062bdc5d170d6d540ada3d8b58c12?s=96&d=mm&r=g\",\"url\":\"https:\\\/\\\/secure.gravatar.com\\\/avatar\\\/e4be162918a696358376de6446614e0f0f4062bdc5d170d6d540ada3d8b58c12?s=96&d=mm&r=g\",\"contentUrl\":\"https:\\\/\\\/secure.gravatar.com\\\/avatar\\\/e4be162918a696358376de6446614e0f0f4062bdc5d170d6d540ada3d8b58c12?s=96&d=mm&r=g\",\"caption\":\"Zona Caral Administrador\"},\"sameAs\":[\"https:\\\/\\\/zonacaral.gob.pe\"],\"url\":\"https:\\\/\\\/zonacaral.gob.pe\\\/en\\\/noticias\\\/author\\\/ad_zonacaral\\\/\"}]}<\/script>\n<!-- \/ Yoast SEO plugin. -->","yoast_head_json":{"title":"Caral celebr\u00f3 21 a\u00f1os de su puesta en valor","description":"La Ciudad Sagrada de Caral celebr\u00f3 su 21 aniversario junto a cientos de turistas que llegaron desde distintos puntos del pa\u00eds y del extranjero para conocer el significado y la trascendencia de la historia de la Civilizaci\u00f3n Caral en la historia no solo de Per\u00fa sino del continente americano.","robots":{"index":"index","follow":"follow","max-snippet":"max-snippet:-1","max-image-preview":"max-image-preview:large","max-video-preview":"max-video-preview:-1"},"canonical":"https:\/\/zonacaral.gob.pe\/en\/noticias\/caral-celebro-21-anos-de-su-puesta-en-valor\/","og_locale":"en_US","og_type":"article","og_title":"Caral celebr\u00f3 21 a\u00f1os de su puesta en valor","og_description":"La Ciudad Sagrada de Caral celebr\u00f3 su 21 aniversario junto a cientos de turistas que llegaron desde distintos puntos del pa\u00eds y del extranjero para conocer el significado y la trascendencia de la historia de la Civilizaci\u00f3n Caral en la historia no solo de Per\u00fa sino del continente americano.","og_url":"https:\/\/zonacaral.gob.pe\/en\/noticias\/caral-celebro-21-anos-de-su-puesta-en-valor\/","og_site_name":"Zona Caral","article_published_time":"2015-10-26T19:49:32+00:00","og_image":[{"width":900,"height":538,"url":"https:\/\/zonacaral.gob.pe\/wp-content\/uploads\/2015\/10\/26-10-2015-zac.jpg","type":"image\/jpeg"}],"author":"Zona Caral Administrador","twitter_card":"summary_large_image","twitter_misc":{"Written by":"Zona Caral Administrador","Est. reading time":"2 minutes"},"schema":{"@context":"https:\/\/schema.org","@graph":[{"@type":"Article","@id":"https:\/\/zonacaral.gob.pe\/en\/noticias\/caral-celebro-21-anos-de-su-puesta-en-valor\/#article","isPartOf":{"@id":"https:\/\/zonacaral.gob.pe\/en\/noticias\/caral-celebro-21-anos-de-su-puesta-en-valor\/"},"author":{"name":"Zona Caral Administrador","@id":"https:\/\/zonacaral.gob.pe\/es\/#\/schema\/person\/beddb4d22f71a7230c5b90913270a0ee"},"headline":"Caral celebr\u00f3 21 a\u00f1os de su puesta en valor","datePublished":"2015-10-26T19:49:32+00:00","mainEntityOfPage":{"@id":"https:\/\/zonacaral.gob.pe\/en\/noticias\/caral-celebro-21-anos-de-su-puesta-en-valor\/"},"wordCount":487,"image":{"@id":"https:\/\/zonacaral.gob.pe\/en\/noticias\/caral-celebro-21-anos-de-su-puesta-en-valor\/#primaryimage"},"thumbnailUrl":"https:\/\/zonacaral.gob.pe\/wp-content\/uploads\/2015\/10\/26-10-2015-zac.jpg","keywords":["aniversario","caral"],"articleSection":["noticias"],"inLanguage":"en-US"},{"@type":"WebPage","@id":"https:\/\/zonacaral.gob.pe\/en\/noticias\/caral-celebro-21-anos-de-su-puesta-en-valor\/","url":"https:\/\/zonacaral.gob.pe\/en\/noticias\/caral-celebro-21-anos-de-su-puesta-en-valor\/","name":"Caral celebr\u00f3 21 a\u00f1os de su puesta en valor","isPartOf":{"@id":"https:\/\/zonacaral.gob.pe\/es\/#website"},"primaryImageOfPage":{"@id":"https:\/\/zonacaral.gob.pe\/en\/noticias\/caral-celebro-21-anos-de-su-puesta-en-valor\/#primaryimage"},"image":{"@id":"https:\/\/zonacaral.gob.pe\/en\/noticias\/caral-celebro-21-anos-de-su-puesta-en-valor\/#primaryimage"},"thumbnailUrl":"https:\/\/zonacaral.gob.pe\/wp-content\/uploads\/2015\/10\/26-10-2015-zac.jpg","datePublished":"2015-10-26T19:49:32+00:00","author":{"@id":"https:\/\/zonacaral.gob.pe\/es\/#\/schema\/person\/beddb4d22f71a7230c5b90913270a0ee"},"description":"La Ciudad Sagrada de Caral celebr\u00f3 su 21 aniversario junto a cientos de turistas que llegaron desde distintos puntos del pa\u00eds y del extranjero para conocer el significado y la trascendencia de la historia de la Civilizaci\u00f3n Caral en la historia no solo de Per\u00fa sino del continente americano.","breadcrumb":{"@id":"https:\/\/zonacaral.gob.pe\/en\/noticias\/caral-celebro-21-anos-de-su-puesta-en-valor\/#breadcrumb"},"inLanguage":"en-US","potentialAction":[{"@type":"ReadAction","target":["https:\/\/zonacaral.gob.pe\/en\/noticias\/caral-celebro-21-anos-de-su-puesta-en-valor\/"]}]},{"@type":"ImageObject","inLanguage":"en-US","@id":"https:\/\/zonacaral.gob.pe\/en\/noticias\/caral-celebro-21-anos-de-su-puesta-en-valor\/#primaryimage","url":"https:\/\/zonacaral.gob.pe\/wp-content\/uploads\/2015\/10\/26-10-2015-zac.jpg","contentUrl":"https:\/\/zonacaral.gob.pe\/wp-content\/uploads\/2015\/10\/26-10-2015-zac.jpg","width":900,"height":538},{"@type":"BreadcrumbList","@id":"https:\/\/zonacaral.gob.pe\/en\/noticias\/caral-celebro-21-anos-de-su-puesta-en-valor\/#breadcrumb","itemListElement":[{"@type":"ListItem","position":1,"name":"Portada","item":"https:\/\/zonacaral.gob.pe\/"},{"@type":"ListItem","position":2,"name":"Caral celebr\u00f3 21 a\u00f1os de su puesta en valor"}]},{"@type":"WebSite","@id":"https:\/\/zonacaral.gob.pe\/es\/#website","url":"https:\/\/zonacaral.gob.pe\/es\/","name":"Zona Caral","description":"Investigamos, conservamos y difundimos el patrimonio cultural de la Civilizaci\u00f3n Caral, la m\u00e1s antigua de Am\u00e9rica.","potentialAction":[{"@type":"SearchAction","target":{"@type":"EntryPoint","urlTemplate":"https:\/\/zonacaral.gob.pe\/es\/?s={search_term_string}"},"query-input":{"@type":"PropertyValueSpecification","valueRequired":true,"valueName":"search_term_string"}}],"inLanguage":"en-US"},{"@type":"Person","@id":"https:\/\/zonacaral.gob.pe\/es\/#\/schema\/person\/beddb4d22f71a7230c5b90913270a0ee","name":"Zona Caral Administrador","image":{"@type":"ImageObject","inLanguage":"en-US","@id":"https:\/\/secure.gravatar.com\/avatar\/e4be162918a696358376de6446614e0f0f4062bdc5d170d6d540ada3d8b58c12?s=96&d=mm&r=g","url":"https:\/\/secure.gravatar.com\/avatar\/e4be162918a696358376de6446614e0f0f4062bdc5d170d6d540ada3d8b58c12?s=96&d=mm&r=g","contentUrl":"https:\/\/secure.gravatar.com\/avatar\/e4be162918a696358376de6446614e0f0f4062bdc5d170d6d540ada3d8b58c12?s=96&d=mm&r=g","caption":"Zona Caral Administrador"},"sameAs":["https:\/\/zonacaral.gob.pe"],"url":"https:\/\/zonacaral.gob.pe\/en\/noticias\/author\/ad_zonacaral\/"}]}},"_links":{"self":[{"href":"https:\/\/zonacaral.gob.pe\/en\/wp-json\/wp\/v2\/posts\/9995","targetHints":{"allow":["GET"]}}],"collection":[{"href":"https:\/\/zonacaral.gob.pe\/en\/wp-json\/wp\/v2\/posts"}],"about":[{"href":"https:\/\/zonacaral.gob.pe\/en\/wp-json\/wp\/v2\/types\/post"}],"author":[{"embeddable":true,"href":"https:\/\/zonacaral.gob.pe\/en\/wp-json\/wp\/v2\/users\/1"}],"replies":[{"embeddable":true,"href":"https:\/\/zonacaral.gob.pe\/en\/wp-json\/wp\/v2\/comments?post=9995"}],"version-history":[{"count":0,"href":"https:\/\/zonacaral.gob.pe\/en\/wp-json\/wp\/v2\/posts\/9995\/revisions"}],"wp:featuredmedia":[{"embeddable":true,"href":"https:\/\/zonacaral.gob.pe\/en\/wp-json\/wp\/v2\/media\/9996"}],"wp:attachment":[{"href":"https:\/\/zonacaral.gob.pe\/en\/wp-json\/wp\/v2\/media?parent=9995"}],"wp:term":[{"taxonomy":"category","embeddable":true,"href":"https:\/\/zonacaral.gob.pe\/en\/wp-json\/wp\/v2\/categories?post=9995"},{"taxonomy":"post_tag","embeddable":true,"href":"https:\/\/zonacaral.gob.pe\/en\/wp-json\/wp\/v2\/tags?post=9995"}],"curies":[{"name":"wp","href":"https:\/\/api.w.org\/{rel}","templated":true}]}}