{"id":10050,"date":"2015-11-10T10:19:39","date_gmt":"2015-11-10T15:19:39","guid":{"rendered":"http:\/\/www.zonacaral.gob.pe\/?p=10050"},"modified":"2015-11-10T10:19:39","modified_gmt":"2015-11-10T15:19:39","slug":"arquitectos-firmaron-la-carta-caral-al-mundo","status":"publish","type":"post","link":"https:\/\/zonacaral.gob.pe\/es\/noticias\/arquitectos-firmaron-la-carta-caral-al-mundo\/","title":{"rendered":"Arquitectos firmaron la \u201cCARTA CARAL AL MUNDO\u201d"},"content":{"rendered":"<figure class=\"pic-autor\" style=\"color: #4d4d4d;\"><\/figure>\n<blockquote><p>El acto simb\u00f3lico se realiz\u00f3 en la Ciudad Sagrada de Caral<\/p><\/blockquote>\n<p style=\"text-align: justify;\">Con la participaci\u00f3n de m\u00e1s de 250 arquitectos, entre nacionales y extranjeros, se firm\u00f3 la <strong>\u201cCARTA CARAL AL MUNDO\u201d<\/strong>, el evento que se realiz\u00f3 en la Ciudad Sagrada de Caral cont\u00f3 con la participaci\u00f3n de autoridades de la UNESCO y directivos del Colegio de Arquitectos del Per\u00fa representados por su Decano Jos\u00e9 Arispe Ch\u00e1vez. La Dra. Ruth Shady, Directora de la Zona Arqueol\u00f3gica Caral, Unidad Ejecutora 003 adscrita al Ministerio de Cultura, particip\u00f3 del evento y resalt\u00f3 las t\u00e9cnicas de construcci\u00f3n de la Civilizaci\u00f3n Caral.<\/p>\n<p style=\"text-align: justify;\">Hay que se\u00f1alar que el Colegio de Arquitectos del Per\u00fa fue elegido por la Uni\u00f3n Internacional de Arquitectos como anfitri\u00f3n y organizador de este evento que afirmar\u00e1 el compromiso unitario y a nivel mundial de los participantes en un ordenamiento territorial respetando el medio ambiente y en el planteamiento de conceptos que contribuyan a buscar soluciones para tener ciudades sostenibles y seguras. Civilizaciones como Atenas en 1931, Venecia en 1964 y Machu Picchu en 1977 firmaron es carta hist\u00f3rica.<\/p>\n<p style=\"text-align: justify;\">Luego de 38 a\u00f1os Per\u00fa vuelve a hacer historia con esta importante firma en Caral, civilizaci\u00f3n que fue construida 5,000 a\u00f1os antes que la ciudadela de Machu Picchu y cuya sociedad desarroll\u00f3 tecnolog\u00edas apropiadas para un mejor aprovechamiento del territorio, con la preservaci\u00f3n del medio geogr\u00e1fico y sus recursos.<\/p>\n<p style=\"text-align: justify;\"><strong>\u201cCARTA CARAL AL MUNDO\u201d<\/strong> congreg\u00f3 alrededor de cien autoridades representantes de la Organizaci\u00f3n de las Naciones Unidas para el Habitat (UN-Habitat), la UNESCO, miembros de la Uni\u00f3n Internacional de Arquitectos (UIA), American Institute of Architecs (AIA), Federaci\u00f3n Panamericana de Arquitectos (FPAA), Regional de Arquitectos del Grupo Andino (RAGA), el Institute for Housing and Urban Development Studies (IHS) y destacados conferencistas extranjeros y nacionales.<\/p>\n<p style=\"color: #434343;\">Fuente:\u00a0<span style=\"color: #800000;\">Prensa ZAC<\/span><\/p>\n<p style=\"color: #000000;\">Fecha de publicaci\u00f3n: 04\/11\/2015<\/p>\n","protected":false},"excerpt":{"rendered":"<p>El acto simb\u00f3lico se realiz\u00f3 en la Ciudad Sagrada de Caral Con la participaci\u00f3n de m\u00e1s de 250 arquitectos, entre [&hellip;]<\/p>\n","protected":false},"author":1,"featured_media":10051,"comment_status":"closed","ping_status":"open","sticky":false,"template":"","format":"standard","meta":{"_acf_changed":false,"site-sidebar-layout":"default","site-content-layout":"","ast-site-content-layout":"default","site-content-style":"default","site-sidebar-style":"default","ast-global-header-display":"","ast-banner-title-visibility":"","ast-main-header-display":"","ast-hfb-above-header-display":"","ast-hfb-below-header-display":"","ast-hfb-mobile-header-display":"","site-post-title":"","ast-breadcrumbs-content":"","ast-featured-img":"","footer-sml-layout":"","ast-disable-related-posts":"","theme-transparent-header-meta":"","adv-header-id-meta":"","stick-header-meta":"","header-above-stick-meta":"","header-main-stick-meta":"","header-below-stick-meta":"","astra-migrate-meta-layouts":"default","ast-page-background-enabled":"default","ast-page-background-meta":{"desktop":{"background-color":"var(--ast-global-color-5)","background-image":"","background-repeat":"repeat","background-position":"center center","background-size":"auto","background-attachment":"scroll","background-type":"","background-media":"","overlay-type":"","overlay-color":"","overlay-opacity":"","overlay-gradient":""},"tablet":{"background-color":"","background-image":"","background-repeat":"repeat","background-position":"center center","background-size":"auto","background-attachment":"scroll","background-type":"","background-media":"","overlay-type":"","overlay-color":"","overlay-opacity":"","overlay-gradient":""},"mobile":{"background-color":"","background-image":"","background-repeat":"repeat","background-position":"center center","background-size":"auto","background-attachment":"scroll","background-type":"","background-media":"","overlay-type":"","overlay-color":"","overlay-opacity":"","overlay-gradient":""}},"ast-content-background-meta":{"desktop":{"background-color":"var(--ast-global-color-4)","background-image":"","background-repeat":"repeat","background-position":"center center","background-size":"auto","background-attachment":"scroll","background-type":"","background-media":"","overlay-type":"","overlay-color":"","overlay-opacity":"","overlay-gradient":""},"tablet":{"background-color":"var(--ast-global-color-4)","background-image":"","background-repeat":"repeat","background-position":"center center","background-size":"auto","background-attachment":"scroll","background-type":"","background-media":"","overlay-type":"","overlay-color":"","overlay-opacity":"","overlay-gradient":""},"mobile":{"background-color":"var(--ast-global-color-4)","background-image":"","background-repeat":"repeat","background-position":"center center","background-size":"auto","background-attachment":"scroll","background-type":"","background-media":"","overlay-type":"","overlay-color":"","overlay-opacity":"","overlay-gradient":""}},"footnotes":""},"categories":[208],"tags":[55,104],"class_list":["post-10050","post","type-post","status-publish","format-standard","has-post-thumbnail","hentry","category-noticias","tag-caral","tag-carta-caral"],"acf":[],"yoast_head":"<!-- This site is optimized with the Yoast SEO plugin v27.3 - https:\/\/yoast.com\/product\/yoast-seo-wordpress\/ -->\n<title>Arquitectos firmaron la \u201cCARTA CARAL AL MUNDO\u201d<\/title>\n<meta name=\"description\" content=\"Con la participaci\u00f3n de m\u00e1s de 250 arquitectos, entre nacionales y extranjeros, se firm\u00f3 la \u201cCARTA CARAL AL MUNDO\u201d, el evento que se realiz\u00f3 en la Ciudad Sagrada de Caral cont\u00f3 con la participaci\u00f3n de autoridades de la UNESCO y directivos del Colegio de Arquitectos del Per\u00fa representados por su Decano Jos\u00e9 Arispe Ch\u00e1vez. La Dra. Ruth Shady, Directora de la Zona Arqueol\u00f3gica Caral, Unidad Ejecutora 003 adscrita al Ministerio de Cultura, particip\u00f3 del evento y resalt\u00f3 las t\u00e9cnicas de construcci\u00f3n de la Civilizaci\u00f3n Caral.\" \/>\n<meta name=\"robots\" content=\"index, follow, max-snippet:-1, max-image-preview:large, max-video-preview:-1\" \/>\n<link rel=\"canonical\" href=\"https:\/\/zonacaral.gob.pe\/es\/noticias\/arquitectos-firmaron-la-carta-caral-al-mundo\/\" \/>\n<meta property=\"og:locale\" content=\"es_ES\" \/>\n<meta property=\"og:type\" content=\"article\" \/>\n<meta property=\"og:title\" content=\"Arquitectos firmaron la \u201cCARTA CARAL AL MUNDO\u201d\" \/>\n<meta property=\"og:description\" content=\"Con la participaci\u00f3n de m\u00e1s de 250 arquitectos, entre nacionales y extranjeros, se firm\u00f3 la \u201cCARTA CARAL AL MUNDO\u201d, el evento que se realiz\u00f3 en la Ciudad Sagrada de Caral cont\u00f3 con la participaci\u00f3n de autoridades de la UNESCO y directivos del Colegio de Arquitectos del Per\u00fa representados por su Decano Jos\u00e9 Arispe Ch\u00e1vez. La Dra. Ruth Shady, Directora de la Zona Arqueol\u00f3gica Caral, Unidad Ejecutora 003 adscrita al Ministerio de Cultura, particip\u00f3 del evento y resalt\u00f3 las t\u00e9cnicas de construcci\u00f3n de la Civilizaci\u00f3n Caral.\" \/>\n<meta property=\"og:url\" content=\"https:\/\/zonacaral.gob.pe\/es\/noticias\/arquitectos-firmaron-la-carta-caral-al-mundo\/\" \/>\n<meta property=\"og:site_name\" content=\"Zona Caral\" \/>\n<meta property=\"article:published_time\" content=\"2015-11-10T15:19:39+00:00\" \/>\n<meta property=\"og:image\" content=\"https:\/\/zonacaral.gob.pe\/wp-content\/uploads\/2015\/11\/10-11-2015-carat-caral.jpg\" \/>\n\t<meta property=\"og:image:width\" content=\"700\" \/>\n\t<meta property=\"og:image:height\" content=\"456\" \/>\n\t<meta property=\"og:image:type\" content=\"image\/jpeg\" \/>\n<meta name=\"author\" content=\"Zona Caral Administrador\" \/>\n<meta name=\"twitter:card\" content=\"summary_large_image\" \/>\n<meta name=\"twitter:label1\" content=\"Written by\" \/>\n\t<meta name=\"twitter:data1\" content=\"Zona Caral Administrador\" \/>\n\t<meta name=\"twitter:label2\" content=\"Est. reading time\" \/>\n\t<meta name=\"twitter:data2\" content=\"2 minutos\" \/>\n<script type=\"application\/ld+json\" class=\"yoast-schema-graph\">{\"@context\":\"https:\\\/\\\/schema.org\",\"@graph\":[{\"@type\":\"Article\",\"@id\":\"https:\\\/\\\/zonacaral.gob.pe\\\/en\\\/noticias\\\/arquitectos-firmaron-la-carta-caral-al-mundo\\\/#article\",\"isPartOf\":{\"@id\":\"https:\\\/\\\/zonacaral.gob.pe\\\/en\\\/noticias\\\/arquitectos-firmaron-la-carta-caral-al-mundo\\\/\"},\"author\":{\"name\":\"Zona Caral Administrador\",\"@id\":\"https:\\\/\\\/zonacaral.gob.pe\\\/es\\\/#\\\/schema\\\/person\\\/beddb4d22f71a7230c5b90913270a0ee\"},\"headline\":\"Arquitectos firmaron la \u201cCARTA CARAL AL MUNDO\u201d\",\"datePublished\":\"2015-11-10T15:19:39+00:00\",\"mainEntityOfPage\":{\"@id\":\"https:\\\/\\\/zonacaral.gob.pe\\\/en\\\/noticias\\\/arquitectos-firmaron-la-carta-caral-al-mundo\\\/\"},\"wordCount\":316,\"image\":{\"@id\":\"https:\\\/\\\/zonacaral.gob.pe\\\/en\\\/noticias\\\/arquitectos-firmaron-la-carta-caral-al-mundo\\\/#primaryimage\"},\"thumbnailUrl\":\"https:\\\/\\\/zonacaral.gob.pe\\\/wp-content\\\/uploads\\\/2015\\\/11\\\/10-11-2015-carat-caral.jpg\",\"keywords\":[\"caral\",\"carta caral\"],\"articleSection\":[\"noticias\"],\"inLanguage\":\"es-PE\"},{\"@type\":\"WebPage\",\"@id\":\"https:\\\/\\\/zonacaral.gob.pe\\\/en\\\/noticias\\\/arquitectos-firmaron-la-carta-caral-al-mundo\\\/\",\"url\":\"https:\\\/\\\/zonacaral.gob.pe\\\/en\\\/noticias\\\/arquitectos-firmaron-la-carta-caral-al-mundo\\\/\",\"name\":\"Arquitectos firmaron la \u201cCARTA CARAL AL MUNDO\u201d\",\"isPartOf\":{\"@id\":\"https:\\\/\\\/zonacaral.gob.pe\\\/es\\\/#website\"},\"primaryImageOfPage\":{\"@id\":\"https:\\\/\\\/zonacaral.gob.pe\\\/en\\\/noticias\\\/arquitectos-firmaron-la-carta-caral-al-mundo\\\/#primaryimage\"},\"image\":{\"@id\":\"https:\\\/\\\/zonacaral.gob.pe\\\/en\\\/noticias\\\/arquitectos-firmaron-la-carta-caral-al-mundo\\\/#primaryimage\"},\"thumbnailUrl\":\"https:\\\/\\\/zonacaral.gob.pe\\\/wp-content\\\/uploads\\\/2015\\\/11\\\/10-11-2015-carat-caral.jpg\",\"datePublished\":\"2015-11-10T15:19:39+00:00\",\"author\":{\"@id\":\"https:\\\/\\\/zonacaral.gob.pe\\\/es\\\/#\\\/schema\\\/person\\\/beddb4d22f71a7230c5b90913270a0ee\"},\"description\":\"Con la participaci\u00f3n de m\u00e1s de 250 arquitectos, entre nacionales y extranjeros, se firm\u00f3 la \u201cCARTA CARAL AL MUNDO\u201d, el evento que se realiz\u00f3 en la Ciudad Sagrada de Caral cont\u00f3 con la participaci\u00f3n de autoridades de la UNESCO y directivos del Colegio de Arquitectos del Per\u00fa representados por su Decano Jos\u00e9 Arispe Ch\u00e1vez. La Dra. Ruth Shady, Directora de la Zona Arqueol\u00f3gica Caral, Unidad Ejecutora 003 adscrita al Ministerio de Cultura, particip\u00f3 del evento y resalt\u00f3 las t\u00e9cnicas de construcci\u00f3n de la Civilizaci\u00f3n Caral.\",\"breadcrumb\":{\"@id\":\"https:\\\/\\\/zonacaral.gob.pe\\\/en\\\/noticias\\\/arquitectos-firmaron-la-carta-caral-al-mundo\\\/#breadcrumb\"},\"inLanguage\":\"es-PE\",\"potentialAction\":[{\"@type\":\"ReadAction\",\"target\":[\"https:\\\/\\\/zonacaral.gob.pe\\\/en\\\/noticias\\\/arquitectos-firmaron-la-carta-caral-al-mundo\\\/\"]}]},{\"@type\":\"ImageObject\",\"inLanguage\":\"es-PE\",\"@id\":\"https:\\\/\\\/zonacaral.gob.pe\\\/en\\\/noticias\\\/arquitectos-firmaron-la-carta-caral-al-mundo\\\/#primaryimage\",\"url\":\"https:\\\/\\\/zonacaral.gob.pe\\\/wp-content\\\/uploads\\\/2015\\\/11\\\/10-11-2015-carat-caral.jpg\",\"contentUrl\":\"https:\\\/\\\/zonacaral.gob.pe\\\/wp-content\\\/uploads\\\/2015\\\/11\\\/10-11-2015-carat-caral.jpg\",\"width\":700,\"height\":456},{\"@type\":\"BreadcrumbList\",\"@id\":\"https:\\\/\\\/zonacaral.gob.pe\\\/en\\\/noticias\\\/arquitectos-firmaron-la-carta-caral-al-mundo\\\/#breadcrumb\",\"itemListElement\":[{\"@type\":\"ListItem\",\"position\":1,\"name\":\"Portada\",\"item\":\"https:\\\/\\\/zonacaral.gob.pe\\\/\"},{\"@type\":\"ListItem\",\"position\":2,\"name\":\"Arquitectos firmaron la \u201cCARTA CARAL AL MUNDO\u201d\"}]},{\"@type\":\"WebSite\",\"@id\":\"https:\\\/\\\/zonacaral.gob.pe\\\/es\\\/#website\",\"url\":\"https:\\\/\\\/zonacaral.gob.pe\\\/es\\\/\",\"name\":\"Zona Caral\",\"description\":\"Investigamos, conservamos y difundimos el patrimonio cultural de la Civilizaci\u00f3n Caral, la m\u00e1s antigua de Am\u00e9rica.\",\"potentialAction\":[{\"@type\":\"SearchAction\",\"target\":{\"@type\":\"EntryPoint\",\"urlTemplate\":\"https:\\\/\\\/zonacaral.gob.pe\\\/es\\\/?s={search_term_string}\"},\"query-input\":{\"@type\":\"PropertyValueSpecification\",\"valueRequired\":true,\"valueName\":\"search_term_string\"}}],\"inLanguage\":\"es-PE\"},{\"@type\":\"Person\",\"@id\":\"https:\\\/\\\/zonacaral.gob.pe\\\/es\\\/#\\\/schema\\\/person\\\/beddb4d22f71a7230c5b90913270a0ee\",\"name\":\"Zona Caral Administrador\",\"image\":{\"@type\":\"ImageObject\",\"inLanguage\":\"es-PE\",\"@id\":\"https:\\\/\\\/secure.gravatar.com\\\/avatar\\\/e4be162918a696358376de6446614e0f0f4062bdc5d170d6d540ada3d8b58c12?s=96&d=mm&r=g\",\"url\":\"https:\\\/\\\/secure.gravatar.com\\\/avatar\\\/e4be162918a696358376de6446614e0f0f4062bdc5d170d6d540ada3d8b58c12?s=96&d=mm&r=g\",\"contentUrl\":\"https:\\\/\\\/secure.gravatar.com\\\/avatar\\\/e4be162918a696358376de6446614e0f0f4062bdc5d170d6d540ada3d8b58c12?s=96&d=mm&r=g\",\"caption\":\"Zona Caral Administrador\"},\"sameAs\":[\"https:\\\/\\\/zonacaral.gob.pe\"],\"url\":\"https:\\\/\\\/zonacaral.gob.pe\\\/es\\\/noticias\\\/author\\\/ad_zonacaral\\\/\"}]}<\/script>\n<!-- \/ Yoast SEO plugin. -->","yoast_head_json":{"title":"Arquitectos firmaron la \u201cCARTA CARAL AL MUNDO\u201d","description":"Con la participaci\u00f3n de m\u00e1s de 250 arquitectos, entre nacionales y extranjeros, se firm\u00f3 la \u201cCARTA CARAL AL MUNDO\u201d, el evento que se realiz\u00f3 en la Ciudad Sagrada de Caral cont\u00f3 con la participaci\u00f3n de autoridades de la UNESCO y directivos del Colegio de Arquitectos del Per\u00fa representados por su Decano Jos\u00e9 Arispe Ch\u00e1vez. La Dra. Ruth Shady, Directora de la Zona Arqueol\u00f3gica Caral, Unidad Ejecutora 003 adscrita al Ministerio de Cultura, particip\u00f3 del evento y resalt\u00f3 las t\u00e9cnicas de construcci\u00f3n de la Civilizaci\u00f3n Caral.","robots":{"index":"index","follow":"follow","max-snippet":"max-snippet:-1","max-image-preview":"max-image-preview:large","max-video-preview":"max-video-preview:-1"},"canonical":"https:\/\/zonacaral.gob.pe\/es\/noticias\/arquitectos-firmaron-la-carta-caral-al-mundo\/","og_locale":"es_ES","og_type":"article","og_title":"Arquitectos firmaron la \u201cCARTA CARAL AL MUNDO\u201d","og_description":"Con la participaci\u00f3n de m\u00e1s de 250 arquitectos, entre nacionales y extranjeros, se firm\u00f3 la \u201cCARTA CARAL AL MUNDO\u201d, el evento que se realiz\u00f3 en la Ciudad Sagrada de Caral cont\u00f3 con la participaci\u00f3n de autoridades de la UNESCO y directivos del Colegio de Arquitectos del Per\u00fa representados por su Decano Jos\u00e9 Arispe Ch\u00e1vez. La Dra. Ruth Shady, Directora de la Zona Arqueol\u00f3gica Caral, Unidad Ejecutora 003 adscrita al Ministerio de Cultura, particip\u00f3 del evento y resalt\u00f3 las t\u00e9cnicas de construcci\u00f3n de la Civilizaci\u00f3n Caral.","og_url":"https:\/\/zonacaral.gob.pe\/es\/noticias\/arquitectos-firmaron-la-carta-caral-al-mundo\/","og_site_name":"Zona Caral","article_published_time":"2015-11-10T15:19:39+00:00","og_image":[{"width":700,"height":456,"url":"https:\/\/zonacaral.gob.pe\/wp-content\/uploads\/2015\/11\/10-11-2015-carat-caral.jpg","type":"image\/jpeg"}],"author":"Zona Caral Administrador","twitter_card":"summary_large_image","twitter_misc":{"Written by":"Zona Caral Administrador","Est. reading time":"2 minutos"},"schema":{"@context":"https:\/\/schema.org","@graph":[{"@type":"Article","@id":"https:\/\/zonacaral.gob.pe\/en\/noticias\/arquitectos-firmaron-la-carta-caral-al-mundo\/#article","isPartOf":{"@id":"https:\/\/zonacaral.gob.pe\/en\/noticias\/arquitectos-firmaron-la-carta-caral-al-mundo\/"},"author":{"name":"Zona Caral Administrador","@id":"https:\/\/zonacaral.gob.pe\/es\/#\/schema\/person\/beddb4d22f71a7230c5b90913270a0ee"},"headline":"Arquitectos firmaron la \u201cCARTA CARAL AL MUNDO\u201d","datePublished":"2015-11-10T15:19:39+00:00","mainEntityOfPage":{"@id":"https:\/\/zonacaral.gob.pe\/en\/noticias\/arquitectos-firmaron-la-carta-caral-al-mundo\/"},"wordCount":316,"image":{"@id":"https:\/\/zonacaral.gob.pe\/en\/noticias\/arquitectos-firmaron-la-carta-caral-al-mundo\/#primaryimage"},"thumbnailUrl":"https:\/\/zonacaral.gob.pe\/wp-content\/uploads\/2015\/11\/10-11-2015-carat-caral.jpg","keywords":["caral","carta caral"],"articleSection":["noticias"],"inLanguage":"es-PE"},{"@type":"WebPage","@id":"https:\/\/zonacaral.gob.pe\/en\/noticias\/arquitectos-firmaron-la-carta-caral-al-mundo\/","url":"https:\/\/zonacaral.gob.pe\/en\/noticias\/arquitectos-firmaron-la-carta-caral-al-mundo\/","name":"Arquitectos firmaron la \u201cCARTA CARAL AL MUNDO\u201d","isPartOf":{"@id":"https:\/\/zonacaral.gob.pe\/es\/#website"},"primaryImageOfPage":{"@id":"https:\/\/zonacaral.gob.pe\/en\/noticias\/arquitectos-firmaron-la-carta-caral-al-mundo\/#primaryimage"},"image":{"@id":"https:\/\/zonacaral.gob.pe\/en\/noticias\/arquitectos-firmaron-la-carta-caral-al-mundo\/#primaryimage"},"thumbnailUrl":"https:\/\/zonacaral.gob.pe\/wp-content\/uploads\/2015\/11\/10-11-2015-carat-caral.jpg","datePublished":"2015-11-10T15:19:39+00:00","author":{"@id":"https:\/\/zonacaral.gob.pe\/es\/#\/schema\/person\/beddb4d22f71a7230c5b90913270a0ee"},"description":"Con la participaci\u00f3n de m\u00e1s de 250 arquitectos, entre nacionales y extranjeros, se firm\u00f3 la \u201cCARTA CARAL AL MUNDO\u201d, el evento que se realiz\u00f3 en la Ciudad Sagrada de Caral cont\u00f3 con la participaci\u00f3n de autoridades de la UNESCO y directivos del Colegio de Arquitectos del Per\u00fa representados por su Decano Jos\u00e9 Arispe Ch\u00e1vez. La Dra. Ruth Shady, Directora de la Zona Arqueol\u00f3gica Caral, Unidad Ejecutora 003 adscrita al Ministerio de Cultura, particip\u00f3 del evento y resalt\u00f3 las t\u00e9cnicas de construcci\u00f3n de la Civilizaci\u00f3n Caral.","breadcrumb":{"@id":"https:\/\/zonacaral.gob.pe\/en\/noticias\/arquitectos-firmaron-la-carta-caral-al-mundo\/#breadcrumb"},"inLanguage":"es-PE","potentialAction":[{"@type":"ReadAction","target":["https:\/\/zonacaral.gob.pe\/en\/noticias\/arquitectos-firmaron-la-carta-caral-al-mundo\/"]}]},{"@type":"ImageObject","inLanguage":"es-PE","@id":"https:\/\/zonacaral.gob.pe\/en\/noticias\/arquitectos-firmaron-la-carta-caral-al-mundo\/#primaryimage","url":"https:\/\/zonacaral.gob.pe\/wp-content\/uploads\/2015\/11\/10-11-2015-carat-caral.jpg","contentUrl":"https:\/\/zonacaral.gob.pe\/wp-content\/uploads\/2015\/11\/10-11-2015-carat-caral.jpg","width":700,"height":456},{"@type":"BreadcrumbList","@id":"https:\/\/zonacaral.gob.pe\/en\/noticias\/arquitectos-firmaron-la-carta-caral-al-mundo\/#breadcrumb","itemListElement":[{"@type":"ListItem","position":1,"name":"Portada","item":"https:\/\/zonacaral.gob.pe\/"},{"@type":"ListItem","position":2,"name":"Arquitectos firmaron la \u201cCARTA CARAL AL MUNDO\u201d"}]},{"@type":"WebSite","@id":"https:\/\/zonacaral.gob.pe\/es\/#website","url":"https:\/\/zonacaral.gob.pe\/es\/","name":"Zona Caral","description":"Investigamos, conservamos y difundimos el patrimonio cultural de la Civilizaci\u00f3n Caral, la m\u00e1s antigua de Am\u00e9rica.","potentialAction":[{"@type":"SearchAction","target":{"@type":"EntryPoint","urlTemplate":"https:\/\/zonacaral.gob.pe\/es\/?s={search_term_string}"},"query-input":{"@type":"PropertyValueSpecification","valueRequired":true,"valueName":"search_term_string"}}],"inLanguage":"es-PE"},{"@type":"Person","@id":"https:\/\/zonacaral.gob.pe\/es\/#\/schema\/person\/beddb4d22f71a7230c5b90913270a0ee","name":"Zona Caral Administrador","image":{"@type":"ImageObject","inLanguage":"es-PE","@id":"https:\/\/secure.gravatar.com\/avatar\/e4be162918a696358376de6446614e0f0f4062bdc5d170d6d540ada3d8b58c12?s=96&d=mm&r=g","url":"https:\/\/secure.gravatar.com\/avatar\/e4be162918a696358376de6446614e0f0f4062bdc5d170d6d540ada3d8b58c12?s=96&d=mm&r=g","contentUrl":"https:\/\/secure.gravatar.com\/avatar\/e4be162918a696358376de6446614e0f0f4062bdc5d170d6d540ada3d8b58c12?s=96&d=mm&r=g","caption":"Zona Caral Administrador"},"sameAs":["https:\/\/zonacaral.gob.pe"],"url":"https:\/\/zonacaral.gob.pe\/es\/noticias\/author\/ad_zonacaral\/"}]}},"_links":{"self":[{"href":"https:\/\/zonacaral.gob.pe\/es\/wp-json\/wp\/v2\/posts\/10050","targetHints":{"allow":["GET"]}}],"collection":[{"href":"https:\/\/zonacaral.gob.pe\/es\/wp-json\/wp\/v2\/posts"}],"about":[{"href":"https:\/\/zonacaral.gob.pe\/es\/wp-json\/wp\/v2\/types\/post"}],"author":[{"embeddable":true,"href":"https:\/\/zonacaral.gob.pe\/es\/wp-json\/wp\/v2\/users\/1"}],"replies":[{"embeddable":true,"href":"https:\/\/zonacaral.gob.pe\/es\/wp-json\/wp\/v2\/comments?post=10050"}],"version-history":[{"count":0,"href":"https:\/\/zonacaral.gob.pe\/es\/wp-json\/wp\/v2\/posts\/10050\/revisions"}],"wp:featuredmedia":[{"embeddable":true,"href":"https:\/\/zonacaral.gob.pe\/es\/wp-json\/wp\/v2\/media\/10051"}],"wp:attachment":[{"href":"https:\/\/zonacaral.gob.pe\/es\/wp-json\/wp\/v2\/media?parent=10050"}],"wp:term":[{"taxonomy":"category","embeddable":true,"href":"https:\/\/zonacaral.gob.pe\/es\/wp-json\/wp\/v2\/categories?post=10050"},{"taxonomy":"post_tag","embeddable":true,"href":"https:\/\/zonacaral.gob.pe\/es\/wp-json\/wp\/v2\/tags?post=10050"}],"curies":[{"name":"wp","href":"https:\/\/api.w.org\/{rel}","templated":true}]}}