{"id":10096,"date":"2015-11-24T09:55:13","date_gmt":"2015-11-24T14:55:13","guid":{"rendered":"http:\/\/www.zonacaral.gob.pe\/?p=10096"},"modified":"2015-11-24T09:55:13","modified_gmt":"2015-11-24T14:55:13","slug":"asociacion-de-agricultores-organicos-del-valle-caral-supe","status":"publish","type":"post","link":"https:\/\/zonacaral.gob.pe\/es\/noticias\/asociacion-de-agricultores-organicos-del-valle-caral-supe\/","title":{"rendered":"Asociaci\u00f3n de Agricultores Org\u00e1nicos del valle Caral Supe"},"content":{"rendered":"<figure class=\"pic-autor\" style=\"color: #4d4d4d;\"><\/figure>\n<p>La Asociaci\u00f3n de Productores del valle Caral del distrito de Supe, Provincia de Barranca recibi\u00f3 la \u201cCredencial\u201d para hacer efectivo el premio antes ganado en un concurso organizado por el programa PROCOMPITE. Los agricultores, en los pr\u00f3ximos d\u00edas recibir\u00e1n\u00a0 \u00a0plantones e insumos para cultivar, de manera org\u00e1nica, el Durazno variedad Huayco Rojo. Hay que se\u00f1alar que los agricultores fueron capacitados por la Sub Direcci\u00f3n de Relaciones Comunitarias de la\u00a0 Zona Arqueol\u00f3gica Caral, Unidad Ejecutora 003, del Ministerio de Cultura, en el marco de un convenio de Cooperaci\u00f3n Interinstitucional con la empresa San Fernando S.A.<\/p>\n<p style=\"color: #434343;\">Fuente:\u00a0Prensa ZAC<\/p>\n<p style=\"color: #000000;\">Fecha de publicaci\u00f3n: 24\/11\/2015<\/p>\n","protected":false},"excerpt":{"rendered":"<p>La Asociaci\u00f3n de Productores del valle Caral del distrito de Supe, Provincia de Barranca recibi\u00f3 la \u201cCredencial\u201d para hacer efectivo [&hellip;]<\/p>\n","protected":false},"author":1,"featured_media":10097,"comment_status":"closed","ping_status":"open","sticky":false,"template":"","format":"standard","meta":{"_acf_changed":false,"site-sidebar-layout":"default","site-content-layout":"","ast-site-content-layout":"default","site-content-style":"default","site-sidebar-style":"default","ast-global-header-display":"","ast-banner-title-visibility":"","ast-main-header-display":"","ast-hfb-above-header-display":"","ast-hfb-below-header-display":"","ast-hfb-mobile-header-display":"","site-post-title":"","ast-breadcrumbs-content":"","ast-featured-img":"","footer-sml-layout":"","ast-disable-related-posts":"","theme-transparent-header-meta":"","adv-header-id-meta":"","stick-header-meta":"","header-above-stick-meta":"","header-main-stick-meta":"","header-below-stick-meta":"","astra-migrate-meta-layouts":"default","ast-page-background-enabled":"default","ast-page-background-meta":{"desktop":{"background-color":"var(--ast-global-color-5)","background-image":"","background-repeat":"repeat","background-position":"center center","background-size":"auto","background-attachment":"scroll","background-type":"","background-media":"","overlay-type":"","overlay-color":"","overlay-opacity":"","overlay-gradient":""},"tablet":{"background-color":"","background-image":"","background-repeat":"repeat","background-position":"center center","background-size":"auto","background-attachment":"scroll","background-type":"","background-media":"","overlay-type":"","overlay-color":"","overlay-opacity":"","overlay-gradient":""},"mobile":{"background-color":"","background-image":"","background-repeat":"repeat","background-position":"center center","background-size":"auto","background-attachment":"scroll","background-type":"","background-media":"","overlay-type":"","overlay-color":"","overlay-opacity":"","overlay-gradient":""}},"ast-content-background-meta":{"desktop":{"background-color":"var(--ast-global-color-4)","background-image":"","background-repeat":"repeat","background-position":"center center","background-size":"auto","background-attachment":"scroll","background-type":"","background-media":"","overlay-type":"","overlay-color":"","overlay-opacity":"","overlay-gradient":""},"tablet":{"background-color":"var(--ast-global-color-4)","background-image":"","background-repeat":"repeat","background-position":"center center","background-size":"auto","background-attachment":"scroll","background-type":"","background-media":"","overlay-type":"","overlay-color":"","overlay-opacity":"","overlay-gradient":""},"mobile":{"background-color":"var(--ast-global-color-4)","background-image":"","background-repeat":"repeat","background-position":"center center","background-size":"auto","background-attachment":"scroll","background-type":"","background-media":"","overlay-type":"","overlay-color":"","overlay-opacity":"","overlay-gradient":""}},"footnotes":""},"categories":[208],"tags":[55,107],"class_list":["post-10096","post","type-post","status-publish","format-standard","has-post-thumbnail","hentry","category-noticias","tag-caral","tag-gobierno-regional"],"acf":[],"yoast_head":"<!-- This site is optimized with the Yoast SEO plugin v27.3 - https:\/\/yoast.com\/product\/yoast-seo-wordpress\/ -->\n<title>Asociaci\u00f3n de Agricultores Org\u00e1nicos del valle Caral Supe<\/title>\n<meta name=\"description\" content=\"La Asociaci\u00f3n de Productores del valle Caral del distrito de Supe, Provincia de Barranca recibi\u00f3 la \u201cCredencial\u201d para hacer efectivo el premio antes ganado en un concurso organizado por el programa PROCOMPITE.\" \/>\n<meta name=\"robots\" content=\"index, follow, max-snippet:-1, max-image-preview:large, max-video-preview:-1\" \/>\n<link rel=\"canonical\" href=\"https:\/\/zonacaral.gob.pe\/es\/noticias\/asociacion-de-agricultores-organicos-del-valle-caral-supe\/\" \/>\n<meta property=\"og:locale\" content=\"es_ES\" \/>\n<meta property=\"og:type\" content=\"article\" \/>\n<meta property=\"og:title\" content=\"Asociaci\u00f3n de Agricultores Org\u00e1nicos del valle Caral Supe\" \/>\n<meta property=\"og:description\" content=\"La Asociaci\u00f3n de Productores del valle Caral del distrito de Supe, Provincia de Barranca recibi\u00f3 la \u201cCredencial\u201d para hacer efectivo el premio antes ganado en un concurso organizado por el programa PROCOMPITE.\" \/>\n<meta property=\"og:url\" content=\"https:\/\/zonacaral.gob.pe\/es\/noticias\/asociacion-de-agricultores-organicos-del-valle-caral-supe\/\" \/>\n<meta property=\"og:site_name\" content=\"Zona Caral\" \/>\n<meta property=\"article:published_time\" content=\"2015-11-24T14:55:13+00:00\" \/>\n<meta property=\"og:image\" content=\"https:\/\/zonacaral.gob.pe\/wp-content\/uploads\/2015\/11\/24-11-2015-gobierno-regional-premio.jpg\" \/>\n\t<meta property=\"og:image:width\" content=\"700\" \/>\n\t<meta property=\"og:image:height\" content=\"513\" \/>\n\t<meta property=\"og:image:type\" content=\"image\/jpeg\" \/>\n<meta name=\"author\" content=\"Zona Caral Administrador\" \/>\n<meta name=\"twitter:card\" content=\"summary_large_image\" \/>\n<meta name=\"twitter:label1\" content=\"Written by\" \/>\n\t<meta name=\"twitter:data1\" content=\"Zona Caral Administrador\" \/>\n\t<meta name=\"twitter:label2\" content=\"Est. reading time\" \/>\n\t<meta name=\"twitter:data2\" content=\"1 minuto\" \/>\n<script type=\"application\/ld+json\" class=\"yoast-schema-graph\">{\"@context\":\"https:\\\/\\\/schema.org\",\"@graph\":[{\"@type\":\"Article\",\"@id\":\"https:\\\/\\\/zonacaral.gob.pe\\\/en\\\/noticias\\\/asociacion-de-agricultores-organicos-del-valle-caral-supe\\\/#article\",\"isPartOf\":{\"@id\":\"https:\\\/\\\/zonacaral.gob.pe\\\/en\\\/noticias\\\/asociacion-de-agricultores-organicos-del-valle-caral-supe\\\/\"},\"author\":{\"name\":\"Zona Caral Administrador\",\"@id\":\"https:\\\/\\\/zonacaral.gob.pe\\\/es\\\/#\\\/schema\\\/person\\\/beddb4d22f71a7230c5b90913270a0ee\"},\"headline\":\"Asociaci\u00f3n de Agricultores Org\u00e1nicos del valle Caral Supe\",\"datePublished\":\"2015-11-24T14:55:13+00:00\",\"mainEntityOfPage\":{\"@id\":\"https:\\\/\\\/zonacaral.gob.pe\\\/en\\\/noticias\\\/asociacion-de-agricultores-organicos-del-valle-caral-supe\\\/\"},\"wordCount\":120,\"image\":{\"@id\":\"https:\\\/\\\/zonacaral.gob.pe\\\/en\\\/noticias\\\/asociacion-de-agricultores-organicos-del-valle-caral-supe\\\/#primaryimage\"},\"thumbnailUrl\":\"https:\\\/\\\/zonacaral.gob.pe\\\/wp-content\\\/uploads\\\/2015\\\/11\\\/24-11-2015-gobierno-regional-premio.jpg\",\"keywords\":[\"caral\",\"gobierno regional\"],\"articleSection\":[\"noticias\"],\"inLanguage\":\"es-PE\"},{\"@type\":\"WebPage\",\"@id\":\"https:\\\/\\\/zonacaral.gob.pe\\\/en\\\/noticias\\\/asociacion-de-agricultores-organicos-del-valle-caral-supe\\\/\",\"url\":\"https:\\\/\\\/zonacaral.gob.pe\\\/en\\\/noticias\\\/asociacion-de-agricultores-organicos-del-valle-caral-supe\\\/\",\"name\":\"Asociaci\u00f3n de Agricultores Org\u00e1nicos del valle Caral Supe\",\"isPartOf\":{\"@id\":\"https:\\\/\\\/zonacaral.gob.pe\\\/es\\\/#website\"},\"primaryImageOfPage\":{\"@id\":\"https:\\\/\\\/zonacaral.gob.pe\\\/en\\\/noticias\\\/asociacion-de-agricultores-organicos-del-valle-caral-supe\\\/#primaryimage\"},\"image\":{\"@id\":\"https:\\\/\\\/zonacaral.gob.pe\\\/en\\\/noticias\\\/asociacion-de-agricultores-organicos-del-valle-caral-supe\\\/#primaryimage\"},\"thumbnailUrl\":\"https:\\\/\\\/zonacaral.gob.pe\\\/wp-content\\\/uploads\\\/2015\\\/11\\\/24-11-2015-gobierno-regional-premio.jpg\",\"datePublished\":\"2015-11-24T14:55:13+00:00\",\"author\":{\"@id\":\"https:\\\/\\\/zonacaral.gob.pe\\\/es\\\/#\\\/schema\\\/person\\\/beddb4d22f71a7230c5b90913270a0ee\"},\"description\":\"La Asociaci\u00f3n de Productores del valle Caral del distrito de Supe, Provincia de Barranca recibi\u00f3 la \u201cCredencial\u201d para hacer efectivo el premio antes ganado en un concurso organizado por el programa PROCOMPITE.\",\"breadcrumb\":{\"@id\":\"https:\\\/\\\/zonacaral.gob.pe\\\/en\\\/noticias\\\/asociacion-de-agricultores-organicos-del-valle-caral-supe\\\/#breadcrumb\"},\"inLanguage\":\"es-PE\",\"potentialAction\":[{\"@type\":\"ReadAction\",\"target\":[\"https:\\\/\\\/zonacaral.gob.pe\\\/en\\\/noticias\\\/asociacion-de-agricultores-organicos-del-valle-caral-supe\\\/\"]}]},{\"@type\":\"ImageObject\",\"inLanguage\":\"es-PE\",\"@id\":\"https:\\\/\\\/zonacaral.gob.pe\\\/en\\\/noticias\\\/asociacion-de-agricultores-organicos-del-valle-caral-supe\\\/#primaryimage\",\"url\":\"https:\\\/\\\/zonacaral.gob.pe\\\/wp-content\\\/uploads\\\/2015\\\/11\\\/24-11-2015-gobierno-regional-premio.jpg\",\"contentUrl\":\"https:\\\/\\\/zonacaral.gob.pe\\\/wp-content\\\/uploads\\\/2015\\\/11\\\/24-11-2015-gobierno-regional-premio.jpg\",\"width\":700,\"height\":513},{\"@type\":\"BreadcrumbList\",\"@id\":\"https:\\\/\\\/zonacaral.gob.pe\\\/en\\\/noticias\\\/asociacion-de-agricultores-organicos-del-valle-caral-supe\\\/#breadcrumb\",\"itemListElement\":[{\"@type\":\"ListItem\",\"position\":1,\"name\":\"Portada\",\"item\":\"https:\\\/\\\/zonacaral.gob.pe\\\/\"},{\"@type\":\"ListItem\",\"position\":2,\"name\":\"Asociaci\u00f3n de Agricultores Org\u00e1nicos del valle Caral Supe\"}]},{\"@type\":\"WebSite\",\"@id\":\"https:\\\/\\\/zonacaral.gob.pe\\\/es\\\/#website\",\"url\":\"https:\\\/\\\/zonacaral.gob.pe\\\/es\\\/\",\"name\":\"Zona Caral\",\"description\":\"Investigamos, conservamos y difundimos el patrimonio cultural de la Civilizaci\u00f3n Caral, la m\u00e1s antigua de Am\u00e9rica.\",\"potentialAction\":[{\"@type\":\"SearchAction\",\"target\":{\"@type\":\"EntryPoint\",\"urlTemplate\":\"https:\\\/\\\/zonacaral.gob.pe\\\/es\\\/?s={search_term_string}\"},\"query-input\":{\"@type\":\"PropertyValueSpecification\",\"valueRequired\":true,\"valueName\":\"search_term_string\"}}],\"inLanguage\":\"es-PE\"},{\"@type\":\"Person\",\"@id\":\"https:\\\/\\\/zonacaral.gob.pe\\\/es\\\/#\\\/schema\\\/person\\\/beddb4d22f71a7230c5b90913270a0ee\",\"name\":\"Zona Caral Administrador\",\"image\":{\"@type\":\"ImageObject\",\"inLanguage\":\"es-PE\",\"@id\":\"https:\\\/\\\/secure.gravatar.com\\\/avatar\\\/e4be162918a696358376de6446614e0f0f4062bdc5d170d6d540ada3d8b58c12?s=96&d=mm&r=g\",\"url\":\"https:\\\/\\\/secure.gravatar.com\\\/avatar\\\/e4be162918a696358376de6446614e0f0f4062bdc5d170d6d540ada3d8b58c12?s=96&d=mm&r=g\",\"contentUrl\":\"https:\\\/\\\/secure.gravatar.com\\\/avatar\\\/e4be162918a696358376de6446614e0f0f4062bdc5d170d6d540ada3d8b58c12?s=96&d=mm&r=g\",\"caption\":\"Zona Caral Administrador\"},\"sameAs\":[\"https:\\\/\\\/zonacaral.gob.pe\"],\"url\":\"https:\\\/\\\/zonacaral.gob.pe\\\/es\\\/noticias\\\/author\\\/ad_zonacaral\\\/\"}]}<\/script>\n<!-- \/ Yoast SEO plugin. -->","yoast_head_json":{"title":"Asociaci\u00f3n de Agricultores Org\u00e1nicos del valle Caral Supe","description":"La Asociaci\u00f3n de Productores del valle Caral del distrito de Supe, Provincia de Barranca recibi\u00f3 la \u201cCredencial\u201d para hacer efectivo el premio antes ganado en un concurso organizado por el programa PROCOMPITE.","robots":{"index":"index","follow":"follow","max-snippet":"max-snippet:-1","max-image-preview":"max-image-preview:large","max-video-preview":"max-video-preview:-1"},"canonical":"https:\/\/zonacaral.gob.pe\/es\/noticias\/asociacion-de-agricultores-organicos-del-valle-caral-supe\/","og_locale":"es_ES","og_type":"article","og_title":"Asociaci\u00f3n de Agricultores Org\u00e1nicos del valle Caral Supe","og_description":"La Asociaci\u00f3n de Productores del valle Caral del distrito de Supe, Provincia de Barranca recibi\u00f3 la \u201cCredencial\u201d para hacer efectivo el premio antes ganado en un concurso organizado por el programa PROCOMPITE.","og_url":"https:\/\/zonacaral.gob.pe\/es\/noticias\/asociacion-de-agricultores-organicos-del-valle-caral-supe\/","og_site_name":"Zona Caral","article_published_time":"2015-11-24T14:55:13+00:00","og_image":[{"width":700,"height":513,"url":"https:\/\/zonacaral.gob.pe\/wp-content\/uploads\/2015\/11\/24-11-2015-gobierno-regional-premio.jpg","type":"image\/jpeg"}],"author":"Zona Caral Administrador","twitter_card":"summary_large_image","twitter_misc":{"Written by":"Zona Caral Administrador","Est. reading time":"1 minuto"},"schema":{"@context":"https:\/\/schema.org","@graph":[{"@type":"Article","@id":"https:\/\/zonacaral.gob.pe\/en\/noticias\/asociacion-de-agricultores-organicos-del-valle-caral-supe\/#article","isPartOf":{"@id":"https:\/\/zonacaral.gob.pe\/en\/noticias\/asociacion-de-agricultores-organicos-del-valle-caral-supe\/"},"author":{"name":"Zona Caral Administrador","@id":"https:\/\/zonacaral.gob.pe\/es\/#\/schema\/person\/beddb4d22f71a7230c5b90913270a0ee"},"headline":"Asociaci\u00f3n de Agricultores Org\u00e1nicos del valle Caral Supe","datePublished":"2015-11-24T14:55:13+00:00","mainEntityOfPage":{"@id":"https:\/\/zonacaral.gob.pe\/en\/noticias\/asociacion-de-agricultores-organicos-del-valle-caral-supe\/"},"wordCount":120,"image":{"@id":"https:\/\/zonacaral.gob.pe\/en\/noticias\/asociacion-de-agricultores-organicos-del-valle-caral-supe\/#primaryimage"},"thumbnailUrl":"https:\/\/zonacaral.gob.pe\/wp-content\/uploads\/2015\/11\/24-11-2015-gobierno-regional-premio.jpg","keywords":["caral","gobierno regional"],"articleSection":["noticias"],"inLanguage":"es-PE"},{"@type":"WebPage","@id":"https:\/\/zonacaral.gob.pe\/en\/noticias\/asociacion-de-agricultores-organicos-del-valle-caral-supe\/","url":"https:\/\/zonacaral.gob.pe\/en\/noticias\/asociacion-de-agricultores-organicos-del-valle-caral-supe\/","name":"Asociaci\u00f3n de Agricultores Org\u00e1nicos del valle Caral Supe","isPartOf":{"@id":"https:\/\/zonacaral.gob.pe\/es\/#website"},"primaryImageOfPage":{"@id":"https:\/\/zonacaral.gob.pe\/en\/noticias\/asociacion-de-agricultores-organicos-del-valle-caral-supe\/#primaryimage"},"image":{"@id":"https:\/\/zonacaral.gob.pe\/en\/noticias\/asociacion-de-agricultores-organicos-del-valle-caral-supe\/#primaryimage"},"thumbnailUrl":"https:\/\/zonacaral.gob.pe\/wp-content\/uploads\/2015\/11\/24-11-2015-gobierno-regional-premio.jpg","datePublished":"2015-11-24T14:55:13+00:00","author":{"@id":"https:\/\/zonacaral.gob.pe\/es\/#\/schema\/person\/beddb4d22f71a7230c5b90913270a0ee"},"description":"La Asociaci\u00f3n de Productores del valle Caral del distrito de Supe, Provincia de Barranca recibi\u00f3 la \u201cCredencial\u201d para hacer efectivo el premio antes ganado en un concurso organizado por el programa PROCOMPITE.","breadcrumb":{"@id":"https:\/\/zonacaral.gob.pe\/en\/noticias\/asociacion-de-agricultores-organicos-del-valle-caral-supe\/#breadcrumb"},"inLanguage":"es-PE","potentialAction":[{"@type":"ReadAction","target":["https:\/\/zonacaral.gob.pe\/en\/noticias\/asociacion-de-agricultores-organicos-del-valle-caral-supe\/"]}]},{"@type":"ImageObject","inLanguage":"es-PE","@id":"https:\/\/zonacaral.gob.pe\/en\/noticias\/asociacion-de-agricultores-organicos-del-valle-caral-supe\/#primaryimage","url":"https:\/\/zonacaral.gob.pe\/wp-content\/uploads\/2015\/11\/24-11-2015-gobierno-regional-premio.jpg","contentUrl":"https:\/\/zonacaral.gob.pe\/wp-content\/uploads\/2015\/11\/24-11-2015-gobierno-regional-premio.jpg","width":700,"height":513},{"@type":"BreadcrumbList","@id":"https:\/\/zonacaral.gob.pe\/en\/noticias\/asociacion-de-agricultores-organicos-del-valle-caral-supe\/#breadcrumb","itemListElement":[{"@type":"ListItem","position":1,"name":"Portada","item":"https:\/\/zonacaral.gob.pe\/"},{"@type":"ListItem","position":2,"name":"Asociaci\u00f3n de Agricultores Org\u00e1nicos del valle Caral Supe"}]},{"@type":"WebSite","@id":"https:\/\/zonacaral.gob.pe\/es\/#website","url":"https:\/\/zonacaral.gob.pe\/es\/","name":"Zona Caral","description":"Investigamos, conservamos y difundimos el patrimonio cultural de la Civilizaci\u00f3n Caral, la m\u00e1s antigua de Am\u00e9rica.","potentialAction":[{"@type":"SearchAction","target":{"@type":"EntryPoint","urlTemplate":"https:\/\/zonacaral.gob.pe\/es\/?s={search_term_string}"},"query-input":{"@type":"PropertyValueSpecification","valueRequired":true,"valueName":"search_term_string"}}],"inLanguage":"es-PE"},{"@type":"Person","@id":"https:\/\/zonacaral.gob.pe\/es\/#\/schema\/person\/beddb4d22f71a7230c5b90913270a0ee","name":"Zona Caral Administrador","image":{"@type":"ImageObject","inLanguage":"es-PE","@id":"https:\/\/secure.gravatar.com\/avatar\/e4be162918a696358376de6446614e0f0f4062bdc5d170d6d540ada3d8b58c12?s=96&d=mm&r=g","url":"https:\/\/secure.gravatar.com\/avatar\/e4be162918a696358376de6446614e0f0f4062bdc5d170d6d540ada3d8b58c12?s=96&d=mm&r=g","contentUrl":"https:\/\/secure.gravatar.com\/avatar\/e4be162918a696358376de6446614e0f0f4062bdc5d170d6d540ada3d8b58c12?s=96&d=mm&r=g","caption":"Zona Caral Administrador"},"sameAs":["https:\/\/zonacaral.gob.pe"],"url":"https:\/\/zonacaral.gob.pe\/es\/noticias\/author\/ad_zonacaral\/"}]}},"_links":{"self":[{"href":"https:\/\/zonacaral.gob.pe\/es\/wp-json\/wp\/v2\/posts\/10096","targetHints":{"allow":["GET"]}}],"collection":[{"href":"https:\/\/zonacaral.gob.pe\/es\/wp-json\/wp\/v2\/posts"}],"about":[{"href":"https:\/\/zonacaral.gob.pe\/es\/wp-json\/wp\/v2\/types\/post"}],"author":[{"embeddable":true,"href":"https:\/\/zonacaral.gob.pe\/es\/wp-json\/wp\/v2\/users\/1"}],"replies":[{"embeddable":true,"href":"https:\/\/zonacaral.gob.pe\/es\/wp-json\/wp\/v2\/comments?post=10096"}],"version-history":[{"count":0,"href":"https:\/\/zonacaral.gob.pe\/es\/wp-json\/wp\/v2\/posts\/10096\/revisions"}],"wp:featuredmedia":[{"embeddable":true,"href":"https:\/\/zonacaral.gob.pe\/es\/wp-json\/wp\/v2\/media\/10097"}],"wp:attachment":[{"href":"https:\/\/zonacaral.gob.pe\/es\/wp-json\/wp\/v2\/media?parent=10096"}],"wp:term":[{"taxonomy":"category","embeddable":true,"href":"https:\/\/zonacaral.gob.pe\/es\/wp-json\/wp\/v2\/categories?post=10096"},{"taxonomy":"post_tag","embeddable":true,"href":"https:\/\/zonacaral.gob.pe\/es\/wp-json\/wp\/v2\/tags?post=10096"}],"curies":[{"name":"wp","href":"https:\/\/api.w.org\/{rel}","templated":true}]}}