{"id":10107,"date":"2015-11-26T16:55:57","date_gmt":"2015-11-26T21:55:57","guid":{"rendered":"http:\/\/www.zonacaral.gob.pe\/?p=10107"},"modified":"2015-11-26T16:55:57","modified_gmt":"2015-11-26T21:55:57","slug":"declaran-hija-predilecta-de-bagua-a-la-dra-ruth-shady","status":"publish","type":"post","link":"https:\/\/zonacaral.gob.pe\/es\/noticias\/declaran-hija-predilecta-de-bagua-a-la-dra-ruth-shady\/","title":{"rendered":"Declaran Hija Predilecta de Bagua a la Dra. Ruth Shady"},"content":{"rendered":"<figure class=\"pic-autor\" style=\"color: #4d4d4d;\"><\/figure>\n<blockquote><p>Reconocimiento es por haber descubierto la Cultura Bagua<\/p><\/blockquote>\n<p>La Dra. Ruth Shady fue declarada Hija Predilecta de Bagua; el reconocimiento se hizo en agradecimiento por su trabajo profesional, ya que fue ella quien descubri\u00f3 la Cultura Bagua. Esta condecoraci\u00f3n que fue realizada en el marco del 183 aniversario del departamento de Amazonas, cont\u00f3 con gran participaci\u00f3n del p\u00fablico, quienes le agradecieron por haber investigado el patrimonio arqueol\u00f3gico de Bagua y convertirlo en un potencial para el desarrollo tur\u00edstico de la zona y de la regi\u00f3n, adem\u00e1s de fortalecer su identidad sociocultural as\u00ed como el cari\u00f1o y respeto por sus antepasados.<\/p>\n<p>Tras la condecoraci\u00f3n la Dra. Shady brind\u00f3 una conferencia magistral, en la que se\u00f1al\u00f3 que en \u201cLos 1300 a 200 a.C., en el Periodo Formativo, floreci\u00f3 la Cultura Bagua que es una de las m\u00e1s antiguas del nororiente peruano, ellos fueron comunidades experimentadas en la alfarer\u00eda, la agricultura, la caza y la pesca\u201d. Precis\u00f3, que \u201ccuando los Bagua se consolidaron en la zona estrecharon v\u00ednculos con pueblos del norte y centro del Per\u00fa\u201d. Los asentamientos m\u00e1s conocidos de la Cultura Bagua son los sitios arqueol\u00f3gicos Los Peroles, Las Juntas y Casual.<\/p>\n<p>Durante su estad\u00eda en Bagua la Dra. Shady mantuvo reuniones con representantes de la Universidad Nacional \u201cToribio Rod\u00edguez de Mendoza\u201d de Amazonas y de la Universidad Intercultural \u201cFabiola Salazar Legu\u00eda\u201d. Aprovechando la visita de la reconocida arque\u00f3loga, los pobladores la llevaron a conocer el sitio arqueol\u00f3gico del sector Las Juntas y la zona arqueol\u00f3gica Pachayama, ubicado en el distrito de Jamalca, provincia de Utcubamba. En ambos lugares, recibi\u00f3 el saludo, la gratitud y el reconocimiento de la poblaci\u00f3n.<\/p>\n<p><iframe src=\"https:\/\/www.youtube.com\/embed\/ue_zDIjqigI\" width=\"640\" height=\"360\" frameborder=\"0\" allowfullscreen=\"allowfullscreen\"><\/iframe><\/p>\n<p style=\"color: #434343;\">Fuente:\u00a0<span style=\"color: #800000;\">Prensa ZAC<\/span><\/p>\n<p style=\"color: #000000;\">Fecha de publicaci\u00f3n: 26\/11\/2015<\/p>\n","protected":false},"excerpt":{"rendered":"<p>Reconocimiento es por haber descubierto la Cultura Bagua La Dra. Ruth Shady fue declarada Hija Predilecta de Bagua; el reconocimiento [&hellip;]<\/p>\n","protected":false},"author":1,"featured_media":10108,"comment_status":"closed","ping_status":"open","sticky":false,"template":"","format":"standard","meta":{"_acf_changed":false,"site-sidebar-layout":"default","site-content-layout":"","ast-site-content-layout":"default","site-content-style":"default","site-sidebar-style":"default","ast-global-header-display":"","ast-banner-title-visibility":"","ast-main-header-display":"","ast-hfb-above-header-display":"","ast-hfb-below-header-display":"","ast-hfb-mobile-header-display":"","site-post-title":"","ast-breadcrumbs-content":"","ast-featured-img":"","footer-sml-layout":"","ast-disable-related-posts":"","theme-transparent-header-meta":"","adv-header-id-meta":"","stick-header-meta":"","header-above-stick-meta":"","header-main-stick-meta":"","header-below-stick-meta":"","astra-migrate-meta-layouts":"default","ast-page-background-enabled":"default","ast-page-background-meta":{"desktop":{"background-color":"var(--ast-global-color-5)","background-image":"","background-repeat":"repeat","background-position":"center center","background-size":"auto","background-attachment":"scroll","background-type":"","background-media":"","overlay-type":"","overlay-color":"","overlay-opacity":"","overlay-gradient":""},"tablet":{"background-color":"","background-image":"","background-repeat":"repeat","background-position":"center center","background-size":"auto","background-attachment":"scroll","background-type":"","background-media":"","overlay-type":"","overlay-color":"","overlay-opacity":"","overlay-gradient":""},"mobile":{"background-color":"","background-image":"","background-repeat":"repeat","background-position":"center center","background-size":"auto","background-attachment":"scroll","background-type":"","background-media":"","overlay-type":"","overlay-color":"","overlay-opacity":"","overlay-gradient":""}},"ast-content-background-meta":{"desktop":{"background-color":"var(--ast-global-color-4)","background-image":"","background-repeat":"repeat","background-position":"center center","background-size":"auto","background-attachment":"scroll","background-type":"","background-media":"","overlay-type":"","overlay-color":"","overlay-opacity":"","overlay-gradient":""},"tablet":{"background-color":"var(--ast-global-color-4)","background-image":"","background-repeat":"repeat","background-position":"center center","background-size":"auto","background-attachment":"scroll","background-type":"","background-media":"","overlay-type":"","overlay-color":"","overlay-opacity":"","overlay-gradient":""},"mobile":{"background-color":"var(--ast-global-color-4)","background-image":"","background-repeat":"repeat","background-position":"center center","background-size":"auto","background-attachment":"scroll","background-type":"","background-media":"","overlay-type":"","overlay-color":"","overlay-opacity":"","overlay-gradient":""}},"footnotes":""},"categories":[208],"tags":[108,55],"class_list":["post-10107","post","type-post","status-publish","format-standard","has-post-thumbnail","hentry","category-noticias","tag-bagua","tag-caral"],"acf":[],"yoast_head":"<!-- This site is optimized with the Yoast SEO plugin v27.3 - https:\/\/yoast.com\/product\/yoast-seo-wordpress\/ -->\n<title>Declaran Hija Predilecta de Bagua a la Dra. Ruth Shady<\/title>\n<meta name=\"description\" content=\"La Dra. Ruth Shady fue declarada Hija Predilecta de Bagua; el reconocimiento se hizo en agradecimiento por su trabajo profesional, ya que fue ella quien descubri\u00f3 la Cultura Bagua. Esta condecoraci\u00f3n que fue realizada en el marco del 183 aniversario provincial, cont\u00f3 con gran participaci\u00f3n del p\u00fablico, quienes le agradecieron por haber investigado el patrimonio arqueol\u00f3gico de Bagua y convertirlo en un potencial para el desarrollo tur\u00edstico de la zona y de la regi\u00f3n, adem\u00e1s de fortalecer su identidad sociocultural as\u00ed como el cari\u00f1o y respeto por sus antepasados.\" \/>\n<meta name=\"robots\" content=\"index, follow, max-snippet:-1, max-image-preview:large, max-video-preview:-1\" \/>\n<link rel=\"canonical\" href=\"https:\/\/zonacaral.gob.pe\/es\/noticias\/declaran-hija-predilecta-de-bagua-a-la-dra-ruth-shady\/\" \/>\n<meta property=\"og:locale\" content=\"es_ES\" \/>\n<meta property=\"og:type\" content=\"article\" \/>\n<meta property=\"og:title\" content=\"Declaran Hija Predilecta de Bagua a la Dra. Ruth Shady\" \/>\n<meta property=\"og:description\" content=\"La Dra. Ruth Shady fue declarada Hija Predilecta de Bagua; el reconocimiento se hizo en agradecimiento por su trabajo profesional, ya que fue ella quien descubri\u00f3 la Cultura Bagua. Esta condecoraci\u00f3n que fue realizada en el marco del 183 aniversario provincial, cont\u00f3 con gran participaci\u00f3n del p\u00fablico, quienes le agradecieron por haber investigado el patrimonio arqueol\u00f3gico de Bagua y convertirlo en un potencial para el desarrollo tur\u00edstico de la zona y de la regi\u00f3n, adem\u00e1s de fortalecer su identidad sociocultural as\u00ed como el cari\u00f1o y respeto por sus antepasados.\" \/>\n<meta property=\"og:url\" content=\"https:\/\/zonacaral.gob.pe\/es\/noticias\/declaran-hija-predilecta-de-bagua-a-la-dra-ruth-shady\/\" \/>\n<meta property=\"og:site_name\" content=\"Zona Caral\" \/>\n<meta property=\"article:published_time\" content=\"2015-11-26T21:55:57+00:00\" \/>\n<meta property=\"og:image\" content=\"https:\/\/zonacaral.gob.pe\/wp-content\/uploads\/2015\/11\/26-11-2015-bagua.jpg\" \/>\n\t<meta property=\"og:image:width\" content=\"700\" \/>\n\t<meta property=\"og:image:height\" content=\"394\" \/>\n\t<meta property=\"og:image:type\" content=\"image\/jpeg\" \/>\n<meta name=\"author\" content=\"Zona Caral Administrador\" \/>\n<meta name=\"twitter:card\" content=\"summary_large_image\" \/>\n<meta name=\"twitter:label1\" content=\"Written by\" \/>\n\t<meta name=\"twitter:data1\" content=\"Zona Caral Administrador\" \/>\n\t<meta name=\"twitter:label2\" content=\"Est. reading time\" \/>\n\t<meta name=\"twitter:data2\" content=\"1 minuto\" \/>\n<script type=\"application\/ld+json\" class=\"yoast-schema-graph\">{\"@context\":\"https:\\\/\\\/schema.org\",\"@graph\":[{\"@type\":\"Article\",\"@id\":\"https:\\\/\\\/zonacaral.gob.pe\\\/en\\\/noticias\\\/declaran-hija-predilecta-de-bagua-a-la-dra-ruth-shady\\\/#article\",\"isPartOf\":{\"@id\":\"https:\\\/\\\/zonacaral.gob.pe\\\/en\\\/noticias\\\/declaran-hija-predilecta-de-bagua-a-la-dra-ruth-shady\\\/\"},\"author\":{\"name\":\"Zona Caral Administrador\",\"@id\":\"https:\\\/\\\/zonacaral.gob.pe\\\/es\\\/#\\\/schema\\\/person\\\/beddb4d22f71a7230c5b90913270a0ee\"},\"headline\":\"Declaran Hija Predilecta de Bagua a la Dra. Ruth Shady\",\"datePublished\":\"2015-11-26T21:55:57+00:00\",\"mainEntityOfPage\":{\"@id\":\"https:\\\/\\\/zonacaral.gob.pe\\\/en\\\/noticias\\\/declaran-hija-predilecta-de-bagua-a-la-dra-ruth-shady\\\/\"},\"wordCount\":306,\"image\":{\"@id\":\"https:\\\/\\\/zonacaral.gob.pe\\\/en\\\/noticias\\\/declaran-hija-predilecta-de-bagua-a-la-dra-ruth-shady\\\/#primaryimage\"},\"thumbnailUrl\":\"https:\\\/\\\/zonacaral.gob.pe\\\/wp-content\\\/uploads\\\/2015\\\/11\\\/26-11-2015-bagua.jpg\",\"keywords\":[\"bagua\",\"caral\"],\"articleSection\":[\"noticias\"],\"inLanguage\":\"es-PE\"},{\"@type\":\"WebPage\",\"@id\":\"https:\\\/\\\/zonacaral.gob.pe\\\/en\\\/noticias\\\/declaran-hija-predilecta-de-bagua-a-la-dra-ruth-shady\\\/\",\"url\":\"https:\\\/\\\/zonacaral.gob.pe\\\/en\\\/noticias\\\/declaran-hija-predilecta-de-bagua-a-la-dra-ruth-shady\\\/\",\"name\":\"Declaran Hija Predilecta de Bagua a la Dra. Ruth Shady\",\"isPartOf\":{\"@id\":\"https:\\\/\\\/zonacaral.gob.pe\\\/es\\\/#website\"},\"primaryImageOfPage\":{\"@id\":\"https:\\\/\\\/zonacaral.gob.pe\\\/en\\\/noticias\\\/declaran-hija-predilecta-de-bagua-a-la-dra-ruth-shady\\\/#primaryimage\"},\"image\":{\"@id\":\"https:\\\/\\\/zonacaral.gob.pe\\\/en\\\/noticias\\\/declaran-hija-predilecta-de-bagua-a-la-dra-ruth-shady\\\/#primaryimage\"},\"thumbnailUrl\":\"https:\\\/\\\/zonacaral.gob.pe\\\/wp-content\\\/uploads\\\/2015\\\/11\\\/26-11-2015-bagua.jpg\",\"datePublished\":\"2015-11-26T21:55:57+00:00\",\"author\":{\"@id\":\"https:\\\/\\\/zonacaral.gob.pe\\\/es\\\/#\\\/schema\\\/person\\\/beddb4d22f71a7230c5b90913270a0ee\"},\"description\":\"La Dra. Ruth Shady fue declarada Hija Predilecta de Bagua; el reconocimiento se hizo en agradecimiento por su trabajo profesional, ya que fue ella quien descubri\u00f3 la Cultura Bagua. Esta condecoraci\u00f3n que fue realizada en el marco del 183 aniversario provincial, cont\u00f3 con gran participaci\u00f3n del p\u00fablico, quienes le agradecieron por haber investigado el patrimonio arqueol\u00f3gico de Bagua y convertirlo en un potencial para el desarrollo tur\u00edstico de la zona y de la regi\u00f3n, adem\u00e1s de fortalecer su identidad sociocultural as\u00ed como el cari\u00f1o y respeto por sus antepasados.\",\"breadcrumb\":{\"@id\":\"https:\\\/\\\/zonacaral.gob.pe\\\/en\\\/noticias\\\/declaran-hija-predilecta-de-bagua-a-la-dra-ruth-shady\\\/#breadcrumb\"},\"inLanguage\":\"es-PE\",\"potentialAction\":[{\"@type\":\"ReadAction\",\"target\":[\"https:\\\/\\\/zonacaral.gob.pe\\\/en\\\/noticias\\\/declaran-hija-predilecta-de-bagua-a-la-dra-ruth-shady\\\/\"]}]},{\"@type\":\"ImageObject\",\"inLanguage\":\"es-PE\",\"@id\":\"https:\\\/\\\/zonacaral.gob.pe\\\/en\\\/noticias\\\/declaran-hija-predilecta-de-bagua-a-la-dra-ruth-shady\\\/#primaryimage\",\"url\":\"https:\\\/\\\/zonacaral.gob.pe\\\/wp-content\\\/uploads\\\/2015\\\/11\\\/26-11-2015-bagua.jpg\",\"contentUrl\":\"https:\\\/\\\/zonacaral.gob.pe\\\/wp-content\\\/uploads\\\/2015\\\/11\\\/26-11-2015-bagua.jpg\",\"width\":700,\"height\":394},{\"@type\":\"BreadcrumbList\",\"@id\":\"https:\\\/\\\/zonacaral.gob.pe\\\/en\\\/noticias\\\/declaran-hija-predilecta-de-bagua-a-la-dra-ruth-shady\\\/#breadcrumb\",\"itemListElement\":[{\"@type\":\"ListItem\",\"position\":1,\"name\":\"Portada\",\"item\":\"https:\\\/\\\/zonacaral.gob.pe\\\/\"},{\"@type\":\"ListItem\",\"position\":2,\"name\":\"Declaran Hija Predilecta de Bagua a la Dra. Ruth Shady\"}]},{\"@type\":\"WebSite\",\"@id\":\"https:\\\/\\\/zonacaral.gob.pe\\\/es\\\/#website\",\"url\":\"https:\\\/\\\/zonacaral.gob.pe\\\/es\\\/\",\"name\":\"Zona Caral\",\"description\":\"Investigamos, conservamos y difundimos el patrimonio cultural de la Civilizaci\u00f3n Caral, la m\u00e1s antigua de Am\u00e9rica.\",\"potentialAction\":[{\"@type\":\"SearchAction\",\"target\":{\"@type\":\"EntryPoint\",\"urlTemplate\":\"https:\\\/\\\/zonacaral.gob.pe\\\/es\\\/?s={search_term_string}\"},\"query-input\":{\"@type\":\"PropertyValueSpecification\",\"valueRequired\":true,\"valueName\":\"search_term_string\"}}],\"inLanguage\":\"es-PE\"},{\"@type\":\"Person\",\"@id\":\"https:\\\/\\\/zonacaral.gob.pe\\\/es\\\/#\\\/schema\\\/person\\\/beddb4d22f71a7230c5b90913270a0ee\",\"name\":\"Zona Caral Administrador\",\"image\":{\"@type\":\"ImageObject\",\"inLanguage\":\"es-PE\",\"@id\":\"https:\\\/\\\/secure.gravatar.com\\\/avatar\\\/e4be162918a696358376de6446614e0f0f4062bdc5d170d6d540ada3d8b58c12?s=96&d=mm&r=g\",\"url\":\"https:\\\/\\\/secure.gravatar.com\\\/avatar\\\/e4be162918a696358376de6446614e0f0f4062bdc5d170d6d540ada3d8b58c12?s=96&d=mm&r=g\",\"contentUrl\":\"https:\\\/\\\/secure.gravatar.com\\\/avatar\\\/e4be162918a696358376de6446614e0f0f4062bdc5d170d6d540ada3d8b58c12?s=96&d=mm&r=g\",\"caption\":\"Zona Caral Administrador\"},\"sameAs\":[\"https:\\\/\\\/zonacaral.gob.pe\"],\"url\":\"https:\\\/\\\/zonacaral.gob.pe\\\/es\\\/noticias\\\/author\\\/ad_zonacaral\\\/\"}]}<\/script>\n<!-- \/ Yoast SEO plugin. -->","yoast_head_json":{"title":"Declaran Hija Predilecta de Bagua a la Dra. Ruth Shady","description":"La Dra. Ruth Shady fue declarada Hija Predilecta de Bagua; el reconocimiento se hizo en agradecimiento por su trabajo profesional, ya que fue ella quien descubri\u00f3 la Cultura Bagua. Esta condecoraci\u00f3n que fue realizada en el marco del 183 aniversario provincial, cont\u00f3 con gran participaci\u00f3n del p\u00fablico, quienes le agradecieron por haber investigado el patrimonio arqueol\u00f3gico de Bagua y convertirlo en un potencial para el desarrollo tur\u00edstico de la zona y de la regi\u00f3n, adem\u00e1s de fortalecer su identidad sociocultural as\u00ed como el cari\u00f1o y respeto por sus antepasados.","robots":{"index":"index","follow":"follow","max-snippet":"max-snippet:-1","max-image-preview":"max-image-preview:large","max-video-preview":"max-video-preview:-1"},"canonical":"https:\/\/zonacaral.gob.pe\/es\/noticias\/declaran-hija-predilecta-de-bagua-a-la-dra-ruth-shady\/","og_locale":"es_ES","og_type":"article","og_title":"Declaran Hija Predilecta de Bagua a la Dra. Ruth Shady","og_description":"La Dra. Ruth Shady fue declarada Hija Predilecta de Bagua; el reconocimiento se hizo en agradecimiento por su trabajo profesional, ya que fue ella quien descubri\u00f3 la Cultura Bagua. Esta condecoraci\u00f3n que fue realizada en el marco del 183 aniversario provincial, cont\u00f3 con gran participaci\u00f3n del p\u00fablico, quienes le agradecieron por haber investigado el patrimonio arqueol\u00f3gico de Bagua y convertirlo en un potencial para el desarrollo tur\u00edstico de la zona y de la regi\u00f3n, adem\u00e1s de fortalecer su identidad sociocultural as\u00ed como el cari\u00f1o y respeto por sus antepasados.","og_url":"https:\/\/zonacaral.gob.pe\/es\/noticias\/declaran-hija-predilecta-de-bagua-a-la-dra-ruth-shady\/","og_site_name":"Zona Caral","article_published_time":"2015-11-26T21:55:57+00:00","og_image":[{"width":700,"height":394,"url":"https:\/\/zonacaral.gob.pe\/wp-content\/uploads\/2015\/11\/26-11-2015-bagua.jpg","type":"image\/jpeg"}],"author":"Zona Caral Administrador","twitter_card":"summary_large_image","twitter_misc":{"Written by":"Zona Caral Administrador","Est. reading time":"1 minuto"},"schema":{"@context":"https:\/\/schema.org","@graph":[{"@type":"Article","@id":"https:\/\/zonacaral.gob.pe\/en\/noticias\/declaran-hija-predilecta-de-bagua-a-la-dra-ruth-shady\/#article","isPartOf":{"@id":"https:\/\/zonacaral.gob.pe\/en\/noticias\/declaran-hija-predilecta-de-bagua-a-la-dra-ruth-shady\/"},"author":{"name":"Zona Caral Administrador","@id":"https:\/\/zonacaral.gob.pe\/es\/#\/schema\/person\/beddb4d22f71a7230c5b90913270a0ee"},"headline":"Declaran Hija Predilecta de Bagua a la Dra. Ruth Shady","datePublished":"2015-11-26T21:55:57+00:00","mainEntityOfPage":{"@id":"https:\/\/zonacaral.gob.pe\/en\/noticias\/declaran-hija-predilecta-de-bagua-a-la-dra-ruth-shady\/"},"wordCount":306,"image":{"@id":"https:\/\/zonacaral.gob.pe\/en\/noticias\/declaran-hija-predilecta-de-bagua-a-la-dra-ruth-shady\/#primaryimage"},"thumbnailUrl":"https:\/\/zonacaral.gob.pe\/wp-content\/uploads\/2015\/11\/26-11-2015-bagua.jpg","keywords":["bagua","caral"],"articleSection":["noticias"],"inLanguage":"es-PE"},{"@type":"WebPage","@id":"https:\/\/zonacaral.gob.pe\/en\/noticias\/declaran-hija-predilecta-de-bagua-a-la-dra-ruth-shady\/","url":"https:\/\/zonacaral.gob.pe\/en\/noticias\/declaran-hija-predilecta-de-bagua-a-la-dra-ruth-shady\/","name":"Declaran Hija Predilecta de Bagua a la Dra. Ruth Shady","isPartOf":{"@id":"https:\/\/zonacaral.gob.pe\/es\/#website"},"primaryImageOfPage":{"@id":"https:\/\/zonacaral.gob.pe\/en\/noticias\/declaran-hija-predilecta-de-bagua-a-la-dra-ruth-shady\/#primaryimage"},"image":{"@id":"https:\/\/zonacaral.gob.pe\/en\/noticias\/declaran-hija-predilecta-de-bagua-a-la-dra-ruth-shady\/#primaryimage"},"thumbnailUrl":"https:\/\/zonacaral.gob.pe\/wp-content\/uploads\/2015\/11\/26-11-2015-bagua.jpg","datePublished":"2015-11-26T21:55:57+00:00","author":{"@id":"https:\/\/zonacaral.gob.pe\/es\/#\/schema\/person\/beddb4d22f71a7230c5b90913270a0ee"},"description":"La Dra. Ruth Shady fue declarada Hija Predilecta de Bagua; el reconocimiento se hizo en agradecimiento por su trabajo profesional, ya que fue ella quien descubri\u00f3 la Cultura Bagua. Esta condecoraci\u00f3n que fue realizada en el marco del 183 aniversario provincial, cont\u00f3 con gran participaci\u00f3n del p\u00fablico, quienes le agradecieron por haber investigado el patrimonio arqueol\u00f3gico de Bagua y convertirlo en un potencial para el desarrollo tur\u00edstico de la zona y de la regi\u00f3n, adem\u00e1s de fortalecer su identidad sociocultural as\u00ed como el cari\u00f1o y respeto por sus antepasados.","breadcrumb":{"@id":"https:\/\/zonacaral.gob.pe\/en\/noticias\/declaran-hija-predilecta-de-bagua-a-la-dra-ruth-shady\/#breadcrumb"},"inLanguage":"es-PE","potentialAction":[{"@type":"ReadAction","target":["https:\/\/zonacaral.gob.pe\/en\/noticias\/declaran-hija-predilecta-de-bagua-a-la-dra-ruth-shady\/"]}]},{"@type":"ImageObject","inLanguage":"es-PE","@id":"https:\/\/zonacaral.gob.pe\/en\/noticias\/declaran-hija-predilecta-de-bagua-a-la-dra-ruth-shady\/#primaryimage","url":"https:\/\/zonacaral.gob.pe\/wp-content\/uploads\/2015\/11\/26-11-2015-bagua.jpg","contentUrl":"https:\/\/zonacaral.gob.pe\/wp-content\/uploads\/2015\/11\/26-11-2015-bagua.jpg","width":700,"height":394},{"@type":"BreadcrumbList","@id":"https:\/\/zonacaral.gob.pe\/en\/noticias\/declaran-hija-predilecta-de-bagua-a-la-dra-ruth-shady\/#breadcrumb","itemListElement":[{"@type":"ListItem","position":1,"name":"Portada","item":"https:\/\/zonacaral.gob.pe\/"},{"@type":"ListItem","position":2,"name":"Declaran Hija Predilecta de Bagua a la Dra. Ruth Shady"}]},{"@type":"WebSite","@id":"https:\/\/zonacaral.gob.pe\/es\/#website","url":"https:\/\/zonacaral.gob.pe\/es\/","name":"Zona Caral","description":"Investigamos, conservamos y difundimos el patrimonio cultural de la Civilizaci\u00f3n Caral, la m\u00e1s antigua de Am\u00e9rica.","potentialAction":[{"@type":"SearchAction","target":{"@type":"EntryPoint","urlTemplate":"https:\/\/zonacaral.gob.pe\/es\/?s={search_term_string}"},"query-input":{"@type":"PropertyValueSpecification","valueRequired":true,"valueName":"search_term_string"}}],"inLanguage":"es-PE"},{"@type":"Person","@id":"https:\/\/zonacaral.gob.pe\/es\/#\/schema\/person\/beddb4d22f71a7230c5b90913270a0ee","name":"Zona Caral Administrador","image":{"@type":"ImageObject","inLanguage":"es-PE","@id":"https:\/\/secure.gravatar.com\/avatar\/e4be162918a696358376de6446614e0f0f4062bdc5d170d6d540ada3d8b58c12?s=96&d=mm&r=g","url":"https:\/\/secure.gravatar.com\/avatar\/e4be162918a696358376de6446614e0f0f4062bdc5d170d6d540ada3d8b58c12?s=96&d=mm&r=g","contentUrl":"https:\/\/secure.gravatar.com\/avatar\/e4be162918a696358376de6446614e0f0f4062bdc5d170d6d540ada3d8b58c12?s=96&d=mm&r=g","caption":"Zona Caral Administrador"},"sameAs":["https:\/\/zonacaral.gob.pe"],"url":"https:\/\/zonacaral.gob.pe\/es\/noticias\/author\/ad_zonacaral\/"}]}},"_links":{"self":[{"href":"https:\/\/zonacaral.gob.pe\/es\/wp-json\/wp\/v2\/posts\/10107","targetHints":{"allow":["GET"]}}],"collection":[{"href":"https:\/\/zonacaral.gob.pe\/es\/wp-json\/wp\/v2\/posts"}],"about":[{"href":"https:\/\/zonacaral.gob.pe\/es\/wp-json\/wp\/v2\/types\/post"}],"author":[{"embeddable":true,"href":"https:\/\/zonacaral.gob.pe\/es\/wp-json\/wp\/v2\/users\/1"}],"replies":[{"embeddable":true,"href":"https:\/\/zonacaral.gob.pe\/es\/wp-json\/wp\/v2\/comments?post=10107"}],"version-history":[{"count":0,"href":"https:\/\/zonacaral.gob.pe\/es\/wp-json\/wp\/v2\/posts\/10107\/revisions"}],"wp:featuredmedia":[{"embeddable":true,"href":"https:\/\/zonacaral.gob.pe\/es\/wp-json\/wp\/v2\/media\/10108"}],"wp:attachment":[{"href":"https:\/\/zonacaral.gob.pe\/es\/wp-json\/wp\/v2\/media?parent=10107"}],"wp:term":[{"taxonomy":"category","embeddable":true,"href":"https:\/\/zonacaral.gob.pe\/es\/wp-json\/wp\/v2\/categories?post=10107"},{"taxonomy":"post_tag","embeddable":true,"href":"https:\/\/zonacaral.gob.pe\/es\/wp-json\/wp\/v2\/tags?post=10107"}],"curies":[{"name":"wp","href":"https:\/\/api.w.org\/{rel}","templated":true}]}}