{"id":10116,"date":"2015-12-06T19:26:09","date_gmt":"2015-12-07T00:26:09","guid":{"rendered":"http:\/\/www.zonacaral.gob.pe\/?p=10116"},"modified":"2015-12-06T19:26:09","modified_gmt":"2015-12-07T00:26:09","slug":"embajador-de-la-india-en-peru-visito-caral-y-aspero","status":"publish","type":"post","link":"https:\/\/zonacaral.gob.pe\/es\/noticias\/embajador-de-la-india-en-peru-visito-caral-y-aspero\/","title":{"rendered":"Embajador de la India en Per\u00fa visit\u00f3 Caral y \u00c1spero"},"content":{"rendered":"<figure class=\"pic-autor\" style=\"color: #4d4d4d;\"><\/figure>\n<p style=\"text-align: justify;\">El Embajador de la India acreditado en nuestro pa\u00eds, Sandeep Chakravorty, visit\u00f3 la Ciudad Sagrada de Caral y \u00c1spero, la Ciudad Pesquera de la Civilizaci\u00f3n Caral, acompa\u00f1ado de su familia y amistades. Tras su recorrido por Caral qued\u00f3 impresionado por la monumentalidad y belleza de las pir\u00e1mides y sus plazas circulares; tambi\u00e9n llamaron su atenci\u00f3n el cuidado que tuvieron los caralinos, hace 5 mil a\u00f1os, para construir la Ciudad en una zona \u00e1rida y des\u00e9rtica, dejando libre el valle para el cultivo de los alimentos.<\/p>\n<p style=\"text-align: justify;\">Durante su visita al complejo arqueol\u00f3gico \u00c1spero se sorprendi\u00f3 por la variedad de los edificios piramidales p\u00fablicos, as\u00ed como el paisaje natural que se puede observar desde el mirador que da a la playa. Apreci\u00f3 las r\u00e9plicas ubicadas en el Centro de Interpretaci\u00f3n y la habilitaci\u00f3n tur\u00edstica instalada en el lugar.<\/p>\n<p style=\"text-align: justify;\">El reconocido diplom\u00e1tico asegur\u00f3 que se convertir\u00e1 en un promotor de Caral ya que la grandeza y ense\u00f1anzas de esta civilizaci\u00f3n son importantes, no s\u00f3lo para el Per\u00fa, sino para el mundo entero. Como se sabe, la Ciudad Sagrada de Caral fue declarada Patrimonio Mundial por UNESCO en el a\u00f1o 2009.<\/p>\n<p style=\"text-align: justify;\">\u00c1spero, est\u00e1 ubicado en el litoral, a 500 metros del Oc\u00e9ano Pac\u00edfico, en la margen derecha del r\u00edo Supe, en un medio natural compuesto por cerros arenosos, humedales, campos de cultivo y playa marina. Las evidencias m\u00e1s tempranas de la ocupaci\u00f3n humana en el litoral de Supe tienen una antig\u00fcedad de 7000 a\u00f1os.<\/p>\n<p style=\"text-align: justify;\">Hace 5000 a\u00f1os, durante el per\u00edodo Arcaico Tard\u00edo (3000 \u2013 1800 a. C.), la poblaci\u00f3n concentrada en \u00c1spero particip\u00f3 en el proceso de formaci\u00f3n de la primera civilizaci\u00f3n andina. Mediante la extracci\u00f3n de recursos marinos, en especial de peces \u2013como anchovetas y sardinas- y de mariscos; se integr\u00f3 a la red de intercambio con los pobladores del interior del valle, entre \u00e9stos los de la Ciudad Sagrada de Caral. De ellos obtuvo, en particular, la fibra de algod\u00f3n, necesaria para la manufactura de las redes y sedales de pesca, los mates para flotadores y productos vegetales para su alimentaci\u00f3n.<\/p>\n<p style=\"color: #434343;\">Fuente:\u00a0<span style=\"color: #800000;\">Prensa ZAC<\/span><\/p>\n<p style=\"color: #000000;\">Fecha de publicaci\u00f3n: 06\/12\/2015<\/p>\n","protected":false},"excerpt":{"rendered":"<p>El Embajador de la India acreditado en nuestro pa\u00eds, Sandeep Chakravorty, visit\u00f3 la Ciudad Sagrada de Caral y \u00c1spero, la [&hellip;]<\/p>\n","protected":false},"author":1,"featured_media":10117,"comment_status":"closed","ping_status":"open","sticky":false,"template":"","format":"standard","meta":{"_acf_changed":false,"site-sidebar-layout":"default","site-content-layout":"","ast-site-content-layout":"default","site-content-style":"default","site-sidebar-style":"default","ast-global-header-display":"","ast-banner-title-visibility":"","ast-main-header-display":"","ast-hfb-above-header-display":"","ast-hfb-below-header-display":"","ast-hfb-mobile-header-display":"","site-post-title":"","ast-breadcrumbs-content":"","ast-featured-img":"","footer-sml-layout":"","ast-disable-related-posts":"","theme-transparent-header-meta":"","adv-header-id-meta":"","stick-header-meta":"","header-above-stick-meta":"","header-main-stick-meta":"","header-below-stick-meta":"","astra-migrate-meta-layouts":"default","ast-page-background-enabled":"default","ast-page-background-meta":{"desktop":{"background-color":"var(--ast-global-color-5)","background-image":"","background-repeat":"repeat","background-position":"center center","background-size":"auto","background-attachment":"scroll","background-type":"","background-media":"","overlay-type":"","overlay-color":"","overlay-opacity":"","overlay-gradient":""},"tablet":{"background-color":"","background-image":"","background-repeat":"repeat","background-position":"center center","background-size":"auto","background-attachment":"scroll","background-type":"","background-media":"","overlay-type":"","overlay-color":"","overlay-opacity":"","overlay-gradient":""},"mobile":{"background-color":"","background-image":"","background-repeat":"repeat","background-position":"center center","background-size":"auto","background-attachment":"scroll","background-type":"","background-media":"","overlay-type":"","overlay-color":"","overlay-opacity":"","overlay-gradient":""}},"ast-content-background-meta":{"desktop":{"background-color":"var(--ast-global-color-4)","background-image":"","background-repeat":"repeat","background-position":"center center","background-size":"auto","background-attachment":"scroll","background-type":"","background-media":"","overlay-type":"","overlay-color":"","overlay-opacity":"","overlay-gradient":""},"tablet":{"background-color":"var(--ast-global-color-4)","background-image":"","background-repeat":"repeat","background-position":"center center","background-size":"auto","background-attachment":"scroll","background-type":"","background-media":"","overlay-type":"","overlay-color":"","overlay-opacity":"","overlay-gradient":""},"mobile":{"background-color":"var(--ast-global-color-4)","background-image":"","background-repeat":"repeat","background-position":"center center","background-size":"auto","background-attachment":"scroll","background-type":"","background-media":"","overlay-type":"","overlay-color":"","overlay-opacity":"","overlay-gradient":""}},"footnotes":""},"categories":[208],"tags":[63,55,66,67],"class_list":["post-10116","post","type-post","status-publish","format-standard","has-post-thumbnail","hentry","category-noticias","tag-aspero","tag-caral","tag-embajador","tag-india"],"acf":[],"yoast_head":"<!-- This site is optimized with the Yoast SEO plugin v27.3 - https:\/\/yoast.com\/product\/yoast-seo-wordpress\/ -->\n<title>Embajador de la India en Per\u00fa visit\u00f3 Caral y \u00c1spero<\/title>\n<meta name=\"description\" content=\"El Embajador de la India acreditado en nuestro pa\u00eds, Sandeep Chakravorty, visit\u00f3 la Ciudad Sagrada de Caral y \u00c1spero, la Ciudad Pesquera de la Civilizaci\u00f3n Caral, acompa\u00f1ado de su familia y amistades.\" \/>\n<meta name=\"robots\" content=\"index, follow, max-snippet:-1, max-image-preview:large, max-video-preview:-1\" \/>\n<link rel=\"canonical\" href=\"https:\/\/zonacaral.gob.pe\/es\/noticias\/embajador-de-la-india-en-peru-visito-caral-y-aspero\/\" \/>\n<meta property=\"og:locale\" content=\"es_ES\" \/>\n<meta property=\"og:type\" content=\"article\" \/>\n<meta property=\"og:title\" content=\"Embajador de la India en Per\u00fa visit\u00f3 Caral y \u00c1spero\" \/>\n<meta property=\"og:description\" content=\"El Embajador de la India acreditado en nuestro pa\u00eds, Sandeep Chakravorty, visit\u00f3 la Ciudad Sagrada de Caral y \u00c1spero, la Ciudad Pesquera de la Civilizaci\u00f3n Caral, acompa\u00f1ado de su familia y amistades.\" \/>\n<meta property=\"og:url\" content=\"https:\/\/zonacaral.gob.pe\/es\/noticias\/embajador-de-la-india-en-peru-visito-caral-y-aspero\/\" \/>\n<meta property=\"og:site_name\" content=\"Zona Caral\" \/>\n<meta property=\"article:published_time\" content=\"2015-12-07T00:26:09+00:00\" \/>\n<meta property=\"og:image\" content=\"https:\/\/zonacaral.gob.pe\/wp-content\/uploads\/2015\/12\/india.jpg\" \/>\n\t<meta property=\"og:image:width\" content=\"1000\" \/>\n\t<meta property=\"og:image:height\" content=\"523\" \/>\n\t<meta property=\"og:image:type\" content=\"image\/jpeg\" \/>\n<meta name=\"author\" content=\"Zona Caral Administrador\" \/>\n<meta name=\"twitter:card\" content=\"summary_large_image\" \/>\n<meta name=\"twitter:label1\" content=\"Written by\" \/>\n\t<meta name=\"twitter:data1\" content=\"Zona Caral Administrador\" \/>\n\t<meta name=\"twitter:label2\" content=\"Est. reading time\" \/>\n\t<meta name=\"twitter:data2\" content=\"2 minutos\" \/>\n<script type=\"application\/ld+json\" class=\"yoast-schema-graph\">{\"@context\":\"https:\\\/\\\/schema.org\",\"@graph\":[{\"@type\":\"Article\",\"@id\":\"https:\\\/\\\/zonacaral.gob.pe\\\/en\\\/noticias\\\/embajador-de-la-india-en-peru-visito-caral-y-aspero\\\/#article\",\"isPartOf\":{\"@id\":\"https:\\\/\\\/zonacaral.gob.pe\\\/en\\\/noticias\\\/embajador-de-la-india-en-peru-visito-caral-y-aspero\\\/\"},\"author\":{\"name\":\"Zona Caral Administrador\",\"@id\":\"https:\\\/\\\/zonacaral.gob.pe\\\/es\\\/#\\\/schema\\\/person\\\/beddb4d22f71a7230c5b90913270a0ee\"},\"headline\":\"Embajador de la India en Per\u00fa visit\u00f3 Caral y \u00c1spero\",\"datePublished\":\"2015-12-07T00:26:09+00:00\",\"mainEntityOfPage\":{\"@id\":\"https:\\\/\\\/zonacaral.gob.pe\\\/en\\\/noticias\\\/embajador-de-la-india-en-peru-visito-caral-y-aspero\\\/\"},\"wordCount\":383,\"image\":{\"@id\":\"https:\\\/\\\/zonacaral.gob.pe\\\/en\\\/noticias\\\/embajador-de-la-india-en-peru-visito-caral-y-aspero\\\/#primaryimage\"},\"thumbnailUrl\":\"https:\\\/\\\/zonacaral.gob.pe\\\/wp-content\\\/uploads\\\/2015\\\/12\\\/india.jpg\",\"keywords\":[\"Aspero\",\"caral\",\"embajador\",\"india\"],\"articleSection\":[\"noticias\"],\"inLanguage\":\"es-PE\"},{\"@type\":\"WebPage\",\"@id\":\"https:\\\/\\\/zonacaral.gob.pe\\\/en\\\/noticias\\\/embajador-de-la-india-en-peru-visito-caral-y-aspero\\\/\",\"url\":\"https:\\\/\\\/zonacaral.gob.pe\\\/en\\\/noticias\\\/embajador-de-la-india-en-peru-visito-caral-y-aspero\\\/\",\"name\":\"Embajador de la India en Per\u00fa visit\u00f3 Caral y \u00c1spero\",\"isPartOf\":{\"@id\":\"https:\\\/\\\/zonacaral.gob.pe\\\/es\\\/#website\"},\"primaryImageOfPage\":{\"@id\":\"https:\\\/\\\/zonacaral.gob.pe\\\/en\\\/noticias\\\/embajador-de-la-india-en-peru-visito-caral-y-aspero\\\/#primaryimage\"},\"image\":{\"@id\":\"https:\\\/\\\/zonacaral.gob.pe\\\/en\\\/noticias\\\/embajador-de-la-india-en-peru-visito-caral-y-aspero\\\/#primaryimage\"},\"thumbnailUrl\":\"https:\\\/\\\/zonacaral.gob.pe\\\/wp-content\\\/uploads\\\/2015\\\/12\\\/india.jpg\",\"datePublished\":\"2015-12-07T00:26:09+00:00\",\"author\":{\"@id\":\"https:\\\/\\\/zonacaral.gob.pe\\\/es\\\/#\\\/schema\\\/person\\\/beddb4d22f71a7230c5b90913270a0ee\"},\"description\":\"El Embajador de la India acreditado en nuestro pa\u00eds, Sandeep Chakravorty, visit\u00f3 la Ciudad Sagrada de Caral y \u00c1spero, la Ciudad Pesquera de la Civilizaci\u00f3n Caral, acompa\u00f1ado de su familia y amistades.\",\"breadcrumb\":{\"@id\":\"https:\\\/\\\/zonacaral.gob.pe\\\/en\\\/noticias\\\/embajador-de-la-india-en-peru-visito-caral-y-aspero\\\/#breadcrumb\"},\"inLanguage\":\"es-PE\",\"potentialAction\":[{\"@type\":\"ReadAction\",\"target\":[\"https:\\\/\\\/zonacaral.gob.pe\\\/en\\\/noticias\\\/embajador-de-la-india-en-peru-visito-caral-y-aspero\\\/\"]}]},{\"@type\":\"ImageObject\",\"inLanguage\":\"es-PE\",\"@id\":\"https:\\\/\\\/zonacaral.gob.pe\\\/en\\\/noticias\\\/embajador-de-la-india-en-peru-visito-caral-y-aspero\\\/#primaryimage\",\"url\":\"https:\\\/\\\/zonacaral.gob.pe\\\/wp-content\\\/uploads\\\/2015\\\/12\\\/india.jpg\",\"contentUrl\":\"https:\\\/\\\/zonacaral.gob.pe\\\/wp-content\\\/uploads\\\/2015\\\/12\\\/india.jpg\",\"width\":1000,\"height\":523},{\"@type\":\"BreadcrumbList\",\"@id\":\"https:\\\/\\\/zonacaral.gob.pe\\\/en\\\/noticias\\\/embajador-de-la-india-en-peru-visito-caral-y-aspero\\\/#breadcrumb\",\"itemListElement\":[{\"@type\":\"ListItem\",\"position\":1,\"name\":\"Portada\",\"item\":\"https:\\\/\\\/zonacaral.gob.pe\\\/\"},{\"@type\":\"ListItem\",\"position\":2,\"name\":\"Embajador de la India en Per\u00fa visit\u00f3 Caral y \u00c1spero\"}]},{\"@type\":\"WebSite\",\"@id\":\"https:\\\/\\\/zonacaral.gob.pe\\\/es\\\/#website\",\"url\":\"https:\\\/\\\/zonacaral.gob.pe\\\/es\\\/\",\"name\":\"Zona Caral\",\"description\":\"Investigamos, conservamos y difundimos el patrimonio cultural de la Civilizaci\u00f3n Caral, la m\u00e1s antigua de Am\u00e9rica.\",\"potentialAction\":[{\"@type\":\"SearchAction\",\"target\":{\"@type\":\"EntryPoint\",\"urlTemplate\":\"https:\\\/\\\/zonacaral.gob.pe\\\/es\\\/?s={search_term_string}\"},\"query-input\":{\"@type\":\"PropertyValueSpecification\",\"valueRequired\":true,\"valueName\":\"search_term_string\"}}],\"inLanguage\":\"es-PE\"},{\"@type\":\"Person\",\"@id\":\"https:\\\/\\\/zonacaral.gob.pe\\\/es\\\/#\\\/schema\\\/person\\\/beddb4d22f71a7230c5b90913270a0ee\",\"name\":\"Zona Caral Administrador\",\"image\":{\"@type\":\"ImageObject\",\"inLanguage\":\"es-PE\",\"@id\":\"https:\\\/\\\/secure.gravatar.com\\\/avatar\\\/e4be162918a696358376de6446614e0f0f4062bdc5d170d6d540ada3d8b58c12?s=96&d=mm&r=g\",\"url\":\"https:\\\/\\\/secure.gravatar.com\\\/avatar\\\/e4be162918a696358376de6446614e0f0f4062bdc5d170d6d540ada3d8b58c12?s=96&d=mm&r=g\",\"contentUrl\":\"https:\\\/\\\/secure.gravatar.com\\\/avatar\\\/e4be162918a696358376de6446614e0f0f4062bdc5d170d6d540ada3d8b58c12?s=96&d=mm&r=g\",\"caption\":\"Zona Caral Administrador\"},\"sameAs\":[\"https:\\\/\\\/zonacaral.gob.pe\"],\"url\":\"https:\\\/\\\/zonacaral.gob.pe\\\/es\\\/noticias\\\/author\\\/ad_zonacaral\\\/\"}]}<\/script>\n<!-- \/ Yoast SEO plugin. -->","yoast_head_json":{"title":"Embajador de la India en Per\u00fa visit\u00f3 Caral y \u00c1spero","description":"El Embajador de la India acreditado en nuestro pa\u00eds, Sandeep Chakravorty, visit\u00f3 la Ciudad Sagrada de Caral y \u00c1spero, la Ciudad Pesquera de la Civilizaci\u00f3n Caral, acompa\u00f1ado de su familia y amistades.","robots":{"index":"index","follow":"follow","max-snippet":"max-snippet:-1","max-image-preview":"max-image-preview:large","max-video-preview":"max-video-preview:-1"},"canonical":"https:\/\/zonacaral.gob.pe\/es\/noticias\/embajador-de-la-india-en-peru-visito-caral-y-aspero\/","og_locale":"es_ES","og_type":"article","og_title":"Embajador de la India en Per\u00fa visit\u00f3 Caral y \u00c1spero","og_description":"El Embajador de la India acreditado en nuestro pa\u00eds, Sandeep Chakravorty, visit\u00f3 la Ciudad Sagrada de Caral y \u00c1spero, la Ciudad Pesquera de la Civilizaci\u00f3n Caral, acompa\u00f1ado de su familia y amistades.","og_url":"https:\/\/zonacaral.gob.pe\/es\/noticias\/embajador-de-la-india-en-peru-visito-caral-y-aspero\/","og_site_name":"Zona Caral","article_published_time":"2015-12-07T00:26:09+00:00","og_image":[{"width":1000,"height":523,"url":"https:\/\/zonacaral.gob.pe\/wp-content\/uploads\/2015\/12\/india.jpg","type":"image\/jpeg"}],"author":"Zona Caral Administrador","twitter_card":"summary_large_image","twitter_misc":{"Written by":"Zona Caral Administrador","Est. reading time":"2 minutos"},"schema":{"@context":"https:\/\/schema.org","@graph":[{"@type":"Article","@id":"https:\/\/zonacaral.gob.pe\/en\/noticias\/embajador-de-la-india-en-peru-visito-caral-y-aspero\/#article","isPartOf":{"@id":"https:\/\/zonacaral.gob.pe\/en\/noticias\/embajador-de-la-india-en-peru-visito-caral-y-aspero\/"},"author":{"name":"Zona Caral Administrador","@id":"https:\/\/zonacaral.gob.pe\/es\/#\/schema\/person\/beddb4d22f71a7230c5b90913270a0ee"},"headline":"Embajador de la India en Per\u00fa visit\u00f3 Caral y \u00c1spero","datePublished":"2015-12-07T00:26:09+00:00","mainEntityOfPage":{"@id":"https:\/\/zonacaral.gob.pe\/en\/noticias\/embajador-de-la-india-en-peru-visito-caral-y-aspero\/"},"wordCount":383,"image":{"@id":"https:\/\/zonacaral.gob.pe\/en\/noticias\/embajador-de-la-india-en-peru-visito-caral-y-aspero\/#primaryimage"},"thumbnailUrl":"https:\/\/zonacaral.gob.pe\/wp-content\/uploads\/2015\/12\/india.jpg","keywords":["Aspero","caral","embajador","india"],"articleSection":["noticias"],"inLanguage":"es-PE"},{"@type":"WebPage","@id":"https:\/\/zonacaral.gob.pe\/en\/noticias\/embajador-de-la-india-en-peru-visito-caral-y-aspero\/","url":"https:\/\/zonacaral.gob.pe\/en\/noticias\/embajador-de-la-india-en-peru-visito-caral-y-aspero\/","name":"Embajador de la India en Per\u00fa visit\u00f3 Caral y \u00c1spero","isPartOf":{"@id":"https:\/\/zonacaral.gob.pe\/es\/#website"},"primaryImageOfPage":{"@id":"https:\/\/zonacaral.gob.pe\/en\/noticias\/embajador-de-la-india-en-peru-visito-caral-y-aspero\/#primaryimage"},"image":{"@id":"https:\/\/zonacaral.gob.pe\/en\/noticias\/embajador-de-la-india-en-peru-visito-caral-y-aspero\/#primaryimage"},"thumbnailUrl":"https:\/\/zonacaral.gob.pe\/wp-content\/uploads\/2015\/12\/india.jpg","datePublished":"2015-12-07T00:26:09+00:00","author":{"@id":"https:\/\/zonacaral.gob.pe\/es\/#\/schema\/person\/beddb4d22f71a7230c5b90913270a0ee"},"description":"El Embajador de la India acreditado en nuestro pa\u00eds, Sandeep Chakravorty, visit\u00f3 la Ciudad Sagrada de Caral y \u00c1spero, la Ciudad Pesquera de la Civilizaci\u00f3n Caral, acompa\u00f1ado de su familia y amistades.","breadcrumb":{"@id":"https:\/\/zonacaral.gob.pe\/en\/noticias\/embajador-de-la-india-en-peru-visito-caral-y-aspero\/#breadcrumb"},"inLanguage":"es-PE","potentialAction":[{"@type":"ReadAction","target":["https:\/\/zonacaral.gob.pe\/en\/noticias\/embajador-de-la-india-en-peru-visito-caral-y-aspero\/"]}]},{"@type":"ImageObject","inLanguage":"es-PE","@id":"https:\/\/zonacaral.gob.pe\/en\/noticias\/embajador-de-la-india-en-peru-visito-caral-y-aspero\/#primaryimage","url":"https:\/\/zonacaral.gob.pe\/wp-content\/uploads\/2015\/12\/india.jpg","contentUrl":"https:\/\/zonacaral.gob.pe\/wp-content\/uploads\/2015\/12\/india.jpg","width":1000,"height":523},{"@type":"BreadcrumbList","@id":"https:\/\/zonacaral.gob.pe\/en\/noticias\/embajador-de-la-india-en-peru-visito-caral-y-aspero\/#breadcrumb","itemListElement":[{"@type":"ListItem","position":1,"name":"Portada","item":"https:\/\/zonacaral.gob.pe\/"},{"@type":"ListItem","position":2,"name":"Embajador de la India en Per\u00fa visit\u00f3 Caral y \u00c1spero"}]},{"@type":"WebSite","@id":"https:\/\/zonacaral.gob.pe\/es\/#website","url":"https:\/\/zonacaral.gob.pe\/es\/","name":"Zona Caral","description":"Investigamos, conservamos y difundimos el patrimonio cultural de la Civilizaci\u00f3n Caral, la m\u00e1s antigua de Am\u00e9rica.","potentialAction":[{"@type":"SearchAction","target":{"@type":"EntryPoint","urlTemplate":"https:\/\/zonacaral.gob.pe\/es\/?s={search_term_string}"},"query-input":{"@type":"PropertyValueSpecification","valueRequired":true,"valueName":"search_term_string"}}],"inLanguage":"es-PE"},{"@type":"Person","@id":"https:\/\/zonacaral.gob.pe\/es\/#\/schema\/person\/beddb4d22f71a7230c5b90913270a0ee","name":"Zona Caral Administrador","image":{"@type":"ImageObject","inLanguage":"es-PE","@id":"https:\/\/secure.gravatar.com\/avatar\/e4be162918a696358376de6446614e0f0f4062bdc5d170d6d540ada3d8b58c12?s=96&d=mm&r=g","url":"https:\/\/secure.gravatar.com\/avatar\/e4be162918a696358376de6446614e0f0f4062bdc5d170d6d540ada3d8b58c12?s=96&d=mm&r=g","contentUrl":"https:\/\/secure.gravatar.com\/avatar\/e4be162918a696358376de6446614e0f0f4062bdc5d170d6d540ada3d8b58c12?s=96&d=mm&r=g","caption":"Zona Caral Administrador"},"sameAs":["https:\/\/zonacaral.gob.pe"],"url":"https:\/\/zonacaral.gob.pe\/es\/noticias\/author\/ad_zonacaral\/"}]}},"_links":{"self":[{"href":"https:\/\/zonacaral.gob.pe\/es\/wp-json\/wp\/v2\/posts\/10116","targetHints":{"allow":["GET"]}}],"collection":[{"href":"https:\/\/zonacaral.gob.pe\/es\/wp-json\/wp\/v2\/posts"}],"about":[{"href":"https:\/\/zonacaral.gob.pe\/es\/wp-json\/wp\/v2\/types\/post"}],"author":[{"embeddable":true,"href":"https:\/\/zonacaral.gob.pe\/es\/wp-json\/wp\/v2\/users\/1"}],"replies":[{"embeddable":true,"href":"https:\/\/zonacaral.gob.pe\/es\/wp-json\/wp\/v2\/comments?post=10116"}],"version-history":[{"count":0,"href":"https:\/\/zonacaral.gob.pe\/es\/wp-json\/wp\/v2\/posts\/10116\/revisions"}],"wp:featuredmedia":[{"embeddable":true,"href":"https:\/\/zonacaral.gob.pe\/es\/wp-json\/wp\/v2\/media\/10117"}],"wp:attachment":[{"href":"https:\/\/zonacaral.gob.pe\/es\/wp-json\/wp\/v2\/media?parent=10116"}],"wp:term":[{"taxonomy":"category","embeddable":true,"href":"https:\/\/zonacaral.gob.pe\/es\/wp-json\/wp\/v2\/categories?post=10116"},{"taxonomy":"post_tag","embeddable":true,"href":"https:\/\/zonacaral.gob.pe\/es\/wp-json\/wp\/v2\/tags?post=10116"}],"curies":[{"name":"wp","href":"https:\/\/api.w.org\/{rel}","templated":true}]}}