{"id":10125,"date":"2015-12-10T14:46:08","date_gmt":"2015-12-10T19:46:08","guid":{"rendered":"http:\/\/www.zonacaral.gob.pe\/?p=10125"},"modified":"2015-12-10T14:46:08","modified_gmt":"2015-12-10T19:46:08","slug":"mujeres-cientificas-del-sur-se-reunieron-en-arequipa","status":"publish","type":"post","link":"https:\/\/zonacaral.gob.pe\/es\/noticias\/mujeres-cientificas-del-sur-se-reunieron-en-arequipa\/","title":{"rendered":"Mujeres Cient\u00edficas del sur se reunieron en Arequipa"},"content":{"rendered":"<figure class=\"pic-autor\" style=\"color: #4d4d4d;\"><\/figure>\n<blockquote><p>Llegaron desde Ica, Cusco, Apur\u00edmac, Puno, Moquegua y Tacna.<\/p><\/blockquote>\n<p><strong>Evento fue\u00a0organizado por la Academia Nacional de Ciencias del Per\u00fa<\/strong><\/p>\n<p style=\"text-align: justify;\">Mujeres dedicadas a las ciencias y a la investigaci\u00f3n cient\u00edfica provenientes de las regiones de Ica, Cusco, Apur\u00edmac, Puno, Moquegua y Tacna participaron del III Taller Descentralizado de Mujeres Cient\u00edficas del Per\u00fa, Zona Sur, denominado <strong>\u201cProducci\u00f3n de Conocimientos en Ciencia y Tecnolog\u00eda\u201d<\/strong>. El encuentro acad\u00e9mico se inaugur\u00f3 en el auditorio Paraninfo de la Universidad Nacional San Agust\u00edn y las conferencias se desarrollaron en el auditorio de la Universidad La Salle.<\/p>\n<p style=\"text-align: justify;\">El evento, organizado con el objetivo de empoderar a las mujeres cient\u00edficas, convoc\u00f3 a expositoras y expositores del Consejo Nacional de Ciencia, Tecnolog\u00eda e Innovaci\u00f3n Tecnol\u00f3gica (CONCYTEC), de la Academia Nacional de Ciencias del Per\u00fa (ANC) y de las universidades La Salle, Cat\u00f3lica San Pablo y Cat\u00f3lica Santa Mar\u00eda de Arequipa; Nacional San Antonio Abad del Cusco y N\u00e9stor C\u00e1ceres Vel\u00e1squez de Puno. Las participantes que llegaron al encuentro, proceden de las siguientes universidades: Nacional del Altiplano, Nacional San Agust\u00edn, Cat\u00f3lica Santa Mar\u00eda, Alas Peruanas filial Arequipa, La Salle, Nacional San Luis Gonzaga, Nacional Jorge Basadre Grohmann, Cat\u00f3lica San Pablo, Alas Peruanas sede Lima, Andina N\u00e9stor C\u00e1ceres Vel\u00e1squez, Aut\u00f3noma de Ica, Tecnol\u00f3gica del Per\u00fa filial Arequipa y San Mart\u00edn de Porres; tambi\u00e9n se cont\u00f3 con la participaci\u00f3n de profesionales del Ministerio de Salud a trav\u00e9s de las Direcciones Regionales de Salud de Arequipa y Apur\u00edmac.<\/p>\n<p style=\"text-align: justify;\">La bienvenida estuvo a cargo del Dr. Walter Salas Raa, representante del Gobierno Regional de Arequipa y del Dr. Luis Salazar Rivas, Vicerrector Acad\u00e9mico de la Universidad San Agust\u00edn. Por su parte, la Dra. Teresa Cano De Terrones salud\u00f3 a las visitantes en nombre del comit\u00e9 organizador local. La Dra. Ruth Shady Sol\u00eds, Punto Focal Peruano del Programa Mujeres para la Ciencia de la Red Interamericana de Academias de Ciencias (IANAS) y Acad\u00e9mica Titular de la Secci\u00f3n Ciencias Sociales de la ANC, inaugur\u00f3 el evento con la exposici\u00f3n: <strong>\u201cEmpoderamiento de la mujer en la producci\u00f3n de Conocimientos en Ciencia y Tecnolog\u00eda\u201d<\/strong>.<\/p>\n<p style=\"text-align: justify;\">Al d\u00eda siguiente, la sesi\u00f3n de conferencias se inici\u00f3 con la Dra. Juana Kuramoto Huam\u00e1n del CONCYTEC, quien disert\u00f3 sobre las <strong>\u201cMujeres y su participaci\u00f3n en carreras de ciencias\u201d<\/strong>. Continu\u00f3 el Dr. Iv\u00e1n Montes Iturrizaga, Rector de la Universidad La Salle, con la conferencia <strong>\u201cLa promoci\u00f3n de la ciencia y la tecnolog\u00eda en las universidades: una perspectiva epistemol\u00f3gica\u201d<\/strong>. Seguidamente, el Dr. Gonzalo Fern\u00e1ndez, Decano de la Facultad de Ingenier\u00eda y Computaci\u00f3n de la Universidad Cat\u00f3lica San Pablo, dict\u00f3 la conferencia <strong>\u201cModelo de Transferencia de la Universidad Cat\u00f3lica San Pablo\u201d<\/strong>. Sigui\u00f3 la Dra. \u00c1gueda Mu\u00f1oz Del Carpio de la Universidad Cat\u00f3lica de Santa Mar\u00eda, con la presentaci\u00f3n <strong>\u201cInvestigaci\u00f3n cient\u00edfica: Relevancia \u00e9tica-social y cient\u00edfica\u201d<\/strong>. Cerrando la primera sesi\u00f3n de conferencias, la Dra. Rosa Pacheco Venero, de la Universidad San Antonio Abad del Cusco, expuso sobre el <strong>\u201cRol formador del investigador: Mentor\u00eda y formaci\u00f3n de semilleros\u201d<\/strong>.<\/p>\n<p style=\"text-align: justify;\">El segundo bloque de presentaciones se inici\u00f3 con la Dra. Sively Mercado de la Universidad Andina N\u00e9stor C\u00e1ceres Vel\u00e1squez, quien disert\u00f3 sobre la <strong>\u201cPresencia de la mujer investigadora en la zona sur del Per\u00fa (problemas y propuestas)<\/strong>\u201d. Continu\u00f3 la Dra. Olga Lock Sing de Ugaz, Directora de la Secci\u00f3n Ciencias de los Materiales de la Academia Nacional de Ciencias y Acad\u00e9mica Titular con la conferencia <strong>\u201cTaller Nacional de Mujeres Cient\u00edficas. Producci\u00f3n de conocimientos en ciencia y tecnolog\u00eda: Qu\u00edmica\u201d<\/strong>. Con la presentaci\u00f3n titulada <strong>\u201cLa Ciencia Andina y su contribuci\u00f3n al desarrollo social\u201d<\/strong>, la Dra. Ruth Shady cerr\u00f3 esta parte del evento.<\/p>\n<p style=\"text-align: justify;\">En el taller, que se realiz\u00f3 el 3 y 4 de diciembre, las participantes luego de las conferencias y de acuerdo a sus especialidades conformaron grupos de trabajo seg\u00fan las Secciones Cient\u00edficas de la Academia Nacional de Ciencias (Ciencias Exactas, Ciencias de la Tierra, Ciencias de la Vida, Ciencias Materiales, Ciencias Sociales, Ciencias Agrarias, y Astronom\u00eda) para interactuar y evaluar la situaci\u00f3n de sus disciplinas acad\u00e9micas. Seguidamente, se redistribuyeron de acuerdo a su inter\u00e9s para integrarse a los Grupos de Acci\u00f3n del Punto Focal Peruano del Programa Mujeres para la Ciencia (Base de datos y Estad\u00edstica, Bolet\u00edn Digital, Campa\u00f1a de Prensa y Difusi\u00f3n, Biograf\u00eda de Mujeres Emblem\u00e1ticas y Organizaci\u00f3n de Eventos) con la finalidad de plantear propuestas que contribuyan a empoderar a la mujer cient\u00edfica y fijar un cronograma de trabajo, el cual se tiene previsto desarrollar en coordinaci\u00f3n con los equipos constituidos en los talleres de Lima, Trujillo y Pucallpa.<\/p>\n<p style=\"text-align: justify;\">La realizaci\u00f3n de este evento ha sido posible gracias al financiamiento del Consejo Nacional de Ciencia, Tecnolog\u00eda e Innovaci\u00f3n Tecnol\u00f3gica (CONCYTEC) a trav\u00e9s del Fondo Nacional de Desarrollo Cient\u00edfico Tecnol\u00f3gico y de Innovaci\u00f3n Tecnol\u00f3gica (FONDECYT); la organizaci\u00f3n estuvo a cargo de la Academia Nacional de Ciencias por intermedio del Punto Focal Peruano del Programa Mujeres para la Ciencia. Las doctoras Teresa Cano De Terrones (Universidad Nacional San Agust\u00edn), \u00c1gueda Mu\u00f1os del Carpio (Universidad Cat\u00f3lica de Santa Mar\u00eda) y Sandra Yucra Sevillano (Alas Peruanas Filial Arequipa) integraron el comit\u00e9 de organizaci\u00f3n a nivel local, logrando el auspicio de sus instituciones y el significativo aporte de la Universidad la Salle con sus instalaciones y personal de apoyo.<\/p>\n<p style=\"text-align: justify;\">Durante el evento la Dra. Shady Sol\u00eds fue condecorada por la Municipalidad Provincial de Arequipa y la Universidad Alas Peruanas, de la mencionada regi\u00f3n, en reconocimiento a su contribuci\u00f3n a la ciencia y al pa\u00eds, y por haber dado a conocer al mundo la Ciudad Sagrada de Caral.<\/p>\n<p style=\"text-align: justify;\">Fuente:\u00a0<span style=\"color: #800000;\">Prensa ZAC<\/span><\/p>\n<p style=\"color: #000000;\">Fecha de publicaci\u00f3n: 10\/12\/2015<\/p>\n","protected":false},"excerpt":{"rendered":"<p>Llegaron desde Ica, Cusco, Apur\u00edmac, Puno, Moquegua y Tacna. Evento fue\u00a0organizado por la Academia Nacional de Ciencias del Per\u00fa Mujeres [&hellip;]<\/p>\n","protected":false},"author":1,"featured_media":10126,"comment_status":"closed","ping_status":"open","sticky":false,"template":"","format":"standard","meta":{"_acf_changed":false,"site-sidebar-layout":"default","site-content-layout":"","ast-site-content-layout":"default","site-content-style":"default","site-sidebar-style":"default","ast-global-header-display":"","ast-banner-title-visibility":"","ast-main-header-display":"","ast-hfb-above-header-display":"","ast-hfb-below-header-display":"","ast-hfb-mobile-header-display":"","site-post-title":"","ast-breadcrumbs-content":"","ast-featured-img":"","footer-sml-layout":"","ast-disable-related-posts":"","theme-transparent-header-meta":"","adv-header-id-meta":"","stick-header-meta":"","header-above-stick-meta":"","header-main-stick-meta":"","header-below-stick-meta":"","astra-migrate-meta-layouts":"default","ast-page-background-enabled":"default","ast-page-background-meta":{"desktop":{"background-color":"var(--ast-global-color-5)","background-image":"","background-repeat":"repeat","background-position":"center center","background-size":"auto","background-attachment":"scroll","background-type":"","background-media":"","overlay-type":"","overlay-color":"","overlay-opacity":"","overlay-gradient":""},"tablet":{"background-color":"","background-image":"","background-repeat":"repeat","background-position":"center center","background-size":"auto","background-attachment":"scroll","background-type":"","background-media":"","overlay-type":"","overlay-color":"","overlay-opacity":"","overlay-gradient":""},"mobile":{"background-color":"","background-image":"","background-repeat":"repeat","background-position":"center center","background-size":"auto","background-attachment":"scroll","background-type":"","background-media":"","overlay-type":"","overlay-color":"","overlay-opacity":"","overlay-gradient":""}},"ast-content-background-meta":{"desktop":{"background-color":"var(--ast-global-color-4)","background-image":"","background-repeat":"repeat","background-position":"center center","background-size":"auto","background-attachment":"scroll","background-type":"","background-media":"","overlay-type":"","overlay-color":"","overlay-opacity":"","overlay-gradient":""},"tablet":{"background-color":"var(--ast-global-color-4)","background-image":"","background-repeat":"repeat","background-position":"center center","background-size":"auto","background-attachment":"scroll","background-type":"","background-media":"","overlay-type":"","overlay-color":"","overlay-opacity":"","overlay-gradient":""},"mobile":{"background-color":"var(--ast-global-color-4)","background-image":"","background-repeat":"repeat","background-position":"center center","background-size":"auto","background-attachment":"scroll","background-type":"","background-media":"","overlay-type":"","overlay-color":"","overlay-opacity":"","overlay-gradient":""}},"footnotes":""},"categories":[208],"tags":[55,101],"class_list":["post-10125","post","type-post","status-publish","format-standard","has-post-thumbnail","hentry","category-noticias","tag-caral","tag-ianas"],"acf":[],"yoast_head":"<!-- This site is optimized with the Yoast SEO plugin v27.3 - https:\/\/yoast.com\/product\/yoast-seo-wordpress\/ -->\n<title>Mujeres Cient\u00edficas del sur se reunieron en Arequipa<\/title>\n<meta name=\"description\" content=\"Mujeres dedicadas a las ciencias y a la investigaci\u00f3n cient\u00edfica provenientes de las regiones de Ica, Cusco, Apur\u00edmac, Puno, Moquegua y Tacna participaron del III Taller Descentralizado de Mujeres Cient\u00edficas del Per\u00fa, Zona Sur, denominado \u201cProducci\u00f3n de Conocimientos en Ciencia y Tecnolog\u00eda\u201d. El encuentro acad\u00e9mico se inaugur\u00f3 en el auditorio Paraninfo de la Universidad Nacional San Agust\u00edn de Arequipa.\" \/>\n<meta name=\"robots\" content=\"index, follow, max-snippet:-1, max-image-preview:large, max-video-preview:-1\" \/>\n<link rel=\"canonical\" href=\"https:\/\/zonacaral.gob.pe\/es\/noticias\/mujeres-cientificas-del-sur-se-reunieron-en-arequipa\/\" \/>\n<meta property=\"og:locale\" content=\"es_ES\" \/>\n<meta property=\"og:type\" content=\"article\" \/>\n<meta property=\"og:title\" content=\"Mujeres Cient\u00edficas del sur se reunieron en Arequipa\" \/>\n<meta property=\"og:description\" content=\"Mujeres dedicadas a las ciencias y a la investigaci\u00f3n cient\u00edfica provenientes de las regiones de Ica, Cusco, Apur\u00edmac, Puno, Moquegua y Tacna participaron del III Taller Descentralizado de Mujeres Cient\u00edficas del Per\u00fa, Zona Sur, denominado \u201cProducci\u00f3n de Conocimientos en Ciencia y Tecnolog\u00eda\u201d. El encuentro acad\u00e9mico se inaugur\u00f3 en el auditorio Paraninfo de la Universidad Nacional San Agust\u00edn de Arequipa.\" \/>\n<meta property=\"og:url\" content=\"https:\/\/zonacaral.gob.pe\/es\/noticias\/mujeres-cientificas-del-sur-se-reunieron-en-arequipa\/\" \/>\n<meta property=\"og:site_name\" content=\"Zona Caral\" \/>\n<meta property=\"article:published_time\" content=\"2015-12-10T19:46:08+00:00\" \/>\n<meta property=\"og:image\" content=\"https:\/\/zonacaral.gob.pe\/wp-content\/uploads\/2015\/12\/nota-prensa.jpg\" \/>\n\t<meta property=\"og:image:width\" content=\"1200\" \/>\n\t<meta property=\"og:image:height\" content=\"676\" \/>\n\t<meta property=\"og:image:type\" content=\"image\/jpeg\" \/>\n<meta name=\"author\" content=\"Zona Caral Administrador\" \/>\n<meta name=\"twitter:card\" content=\"summary_large_image\" \/>\n<meta name=\"twitter:label1\" content=\"Written by\" \/>\n\t<meta name=\"twitter:data1\" content=\"Zona Caral Administrador\" \/>\n\t<meta name=\"twitter:label2\" content=\"Est. reading time\" \/>\n\t<meta name=\"twitter:data2\" content=\"5 minutos\" \/>\n<script type=\"application\/ld+json\" class=\"yoast-schema-graph\">{\"@context\":\"https:\\\/\\\/schema.org\",\"@graph\":[{\"@type\":\"Article\",\"@id\":\"https:\\\/\\\/zonacaral.gob.pe\\\/es\\\/noticias\\\/mujeres-cientificas-del-sur-se-reunieron-en-arequipa\\\/#article\",\"isPartOf\":{\"@id\":\"https:\\\/\\\/zonacaral.gob.pe\\\/es\\\/noticias\\\/mujeres-cientificas-del-sur-se-reunieron-en-arequipa\\\/\"},\"author\":{\"name\":\"Zona Caral Administrador\",\"@id\":\"https:\\\/\\\/zonacaral.gob.pe\\\/es\\\/#\\\/schema\\\/person\\\/beddb4d22f71a7230c5b90913270a0ee\"},\"headline\":\"Mujeres Cient\u00edficas del sur se reunieron en Arequipa\",\"datePublished\":\"2015-12-10T19:46:08+00:00\",\"mainEntityOfPage\":{\"@id\":\"https:\\\/\\\/zonacaral.gob.pe\\\/es\\\/noticias\\\/mujeres-cientificas-del-sur-se-reunieron-en-arequipa\\\/\"},\"wordCount\":1017,\"image\":{\"@id\":\"https:\\\/\\\/zonacaral.gob.pe\\\/es\\\/noticias\\\/mujeres-cientificas-del-sur-se-reunieron-en-arequipa\\\/#primaryimage\"},\"thumbnailUrl\":\"https:\\\/\\\/zonacaral.gob.pe\\\/wp-content\\\/uploads\\\/2015\\\/12\\\/nota-prensa.jpg\",\"keywords\":[\"caral\",\"IANAS\"],\"articleSection\":[\"noticias\"],\"inLanguage\":\"es-PE\"},{\"@type\":\"WebPage\",\"@id\":\"https:\\\/\\\/zonacaral.gob.pe\\\/es\\\/noticias\\\/mujeres-cientificas-del-sur-se-reunieron-en-arequipa\\\/\",\"url\":\"https:\\\/\\\/zonacaral.gob.pe\\\/es\\\/noticias\\\/mujeres-cientificas-del-sur-se-reunieron-en-arequipa\\\/\",\"name\":\"Mujeres Cient\u00edficas del sur se reunieron en Arequipa\",\"isPartOf\":{\"@id\":\"https:\\\/\\\/zonacaral.gob.pe\\\/es\\\/#website\"},\"primaryImageOfPage\":{\"@id\":\"https:\\\/\\\/zonacaral.gob.pe\\\/es\\\/noticias\\\/mujeres-cientificas-del-sur-se-reunieron-en-arequipa\\\/#primaryimage\"},\"image\":{\"@id\":\"https:\\\/\\\/zonacaral.gob.pe\\\/es\\\/noticias\\\/mujeres-cientificas-del-sur-se-reunieron-en-arequipa\\\/#primaryimage\"},\"thumbnailUrl\":\"https:\\\/\\\/zonacaral.gob.pe\\\/wp-content\\\/uploads\\\/2015\\\/12\\\/nota-prensa.jpg\",\"datePublished\":\"2015-12-10T19:46:08+00:00\",\"author\":{\"@id\":\"https:\\\/\\\/zonacaral.gob.pe\\\/es\\\/#\\\/schema\\\/person\\\/beddb4d22f71a7230c5b90913270a0ee\"},\"description\":\"Mujeres dedicadas a las ciencias y a la investigaci\u00f3n cient\u00edfica provenientes de las regiones de Ica, Cusco, Apur\u00edmac, Puno, Moquegua y Tacna participaron del III Taller Descentralizado de Mujeres Cient\u00edficas del Per\u00fa, Zona Sur, denominado \u201cProducci\u00f3n de Conocimientos en Ciencia y Tecnolog\u00eda\u201d. El encuentro acad\u00e9mico se inaugur\u00f3 en el auditorio Paraninfo de la Universidad Nacional San Agust\u00edn de Arequipa.\",\"breadcrumb\":{\"@id\":\"https:\\\/\\\/zonacaral.gob.pe\\\/es\\\/noticias\\\/mujeres-cientificas-del-sur-se-reunieron-en-arequipa\\\/#breadcrumb\"},\"inLanguage\":\"es-PE\",\"potentialAction\":[{\"@type\":\"ReadAction\",\"target\":[\"https:\\\/\\\/zonacaral.gob.pe\\\/es\\\/noticias\\\/mujeres-cientificas-del-sur-se-reunieron-en-arequipa\\\/\"]}]},{\"@type\":\"ImageObject\",\"inLanguage\":\"es-PE\",\"@id\":\"https:\\\/\\\/zonacaral.gob.pe\\\/es\\\/noticias\\\/mujeres-cientificas-del-sur-se-reunieron-en-arequipa\\\/#primaryimage\",\"url\":\"https:\\\/\\\/zonacaral.gob.pe\\\/wp-content\\\/uploads\\\/2015\\\/12\\\/nota-prensa.jpg\",\"contentUrl\":\"https:\\\/\\\/zonacaral.gob.pe\\\/wp-content\\\/uploads\\\/2015\\\/12\\\/nota-prensa.jpg\",\"width\":1200,\"height\":676},{\"@type\":\"BreadcrumbList\",\"@id\":\"https:\\\/\\\/zonacaral.gob.pe\\\/es\\\/noticias\\\/mujeres-cientificas-del-sur-se-reunieron-en-arequipa\\\/#breadcrumb\",\"itemListElement\":[{\"@type\":\"ListItem\",\"position\":1,\"name\":\"Portada\",\"item\":\"https:\\\/\\\/zonacaral.gob.pe\\\/\"},{\"@type\":\"ListItem\",\"position\":2,\"name\":\"Mujeres Cient\u00edficas del sur se reunieron en Arequipa\"}]},{\"@type\":\"WebSite\",\"@id\":\"https:\\\/\\\/zonacaral.gob.pe\\\/es\\\/#website\",\"url\":\"https:\\\/\\\/zonacaral.gob.pe\\\/es\\\/\",\"name\":\"Zona Caral\",\"description\":\"Investigamos, conservamos y difundimos el patrimonio cultural de la Civilizaci\u00f3n Caral, la m\u00e1s antigua de Am\u00e9rica.\",\"potentialAction\":[{\"@type\":\"SearchAction\",\"target\":{\"@type\":\"EntryPoint\",\"urlTemplate\":\"https:\\\/\\\/zonacaral.gob.pe\\\/es\\\/?s={search_term_string}\"},\"query-input\":{\"@type\":\"PropertyValueSpecification\",\"valueRequired\":true,\"valueName\":\"search_term_string\"}}],\"inLanguage\":\"es-PE\"},{\"@type\":\"Person\",\"@id\":\"https:\\\/\\\/zonacaral.gob.pe\\\/es\\\/#\\\/schema\\\/person\\\/beddb4d22f71a7230c5b90913270a0ee\",\"name\":\"Zona Caral Administrador\",\"image\":{\"@type\":\"ImageObject\",\"inLanguage\":\"es-PE\",\"@id\":\"https:\\\/\\\/secure.gravatar.com\\\/avatar\\\/e4be162918a696358376de6446614e0f0f4062bdc5d170d6d540ada3d8b58c12?s=96&d=mm&r=g\",\"url\":\"https:\\\/\\\/secure.gravatar.com\\\/avatar\\\/e4be162918a696358376de6446614e0f0f4062bdc5d170d6d540ada3d8b58c12?s=96&d=mm&r=g\",\"contentUrl\":\"https:\\\/\\\/secure.gravatar.com\\\/avatar\\\/e4be162918a696358376de6446614e0f0f4062bdc5d170d6d540ada3d8b58c12?s=96&d=mm&r=g\",\"caption\":\"Zona Caral Administrador\"},\"sameAs\":[\"https:\\\/\\\/zonacaral.gob.pe\"],\"url\":\"https:\\\/\\\/zonacaral.gob.pe\\\/es\\\/noticias\\\/author\\\/ad_zonacaral\\\/\"}]}<\/script>\n<!-- \/ Yoast SEO plugin. -->","yoast_head_json":{"title":"Mujeres Cient\u00edficas del sur se reunieron en Arequipa","description":"Mujeres dedicadas a las ciencias y a la investigaci\u00f3n cient\u00edfica provenientes de las regiones de Ica, Cusco, Apur\u00edmac, Puno, Moquegua y Tacna participaron del III Taller Descentralizado de Mujeres Cient\u00edficas del Per\u00fa, Zona Sur, denominado \u201cProducci\u00f3n de Conocimientos en Ciencia y Tecnolog\u00eda\u201d. El encuentro acad\u00e9mico se inaugur\u00f3 en el auditorio Paraninfo de la Universidad Nacional San Agust\u00edn de Arequipa.","robots":{"index":"index","follow":"follow","max-snippet":"max-snippet:-1","max-image-preview":"max-image-preview:large","max-video-preview":"max-video-preview:-1"},"canonical":"https:\/\/zonacaral.gob.pe\/es\/noticias\/mujeres-cientificas-del-sur-se-reunieron-en-arequipa\/","og_locale":"es_ES","og_type":"article","og_title":"Mujeres Cient\u00edficas del sur se reunieron en Arequipa","og_description":"Mujeres dedicadas a las ciencias y a la investigaci\u00f3n cient\u00edfica provenientes de las regiones de Ica, Cusco, Apur\u00edmac, Puno, Moquegua y Tacna participaron del III Taller Descentralizado de Mujeres Cient\u00edficas del Per\u00fa, Zona Sur, denominado \u201cProducci\u00f3n de Conocimientos en Ciencia y Tecnolog\u00eda\u201d. El encuentro acad\u00e9mico se inaugur\u00f3 en el auditorio Paraninfo de la Universidad Nacional San Agust\u00edn de Arequipa.","og_url":"https:\/\/zonacaral.gob.pe\/es\/noticias\/mujeres-cientificas-del-sur-se-reunieron-en-arequipa\/","og_site_name":"Zona Caral","article_published_time":"2015-12-10T19:46:08+00:00","og_image":[{"width":1200,"height":676,"url":"https:\/\/zonacaral.gob.pe\/wp-content\/uploads\/2015\/12\/nota-prensa.jpg","type":"image\/jpeg"}],"author":"Zona Caral Administrador","twitter_card":"summary_large_image","twitter_misc":{"Written by":"Zona Caral Administrador","Est. reading time":"5 minutos"},"schema":{"@context":"https:\/\/schema.org","@graph":[{"@type":"Article","@id":"https:\/\/zonacaral.gob.pe\/es\/noticias\/mujeres-cientificas-del-sur-se-reunieron-en-arequipa\/#article","isPartOf":{"@id":"https:\/\/zonacaral.gob.pe\/es\/noticias\/mujeres-cientificas-del-sur-se-reunieron-en-arequipa\/"},"author":{"name":"Zona Caral Administrador","@id":"https:\/\/zonacaral.gob.pe\/es\/#\/schema\/person\/beddb4d22f71a7230c5b90913270a0ee"},"headline":"Mujeres Cient\u00edficas del sur se reunieron en Arequipa","datePublished":"2015-12-10T19:46:08+00:00","mainEntityOfPage":{"@id":"https:\/\/zonacaral.gob.pe\/es\/noticias\/mujeres-cientificas-del-sur-se-reunieron-en-arequipa\/"},"wordCount":1017,"image":{"@id":"https:\/\/zonacaral.gob.pe\/es\/noticias\/mujeres-cientificas-del-sur-se-reunieron-en-arequipa\/#primaryimage"},"thumbnailUrl":"https:\/\/zonacaral.gob.pe\/wp-content\/uploads\/2015\/12\/nota-prensa.jpg","keywords":["caral","IANAS"],"articleSection":["noticias"],"inLanguage":"es-PE"},{"@type":"WebPage","@id":"https:\/\/zonacaral.gob.pe\/es\/noticias\/mujeres-cientificas-del-sur-se-reunieron-en-arequipa\/","url":"https:\/\/zonacaral.gob.pe\/es\/noticias\/mujeres-cientificas-del-sur-se-reunieron-en-arequipa\/","name":"Mujeres Cient\u00edficas del sur se reunieron en Arequipa","isPartOf":{"@id":"https:\/\/zonacaral.gob.pe\/es\/#website"},"primaryImageOfPage":{"@id":"https:\/\/zonacaral.gob.pe\/es\/noticias\/mujeres-cientificas-del-sur-se-reunieron-en-arequipa\/#primaryimage"},"image":{"@id":"https:\/\/zonacaral.gob.pe\/es\/noticias\/mujeres-cientificas-del-sur-se-reunieron-en-arequipa\/#primaryimage"},"thumbnailUrl":"https:\/\/zonacaral.gob.pe\/wp-content\/uploads\/2015\/12\/nota-prensa.jpg","datePublished":"2015-12-10T19:46:08+00:00","author":{"@id":"https:\/\/zonacaral.gob.pe\/es\/#\/schema\/person\/beddb4d22f71a7230c5b90913270a0ee"},"description":"Mujeres dedicadas a las ciencias y a la investigaci\u00f3n cient\u00edfica provenientes de las regiones de Ica, Cusco, Apur\u00edmac, Puno, Moquegua y Tacna participaron del III Taller Descentralizado de Mujeres Cient\u00edficas del Per\u00fa, Zona Sur, denominado \u201cProducci\u00f3n de Conocimientos en Ciencia y Tecnolog\u00eda\u201d. El encuentro acad\u00e9mico se inaugur\u00f3 en el auditorio Paraninfo de la Universidad Nacional San Agust\u00edn de Arequipa.","breadcrumb":{"@id":"https:\/\/zonacaral.gob.pe\/es\/noticias\/mujeres-cientificas-del-sur-se-reunieron-en-arequipa\/#breadcrumb"},"inLanguage":"es-PE","potentialAction":[{"@type":"ReadAction","target":["https:\/\/zonacaral.gob.pe\/es\/noticias\/mujeres-cientificas-del-sur-se-reunieron-en-arequipa\/"]}]},{"@type":"ImageObject","inLanguage":"es-PE","@id":"https:\/\/zonacaral.gob.pe\/es\/noticias\/mujeres-cientificas-del-sur-se-reunieron-en-arequipa\/#primaryimage","url":"https:\/\/zonacaral.gob.pe\/wp-content\/uploads\/2015\/12\/nota-prensa.jpg","contentUrl":"https:\/\/zonacaral.gob.pe\/wp-content\/uploads\/2015\/12\/nota-prensa.jpg","width":1200,"height":676},{"@type":"BreadcrumbList","@id":"https:\/\/zonacaral.gob.pe\/es\/noticias\/mujeres-cientificas-del-sur-se-reunieron-en-arequipa\/#breadcrumb","itemListElement":[{"@type":"ListItem","position":1,"name":"Portada","item":"https:\/\/zonacaral.gob.pe\/"},{"@type":"ListItem","position":2,"name":"Mujeres Cient\u00edficas del sur se reunieron en Arequipa"}]},{"@type":"WebSite","@id":"https:\/\/zonacaral.gob.pe\/es\/#website","url":"https:\/\/zonacaral.gob.pe\/es\/","name":"Zona Caral","description":"Investigamos, conservamos y difundimos el patrimonio cultural de la Civilizaci\u00f3n Caral, la m\u00e1s antigua de Am\u00e9rica.","potentialAction":[{"@type":"SearchAction","target":{"@type":"EntryPoint","urlTemplate":"https:\/\/zonacaral.gob.pe\/es\/?s={search_term_string}"},"query-input":{"@type":"PropertyValueSpecification","valueRequired":true,"valueName":"search_term_string"}}],"inLanguage":"es-PE"},{"@type":"Person","@id":"https:\/\/zonacaral.gob.pe\/es\/#\/schema\/person\/beddb4d22f71a7230c5b90913270a0ee","name":"Zona Caral Administrador","image":{"@type":"ImageObject","inLanguage":"es-PE","@id":"https:\/\/secure.gravatar.com\/avatar\/e4be162918a696358376de6446614e0f0f4062bdc5d170d6d540ada3d8b58c12?s=96&d=mm&r=g","url":"https:\/\/secure.gravatar.com\/avatar\/e4be162918a696358376de6446614e0f0f4062bdc5d170d6d540ada3d8b58c12?s=96&d=mm&r=g","contentUrl":"https:\/\/secure.gravatar.com\/avatar\/e4be162918a696358376de6446614e0f0f4062bdc5d170d6d540ada3d8b58c12?s=96&d=mm&r=g","caption":"Zona Caral Administrador"},"sameAs":["https:\/\/zonacaral.gob.pe"],"url":"https:\/\/zonacaral.gob.pe\/es\/noticias\/author\/ad_zonacaral\/"}]}},"_links":{"self":[{"href":"https:\/\/zonacaral.gob.pe\/es\/wp-json\/wp\/v2\/posts\/10125","targetHints":{"allow":["GET"]}}],"collection":[{"href":"https:\/\/zonacaral.gob.pe\/es\/wp-json\/wp\/v2\/posts"}],"about":[{"href":"https:\/\/zonacaral.gob.pe\/es\/wp-json\/wp\/v2\/types\/post"}],"author":[{"embeddable":true,"href":"https:\/\/zonacaral.gob.pe\/es\/wp-json\/wp\/v2\/users\/1"}],"replies":[{"embeddable":true,"href":"https:\/\/zonacaral.gob.pe\/es\/wp-json\/wp\/v2\/comments?post=10125"}],"version-history":[{"count":0,"href":"https:\/\/zonacaral.gob.pe\/es\/wp-json\/wp\/v2\/posts\/10125\/revisions"}],"wp:featuredmedia":[{"embeddable":true,"href":"https:\/\/zonacaral.gob.pe\/es\/wp-json\/wp\/v2\/media\/10126"}],"wp:attachment":[{"href":"https:\/\/zonacaral.gob.pe\/es\/wp-json\/wp\/v2\/media?parent=10125"}],"wp:term":[{"taxonomy":"category","embeddable":true,"href":"https:\/\/zonacaral.gob.pe\/es\/wp-json\/wp\/v2\/categories?post=10125"},{"taxonomy":"post_tag","embeddable":true,"href":"https:\/\/zonacaral.gob.pe\/es\/wp-json\/wp\/v2\/tags?post=10125"}],"curies":[{"name":"wp","href":"https:\/\/api.w.org\/{rel}","templated":true}]}}