{"id":10249,"date":"2016-02-05T09:38:55","date_gmt":"2016-02-05T14:38:55","guid":{"rendered":"http:\/\/www.zonacaral.gob.pe\/?p=10249"},"modified":"2016-02-05T09:38:55","modified_gmt":"2016-02-05T14:38:55","slug":"la-imagen-de-cumbre-apec-en-peru-de-machu-picchu-al-sol-de-caral","status":"publish","type":"post","link":"https:\/\/zonacaral.gob.pe\/es\/noticias\/la-imagen-de-cumbre-apec-en-peru-de-machu-picchu-al-sol-de-caral\/","title":{"rendered":"La imagen de cumbre APEC en Per\u00fa: De Machu Picchu al sol de Caral"},"content":{"rendered":"<figure class=\"pic-autor\" style=\"color: #4d4d4d;\"><\/figure>\n<p style=\"text-align: justify;\"><span style=\"color: #464d48;\">Hace unos d\u00edas, las autoridades revelaron el nuevo logo del foro\u00a0<\/span><span class=\"caps\" style=\"font-weight: inherit; font-style: inherit;\">APEC<\/span><span style=\"color: #464d48;\">, que se realizar\u00e1 en noviembre de este a\u00f1o en Lima.<\/span><\/p>\n<p style=\"color: #323232; text-align: justify;\"><img fetchpriority=\"high\" decoding=\"async\" class=\"alignright  wp-image-10252\" src=\"http:\/\/www.zonacaral.gob.pe\/wp-content\/uploads\/2016\/02\/05-02-2016-machu-picchu-caral-develacion.jpg\" alt=\"05-02-2016-machu-picchu-caral-develacion\" width=\"401\" height=\"223\" srcset=\"https:\/\/zonacaral.gob.pe\/wp-content\/uploads\/2016\/02\/05-02-2016-machu-picchu-caral-develacion.jpg 513w, https:\/\/zonacaral.gob.pe\/wp-content\/uploads\/2016\/02\/05-02-2016-machu-picchu-caral-develacion-300x167.jpg 300w\" sizes=\"(max-width: 401px) 100vw, 401px\" \/>Han pasado ocho a\u00f1os desde la \u00faltima vez que el Per\u00fa se encarg\u00f3 de la organizaci\u00f3n de la Cumbre del Foro de la Cooperaci\u00f3n Econ\u00f3mica Asia Pac\u00edfico (<span class=\"caps\" style=\"font-weight: inherit; font-style: inherit;\">APEC<\/span>). La situaci\u00f3n econ\u00f3mica era distinta, el gobierno ya es otro y la imagen del Per\u00fa en el \u00e1mbito internacional, tambi\u00e9n.<\/p>\n<p style=\"color: #323232; text-align: justify;\">En el 2008, el logo de la cumbre en el pa\u00eds, elaborado por el dise\u00f1ador Nilton Garc\u00eda Tejada, que en 2004 gan\u00f3 un concurso convocado por el Ministerio de Relaciones Exteriores, evoca claramente a\u00a0Machu Picchu. El dise\u00f1o usa los colores rojo y blanco, que representan al Per\u00fa.<\/p>\n<p style=\"text-align: justify;\">Hace unos d\u00edas, el presidente Ollanta Humala y sus ministros presentaron el logo oficial de\u00a0<span class=\"caps\" style=\"font-weight: inherit; font-style: inherit;\">APEC<\/span>\u00a02016, inspirado en el sol y las formas escalonadas de las estructuras en las ciudades de Caral y Moray.<\/p>\n<p style=\"text-align: justify;\">El s\u00edmbolo representa las expresiones de orfebrer\u00eda, cer\u00e1mica y textiler\u00eda recurrentes en la historia de las civilizaciones asentadas en el pa\u00eds.<\/p>\n<p>Fuente:<span style=\"color: #993300;\">\u00a0<a href=\"http:\/\/gestion.pe\/tendencias\/foro-apec-peru-machu-picchu-al-sol-caral-2153987\"><span style=\"color: #993300;\">Diario Gesti\u00f3n<\/span><\/a><\/span><\/p>\n<p>Fecha de publicaci\u00f3n: 05\/02\/2016<\/p>\n","protected":false},"excerpt":{"rendered":"<p>Hace unos d\u00edas, las autoridades revelaron el nuevo logo del foro\u00a0APEC, que se realizar\u00e1 en noviembre de este a\u00f1o en [&hellip;]<\/p>\n","protected":false},"author":1,"featured_media":10257,"comment_status":"closed","ping_status":"open","sticky":false,"template":"","format":"standard","meta":{"_acf_changed":false,"site-sidebar-layout":"default","site-content-layout":"","ast-site-content-layout":"default","site-content-style":"default","site-sidebar-style":"default","ast-global-header-display":"","ast-banner-title-visibility":"","ast-main-header-display":"","ast-hfb-above-header-display":"","ast-hfb-below-header-display":"","ast-hfb-mobile-header-display":"","site-post-title":"","ast-breadcrumbs-content":"","ast-featured-img":"","footer-sml-layout":"","ast-disable-related-posts":"","theme-transparent-header-meta":"","adv-header-id-meta":"","stick-header-meta":"","header-above-stick-meta":"","header-main-stick-meta":"","header-below-stick-meta":"","astra-migrate-meta-layouts":"default","ast-page-background-enabled":"default","ast-page-background-meta":{"desktop":{"background-color":"var(--ast-global-color-5)","background-image":"","background-repeat":"repeat","background-position":"center center","background-size":"auto","background-attachment":"scroll","background-type":"","background-media":"","overlay-type":"","overlay-color":"","overlay-opacity":"","overlay-gradient":""},"tablet":{"background-color":"","background-image":"","background-repeat":"repeat","background-position":"center center","background-size":"auto","background-attachment":"scroll","background-type":"","background-media":"","overlay-type":"","overlay-color":"","overlay-opacity":"","overlay-gradient":""},"mobile":{"background-color":"","background-image":"","background-repeat":"repeat","background-position":"center center","background-size":"auto","background-attachment":"scroll","background-type":"","background-media":"","overlay-type":"","overlay-color":"","overlay-opacity":"","overlay-gradient":""}},"ast-content-background-meta":{"desktop":{"background-color":"var(--ast-global-color-4)","background-image":"","background-repeat":"repeat","background-position":"center center","background-size":"auto","background-attachment":"scroll","background-type":"","background-media":"","overlay-type":"","overlay-color":"","overlay-opacity":"","overlay-gradient":""},"tablet":{"background-color":"var(--ast-global-color-4)","background-image":"","background-repeat":"repeat","background-position":"center center","background-size":"auto","background-attachment":"scroll","background-type":"","background-media":"","overlay-type":"","overlay-color":"","overlay-opacity":"","overlay-gradient":""},"mobile":{"background-color":"var(--ast-global-color-4)","background-image":"","background-repeat":"repeat","background-position":"center center","background-size":"auto","background-attachment":"scroll","background-type":"","background-media":"","overlay-type":"","overlay-color":"","overlay-opacity":"","overlay-gradient":""}},"footnotes":""},"categories":[208],"tags":[113,55],"class_list":["post-10249","post","type-post","status-publish","format-standard","has-post-thumbnail","hentry","category-noticias","tag-apec2016","tag-caral"],"acf":[],"yoast_head":"<!-- This site is optimized with the Yoast SEO plugin v27.3 - https:\/\/yoast.com\/product\/yoast-seo-wordpress\/ -->\n<title>La imagen APEC 2016: De Machu Picchu al sol de Caral<\/title>\n<meta name=\"description\" content=\"Han pasado ocho a\u00f1os desde la \u00faltima vez que el Per\u00fa se encarg\u00f3 de la organizaci\u00f3n de la Cumbre del Foro de la Coovperaci\u00f3n Econ\u00f3mica Asia Pac\u00edfico (APEC). La situaci\u00f3n econ\u00f3mica era distinta, el gobierno ya es otro y la imagen del Per\u00fa en el \u00e1mbito internacional, tambi\u00e9n. Hace unos d\u00edas, el presidente Ollanta Humala y sus ministros presentaron el logo oficial de APEC 2016, inspirado en el sol y las formas escalonadas de las estructuras en las ciudades de Caral y Moray.\" \/>\n<meta name=\"robots\" content=\"index, follow, max-snippet:-1, max-image-preview:large, max-video-preview:-1\" \/>\n<link rel=\"canonical\" href=\"https:\/\/zonacaral.gob.pe\/es\/noticias\/la-imagen-de-cumbre-apec-en-peru-de-machu-picchu-al-sol-de-caral\/\" \/>\n<meta property=\"og:locale\" content=\"es_ES\" \/>\n<meta property=\"og:type\" content=\"article\" \/>\n<meta property=\"og:title\" content=\"La imagen APEC 2016: De Machu Picchu al sol de Caral\" \/>\n<meta property=\"og:description\" content=\"Han pasado ocho a\u00f1os desde la \u00faltima vez que el Per\u00fa se encarg\u00f3 de la organizaci\u00f3n de la Cumbre del Foro de la Coovperaci\u00f3n Econ\u00f3mica Asia Pac\u00edfico (APEC). La situaci\u00f3n econ\u00f3mica era distinta, el gobierno ya es otro y la imagen del Per\u00fa en el \u00e1mbito internacional, tambi\u00e9n. Hace unos d\u00edas, el presidente Ollanta Humala y sus ministros presentaron el logo oficial de APEC 2016, inspirado en el sol y las formas escalonadas de las estructuras en las ciudades de Caral y Moray.\" \/>\n<meta property=\"og:url\" content=\"https:\/\/zonacaral.gob.pe\/es\/noticias\/la-imagen-de-cumbre-apec-en-peru-de-machu-picchu-al-sol-de-caral\/\" \/>\n<meta property=\"og:site_name\" content=\"Zona Caral\" \/>\n<meta property=\"article:published_time\" content=\"2016-02-05T14:38:55+00:00\" \/>\n<meta property=\"og:image\" content=\"https:\/\/zonacaral.gob.pe\/wp-content\/uploads\/2016\/02\/05-02-2016-machu-picchu-caral1.jpg\" \/>\n\t<meta property=\"og:image:width\" content=\"1200\" \/>\n\t<meta property=\"og:image:height\" content=\"607\" \/>\n\t<meta property=\"og:image:type\" content=\"image\/jpeg\" \/>\n<meta name=\"author\" content=\"Zona Caral Administrador\" \/>\n<meta name=\"twitter:card\" content=\"summary_large_image\" \/>\n<meta name=\"twitter:label1\" content=\"Written by\" \/>\n\t<meta name=\"twitter:data1\" content=\"Zona Caral Administrador\" \/>\n\t<meta name=\"twitter:label2\" content=\"Est. reading time\" \/>\n\t<meta name=\"twitter:data2\" content=\"1 minuto\" \/>\n<script type=\"application\/ld+json\" class=\"yoast-schema-graph\">{\"@context\":\"https:\\\/\\\/schema.org\",\"@graph\":[{\"@type\":\"Article\",\"@id\":\"https:\\\/\\\/zonacaral.gob.pe\\\/en\\\/noticias\\\/la-imagen-de-cumbre-apec-en-peru-de-machu-picchu-al-sol-de-caral\\\/#article\",\"isPartOf\":{\"@id\":\"https:\\\/\\\/zonacaral.gob.pe\\\/en\\\/noticias\\\/la-imagen-de-cumbre-apec-en-peru-de-machu-picchu-al-sol-de-caral\\\/\"},\"author\":{\"name\":\"Zona Caral Administrador\",\"@id\":\"https:\\\/\\\/zonacaral.gob.pe\\\/es\\\/#\\\/schema\\\/person\\\/beddb4d22f71a7230c5b90913270a0ee\"},\"headline\":\"La imagen de cumbre APEC en Per\u00fa: De Machu Picchu al sol de Caral\",\"datePublished\":\"2016-02-05T14:38:55+00:00\",\"mainEntityOfPage\":{\"@id\":\"https:\\\/\\\/zonacaral.gob.pe\\\/en\\\/noticias\\\/la-imagen-de-cumbre-apec-en-peru-de-machu-picchu-al-sol-de-caral\\\/\"},\"wordCount\":213,\"image\":{\"@id\":\"https:\\\/\\\/zonacaral.gob.pe\\\/en\\\/noticias\\\/la-imagen-de-cumbre-apec-en-peru-de-machu-picchu-al-sol-de-caral\\\/#primaryimage\"},\"thumbnailUrl\":\"https:\\\/\\\/zonacaral.gob.pe\\\/wp-content\\\/uploads\\\/2016\\\/02\\\/05-02-2016-machu-picchu-caral1.jpg\",\"keywords\":[\"apec2016\",\"caral\"],\"articleSection\":[\"noticias\"],\"inLanguage\":\"es-PE\"},{\"@type\":\"WebPage\",\"@id\":\"https:\\\/\\\/zonacaral.gob.pe\\\/en\\\/noticias\\\/la-imagen-de-cumbre-apec-en-peru-de-machu-picchu-al-sol-de-caral\\\/\",\"url\":\"https:\\\/\\\/zonacaral.gob.pe\\\/en\\\/noticias\\\/la-imagen-de-cumbre-apec-en-peru-de-machu-picchu-al-sol-de-caral\\\/\",\"name\":\"La imagen APEC 2016: De Machu Picchu al sol de Caral\",\"isPartOf\":{\"@id\":\"https:\\\/\\\/zonacaral.gob.pe\\\/es\\\/#website\"},\"primaryImageOfPage\":{\"@id\":\"https:\\\/\\\/zonacaral.gob.pe\\\/en\\\/noticias\\\/la-imagen-de-cumbre-apec-en-peru-de-machu-picchu-al-sol-de-caral\\\/#primaryimage\"},\"image\":{\"@id\":\"https:\\\/\\\/zonacaral.gob.pe\\\/en\\\/noticias\\\/la-imagen-de-cumbre-apec-en-peru-de-machu-picchu-al-sol-de-caral\\\/#primaryimage\"},\"thumbnailUrl\":\"https:\\\/\\\/zonacaral.gob.pe\\\/wp-content\\\/uploads\\\/2016\\\/02\\\/05-02-2016-machu-picchu-caral1.jpg\",\"datePublished\":\"2016-02-05T14:38:55+00:00\",\"author\":{\"@id\":\"https:\\\/\\\/zonacaral.gob.pe\\\/es\\\/#\\\/schema\\\/person\\\/beddb4d22f71a7230c5b90913270a0ee\"},\"description\":\"Han pasado ocho a\u00f1os desde la \u00faltima vez que el Per\u00fa se encarg\u00f3 de la organizaci\u00f3n de la Cumbre del Foro de la Coovperaci\u00f3n Econ\u00f3mica Asia Pac\u00edfico (APEC). La situaci\u00f3n econ\u00f3mica era distinta, el gobierno ya es otro y la imagen del Per\u00fa en el \u00e1mbito internacional, tambi\u00e9n. Hace unos d\u00edas, el presidente Ollanta Humala y sus ministros presentaron el logo oficial de APEC 2016, inspirado en el sol y las formas escalonadas de las estructuras en las ciudades de Caral y Moray.\",\"breadcrumb\":{\"@id\":\"https:\\\/\\\/zonacaral.gob.pe\\\/en\\\/noticias\\\/la-imagen-de-cumbre-apec-en-peru-de-machu-picchu-al-sol-de-caral\\\/#breadcrumb\"},\"inLanguage\":\"es-PE\",\"potentialAction\":[{\"@type\":\"ReadAction\",\"target\":[\"https:\\\/\\\/zonacaral.gob.pe\\\/en\\\/noticias\\\/la-imagen-de-cumbre-apec-en-peru-de-machu-picchu-al-sol-de-caral\\\/\"]}]},{\"@type\":\"ImageObject\",\"inLanguage\":\"es-PE\",\"@id\":\"https:\\\/\\\/zonacaral.gob.pe\\\/en\\\/noticias\\\/la-imagen-de-cumbre-apec-en-peru-de-machu-picchu-al-sol-de-caral\\\/#primaryimage\",\"url\":\"https:\\\/\\\/zonacaral.gob.pe\\\/wp-content\\\/uploads\\\/2016\\\/02\\\/05-02-2016-machu-picchu-caral1.jpg\",\"contentUrl\":\"https:\\\/\\\/zonacaral.gob.pe\\\/wp-content\\\/uploads\\\/2016\\\/02\\\/05-02-2016-machu-picchu-caral1.jpg\",\"width\":1200,\"height\":607},{\"@type\":\"BreadcrumbList\",\"@id\":\"https:\\\/\\\/zonacaral.gob.pe\\\/en\\\/noticias\\\/la-imagen-de-cumbre-apec-en-peru-de-machu-picchu-al-sol-de-caral\\\/#breadcrumb\",\"itemListElement\":[{\"@type\":\"ListItem\",\"position\":1,\"name\":\"Portada\",\"item\":\"https:\\\/\\\/zonacaral.gob.pe\\\/\"},{\"@type\":\"ListItem\",\"position\":2,\"name\":\"La imagen de cumbre APEC en Per\u00fa: De Machu Picchu al sol de Caral\"}]},{\"@type\":\"WebSite\",\"@id\":\"https:\\\/\\\/zonacaral.gob.pe\\\/es\\\/#website\",\"url\":\"https:\\\/\\\/zonacaral.gob.pe\\\/es\\\/\",\"name\":\"Zona Caral\",\"description\":\"Investigamos, conservamos y difundimos el patrimonio cultural de la Civilizaci\u00f3n Caral, la m\u00e1s antigua de Am\u00e9rica.\",\"potentialAction\":[{\"@type\":\"SearchAction\",\"target\":{\"@type\":\"EntryPoint\",\"urlTemplate\":\"https:\\\/\\\/zonacaral.gob.pe\\\/es\\\/?s={search_term_string}\"},\"query-input\":{\"@type\":\"PropertyValueSpecification\",\"valueRequired\":true,\"valueName\":\"search_term_string\"}}],\"inLanguage\":\"es-PE\"},{\"@type\":\"Person\",\"@id\":\"https:\\\/\\\/zonacaral.gob.pe\\\/es\\\/#\\\/schema\\\/person\\\/beddb4d22f71a7230c5b90913270a0ee\",\"name\":\"Zona Caral Administrador\",\"image\":{\"@type\":\"ImageObject\",\"inLanguage\":\"es-PE\",\"@id\":\"https:\\\/\\\/secure.gravatar.com\\\/avatar\\\/e4be162918a696358376de6446614e0f0f4062bdc5d170d6d540ada3d8b58c12?s=96&d=mm&r=g\",\"url\":\"https:\\\/\\\/secure.gravatar.com\\\/avatar\\\/e4be162918a696358376de6446614e0f0f4062bdc5d170d6d540ada3d8b58c12?s=96&d=mm&r=g\",\"contentUrl\":\"https:\\\/\\\/secure.gravatar.com\\\/avatar\\\/e4be162918a696358376de6446614e0f0f4062bdc5d170d6d540ada3d8b58c12?s=96&d=mm&r=g\",\"caption\":\"Zona Caral Administrador\"},\"sameAs\":[\"https:\\\/\\\/zonacaral.gob.pe\"],\"url\":\"https:\\\/\\\/zonacaral.gob.pe\\\/es\\\/noticias\\\/author\\\/ad_zonacaral\\\/\"}]}<\/script>\n<!-- \/ Yoast SEO plugin. -->","yoast_head_json":{"title":"La imagen APEC 2016: De Machu Picchu al sol de Caral","description":"Han pasado ocho a\u00f1os desde la \u00faltima vez que el Per\u00fa se encarg\u00f3 de la organizaci\u00f3n de la Cumbre del Foro de la Coovperaci\u00f3n Econ\u00f3mica Asia Pac\u00edfico (APEC). La situaci\u00f3n econ\u00f3mica era distinta, el gobierno ya es otro y la imagen del Per\u00fa en el \u00e1mbito internacional, tambi\u00e9n. Hace unos d\u00edas, el presidente Ollanta Humala y sus ministros presentaron el logo oficial de APEC 2016, inspirado en el sol y las formas escalonadas de las estructuras en las ciudades de Caral y Moray.","robots":{"index":"index","follow":"follow","max-snippet":"max-snippet:-1","max-image-preview":"max-image-preview:large","max-video-preview":"max-video-preview:-1"},"canonical":"https:\/\/zonacaral.gob.pe\/es\/noticias\/la-imagen-de-cumbre-apec-en-peru-de-machu-picchu-al-sol-de-caral\/","og_locale":"es_ES","og_type":"article","og_title":"La imagen APEC 2016: De Machu Picchu al sol de Caral","og_description":"Han pasado ocho a\u00f1os desde la \u00faltima vez que el Per\u00fa se encarg\u00f3 de la organizaci\u00f3n de la Cumbre del Foro de la Coovperaci\u00f3n Econ\u00f3mica Asia Pac\u00edfico (APEC). La situaci\u00f3n econ\u00f3mica era distinta, el gobierno ya es otro y la imagen del Per\u00fa en el \u00e1mbito internacional, tambi\u00e9n. Hace unos d\u00edas, el presidente Ollanta Humala y sus ministros presentaron el logo oficial de APEC 2016, inspirado en el sol y las formas escalonadas de las estructuras en las ciudades de Caral y Moray.","og_url":"https:\/\/zonacaral.gob.pe\/es\/noticias\/la-imagen-de-cumbre-apec-en-peru-de-machu-picchu-al-sol-de-caral\/","og_site_name":"Zona Caral","article_published_time":"2016-02-05T14:38:55+00:00","og_image":[{"width":1200,"height":607,"url":"https:\/\/zonacaral.gob.pe\/wp-content\/uploads\/2016\/02\/05-02-2016-machu-picchu-caral1.jpg","type":"image\/jpeg"}],"author":"Zona Caral Administrador","twitter_card":"summary_large_image","twitter_misc":{"Written by":"Zona Caral Administrador","Est. reading time":"1 minuto"},"schema":{"@context":"https:\/\/schema.org","@graph":[{"@type":"Article","@id":"https:\/\/zonacaral.gob.pe\/en\/noticias\/la-imagen-de-cumbre-apec-en-peru-de-machu-picchu-al-sol-de-caral\/#article","isPartOf":{"@id":"https:\/\/zonacaral.gob.pe\/en\/noticias\/la-imagen-de-cumbre-apec-en-peru-de-machu-picchu-al-sol-de-caral\/"},"author":{"name":"Zona Caral Administrador","@id":"https:\/\/zonacaral.gob.pe\/es\/#\/schema\/person\/beddb4d22f71a7230c5b90913270a0ee"},"headline":"La imagen de cumbre APEC en Per\u00fa: De Machu Picchu al sol de Caral","datePublished":"2016-02-05T14:38:55+00:00","mainEntityOfPage":{"@id":"https:\/\/zonacaral.gob.pe\/en\/noticias\/la-imagen-de-cumbre-apec-en-peru-de-machu-picchu-al-sol-de-caral\/"},"wordCount":213,"image":{"@id":"https:\/\/zonacaral.gob.pe\/en\/noticias\/la-imagen-de-cumbre-apec-en-peru-de-machu-picchu-al-sol-de-caral\/#primaryimage"},"thumbnailUrl":"https:\/\/zonacaral.gob.pe\/wp-content\/uploads\/2016\/02\/05-02-2016-machu-picchu-caral1.jpg","keywords":["apec2016","caral"],"articleSection":["noticias"],"inLanguage":"es-PE"},{"@type":"WebPage","@id":"https:\/\/zonacaral.gob.pe\/en\/noticias\/la-imagen-de-cumbre-apec-en-peru-de-machu-picchu-al-sol-de-caral\/","url":"https:\/\/zonacaral.gob.pe\/en\/noticias\/la-imagen-de-cumbre-apec-en-peru-de-machu-picchu-al-sol-de-caral\/","name":"La imagen APEC 2016: De Machu Picchu al sol de Caral","isPartOf":{"@id":"https:\/\/zonacaral.gob.pe\/es\/#website"},"primaryImageOfPage":{"@id":"https:\/\/zonacaral.gob.pe\/en\/noticias\/la-imagen-de-cumbre-apec-en-peru-de-machu-picchu-al-sol-de-caral\/#primaryimage"},"image":{"@id":"https:\/\/zonacaral.gob.pe\/en\/noticias\/la-imagen-de-cumbre-apec-en-peru-de-machu-picchu-al-sol-de-caral\/#primaryimage"},"thumbnailUrl":"https:\/\/zonacaral.gob.pe\/wp-content\/uploads\/2016\/02\/05-02-2016-machu-picchu-caral1.jpg","datePublished":"2016-02-05T14:38:55+00:00","author":{"@id":"https:\/\/zonacaral.gob.pe\/es\/#\/schema\/person\/beddb4d22f71a7230c5b90913270a0ee"},"description":"Han pasado ocho a\u00f1os desde la \u00faltima vez que el Per\u00fa se encarg\u00f3 de la organizaci\u00f3n de la Cumbre del Foro de la Coovperaci\u00f3n Econ\u00f3mica Asia Pac\u00edfico (APEC). La situaci\u00f3n econ\u00f3mica era distinta, el gobierno ya es otro y la imagen del Per\u00fa en el \u00e1mbito internacional, tambi\u00e9n. Hace unos d\u00edas, el presidente Ollanta Humala y sus ministros presentaron el logo oficial de APEC 2016, inspirado en el sol y las formas escalonadas de las estructuras en las ciudades de Caral y Moray.","breadcrumb":{"@id":"https:\/\/zonacaral.gob.pe\/en\/noticias\/la-imagen-de-cumbre-apec-en-peru-de-machu-picchu-al-sol-de-caral\/#breadcrumb"},"inLanguage":"es-PE","potentialAction":[{"@type":"ReadAction","target":["https:\/\/zonacaral.gob.pe\/en\/noticias\/la-imagen-de-cumbre-apec-en-peru-de-machu-picchu-al-sol-de-caral\/"]}]},{"@type":"ImageObject","inLanguage":"es-PE","@id":"https:\/\/zonacaral.gob.pe\/en\/noticias\/la-imagen-de-cumbre-apec-en-peru-de-machu-picchu-al-sol-de-caral\/#primaryimage","url":"https:\/\/zonacaral.gob.pe\/wp-content\/uploads\/2016\/02\/05-02-2016-machu-picchu-caral1.jpg","contentUrl":"https:\/\/zonacaral.gob.pe\/wp-content\/uploads\/2016\/02\/05-02-2016-machu-picchu-caral1.jpg","width":1200,"height":607},{"@type":"BreadcrumbList","@id":"https:\/\/zonacaral.gob.pe\/en\/noticias\/la-imagen-de-cumbre-apec-en-peru-de-machu-picchu-al-sol-de-caral\/#breadcrumb","itemListElement":[{"@type":"ListItem","position":1,"name":"Portada","item":"https:\/\/zonacaral.gob.pe\/"},{"@type":"ListItem","position":2,"name":"La imagen de cumbre APEC en Per\u00fa: De Machu Picchu al sol de Caral"}]},{"@type":"WebSite","@id":"https:\/\/zonacaral.gob.pe\/es\/#website","url":"https:\/\/zonacaral.gob.pe\/es\/","name":"Zona Caral","description":"Investigamos, conservamos y difundimos el patrimonio cultural de la Civilizaci\u00f3n Caral, la m\u00e1s antigua de Am\u00e9rica.","potentialAction":[{"@type":"SearchAction","target":{"@type":"EntryPoint","urlTemplate":"https:\/\/zonacaral.gob.pe\/es\/?s={search_term_string}"},"query-input":{"@type":"PropertyValueSpecification","valueRequired":true,"valueName":"search_term_string"}}],"inLanguage":"es-PE"},{"@type":"Person","@id":"https:\/\/zonacaral.gob.pe\/es\/#\/schema\/person\/beddb4d22f71a7230c5b90913270a0ee","name":"Zona Caral Administrador","image":{"@type":"ImageObject","inLanguage":"es-PE","@id":"https:\/\/secure.gravatar.com\/avatar\/e4be162918a696358376de6446614e0f0f4062bdc5d170d6d540ada3d8b58c12?s=96&d=mm&r=g","url":"https:\/\/secure.gravatar.com\/avatar\/e4be162918a696358376de6446614e0f0f4062bdc5d170d6d540ada3d8b58c12?s=96&d=mm&r=g","contentUrl":"https:\/\/secure.gravatar.com\/avatar\/e4be162918a696358376de6446614e0f0f4062bdc5d170d6d540ada3d8b58c12?s=96&d=mm&r=g","caption":"Zona Caral Administrador"},"sameAs":["https:\/\/zonacaral.gob.pe"],"url":"https:\/\/zonacaral.gob.pe\/es\/noticias\/author\/ad_zonacaral\/"}]}},"_links":{"self":[{"href":"https:\/\/zonacaral.gob.pe\/es\/wp-json\/wp\/v2\/posts\/10249","targetHints":{"allow":["GET"]}}],"collection":[{"href":"https:\/\/zonacaral.gob.pe\/es\/wp-json\/wp\/v2\/posts"}],"about":[{"href":"https:\/\/zonacaral.gob.pe\/es\/wp-json\/wp\/v2\/types\/post"}],"author":[{"embeddable":true,"href":"https:\/\/zonacaral.gob.pe\/es\/wp-json\/wp\/v2\/users\/1"}],"replies":[{"embeddable":true,"href":"https:\/\/zonacaral.gob.pe\/es\/wp-json\/wp\/v2\/comments?post=10249"}],"version-history":[{"count":0,"href":"https:\/\/zonacaral.gob.pe\/es\/wp-json\/wp\/v2\/posts\/10249\/revisions"}],"wp:featuredmedia":[{"embeddable":true,"href":"https:\/\/zonacaral.gob.pe\/es\/wp-json\/wp\/v2\/media\/10257"}],"wp:attachment":[{"href":"https:\/\/zonacaral.gob.pe\/es\/wp-json\/wp\/v2\/media?parent=10249"}],"wp:term":[{"taxonomy":"category","embeddable":true,"href":"https:\/\/zonacaral.gob.pe\/es\/wp-json\/wp\/v2\/categories?post=10249"},{"taxonomy":"post_tag","embeddable":true,"href":"https:\/\/zonacaral.gob.pe\/es\/wp-json\/wp\/v2\/tags?post=10249"}],"curies":[{"name":"wp","href":"https:\/\/api.w.org\/{rel}","templated":true}]}}