{"id":10260,"date":"2016-02-11T11:31:07","date_gmt":"2016-02-11T16:31:07","guid":{"rendered":"http:\/\/www.zonacaral.gob.pe\/?p=10260"},"modified":"2016-02-11T11:31:07","modified_gmt":"2016-02-11T16:31:07","slug":"zona-arqueologica-caral-dicta-taller-de-ceramica-funcional-y-decorativa","status":"publish","type":"post","link":"https:\/\/zonacaral.gob.pe\/es\/noticias\/zona-arqueologica-caral-dicta-taller-de-ceramica-funcional-y-decorativa\/","title":{"rendered":"Zona Arqueol\u00f3gica Caral dicta taller de Cer\u00e1mica Funcional y Decorativa"},"content":{"rendered":"<figure class=\"pic-autor\" style=\"color: #4d4d4d;\"><\/figure>\n<blockquote><p>El taller se dicta en los distritos de Supe, Supe Puerto y V\u00e9gueta. Los principales beneficiarios son ni\u00f1os de entre 8 y 15 a\u00f1os.<\/p><\/blockquote>\n<p style=\"text-align: justify;\"><br class=\"Apple-interchange-newline\" \/><img decoding=\"async\" class=\"alignleft wp-image-10264\" src=\"http:\/\/www.zonacaral.gob.pe\/wp-content\/uploads\/2016\/02\/11-02-2016-taller-ceramica-021.jpg\" alt=\"11-02-2016-taller-ceramica-02\" width=\"247\" height=\"182\" srcset=\"https:\/\/zonacaral.gob.pe\/wp-content\/uploads\/2016\/02\/11-02-2016-taller-ceramica-021.jpg 800w, https:\/\/zonacaral.gob.pe\/wp-content\/uploads\/2016\/02\/11-02-2016-taller-ceramica-021-300x221.jpg 300w, https:\/\/zonacaral.gob.pe\/wp-content\/uploads\/2016\/02\/11-02-2016-taller-ceramica-021-768x565.jpg 768w\" sizes=\"(max-width: 247px) 100vw, 247px\" \/>Gran acogida ha tenido el taller de <strong>Cer\u00e1mica Funcional y Decorativa<\/strong> que realiza la Zona Arqueol\u00f3gica Caral (ZAC), Unidad Ejecutora 003, adscrita al Ministerio de Cultura, en los distritos de Supe, Supe Puerto (provincia de Barranca) y V\u00e9gueta (provincia de Huaura). El objetivo del taller es que los ni\u00f1os \u2013entre 8 y 15 a\u00f1os-, puedan aprovechar las vacaciones escolares para aprender un oficio que quiz\u00e1 le permita generarse un ingreso, en un futuro pr\u00f3ximo.<\/p>\n<p style=\"text-align: justify;\">Hay que precisar, que este taller se realiza en el marco de lo establecido en el \u201cPlan Maestro para un Desarrollo Integral y Sostenible de Supe y Barranca\u201d; la implementaci\u00f3n y desarrollo se realiza a trav\u00e9s de la subdirecci\u00f3n de Relaciones Comunitarias de la ZAC, desde hace dos a\u00f1os, en diversos distritos de la zona. En esta ocasi\u00f3n, las clases se dictan, en Supe, los d\u00edas mi\u00e9rcoles de 9 a 11 de la ma\u00f1ana en el local del centro poblado Los Molinos, (Mz F, Lt.10) ubicado al costado de la iglesia; y, en el distrito de V\u00e9gueta los s\u00e1bados de 10 a 12 de la ma\u00f1ana en el centro de recepci\u00f3n del sitio arqueol\u00f3gico de Vichama.<img decoding=\"async\" class=\"alignright wp-image-10262\" src=\"http:\/\/www.zonacaral.gob.pe\/wp-content\/uploads\/2016\/02\/11-02-2016-taller-ceramica-03.jpg\" alt=\"11-02-2016-taller-ceramica-03\" width=\"232\" height=\"194\" srcset=\"https:\/\/zonacaral.gob.pe\/wp-content\/uploads\/2016\/02\/11-02-2016-taller-ceramica-03.jpg 717w, https:\/\/zonacaral.gob.pe\/wp-content\/uploads\/2016\/02\/11-02-2016-taller-ceramica-03-300x251.jpg 300w\" sizes=\"(max-width: 232px) 100vw, 232px\" \/><\/p>\n<p style=\"text-align: justify;\">El taller no tiene un costo para los ni\u00f1os de la zona, incluso los materiales son facilitados por la ZAC. Los trabajos que los peque\u00f1os realizan est\u00e1n relacionados con la Civilizaci\u00f3n Caral, ellos realizan, en virtud de la ense\u00f1anza, son secados en el horno el\u00e9ctrico que la ZAC tiene en la Municipalidad de Supe Puerto. Los adultos que consideran tener ciertas habilidades y est\u00e1n interesados en aprender o reforzar sus conocimientos sobre cer\u00e1mica podr\u00e1n inscribirse a partir de marzo llamando al siguiente n\u00famero 950167397.<\/p>\n<p>Fuente:<span style=\"color: #993300;\">\u00a0Prensa ZAC<\/span><\/p>\n<p>Fecha de publicaci\u00f3n: 11\/02\/2016<\/p>\n","protected":false},"excerpt":{"rendered":"<p>El taller se dicta en los distritos de Supe, Supe Puerto y V\u00e9gueta. Los principales beneficiarios son ni\u00f1os de entre [&hellip;]<\/p>\n","protected":false},"author":1,"featured_media":10263,"comment_status":"closed","ping_status":"open","sticky":false,"template":"","format":"standard","meta":{"_acf_changed":false,"site-sidebar-layout":"default","site-content-layout":"","ast-site-content-layout":"default","site-content-style":"default","site-sidebar-style":"default","ast-global-header-display":"","ast-banner-title-visibility":"","ast-main-header-display":"","ast-hfb-above-header-display":"","ast-hfb-below-header-display":"","ast-hfb-mobile-header-display":"","site-post-title":"","ast-breadcrumbs-content":"","ast-featured-img":"","footer-sml-layout":"","ast-disable-related-posts":"","theme-transparent-header-meta":"","adv-header-id-meta":"","stick-header-meta":"","header-above-stick-meta":"","header-main-stick-meta":"","header-below-stick-meta":"","astra-migrate-meta-layouts":"default","ast-page-background-enabled":"default","ast-page-background-meta":{"desktop":{"background-color":"var(--ast-global-color-5)","background-image":"","background-repeat":"repeat","background-position":"center center","background-size":"auto","background-attachment":"scroll","background-type":"","background-media":"","overlay-type":"","overlay-color":"","overlay-opacity":"","overlay-gradient":""},"tablet":{"background-color":"","background-image":"","background-repeat":"repeat","background-position":"center center","background-size":"auto","background-attachment":"scroll","background-type":"","background-media":"","overlay-type":"","overlay-color":"","overlay-opacity":"","overlay-gradient":""},"mobile":{"background-color":"","background-image":"","background-repeat":"repeat","background-position":"center center","background-size":"auto","background-attachment":"scroll","background-type":"","background-media":"","overlay-type":"","overlay-color":"","overlay-opacity":"","overlay-gradient":""}},"ast-content-background-meta":{"desktop":{"background-color":"var(--ast-global-color-4)","background-image":"","background-repeat":"repeat","background-position":"center center","background-size":"auto","background-attachment":"scroll","background-type":"","background-media":"","overlay-type":"","overlay-color":"","overlay-opacity":"","overlay-gradient":""},"tablet":{"background-color":"var(--ast-global-color-4)","background-image":"","background-repeat":"repeat","background-position":"center center","background-size":"auto","background-attachment":"scroll","background-type":"","background-media":"","overlay-type":"","overlay-color":"","overlay-opacity":"","overlay-gradient":""},"mobile":{"background-color":"var(--ast-global-color-4)","background-image":"","background-repeat":"repeat","background-position":"center center","background-size":"auto","background-attachment":"scroll","background-type":"","background-media":"","overlay-type":"","overlay-color":"","overlay-opacity":"","overlay-gradient":""}},"footnotes":""},"categories":[208],"tags":[55,56,64,114,60],"class_list":["post-10260","post","type-post","status-publish","format-standard","has-post-thumbnail","hentry","category-noticias","tag-caral","tag-supe","tag-supe-puerto","tag-talleres","tag-vegueta"],"acf":[],"yoast_head":"<!-- This site is optimized with the Yoast SEO plugin v27.3 - https:\/\/yoast.com\/product\/yoast-seo-wordpress\/ -->\n<title>Dictan talleres de Cer\u00e1mica Funcional-Decorativa en Caral<\/title>\n<meta name=\"description\" content=\"Gran acogida ha tenido el taller de Cer\u00e1mica Funcional y Decorativa que realiza la Zona Arqueol\u00f3gica Caral (ZAC), Unidad Ejecutora 003, adscrita al Ministerio de Cultura, en los distritos de Supe, Supe Puerto (provincia de Barranca) y V\u00e9gueta (provincia de Huaura). El objetivo del taller es que los ni\u00f1os \u2013entre 8 y 15 a\u00f1os-, puedan aprovechar las vacaciones escolares para aprender un oficio que quiz\u00e1 le permita generarse un ingreso, en un futuro pr\u00f3ximo.\" \/>\n<meta name=\"robots\" content=\"index, follow, max-snippet:-1, max-image-preview:large, max-video-preview:-1\" \/>\n<link rel=\"canonical\" href=\"https:\/\/zonacaral.gob.pe\/es\/noticias\/zona-arqueologica-caral-dicta-taller-de-ceramica-funcional-y-decorativa\/\" \/>\n<meta property=\"og:locale\" content=\"es_ES\" \/>\n<meta property=\"og:type\" content=\"article\" \/>\n<meta property=\"og:title\" content=\"Dictan talleres de Cer\u00e1mica Funcional-Decorativa en Caral\" \/>\n<meta property=\"og:description\" content=\"Gran acogida ha tenido el taller de Cer\u00e1mica Funcional y Decorativa que realiza la Zona Arqueol\u00f3gica Caral (ZAC), Unidad Ejecutora 003, adscrita al Ministerio de Cultura, en los distritos de Supe, Supe Puerto (provincia de Barranca) y V\u00e9gueta (provincia de Huaura). El objetivo del taller es que los ni\u00f1os \u2013entre 8 y 15 a\u00f1os-, puedan aprovechar las vacaciones escolares para aprender un oficio que quiz\u00e1 le permita generarse un ingreso, en un futuro pr\u00f3ximo.\" \/>\n<meta property=\"og:url\" content=\"https:\/\/zonacaral.gob.pe\/es\/noticias\/zona-arqueologica-caral-dicta-taller-de-ceramica-funcional-y-decorativa\/\" \/>\n<meta property=\"og:site_name\" content=\"Zona Caral\" \/>\n<meta property=\"article:published_time\" content=\"2016-02-11T16:31:07+00:00\" \/>\n<meta property=\"og:image\" content=\"https:\/\/zonacaral.gob.pe\/wp-content\/uploads\/2016\/02\/11-02-2016-taller-ceramica.jpg\" \/>\n\t<meta property=\"og:image:width\" content=\"1000\" \/>\n\t<meta property=\"og:image:height\" content=\"552\" \/>\n\t<meta property=\"og:image:type\" content=\"image\/jpeg\" \/>\n<meta name=\"author\" content=\"Zona Caral Administrador\" \/>\n<meta name=\"twitter:card\" content=\"summary_large_image\" \/>\n<meta name=\"twitter:label1\" content=\"Written by\" \/>\n\t<meta name=\"twitter:data1\" content=\"Zona Caral Administrador\" \/>\n\t<meta name=\"twitter:label2\" content=\"Est. reading time\" \/>\n\t<meta name=\"twitter:data2\" content=\"2 minutos\" \/>\n<script type=\"application\/ld+json\" class=\"yoast-schema-graph\">{\"@context\":\"https:\\\/\\\/schema.org\",\"@graph\":[{\"@type\":\"Article\",\"@id\":\"https:\\\/\\\/zonacaral.gob.pe\\\/en\\\/noticias\\\/zona-arqueologica-caral-dicta-taller-de-ceramica-funcional-y-decorativa\\\/#article\",\"isPartOf\":{\"@id\":\"https:\\\/\\\/zonacaral.gob.pe\\\/en\\\/noticias\\\/zona-arqueologica-caral-dicta-taller-de-ceramica-funcional-y-decorativa\\\/\"},\"author\":{\"name\":\"Zona Caral Administrador\",\"@id\":\"https:\\\/\\\/zonacaral.gob.pe\\\/es\\\/#\\\/schema\\\/person\\\/beddb4d22f71a7230c5b90913270a0ee\"},\"headline\":\"Zona Arqueol\u00f3gica Caral dicta taller de Cer\u00e1mica Funcional y Decorativa\",\"datePublished\":\"2016-02-11T16:31:07+00:00\",\"mainEntityOfPage\":{\"@id\":\"https:\\\/\\\/zonacaral.gob.pe\\\/en\\\/noticias\\\/zona-arqueologica-caral-dicta-taller-de-ceramica-funcional-y-decorativa\\\/\"},\"wordCount\":339,\"image\":{\"@id\":\"https:\\\/\\\/zonacaral.gob.pe\\\/en\\\/noticias\\\/zona-arqueologica-caral-dicta-taller-de-ceramica-funcional-y-decorativa\\\/#primaryimage\"},\"thumbnailUrl\":\"https:\\\/\\\/zonacaral.gob.pe\\\/wp-content\\\/uploads\\\/2016\\\/02\\\/11-02-2016-taller-ceramica.jpg\",\"keywords\":[\"caral\",\"supe\",\"supe puerto\",\"talleres\",\"vegueta\"],\"articleSection\":[\"noticias\"],\"inLanguage\":\"es-PE\"},{\"@type\":\"WebPage\",\"@id\":\"https:\\\/\\\/zonacaral.gob.pe\\\/en\\\/noticias\\\/zona-arqueologica-caral-dicta-taller-de-ceramica-funcional-y-decorativa\\\/\",\"url\":\"https:\\\/\\\/zonacaral.gob.pe\\\/en\\\/noticias\\\/zona-arqueologica-caral-dicta-taller-de-ceramica-funcional-y-decorativa\\\/\",\"name\":\"Dictan talleres de Cer\u00e1mica Funcional-Decorativa en Caral\",\"isPartOf\":{\"@id\":\"https:\\\/\\\/zonacaral.gob.pe\\\/es\\\/#website\"},\"primaryImageOfPage\":{\"@id\":\"https:\\\/\\\/zonacaral.gob.pe\\\/en\\\/noticias\\\/zona-arqueologica-caral-dicta-taller-de-ceramica-funcional-y-decorativa\\\/#primaryimage\"},\"image\":{\"@id\":\"https:\\\/\\\/zonacaral.gob.pe\\\/en\\\/noticias\\\/zona-arqueologica-caral-dicta-taller-de-ceramica-funcional-y-decorativa\\\/#primaryimage\"},\"thumbnailUrl\":\"https:\\\/\\\/zonacaral.gob.pe\\\/wp-content\\\/uploads\\\/2016\\\/02\\\/11-02-2016-taller-ceramica.jpg\",\"datePublished\":\"2016-02-11T16:31:07+00:00\",\"author\":{\"@id\":\"https:\\\/\\\/zonacaral.gob.pe\\\/es\\\/#\\\/schema\\\/person\\\/beddb4d22f71a7230c5b90913270a0ee\"},\"description\":\"Gran acogida ha tenido el taller de Cer\u00e1mica Funcional y Decorativa que realiza la Zona Arqueol\u00f3gica Caral (ZAC), Unidad Ejecutora 003, adscrita al Ministerio de Cultura, en los distritos de Supe, Supe Puerto (provincia de Barranca) y V\u00e9gueta (provincia de Huaura). El objetivo del taller es que los ni\u00f1os \u2013entre 8 y 15 a\u00f1os-, puedan aprovechar las vacaciones escolares para aprender un oficio que quiz\u00e1 le permita generarse un ingreso, en un futuro pr\u00f3ximo.\",\"breadcrumb\":{\"@id\":\"https:\\\/\\\/zonacaral.gob.pe\\\/en\\\/noticias\\\/zona-arqueologica-caral-dicta-taller-de-ceramica-funcional-y-decorativa\\\/#breadcrumb\"},\"inLanguage\":\"es-PE\",\"potentialAction\":[{\"@type\":\"ReadAction\",\"target\":[\"https:\\\/\\\/zonacaral.gob.pe\\\/en\\\/noticias\\\/zona-arqueologica-caral-dicta-taller-de-ceramica-funcional-y-decorativa\\\/\"]}]},{\"@type\":\"ImageObject\",\"inLanguage\":\"es-PE\",\"@id\":\"https:\\\/\\\/zonacaral.gob.pe\\\/en\\\/noticias\\\/zona-arqueologica-caral-dicta-taller-de-ceramica-funcional-y-decorativa\\\/#primaryimage\",\"url\":\"https:\\\/\\\/zonacaral.gob.pe\\\/wp-content\\\/uploads\\\/2016\\\/02\\\/11-02-2016-taller-ceramica.jpg\",\"contentUrl\":\"https:\\\/\\\/zonacaral.gob.pe\\\/wp-content\\\/uploads\\\/2016\\\/02\\\/11-02-2016-taller-ceramica.jpg\",\"width\":1000,\"height\":552},{\"@type\":\"BreadcrumbList\",\"@id\":\"https:\\\/\\\/zonacaral.gob.pe\\\/en\\\/noticias\\\/zona-arqueologica-caral-dicta-taller-de-ceramica-funcional-y-decorativa\\\/#breadcrumb\",\"itemListElement\":[{\"@type\":\"ListItem\",\"position\":1,\"name\":\"Portada\",\"item\":\"https:\\\/\\\/zonacaral.gob.pe\\\/\"},{\"@type\":\"ListItem\",\"position\":2,\"name\":\"Zona Arqueol\u00f3gica Caral dicta taller de Cer\u00e1mica Funcional y Decorativa\"}]},{\"@type\":\"WebSite\",\"@id\":\"https:\\\/\\\/zonacaral.gob.pe\\\/es\\\/#website\",\"url\":\"https:\\\/\\\/zonacaral.gob.pe\\\/es\\\/\",\"name\":\"Zona Caral\",\"description\":\"Investigamos, conservamos y difundimos el patrimonio cultural de la Civilizaci\u00f3n Caral, la m\u00e1s antigua de Am\u00e9rica.\",\"potentialAction\":[{\"@type\":\"SearchAction\",\"target\":{\"@type\":\"EntryPoint\",\"urlTemplate\":\"https:\\\/\\\/zonacaral.gob.pe\\\/es\\\/?s={search_term_string}\"},\"query-input\":{\"@type\":\"PropertyValueSpecification\",\"valueRequired\":true,\"valueName\":\"search_term_string\"}}],\"inLanguage\":\"es-PE\"},{\"@type\":\"Person\",\"@id\":\"https:\\\/\\\/zonacaral.gob.pe\\\/es\\\/#\\\/schema\\\/person\\\/beddb4d22f71a7230c5b90913270a0ee\",\"name\":\"Zona Caral Administrador\",\"image\":{\"@type\":\"ImageObject\",\"inLanguage\":\"es-PE\",\"@id\":\"https:\\\/\\\/secure.gravatar.com\\\/avatar\\\/e4be162918a696358376de6446614e0f0f4062bdc5d170d6d540ada3d8b58c12?s=96&d=mm&r=g\",\"url\":\"https:\\\/\\\/secure.gravatar.com\\\/avatar\\\/e4be162918a696358376de6446614e0f0f4062bdc5d170d6d540ada3d8b58c12?s=96&d=mm&r=g\",\"contentUrl\":\"https:\\\/\\\/secure.gravatar.com\\\/avatar\\\/e4be162918a696358376de6446614e0f0f4062bdc5d170d6d540ada3d8b58c12?s=96&d=mm&r=g\",\"caption\":\"Zona Caral Administrador\"},\"sameAs\":[\"https:\\\/\\\/zonacaral.gob.pe\"],\"url\":\"https:\\\/\\\/zonacaral.gob.pe\\\/es\\\/noticias\\\/author\\\/ad_zonacaral\\\/\"}]}<\/script>\n<!-- \/ Yoast SEO plugin. -->","yoast_head_json":{"title":"Dictan talleres de Cer\u00e1mica Funcional-Decorativa en Caral","description":"Gran acogida ha tenido el taller de Cer\u00e1mica Funcional y Decorativa que realiza la Zona Arqueol\u00f3gica Caral (ZAC), Unidad Ejecutora 003, adscrita al Ministerio de Cultura, en los distritos de Supe, Supe Puerto (provincia de Barranca) y V\u00e9gueta (provincia de Huaura). El objetivo del taller es que los ni\u00f1os \u2013entre 8 y 15 a\u00f1os-, puedan aprovechar las vacaciones escolares para aprender un oficio que quiz\u00e1 le permita generarse un ingreso, en un futuro pr\u00f3ximo.","robots":{"index":"index","follow":"follow","max-snippet":"max-snippet:-1","max-image-preview":"max-image-preview:large","max-video-preview":"max-video-preview:-1"},"canonical":"https:\/\/zonacaral.gob.pe\/es\/noticias\/zona-arqueologica-caral-dicta-taller-de-ceramica-funcional-y-decorativa\/","og_locale":"es_ES","og_type":"article","og_title":"Dictan talleres de Cer\u00e1mica Funcional-Decorativa en Caral","og_description":"Gran acogida ha tenido el taller de Cer\u00e1mica Funcional y Decorativa que realiza la Zona Arqueol\u00f3gica Caral (ZAC), Unidad Ejecutora 003, adscrita al Ministerio de Cultura, en los distritos de Supe, Supe Puerto (provincia de Barranca) y V\u00e9gueta (provincia de Huaura). El objetivo del taller es que los ni\u00f1os \u2013entre 8 y 15 a\u00f1os-, puedan aprovechar las vacaciones escolares para aprender un oficio que quiz\u00e1 le permita generarse un ingreso, en un futuro pr\u00f3ximo.","og_url":"https:\/\/zonacaral.gob.pe\/es\/noticias\/zona-arqueologica-caral-dicta-taller-de-ceramica-funcional-y-decorativa\/","og_site_name":"Zona Caral","article_published_time":"2016-02-11T16:31:07+00:00","og_image":[{"width":1000,"height":552,"url":"https:\/\/zonacaral.gob.pe\/wp-content\/uploads\/2016\/02\/11-02-2016-taller-ceramica.jpg","type":"image\/jpeg"}],"author":"Zona Caral Administrador","twitter_card":"summary_large_image","twitter_misc":{"Written by":"Zona Caral Administrador","Est. reading time":"2 minutos"},"schema":{"@context":"https:\/\/schema.org","@graph":[{"@type":"Article","@id":"https:\/\/zonacaral.gob.pe\/en\/noticias\/zona-arqueologica-caral-dicta-taller-de-ceramica-funcional-y-decorativa\/#article","isPartOf":{"@id":"https:\/\/zonacaral.gob.pe\/en\/noticias\/zona-arqueologica-caral-dicta-taller-de-ceramica-funcional-y-decorativa\/"},"author":{"name":"Zona Caral Administrador","@id":"https:\/\/zonacaral.gob.pe\/es\/#\/schema\/person\/beddb4d22f71a7230c5b90913270a0ee"},"headline":"Zona Arqueol\u00f3gica Caral dicta taller de Cer\u00e1mica Funcional y Decorativa","datePublished":"2016-02-11T16:31:07+00:00","mainEntityOfPage":{"@id":"https:\/\/zonacaral.gob.pe\/en\/noticias\/zona-arqueologica-caral-dicta-taller-de-ceramica-funcional-y-decorativa\/"},"wordCount":339,"image":{"@id":"https:\/\/zonacaral.gob.pe\/en\/noticias\/zona-arqueologica-caral-dicta-taller-de-ceramica-funcional-y-decorativa\/#primaryimage"},"thumbnailUrl":"https:\/\/zonacaral.gob.pe\/wp-content\/uploads\/2016\/02\/11-02-2016-taller-ceramica.jpg","keywords":["caral","supe","supe puerto","talleres","vegueta"],"articleSection":["noticias"],"inLanguage":"es-PE"},{"@type":"WebPage","@id":"https:\/\/zonacaral.gob.pe\/en\/noticias\/zona-arqueologica-caral-dicta-taller-de-ceramica-funcional-y-decorativa\/","url":"https:\/\/zonacaral.gob.pe\/en\/noticias\/zona-arqueologica-caral-dicta-taller-de-ceramica-funcional-y-decorativa\/","name":"Dictan talleres de Cer\u00e1mica Funcional-Decorativa en Caral","isPartOf":{"@id":"https:\/\/zonacaral.gob.pe\/es\/#website"},"primaryImageOfPage":{"@id":"https:\/\/zonacaral.gob.pe\/en\/noticias\/zona-arqueologica-caral-dicta-taller-de-ceramica-funcional-y-decorativa\/#primaryimage"},"image":{"@id":"https:\/\/zonacaral.gob.pe\/en\/noticias\/zona-arqueologica-caral-dicta-taller-de-ceramica-funcional-y-decorativa\/#primaryimage"},"thumbnailUrl":"https:\/\/zonacaral.gob.pe\/wp-content\/uploads\/2016\/02\/11-02-2016-taller-ceramica.jpg","datePublished":"2016-02-11T16:31:07+00:00","author":{"@id":"https:\/\/zonacaral.gob.pe\/es\/#\/schema\/person\/beddb4d22f71a7230c5b90913270a0ee"},"description":"Gran acogida ha tenido el taller de Cer\u00e1mica Funcional y Decorativa que realiza la Zona Arqueol\u00f3gica Caral (ZAC), Unidad Ejecutora 003, adscrita al Ministerio de Cultura, en los distritos de Supe, Supe Puerto (provincia de Barranca) y V\u00e9gueta (provincia de Huaura). El objetivo del taller es que los ni\u00f1os \u2013entre 8 y 15 a\u00f1os-, puedan aprovechar las vacaciones escolares para aprender un oficio que quiz\u00e1 le permita generarse un ingreso, en un futuro pr\u00f3ximo.","breadcrumb":{"@id":"https:\/\/zonacaral.gob.pe\/en\/noticias\/zona-arqueologica-caral-dicta-taller-de-ceramica-funcional-y-decorativa\/#breadcrumb"},"inLanguage":"es-PE","potentialAction":[{"@type":"ReadAction","target":["https:\/\/zonacaral.gob.pe\/en\/noticias\/zona-arqueologica-caral-dicta-taller-de-ceramica-funcional-y-decorativa\/"]}]},{"@type":"ImageObject","inLanguage":"es-PE","@id":"https:\/\/zonacaral.gob.pe\/en\/noticias\/zona-arqueologica-caral-dicta-taller-de-ceramica-funcional-y-decorativa\/#primaryimage","url":"https:\/\/zonacaral.gob.pe\/wp-content\/uploads\/2016\/02\/11-02-2016-taller-ceramica.jpg","contentUrl":"https:\/\/zonacaral.gob.pe\/wp-content\/uploads\/2016\/02\/11-02-2016-taller-ceramica.jpg","width":1000,"height":552},{"@type":"BreadcrumbList","@id":"https:\/\/zonacaral.gob.pe\/en\/noticias\/zona-arqueologica-caral-dicta-taller-de-ceramica-funcional-y-decorativa\/#breadcrumb","itemListElement":[{"@type":"ListItem","position":1,"name":"Portada","item":"https:\/\/zonacaral.gob.pe\/"},{"@type":"ListItem","position":2,"name":"Zona Arqueol\u00f3gica Caral dicta taller de Cer\u00e1mica Funcional y Decorativa"}]},{"@type":"WebSite","@id":"https:\/\/zonacaral.gob.pe\/es\/#website","url":"https:\/\/zonacaral.gob.pe\/es\/","name":"Zona Caral","description":"Investigamos, conservamos y difundimos el patrimonio cultural de la Civilizaci\u00f3n Caral, la m\u00e1s antigua de Am\u00e9rica.","potentialAction":[{"@type":"SearchAction","target":{"@type":"EntryPoint","urlTemplate":"https:\/\/zonacaral.gob.pe\/es\/?s={search_term_string}"},"query-input":{"@type":"PropertyValueSpecification","valueRequired":true,"valueName":"search_term_string"}}],"inLanguage":"es-PE"},{"@type":"Person","@id":"https:\/\/zonacaral.gob.pe\/es\/#\/schema\/person\/beddb4d22f71a7230c5b90913270a0ee","name":"Zona Caral Administrador","image":{"@type":"ImageObject","inLanguage":"es-PE","@id":"https:\/\/secure.gravatar.com\/avatar\/e4be162918a696358376de6446614e0f0f4062bdc5d170d6d540ada3d8b58c12?s=96&d=mm&r=g","url":"https:\/\/secure.gravatar.com\/avatar\/e4be162918a696358376de6446614e0f0f4062bdc5d170d6d540ada3d8b58c12?s=96&d=mm&r=g","contentUrl":"https:\/\/secure.gravatar.com\/avatar\/e4be162918a696358376de6446614e0f0f4062bdc5d170d6d540ada3d8b58c12?s=96&d=mm&r=g","caption":"Zona Caral Administrador"},"sameAs":["https:\/\/zonacaral.gob.pe"],"url":"https:\/\/zonacaral.gob.pe\/es\/noticias\/author\/ad_zonacaral\/"}]}},"_links":{"self":[{"href":"https:\/\/zonacaral.gob.pe\/es\/wp-json\/wp\/v2\/posts\/10260","targetHints":{"allow":["GET"]}}],"collection":[{"href":"https:\/\/zonacaral.gob.pe\/es\/wp-json\/wp\/v2\/posts"}],"about":[{"href":"https:\/\/zonacaral.gob.pe\/es\/wp-json\/wp\/v2\/types\/post"}],"author":[{"embeddable":true,"href":"https:\/\/zonacaral.gob.pe\/es\/wp-json\/wp\/v2\/users\/1"}],"replies":[{"embeddable":true,"href":"https:\/\/zonacaral.gob.pe\/es\/wp-json\/wp\/v2\/comments?post=10260"}],"version-history":[{"count":0,"href":"https:\/\/zonacaral.gob.pe\/es\/wp-json\/wp\/v2\/posts\/10260\/revisions"}],"wp:featuredmedia":[{"embeddable":true,"href":"https:\/\/zonacaral.gob.pe\/es\/wp-json\/wp\/v2\/media\/10263"}],"wp:attachment":[{"href":"https:\/\/zonacaral.gob.pe\/es\/wp-json\/wp\/v2\/media?parent=10260"}],"wp:term":[{"taxonomy":"category","embeddable":true,"href":"https:\/\/zonacaral.gob.pe\/es\/wp-json\/wp\/v2\/categories?post=10260"},{"taxonomy":"post_tag","embeddable":true,"href":"https:\/\/zonacaral.gob.pe\/es\/wp-json\/wp\/v2\/tags?post=10260"}],"curies":[{"name":"wp","href":"https:\/\/api.w.org\/{rel}","templated":true}]}}