{"id":10343,"date":"2016-02-29T12:43:54","date_gmt":"2016-02-29T17:43:54","guid":{"rendered":"http:\/\/www.zonacaral.gob.pe\/?p=10343"},"modified":"2016-02-29T12:43:54","modified_gmt":"2016-02-29T17:43:54","slug":"mejora-la-produccion-del-algodon-de-colores-en-caral","status":"publish","type":"post","link":"https:\/\/zonacaral.gob.pe\/es\/noticias\/mejora-la-produccion-del-algodon-de-colores-en-caral\/","title":{"rendered":"Mejora la producci\u00f3n del algod\u00f3n de colores en Caral"},"content":{"rendered":"<figure class=\"pic-autor\" style=\"color: #4d4d4d;\"><\/figure>\n<blockquote><p><strong>El control biol\u00f3gico ayuda a combatir las plagas.\u00a0<\/strong><strong>Tambi\u00e9n se ha logrado mejor calidad de las semillas<\/strong><\/p><\/blockquote>\n<p style=\"text-align: justify;\">La Civilizaci\u00f3n Caral, Patrimonio Mundial, logr\u00f3 el \u00e9xito y su crecimiento porque fue el centro de una amplia red de intercambio y reciprocidad que se extendi\u00f3 por la costa, la sierra y la selva. Su principal cultivo fue el algod\u00f3n, el que usaron para elaborar ropa y redes de pesca que les serv\u00eda para intercambiar por productos de otras regiones; uno de esos productos fue el pescado -sobre todo la anchoveta-, moluscos, entre otros.<\/p>\n<p style=\"text-align: justify;\">El insumo que utilizaban para elaborar las tan preciadas redes de pesca, se conoce hoy como el algod\u00f3n nativo de colores, el registro arqueol\u00f3gico evidencia que en Caral hab\u00eda mucho de este algod\u00f3n, especialmente el marr\u00f3n, con una serie de matices. Con la llegada de los espa\u00f1oles se impuso el algod\u00f3n blanco y se fue descartando el de colores; es m\u00e1s, ya en la \u00e9poca republicana (1940) se prohibi\u00f3 y persigui\u00f3 su cultivo.<\/p>\n<p style=\"text-align: justify;\">La Dra. Ruth Shady Sol\u00eds, Directora de la Zona Arqueol\u00f3gica Caral, Unidad Ejecutora 003, adscrita al Ministerio de Cultura, decidi\u00f3 hace unos a\u00f1os, junto a un equipo de trabajo multidisciplinario, rescatar el algod\u00f3n nativo de Caral y ponerlo en valor; para eso solicitaron el apoyo de la empresa San Fernando S.A.C. En una hect\u00e1rea de terreno se ech\u00f3 a andar lo que se conoce como \u201cla chacra demostrativa\u201d, ingenieros y bi\u00f3logos empezaron a cultivar semillas que con el tiempo han ido mejorando y este a\u00f1o han conseguido que cada planta tenga en promedio 180 bellotas, esto proyecta una cosecha para este a\u00f1o, entre 25 y 30 quintales, casi 8 quintales m\u00e1s, respecto de 2015.<\/p>\n<p style=\"text-align: justify;\">Los bichos y plagas que afectan su cultivo son atacados de manera ecol\u00f3gica, para ello aplican la t\u00e9cnica del \u201ccontrol biol\u00f3gico\u201d, cada cierta distancia hay una botella que contiene hormonas que atrae a los bichos machos y los neutraliza, impidiendo su reproducci\u00f3n; en esta etapa experimental se puede asegurar que se ha logrado un mejor rendimiento de la producci\u00f3n y una mejora gen\u00e9tica en la semilla.<\/p>\n<p style=\"text-align: justify;\">A la par de la investigaci\u00f3n y el cultivo, un grupo de mujeres de la zona conformaron la asociaci\u00f3n denominada Llampu Maki (Manos Suaves) que empez\u00f3 a cardar, hilar y tejer hasta lograr trabajos de primera calidad, que ya se expone y vende en ferias especializadas; en cuanto haya una mayor producci\u00f3n se espera mejorar el proceso con la ayuda de la Universidad Nacional de Ingenier\u00eda. Incluso, algunos dise\u00f1adores han expresado su inter\u00e9s en contribuir con los dise\u00f1os siguiendo las tendencias de la moda internacional.<\/p>\n<p style=\"text-align: justify;\">Los especialistas aseguran que el s\u00f3lo hecho de no utilizar tintes qu\u00edmicos en las prendas de vestir, le da un valor agregado al algod\u00f3n nativo de colores que nuestros antepasados ya conoc\u00edan y manufacturaban hace cinco mil a\u00f1os. Sin duda, una contribuci\u00f3n m\u00e1s al mundo, de la Civilizaci\u00f3n Caral, la m\u00e1s antigua de nuestro pa\u00eds y de Am\u00e9rica.<\/p>\n<p><iframe src=\"https:\/\/www.youtube.com\/embed\/xxPAAyHI8TA\" width=\"640\" height=\"360\" frameborder=\"0\" allowfullscreen=\"allowfullscreen\"><\/iframe><\/p>\n<p>Fuente:<span style=\"color: #993300;\">\u00a0Prensa ZAC<\/span><\/p>\n<p>Fecha de publicaci\u00f3n: 29\/02\/2016<\/p>\n","protected":false},"excerpt":{"rendered":"<p>El control biol\u00f3gico ayuda a combatir las plagas.\u00a0Tambi\u00e9n se ha logrado mejor calidad de las semillas La Civilizaci\u00f3n Caral, Patrimonio [&hellip;]<\/p>\n","protected":false},"author":1,"featured_media":10344,"comment_status":"closed","ping_status":"open","sticky":false,"template":"","format":"standard","meta":{"_acf_changed":false,"site-sidebar-layout":"default","site-content-layout":"","ast-site-content-layout":"default","site-content-style":"default","site-sidebar-style":"default","ast-global-header-display":"","ast-banner-title-visibility":"","ast-main-header-display":"","ast-hfb-above-header-display":"","ast-hfb-below-header-display":"","ast-hfb-mobile-header-display":"","site-post-title":"","ast-breadcrumbs-content":"","ast-featured-img":"","footer-sml-layout":"","ast-disable-related-posts":"","theme-transparent-header-meta":"","adv-header-id-meta":"","stick-header-meta":"","header-above-stick-meta":"","header-main-stick-meta":"","header-below-stick-meta":"","astra-migrate-meta-layouts":"default","ast-page-background-enabled":"default","ast-page-background-meta":{"desktop":{"background-color":"var(--ast-global-color-5)","background-image":"","background-repeat":"repeat","background-position":"center center","background-size":"auto","background-attachment":"scroll","background-type":"","background-media":"","overlay-type":"","overlay-color":"","overlay-opacity":"","overlay-gradient":""},"tablet":{"background-color":"","background-image":"","background-repeat":"repeat","background-position":"center center","background-size":"auto","background-attachment":"scroll","background-type":"","background-media":"","overlay-type":"","overlay-color":"","overlay-opacity":"","overlay-gradient":""},"mobile":{"background-color":"","background-image":"","background-repeat":"repeat","background-position":"center center","background-size":"auto","background-attachment":"scroll","background-type":"","background-media":"","overlay-type":"","overlay-color":"","overlay-opacity":"","overlay-gradient":""}},"ast-content-background-meta":{"desktop":{"background-color":"var(--ast-global-color-4)","background-image":"","background-repeat":"repeat","background-position":"center center","background-size":"auto","background-attachment":"scroll","background-type":"","background-media":"","overlay-type":"","overlay-color":"","overlay-opacity":"","overlay-gradient":""},"tablet":{"background-color":"var(--ast-global-color-4)","background-image":"","background-repeat":"repeat","background-position":"center center","background-size":"auto","background-attachment":"scroll","background-type":"","background-media":"","overlay-type":"","overlay-color":"","overlay-opacity":"","overlay-gradient":""},"mobile":{"background-color":"var(--ast-global-color-4)","background-image":"","background-repeat":"repeat","background-position":"center center","background-size":"auto","background-attachment":"scroll","background-type":"","background-media":"","overlay-type":"","overlay-color":"","overlay-opacity":"","overlay-gradient":""}},"footnotes":""},"categories":[208],"tags":[85,55,86],"class_list":["post-10343","post","type-post","status-publish","format-standard","has-post-thumbnail","hentry","category-noticias","tag-algodon","tag-caral","tag-colores"],"acf":[],"yoast_head":"<!-- This site is optimized with the Yoast SEO plugin v27.3 - https:\/\/yoast.com\/product\/yoast-seo-wordpress\/ -->\n<title>Mejora la producci\u00f3n del algod\u00f3n de colores en Caral<\/title>\n<meta name=\"description\" content=\"El control biol\u00f3gico ayuda a combatir las plagas. La Civilizaci\u00f3n Caral, Patrimonio Mundial, logr\u00f3 el \u00e9xito y su crecimiento porque fue el centro de una amplia red de intercambio y reciprocidad que se extendi\u00f3 por la costa, la sierra y la selva. Su principal cultivo fue el algod\u00f3n, el que usaron para elaborar ropa y redes de pesca que les serv\u00eda para intercambiar por productos de otras regiones; uno de esos productos fue el pescado -sobre todo la anchoveta-, moluscos, entre otros.\" \/>\n<meta name=\"robots\" content=\"index, follow, max-snippet:-1, max-image-preview:large, max-video-preview:-1\" \/>\n<link rel=\"canonical\" href=\"https:\/\/zonacaral.gob.pe\/es\/noticias\/mejora-la-produccion-del-algodon-de-colores-en-caral\/\" \/>\n<meta property=\"og:locale\" content=\"es_ES\" \/>\n<meta property=\"og:type\" content=\"article\" \/>\n<meta property=\"og:title\" content=\"Mejora la producci\u00f3n del algod\u00f3n de colores en Caral\" \/>\n<meta property=\"og:description\" content=\"El control biol\u00f3gico ayuda a combatir las plagas. La Civilizaci\u00f3n Caral, Patrimonio Mundial, logr\u00f3 el \u00e9xito y su crecimiento porque fue el centro de una amplia red de intercambio y reciprocidad que se extendi\u00f3 por la costa, la sierra y la selva. Su principal cultivo fue el algod\u00f3n, el que usaron para elaborar ropa y redes de pesca que les serv\u00eda para intercambiar por productos de otras regiones; uno de esos productos fue el pescado -sobre todo la anchoveta-, moluscos, entre otros.\" \/>\n<meta property=\"og:url\" content=\"https:\/\/zonacaral.gob.pe\/es\/noticias\/mejora-la-produccion-del-algodon-de-colores-en-caral\/\" \/>\n<meta property=\"og:site_name\" content=\"Zona Caral\" \/>\n<meta property=\"article:published_time\" content=\"2016-02-29T17:43:54+00:00\" \/>\n<meta property=\"og:image\" content=\"https:\/\/zonacaral.gob.pe\/wp-content\/uploads\/2016\/02\/000341974W.jpg\" \/>\n\t<meta property=\"og:image:width\" content=\"1800\" \/>\n\t<meta property=\"og:image:height\" content=\"1212\" \/>\n\t<meta property=\"og:image:type\" content=\"image\/jpeg\" \/>\n<meta name=\"author\" content=\"Zona Caral Administrador\" \/>\n<meta name=\"twitter:card\" content=\"summary_large_image\" \/>\n<meta name=\"twitter:label1\" content=\"Written by\" \/>\n\t<meta name=\"twitter:data1\" content=\"Zona Caral Administrador\" \/>\n\t<meta name=\"twitter:label2\" content=\"Est. reading time\" \/>\n\t<meta name=\"twitter:data2\" content=\"3 minutos\" \/>\n<script type=\"application\/ld+json\" class=\"yoast-schema-graph\">{\"@context\":\"https:\\\/\\\/schema.org\",\"@graph\":[{\"@type\":\"Article\",\"@id\":\"https:\\\/\\\/zonacaral.gob.pe\\\/en\\\/noticias\\\/mejora-la-produccion-del-algodon-de-colores-en-caral\\\/#article\",\"isPartOf\":{\"@id\":\"https:\\\/\\\/zonacaral.gob.pe\\\/en\\\/noticias\\\/mejora-la-produccion-del-algodon-de-colores-en-caral\\\/\"},\"author\":{\"name\":\"Zona Caral Administrador\",\"@id\":\"https:\\\/\\\/zonacaral.gob.pe\\\/es\\\/#\\\/schema\\\/person\\\/beddb4d22f71a7230c5b90913270a0ee\"},\"headline\":\"Mejora la producci\u00f3n del algod\u00f3n de colores en Caral\",\"datePublished\":\"2016-02-29T17:43:54+00:00\",\"mainEntityOfPage\":{\"@id\":\"https:\\\/\\\/zonacaral.gob.pe\\\/en\\\/noticias\\\/mejora-la-produccion-del-algodon-de-colores-en-caral\\\/\"},\"wordCount\":546,\"image\":{\"@id\":\"https:\\\/\\\/zonacaral.gob.pe\\\/en\\\/noticias\\\/mejora-la-produccion-del-algodon-de-colores-en-caral\\\/#primaryimage\"},\"thumbnailUrl\":\"https:\\\/\\\/zonacaral.gob.pe\\\/wp-content\\\/uploads\\\/2016\\\/02\\\/000341974W.jpg\",\"keywords\":[\"algod\u00f3n\",\"caral\",\"colores\"],\"articleSection\":[\"noticias\"],\"inLanguage\":\"es-PE\"},{\"@type\":\"WebPage\",\"@id\":\"https:\\\/\\\/zonacaral.gob.pe\\\/en\\\/noticias\\\/mejora-la-produccion-del-algodon-de-colores-en-caral\\\/\",\"url\":\"https:\\\/\\\/zonacaral.gob.pe\\\/en\\\/noticias\\\/mejora-la-produccion-del-algodon-de-colores-en-caral\\\/\",\"name\":\"Mejora la producci\u00f3n del algod\u00f3n de colores en Caral\",\"isPartOf\":{\"@id\":\"https:\\\/\\\/zonacaral.gob.pe\\\/es\\\/#website\"},\"primaryImageOfPage\":{\"@id\":\"https:\\\/\\\/zonacaral.gob.pe\\\/en\\\/noticias\\\/mejora-la-produccion-del-algodon-de-colores-en-caral\\\/#primaryimage\"},\"image\":{\"@id\":\"https:\\\/\\\/zonacaral.gob.pe\\\/en\\\/noticias\\\/mejora-la-produccion-del-algodon-de-colores-en-caral\\\/#primaryimage\"},\"thumbnailUrl\":\"https:\\\/\\\/zonacaral.gob.pe\\\/wp-content\\\/uploads\\\/2016\\\/02\\\/000341974W.jpg\",\"datePublished\":\"2016-02-29T17:43:54+00:00\",\"author\":{\"@id\":\"https:\\\/\\\/zonacaral.gob.pe\\\/es\\\/#\\\/schema\\\/person\\\/beddb4d22f71a7230c5b90913270a0ee\"},\"description\":\"El control biol\u00f3gico ayuda a combatir las plagas. La Civilizaci\u00f3n Caral, Patrimonio Mundial, logr\u00f3 el \u00e9xito y su crecimiento porque fue el centro de una amplia red de intercambio y reciprocidad que se extendi\u00f3 por la costa, la sierra y la selva. Su principal cultivo fue el algod\u00f3n, el que usaron para elaborar ropa y redes de pesca que les serv\u00eda para intercambiar por productos de otras regiones; uno de esos productos fue el pescado -sobre todo la anchoveta-, moluscos, entre otros.\",\"breadcrumb\":{\"@id\":\"https:\\\/\\\/zonacaral.gob.pe\\\/en\\\/noticias\\\/mejora-la-produccion-del-algodon-de-colores-en-caral\\\/#breadcrumb\"},\"inLanguage\":\"es-PE\",\"potentialAction\":[{\"@type\":\"ReadAction\",\"target\":[\"https:\\\/\\\/zonacaral.gob.pe\\\/en\\\/noticias\\\/mejora-la-produccion-del-algodon-de-colores-en-caral\\\/\"]}]},{\"@type\":\"ImageObject\",\"inLanguage\":\"es-PE\",\"@id\":\"https:\\\/\\\/zonacaral.gob.pe\\\/en\\\/noticias\\\/mejora-la-produccion-del-algodon-de-colores-en-caral\\\/#primaryimage\",\"url\":\"https:\\\/\\\/zonacaral.gob.pe\\\/wp-content\\\/uploads\\\/2016\\\/02\\\/000341974W.jpg\",\"contentUrl\":\"https:\\\/\\\/zonacaral.gob.pe\\\/wp-content\\\/uploads\\\/2016\\\/02\\\/000341974W.jpg\",\"width\":1800,\"height\":1212},{\"@type\":\"BreadcrumbList\",\"@id\":\"https:\\\/\\\/zonacaral.gob.pe\\\/en\\\/noticias\\\/mejora-la-produccion-del-algodon-de-colores-en-caral\\\/#breadcrumb\",\"itemListElement\":[{\"@type\":\"ListItem\",\"position\":1,\"name\":\"Portada\",\"item\":\"https:\\\/\\\/zonacaral.gob.pe\\\/\"},{\"@type\":\"ListItem\",\"position\":2,\"name\":\"Mejora la producci\u00f3n del algod\u00f3n de colores en Caral\"}]},{\"@type\":\"WebSite\",\"@id\":\"https:\\\/\\\/zonacaral.gob.pe\\\/es\\\/#website\",\"url\":\"https:\\\/\\\/zonacaral.gob.pe\\\/es\\\/\",\"name\":\"Zona Caral\",\"description\":\"Investigamos, conservamos y difundimos el patrimonio cultural de la Civilizaci\u00f3n Caral, la m\u00e1s antigua de Am\u00e9rica.\",\"potentialAction\":[{\"@type\":\"SearchAction\",\"target\":{\"@type\":\"EntryPoint\",\"urlTemplate\":\"https:\\\/\\\/zonacaral.gob.pe\\\/es\\\/?s={search_term_string}\"},\"query-input\":{\"@type\":\"PropertyValueSpecification\",\"valueRequired\":true,\"valueName\":\"search_term_string\"}}],\"inLanguage\":\"es-PE\"},{\"@type\":\"Person\",\"@id\":\"https:\\\/\\\/zonacaral.gob.pe\\\/es\\\/#\\\/schema\\\/person\\\/beddb4d22f71a7230c5b90913270a0ee\",\"name\":\"Zona Caral Administrador\",\"image\":{\"@type\":\"ImageObject\",\"inLanguage\":\"es-PE\",\"@id\":\"https:\\\/\\\/secure.gravatar.com\\\/avatar\\\/e4be162918a696358376de6446614e0f0f4062bdc5d170d6d540ada3d8b58c12?s=96&d=mm&r=g\",\"url\":\"https:\\\/\\\/secure.gravatar.com\\\/avatar\\\/e4be162918a696358376de6446614e0f0f4062bdc5d170d6d540ada3d8b58c12?s=96&d=mm&r=g\",\"contentUrl\":\"https:\\\/\\\/secure.gravatar.com\\\/avatar\\\/e4be162918a696358376de6446614e0f0f4062bdc5d170d6d540ada3d8b58c12?s=96&d=mm&r=g\",\"caption\":\"Zona Caral Administrador\"},\"sameAs\":[\"https:\\\/\\\/zonacaral.gob.pe\"],\"url\":\"https:\\\/\\\/zonacaral.gob.pe\\\/es\\\/noticias\\\/author\\\/ad_zonacaral\\\/\"}]}<\/script>\n<!-- \/ Yoast SEO plugin. -->","yoast_head_json":{"title":"Mejora la producci\u00f3n del algod\u00f3n de colores en Caral","description":"El control biol\u00f3gico ayuda a combatir las plagas. La Civilizaci\u00f3n Caral, Patrimonio Mundial, logr\u00f3 el \u00e9xito y su crecimiento porque fue el centro de una amplia red de intercambio y reciprocidad que se extendi\u00f3 por la costa, la sierra y la selva. Su principal cultivo fue el algod\u00f3n, el que usaron para elaborar ropa y redes de pesca que les serv\u00eda para intercambiar por productos de otras regiones; uno de esos productos fue el pescado -sobre todo la anchoveta-, moluscos, entre otros.","robots":{"index":"index","follow":"follow","max-snippet":"max-snippet:-1","max-image-preview":"max-image-preview:large","max-video-preview":"max-video-preview:-1"},"canonical":"https:\/\/zonacaral.gob.pe\/es\/noticias\/mejora-la-produccion-del-algodon-de-colores-en-caral\/","og_locale":"es_ES","og_type":"article","og_title":"Mejora la producci\u00f3n del algod\u00f3n de colores en Caral","og_description":"El control biol\u00f3gico ayuda a combatir las plagas. La Civilizaci\u00f3n Caral, Patrimonio Mundial, logr\u00f3 el \u00e9xito y su crecimiento porque fue el centro de una amplia red de intercambio y reciprocidad que se extendi\u00f3 por la costa, la sierra y la selva. Su principal cultivo fue el algod\u00f3n, el que usaron para elaborar ropa y redes de pesca que les serv\u00eda para intercambiar por productos de otras regiones; uno de esos productos fue el pescado -sobre todo la anchoveta-, moluscos, entre otros.","og_url":"https:\/\/zonacaral.gob.pe\/es\/noticias\/mejora-la-produccion-del-algodon-de-colores-en-caral\/","og_site_name":"Zona Caral","article_published_time":"2016-02-29T17:43:54+00:00","og_image":[{"width":1800,"height":1212,"url":"https:\/\/zonacaral.gob.pe\/wp-content\/uploads\/2016\/02\/000341974W.jpg","type":"image\/jpeg"}],"author":"Zona Caral Administrador","twitter_card":"summary_large_image","twitter_misc":{"Written by":"Zona Caral Administrador","Est. reading time":"3 minutos"},"schema":{"@context":"https:\/\/schema.org","@graph":[{"@type":"Article","@id":"https:\/\/zonacaral.gob.pe\/en\/noticias\/mejora-la-produccion-del-algodon-de-colores-en-caral\/#article","isPartOf":{"@id":"https:\/\/zonacaral.gob.pe\/en\/noticias\/mejora-la-produccion-del-algodon-de-colores-en-caral\/"},"author":{"name":"Zona Caral Administrador","@id":"https:\/\/zonacaral.gob.pe\/es\/#\/schema\/person\/beddb4d22f71a7230c5b90913270a0ee"},"headline":"Mejora la producci\u00f3n del algod\u00f3n de colores en Caral","datePublished":"2016-02-29T17:43:54+00:00","mainEntityOfPage":{"@id":"https:\/\/zonacaral.gob.pe\/en\/noticias\/mejora-la-produccion-del-algodon-de-colores-en-caral\/"},"wordCount":546,"image":{"@id":"https:\/\/zonacaral.gob.pe\/en\/noticias\/mejora-la-produccion-del-algodon-de-colores-en-caral\/#primaryimage"},"thumbnailUrl":"https:\/\/zonacaral.gob.pe\/wp-content\/uploads\/2016\/02\/000341974W.jpg","keywords":["algod\u00f3n","caral","colores"],"articleSection":["noticias"],"inLanguage":"es-PE"},{"@type":"WebPage","@id":"https:\/\/zonacaral.gob.pe\/en\/noticias\/mejora-la-produccion-del-algodon-de-colores-en-caral\/","url":"https:\/\/zonacaral.gob.pe\/en\/noticias\/mejora-la-produccion-del-algodon-de-colores-en-caral\/","name":"Mejora la producci\u00f3n del algod\u00f3n de colores en Caral","isPartOf":{"@id":"https:\/\/zonacaral.gob.pe\/es\/#website"},"primaryImageOfPage":{"@id":"https:\/\/zonacaral.gob.pe\/en\/noticias\/mejora-la-produccion-del-algodon-de-colores-en-caral\/#primaryimage"},"image":{"@id":"https:\/\/zonacaral.gob.pe\/en\/noticias\/mejora-la-produccion-del-algodon-de-colores-en-caral\/#primaryimage"},"thumbnailUrl":"https:\/\/zonacaral.gob.pe\/wp-content\/uploads\/2016\/02\/000341974W.jpg","datePublished":"2016-02-29T17:43:54+00:00","author":{"@id":"https:\/\/zonacaral.gob.pe\/es\/#\/schema\/person\/beddb4d22f71a7230c5b90913270a0ee"},"description":"El control biol\u00f3gico ayuda a combatir las plagas. La Civilizaci\u00f3n Caral, Patrimonio Mundial, logr\u00f3 el \u00e9xito y su crecimiento porque fue el centro de una amplia red de intercambio y reciprocidad que se extendi\u00f3 por la costa, la sierra y la selva. Su principal cultivo fue el algod\u00f3n, el que usaron para elaborar ropa y redes de pesca que les serv\u00eda para intercambiar por productos de otras regiones; uno de esos productos fue el pescado -sobre todo la anchoveta-, moluscos, entre otros.","breadcrumb":{"@id":"https:\/\/zonacaral.gob.pe\/en\/noticias\/mejora-la-produccion-del-algodon-de-colores-en-caral\/#breadcrumb"},"inLanguage":"es-PE","potentialAction":[{"@type":"ReadAction","target":["https:\/\/zonacaral.gob.pe\/en\/noticias\/mejora-la-produccion-del-algodon-de-colores-en-caral\/"]}]},{"@type":"ImageObject","inLanguage":"es-PE","@id":"https:\/\/zonacaral.gob.pe\/en\/noticias\/mejora-la-produccion-del-algodon-de-colores-en-caral\/#primaryimage","url":"https:\/\/zonacaral.gob.pe\/wp-content\/uploads\/2016\/02\/000341974W.jpg","contentUrl":"https:\/\/zonacaral.gob.pe\/wp-content\/uploads\/2016\/02\/000341974W.jpg","width":1800,"height":1212},{"@type":"BreadcrumbList","@id":"https:\/\/zonacaral.gob.pe\/en\/noticias\/mejora-la-produccion-del-algodon-de-colores-en-caral\/#breadcrumb","itemListElement":[{"@type":"ListItem","position":1,"name":"Portada","item":"https:\/\/zonacaral.gob.pe\/"},{"@type":"ListItem","position":2,"name":"Mejora la producci\u00f3n del algod\u00f3n de colores en Caral"}]},{"@type":"WebSite","@id":"https:\/\/zonacaral.gob.pe\/es\/#website","url":"https:\/\/zonacaral.gob.pe\/es\/","name":"Zona Caral","description":"Investigamos, conservamos y difundimos el patrimonio cultural de la Civilizaci\u00f3n Caral, la m\u00e1s antigua de Am\u00e9rica.","potentialAction":[{"@type":"SearchAction","target":{"@type":"EntryPoint","urlTemplate":"https:\/\/zonacaral.gob.pe\/es\/?s={search_term_string}"},"query-input":{"@type":"PropertyValueSpecification","valueRequired":true,"valueName":"search_term_string"}}],"inLanguage":"es-PE"},{"@type":"Person","@id":"https:\/\/zonacaral.gob.pe\/es\/#\/schema\/person\/beddb4d22f71a7230c5b90913270a0ee","name":"Zona Caral Administrador","image":{"@type":"ImageObject","inLanguage":"es-PE","@id":"https:\/\/secure.gravatar.com\/avatar\/e4be162918a696358376de6446614e0f0f4062bdc5d170d6d540ada3d8b58c12?s=96&d=mm&r=g","url":"https:\/\/secure.gravatar.com\/avatar\/e4be162918a696358376de6446614e0f0f4062bdc5d170d6d540ada3d8b58c12?s=96&d=mm&r=g","contentUrl":"https:\/\/secure.gravatar.com\/avatar\/e4be162918a696358376de6446614e0f0f4062bdc5d170d6d540ada3d8b58c12?s=96&d=mm&r=g","caption":"Zona Caral Administrador"},"sameAs":["https:\/\/zonacaral.gob.pe"],"url":"https:\/\/zonacaral.gob.pe\/es\/noticias\/author\/ad_zonacaral\/"}]}},"_links":{"self":[{"href":"https:\/\/zonacaral.gob.pe\/es\/wp-json\/wp\/v2\/posts\/10343","targetHints":{"allow":["GET"]}}],"collection":[{"href":"https:\/\/zonacaral.gob.pe\/es\/wp-json\/wp\/v2\/posts"}],"about":[{"href":"https:\/\/zonacaral.gob.pe\/es\/wp-json\/wp\/v2\/types\/post"}],"author":[{"embeddable":true,"href":"https:\/\/zonacaral.gob.pe\/es\/wp-json\/wp\/v2\/users\/1"}],"replies":[{"embeddable":true,"href":"https:\/\/zonacaral.gob.pe\/es\/wp-json\/wp\/v2\/comments?post=10343"}],"version-history":[{"count":0,"href":"https:\/\/zonacaral.gob.pe\/es\/wp-json\/wp\/v2\/posts\/10343\/revisions"}],"wp:featuredmedia":[{"embeddable":true,"href":"https:\/\/zonacaral.gob.pe\/es\/wp-json\/wp\/v2\/media\/10344"}],"wp:attachment":[{"href":"https:\/\/zonacaral.gob.pe\/es\/wp-json\/wp\/v2\/media?parent=10343"}],"wp:term":[{"taxonomy":"category","embeddable":true,"href":"https:\/\/zonacaral.gob.pe\/es\/wp-json\/wp\/v2\/categories?post=10343"},{"taxonomy":"post_tag","embeddable":true,"href":"https:\/\/zonacaral.gob.pe\/es\/wp-json\/wp\/v2\/tags?post=10343"}],"curies":[{"name":"wp","href":"https:\/\/api.w.org\/{rel}","templated":true}]}}