{"id":10389,"date":"2016-03-23T17:09:27","date_gmt":"2016-03-23T22:09:27","guid":{"rendered":"http:\/\/www.zonacaral.gob.pe\/?p=10389"},"modified":"2016-03-23T17:09:27","modified_gmt":"2016-03-23T22:09:27","slug":"un-repaso-a-nuestra-ciudad-origen","status":"publish","type":"post","link":"https:\/\/zonacaral.gob.pe\/es\/noticias\/un-repaso-a-nuestra-ciudad-origen\/","title":{"rendered":"Un repaso a nuestra Ciudad origen"},"content":{"rendered":"<figure class=\"pic-autor\" style=\"color: #4d4d4d;\"><\/figure>\n<blockquote><p><span style=\"color: #303030;\">Publican Centros Urbanos de la Civilizaci\u00f3n Caral: 21 a\u00f1os recuperando la historia sobre el sistema social. Libro recopila informaci\u00f3n sobre nuestra primera cultura.<\/span><\/p><\/blockquote>\n<p style=\"text-align: justify;\"><span style=\"color: #303030;\">La Dra. Ruth Shady Sol\u00eds, directora de la Zona Arqueol\u00f3gica Caral (ZAC), Unidad Ejecutora 003, adscrita al Ministerio de Cultura, inform\u00f3 que ya est\u00e1 en librer\u00edas el libro Centros urbanos de la civilizaci\u00f3n Caral: 21 a\u00f1os recuperando la historia sobre el sistema social.\u00a0<\/span><br style=\"color: #303030;\" \/><br style=\"color: #303030;\" \/><span style=\"color: #303030;\">La nueva publicaci\u00f3n, a lo largo de sus ocho cap\u00edtulos, da cuenta de los trabajos de excavaci\u00f3n, investigaci\u00f3n y conservaci\u00f3n que realiza el equipo multidisciplinario de la ZAC en nueve sitios arqueol\u00f3gicos. Hay amplia informaci\u00f3n sobre los aspectos econ\u00f3micos, sociales, pol\u00edticos e ideol\u00f3gicos durante los or\u00edgenes de la civilizaci\u00f3n; as\u00ed como los hallazgos arqueol\u00f3gicos.<\/span><\/p>\n<h3 style=\"text-align: justify;\"><strong style=\"color: #303030;\">Valor documental<\/strong><\/h3>\n<p><span style=\"color: #303030;\">A diferencia de ediciones anteriores, en esta publicaci\u00f3n ilustrada se muestra el trabajo realizado en los asentamientos arqueol\u00f3gicos denominados Chupacigarro, Miraya, Lurihuasi, Allpacoto, Pueblo Nuevo, Piedra Parada, El Molino, Era de Pando, todos ellos relacionadas con la Ciudad Sagrada de Caral.\u00a0<\/span><br style=\"color: #303030;\" \/><br style=\"color: #303030;\" \/><span style=\"color: #303030;\">Hay que precisar que la ZAC tambi\u00e9n interviene en los sitios arqueol\u00f3gicos de Vichama y \u00c1spero, ciudades agropesquera y pesquera, respectivamente, de la civilizaci\u00f3n Caral; estos dos \u00faltimos ya cuentan con sus respectivas publicaciones.\u00a0<\/span><br style=\"color: #303030;\" \/><br style=\"color: #303030;\" \/><span style=\"color: #303030;\">La civilizaci\u00f3n Caral, con 5,000 a\u00f1os, es la m\u00e1s antigua de nuestro pa\u00eds y del continente americano, reconocida como Patrimonio Mundial por la Unesco (desde 2009), y podr\u00e1 ser apreciada al detalle en este nuevo libro.\u00a0<\/span><br style=\"color: #303030;\" \/><br style=\"color: #303030;\" \/><span style=\"color: #303030;\">La obra se ha editado en el marco del cumplimiento de los fines generales de la ZAC.\u00a0<\/span><br style=\"color: #303030;\" \/><br style=\"color: #303030;\" \/><span style=\"color: #303030;\">Algunas metas propuestas son recuperar la historia social mediante el patrimonio; conservar y difundir sus valores en beneficio de la sociedad; fortalecer la identidad cultural y mejorar la autoestima social mediante la revaloraci\u00f3n de la cultura inmaterial.<\/span><\/p>\n<h3>Punto por Punto<\/h3>\n<p class=\"p1\"><strong>LA DRA. RUTH SHADY\u00a0<\/strong>Sol\u00eds brind\u00f3 una conferencia magistral en el Museo Nacional de Antropolog\u00eda de M\u00e9xico.<\/p>\n<p class=\"p1\"><strong>EN SU CHARLA<\/strong> asegur\u00f3 que la civilizaci\u00f3n Caral supo aprovechar los recursos naturales \u00a0respetando el ambiente.<\/p>\n<p class=\"p1\"><strong>SHADY PARTICI\u00d3N EN<\/strong> el Foro de la Sociedad Civil, que se realiz\u00f3 en el marco de la primera reuni\u00f3n del Consejo de Asociaci\u00f3n Estrat\u00e9gica Per\u00fa-M\u00e9xico.<\/p>\n<p>Fuente:<span style=\"color: #800000;\">\u00a0<a href=\"http:\/\/www.elperuano.com.pe\/edicion-20160322-3258.aspx\">El Peruano<\/a><\/span><\/p>\n<p>Fecha de publicaci\u00f3n: 22\/03\/2016<\/p>\n","protected":false},"excerpt":{"rendered":"<p>Publican Centros Urbanos de la Civilizaci\u00f3n Caral: 21 a\u00f1os recuperando la historia sobre el sistema social. Libro recopila informaci\u00f3n sobre [&hellip;]<\/p>\n","protected":false},"author":1,"featured_media":10393,"comment_status":"closed","ping_status":"open","sticky":false,"template":"","format":"standard","meta":{"_acf_changed":false,"site-sidebar-layout":"default","site-content-layout":"","ast-site-content-layout":"default","site-content-style":"default","site-sidebar-style":"default","ast-global-header-display":"","ast-banner-title-visibility":"","ast-main-header-display":"","ast-hfb-above-header-display":"","ast-hfb-below-header-display":"","ast-hfb-mobile-header-display":"","site-post-title":"","ast-breadcrumbs-content":"","ast-featured-img":"","footer-sml-layout":"","ast-disable-related-posts":"","theme-transparent-header-meta":"","adv-header-id-meta":"","stick-header-meta":"","header-above-stick-meta":"","header-main-stick-meta":"","header-below-stick-meta":"","astra-migrate-meta-layouts":"default","ast-page-background-enabled":"default","ast-page-background-meta":{"desktop":{"background-color":"var(--ast-global-color-5)","background-image":"","background-repeat":"repeat","background-position":"center center","background-size":"auto","background-attachment":"scroll","background-type":"","background-media":"","overlay-type":"","overlay-color":"","overlay-opacity":"","overlay-gradient":""},"tablet":{"background-color":"","background-image":"","background-repeat":"repeat","background-position":"center center","background-size":"auto","background-attachment":"scroll","background-type":"","background-media":"","overlay-type":"","overlay-color":"","overlay-opacity":"","overlay-gradient":""},"mobile":{"background-color":"","background-image":"","background-repeat":"repeat","background-position":"center center","background-size":"auto","background-attachment":"scroll","background-type":"","background-media":"","overlay-type":"","overlay-color":"","overlay-opacity":"","overlay-gradient":""}},"ast-content-background-meta":{"desktop":{"background-color":"var(--ast-global-color-4)","background-image":"","background-repeat":"repeat","background-position":"center center","background-size":"auto","background-attachment":"scroll","background-type":"","background-media":"","overlay-type":"","overlay-color":"","overlay-opacity":"","overlay-gradient":""},"tablet":{"background-color":"var(--ast-global-color-4)","background-image":"","background-repeat":"repeat","background-position":"center center","background-size":"auto","background-attachment":"scroll","background-type":"","background-media":"","overlay-type":"","overlay-color":"","overlay-opacity":"","overlay-gradient":""},"mobile":{"background-color":"var(--ast-global-color-4)","background-image":"","background-repeat":"repeat","background-position":"center center","background-size":"auto","background-attachment":"scroll","background-type":"","background-media":"","overlay-type":"","overlay-color":"","overlay-opacity":"","overlay-gradient":""}},"footnotes":""},"categories":[208],"tags":[119,118,82],"class_list":["post-10389","post","type-post","status-publish","format-standard","has-post-thumbnail","hentry","category-noticias","tag-libro","tag-mexico","tag-ruth-shady"],"acf":[],"yoast_head":"<!-- This site is optimized with the Yoast SEO plugin v27.3 - https:\/\/yoast.com\/product\/yoast-seo-wordpress\/ -->\n<title>Un repaso a nuestra Ciudad origen<\/title>\n<meta name=\"description\" content=\"Publican Centros Urbanos de la Civilizaci\u00f3n Caral: 21 a\u00f1os recuperando la historia sobre el sistema social. Libro recopila informaci\u00f3n sobre nuestra primera cultura.\" \/>\n<meta name=\"robots\" content=\"index, follow, max-snippet:-1, max-image-preview:large, max-video-preview:-1\" \/>\n<link rel=\"canonical\" href=\"https:\/\/zonacaral.gob.pe\/es\/noticias\/un-repaso-a-nuestra-ciudad-origen\/\" \/>\n<meta property=\"og:locale\" content=\"es_ES\" \/>\n<meta property=\"og:type\" content=\"article\" \/>\n<meta property=\"og:title\" content=\"Un repaso a nuestra Ciudad origen\" \/>\n<meta property=\"og:description\" content=\"Publican Centros Urbanos de la Civilizaci\u00f3n Caral: 21 a\u00f1os recuperando la historia sobre el sistema social. Libro recopila informaci\u00f3n sobre nuestra primera cultura.\" \/>\n<meta property=\"og:url\" content=\"https:\/\/zonacaral.gob.pe\/es\/noticias\/un-repaso-a-nuestra-ciudad-origen\/\" \/>\n<meta property=\"og:site_name\" content=\"Zona Caral\" \/>\n<meta property=\"article:published_time\" content=\"2016-03-23T22:09:27+00:00\" \/>\n<meta property=\"og:image\" content=\"https:\/\/zonacaral.gob.pe\/wp-content\/uploads\/2016\/03\/andina-22-03-2016.jpg\" \/>\n\t<meta property=\"og:image:width\" content=\"800\" \/>\n\t<meta property=\"og:image:height\" content=\"422\" \/>\n\t<meta property=\"og:image:type\" content=\"image\/jpeg\" \/>\n<meta name=\"author\" content=\"Zona Caral Administrador\" \/>\n<meta name=\"twitter:card\" content=\"summary_large_image\" \/>\n<meta name=\"twitter:label1\" content=\"Written by\" \/>\n\t<meta name=\"twitter:data1\" content=\"Zona Caral Administrador\" \/>\n\t<meta name=\"twitter:label2\" content=\"Est. reading time\" \/>\n\t<meta name=\"twitter:data2\" content=\"2 minutos\" \/>\n<script type=\"application\/ld+json\" class=\"yoast-schema-graph\">{\"@context\":\"https:\\\/\\\/schema.org\",\"@graph\":[{\"@type\":\"Article\",\"@id\":\"https:\\\/\\\/zonacaral.gob.pe\\\/en\\\/noticias\\\/un-repaso-a-nuestra-ciudad-origen\\\/#article\",\"isPartOf\":{\"@id\":\"https:\\\/\\\/zonacaral.gob.pe\\\/en\\\/noticias\\\/un-repaso-a-nuestra-ciudad-origen\\\/\"},\"author\":{\"name\":\"Zona Caral Administrador\",\"@id\":\"https:\\\/\\\/zonacaral.gob.pe\\\/es\\\/#\\\/schema\\\/person\\\/beddb4d22f71a7230c5b90913270a0ee\"},\"headline\":\"Un repaso a nuestra Ciudad origen\",\"datePublished\":\"2016-03-23T22:09:27+00:00\",\"mainEntityOfPage\":{\"@id\":\"https:\\\/\\\/zonacaral.gob.pe\\\/en\\\/noticias\\\/un-repaso-a-nuestra-ciudad-origen\\\/\"},\"wordCount\":397,\"image\":{\"@id\":\"https:\\\/\\\/zonacaral.gob.pe\\\/en\\\/noticias\\\/un-repaso-a-nuestra-ciudad-origen\\\/#primaryimage\"},\"thumbnailUrl\":\"https:\\\/\\\/zonacaral.gob.pe\\\/wp-content\\\/uploads\\\/2016\\\/03\\\/andina-22-03-2016.jpg\",\"keywords\":[\"libro\",\"m\u00e9xico\",\"Ruth Shady\"],\"articleSection\":[\"noticias\"],\"inLanguage\":\"es-PE\"},{\"@type\":\"WebPage\",\"@id\":\"https:\\\/\\\/zonacaral.gob.pe\\\/en\\\/noticias\\\/un-repaso-a-nuestra-ciudad-origen\\\/\",\"url\":\"https:\\\/\\\/zonacaral.gob.pe\\\/en\\\/noticias\\\/un-repaso-a-nuestra-ciudad-origen\\\/\",\"name\":\"Un repaso a nuestra Ciudad origen\",\"isPartOf\":{\"@id\":\"https:\\\/\\\/zonacaral.gob.pe\\\/es\\\/#website\"},\"primaryImageOfPage\":{\"@id\":\"https:\\\/\\\/zonacaral.gob.pe\\\/en\\\/noticias\\\/un-repaso-a-nuestra-ciudad-origen\\\/#primaryimage\"},\"image\":{\"@id\":\"https:\\\/\\\/zonacaral.gob.pe\\\/en\\\/noticias\\\/un-repaso-a-nuestra-ciudad-origen\\\/#primaryimage\"},\"thumbnailUrl\":\"https:\\\/\\\/zonacaral.gob.pe\\\/wp-content\\\/uploads\\\/2016\\\/03\\\/andina-22-03-2016.jpg\",\"datePublished\":\"2016-03-23T22:09:27+00:00\",\"author\":{\"@id\":\"https:\\\/\\\/zonacaral.gob.pe\\\/es\\\/#\\\/schema\\\/person\\\/beddb4d22f71a7230c5b90913270a0ee\"},\"description\":\"Publican Centros Urbanos de la Civilizaci\u00f3n Caral: 21 a\u00f1os recuperando la historia sobre el sistema social. Libro recopila informaci\u00f3n sobre nuestra primera cultura.\",\"breadcrumb\":{\"@id\":\"https:\\\/\\\/zonacaral.gob.pe\\\/en\\\/noticias\\\/un-repaso-a-nuestra-ciudad-origen\\\/#breadcrumb\"},\"inLanguage\":\"es-PE\",\"potentialAction\":[{\"@type\":\"ReadAction\",\"target\":[\"https:\\\/\\\/zonacaral.gob.pe\\\/en\\\/noticias\\\/un-repaso-a-nuestra-ciudad-origen\\\/\"]}]},{\"@type\":\"ImageObject\",\"inLanguage\":\"es-PE\",\"@id\":\"https:\\\/\\\/zonacaral.gob.pe\\\/en\\\/noticias\\\/un-repaso-a-nuestra-ciudad-origen\\\/#primaryimage\",\"url\":\"https:\\\/\\\/zonacaral.gob.pe\\\/wp-content\\\/uploads\\\/2016\\\/03\\\/andina-22-03-2016.jpg\",\"contentUrl\":\"https:\\\/\\\/zonacaral.gob.pe\\\/wp-content\\\/uploads\\\/2016\\\/03\\\/andina-22-03-2016.jpg\",\"width\":800,\"height\":422},{\"@type\":\"BreadcrumbList\",\"@id\":\"https:\\\/\\\/zonacaral.gob.pe\\\/en\\\/noticias\\\/un-repaso-a-nuestra-ciudad-origen\\\/#breadcrumb\",\"itemListElement\":[{\"@type\":\"ListItem\",\"position\":1,\"name\":\"Portada\",\"item\":\"https:\\\/\\\/zonacaral.gob.pe\\\/\"},{\"@type\":\"ListItem\",\"position\":2,\"name\":\"Un repaso a nuestra Ciudad origen\"}]},{\"@type\":\"WebSite\",\"@id\":\"https:\\\/\\\/zonacaral.gob.pe\\\/es\\\/#website\",\"url\":\"https:\\\/\\\/zonacaral.gob.pe\\\/es\\\/\",\"name\":\"Zona Caral\",\"description\":\"Investigamos, conservamos y difundimos el patrimonio cultural de la Civilizaci\u00f3n Caral, la m\u00e1s antigua de Am\u00e9rica.\",\"potentialAction\":[{\"@type\":\"SearchAction\",\"target\":{\"@type\":\"EntryPoint\",\"urlTemplate\":\"https:\\\/\\\/zonacaral.gob.pe\\\/es\\\/?s={search_term_string}\"},\"query-input\":{\"@type\":\"PropertyValueSpecification\",\"valueRequired\":true,\"valueName\":\"search_term_string\"}}],\"inLanguage\":\"es-PE\"},{\"@type\":\"Person\",\"@id\":\"https:\\\/\\\/zonacaral.gob.pe\\\/es\\\/#\\\/schema\\\/person\\\/beddb4d22f71a7230c5b90913270a0ee\",\"name\":\"Zona Caral Administrador\",\"image\":{\"@type\":\"ImageObject\",\"inLanguage\":\"es-PE\",\"@id\":\"https:\\\/\\\/secure.gravatar.com\\\/avatar\\\/e4be162918a696358376de6446614e0f0f4062bdc5d170d6d540ada3d8b58c12?s=96&d=mm&r=g\",\"url\":\"https:\\\/\\\/secure.gravatar.com\\\/avatar\\\/e4be162918a696358376de6446614e0f0f4062bdc5d170d6d540ada3d8b58c12?s=96&d=mm&r=g\",\"contentUrl\":\"https:\\\/\\\/secure.gravatar.com\\\/avatar\\\/e4be162918a696358376de6446614e0f0f4062bdc5d170d6d540ada3d8b58c12?s=96&d=mm&r=g\",\"caption\":\"Zona Caral Administrador\"},\"sameAs\":[\"https:\\\/\\\/zonacaral.gob.pe\"],\"url\":\"https:\\\/\\\/zonacaral.gob.pe\\\/es\\\/noticias\\\/author\\\/ad_zonacaral\\\/\"}]}<\/script>\n<!-- \/ Yoast SEO plugin. -->","yoast_head_json":{"title":"Un repaso a nuestra Ciudad origen","description":"Publican Centros Urbanos de la Civilizaci\u00f3n Caral: 21 a\u00f1os recuperando la historia sobre el sistema social. Libro recopila informaci\u00f3n sobre nuestra primera cultura.","robots":{"index":"index","follow":"follow","max-snippet":"max-snippet:-1","max-image-preview":"max-image-preview:large","max-video-preview":"max-video-preview:-1"},"canonical":"https:\/\/zonacaral.gob.pe\/es\/noticias\/un-repaso-a-nuestra-ciudad-origen\/","og_locale":"es_ES","og_type":"article","og_title":"Un repaso a nuestra Ciudad origen","og_description":"Publican Centros Urbanos de la Civilizaci\u00f3n Caral: 21 a\u00f1os recuperando la historia sobre el sistema social. Libro recopila informaci\u00f3n sobre nuestra primera cultura.","og_url":"https:\/\/zonacaral.gob.pe\/es\/noticias\/un-repaso-a-nuestra-ciudad-origen\/","og_site_name":"Zona Caral","article_published_time":"2016-03-23T22:09:27+00:00","og_image":[{"width":800,"height":422,"url":"https:\/\/zonacaral.gob.pe\/wp-content\/uploads\/2016\/03\/andina-22-03-2016.jpg","type":"image\/jpeg"}],"author":"Zona Caral Administrador","twitter_card":"summary_large_image","twitter_misc":{"Written by":"Zona Caral Administrador","Est. reading time":"2 minutos"},"schema":{"@context":"https:\/\/schema.org","@graph":[{"@type":"Article","@id":"https:\/\/zonacaral.gob.pe\/en\/noticias\/un-repaso-a-nuestra-ciudad-origen\/#article","isPartOf":{"@id":"https:\/\/zonacaral.gob.pe\/en\/noticias\/un-repaso-a-nuestra-ciudad-origen\/"},"author":{"name":"Zona Caral Administrador","@id":"https:\/\/zonacaral.gob.pe\/es\/#\/schema\/person\/beddb4d22f71a7230c5b90913270a0ee"},"headline":"Un repaso a nuestra Ciudad origen","datePublished":"2016-03-23T22:09:27+00:00","mainEntityOfPage":{"@id":"https:\/\/zonacaral.gob.pe\/en\/noticias\/un-repaso-a-nuestra-ciudad-origen\/"},"wordCount":397,"image":{"@id":"https:\/\/zonacaral.gob.pe\/en\/noticias\/un-repaso-a-nuestra-ciudad-origen\/#primaryimage"},"thumbnailUrl":"https:\/\/zonacaral.gob.pe\/wp-content\/uploads\/2016\/03\/andina-22-03-2016.jpg","keywords":["libro","m\u00e9xico","Ruth Shady"],"articleSection":["noticias"],"inLanguage":"es-PE"},{"@type":"WebPage","@id":"https:\/\/zonacaral.gob.pe\/en\/noticias\/un-repaso-a-nuestra-ciudad-origen\/","url":"https:\/\/zonacaral.gob.pe\/en\/noticias\/un-repaso-a-nuestra-ciudad-origen\/","name":"Un repaso a nuestra Ciudad origen","isPartOf":{"@id":"https:\/\/zonacaral.gob.pe\/es\/#website"},"primaryImageOfPage":{"@id":"https:\/\/zonacaral.gob.pe\/en\/noticias\/un-repaso-a-nuestra-ciudad-origen\/#primaryimage"},"image":{"@id":"https:\/\/zonacaral.gob.pe\/en\/noticias\/un-repaso-a-nuestra-ciudad-origen\/#primaryimage"},"thumbnailUrl":"https:\/\/zonacaral.gob.pe\/wp-content\/uploads\/2016\/03\/andina-22-03-2016.jpg","datePublished":"2016-03-23T22:09:27+00:00","author":{"@id":"https:\/\/zonacaral.gob.pe\/es\/#\/schema\/person\/beddb4d22f71a7230c5b90913270a0ee"},"description":"Publican Centros Urbanos de la Civilizaci\u00f3n Caral: 21 a\u00f1os recuperando la historia sobre el sistema social. Libro recopila informaci\u00f3n sobre nuestra primera cultura.","breadcrumb":{"@id":"https:\/\/zonacaral.gob.pe\/en\/noticias\/un-repaso-a-nuestra-ciudad-origen\/#breadcrumb"},"inLanguage":"es-PE","potentialAction":[{"@type":"ReadAction","target":["https:\/\/zonacaral.gob.pe\/en\/noticias\/un-repaso-a-nuestra-ciudad-origen\/"]}]},{"@type":"ImageObject","inLanguage":"es-PE","@id":"https:\/\/zonacaral.gob.pe\/en\/noticias\/un-repaso-a-nuestra-ciudad-origen\/#primaryimage","url":"https:\/\/zonacaral.gob.pe\/wp-content\/uploads\/2016\/03\/andina-22-03-2016.jpg","contentUrl":"https:\/\/zonacaral.gob.pe\/wp-content\/uploads\/2016\/03\/andina-22-03-2016.jpg","width":800,"height":422},{"@type":"BreadcrumbList","@id":"https:\/\/zonacaral.gob.pe\/en\/noticias\/un-repaso-a-nuestra-ciudad-origen\/#breadcrumb","itemListElement":[{"@type":"ListItem","position":1,"name":"Portada","item":"https:\/\/zonacaral.gob.pe\/"},{"@type":"ListItem","position":2,"name":"Un repaso a nuestra Ciudad origen"}]},{"@type":"WebSite","@id":"https:\/\/zonacaral.gob.pe\/es\/#website","url":"https:\/\/zonacaral.gob.pe\/es\/","name":"Zona Caral","description":"Investigamos, conservamos y difundimos el patrimonio cultural de la Civilizaci\u00f3n Caral, la m\u00e1s antigua de Am\u00e9rica.","potentialAction":[{"@type":"SearchAction","target":{"@type":"EntryPoint","urlTemplate":"https:\/\/zonacaral.gob.pe\/es\/?s={search_term_string}"},"query-input":{"@type":"PropertyValueSpecification","valueRequired":true,"valueName":"search_term_string"}}],"inLanguage":"es-PE"},{"@type":"Person","@id":"https:\/\/zonacaral.gob.pe\/es\/#\/schema\/person\/beddb4d22f71a7230c5b90913270a0ee","name":"Zona Caral Administrador","image":{"@type":"ImageObject","inLanguage":"es-PE","@id":"https:\/\/secure.gravatar.com\/avatar\/e4be162918a696358376de6446614e0f0f4062bdc5d170d6d540ada3d8b58c12?s=96&d=mm&r=g","url":"https:\/\/secure.gravatar.com\/avatar\/e4be162918a696358376de6446614e0f0f4062bdc5d170d6d540ada3d8b58c12?s=96&d=mm&r=g","contentUrl":"https:\/\/secure.gravatar.com\/avatar\/e4be162918a696358376de6446614e0f0f4062bdc5d170d6d540ada3d8b58c12?s=96&d=mm&r=g","caption":"Zona Caral Administrador"},"sameAs":["https:\/\/zonacaral.gob.pe"],"url":"https:\/\/zonacaral.gob.pe\/es\/noticias\/author\/ad_zonacaral\/"}]}},"_links":{"self":[{"href":"https:\/\/zonacaral.gob.pe\/es\/wp-json\/wp\/v2\/posts\/10389","targetHints":{"allow":["GET"]}}],"collection":[{"href":"https:\/\/zonacaral.gob.pe\/es\/wp-json\/wp\/v2\/posts"}],"about":[{"href":"https:\/\/zonacaral.gob.pe\/es\/wp-json\/wp\/v2\/types\/post"}],"author":[{"embeddable":true,"href":"https:\/\/zonacaral.gob.pe\/es\/wp-json\/wp\/v2\/users\/1"}],"replies":[{"embeddable":true,"href":"https:\/\/zonacaral.gob.pe\/es\/wp-json\/wp\/v2\/comments?post=10389"}],"version-history":[{"count":0,"href":"https:\/\/zonacaral.gob.pe\/es\/wp-json\/wp\/v2\/posts\/10389\/revisions"}],"wp:featuredmedia":[{"embeddable":true,"href":"https:\/\/zonacaral.gob.pe\/es\/wp-json\/wp\/v2\/media\/10393"}],"wp:attachment":[{"href":"https:\/\/zonacaral.gob.pe\/es\/wp-json\/wp\/v2\/media?parent=10389"}],"wp:term":[{"taxonomy":"category","embeddable":true,"href":"https:\/\/zonacaral.gob.pe\/es\/wp-json\/wp\/v2\/categories?post=10389"},{"taxonomy":"post_tag","embeddable":true,"href":"https:\/\/zonacaral.gob.pe\/es\/wp-json\/wp\/v2\/tags?post=10389"}],"curies":[{"name":"wp","href":"https:\/\/api.w.org\/{rel}","templated":true}]}}