{"id":10469,"date":"2016-04-20T10:54:58","date_gmt":"2016-04-20T15:54:58","guid":{"rendered":"http:\/\/www.zonacaral.gob.pe\/?p=10469"},"modified":"2016-04-20T10:54:58","modified_gmt":"2016-04-20T15:54:58","slug":"celebraran-el-undecimo-aniversario-de-la-puesta-en-valor-de-aspero","status":"publish","type":"post","link":"https:\/\/zonacaral.gob.pe\/es\/noticias\/celebraran-el-undecimo-aniversario-de-la-puesta-en-valor-de-aspero\/","title":{"rendered":"Celebrar\u00e1n el und\u00e9cimo aniversario de la puesta en valor de \u00c1spero"},"content":{"rendered":"<figure class=\"pic-autor\" style=\"color: #4d4d4d;\"><\/figure>\n<blockquote>\n<p style=\"color: #000000;\">Con diversas actividades culturales, el 29 y 30 de abril<\/p>\n<\/blockquote>\n<p style=\"color: #1b1b1b; text-align: justify;\"><span style=\"color: #000000;\">Con diversas actividades culturales se celebrar\u00e1, el viernes 29 y s\u00e1bado 30 de abril, el und\u00e9cimo aniversario de la puesta en valor de \u00c1spero, ciudad pesquera de la civilizaci\u00f3n Caral, en el sitio arqueol\u00f3gico ubicado en Supe Puerto.<\/span><\/p>\n<p style=\"color: #1b1b1b; text-align: justify;\">El objetivo del programa cultural es dar a conocer los avances alcanzados en los trabajos de investigaci\u00f3n, conservaci\u00f3n y difusi\u00f3n del sitio arqueol\u00f3gico, que es estudiado por un equipo de arque\u00f3logos de la Zona Arqueol\u00f3gica Caral, liderado por su directora, Ruth Shady.<\/p>\n<p style=\"color: #1b1b1b; text-align: justify;\">El viernes 29, a partir de las 18 horas, se desarrollar\u00e1 el segundo concurso de antorchas denominado \u201cRevalorando nuestro pasado milenario\u201d, y se premiar\u00e1 a la antorcha m\u00e1s creativa que integre en su manufactura elementos culturales de \u00c1spero.<\/p>\n<p style=\"color: #1b1b1b; text-align: justify;\">Tambi\u00e9n se realizar\u00e1 el\u00a0<span style=\"font-weight: bolder;\">\u201cPago a la Cochamama\u201d, un ritual de la tradici\u00f3n andina mediante el cual se agradece los recursos del mar que se espera obtener durante el a\u00f1o.<\/span>\u00a0Esta ceremonia dar\u00e1 inicio a un nuevo ciclo en el que el hombre renueva sus energ\u00edas y agradece al mar por la riqueza y provisi\u00f3n generosa de sus recursos.<\/p>\n<p style=\"color: #1b1b1b; text-align: justify;\">El mismo d\u00eda se pondr\u00e1 en escena la\u00a0<span style=\"font-weight: bolder;\">obra teatral: \u201cLos hijos del mar y la tierra\u201d,<\/span>\u00a0bajo la direcci\u00f3n del Centro Universitario de Arte y Cultura de la Universidad Nacional Jos\u00e9 Faustino S\u00e1nchez Carri\u00f3n, de Huacho.<\/p>\n<p style=\"color: #1b1b1b; text-align: justify;\">El s\u00e1bado 30, desde las 10:00 horas, continuar\u00e1n las celebraciones con el festival \u201c\u00c1spero Raymi\u201d, fiesta tradicional de convergencia para fomentar la integraci\u00f3n social.<\/p>\n<p style=\"color: #1b1b1b; text-align: justify;\">Adem\u00e1s, se realizar\u00e1n\u00a0<span style=\"font-weight: bolder;\">dos visitas guiadas en el Centro de Interpretaci\u00f3n, denominadas \u201cDel pasado al presente\u201d<\/span>, para una aproximaci\u00f3n al conocimiento de la historia social que se viene recuperando en \u00c1spero.<\/p>\n<p style=\"color: #1b1b1b; text-align: justify;\">Del mismo modo,\u00a0<span style=\"font-weight: bolder;\">se exhibir\u00e1 \u201cCanto a la libertad\u201d, segunda exposici\u00f3n individual del artista pl\u00e1stico Pablo Ribeiro Lora, \u201cPalbiro\u201d.<\/span>\u00a0Esta visita gratuita permitir\u00e1 apreciar los resultados de la investigaci\u00f3n y conservaci\u00f3n de los monumentos de este importante centro urbano.<\/p>\n<p style=\"color: #1b1b1b; text-align: justify;\">Adem\u00e1s, se desarrollar\u00e1 el\u00a0<span style=\"font-weight: bolder;\">festival art\u00edstico \u201cLo mejor de mi tierra\u201d,\u00a0<\/span>que consiste en la presentaci\u00f3n de las expresiones art\u00edsticas y culturales en la que participar\u00e1n el cantautor Juan Luis Dammert y el elenco de danzas del Centro de M\u00fasica y Danza de la Pontificia Universidad Cat\u00f3lica del Per\u00fa.<\/p>\n<p style=\"color: #1b1b1b; text-align: justify;\"><span style=\"font-weight: bolder;\">La programaci\u00f3n incluye la visita al \u201cCatu \u00c1spero\u201d, exposici\u00f3n y venta de productos agroecol\u00f3gicos y artesanales de los pobladores de Supe Puerto, Supe, Barranca, Carqu\u00edn y V\u00e9gueta.<\/span>\u00a0All\u00ed se podr\u00e1n apreciar los productos de los talleres de responsabilidad social que la Zona Arqueol\u00f3gica Caral desarrolla para la poblaci\u00f3n local. Tambi\u00e9n participar\u00e1n los pescadores artesanales de Supe Puerto, quienes expondr\u00e1n sus instrumentos y productos de pesca tradicional, expresi\u00f3n de la cultura viva del distrito.<\/p>\n<p style=\"color: #1b1b1b; text-align: justify;\">De igual manera, se podr\u00e1 disfrutar del\u00a0<span style=\"font-weight: bolder;\">\u201cVII Festival de la Anchoveta, Pescados y Mariscos\u201d\u00a0<\/span>que pondr\u00e1 a la venta y degustaci\u00f3n los platos de la gastronom\u00eda local elaborados con productos marinos, resaltando el valor nutricional de la anchoveta para el desarrollo humano.<\/p>\n<p style=\"color: #1b1b1b; text-align: justify;\">Estas actividades han sido organizadas por la Zona Arqueol\u00f3gica Caral, unidad ejecutora 003 del Ministerio de Cultura.\u00a0<span style=\"font-weight: bolder;\">La investigaci\u00f3n arqueol\u00f3gica y los trabajos de conservaci\u00f3n de los monumentos de \u00c1spero, buscan recuperar y poner en valor los conjuntos de edificios p\u00fablicos y residenciales, entre los que destacan Huaca Alta, Huaca de los \u00cddolos, Huaca de los Sacrificios, Edificio Piramidal de Las Flautas, Edificio Piramidal del Spondylus, entre otros.<\/span><\/p>\n<p style=\"color: #1b1b1b; text-align: justify;\">Toda la informaci\u00f3n del evento aqu\u00ed:\u00a0<a href=\"http:\/\/www.zonacaral.gob.pe\/aspero\/\">zonacaral.gob.pe\/aspero<\/a><\/p>\n<p style=\"text-align: justify;\">Fuente:<span style=\"color: #800000;\">\u00a0<\/span><a href=\"http:\/\/www.andina.com.pe\/agencia\/noticia-celebraran-undecimo-aniversario-de-puesta-valor-aspero-608759.aspx\"><span style=\"color: #800000;\">Agencia Andina<\/span><\/a><\/p>\n<p>Fecha de publicaci\u00f3n: 20\/04\/2016<\/p>\n","protected":false},"excerpt":{"rendered":"<p>Con diversas actividades culturales, el 29 y 30 de abril Con diversas actividades culturales se celebrar\u00e1, el viernes 29 y [&hellip;]<\/p>\n","protected":false},"author":1,"featured_media":10470,"comment_status":"closed","ping_status":"open","sticky":false,"template":"","format":"standard","meta":{"_acf_changed":false,"site-sidebar-layout":"default","site-content-layout":"","ast-site-content-layout":"default","site-content-style":"default","site-sidebar-style":"default","ast-global-header-display":"","ast-banner-title-visibility":"","ast-main-header-display":"","ast-hfb-above-header-display":"","ast-hfb-below-header-display":"","ast-hfb-mobile-header-display":"","site-post-title":"","ast-breadcrumbs-content":"","ast-featured-img":"","footer-sml-layout":"","ast-disable-related-posts":"","theme-transparent-header-meta":"","adv-header-id-meta":"","stick-header-meta":"","header-above-stick-meta":"","header-main-stick-meta":"","header-below-stick-meta":"","astra-migrate-meta-layouts":"default","ast-page-background-enabled":"default","ast-page-background-meta":{"desktop":{"background-color":"var(--ast-global-color-5)","background-image":"","background-repeat":"repeat","background-position":"center center","background-size":"auto","background-attachment":"scroll","background-type":"","background-media":"","overlay-type":"","overlay-color":"","overlay-opacity":"","overlay-gradient":""},"tablet":{"background-color":"","background-image":"","background-repeat":"repeat","background-position":"center center","background-size":"auto","background-attachment":"scroll","background-type":"","background-media":"","overlay-type":"","overlay-color":"","overlay-opacity":"","overlay-gradient":""},"mobile":{"background-color":"","background-image":"","background-repeat":"repeat","background-position":"center center","background-size":"auto","background-attachment":"scroll","background-type":"","background-media":"","overlay-type":"","overlay-color":"","overlay-opacity":"","overlay-gradient":""}},"ast-content-background-meta":{"desktop":{"background-color":"var(--ast-global-color-4)","background-image":"","background-repeat":"repeat","background-position":"center center","background-size":"auto","background-attachment":"scroll","background-type":"","background-media":"","overlay-type":"","overlay-color":"","overlay-opacity":"","overlay-gradient":""},"tablet":{"background-color":"var(--ast-global-color-4)","background-image":"","background-repeat":"repeat","background-position":"center center","background-size":"auto","background-attachment":"scroll","background-type":"","background-media":"","overlay-type":"","overlay-color":"","overlay-opacity":"","overlay-gradient":""},"mobile":{"background-color":"var(--ast-global-color-4)","background-image":"","background-repeat":"repeat","background-position":"center center","background-size":"auto","background-attachment":"scroll","background-type":"","background-media":"","overlay-type":"","overlay-color":"","overlay-opacity":"","overlay-gradient":""}},"footnotes":""},"categories":[208],"tags":[54,63],"class_list":["post-10469","post","type-post","status-publish","format-standard","has-post-thumbnail","hentry","category-noticias","tag-aniversario","tag-aspero"],"acf":[],"yoast_head":"<!-- This site is optimized with the Yoast SEO plugin v27.3 - https:\/\/yoast.com\/product\/yoast-seo-wordpress\/ -->\n<title>Celebrar\u00e1n el und\u00e9cimo aniversario de \u00c1spero<\/title>\n<meta name=\"description\" content=\"Con diversas actividades culturales se celebrar\u00e1, el viernes 29 y s\u00e1bado 30 de abril, el und\u00e9cimo aniversario de la puesta en valor de \u00c1spero, ciudad pesquera de la civilizaci\u00f3n Caral, en el sitio arqueol\u00f3gico ubicado en Supe Puerto.\" \/>\n<meta name=\"robots\" content=\"index, follow, max-snippet:-1, max-image-preview:large, max-video-preview:-1\" \/>\n<link rel=\"canonical\" href=\"https:\/\/zonacaral.gob.pe\/es\/noticias\/celebraran-el-undecimo-aniversario-de-la-puesta-en-valor-de-aspero\/\" \/>\n<meta property=\"og:locale\" content=\"es_ES\" \/>\n<meta property=\"og:type\" content=\"article\" \/>\n<meta property=\"og:title\" content=\"Celebrar\u00e1n el und\u00e9cimo aniversario de \u00c1spero\" \/>\n<meta property=\"og:description\" content=\"Con diversas actividades culturales se celebrar\u00e1, el viernes 29 y s\u00e1bado 30 de abril, el und\u00e9cimo aniversario de la puesta en valor de \u00c1spero, ciudad pesquera de la civilizaci\u00f3n Caral, en el sitio arqueol\u00f3gico ubicado en Supe Puerto.\" \/>\n<meta property=\"og:url\" content=\"https:\/\/zonacaral.gob.pe\/es\/noticias\/celebraran-el-undecimo-aniversario-de-la-puesta-en-valor-de-aspero\/\" \/>\n<meta property=\"og:site_name\" content=\"Zona Caral\" \/>\n<meta property=\"article:published_time\" content=\"2016-04-20T15:54:58+00:00\" \/>\n<meta property=\"og:image\" content=\"https:\/\/zonacaral.gob.pe\/wp-content\/uploads\/2016\/04\/andina-20-04-2016.jpg\" \/>\n\t<meta property=\"og:image:width\" content=\"1800\" \/>\n\t<meta property=\"og:image:height\" content=\"948\" \/>\n\t<meta property=\"og:image:type\" content=\"image\/jpeg\" \/>\n<meta name=\"author\" content=\"Zona Caral Administrador\" \/>\n<meta name=\"twitter:card\" content=\"summary_large_image\" \/>\n<meta name=\"twitter:label1\" content=\"Written by\" \/>\n\t<meta name=\"twitter:data1\" content=\"Zona Caral Administrador\" \/>\n\t<meta name=\"twitter:label2\" content=\"Est. reading time\" \/>\n\t<meta name=\"twitter:data2\" content=\"3 minutos\" \/>\n<script type=\"application\/ld+json\" class=\"yoast-schema-graph\">{\"@context\":\"https:\\\/\\\/schema.org\",\"@graph\":[{\"@type\":\"Article\",\"@id\":\"https:\\\/\\\/zonacaral.gob.pe\\\/es\\\/noticias\\\/celebraran-el-undecimo-aniversario-de-la-puesta-en-valor-de-aspero\\\/#article\",\"isPartOf\":{\"@id\":\"https:\\\/\\\/zonacaral.gob.pe\\\/es\\\/noticias\\\/celebraran-el-undecimo-aniversario-de-la-puesta-en-valor-de-aspero\\\/\"},\"author\":{\"name\":\"Zona Caral Administrador\",\"@id\":\"https:\\\/\\\/zonacaral.gob.pe\\\/es\\\/#\\\/schema\\\/person\\\/beddb4d22f71a7230c5b90913270a0ee\"},\"headline\":\"Celebrar\u00e1n el und\u00e9cimo aniversario de la puesta en valor de \u00c1spero\",\"datePublished\":\"2016-04-20T15:54:58+00:00\",\"mainEntityOfPage\":{\"@id\":\"https:\\\/\\\/zonacaral.gob.pe\\\/es\\\/noticias\\\/celebraran-el-undecimo-aniversario-de-la-puesta-en-valor-de-aspero\\\/\"},\"wordCount\":630,\"image\":{\"@id\":\"https:\\\/\\\/zonacaral.gob.pe\\\/es\\\/noticias\\\/celebraran-el-undecimo-aniversario-de-la-puesta-en-valor-de-aspero\\\/#primaryimage\"},\"thumbnailUrl\":\"https:\\\/\\\/zonacaral.gob.pe\\\/wp-content\\\/uploads\\\/2016\\\/04\\\/andina-20-04-2016.jpg\",\"keywords\":[\"aniversario\",\"Aspero\"],\"articleSection\":[\"noticias\"],\"inLanguage\":\"es-PE\"},{\"@type\":\"WebPage\",\"@id\":\"https:\\\/\\\/zonacaral.gob.pe\\\/es\\\/noticias\\\/celebraran-el-undecimo-aniversario-de-la-puesta-en-valor-de-aspero\\\/\",\"url\":\"https:\\\/\\\/zonacaral.gob.pe\\\/es\\\/noticias\\\/celebraran-el-undecimo-aniversario-de-la-puesta-en-valor-de-aspero\\\/\",\"name\":\"Celebrar\u00e1n el und\u00e9cimo aniversario de \u00c1spero\",\"isPartOf\":{\"@id\":\"https:\\\/\\\/zonacaral.gob.pe\\\/es\\\/#website\"},\"primaryImageOfPage\":{\"@id\":\"https:\\\/\\\/zonacaral.gob.pe\\\/es\\\/noticias\\\/celebraran-el-undecimo-aniversario-de-la-puesta-en-valor-de-aspero\\\/#primaryimage\"},\"image\":{\"@id\":\"https:\\\/\\\/zonacaral.gob.pe\\\/es\\\/noticias\\\/celebraran-el-undecimo-aniversario-de-la-puesta-en-valor-de-aspero\\\/#primaryimage\"},\"thumbnailUrl\":\"https:\\\/\\\/zonacaral.gob.pe\\\/wp-content\\\/uploads\\\/2016\\\/04\\\/andina-20-04-2016.jpg\",\"datePublished\":\"2016-04-20T15:54:58+00:00\",\"author\":{\"@id\":\"https:\\\/\\\/zonacaral.gob.pe\\\/es\\\/#\\\/schema\\\/person\\\/beddb4d22f71a7230c5b90913270a0ee\"},\"description\":\"Con diversas actividades culturales se celebrar\u00e1, el viernes 29 y s\u00e1bado 30 de abril, el und\u00e9cimo aniversario de la puesta en valor de \u00c1spero, ciudad pesquera de la civilizaci\u00f3n Caral, en el sitio arqueol\u00f3gico ubicado en Supe Puerto.\",\"breadcrumb\":{\"@id\":\"https:\\\/\\\/zonacaral.gob.pe\\\/es\\\/noticias\\\/celebraran-el-undecimo-aniversario-de-la-puesta-en-valor-de-aspero\\\/#breadcrumb\"},\"inLanguage\":\"es-PE\",\"potentialAction\":[{\"@type\":\"ReadAction\",\"target\":[\"https:\\\/\\\/zonacaral.gob.pe\\\/es\\\/noticias\\\/celebraran-el-undecimo-aniversario-de-la-puesta-en-valor-de-aspero\\\/\"]}]},{\"@type\":\"ImageObject\",\"inLanguage\":\"es-PE\",\"@id\":\"https:\\\/\\\/zonacaral.gob.pe\\\/es\\\/noticias\\\/celebraran-el-undecimo-aniversario-de-la-puesta-en-valor-de-aspero\\\/#primaryimage\",\"url\":\"https:\\\/\\\/zonacaral.gob.pe\\\/wp-content\\\/uploads\\\/2016\\\/04\\\/andina-20-04-2016.jpg\",\"contentUrl\":\"https:\\\/\\\/zonacaral.gob.pe\\\/wp-content\\\/uploads\\\/2016\\\/04\\\/andina-20-04-2016.jpg\",\"width\":1800,\"height\":948},{\"@type\":\"BreadcrumbList\",\"@id\":\"https:\\\/\\\/zonacaral.gob.pe\\\/es\\\/noticias\\\/celebraran-el-undecimo-aniversario-de-la-puesta-en-valor-de-aspero\\\/#breadcrumb\",\"itemListElement\":[{\"@type\":\"ListItem\",\"position\":1,\"name\":\"Portada\",\"item\":\"https:\\\/\\\/zonacaral.gob.pe\\\/\"},{\"@type\":\"ListItem\",\"position\":2,\"name\":\"Celebrar\u00e1n el und\u00e9cimo aniversario de la puesta en valor de \u00c1spero\"}]},{\"@type\":\"WebSite\",\"@id\":\"https:\\\/\\\/zonacaral.gob.pe\\\/es\\\/#website\",\"url\":\"https:\\\/\\\/zonacaral.gob.pe\\\/es\\\/\",\"name\":\"Zona Caral\",\"description\":\"Investigamos, conservamos y difundimos el patrimonio cultural de la Civilizaci\u00f3n Caral, la m\u00e1s antigua de Am\u00e9rica.\",\"potentialAction\":[{\"@type\":\"SearchAction\",\"target\":{\"@type\":\"EntryPoint\",\"urlTemplate\":\"https:\\\/\\\/zonacaral.gob.pe\\\/es\\\/?s={search_term_string}\"},\"query-input\":{\"@type\":\"PropertyValueSpecification\",\"valueRequired\":true,\"valueName\":\"search_term_string\"}}],\"inLanguage\":\"es-PE\"},{\"@type\":\"Person\",\"@id\":\"https:\\\/\\\/zonacaral.gob.pe\\\/es\\\/#\\\/schema\\\/person\\\/beddb4d22f71a7230c5b90913270a0ee\",\"name\":\"Zona Caral Administrador\",\"image\":{\"@type\":\"ImageObject\",\"inLanguage\":\"es-PE\",\"@id\":\"https:\\\/\\\/secure.gravatar.com\\\/avatar\\\/e4be162918a696358376de6446614e0f0f4062bdc5d170d6d540ada3d8b58c12?s=96&d=mm&r=g\",\"url\":\"https:\\\/\\\/secure.gravatar.com\\\/avatar\\\/e4be162918a696358376de6446614e0f0f4062bdc5d170d6d540ada3d8b58c12?s=96&d=mm&r=g\",\"contentUrl\":\"https:\\\/\\\/secure.gravatar.com\\\/avatar\\\/e4be162918a696358376de6446614e0f0f4062bdc5d170d6d540ada3d8b58c12?s=96&d=mm&r=g\",\"caption\":\"Zona Caral Administrador\"},\"sameAs\":[\"https:\\\/\\\/zonacaral.gob.pe\"],\"url\":\"https:\\\/\\\/zonacaral.gob.pe\\\/es\\\/noticias\\\/author\\\/ad_zonacaral\\\/\"}]}<\/script>\n<!-- \/ Yoast SEO plugin. -->","yoast_head_json":{"title":"Celebrar\u00e1n el und\u00e9cimo aniversario de \u00c1spero","description":"Con diversas actividades culturales se celebrar\u00e1, el viernes 29 y s\u00e1bado 30 de abril, el und\u00e9cimo aniversario de la puesta en valor de \u00c1spero, ciudad pesquera de la civilizaci\u00f3n Caral, en el sitio arqueol\u00f3gico ubicado en Supe Puerto.","robots":{"index":"index","follow":"follow","max-snippet":"max-snippet:-1","max-image-preview":"max-image-preview:large","max-video-preview":"max-video-preview:-1"},"canonical":"https:\/\/zonacaral.gob.pe\/es\/noticias\/celebraran-el-undecimo-aniversario-de-la-puesta-en-valor-de-aspero\/","og_locale":"es_ES","og_type":"article","og_title":"Celebrar\u00e1n el und\u00e9cimo aniversario de \u00c1spero","og_description":"Con diversas actividades culturales se celebrar\u00e1, el viernes 29 y s\u00e1bado 30 de abril, el und\u00e9cimo aniversario de la puesta en valor de \u00c1spero, ciudad pesquera de la civilizaci\u00f3n Caral, en el sitio arqueol\u00f3gico ubicado en Supe Puerto.","og_url":"https:\/\/zonacaral.gob.pe\/es\/noticias\/celebraran-el-undecimo-aniversario-de-la-puesta-en-valor-de-aspero\/","og_site_name":"Zona Caral","article_published_time":"2016-04-20T15:54:58+00:00","og_image":[{"width":1800,"height":948,"url":"https:\/\/zonacaral.gob.pe\/wp-content\/uploads\/2016\/04\/andina-20-04-2016.jpg","type":"image\/jpeg"}],"author":"Zona Caral Administrador","twitter_card":"summary_large_image","twitter_misc":{"Written by":"Zona Caral Administrador","Est. reading time":"3 minutos"},"schema":{"@context":"https:\/\/schema.org","@graph":[{"@type":"Article","@id":"https:\/\/zonacaral.gob.pe\/es\/noticias\/celebraran-el-undecimo-aniversario-de-la-puesta-en-valor-de-aspero\/#article","isPartOf":{"@id":"https:\/\/zonacaral.gob.pe\/es\/noticias\/celebraran-el-undecimo-aniversario-de-la-puesta-en-valor-de-aspero\/"},"author":{"name":"Zona Caral Administrador","@id":"https:\/\/zonacaral.gob.pe\/es\/#\/schema\/person\/beddb4d22f71a7230c5b90913270a0ee"},"headline":"Celebrar\u00e1n el und\u00e9cimo aniversario de la puesta en valor de \u00c1spero","datePublished":"2016-04-20T15:54:58+00:00","mainEntityOfPage":{"@id":"https:\/\/zonacaral.gob.pe\/es\/noticias\/celebraran-el-undecimo-aniversario-de-la-puesta-en-valor-de-aspero\/"},"wordCount":630,"image":{"@id":"https:\/\/zonacaral.gob.pe\/es\/noticias\/celebraran-el-undecimo-aniversario-de-la-puesta-en-valor-de-aspero\/#primaryimage"},"thumbnailUrl":"https:\/\/zonacaral.gob.pe\/wp-content\/uploads\/2016\/04\/andina-20-04-2016.jpg","keywords":["aniversario","Aspero"],"articleSection":["noticias"],"inLanguage":"es-PE"},{"@type":"WebPage","@id":"https:\/\/zonacaral.gob.pe\/es\/noticias\/celebraran-el-undecimo-aniversario-de-la-puesta-en-valor-de-aspero\/","url":"https:\/\/zonacaral.gob.pe\/es\/noticias\/celebraran-el-undecimo-aniversario-de-la-puesta-en-valor-de-aspero\/","name":"Celebrar\u00e1n el und\u00e9cimo aniversario de \u00c1spero","isPartOf":{"@id":"https:\/\/zonacaral.gob.pe\/es\/#website"},"primaryImageOfPage":{"@id":"https:\/\/zonacaral.gob.pe\/es\/noticias\/celebraran-el-undecimo-aniversario-de-la-puesta-en-valor-de-aspero\/#primaryimage"},"image":{"@id":"https:\/\/zonacaral.gob.pe\/es\/noticias\/celebraran-el-undecimo-aniversario-de-la-puesta-en-valor-de-aspero\/#primaryimage"},"thumbnailUrl":"https:\/\/zonacaral.gob.pe\/wp-content\/uploads\/2016\/04\/andina-20-04-2016.jpg","datePublished":"2016-04-20T15:54:58+00:00","author":{"@id":"https:\/\/zonacaral.gob.pe\/es\/#\/schema\/person\/beddb4d22f71a7230c5b90913270a0ee"},"description":"Con diversas actividades culturales se celebrar\u00e1, el viernes 29 y s\u00e1bado 30 de abril, el und\u00e9cimo aniversario de la puesta en valor de \u00c1spero, ciudad pesquera de la civilizaci\u00f3n Caral, en el sitio arqueol\u00f3gico ubicado en Supe Puerto.","breadcrumb":{"@id":"https:\/\/zonacaral.gob.pe\/es\/noticias\/celebraran-el-undecimo-aniversario-de-la-puesta-en-valor-de-aspero\/#breadcrumb"},"inLanguage":"es-PE","potentialAction":[{"@type":"ReadAction","target":["https:\/\/zonacaral.gob.pe\/es\/noticias\/celebraran-el-undecimo-aniversario-de-la-puesta-en-valor-de-aspero\/"]}]},{"@type":"ImageObject","inLanguage":"es-PE","@id":"https:\/\/zonacaral.gob.pe\/es\/noticias\/celebraran-el-undecimo-aniversario-de-la-puesta-en-valor-de-aspero\/#primaryimage","url":"https:\/\/zonacaral.gob.pe\/wp-content\/uploads\/2016\/04\/andina-20-04-2016.jpg","contentUrl":"https:\/\/zonacaral.gob.pe\/wp-content\/uploads\/2016\/04\/andina-20-04-2016.jpg","width":1800,"height":948},{"@type":"BreadcrumbList","@id":"https:\/\/zonacaral.gob.pe\/es\/noticias\/celebraran-el-undecimo-aniversario-de-la-puesta-en-valor-de-aspero\/#breadcrumb","itemListElement":[{"@type":"ListItem","position":1,"name":"Portada","item":"https:\/\/zonacaral.gob.pe\/"},{"@type":"ListItem","position":2,"name":"Celebrar\u00e1n el und\u00e9cimo aniversario de la puesta en valor de \u00c1spero"}]},{"@type":"WebSite","@id":"https:\/\/zonacaral.gob.pe\/es\/#website","url":"https:\/\/zonacaral.gob.pe\/es\/","name":"Zona Caral","description":"Investigamos, conservamos y difundimos el patrimonio cultural de la Civilizaci\u00f3n Caral, la m\u00e1s antigua de Am\u00e9rica.","potentialAction":[{"@type":"SearchAction","target":{"@type":"EntryPoint","urlTemplate":"https:\/\/zonacaral.gob.pe\/es\/?s={search_term_string}"},"query-input":{"@type":"PropertyValueSpecification","valueRequired":true,"valueName":"search_term_string"}}],"inLanguage":"es-PE"},{"@type":"Person","@id":"https:\/\/zonacaral.gob.pe\/es\/#\/schema\/person\/beddb4d22f71a7230c5b90913270a0ee","name":"Zona Caral Administrador","image":{"@type":"ImageObject","inLanguage":"es-PE","@id":"https:\/\/secure.gravatar.com\/avatar\/e4be162918a696358376de6446614e0f0f4062bdc5d170d6d540ada3d8b58c12?s=96&d=mm&r=g","url":"https:\/\/secure.gravatar.com\/avatar\/e4be162918a696358376de6446614e0f0f4062bdc5d170d6d540ada3d8b58c12?s=96&d=mm&r=g","contentUrl":"https:\/\/secure.gravatar.com\/avatar\/e4be162918a696358376de6446614e0f0f4062bdc5d170d6d540ada3d8b58c12?s=96&d=mm&r=g","caption":"Zona Caral Administrador"},"sameAs":["https:\/\/zonacaral.gob.pe"],"url":"https:\/\/zonacaral.gob.pe\/es\/noticias\/author\/ad_zonacaral\/"}]}},"_links":{"self":[{"href":"https:\/\/zonacaral.gob.pe\/es\/wp-json\/wp\/v2\/posts\/10469","targetHints":{"allow":["GET"]}}],"collection":[{"href":"https:\/\/zonacaral.gob.pe\/es\/wp-json\/wp\/v2\/posts"}],"about":[{"href":"https:\/\/zonacaral.gob.pe\/es\/wp-json\/wp\/v2\/types\/post"}],"author":[{"embeddable":true,"href":"https:\/\/zonacaral.gob.pe\/es\/wp-json\/wp\/v2\/users\/1"}],"replies":[{"embeddable":true,"href":"https:\/\/zonacaral.gob.pe\/es\/wp-json\/wp\/v2\/comments?post=10469"}],"version-history":[{"count":0,"href":"https:\/\/zonacaral.gob.pe\/es\/wp-json\/wp\/v2\/posts\/10469\/revisions"}],"wp:featuredmedia":[{"embeddable":true,"href":"https:\/\/zonacaral.gob.pe\/es\/wp-json\/wp\/v2\/media\/10470"}],"wp:attachment":[{"href":"https:\/\/zonacaral.gob.pe\/es\/wp-json\/wp\/v2\/media?parent=10469"}],"wp:term":[{"taxonomy":"category","embeddable":true,"href":"https:\/\/zonacaral.gob.pe\/es\/wp-json\/wp\/v2\/categories?post=10469"},{"taxonomy":"post_tag","embeddable":true,"href":"https:\/\/zonacaral.gob.pe\/es\/wp-json\/wp\/v2\/tags?post=10469"}],"curies":[{"name":"wp","href":"https:\/\/api.w.org\/{rel}","templated":true}]}}