{"id":10501,"date":"2016-04-27T11:11:35","date_gmt":"2016-04-27T16:11:35","guid":{"rendered":"http:\/\/www.zonacaral.gob.pe\/?p=10501"},"modified":"2016-04-27T11:11:35","modified_gmt":"2016-04-27T16:11:35","slug":"aspero-la-ciudad-pesquera-mas-antigua-de-america","status":"publish","type":"post","link":"https:\/\/zonacaral.gob.pe\/es\/noticias\/aspero-la-ciudad-pesquera-mas-antigua-de-america\/","title":{"rendered":"\u00c1spero, la ciudad pesquera m\u00e1s antigua de Am\u00e9rica"},"content":{"rendered":"<figure class=\"pic-autor\" style=\"color: #4d4d4d;\"><\/figure>\n<blockquote>\n<p style=\"text-align: justify;\"><span style=\"color: #39312a;\">Viaje al pasado y conozca el\u00a0<\/span>sitio arqueol\u00f3gico de \u00c1spero<span style=\"color: #39312a;\">, en Puerto Supe (Barranca, Lima), que este fin de semana celebrar\u00e1 el und\u00e9cimo aniversario de su puesta en valor.<\/span><\/p>\n<\/blockquote>\n<div style=\"color: #39312a; text-align: justify;\"><img fetchpriority=\"high\" decoding=\"async\" class=\"alignleft wp-image-10505\" src=\"http:\/\/www.zonacaral.gob.pe\/wp-content\/uploads\/2016\/04\/rumbos-aspero04-300x200.png\" alt=\"rumbos-aspero04\" width=\"300\" height=\"200\" srcset=\"https:\/\/zonacaral.gob.pe\/wp-content\/uploads\/2016\/04\/rumbos-aspero04-300x200.png 300w, https:\/\/zonacaral.gob.pe\/wp-content\/uploads\/2016\/04\/rumbos-aspero04.png 620w\" sizes=\"(max-width: 300px) 100vw, 300px\" \/>Un mal recuerdo. Toneladas de basura y desmonte cubr\u00edan un amplio territorio de Supe Puerto (Barranca). A nadie le importaba ese pedazo de tierra convertido en botadero; nadie imaginaba que debajo de esos desechos hediondos, se escond\u00eda una urbe milenaria, una ciudad erigida hace 5 000 a\u00f1os, como lo demostrar\u00edan -y lo siguen demostrando- las investigaciones arqueol\u00f3gicas lideradas por Ruth Shady.Atr\u00e1s qued\u00f3 ese triste episodio. La p\u00e1gina se volte\u00f3 para dar paso a una gran historia que, poco a poco, ir\u00eda revelando los misterios de \u00c1spero, un complejo de m\u00e1s de 18 hect\u00e1reas que, hace 11 a\u00f1os, cambiar\u00eda la visi\u00f3n del desarrollo cultural del Per\u00fa antiguo.Y es que por su estrat\u00e9gica ubicaci\u00f3n, los antiguos pobladores desarrollaron t\u00e9cnicas de ciencia y tecnolog\u00eda para la creaci\u00f3n de instrumentos de pesca. \u201cLa cercan\u00eda al mar permiti\u00f3 el intenso aprovechamiento de pescados y mariscos\u201d, explica el arque\u00f3logo David Palomino, jefe de la Zona Arqueol\u00f3gica Caral (ZAC)\u2013sede \u00c1spero.Es as\u00ed que \u00c1spero se convirti\u00f3 en el principal punto pesquero de la Ciudad Sagrada de Caral. Aqu\u00ed, anchovetas, sardinas, choros, almejas, lapas, entre otras especies marinas, eran capturadas para la alimentaci\u00f3n de los propios pobladores y el intercambio con los vecinos de los otros asentamientos del valle.<img decoding=\"async\" class=\"alignright wp-image-10503 size-medium\" src=\"http:\/\/www.zonacaral.gob.pe\/wp-content\/uploads\/2016\/04\/rumbos-aspero02-300x200.png\" alt=\"rumbos-aspero02\" width=\"300\" height=\"200\" srcset=\"https:\/\/zonacaral.gob.pe\/wp-content\/uploads\/2016\/04\/rumbos-aspero02-300x200.png 300w, https:\/\/zonacaral.gob.pe\/wp-content\/uploads\/2016\/04\/rumbos-aspero02.png 620w\" sizes=\"(max-width: 300px) 100vw, 300px\" \/>Otro aspecto resaltante es su monumental arquitectura. La ciudad presenta m\u00e1s de 30 edificios y zonas residenciales. Algunos de las plataformas piramidales tiene una plaza circular y, para llegar a su punto m\u00e1s alto, hay que superar varios escalones. \u201cHuaca Alta, de los \u00cddolos, de los Sacrificios y de las Flautas son las que m\u00e1s destacan\u201d, puntualiza David Palomino.<\/p>\n<p>En esos recintos dedicados al culto y a la administraci\u00f3n se encontraron estatuillas de barro, flautas traversas hechas con huesos de aves, mates, ornamentar\u00eda (collares de spondylus y tocados), ajuares f\u00fanebres y objetos de uso cotidiano de los primeros pescadores de Puerto Supe.<\/p>\n<h2>El dato<\/h2>\n<p>El pasado 20 de abril en el auditorio Mario Vargas Llosa de la Biblioteca Nacional del Per\u00fa (San Borja), los profesionales de la Zona Arqueol\u00f3gica Caral (ZAC)\u2013Unidad Ejecutora 003 del Ministerio de Cultura informaron el hallazgo del cuerpo momificado de una mujer y ocho piezas musicales.\u00a0<img decoding=\"async\" class=\"alignright wp-image-10504 size-medium\" src=\"http:\/\/www.zonacaral.gob.pe\/wp-content\/uploads\/2016\/04\/rumbos-aspero03-300x200.png\" alt=\"rumbos-aspero03\" width=\"300\" height=\"200\" srcset=\"https:\/\/zonacaral.gob.pe\/wp-content\/uploads\/2016\/04\/rumbos-aspero03-300x200.png 300w, https:\/\/zonacaral.gob.pe\/wp-content\/uploads\/2016\/04\/rumbos-aspero03.png 620w\" sizes=\"(max-width: 300px) 100vw, 300px\" \/><\/p>\n<\/div>\n<p style=\"text-align: justify;\">Fuente:<span style=\"color: #800000;\">\u00a0<a href=\"http:\/\/larepublica.pe\/turismo\/rutas-cortas\/762883-aspero-la-ciudad-pesquera-mas-antigua-de-america\"><span style=\"color: #800000;\">Rumbos \/ La Rep\u00fablica<\/span><\/a><\/span><\/p>\n<p>Fecha de publicaci\u00f3n: 25\/04\/2016<\/p>\n","protected":false},"excerpt":{"rendered":"<p>Viaje al pasado y conozca el\u00a0sitio arqueol\u00f3gico de \u00c1spero, en Puerto Supe (Barranca, Lima), que este fin de semana celebrar\u00e1 [&hellip;]<\/p>\n","protected":false},"author":1,"featured_media":10502,"comment_status":"closed","ping_status":"open","sticky":false,"template":"","format":"standard","meta":{"_acf_changed":false,"site-sidebar-layout":"default","site-content-layout":"","ast-site-content-layout":"default","site-content-style":"default","site-sidebar-style":"default","ast-global-header-display":"","ast-banner-title-visibility":"","ast-main-header-display":"","ast-hfb-above-header-display":"","ast-hfb-below-header-display":"","ast-hfb-mobile-header-display":"","site-post-title":"","ast-breadcrumbs-content":"","ast-featured-img":"","footer-sml-layout":"","ast-disable-related-posts":"","theme-transparent-header-meta":"","adv-header-id-meta":"","stick-header-meta":"","header-above-stick-meta":"","header-main-stick-meta":"","header-below-stick-meta":"","astra-migrate-meta-layouts":"default","ast-page-background-enabled":"default","ast-page-background-meta":{"desktop":{"background-color":"var(--ast-global-color-5)","background-image":"","background-repeat":"repeat","background-position":"center center","background-size":"auto","background-attachment":"scroll","background-type":"","background-media":"","overlay-type":"","overlay-color":"","overlay-opacity":"","overlay-gradient":""},"tablet":{"background-color":"","background-image":"","background-repeat":"repeat","background-position":"center center","background-size":"auto","background-attachment":"scroll","background-type":"","background-media":"","overlay-type":"","overlay-color":"","overlay-opacity":"","overlay-gradient":""},"mobile":{"background-color":"","background-image":"","background-repeat":"repeat","background-position":"center center","background-size":"auto","background-attachment":"scroll","background-type":"","background-media":"","overlay-type":"","overlay-color":"","overlay-opacity":"","overlay-gradient":""}},"ast-content-background-meta":{"desktop":{"background-color":"var(--ast-global-color-4)","background-image":"","background-repeat":"repeat","background-position":"center center","background-size":"auto","background-attachment":"scroll","background-type":"","background-media":"","overlay-type":"","overlay-color":"","overlay-opacity":"","overlay-gradient":""},"tablet":{"background-color":"var(--ast-global-color-4)","background-image":"","background-repeat":"repeat","background-position":"center center","background-size":"auto","background-attachment":"scroll","background-type":"","background-media":"","overlay-type":"","overlay-color":"","overlay-opacity":"","overlay-gradient":""},"mobile":{"background-color":"var(--ast-global-color-4)","background-image":"","background-repeat":"repeat","background-position":"center center","background-size":"auto","background-attachment":"scroll","background-type":"","background-media":"","overlay-type":"","overlay-color":"","overlay-opacity":"","overlay-gradient":""}},"footnotes":""},"categories":[208],"tags":[63,55,82],"class_list":["post-10501","post","type-post","status-publish","format-standard","has-post-thumbnail","hentry","category-noticias","tag-aspero","tag-caral","tag-ruth-shady"],"acf":[],"yoast_head":"<!-- This site is optimized with the Yoast SEO plugin v27.3 - https:\/\/yoast.com\/product\/yoast-seo-wordpress\/ -->\n<title>\u00c1spero, la ciudad pesquera m\u00e1s antigua de Am\u00e9rica<\/title>\n<meta name=\"description\" content=\"Viaje al pasado y conozca el sitio arqueol\u00f3gico de \u00c1spero, en Puerto Supe (Barranca, Lima), que este fin de semana celebrar\u00e1 el und\u00e9cimo aniversario de su puesta en valor.\" \/>\n<meta name=\"robots\" content=\"index, follow, max-snippet:-1, max-image-preview:large, max-video-preview:-1\" \/>\n<link rel=\"canonical\" href=\"https:\/\/zonacaral.gob.pe\/es\/noticias\/aspero-la-ciudad-pesquera-mas-antigua-de-america\/\" \/>\n<meta property=\"og:locale\" content=\"es_ES\" \/>\n<meta property=\"og:type\" content=\"article\" \/>\n<meta property=\"og:title\" content=\"\u00c1spero, la ciudad pesquera m\u00e1s antigua de Am\u00e9rica\" \/>\n<meta property=\"og:description\" content=\"Viaje al pasado y conozca el sitio arqueol\u00f3gico de \u00c1spero, en Puerto Supe (Barranca, Lima), que este fin de semana celebrar\u00e1 el und\u00e9cimo aniversario de su puesta en valor.\" \/>\n<meta property=\"og:url\" content=\"https:\/\/zonacaral.gob.pe\/es\/noticias\/aspero-la-ciudad-pesquera-mas-antigua-de-america\/\" \/>\n<meta property=\"og:site_name\" content=\"Zona Caral\" \/>\n<meta property=\"article:published_time\" content=\"2016-04-27T16:11:35+00:00\" \/>\n<meta property=\"og:image\" content=\"https:\/\/zonacaral.gob.pe\/wp-content\/uploads\/2016\/04\/rumbos-aspero01.png\" \/>\n\t<meta property=\"og:image:width\" content=\"620\" \/>\n\t<meta property=\"og:image:height\" content=\"414\" \/>\n\t<meta property=\"og:image:type\" content=\"image\/png\" \/>\n<meta name=\"author\" content=\"Zona Caral Administrador\" \/>\n<meta name=\"twitter:card\" content=\"summary_large_image\" \/>\n<meta name=\"twitter:label1\" content=\"Written by\" \/>\n\t<meta name=\"twitter:data1\" content=\"Zona Caral Administrador\" \/>\n\t<meta name=\"twitter:label2\" content=\"Est. reading time\" \/>\n\t<meta name=\"twitter:data2\" content=\"2 minutos\" \/>\n<script type=\"application\/ld+json\" class=\"yoast-schema-graph\">{\"@context\":\"https:\\\/\\\/schema.org\",\"@graph\":[{\"@type\":\"Article\",\"@id\":\"https:\\\/\\\/zonacaral.gob.pe\\\/en\\\/noticias\\\/aspero-la-ciudad-pesquera-mas-antigua-de-america\\\/#article\",\"isPartOf\":{\"@id\":\"https:\\\/\\\/zonacaral.gob.pe\\\/en\\\/noticias\\\/aspero-la-ciudad-pesquera-mas-antigua-de-america\\\/\"},\"author\":{\"name\":\"Zona Caral Administrador\",\"@id\":\"https:\\\/\\\/zonacaral.gob.pe\\\/es\\\/#\\\/schema\\\/person\\\/beddb4d22f71a7230c5b90913270a0ee\"},\"headline\":\"\u00c1spero, la ciudad pesquera m\u00e1s antigua de Am\u00e9rica\",\"datePublished\":\"2016-04-27T16:11:35+00:00\",\"mainEntityOfPage\":{\"@id\":\"https:\\\/\\\/zonacaral.gob.pe\\\/en\\\/noticias\\\/aspero-la-ciudad-pesquera-mas-antigua-de-america\\\/\"},\"wordCount\":427,\"image\":{\"@id\":\"https:\\\/\\\/zonacaral.gob.pe\\\/en\\\/noticias\\\/aspero-la-ciudad-pesquera-mas-antigua-de-america\\\/#primaryimage\"},\"thumbnailUrl\":\"https:\\\/\\\/zonacaral.gob.pe\\\/wp-content\\\/uploads\\\/2016\\\/04\\\/rumbos-aspero01.png\",\"keywords\":[\"Aspero\",\"caral\",\"Ruth Shady\"],\"articleSection\":[\"noticias\"],\"inLanguage\":\"es-PE\"},{\"@type\":\"WebPage\",\"@id\":\"https:\\\/\\\/zonacaral.gob.pe\\\/en\\\/noticias\\\/aspero-la-ciudad-pesquera-mas-antigua-de-america\\\/\",\"url\":\"https:\\\/\\\/zonacaral.gob.pe\\\/en\\\/noticias\\\/aspero-la-ciudad-pesquera-mas-antigua-de-america\\\/\",\"name\":\"\u00c1spero, la ciudad pesquera m\u00e1s antigua de Am\u00e9rica\",\"isPartOf\":{\"@id\":\"https:\\\/\\\/zonacaral.gob.pe\\\/es\\\/#website\"},\"primaryImageOfPage\":{\"@id\":\"https:\\\/\\\/zonacaral.gob.pe\\\/en\\\/noticias\\\/aspero-la-ciudad-pesquera-mas-antigua-de-america\\\/#primaryimage\"},\"image\":{\"@id\":\"https:\\\/\\\/zonacaral.gob.pe\\\/en\\\/noticias\\\/aspero-la-ciudad-pesquera-mas-antigua-de-america\\\/#primaryimage\"},\"thumbnailUrl\":\"https:\\\/\\\/zonacaral.gob.pe\\\/wp-content\\\/uploads\\\/2016\\\/04\\\/rumbos-aspero01.png\",\"datePublished\":\"2016-04-27T16:11:35+00:00\",\"author\":{\"@id\":\"https:\\\/\\\/zonacaral.gob.pe\\\/es\\\/#\\\/schema\\\/person\\\/beddb4d22f71a7230c5b90913270a0ee\"},\"description\":\"Viaje al pasado y conozca el sitio arqueol\u00f3gico de \u00c1spero, en Puerto Supe (Barranca, Lima), que este fin de semana celebrar\u00e1 el und\u00e9cimo aniversario de su puesta en valor.\",\"breadcrumb\":{\"@id\":\"https:\\\/\\\/zonacaral.gob.pe\\\/en\\\/noticias\\\/aspero-la-ciudad-pesquera-mas-antigua-de-america\\\/#breadcrumb\"},\"inLanguage\":\"es-PE\",\"potentialAction\":[{\"@type\":\"ReadAction\",\"target\":[\"https:\\\/\\\/zonacaral.gob.pe\\\/en\\\/noticias\\\/aspero-la-ciudad-pesquera-mas-antigua-de-america\\\/\"]}]},{\"@type\":\"ImageObject\",\"inLanguage\":\"es-PE\",\"@id\":\"https:\\\/\\\/zonacaral.gob.pe\\\/en\\\/noticias\\\/aspero-la-ciudad-pesquera-mas-antigua-de-america\\\/#primaryimage\",\"url\":\"https:\\\/\\\/zonacaral.gob.pe\\\/wp-content\\\/uploads\\\/2016\\\/04\\\/rumbos-aspero01.png\",\"contentUrl\":\"https:\\\/\\\/zonacaral.gob.pe\\\/wp-content\\\/uploads\\\/2016\\\/04\\\/rumbos-aspero01.png\",\"width\":620,\"height\":414},{\"@type\":\"BreadcrumbList\",\"@id\":\"https:\\\/\\\/zonacaral.gob.pe\\\/en\\\/noticias\\\/aspero-la-ciudad-pesquera-mas-antigua-de-america\\\/#breadcrumb\",\"itemListElement\":[{\"@type\":\"ListItem\",\"position\":1,\"name\":\"Portada\",\"item\":\"https:\\\/\\\/zonacaral.gob.pe\\\/\"},{\"@type\":\"ListItem\",\"position\":2,\"name\":\"\u00c1spero, la ciudad pesquera m\u00e1s antigua de Am\u00e9rica\"}]},{\"@type\":\"WebSite\",\"@id\":\"https:\\\/\\\/zonacaral.gob.pe\\\/es\\\/#website\",\"url\":\"https:\\\/\\\/zonacaral.gob.pe\\\/es\\\/\",\"name\":\"Zona Caral\",\"description\":\"Investigamos, conservamos y difundimos el patrimonio cultural de la Civilizaci\u00f3n Caral, la m\u00e1s antigua de Am\u00e9rica.\",\"potentialAction\":[{\"@type\":\"SearchAction\",\"target\":{\"@type\":\"EntryPoint\",\"urlTemplate\":\"https:\\\/\\\/zonacaral.gob.pe\\\/es\\\/?s={search_term_string}\"},\"query-input\":{\"@type\":\"PropertyValueSpecification\",\"valueRequired\":true,\"valueName\":\"search_term_string\"}}],\"inLanguage\":\"es-PE\"},{\"@type\":\"Person\",\"@id\":\"https:\\\/\\\/zonacaral.gob.pe\\\/es\\\/#\\\/schema\\\/person\\\/beddb4d22f71a7230c5b90913270a0ee\",\"name\":\"Zona Caral Administrador\",\"image\":{\"@type\":\"ImageObject\",\"inLanguage\":\"es-PE\",\"@id\":\"https:\\\/\\\/secure.gravatar.com\\\/avatar\\\/e4be162918a696358376de6446614e0f0f4062bdc5d170d6d540ada3d8b58c12?s=96&d=mm&r=g\",\"url\":\"https:\\\/\\\/secure.gravatar.com\\\/avatar\\\/e4be162918a696358376de6446614e0f0f4062bdc5d170d6d540ada3d8b58c12?s=96&d=mm&r=g\",\"contentUrl\":\"https:\\\/\\\/secure.gravatar.com\\\/avatar\\\/e4be162918a696358376de6446614e0f0f4062bdc5d170d6d540ada3d8b58c12?s=96&d=mm&r=g\",\"caption\":\"Zona Caral Administrador\"},\"sameAs\":[\"https:\\\/\\\/zonacaral.gob.pe\"],\"url\":\"https:\\\/\\\/zonacaral.gob.pe\\\/es\\\/noticias\\\/author\\\/ad_zonacaral\\\/\"}]}<\/script>\n<!-- \/ Yoast SEO plugin. -->","yoast_head_json":{"title":"\u00c1spero, la ciudad pesquera m\u00e1s antigua de Am\u00e9rica","description":"Viaje al pasado y conozca el sitio arqueol\u00f3gico de \u00c1spero, en Puerto Supe (Barranca, Lima), que este fin de semana celebrar\u00e1 el und\u00e9cimo aniversario de su puesta en valor.","robots":{"index":"index","follow":"follow","max-snippet":"max-snippet:-1","max-image-preview":"max-image-preview:large","max-video-preview":"max-video-preview:-1"},"canonical":"https:\/\/zonacaral.gob.pe\/es\/noticias\/aspero-la-ciudad-pesquera-mas-antigua-de-america\/","og_locale":"es_ES","og_type":"article","og_title":"\u00c1spero, la ciudad pesquera m\u00e1s antigua de Am\u00e9rica","og_description":"Viaje al pasado y conozca el sitio arqueol\u00f3gico de \u00c1spero, en Puerto Supe (Barranca, Lima), que este fin de semana celebrar\u00e1 el und\u00e9cimo aniversario de su puesta en valor.","og_url":"https:\/\/zonacaral.gob.pe\/es\/noticias\/aspero-la-ciudad-pesquera-mas-antigua-de-america\/","og_site_name":"Zona Caral","article_published_time":"2016-04-27T16:11:35+00:00","og_image":[{"width":620,"height":414,"url":"https:\/\/zonacaral.gob.pe\/wp-content\/uploads\/2016\/04\/rumbos-aspero01.png","type":"image\/png"}],"author":"Zona Caral Administrador","twitter_card":"summary_large_image","twitter_misc":{"Written by":"Zona Caral Administrador","Est. reading time":"2 minutos"},"schema":{"@context":"https:\/\/schema.org","@graph":[{"@type":"Article","@id":"https:\/\/zonacaral.gob.pe\/en\/noticias\/aspero-la-ciudad-pesquera-mas-antigua-de-america\/#article","isPartOf":{"@id":"https:\/\/zonacaral.gob.pe\/en\/noticias\/aspero-la-ciudad-pesquera-mas-antigua-de-america\/"},"author":{"name":"Zona Caral Administrador","@id":"https:\/\/zonacaral.gob.pe\/es\/#\/schema\/person\/beddb4d22f71a7230c5b90913270a0ee"},"headline":"\u00c1spero, la ciudad pesquera m\u00e1s antigua de Am\u00e9rica","datePublished":"2016-04-27T16:11:35+00:00","mainEntityOfPage":{"@id":"https:\/\/zonacaral.gob.pe\/en\/noticias\/aspero-la-ciudad-pesquera-mas-antigua-de-america\/"},"wordCount":427,"image":{"@id":"https:\/\/zonacaral.gob.pe\/en\/noticias\/aspero-la-ciudad-pesquera-mas-antigua-de-america\/#primaryimage"},"thumbnailUrl":"https:\/\/zonacaral.gob.pe\/wp-content\/uploads\/2016\/04\/rumbos-aspero01.png","keywords":["Aspero","caral","Ruth Shady"],"articleSection":["noticias"],"inLanguage":"es-PE"},{"@type":"WebPage","@id":"https:\/\/zonacaral.gob.pe\/en\/noticias\/aspero-la-ciudad-pesquera-mas-antigua-de-america\/","url":"https:\/\/zonacaral.gob.pe\/en\/noticias\/aspero-la-ciudad-pesquera-mas-antigua-de-america\/","name":"\u00c1spero, la ciudad pesquera m\u00e1s antigua de Am\u00e9rica","isPartOf":{"@id":"https:\/\/zonacaral.gob.pe\/es\/#website"},"primaryImageOfPage":{"@id":"https:\/\/zonacaral.gob.pe\/en\/noticias\/aspero-la-ciudad-pesquera-mas-antigua-de-america\/#primaryimage"},"image":{"@id":"https:\/\/zonacaral.gob.pe\/en\/noticias\/aspero-la-ciudad-pesquera-mas-antigua-de-america\/#primaryimage"},"thumbnailUrl":"https:\/\/zonacaral.gob.pe\/wp-content\/uploads\/2016\/04\/rumbos-aspero01.png","datePublished":"2016-04-27T16:11:35+00:00","author":{"@id":"https:\/\/zonacaral.gob.pe\/es\/#\/schema\/person\/beddb4d22f71a7230c5b90913270a0ee"},"description":"Viaje al pasado y conozca el sitio arqueol\u00f3gico de \u00c1spero, en Puerto Supe (Barranca, Lima), que este fin de semana celebrar\u00e1 el und\u00e9cimo aniversario de su puesta en valor.","breadcrumb":{"@id":"https:\/\/zonacaral.gob.pe\/en\/noticias\/aspero-la-ciudad-pesquera-mas-antigua-de-america\/#breadcrumb"},"inLanguage":"es-PE","potentialAction":[{"@type":"ReadAction","target":["https:\/\/zonacaral.gob.pe\/en\/noticias\/aspero-la-ciudad-pesquera-mas-antigua-de-america\/"]}]},{"@type":"ImageObject","inLanguage":"es-PE","@id":"https:\/\/zonacaral.gob.pe\/en\/noticias\/aspero-la-ciudad-pesquera-mas-antigua-de-america\/#primaryimage","url":"https:\/\/zonacaral.gob.pe\/wp-content\/uploads\/2016\/04\/rumbos-aspero01.png","contentUrl":"https:\/\/zonacaral.gob.pe\/wp-content\/uploads\/2016\/04\/rumbos-aspero01.png","width":620,"height":414},{"@type":"BreadcrumbList","@id":"https:\/\/zonacaral.gob.pe\/en\/noticias\/aspero-la-ciudad-pesquera-mas-antigua-de-america\/#breadcrumb","itemListElement":[{"@type":"ListItem","position":1,"name":"Portada","item":"https:\/\/zonacaral.gob.pe\/"},{"@type":"ListItem","position":2,"name":"\u00c1spero, la ciudad pesquera m\u00e1s antigua de Am\u00e9rica"}]},{"@type":"WebSite","@id":"https:\/\/zonacaral.gob.pe\/es\/#website","url":"https:\/\/zonacaral.gob.pe\/es\/","name":"Zona Caral","description":"Investigamos, conservamos y difundimos el patrimonio cultural de la Civilizaci\u00f3n Caral, la m\u00e1s antigua de Am\u00e9rica.","potentialAction":[{"@type":"SearchAction","target":{"@type":"EntryPoint","urlTemplate":"https:\/\/zonacaral.gob.pe\/es\/?s={search_term_string}"},"query-input":{"@type":"PropertyValueSpecification","valueRequired":true,"valueName":"search_term_string"}}],"inLanguage":"es-PE"},{"@type":"Person","@id":"https:\/\/zonacaral.gob.pe\/es\/#\/schema\/person\/beddb4d22f71a7230c5b90913270a0ee","name":"Zona Caral Administrador","image":{"@type":"ImageObject","inLanguage":"es-PE","@id":"https:\/\/secure.gravatar.com\/avatar\/e4be162918a696358376de6446614e0f0f4062bdc5d170d6d540ada3d8b58c12?s=96&d=mm&r=g","url":"https:\/\/secure.gravatar.com\/avatar\/e4be162918a696358376de6446614e0f0f4062bdc5d170d6d540ada3d8b58c12?s=96&d=mm&r=g","contentUrl":"https:\/\/secure.gravatar.com\/avatar\/e4be162918a696358376de6446614e0f0f4062bdc5d170d6d540ada3d8b58c12?s=96&d=mm&r=g","caption":"Zona Caral Administrador"},"sameAs":["https:\/\/zonacaral.gob.pe"],"url":"https:\/\/zonacaral.gob.pe\/es\/noticias\/author\/ad_zonacaral\/"}]}},"_links":{"self":[{"href":"https:\/\/zonacaral.gob.pe\/es\/wp-json\/wp\/v2\/posts\/10501","targetHints":{"allow":["GET"]}}],"collection":[{"href":"https:\/\/zonacaral.gob.pe\/es\/wp-json\/wp\/v2\/posts"}],"about":[{"href":"https:\/\/zonacaral.gob.pe\/es\/wp-json\/wp\/v2\/types\/post"}],"author":[{"embeddable":true,"href":"https:\/\/zonacaral.gob.pe\/es\/wp-json\/wp\/v2\/users\/1"}],"replies":[{"embeddable":true,"href":"https:\/\/zonacaral.gob.pe\/es\/wp-json\/wp\/v2\/comments?post=10501"}],"version-history":[{"count":0,"href":"https:\/\/zonacaral.gob.pe\/es\/wp-json\/wp\/v2\/posts\/10501\/revisions"}],"wp:featuredmedia":[{"embeddable":true,"href":"https:\/\/zonacaral.gob.pe\/es\/wp-json\/wp\/v2\/media\/10502"}],"wp:attachment":[{"href":"https:\/\/zonacaral.gob.pe\/es\/wp-json\/wp\/v2\/media?parent=10501"}],"wp:term":[{"taxonomy":"category","embeddable":true,"href":"https:\/\/zonacaral.gob.pe\/es\/wp-json\/wp\/v2\/categories?post=10501"},{"taxonomy":"post_tag","embeddable":true,"href":"https:\/\/zonacaral.gob.pe\/es\/wp-json\/wp\/v2\/tags?post=10501"}],"curies":[{"name":"wp","href":"https:\/\/api.w.org\/{rel}","templated":true}]}}