{"id":10628,"date":"2016-05-31T11:12:27","date_gmt":"2016-05-31T16:12:27","guid":{"rendered":"http:\/\/www.zonacaral.gob.pe\/?p=10628"},"modified":"2016-05-31T11:12:27","modified_gmt":"2016-05-31T16:12:27","slug":"vichama-un-encuentro-con-la-civilizacion-agropesquera-de-caral","status":"publish","type":"post","link":"https:\/\/zonacaral.gob.pe\/es\/noticias\/vichama-un-encuentro-con-la-civilizacion-agropesquera-de-caral\/","title":{"rendered":"Vichama, un encuentro con la civilizaci\u00f3n agropesquera de Caral"},"content":{"rendered":"<figure class=\"pic-autor\" style=\"color: #4d4d4d; text-align: justify;\"><\/figure>\n<blockquote>\n<p style=\"text-align: justify;\">Vichama (V\u00e9gueta, Huaura) estuvo a punto de ser devorada por el avance urbano, pero la acci\u00f3n decidida de los responsables de la Zona Arqueol\u00f3gica Caral (ZAC), permiti\u00f3 preservar uno de los once sitios relacionados a la civilizaci\u00f3n m\u00e1s antigua de Am\u00e9rica.<\/p>\n<\/blockquote>\n<p style=\"text-align: justify;\">El crecimiento urbano era el verdugo que cumplir\u00eda con la sentencia ordenada por la falta de memoria hist\u00f3rica: desaparecer de la faz de la tierra un espacio cultural de m\u00e1s de 136 hect\u00e1reas. Ese era el destino que le esperaba a Vichama (V\u00e9gueta, Lima), cuando empezaron a erigirse las primeras construcciones modernas en la zona arqueol\u00f3gica.<\/p>\n<p style=\"text-align: justify;\"><img fetchpriority=\"high\" decoding=\"async\" class=\"alignnone wp-image-10630 size-full\" src=\"http:\/\/www.zonacaral.gob.pe\/wp-content\/uploads\/2016\/05\/tumblr_o7tszoSm5U1v1zkw0o2_1280.jpg\" alt=\"tumblr_o7tszoSm5U1v1zkw0o2_1280\" width=\"620\" height=\"413\" srcset=\"https:\/\/zonacaral.gob.pe\/wp-content\/uploads\/2016\/05\/tumblr_o7tszoSm5U1v1zkw0o2_1280.jpg 620w, https:\/\/zonacaral.gob.pe\/wp-content\/uploads\/2016\/05\/tumblr_o7tszoSm5U1v1zkw0o2_1280-300x200.jpg 300w\" sizes=\"(max-width: 620px) 100vw, 620px\" \/><\/p>\n<p style=\"text-align: justify;\">Ante la amenaza urban\u00edstica, los responsables de la Zona Arqueol\u00f3gica Caral (ZAC), Unidad Ejecutora 003 del Ministerio de Cultura, instaron a las autoridades locales a reubicar a los pobladores para que no da\u00f1en el espacio hist\u00f3rico. El acuerdo se concret\u00f3 y, a partir de entonces, se abri\u00f3 el camino para revelar los secretos milenarios del Per\u00fa antiguo.<\/p>\n<p style=\"text-align: justify;\">Los estudios arqueol\u00f3gicos de la ZAC, dirigidos por la doctora Ruth Shady, demostrar\u00edan que los primeros pobladores de V\u00e9gueta se asentaron durante el periodo Arcaico Tard\u00edo (3000 a 1800 a.C.), en la cadena de cerros Halconcillo. Ese ser\u00eda el punto de partida de las construcciones piramidales de Vichama, la ciudad agropesquera que se erigi\u00f3 a finales de la civilizaci\u00f3n Caral, la m\u00e1s antigua de Am\u00e9rica.<\/p>\n<p style=\"text-align: justify;\">\u201cLa sociedad de Vichama, por su ubicaci\u00f3n, interactu\u00f3 con otros asentamientos, tales como Supe (Barranca) y Santa (\u00c1ncash). Los intercambios comerciales y sociales fueron \u00f3ptimos. Los productos marinos y agr\u00edcolas destacaron entre ellos\u201d, explica el arque\u00f3logo Aldemar Crisp\u00edn, jefe de la ZAC sede Vichama.<\/p>\n<p style=\"text-align: justify;\"><img decoding=\"async\" class=\"alignnone wp-image-10632 size-full\" src=\"http:\/\/www.zonacaral.gob.pe\/wp-content\/uploads\/2016\/05\/tumblr_o7tszoSm5U1v1zkw0o1_1280.jpg\" alt=\"tumblr_o7tszoSm5U1v1zkw0o1_1280\" width=\"620\" height=\"413\" srcset=\"https:\/\/zonacaral.gob.pe\/wp-content\/uploads\/2016\/05\/tumblr_o7tszoSm5U1v1zkw0o1_1280.jpg 620w, https:\/\/zonacaral.gob.pe\/wp-content\/uploads\/2016\/05\/tumblr_o7tszoSm5U1v1zkw0o1_1280-300x200.jpg 300w\" sizes=\"(max-width: 620px) 100vw, 620px\" \/><\/p>\n<p style=\"text-align: justify;\">El investigador afirma que el apogeo agr\u00edcola se debi\u00f3 a uno de los hijos del dios Sol: Vichama. Los ecos de su historia mitol\u00f3gica se escuchan hasta hoy en los f\u00e9rtiles campos y en las orillas del Pac\u00edfico.<\/p>\n<p style=\"text-align: justify;\">\u201cPachac\u00e1mac celoso lo asesin\u00f3. De sus restos nacieron frutos y alimentos. La madre campesina llor\u00f3 mucho y el Inti tuvo que hacer renacer a su hijo. En venganza, Pachac\u00e1mac la mat\u00f3. Vichama lo busc\u00f3, pero \u00e9l huy\u00f3 al valle de Lur\u00edn donde se sumergi\u00f3 al mar para siempre. La sed de venganza del semidi\u00f3s fue tan grande que le pidi\u00f3 a su padre que convirtiera a los hombres en piedras y creara una nueva era\u201d, detalla el agricultor Juan Cabrera, mientras vigila sus sembr\u00edos de ma\u00edz.<\/p>\n<p style=\"text-align: justify;\">Los nuevos yungas que habitaron los arenales y llanos se organizaron bajo un sistema administrativo, pol\u00edtico y social dirigido por una \u00e9lite que hizo de sus construcciones un legado arqueol\u00f3gico.<\/p>\n<p style=\"text-align: justify;\">Entre las 16 pir\u00e1mides y edificaciones menores de la zona, resaltan el edificio Mayor, con una plaza circular y una secuencia de terrazas donde se encuentra el relieve de la mano con cuchillo y un sal\u00f3n ceremonial; Las Shicras, donde hay estatuillas humanas pintadas en barro no cocido y una huaca con representaciones pintadas del sol y de la luna; y Los Dep\u00f3sitos que alberga el relieve de un rostro humano pintado de rojo.<\/p>\n<p style=\"text-align: justify;\"><img decoding=\"async\" class=\"alignnone wp-image-10633 size-full\" src=\"http:\/\/www.zonacaral.gob.pe\/wp-content\/uploads\/2016\/05\/tumblr_o7tszoSm5U1v1zkw0o4_1280.jpg\" alt=\"tumblr_o7tszoSm5U1v1zkw0o4_1280\" width=\"620\" height=\"413\" srcset=\"https:\/\/zonacaral.gob.pe\/wp-content\/uploads\/2016\/05\/tumblr_o7tszoSm5U1v1zkw0o4_1280.jpg 620w, https:\/\/zonacaral.gob.pe\/wp-content\/uploads\/2016\/05\/tumblr_o7tszoSm5U1v1zkw0o4_1280-300x200.jpg 300w\" sizes=\"(max-width: 620px) 100vw, 620px\" \/><\/p>\n<p style=\"text-align: justify;\">Tambi\u00e9n est\u00e1n los edificios de Las Ofrendas, Las Chakanas y P\u00fablico Menor. Pero el monumento que atrae m\u00e1s miradas es Las Cornisas. Aqu\u00ed existen dos plazas circulares y murales donde 24 personajes antropomorfos en alto relieve que realizan un baile ritual. Adem\u00e1s de la imagen de un sapo con manos humanas y un rayo, s\u00edmbolos que representan la conexi\u00f3n entre las divinidades y los pobladores de la ciudad milenaria.<\/p>\n<p style=\"text-align: justify;\">Fuente:<span style=\"color: #800000;\">\u00a0<a href=\"http:\/\/larepublica.pe\/turismo\/rutas-cortas\/771712-vichama-un-encuentro-con-la-civilizacion-agropesquera-de-caral\">La Rep\u00fablica \/Rumbos<\/a><\/span><\/p>\n<p style=\"text-align: justify;\">Fecha de publicaci\u00f3n: 29\/05\/2016<\/p>\n","protected":false},"excerpt":{"rendered":"<p>Vichama (V\u00e9gueta, Huaura) estuvo a punto de ser devorada por el avance urbano, pero la acci\u00f3n decidida de los responsables [&hellip;]<\/p>\n","protected":false},"author":1,"featured_media":10629,"comment_status":"closed","ping_status":"open","sticky":false,"template":"","format":"standard","meta":{"_acf_changed":false,"site-sidebar-layout":"default","site-content-layout":"","ast-site-content-layout":"default","site-content-style":"default","site-sidebar-style":"default","ast-global-header-display":"","ast-banner-title-visibility":"","ast-main-header-display":"","ast-hfb-above-header-display":"","ast-hfb-below-header-display":"","ast-hfb-mobile-header-display":"","site-post-title":"","ast-breadcrumbs-content":"","ast-featured-img":"","footer-sml-layout":"","ast-disable-related-posts":"","theme-transparent-header-meta":"","adv-header-id-meta":"","stick-header-meta":"","header-above-stick-meta":"","header-main-stick-meta":"","header-below-stick-meta":"","astra-migrate-meta-layouts":"default","ast-page-background-enabled":"default","ast-page-background-meta":{"desktop":{"background-color":"var(--ast-global-color-5)","background-image":"","background-repeat":"repeat","background-position":"center center","background-size":"auto","background-attachment":"scroll","background-type":"","background-media":"","overlay-type":"","overlay-color":"","overlay-opacity":"","overlay-gradient":""},"tablet":{"background-color":"","background-image":"","background-repeat":"repeat","background-position":"center center","background-size":"auto","background-attachment":"scroll","background-type":"","background-media":"","overlay-type":"","overlay-color":"","overlay-opacity":"","overlay-gradient":""},"mobile":{"background-color":"","background-image":"","background-repeat":"repeat","background-position":"center center","background-size":"auto","background-attachment":"scroll","background-type":"","background-media":"","overlay-type":"","overlay-color":"","overlay-opacity":"","overlay-gradient":""}},"ast-content-background-meta":{"desktop":{"background-color":"var(--ast-global-color-4)","background-image":"","background-repeat":"repeat","background-position":"center center","background-size":"auto","background-attachment":"scroll","background-type":"","background-media":"","overlay-type":"","overlay-color":"","overlay-opacity":"","overlay-gradient":""},"tablet":{"background-color":"var(--ast-global-color-4)","background-image":"","background-repeat":"repeat","background-position":"center center","background-size":"auto","background-attachment":"scroll","background-type":"","background-media":"","overlay-type":"","overlay-color":"","overlay-opacity":"","overlay-gradient":""},"mobile":{"background-color":"var(--ast-global-color-4)","background-image":"","background-repeat":"repeat","background-position":"center center","background-size":"auto","background-attachment":"scroll","background-type":"","background-media":"","overlay-type":"","overlay-color":"","overlay-opacity":"","overlay-gradient":""}},"footnotes":""},"categories":[208],"tags":[55,61],"class_list":["post-10628","post","type-post","status-publish","format-standard","has-post-thumbnail","hentry","category-noticias","tag-caral","tag-vichama"],"acf":[],"yoast_head":"<!-- This site is optimized with the Yoast SEO plugin v27.3 - https:\/\/yoast.com\/product\/yoast-seo-wordpress\/ -->\n<title>Vichama, un encuentro con la civilizaci\u00f3n agropesquera de Caral<\/title>\n<meta name=\"description\" content=\"Vichama (V\u00e9gueta, Huaura) estuvo a punto de ser devorada por el avance urbano, pero la acci\u00f3n decidida de los responsables de la Zona Arqueol\u00f3gica Caral (ZAC), permiti\u00f3 preservar uno de los once sitios relacionados a la civilizaci\u00f3n m\u00e1s antigua de Am\u00e9rica.\" \/>\n<meta name=\"robots\" content=\"index, follow, max-snippet:-1, max-image-preview:large, max-video-preview:-1\" \/>\n<link rel=\"canonical\" href=\"https:\/\/zonacaral.gob.pe\/es\/noticias\/vichama-un-encuentro-con-la-civilizacion-agropesquera-de-caral\/\" \/>\n<meta property=\"og:locale\" content=\"es_ES\" \/>\n<meta property=\"og:type\" content=\"article\" \/>\n<meta property=\"og:title\" content=\"Vichama, un encuentro con la civilizaci\u00f3n agropesquera de Caral\" \/>\n<meta property=\"og:description\" content=\"Vichama (V\u00e9gueta, Huaura) estuvo a punto de ser devorada por el avance urbano, pero la acci\u00f3n decidida de los responsables de la Zona Arqueol\u00f3gica Caral (ZAC), permiti\u00f3 preservar uno de los once sitios relacionados a la civilizaci\u00f3n m\u00e1s antigua de Am\u00e9rica.\" \/>\n<meta property=\"og:url\" content=\"https:\/\/zonacaral.gob.pe\/es\/noticias\/vichama-un-encuentro-con-la-civilizacion-agropesquera-de-caral\/\" \/>\n<meta property=\"og:site_name\" content=\"Zona Caral\" \/>\n<meta property=\"article:published_time\" content=\"2016-05-31T16:12:27+00:00\" \/>\n<meta property=\"og:image\" content=\"https:\/\/zonacaral.gob.pe\/wp-content\/uploads\/2016\/05\/img_5413-Noticia-771712.jpg\" \/>\n\t<meta property=\"og:image:width\" content=\"620\" \/>\n\t<meta property=\"og:image:height\" content=\"413\" \/>\n\t<meta property=\"og:image:type\" content=\"image\/jpeg\" \/>\n<meta name=\"author\" content=\"Zona Caral Administrador\" \/>\n<meta name=\"twitter:card\" content=\"summary_large_image\" \/>\n<meta name=\"twitter:label1\" content=\"Written by\" \/>\n\t<meta name=\"twitter:data1\" content=\"Zona Caral Administrador\" \/>\n\t<meta name=\"twitter:label2\" content=\"Est. reading time\" \/>\n\t<meta name=\"twitter:data2\" content=\"3 minutos\" \/>\n<script type=\"application\/ld+json\" class=\"yoast-schema-graph\">{\"@context\":\"https:\\\/\\\/schema.org\",\"@graph\":[{\"@type\":\"Article\",\"@id\":\"https:\\\/\\\/zonacaral.gob.pe\\\/es\\\/noticias\\\/vichama-un-encuentro-con-la-civilizacion-agropesquera-de-caral\\\/#article\",\"isPartOf\":{\"@id\":\"https:\\\/\\\/zonacaral.gob.pe\\\/es\\\/noticias\\\/vichama-un-encuentro-con-la-civilizacion-agropesquera-de-caral\\\/\"},\"author\":{\"name\":\"Zona Caral Administrador\",\"@id\":\"https:\\\/\\\/zonacaral.gob.pe\\\/es\\\/#\\\/schema\\\/person\\\/beddb4d22f71a7230c5b90913270a0ee\"},\"headline\":\"Vichama, un encuentro con la civilizaci\u00f3n agropesquera de Caral\",\"datePublished\":\"2016-05-31T16:12:27+00:00\",\"mainEntityOfPage\":{\"@id\":\"https:\\\/\\\/zonacaral.gob.pe\\\/es\\\/noticias\\\/vichama-un-encuentro-con-la-civilizacion-agropesquera-de-caral\\\/\"},\"wordCount\":624,\"image\":{\"@id\":\"https:\\\/\\\/zonacaral.gob.pe\\\/es\\\/noticias\\\/vichama-un-encuentro-con-la-civilizacion-agropesquera-de-caral\\\/#primaryimage\"},\"thumbnailUrl\":\"https:\\\/\\\/zonacaral.gob.pe\\\/wp-content\\\/uploads\\\/2016\\\/05\\\/img_5413-Noticia-771712.jpg\",\"keywords\":[\"caral\",\"vichama\"],\"articleSection\":[\"noticias\"],\"inLanguage\":\"es-PE\"},{\"@type\":\"WebPage\",\"@id\":\"https:\\\/\\\/zonacaral.gob.pe\\\/es\\\/noticias\\\/vichama-un-encuentro-con-la-civilizacion-agropesquera-de-caral\\\/\",\"url\":\"https:\\\/\\\/zonacaral.gob.pe\\\/es\\\/noticias\\\/vichama-un-encuentro-con-la-civilizacion-agropesquera-de-caral\\\/\",\"name\":\"Vichama, un encuentro con la civilizaci\u00f3n agropesquera de Caral\",\"isPartOf\":{\"@id\":\"https:\\\/\\\/zonacaral.gob.pe\\\/es\\\/#website\"},\"primaryImageOfPage\":{\"@id\":\"https:\\\/\\\/zonacaral.gob.pe\\\/es\\\/noticias\\\/vichama-un-encuentro-con-la-civilizacion-agropesquera-de-caral\\\/#primaryimage\"},\"image\":{\"@id\":\"https:\\\/\\\/zonacaral.gob.pe\\\/es\\\/noticias\\\/vichama-un-encuentro-con-la-civilizacion-agropesquera-de-caral\\\/#primaryimage\"},\"thumbnailUrl\":\"https:\\\/\\\/zonacaral.gob.pe\\\/wp-content\\\/uploads\\\/2016\\\/05\\\/img_5413-Noticia-771712.jpg\",\"datePublished\":\"2016-05-31T16:12:27+00:00\",\"author\":{\"@id\":\"https:\\\/\\\/zonacaral.gob.pe\\\/es\\\/#\\\/schema\\\/person\\\/beddb4d22f71a7230c5b90913270a0ee\"},\"description\":\"Vichama (V\u00e9gueta, Huaura) estuvo a punto de ser devorada por el avance urbano, pero la acci\u00f3n decidida de los responsables de la Zona Arqueol\u00f3gica Caral (ZAC), permiti\u00f3 preservar uno de los once sitios relacionados a la civilizaci\u00f3n m\u00e1s antigua de Am\u00e9rica.\",\"breadcrumb\":{\"@id\":\"https:\\\/\\\/zonacaral.gob.pe\\\/es\\\/noticias\\\/vichama-un-encuentro-con-la-civilizacion-agropesquera-de-caral\\\/#breadcrumb\"},\"inLanguage\":\"es-PE\",\"potentialAction\":[{\"@type\":\"ReadAction\",\"target\":[\"https:\\\/\\\/zonacaral.gob.pe\\\/es\\\/noticias\\\/vichama-un-encuentro-con-la-civilizacion-agropesquera-de-caral\\\/\"]}]},{\"@type\":\"ImageObject\",\"inLanguage\":\"es-PE\",\"@id\":\"https:\\\/\\\/zonacaral.gob.pe\\\/es\\\/noticias\\\/vichama-un-encuentro-con-la-civilizacion-agropesquera-de-caral\\\/#primaryimage\",\"url\":\"https:\\\/\\\/zonacaral.gob.pe\\\/wp-content\\\/uploads\\\/2016\\\/05\\\/img_5413-Noticia-771712.jpg\",\"contentUrl\":\"https:\\\/\\\/zonacaral.gob.pe\\\/wp-content\\\/uploads\\\/2016\\\/05\\\/img_5413-Noticia-771712.jpg\",\"width\":620,\"height\":413},{\"@type\":\"BreadcrumbList\",\"@id\":\"https:\\\/\\\/zonacaral.gob.pe\\\/es\\\/noticias\\\/vichama-un-encuentro-con-la-civilizacion-agropesquera-de-caral\\\/#breadcrumb\",\"itemListElement\":[{\"@type\":\"ListItem\",\"position\":1,\"name\":\"Portada\",\"item\":\"https:\\\/\\\/zonacaral.gob.pe\\\/\"},{\"@type\":\"ListItem\",\"position\":2,\"name\":\"Vichama, un encuentro con la civilizaci\u00f3n agropesquera de Caral\"}]},{\"@type\":\"WebSite\",\"@id\":\"https:\\\/\\\/zonacaral.gob.pe\\\/es\\\/#website\",\"url\":\"https:\\\/\\\/zonacaral.gob.pe\\\/es\\\/\",\"name\":\"Zona Caral\",\"description\":\"Investigamos, conservamos y difundimos el patrimonio cultural de la Civilizaci\u00f3n Caral, la m\u00e1s antigua de Am\u00e9rica.\",\"potentialAction\":[{\"@type\":\"SearchAction\",\"target\":{\"@type\":\"EntryPoint\",\"urlTemplate\":\"https:\\\/\\\/zonacaral.gob.pe\\\/es\\\/?s={search_term_string}\"},\"query-input\":{\"@type\":\"PropertyValueSpecification\",\"valueRequired\":true,\"valueName\":\"search_term_string\"}}],\"inLanguage\":\"es-PE\"},{\"@type\":\"Person\",\"@id\":\"https:\\\/\\\/zonacaral.gob.pe\\\/es\\\/#\\\/schema\\\/person\\\/beddb4d22f71a7230c5b90913270a0ee\",\"name\":\"Zona Caral Administrador\",\"image\":{\"@type\":\"ImageObject\",\"inLanguage\":\"es-PE\",\"@id\":\"https:\\\/\\\/secure.gravatar.com\\\/avatar\\\/e4be162918a696358376de6446614e0f0f4062bdc5d170d6d540ada3d8b58c12?s=96&d=mm&r=g\",\"url\":\"https:\\\/\\\/secure.gravatar.com\\\/avatar\\\/e4be162918a696358376de6446614e0f0f4062bdc5d170d6d540ada3d8b58c12?s=96&d=mm&r=g\",\"contentUrl\":\"https:\\\/\\\/secure.gravatar.com\\\/avatar\\\/e4be162918a696358376de6446614e0f0f4062bdc5d170d6d540ada3d8b58c12?s=96&d=mm&r=g\",\"caption\":\"Zona Caral Administrador\"},\"sameAs\":[\"https:\\\/\\\/zonacaral.gob.pe\"],\"url\":\"https:\\\/\\\/zonacaral.gob.pe\\\/es\\\/noticias\\\/author\\\/ad_zonacaral\\\/\"}]}<\/script>\n<!-- \/ Yoast SEO plugin. -->","yoast_head_json":{"title":"Vichama, un encuentro con la civilizaci\u00f3n agropesquera de Caral","description":"Vichama (V\u00e9gueta, Huaura) estuvo a punto de ser devorada por el avance urbano, pero la acci\u00f3n decidida de los responsables de la Zona Arqueol\u00f3gica Caral (ZAC), permiti\u00f3 preservar uno de los once sitios relacionados a la civilizaci\u00f3n m\u00e1s antigua de Am\u00e9rica.","robots":{"index":"index","follow":"follow","max-snippet":"max-snippet:-1","max-image-preview":"max-image-preview:large","max-video-preview":"max-video-preview:-1"},"canonical":"https:\/\/zonacaral.gob.pe\/es\/noticias\/vichama-un-encuentro-con-la-civilizacion-agropesquera-de-caral\/","og_locale":"es_ES","og_type":"article","og_title":"Vichama, un encuentro con la civilizaci\u00f3n agropesquera de Caral","og_description":"Vichama (V\u00e9gueta, Huaura) estuvo a punto de ser devorada por el avance urbano, pero la acci\u00f3n decidida de los responsables de la Zona Arqueol\u00f3gica Caral (ZAC), permiti\u00f3 preservar uno de los once sitios relacionados a la civilizaci\u00f3n m\u00e1s antigua de Am\u00e9rica.","og_url":"https:\/\/zonacaral.gob.pe\/es\/noticias\/vichama-un-encuentro-con-la-civilizacion-agropesquera-de-caral\/","og_site_name":"Zona Caral","article_published_time":"2016-05-31T16:12:27+00:00","og_image":[{"width":620,"height":413,"url":"https:\/\/zonacaral.gob.pe\/wp-content\/uploads\/2016\/05\/img_5413-Noticia-771712.jpg","type":"image\/jpeg"}],"author":"Zona Caral Administrador","twitter_card":"summary_large_image","twitter_misc":{"Written by":"Zona Caral Administrador","Est. reading time":"3 minutos"},"schema":{"@context":"https:\/\/schema.org","@graph":[{"@type":"Article","@id":"https:\/\/zonacaral.gob.pe\/es\/noticias\/vichama-un-encuentro-con-la-civilizacion-agropesquera-de-caral\/#article","isPartOf":{"@id":"https:\/\/zonacaral.gob.pe\/es\/noticias\/vichama-un-encuentro-con-la-civilizacion-agropesquera-de-caral\/"},"author":{"name":"Zona Caral Administrador","@id":"https:\/\/zonacaral.gob.pe\/es\/#\/schema\/person\/beddb4d22f71a7230c5b90913270a0ee"},"headline":"Vichama, un encuentro con la civilizaci\u00f3n agropesquera de Caral","datePublished":"2016-05-31T16:12:27+00:00","mainEntityOfPage":{"@id":"https:\/\/zonacaral.gob.pe\/es\/noticias\/vichama-un-encuentro-con-la-civilizacion-agropesquera-de-caral\/"},"wordCount":624,"image":{"@id":"https:\/\/zonacaral.gob.pe\/es\/noticias\/vichama-un-encuentro-con-la-civilizacion-agropesquera-de-caral\/#primaryimage"},"thumbnailUrl":"https:\/\/zonacaral.gob.pe\/wp-content\/uploads\/2016\/05\/img_5413-Noticia-771712.jpg","keywords":["caral","vichama"],"articleSection":["noticias"],"inLanguage":"es-PE"},{"@type":"WebPage","@id":"https:\/\/zonacaral.gob.pe\/es\/noticias\/vichama-un-encuentro-con-la-civilizacion-agropesquera-de-caral\/","url":"https:\/\/zonacaral.gob.pe\/es\/noticias\/vichama-un-encuentro-con-la-civilizacion-agropesquera-de-caral\/","name":"Vichama, un encuentro con la civilizaci\u00f3n agropesquera de Caral","isPartOf":{"@id":"https:\/\/zonacaral.gob.pe\/es\/#website"},"primaryImageOfPage":{"@id":"https:\/\/zonacaral.gob.pe\/es\/noticias\/vichama-un-encuentro-con-la-civilizacion-agropesquera-de-caral\/#primaryimage"},"image":{"@id":"https:\/\/zonacaral.gob.pe\/es\/noticias\/vichama-un-encuentro-con-la-civilizacion-agropesquera-de-caral\/#primaryimage"},"thumbnailUrl":"https:\/\/zonacaral.gob.pe\/wp-content\/uploads\/2016\/05\/img_5413-Noticia-771712.jpg","datePublished":"2016-05-31T16:12:27+00:00","author":{"@id":"https:\/\/zonacaral.gob.pe\/es\/#\/schema\/person\/beddb4d22f71a7230c5b90913270a0ee"},"description":"Vichama (V\u00e9gueta, Huaura) estuvo a punto de ser devorada por el avance urbano, pero la acci\u00f3n decidida de los responsables de la Zona Arqueol\u00f3gica Caral (ZAC), permiti\u00f3 preservar uno de los once sitios relacionados a la civilizaci\u00f3n m\u00e1s antigua de Am\u00e9rica.","breadcrumb":{"@id":"https:\/\/zonacaral.gob.pe\/es\/noticias\/vichama-un-encuentro-con-la-civilizacion-agropesquera-de-caral\/#breadcrumb"},"inLanguage":"es-PE","potentialAction":[{"@type":"ReadAction","target":["https:\/\/zonacaral.gob.pe\/es\/noticias\/vichama-un-encuentro-con-la-civilizacion-agropesquera-de-caral\/"]}]},{"@type":"ImageObject","inLanguage":"es-PE","@id":"https:\/\/zonacaral.gob.pe\/es\/noticias\/vichama-un-encuentro-con-la-civilizacion-agropesquera-de-caral\/#primaryimage","url":"https:\/\/zonacaral.gob.pe\/wp-content\/uploads\/2016\/05\/img_5413-Noticia-771712.jpg","contentUrl":"https:\/\/zonacaral.gob.pe\/wp-content\/uploads\/2016\/05\/img_5413-Noticia-771712.jpg","width":620,"height":413},{"@type":"BreadcrumbList","@id":"https:\/\/zonacaral.gob.pe\/es\/noticias\/vichama-un-encuentro-con-la-civilizacion-agropesquera-de-caral\/#breadcrumb","itemListElement":[{"@type":"ListItem","position":1,"name":"Portada","item":"https:\/\/zonacaral.gob.pe\/"},{"@type":"ListItem","position":2,"name":"Vichama, un encuentro con la civilizaci\u00f3n agropesquera de Caral"}]},{"@type":"WebSite","@id":"https:\/\/zonacaral.gob.pe\/es\/#website","url":"https:\/\/zonacaral.gob.pe\/es\/","name":"Zona Caral","description":"Investigamos, conservamos y difundimos el patrimonio cultural de la Civilizaci\u00f3n Caral, la m\u00e1s antigua de Am\u00e9rica.","potentialAction":[{"@type":"SearchAction","target":{"@type":"EntryPoint","urlTemplate":"https:\/\/zonacaral.gob.pe\/es\/?s={search_term_string}"},"query-input":{"@type":"PropertyValueSpecification","valueRequired":true,"valueName":"search_term_string"}}],"inLanguage":"es-PE"},{"@type":"Person","@id":"https:\/\/zonacaral.gob.pe\/es\/#\/schema\/person\/beddb4d22f71a7230c5b90913270a0ee","name":"Zona Caral Administrador","image":{"@type":"ImageObject","inLanguage":"es-PE","@id":"https:\/\/secure.gravatar.com\/avatar\/e4be162918a696358376de6446614e0f0f4062bdc5d170d6d540ada3d8b58c12?s=96&d=mm&r=g","url":"https:\/\/secure.gravatar.com\/avatar\/e4be162918a696358376de6446614e0f0f4062bdc5d170d6d540ada3d8b58c12?s=96&d=mm&r=g","contentUrl":"https:\/\/secure.gravatar.com\/avatar\/e4be162918a696358376de6446614e0f0f4062bdc5d170d6d540ada3d8b58c12?s=96&d=mm&r=g","caption":"Zona Caral Administrador"},"sameAs":["https:\/\/zonacaral.gob.pe"],"url":"https:\/\/zonacaral.gob.pe\/es\/noticias\/author\/ad_zonacaral\/"}]}},"_links":{"self":[{"href":"https:\/\/zonacaral.gob.pe\/es\/wp-json\/wp\/v2\/posts\/10628","targetHints":{"allow":["GET"]}}],"collection":[{"href":"https:\/\/zonacaral.gob.pe\/es\/wp-json\/wp\/v2\/posts"}],"about":[{"href":"https:\/\/zonacaral.gob.pe\/es\/wp-json\/wp\/v2\/types\/post"}],"author":[{"embeddable":true,"href":"https:\/\/zonacaral.gob.pe\/es\/wp-json\/wp\/v2\/users\/1"}],"replies":[{"embeddable":true,"href":"https:\/\/zonacaral.gob.pe\/es\/wp-json\/wp\/v2\/comments?post=10628"}],"version-history":[{"count":0,"href":"https:\/\/zonacaral.gob.pe\/es\/wp-json\/wp\/v2\/posts\/10628\/revisions"}],"wp:featuredmedia":[{"embeddable":true,"href":"https:\/\/zonacaral.gob.pe\/es\/wp-json\/wp\/v2\/media\/10629"}],"wp:attachment":[{"href":"https:\/\/zonacaral.gob.pe\/es\/wp-json\/wp\/v2\/media?parent=10628"}],"wp:term":[{"taxonomy":"category","embeddable":true,"href":"https:\/\/zonacaral.gob.pe\/es\/wp-json\/wp\/v2\/categories?post=10628"},{"taxonomy":"post_tag","embeddable":true,"href":"https:\/\/zonacaral.gob.pe\/es\/wp-json\/wp\/v2\/tags?post=10628"}],"curies":[{"name":"wp","href":"https:\/\/api.w.org\/{rel}","templated":true}]}}