{"id":10659,"date":"2016-06-10T15:46:01","date_gmt":"2016-06-10T20:46:01","guid":{"rendered":"http:\/\/www.zonacaral.gob.pe\/?p=10659"},"modified":"2016-06-10T15:46:01","modified_gmt":"2016-06-10T20:46:01","slug":"caral-el-legado-documental","status":"publish","type":"post","link":"https:\/\/zonacaral.gob.pe\/es\/noticias\/caral-el-legado-documental\/","title":{"rendered":"Caral: El Legado (Documental)"},"content":{"rendered":"<figure class=\"pic-autor\" style=\"color: #4d4d4d; text-align: justify;\"><\/figure>\n<p style=\"text-align: justify;\">Caral es mucho m\u00e1s que la primera civilizaci\u00f3n organizada del Per\u00fa y Am\u00e9rica. Fue un pueblo que, a diferencia de las diversas civilizaciones de car\u00e1cter expansionista y militarista que existieron en el Per\u00fa, fue pacifista y mantuvo magn\u00edficas relaciones con los pueblos vecinos.<\/p>\n<p style=\"text-align: justify;\">Lo afirma categ\u00f3ricamente Ruth Shady, directora de la Zona Arqueol\u00f3gica Caral, quien al mando de un grupo de arque\u00f3logos explora por m\u00e1s de 20 a\u00f1os entre los desiertos y valles de Supe, una zona olvidada por siglos, ENen la que han ido descubriendo una serie de construcciones piramidales, momias, figuras de arcilla y vestigios de lo que alguna vez fue la primera civilizaci\u00f3n precolombina de toda Am\u00e9rica, con cerca de cinco mil a\u00f1os de antig\u00fcedad.<\/p>\n<p style=\"text-align: justify;\"><strong>Esto queda registrado en el documental \u201cCARAL, el legado\u201d que ha producido Agencia de Noticias Andina utilizando equipos de alta tecnolog\u00eda y drones<\/strong> que sobrevolaron la zona para captar impresionantes im\u00e1genes panor\u00e1micas. Un v\u00eddeo de 15 minutos que muestra la civilizaci\u00f3n m\u00e1s antigua de Am\u00e9rica a trav\u00e9s de la mirada de sus arque\u00f3logos. Una producci\u00f3n que Agencia de Noticias Andina estrena hoy para celebrar 35 a\u00f1os en la noticia.<\/p>\n<p style=\"text-align: justify;\">Ruth Shady se\u00f1ala que durante casi 22 a\u00f1os de estudios y excavaciones se pudo determinar que la civilizaci\u00f3n Caral dej\u00f3 un mensaje de paz para las generaciones venideras.<\/p>\n<p style=\"text-align: justify;\">Cinco mil a\u00f1os despu\u00e9s no se han encontrado vestigios de armas, ni de centros urbanos amurallados porque \u2013 seg\u00fan dice \u2013 no vivieron para la guerra y m\u00e1s bien los estudios arrojan que la antigua sociedad Caral mantuvo armoniosa relaci\u00f3n y respeto, adem\u00e1s de un fluido comercio de intercambio con otros pueblos de la sierra y de la selva.<\/p>\n<p style=\"text-align: justify;\">Shady destaca tambi\u00e9n que la civilizaci\u00f3n se caracteriz\u00f3 por importantes cualidades como la visi\u00f3n del bien com\u00fan, es decir la organizaci\u00f3n del colectivo social para beneficio compartido.<\/p>\n<p style=\"text-align: justify;\">\u201cCaral dio a la humanidad un gran aporte en cuanto a la equidad de g\u00e9nero, de tal manera que la mujer ten\u00eda acceso a posiciones sociales igual que el var\u00f3n, lo cual continu\u00f3 a trav\u00e9s del proceso cultural andino\u201d sostiene.<\/p>\n<h3 style=\"text-align: justify;\">Ciencia y tecnolog\u00eda<\/h3>\n<p style=\"text-align: justify;\">Caral nos leg\u00f3 una serie de conocimientos en ciencia y tecnolog\u00eda que se vieron reflejados en diversos aspectos de su civilizaci\u00f3n.<\/p>\n<p style=\"text-align: justify;\">\u201cTuvieron un conocimiento en ingenier\u00eda estructural avanzado, con la construcci\u00f3n de edificios piramidales en los cuales se aplic\u00f3 tecnolog\u00eda sismoresistente\u201d sostiene la arque\u00f3loga y a\u00f1ade que estos han perdurado en el tiempo sin deteriorarse, pese a que Caral se ubica en el denominado Cintur\u00f3n de Fuego del Pac\u00edfico Sur.<\/p>\n<p style=\"text-align: justify;\">Sorprenden al mundo en el campo agr\u00edcola a trav\u00e9s de la intervenci\u00f3n gen\u00e9tica en el algod\u00f3n nativo para obtener cuatro colores uniformes; actualmente este hecho sorprende e interesa al mundo empresarial.<\/p>\n<p style=\"text-align: justify;\">En el campo de la medicina, fueron los pioneros del principio de la aspirina, pues seg\u00fan cuenta en el documental, se encontraron paquetes de sauce que utilizaban los antiguos caralinos como calmantes para el dolor de cabeza.<\/p>\n<p style=\"text-align: justify;\">A puertas de cumplirse 22 a\u00f1os de los estudios y excavaciones en la zona arqueol\u00f3gica, Caral sigue llamando la atenci\u00f3n de peruanos y extranjeros por la forma en la que su civilizaci\u00f3n logr\u00f3 adaptarse a un territorio dif\u00edcil y lo acondicionaron para sobrevivir en el tiempo bajo una visi\u00f3n integral de armon\u00eda con la naturaleza, a la que nunca depredaron ni maltrataron, los caralinos tomaron solo los recursos necesarios para sus actividades y dejaron un legado que hoy sorprende al mundo.<\/p>\n<p style=\"text-align: justify;\">Los arque\u00f3logos entrevistados en el documental \u201cCARAL, el legado\u201d cuentan esa historia desde su propia experiencia, desde que llegaron por primera vez a formar parte de los trabajos as\u00ed como lo que sintieron al ser protagonistas de valiosos hallazgos; que dejaron su vida por investigar y tambi\u00e9n c\u00f3mo viven hermanados en la denominada casa del arque\u00f3logo levantada cerca de sus excavaciones y comparti\u00e9ndonos los conocimientos que nos dejaron los sabios caralinos hace m\u00e1s de 5,000 a\u00f1os.<\/p>\n<p style=\"text-align: justify;\">El equipo de Agencia de Noticias Andina produjo este documental utilizando equipos de alta tecnolog\u00eda con c\u00e1maras HD y un drone que permite mostrar impresionantes im\u00e1genes captadas a m\u00e1s de 100 metros de altura y que muestran la grandiosidad de esa civilizaci\u00f3n.<\/p>\n<div style=\"color: #000000; text-align: justify;\"><\/div>\n<h3 style=\"color: #000000; text-align: justify;\">Video<\/h3>\n<p><iframe src=\"https:\/\/www.youtube.com\/embed\/CD6Qd2icslU\" width=\"640\" height=\"360\" frameborder=\"0\" allowfullscreen=\"allowfullscreen\"><\/iframe><\/p>\n<p style=\"text-align: justify;\">Fuente:<span style=\"color: #800000;\">\u00a0<span style=\"color: #993300;\"><a href=\"http:\/\/www.andina.com.pe\/agencia\/noticia-mira-documental-producido-por-agencia-andina-caral-legado-616566.aspx\"><span style=\"color: #993300;\">Agencia\u00a0Andina<\/span><\/a><\/span><\/span><\/p>\n<p style=\"text-align: justify;\">Fecha de publicaci\u00f3n: 10\/06\/2016<\/p>\n","protected":false},"excerpt":{"rendered":"<p>Caral es mucho m\u00e1s que la primera civilizaci\u00f3n organizada del Per\u00fa y Am\u00e9rica. Fue un pueblo que, a diferencia de [&hellip;]<\/p>\n","protected":false},"author":1,"featured_media":10661,"comment_status":"closed","ping_status":"open","sticky":false,"template":"","format":"standard","meta":{"_acf_changed":false,"site-sidebar-layout":"default","site-content-layout":"","ast-site-content-layout":"default","site-content-style":"default","site-sidebar-style":"default","ast-global-header-display":"","ast-banner-title-visibility":"","ast-main-header-display":"","ast-hfb-above-header-display":"","ast-hfb-below-header-display":"","ast-hfb-mobile-header-display":"","site-post-title":"","ast-breadcrumbs-content":"","ast-featured-img":"","footer-sml-layout":"","ast-disable-related-posts":"","theme-transparent-header-meta":"","adv-header-id-meta":"","stick-header-meta":"","header-above-stick-meta":"","header-main-stick-meta":"","header-below-stick-meta":"","astra-migrate-meta-layouts":"default","ast-page-background-enabled":"default","ast-page-background-meta":{"desktop":{"background-color":"var(--ast-global-color-5)","background-image":"","background-repeat":"repeat","background-position":"center center","background-size":"auto","background-attachment":"scroll","background-type":"","background-media":"","overlay-type":"","overlay-color":"","overlay-opacity":"","overlay-gradient":""},"tablet":{"background-color":"","background-image":"","background-repeat":"repeat","background-position":"center center","background-size":"auto","background-attachment":"scroll","background-type":"","background-media":"","overlay-type":"","overlay-color":"","overlay-opacity":"","overlay-gradient":""},"mobile":{"background-color":"","background-image":"","background-repeat":"repeat","background-position":"center center","background-size":"auto","background-attachment":"scroll","background-type":"","background-media":"","overlay-type":"","overlay-color":"","overlay-opacity":"","overlay-gradient":""}},"ast-content-background-meta":{"desktop":{"background-color":"var(--ast-global-color-4)","background-image":"","background-repeat":"repeat","background-position":"center center","background-size":"auto","background-attachment":"scroll","background-type":"","background-media":"","overlay-type":"","overlay-color":"","overlay-opacity":"","overlay-gradient":""},"tablet":{"background-color":"var(--ast-global-color-4)","background-image":"","background-repeat":"repeat","background-position":"center center","background-size":"auto","background-attachment":"scroll","background-type":"","background-media":"","overlay-type":"","overlay-color":"","overlay-opacity":"","overlay-gradient":""},"mobile":{"background-color":"var(--ast-global-color-4)","background-image":"","background-repeat":"repeat","background-position":"center center","background-size":"auto","background-attachment":"scroll","background-type":"","background-media":"","overlay-type":"","overlay-color":"","overlay-opacity":"","overlay-gradient":""}},"footnotes":""},"categories":[208],"tags":[55,61],"class_list":["post-10659","post","type-post","status-publish","format-standard","has-post-thumbnail","hentry","category-noticias","tag-caral","tag-vichama"],"acf":[],"yoast_head":"<!-- This site is optimized with the Yoast SEO plugin v27.3 - https:\/\/yoast.com\/product\/yoast-seo-wordpress\/ -->\n<title>&quot;Caral: El Legado&quot;, Documental<\/title>\n<meta name=\"description\" content=\"\u201cCARAL, el legado\u201d documental producido Agencia de Noticias Andina utilizando equipos de alta tecnolog\u00eda y drones que sobrevolaron la zona para captar impresionantes im\u00e1genes panor\u00e1micas, por los 35\u00ba Aniversario de la Agencia de Noticias.\" \/>\n<meta name=\"robots\" content=\"index, follow, max-snippet:-1, max-image-preview:large, max-video-preview:-1\" \/>\n<link rel=\"canonical\" href=\"https:\/\/zonacaral.gob.pe\/es\/noticias\/caral-el-legado-documental\/\" \/>\n<meta property=\"og:locale\" content=\"es_ES\" \/>\n<meta property=\"og:type\" content=\"article\" \/>\n<meta property=\"og:title\" content=\"&quot;Caral: El Legado&quot;, Documental\" \/>\n<meta property=\"og:description\" content=\"\u201cCARAL, el legado\u201d documental producido Agencia de Noticias Andina utilizando equipos de alta tecnolog\u00eda y drones que sobrevolaron la zona para captar impresionantes im\u00e1genes panor\u00e1micas, por los 35\u00ba Aniversario de la Agencia de Noticias.\" \/>\n<meta property=\"og:url\" content=\"https:\/\/zonacaral.gob.pe\/es\/noticias\/caral-el-legado-documental\/\" \/>\n<meta property=\"og:site_name\" content=\"Zona Caral\" \/>\n<meta property=\"article:published_time\" content=\"2016-06-10T20:46:01+00:00\" \/>\n<meta property=\"og:image\" content=\"https:\/\/zonacaral.gob.pe\/wp-content\/uploads\/2016\/06\/caral-legado-andina.jpg\" \/>\n\t<meta property=\"og:image:width\" content=\"1000\" \/>\n\t<meta property=\"og:image:height\" content=\"562\" \/>\n\t<meta property=\"og:image:type\" content=\"image\/jpeg\" \/>\n<meta name=\"author\" content=\"Zona Caral Administrador\" \/>\n<meta name=\"twitter:card\" content=\"summary_large_image\" \/>\n<meta name=\"twitter:label1\" content=\"Written by\" \/>\n\t<meta name=\"twitter:data1\" content=\"Zona Caral Administrador\" \/>\n\t<meta name=\"twitter:label2\" content=\"Est. reading time\" \/>\n\t<meta name=\"twitter:data2\" content=\"4 minutos\" \/>\n<script type=\"application\/ld+json\" class=\"yoast-schema-graph\">{\"@context\":\"https:\\\/\\\/schema.org\",\"@graph\":[{\"@type\":\"Article\",\"@id\":\"https:\\\/\\\/zonacaral.gob.pe\\\/en\\\/noticias\\\/caral-el-legado-documental\\\/#article\",\"isPartOf\":{\"@id\":\"https:\\\/\\\/zonacaral.gob.pe\\\/en\\\/noticias\\\/caral-el-legado-documental\\\/\"},\"author\":{\"name\":\"Zona Caral Administrador\",\"@id\":\"https:\\\/\\\/zonacaral.gob.pe\\\/es\\\/#\\\/schema\\\/person\\\/beddb4d22f71a7230c5b90913270a0ee\"},\"headline\":\"Caral: El Legado (Documental)\",\"datePublished\":\"2016-06-10T20:46:01+00:00\",\"mainEntityOfPage\":{\"@id\":\"https:\\\/\\\/zonacaral.gob.pe\\\/en\\\/noticias\\\/caral-el-legado-documental\\\/\"},\"wordCount\":762,\"image\":{\"@id\":\"https:\\\/\\\/zonacaral.gob.pe\\\/en\\\/noticias\\\/caral-el-legado-documental\\\/#primaryimage\"},\"thumbnailUrl\":\"https:\\\/\\\/zonacaral.gob.pe\\\/wp-content\\\/uploads\\\/2016\\\/06\\\/caral-legado-andina.jpg\",\"keywords\":[\"caral\",\"vichama\"],\"articleSection\":[\"noticias\"],\"inLanguage\":\"es-PE\"},{\"@type\":\"WebPage\",\"@id\":\"https:\\\/\\\/zonacaral.gob.pe\\\/en\\\/noticias\\\/caral-el-legado-documental\\\/\",\"url\":\"https:\\\/\\\/zonacaral.gob.pe\\\/en\\\/noticias\\\/caral-el-legado-documental\\\/\",\"name\":\"\\\"Caral: El Legado\\\", Documental\",\"isPartOf\":{\"@id\":\"https:\\\/\\\/zonacaral.gob.pe\\\/es\\\/#website\"},\"primaryImageOfPage\":{\"@id\":\"https:\\\/\\\/zonacaral.gob.pe\\\/en\\\/noticias\\\/caral-el-legado-documental\\\/#primaryimage\"},\"image\":{\"@id\":\"https:\\\/\\\/zonacaral.gob.pe\\\/en\\\/noticias\\\/caral-el-legado-documental\\\/#primaryimage\"},\"thumbnailUrl\":\"https:\\\/\\\/zonacaral.gob.pe\\\/wp-content\\\/uploads\\\/2016\\\/06\\\/caral-legado-andina.jpg\",\"datePublished\":\"2016-06-10T20:46:01+00:00\",\"author\":{\"@id\":\"https:\\\/\\\/zonacaral.gob.pe\\\/es\\\/#\\\/schema\\\/person\\\/beddb4d22f71a7230c5b90913270a0ee\"},\"description\":\"\u201cCARAL, el legado\u201d documental producido Agencia de Noticias Andina utilizando equipos de alta tecnolog\u00eda y drones que sobrevolaron la zona para captar impresionantes im\u00e1genes panor\u00e1micas, por los 35\u00ba Aniversario de la Agencia de Noticias.\",\"breadcrumb\":{\"@id\":\"https:\\\/\\\/zonacaral.gob.pe\\\/en\\\/noticias\\\/caral-el-legado-documental\\\/#breadcrumb\"},\"inLanguage\":\"es-PE\",\"potentialAction\":[{\"@type\":\"ReadAction\",\"target\":[\"https:\\\/\\\/zonacaral.gob.pe\\\/en\\\/noticias\\\/caral-el-legado-documental\\\/\"]}]},{\"@type\":\"ImageObject\",\"inLanguage\":\"es-PE\",\"@id\":\"https:\\\/\\\/zonacaral.gob.pe\\\/en\\\/noticias\\\/caral-el-legado-documental\\\/#primaryimage\",\"url\":\"https:\\\/\\\/zonacaral.gob.pe\\\/wp-content\\\/uploads\\\/2016\\\/06\\\/caral-legado-andina.jpg\",\"contentUrl\":\"https:\\\/\\\/zonacaral.gob.pe\\\/wp-content\\\/uploads\\\/2016\\\/06\\\/caral-legado-andina.jpg\",\"width\":1000,\"height\":562},{\"@type\":\"BreadcrumbList\",\"@id\":\"https:\\\/\\\/zonacaral.gob.pe\\\/en\\\/noticias\\\/caral-el-legado-documental\\\/#breadcrumb\",\"itemListElement\":[{\"@type\":\"ListItem\",\"position\":1,\"name\":\"Portada\",\"item\":\"https:\\\/\\\/zonacaral.gob.pe\\\/\"},{\"@type\":\"ListItem\",\"position\":2,\"name\":\"Caral: El Legado (Documental)\"}]},{\"@type\":\"WebSite\",\"@id\":\"https:\\\/\\\/zonacaral.gob.pe\\\/es\\\/#website\",\"url\":\"https:\\\/\\\/zonacaral.gob.pe\\\/es\\\/\",\"name\":\"Zona Caral\",\"description\":\"Investigamos, conservamos y difundimos el patrimonio cultural de la Civilizaci\u00f3n Caral, la m\u00e1s antigua de Am\u00e9rica.\",\"potentialAction\":[{\"@type\":\"SearchAction\",\"target\":{\"@type\":\"EntryPoint\",\"urlTemplate\":\"https:\\\/\\\/zonacaral.gob.pe\\\/es\\\/?s={search_term_string}\"},\"query-input\":{\"@type\":\"PropertyValueSpecification\",\"valueRequired\":true,\"valueName\":\"search_term_string\"}}],\"inLanguage\":\"es-PE\"},{\"@type\":\"Person\",\"@id\":\"https:\\\/\\\/zonacaral.gob.pe\\\/es\\\/#\\\/schema\\\/person\\\/beddb4d22f71a7230c5b90913270a0ee\",\"name\":\"Zona Caral Administrador\",\"image\":{\"@type\":\"ImageObject\",\"inLanguage\":\"es-PE\",\"@id\":\"https:\\\/\\\/secure.gravatar.com\\\/avatar\\\/e4be162918a696358376de6446614e0f0f4062bdc5d170d6d540ada3d8b58c12?s=96&d=mm&r=g\",\"url\":\"https:\\\/\\\/secure.gravatar.com\\\/avatar\\\/e4be162918a696358376de6446614e0f0f4062bdc5d170d6d540ada3d8b58c12?s=96&d=mm&r=g\",\"contentUrl\":\"https:\\\/\\\/secure.gravatar.com\\\/avatar\\\/e4be162918a696358376de6446614e0f0f4062bdc5d170d6d540ada3d8b58c12?s=96&d=mm&r=g\",\"caption\":\"Zona Caral Administrador\"},\"sameAs\":[\"https:\\\/\\\/zonacaral.gob.pe\"],\"url\":\"https:\\\/\\\/zonacaral.gob.pe\\\/es\\\/noticias\\\/author\\\/ad_zonacaral\\\/\"}]}<\/script>\n<!-- \/ Yoast SEO plugin. -->","yoast_head_json":{"title":"\"Caral: El Legado\", Documental","description":"\u201cCARAL, el legado\u201d documental producido Agencia de Noticias Andina utilizando equipos de alta tecnolog\u00eda y drones que sobrevolaron la zona para captar impresionantes im\u00e1genes panor\u00e1micas, por los 35\u00ba Aniversario de la Agencia de Noticias.","robots":{"index":"index","follow":"follow","max-snippet":"max-snippet:-1","max-image-preview":"max-image-preview:large","max-video-preview":"max-video-preview:-1"},"canonical":"https:\/\/zonacaral.gob.pe\/es\/noticias\/caral-el-legado-documental\/","og_locale":"es_ES","og_type":"article","og_title":"\"Caral: El Legado\", Documental","og_description":"\u201cCARAL, el legado\u201d documental producido Agencia de Noticias Andina utilizando equipos de alta tecnolog\u00eda y drones que sobrevolaron la zona para captar impresionantes im\u00e1genes panor\u00e1micas, por los 35\u00ba Aniversario de la Agencia de Noticias.","og_url":"https:\/\/zonacaral.gob.pe\/es\/noticias\/caral-el-legado-documental\/","og_site_name":"Zona Caral","article_published_time":"2016-06-10T20:46:01+00:00","og_image":[{"width":1000,"height":562,"url":"https:\/\/zonacaral.gob.pe\/wp-content\/uploads\/2016\/06\/caral-legado-andina.jpg","type":"image\/jpeg"}],"author":"Zona Caral Administrador","twitter_card":"summary_large_image","twitter_misc":{"Written by":"Zona Caral Administrador","Est. reading time":"4 minutos"},"schema":{"@context":"https:\/\/schema.org","@graph":[{"@type":"Article","@id":"https:\/\/zonacaral.gob.pe\/en\/noticias\/caral-el-legado-documental\/#article","isPartOf":{"@id":"https:\/\/zonacaral.gob.pe\/en\/noticias\/caral-el-legado-documental\/"},"author":{"name":"Zona Caral Administrador","@id":"https:\/\/zonacaral.gob.pe\/es\/#\/schema\/person\/beddb4d22f71a7230c5b90913270a0ee"},"headline":"Caral: El Legado (Documental)","datePublished":"2016-06-10T20:46:01+00:00","mainEntityOfPage":{"@id":"https:\/\/zonacaral.gob.pe\/en\/noticias\/caral-el-legado-documental\/"},"wordCount":762,"image":{"@id":"https:\/\/zonacaral.gob.pe\/en\/noticias\/caral-el-legado-documental\/#primaryimage"},"thumbnailUrl":"https:\/\/zonacaral.gob.pe\/wp-content\/uploads\/2016\/06\/caral-legado-andina.jpg","keywords":["caral","vichama"],"articleSection":["noticias"],"inLanguage":"es-PE"},{"@type":"WebPage","@id":"https:\/\/zonacaral.gob.pe\/en\/noticias\/caral-el-legado-documental\/","url":"https:\/\/zonacaral.gob.pe\/en\/noticias\/caral-el-legado-documental\/","name":"\"Caral: El Legado\", Documental","isPartOf":{"@id":"https:\/\/zonacaral.gob.pe\/es\/#website"},"primaryImageOfPage":{"@id":"https:\/\/zonacaral.gob.pe\/en\/noticias\/caral-el-legado-documental\/#primaryimage"},"image":{"@id":"https:\/\/zonacaral.gob.pe\/en\/noticias\/caral-el-legado-documental\/#primaryimage"},"thumbnailUrl":"https:\/\/zonacaral.gob.pe\/wp-content\/uploads\/2016\/06\/caral-legado-andina.jpg","datePublished":"2016-06-10T20:46:01+00:00","author":{"@id":"https:\/\/zonacaral.gob.pe\/es\/#\/schema\/person\/beddb4d22f71a7230c5b90913270a0ee"},"description":"\u201cCARAL, el legado\u201d documental producido Agencia de Noticias Andina utilizando equipos de alta tecnolog\u00eda y drones que sobrevolaron la zona para captar impresionantes im\u00e1genes panor\u00e1micas, por los 35\u00ba Aniversario de la Agencia de Noticias.","breadcrumb":{"@id":"https:\/\/zonacaral.gob.pe\/en\/noticias\/caral-el-legado-documental\/#breadcrumb"},"inLanguage":"es-PE","potentialAction":[{"@type":"ReadAction","target":["https:\/\/zonacaral.gob.pe\/en\/noticias\/caral-el-legado-documental\/"]}]},{"@type":"ImageObject","inLanguage":"es-PE","@id":"https:\/\/zonacaral.gob.pe\/en\/noticias\/caral-el-legado-documental\/#primaryimage","url":"https:\/\/zonacaral.gob.pe\/wp-content\/uploads\/2016\/06\/caral-legado-andina.jpg","contentUrl":"https:\/\/zonacaral.gob.pe\/wp-content\/uploads\/2016\/06\/caral-legado-andina.jpg","width":1000,"height":562},{"@type":"BreadcrumbList","@id":"https:\/\/zonacaral.gob.pe\/en\/noticias\/caral-el-legado-documental\/#breadcrumb","itemListElement":[{"@type":"ListItem","position":1,"name":"Portada","item":"https:\/\/zonacaral.gob.pe\/"},{"@type":"ListItem","position":2,"name":"Caral: El Legado (Documental)"}]},{"@type":"WebSite","@id":"https:\/\/zonacaral.gob.pe\/es\/#website","url":"https:\/\/zonacaral.gob.pe\/es\/","name":"Zona Caral","description":"Investigamos, conservamos y difundimos el patrimonio cultural de la Civilizaci\u00f3n Caral, la m\u00e1s antigua de Am\u00e9rica.","potentialAction":[{"@type":"SearchAction","target":{"@type":"EntryPoint","urlTemplate":"https:\/\/zonacaral.gob.pe\/es\/?s={search_term_string}"},"query-input":{"@type":"PropertyValueSpecification","valueRequired":true,"valueName":"search_term_string"}}],"inLanguage":"es-PE"},{"@type":"Person","@id":"https:\/\/zonacaral.gob.pe\/es\/#\/schema\/person\/beddb4d22f71a7230c5b90913270a0ee","name":"Zona Caral Administrador","image":{"@type":"ImageObject","inLanguage":"es-PE","@id":"https:\/\/secure.gravatar.com\/avatar\/e4be162918a696358376de6446614e0f0f4062bdc5d170d6d540ada3d8b58c12?s=96&d=mm&r=g","url":"https:\/\/secure.gravatar.com\/avatar\/e4be162918a696358376de6446614e0f0f4062bdc5d170d6d540ada3d8b58c12?s=96&d=mm&r=g","contentUrl":"https:\/\/secure.gravatar.com\/avatar\/e4be162918a696358376de6446614e0f0f4062bdc5d170d6d540ada3d8b58c12?s=96&d=mm&r=g","caption":"Zona Caral Administrador"},"sameAs":["https:\/\/zonacaral.gob.pe"],"url":"https:\/\/zonacaral.gob.pe\/es\/noticias\/author\/ad_zonacaral\/"}]}},"_links":{"self":[{"href":"https:\/\/zonacaral.gob.pe\/es\/wp-json\/wp\/v2\/posts\/10659","targetHints":{"allow":["GET"]}}],"collection":[{"href":"https:\/\/zonacaral.gob.pe\/es\/wp-json\/wp\/v2\/posts"}],"about":[{"href":"https:\/\/zonacaral.gob.pe\/es\/wp-json\/wp\/v2\/types\/post"}],"author":[{"embeddable":true,"href":"https:\/\/zonacaral.gob.pe\/es\/wp-json\/wp\/v2\/users\/1"}],"replies":[{"embeddable":true,"href":"https:\/\/zonacaral.gob.pe\/es\/wp-json\/wp\/v2\/comments?post=10659"}],"version-history":[{"count":0,"href":"https:\/\/zonacaral.gob.pe\/es\/wp-json\/wp\/v2\/posts\/10659\/revisions"}],"wp:featuredmedia":[{"embeddable":true,"href":"https:\/\/zonacaral.gob.pe\/es\/wp-json\/wp\/v2\/media\/10661"}],"wp:attachment":[{"href":"https:\/\/zonacaral.gob.pe\/es\/wp-json\/wp\/v2\/media?parent=10659"}],"wp:term":[{"taxonomy":"category","embeddable":true,"href":"https:\/\/zonacaral.gob.pe\/es\/wp-json\/wp\/v2\/categories?post=10659"},{"taxonomy":"post_tag","embeddable":true,"href":"https:\/\/zonacaral.gob.pe\/es\/wp-json\/wp\/v2\/tags?post=10659"}],"curies":[{"name":"wp","href":"https:\/\/api.w.org\/{rel}","templated":true}]}}