{"id":10854,"date":"2016-08-29T10:44:55","date_gmt":"2016-08-29T15:44:55","guid":{"rendered":"http:\/\/www.zonacaral.gob.pe\/?p=10854"},"modified":"2016-08-29T10:44:55","modified_gmt":"2016-08-29T15:44:55","slug":"ruth-shady-puesta-en-valor-de-vichama-permite-conocer-su-historia-y-cambios-culturales","status":"publish","type":"post","link":"https:\/\/zonacaral.gob.pe\/es\/noticias\/ruth-shady-puesta-en-valor-de-vichama-permite-conocer-su-historia-y-cambios-culturales\/","title":{"rendered":"Ruth Shady: puesta en valor de Vichama permite conocer su historia y cambios culturales"},"content":{"rendered":"<figure class=\"pic-autor\" style=\"color: #4d4d4d; text-align: justify;\"><\/figure>\n<blockquote>\n<p class=\"p1\">Complejo arqueol\u00f3gico celebra noveno aniversario de puesta en valor y revela hallazgos.<\/p>\n<\/blockquote>\n<p style=\"text-align: justify;\">La finalidad de poner en valor un sitio arqueol\u00f3gico como Vichama no consiste solo en apreciar los monumentos, sino que a trav\u00e9s de ellos se conozca la historia que hizo posible su construcci\u00f3n y porqu\u00e9 sus caracter\u00edsticas y los cambios que se fueron dando a trav\u00e9s del tiempo. Comprender nuestra historia para que nos sirva de reflexi\u00f3n en el presente, enfatiz\u00f3 hoy la directora de la Zona Arqueol\u00f3gica Caral, arque\u00f3loga Ruth Shady.<\/p>\n<p style=\"text-align: justify;\">Agreg\u00f3 que esa es la raz\u00f3n por la que se construyen museos donde est\u00e1n los sitios arqueol\u00f3gicos, no solo para que se admiren las figuras que all\u00ed se conservan, sino lo que hizo posible para que esas figuras puedan ser manufacturadas o esos materiales tengan un contenido que permitan conocer una historia social.<\/p>\n<p style=\"text-align: justify;\">\u201cTanto los museos como los sitios arqueol\u00f3gicos son los medios de transmisi\u00f3n de esa historia que debemos conocer para evaluar lo que se hizo y lo que hacemos\u201d, subray\u00f3 en di\u00e1logo con la Agencia Andina.<\/p>\n<p style=\"text-align: justify;\">Refiri\u00f3 que Vichama se construy\u00f3 alrededor de 1,800 a\u00f1os antes de Cristo y dur\u00f3 m\u00e1s de 300 a\u00f1os. \u201cEs un asentamiento arqueol\u00f3gico posterior a Caral, pero que conserva algunos elementos de aquella civilizaci\u00f3n\u201d, manifest\u00f3.<\/p>\n<p style=\"text-align: justify;\">Destac\u00f3 la magnificencia de la arquitectura de Vichama, gracias a sus pir\u00e1mides y plazas circulares que son herencia de una tradici\u00f3n cultural forjada en Caral.<\/p>\n<p style=\"text-align: justify;\">Shady y su equipo, conformado por los arque\u00f3logos Ademar Crisp\u00edn y Pedro Novoa, encabez\u00f3 un recorrido por el circuito acondicionado para conocer los avances en las exploraciones e investigaciones en este complejo arqueol\u00f3gico.<\/p>\n<p style=\"text-align: justify;\">En este noveno aniversario, el asentamiento arqueol\u00f3gico Vichama recibi\u00f3 numerosos visitantes nacionales y extranjeros, quienes mostraron su admiraci\u00f3n por la arquitectura, los frisos con figuras en alto relieve y los diversos objetos encontrados en las excavaciones.<\/p>\n<p style=\"text-align: justify;\">Entre las autoridades presentes estuvieron el viceministro de Interculturalidad del Ministerio de Cultura, Alfredo Luna Brice\u00f1o, quien record\u00f3 que la responsabilidad de proteger el patrimonio cultural del pa\u00eds es responsabilidad de las autoridades en sus diferentes niveles, as\u00ed como del propio ciudadano.<\/p>\n<p style=\"text-align: justify;\">Respecto a Vichama resalt\u00f3 que este sitio arqueol\u00f3gico ostenta mucha relevancia porque nos ense\u00f1a los valores de una sociedad en donde se afirman la equidad de g\u00e9nero, el valor de la herencia mediante la conservaci\u00f3n de los vestigios pese al impacto de los cambios clim\u00e1ticos ocurridos a lo largo de la historia.<\/p>\n<p style=\"text-align: justify;\">Otra de las personalidades presentes fue el director de la Escuela Nacional de Bellas Artes. Carlos Valdez Espinoza, quien en conversaci\u00f3n con la Agencia Andina destac\u00f3 los aportes culturales, arquitect\u00f3nicos, escult\u00f3ricos y tambi\u00e9n est\u00e9ticos muy importantes en Vichama y la Civilizaci\u00f3n Caral.<\/p>\n<p style=\"text-align: justify;\">\u201cEs impresionante ver en Vichama todos los murales que tienen una parte escult\u00f3rica y simb\u00f3lica muy importante y que est\u00e1 geogr\u00e1ficamente muy cerca de la ciudad capital. Los que estamos vinculados a las artes es como encontrar nuestras ra\u00edces est\u00e9ticas y eso tiene una importancia sin igual\u201d, manifest\u00f3.<\/p>\n<p style=\"text-align: justify;\">Tambi\u00e9n particip\u00f3 del recorrido en este noveno aniversario, el c\u00f3nsul general de Costa Rica, Charles Hern\u00e1ndez Viale, quien se mostr\u00f3 gratamente asombrado por los hallazgos que exhibe el complejo Vichama y que, seg\u00fan dijo, es una muestra representativa de la vasta riqueza cultural milenaria que caracteriza al Per\u00fa.<\/p>\n<p style=\"text-align: justify;\">Sostuvo que Vichama no solo contiene informaci\u00f3n muy importante para comprender la g\u00e9nesis de la civilizaci\u00f3n asentada en territorio peruano, sino que forma parte del pasado universal. \u201cEl Per\u00fa es una naci\u00f3n digna de conocer y admirar. Culturalmente es una mina de oro\u201d, expres\u00f3 en entrevista con la Agencia Andina.<\/p>\n<h2 style=\"text-align: justify;\">Puesta en valor y hallazgos<\/h2>\n<p style=\"text-align: justify;\">Esculturas elaboradas en arcilla no cocida e instrumentos musicales de viento hechos con hueso de mam\u00edfero, decorados con el rostro de un felino, son algunos de los hallazgos que revelan el v\u00ednculo entre la Civilizaci\u00f3n Caral y Vichama, sociedad agropesquera de V\u00e9gueta-Huacho, revelan las investigaciones que cumplen nueve a\u00f1os.<\/p>\n<p style=\"text-align: justify;\">Shady, revel\u00f3 que ambas sociedades compartieron creencias y manifestaciones ideol\u00f3gicas y explic\u00f3 que esta vinculaci\u00f3n se extendi\u00f3 a lugares m\u00e1s lejanos en la sierra y selva de nuestro pa\u00eds.<\/p>\n<p style=\"text-align: justify;\">\u201cPrueba de ello son los dise\u00f1os y materiales con los cuales confeccionaron los objetos encontrados, tanto en el litoral como en el valle de Supe. La importancia de estos hallazgos radica en que nos ayudan a conocer aspectos de la organizaci\u00f3n social y del sistema religioso de la sociedad de Vichama\u201d, manifest\u00f3.<\/p>\n<h2 style=\"text-align: justify;\">Rol de la mujer en Vichama<\/h2>\n<p style=\"text-align: justify;\">La directora de la Zona Arqueol\u00f3gica Caral explic\u00f3 que la mujer tuvo un papel trascendente, con equidad de g\u00e9nero en esta civilizaci\u00f3n. \u201cAparece una mujer muy importante, una especie de sacerdotisa y es recurrente en varios edificios del asentamiento y del valle de Supe, por lo que podemos inferir que lograba ocupar posiciones pol\u00edticas importantes dentro de la sociedad\u201d, se\u00f1al\u00f3.<\/p>\n<h2 style=\"text-align: justify;\">Cambio clim\u00e1tico<\/h2>\n<p style=\"text-align: justify;\">Otra caracter\u00edstica que destaca entre los hallazgos de Vichama, est\u00e1 asociado al cambio clim\u00e1tico y la importancia que tuvo el recurso marino para supervivir frente a la sequ\u00eda y le crisis del agro. Esa memoria colectiva est\u00e1 registrada en 34 figuras modeladas en un sal\u00f3n ceremonial del sitio, que representan todos los efectos dram\u00e1ticos de este fen\u00f3meno natural.<\/p>\n<p style=\"text-align: justify;\">\u201cPor eso es muy importante que se conozca este sitio porque de ese modo, se podr\u00e1 tambi\u00e9n reflexionar sobre el cambio clim\u00e1tico en el futuro, ya que estos pueden perdurar entre 60 y 120 a\u00f1os, seg\u00fan las investigaciones cient\u00edficas\u201d, sostuvo Ruth Shady.<\/p>\n<p style=\"text-align: justify;\">Posterior a ese cambio clim\u00e1tico, se aprecia que el edificio principal de aquella \u00e9poca fue enterrado completamente y se construy\u00f3 uno encima con la fachada hacia el lado este, que es por donde fluyen los r\u00edos. Con una visi\u00f3n de querer contrarrestar al cambio clim\u00e1tico, la sociedad Vichama cambi\u00f3 la arquitectura.<\/p>\n<p style=\"text-align: justify;\">Tambi\u00e9n se han descubierto una serie de rasgos e \u00edconos provenientes de la Amazonia. Existen evidencias que ha habido una relaci\u00f3n transversal entre la costa y la selva que sobresale por una reciprocidad intercultural entre ambas regiones en condiciones de paz, sin sometimientos.<\/p>\n<p style=\"text-align: justify;\">La importancia de la m\u00fasica, es otra particularidad que revelan las investigaciones en Vichama. Se han encontrado una serie de flautas traversas con representaciones similares a las de Caral, lo que demuestra la importancia que ha tenido la interacci\u00f3n entre los humanos y sus deidades a trav\u00e9s de los sonidos.<\/p>\n<p style=\"text-align: justify;\">Sostuvo que la investigaci\u00f3n arqueol\u00f3gica y los trabajos de conservaci\u00f3n de los monumentos de Vichama, buscan recuperar y poner en valor los diversos conjuntos de edificios p\u00fablicos y residenciales que componen este sitio arqueol\u00f3gico.<\/p>\n<p style=\"text-align: justify;\">Entre los recintos destacan el edificio \u201cLas Hornacinas\u201d, en el cual se encuentran el Sal\u00f3n Ceremonial con Relieves Murales y el Sal\u00f3n Ceremonial del Sapo Humanizado; as\u00ed como el edificio \u201cLas Chakanas\u201d y el edificio \u201cLos Dep\u00f3sitos\u201d.<\/p>\n<h2 style=\"text-align: justify;\">Celebraciones<\/h2>\n<p style=\"text-align: justify;\">En las celebraciones del noveno aniversario iniciadas ayer viernes 26, se realiz\u00f3 un concurso y paseo de faroles. Se premiar\u00e1 el farol m\u00e1s creativo que integre en su manufactura elementos culturales de Vichama.<\/p>\n<p style=\"text-align: justify;\">Asimismo, se escenific\u00f3 el \u201cMito Vichama\u201d, a cargo de los estudiantes del colegio Fray Melchor Aponte, de V\u00e9gueta, y del personal de la Zona Arqueol\u00f3gica Caral-sede Vichama, bajo la direcci\u00f3n de Freddy Pajuelo, profesor de teatro del Centro de Arte y Cultura de la Universidad Nacional \u201cJos\u00e9 Faustino S\u00e1nchez Carri\u00f3n\u201d de Huacho.<\/p>\n<p style=\"text-align: justify;\">Tambi\u00e9n se realiz\u00f3 una ceremonia tradicional de agradecimiento. Se trata de un ritual de la tradici\u00f3n andina mediante el cual se agradece por los bienes recibidos y de renovaci\u00f3n, a cargo del Ayllu Surimanta. Luego se escenificar\u00e1 la danza festiva \u201cChimaychi.<\/p>\n<p style=\"text-align: justify;\">Hoy s\u00e1bado se realiz\u00f3 el festival cultural \u201cVichama Raymi\u201d, as\u00ed como la presentaci\u00f3n de los valores culturales y sociales de Vichama a trav\u00e9s de la visita guiada al Museo Comunitario de V\u00e9gueta para una aproximaci\u00f3n al conocimiento del sistema social que se viene recuperando en Vichama.<\/p>\n<p style=\"text-align: justify;\">Tambi\u00e9n se visit\u00f3 el sitio arqueol\u00f3gico de Vichama para apreciar mediante los resultados de la investigaci\u00f3n y conservaci\u00f3n de los monumentos, la historia social de este importante centro.<\/p>\n<p style=\"text-align: justify;\">Otra actividad programada desarrollada fue \u201cCatu Vichama\u201d, exposici\u00f3n y venta de productos artesanales y agropecuarios de los pobladores de V\u00e9gueta, Huaura, Huacho, Carqu\u00edn, Caleta Vidal, Supe-Caral y Supe Puerto. En esta feria se apreci\u00f3 los productos de los pobladores y creaciones de los participantes en los talleres de responsabilidad social que la Zona Arqueol\u00f3gica Caral desarrolla.<\/p>\n<p style=\"text-align: justify;\">Las celebraciones culminaron con el \u201cRuna Raymi\u201d con presentaciones art\u00edsticas de la poblaci\u00f3n local y del taller de tradici\u00f3n musical sobre los or\u00edgenes de la civilizaci\u00f3n Caral y artistas invitados, inspirados en el patrimonio cultural de Vichama. Tambi\u00e9n participar\u00e1n las danzas creativas de los trabajadores de las sedes de la Zona Arqueol\u00f3gica y los caballos de paso del fundo El Olivar.<\/p>\n<h2 style=\"text-align: justify;\">C\u00f3mo llegar a Vichama<\/h2>\n<p style=\"text-align: justify;\">Para conocer Vichama, se debe ingresar por la antigua carretera Panamericana Norte, a la altura del kil\u00f3metro 159, al distrito de V\u00e9gueta. Se sigue por una v\u00eda se\u00f1alizada hasta el sitio arqueol\u00f3gico. El tiempo estimado de viaje desde Lima es de tres horas.<\/p>\n<p style=\"text-align: justify;\">Fuente:<span style=\"color: #800000;\">\u00a0<\/span><a href=\"http:\/\/www.andina.com.pe\/agencia\/noticia-ruth-shady-puesta-valor-vichama-permite-conocer-su-historia-y-cambios-culturales-628318.aspx\">Agencia Andina<\/a><\/p>\n<p style=\"text-align: justify;\">Fecha de publicaci\u00f3n: 27\/08\/2016<\/p>\n","protected":false},"excerpt":{"rendered":"<p>Complejo arqueol\u00f3gico celebra noveno aniversario de puesta en valor y revela hallazgos. La finalidad de poner en valor un sitio [&hellip;]<\/p>\n","protected":false},"author":1,"featured_media":10855,"comment_status":"closed","ping_status":"open","sticky":false,"template":"","format":"standard","meta":{"_acf_changed":false,"site-sidebar-layout":"default","site-content-layout":"","ast-site-content-layout":"default","site-content-style":"default","site-sidebar-style":"default","ast-global-header-display":"","ast-banner-title-visibility":"","ast-main-header-display":"","ast-hfb-above-header-display":"","ast-hfb-below-header-display":"","ast-hfb-mobile-header-display":"","site-post-title":"","ast-breadcrumbs-content":"","ast-featured-img":"","footer-sml-layout":"","ast-disable-related-posts":"","theme-transparent-header-meta":"","adv-header-id-meta":"","stick-header-meta":"","header-above-stick-meta":"","header-main-stick-meta":"","header-below-stick-meta":"","astra-migrate-meta-layouts":"default","ast-page-background-enabled":"default","ast-page-background-meta":{"desktop":{"background-color":"var(--ast-global-color-5)","background-image":"","background-repeat":"repeat","background-position":"center center","background-size":"auto","background-attachment":"scroll","background-type":"","background-media":"","overlay-type":"","overlay-color":"","overlay-opacity":"","overlay-gradient":""},"tablet":{"background-color":"","background-image":"","background-repeat":"repeat","background-position":"center center","background-size":"auto","background-attachment":"scroll","background-type":"","background-media":"","overlay-type":"","overlay-color":"","overlay-opacity":"","overlay-gradient":""},"mobile":{"background-color":"","background-image":"","background-repeat":"repeat","background-position":"center center","background-size":"auto","background-attachment":"scroll","background-type":"","background-media":"","overlay-type":"","overlay-color":"","overlay-opacity":"","overlay-gradient":""}},"ast-content-background-meta":{"desktop":{"background-color":"var(--ast-global-color-4)","background-image":"","background-repeat":"repeat","background-position":"center center","background-size":"auto","background-attachment":"scroll","background-type":"","background-media":"","overlay-type":"","overlay-color":"","overlay-opacity":"","overlay-gradient":""},"tablet":{"background-color":"var(--ast-global-color-4)","background-image":"","background-repeat":"repeat","background-position":"center center","background-size":"auto","background-attachment":"scroll","background-type":"","background-media":"","overlay-type":"","overlay-color":"","overlay-opacity":"","overlay-gradient":""},"mobile":{"background-color":"var(--ast-global-color-4)","background-image":"","background-repeat":"repeat","background-position":"center center","background-size":"auto","background-attachment":"scroll","background-type":"","background-media":"","overlay-type":"","overlay-color":"","overlay-opacity":"","overlay-gradient":""}},"footnotes":""},"categories":[208],"tags":[],"class_list":["post-10854","post","type-post","status-publish","format-standard","has-post-thumbnail","hentry","category-noticias"],"acf":[],"yoast_head":"<!-- This site is optimized with the Yoast SEO plugin v27.3 - https:\/\/yoast.com\/product\/yoast-seo-wordpress\/ -->\n<title>Ruth Shady: puesta en valor de Vichama permite conocer su historia y cambios culturales<\/title>\n<meta name=\"description\" content=\"La finalidad de poner en valor un sitio arqueol\u00f3gico como Vichama no consiste solo en apreciar los monumentos, sino que a trav\u00e9s de ellos se conozca la historia que hizo posible su construcci\u00f3n y porqu\u00e9 sus caracter\u00edsticas y los cambios que se fueron dando a trav\u00e9s del tiempo. Comprender nuestra historia para que nos sirva de reflexi\u00f3n en el presente, enfatiz\u00f3 hoy la directora de la Zona Arqueol\u00f3gica Caral, arque\u00f3loga Ruth Shady.\" \/>\n<meta name=\"robots\" content=\"index, follow, max-snippet:-1, max-image-preview:large, max-video-preview:-1\" \/>\n<link rel=\"canonical\" href=\"https:\/\/zonacaral.gob.pe\/es\/noticias\/ruth-shady-puesta-en-valor-de-vichama-permite-conocer-su-historia-y-cambios-culturales\/\" \/>\n<meta property=\"og:locale\" content=\"es_ES\" \/>\n<meta property=\"og:type\" content=\"article\" \/>\n<meta property=\"og:title\" content=\"Ruth Shady: puesta en valor de Vichama permite conocer su historia y cambios culturales\" \/>\n<meta property=\"og:description\" content=\"La finalidad de poner en valor un sitio arqueol\u00f3gico como Vichama no consiste solo en apreciar los monumentos, sino que a trav\u00e9s de ellos se conozca la historia que hizo posible su construcci\u00f3n y porqu\u00e9 sus caracter\u00edsticas y los cambios que se fueron dando a trav\u00e9s del tiempo. Comprender nuestra historia para que nos sirva de reflexi\u00f3n en el presente, enfatiz\u00f3 hoy la directora de la Zona Arqueol\u00f3gica Caral, arque\u00f3loga Ruth Shady.\" \/>\n<meta property=\"og:url\" content=\"https:\/\/zonacaral.gob.pe\/es\/noticias\/ruth-shady-puesta-en-valor-de-vichama-permite-conocer-su-historia-y-cambios-culturales\/\" \/>\n<meta property=\"og:site_name\" content=\"Zona Caral\" \/>\n<meta property=\"article:published_time\" content=\"2016-08-29T15:44:55+00:00\" \/>\n<meta property=\"og:image\" content=\"https:\/\/zonacaral.gob.pe\/wp-content\/uploads\/2016\/08\/000260764W.jpg\" \/>\n\t<meta property=\"og:image:width\" content=\"1800\" \/>\n\t<meta property=\"og:image:height\" content=\"1212\" \/>\n\t<meta property=\"og:image:type\" content=\"image\/jpeg\" \/>\n<meta name=\"author\" content=\"Zona Caral Administrador\" \/>\n<meta name=\"twitter:card\" content=\"summary_large_image\" \/>\n<meta name=\"twitter:label1\" content=\"Written by\" \/>\n\t<meta name=\"twitter:data1\" content=\"Zona Caral Administrador\" \/>\n\t<meta name=\"twitter:label2\" content=\"Est. reading time\" \/>\n\t<meta name=\"twitter:data2\" content=\"8 minutos\" \/>\n<script type=\"application\/ld+json\" class=\"yoast-schema-graph\">{\"@context\":\"https:\\\/\\\/schema.org\",\"@graph\":[{\"@type\":\"Article\",\"@id\":\"https:\\\/\\\/zonacaral.gob.pe\\\/es\\\/noticias\\\/ruth-shady-puesta-en-valor-de-vichama-permite-conocer-su-historia-y-cambios-culturales\\\/#article\",\"isPartOf\":{\"@id\":\"https:\\\/\\\/zonacaral.gob.pe\\\/es\\\/noticias\\\/ruth-shady-puesta-en-valor-de-vichama-permite-conocer-su-historia-y-cambios-culturales\\\/\"},\"author\":{\"name\":\"Zona Caral Administrador\",\"@id\":\"https:\\\/\\\/zonacaral.gob.pe\\\/es\\\/#\\\/schema\\\/person\\\/beddb4d22f71a7230c5b90913270a0ee\"},\"headline\":\"Ruth Shady: puesta en valor de Vichama permite conocer su historia y cambios culturales\",\"datePublished\":\"2016-08-29T15:44:55+00:00\",\"mainEntityOfPage\":{\"@id\":\"https:\\\/\\\/zonacaral.gob.pe\\\/es\\\/noticias\\\/ruth-shady-puesta-en-valor-de-vichama-permite-conocer-su-historia-y-cambios-culturales\\\/\"},\"wordCount\":1613,\"image\":{\"@id\":\"https:\\\/\\\/zonacaral.gob.pe\\\/es\\\/noticias\\\/ruth-shady-puesta-en-valor-de-vichama-permite-conocer-su-historia-y-cambios-culturales\\\/#primaryimage\"},\"thumbnailUrl\":\"https:\\\/\\\/zonacaral.gob.pe\\\/wp-content\\\/uploads\\\/2016\\\/08\\\/000260764W.jpg\",\"articleSection\":[\"noticias\"],\"inLanguage\":\"es-PE\"},{\"@type\":\"WebPage\",\"@id\":\"https:\\\/\\\/zonacaral.gob.pe\\\/es\\\/noticias\\\/ruth-shady-puesta-en-valor-de-vichama-permite-conocer-su-historia-y-cambios-culturales\\\/\",\"url\":\"https:\\\/\\\/zonacaral.gob.pe\\\/es\\\/noticias\\\/ruth-shady-puesta-en-valor-de-vichama-permite-conocer-su-historia-y-cambios-culturales\\\/\",\"name\":\"Ruth Shady: puesta en valor de Vichama permite conocer su historia y cambios culturales\",\"isPartOf\":{\"@id\":\"https:\\\/\\\/zonacaral.gob.pe\\\/es\\\/#website\"},\"primaryImageOfPage\":{\"@id\":\"https:\\\/\\\/zonacaral.gob.pe\\\/es\\\/noticias\\\/ruth-shady-puesta-en-valor-de-vichama-permite-conocer-su-historia-y-cambios-culturales\\\/#primaryimage\"},\"image\":{\"@id\":\"https:\\\/\\\/zonacaral.gob.pe\\\/es\\\/noticias\\\/ruth-shady-puesta-en-valor-de-vichama-permite-conocer-su-historia-y-cambios-culturales\\\/#primaryimage\"},\"thumbnailUrl\":\"https:\\\/\\\/zonacaral.gob.pe\\\/wp-content\\\/uploads\\\/2016\\\/08\\\/000260764W.jpg\",\"datePublished\":\"2016-08-29T15:44:55+00:00\",\"author\":{\"@id\":\"https:\\\/\\\/zonacaral.gob.pe\\\/es\\\/#\\\/schema\\\/person\\\/beddb4d22f71a7230c5b90913270a0ee\"},\"description\":\"La finalidad de poner en valor un sitio arqueol\u00f3gico como Vichama no consiste solo en apreciar los monumentos, sino que a trav\u00e9s de ellos se conozca la historia que hizo posible su construcci\u00f3n y porqu\u00e9 sus caracter\u00edsticas y los cambios que se fueron dando a trav\u00e9s del tiempo. Comprender nuestra historia para que nos sirva de reflexi\u00f3n en el presente, enfatiz\u00f3 hoy la directora de la Zona Arqueol\u00f3gica Caral, arque\u00f3loga Ruth Shady.\",\"breadcrumb\":{\"@id\":\"https:\\\/\\\/zonacaral.gob.pe\\\/es\\\/noticias\\\/ruth-shady-puesta-en-valor-de-vichama-permite-conocer-su-historia-y-cambios-culturales\\\/#breadcrumb\"},\"inLanguage\":\"es-PE\",\"potentialAction\":[{\"@type\":\"ReadAction\",\"target\":[\"https:\\\/\\\/zonacaral.gob.pe\\\/es\\\/noticias\\\/ruth-shady-puesta-en-valor-de-vichama-permite-conocer-su-historia-y-cambios-culturales\\\/\"]}]},{\"@type\":\"ImageObject\",\"inLanguage\":\"es-PE\",\"@id\":\"https:\\\/\\\/zonacaral.gob.pe\\\/es\\\/noticias\\\/ruth-shady-puesta-en-valor-de-vichama-permite-conocer-su-historia-y-cambios-culturales\\\/#primaryimage\",\"url\":\"https:\\\/\\\/zonacaral.gob.pe\\\/wp-content\\\/uploads\\\/2016\\\/08\\\/000260764W.jpg\",\"contentUrl\":\"https:\\\/\\\/zonacaral.gob.pe\\\/wp-content\\\/uploads\\\/2016\\\/08\\\/000260764W.jpg\",\"width\":1800,\"height\":1212},{\"@type\":\"BreadcrumbList\",\"@id\":\"https:\\\/\\\/zonacaral.gob.pe\\\/es\\\/noticias\\\/ruth-shady-puesta-en-valor-de-vichama-permite-conocer-su-historia-y-cambios-culturales\\\/#breadcrumb\",\"itemListElement\":[{\"@type\":\"ListItem\",\"position\":1,\"name\":\"Portada\",\"item\":\"https:\\\/\\\/zonacaral.gob.pe\\\/\"},{\"@type\":\"ListItem\",\"position\":2,\"name\":\"Ruth Shady: puesta en valor de Vichama permite conocer su historia y cambios culturales\"}]},{\"@type\":\"WebSite\",\"@id\":\"https:\\\/\\\/zonacaral.gob.pe\\\/es\\\/#website\",\"url\":\"https:\\\/\\\/zonacaral.gob.pe\\\/es\\\/\",\"name\":\"Zona Caral\",\"description\":\"Investigamos, conservamos y difundimos el patrimonio cultural de la Civilizaci\u00f3n Caral, la m\u00e1s antigua de Am\u00e9rica.\",\"potentialAction\":[{\"@type\":\"SearchAction\",\"target\":{\"@type\":\"EntryPoint\",\"urlTemplate\":\"https:\\\/\\\/zonacaral.gob.pe\\\/es\\\/?s={search_term_string}\"},\"query-input\":{\"@type\":\"PropertyValueSpecification\",\"valueRequired\":true,\"valueName\":\"search_term_string\"}}],\"inLanguage\":\"es-PE\"},{\"@type\":\"Person\",\"@id\":\"https:\\\/\\\/zonacaral.gob.pe\\\/es\\\/#\\\/schema\\\/person\\\/beddb4d22f71a7230c5b90913270a0ee\",\"name\":\"Zona Caral Administrador\",\"image\":{\"@type\":\"ImageObject\",\"inLanguage\":\"es-PE\",\"@id\":\"https:\\\/\\\/secure.gravatar.com\\\/avatar\\\/e4be162918a696358376de6446614e0f0f4062bdc5d170d6d540ada3d8b58c12?s=96&d=mm&r=g\",\"url\":\"https:\\\/\\\/secure.gravatar.com\\\/avatar\\\/e4be162918a696358376de6446614e0f0f4062bdc5d170d6d540ada3d8b58c12?s=96&d=mm&r=g\",\"contentUrl\":\"https:\\\/\\\/secure.gravatar.com\\\/avatar\\\/e4be162918a696358376de6446614e0f0f4062bdc5d170d6d540ada3d8b58c12?s=96&d=mm&r=g\",\"caption\":\"Zona Caral Administrador\"},\"sameAs\":[\"https:\\\/\\\/zonacaral.gob.pe\"],\"url\":\"https:\\\/\\\/zonacaral.gob.pe\\\/es\\\/noticias\\\/author\\\/ad_zonacaral\\\/\"}]}<\/script>\n<!-- \/ Yoast SEO plugin. -->","yoast_head_json":{"title":"Ruth Shady: puesta en valor de Vichama permite conocer su historia y cambios culturales","description":"La finalidad de poner en valor un sitio arqueol\u00f3gico como Vichama no consiste solo en apreciar los monumentos, sino que a trav\u00e9s de ellos se conozca la historia que hizo posible su construcci\u00f3n y porqu\u00e9 sus caracter\u00edsticas y los cambios que se fueron dando a trav\u00e9s del tiempo. Comprender nuestra historia para que nos sirva de reflexi\u00f3n en el presente, enfatiz\u00f3 hoy la directora de la Zona Arqueol\u00f3gica Caral, arque\u00f3loga Ruth Shady.","robots":{"index":"index","follow":"follow","max-snippet":"max-snippet:-1","max-image-preview":"max-image-preview:large","max-video-preview":"max-video-preview:-1"},"canonical":"https:\/\/zonacaral.gob.pe\/es\/noticias\/ruth-shady-puesta-en-valor-de-vichama-permite-conocer-su-historia-y-cambios-culturales\/","og_locale":"es_ES","og_type":"article","og_title":"Ruth Shady: puesta en valor de Vichama permite conocer su historia y cambios culturales","og_description":"La finalidad de poner en valor un sitio arqueol\u00f3gico como Vichama no consiste solo en apreciar los monumentos, sino que a trav\u00e9s de ellos se conozca la historia que hizo posible su construcci\u00f3n y porqu\u00e9 sus caracter\u00edsticas y los cambios que se fueron dando a trav\u00e9s del tiempo. Comprender nuestra historia para que nos sirva de reflexi\u00f3n en el presente, enfatiz\u00f3 hoy la directora de la Zona Arqueol\u00f3gica Caral, arque\u00f3loga Ruth Shady.","og_url":"https:\/\/zonacaral.gob.pe\/es\/noticias\/ruth-shady-puesta-en-valor-de-vichama-permite-conocer-su-historia-y-cambios-culturales\/","og_site_name":"Zona Caral","article_published_time":"2016-08-29T15:44:55+00:00","og_image":[{"width":1800,"height":1212,"url":"https:\/\/zonacaral.gob.pe\/wp-content\/uploads\/2016\/08\/000260764W.jpg","type":"image\/jpeg"}],"author":"Zona Caral Administrador","twitter_card":"summary_large_image","twitter_misc":{"Written by":"Zona Caral Administrador","Est. reading time":"8 minutos"},"schema":{"@context":"https:\/\/schema.org","@graph":[{"@type":"Article","@id":"https:\/\/zonacaral.gob.pe\/es\/noticias\/ruth-shady-puesta-en-valor-de-vichama-permite-conocer-su-historia-y-cambios-culturales\/#article","isPartOf":{"@id":"https:\/\/zonacaral.gob.pe\/es\/noticias\/ruth-shady-puesta-en-valor-de-vichama-permite-conocer-su-historia-y-cambios-culturales\/"},"author":{"name":"Zona Caral Administrador","@id":"https:\/\/zonacaral.gob.pe\/es\/#\/schema\/person\/beddb4d22f71a7230c5b90913270a0ee"},"headline":"Ruth Shady: puesta en valor de Vichama permite conocer su historia y cambios culturales","datePublished":"2016-08-29T15:44:55+00:00","mainEntityOfPage":{"@id":"https:\/\/zonacaral.gob.pe\/es\/noticias\/ruth-shady-puesta-en-valor-de-vichama-permite-conocer-su-historia-y-cambios-culturales\/"},"wordCount":1613,"image":{"@id":"https:\/\/zonacaral.gob.pe\/es\/noticias\/ruth-shady-puesta-en-valor-de-vichama-permite-conocer-su-historia-y-cambios-culturales\/#primaryimage"},"thumbnailUrl":"https:\/\/zonacaral.gob.pe\/wp-content\/uploads\/2016\/08\/000260764W.jpg","articleSection":["noticias"],"inLanguage":"es-PE"},{"@type":"WebPage","@id":"https:\/\/zonacaral.gob.pe\/es\/noticias\/ruth-shady-puesta-en-valor-de-vichama-permite-conocer-su-historia-y-cambios-culturales\/","url":"https:\/\/zonacaral.gob.pe\/es\/noticias\/ruth-shady-puesta-en-valor-de-vichama-permite-conocer-su-historia-y-cambios-culturales\/","name":"Ruth Shady: puesta en valor de Vichama permite conocer su historia y cambios culturales","isPartOf":{"@id":"https:\/\/zonacaral.gob.pe\/es\/#website"},"primaryImageOfPage":{"@id":"https:\/\/zonacaral.gob.pe\/es\/noticias\/ruth-shady-puesta-en-valor-de-vichama-permite-conocer-su-historia-y-cambios-culturales\/#primaryimage"},"image":{"@id":"https:\/\/zonacaral.gob.pe\/es\/noticias\/ruth-shady-puesta-en-valor-de-vichama-permite-conocer-su-historia-y-cambios-culturales\/#primaryimage"},"thumbnailUrl":"https:\/\/zonacaral.gob.pe\/wp-content\/uploads\/2016\/08\/000260764W.jpg","datePublished":"2016-08-29T15:44:55+00:00","author":{"@id":"https:\/\/zonacaral.gob.pe\/es\/#\/schema\/person\/beddb4d22f71a7230c5b90913270a0ee"},"description":"La finalidad de poner en valor un sitio arqueol\u00f3gico como Vichama no consiste solo en apreciar los monumentos, sino que a trav\u00e9s de ellos se conozca la historia que hizo posible su construcci\u00f3n y porqu\u00e9 sus caracter\u00edsticas y los cambios que se fueron dando a trav\u00e9s del tiempo. Comprender nuestra historia para que nos sirva de reflexi\u00f3n en el presente, enfatiz\u00f3 hoy la directora de la Zona Arqueol\u00f3gica Caral, arque\u00f3loga Ruth Shady.","breadcrumb":{"@id":"https:\/\/zonacaral.gob.pe\/es\/noticias\/ruth-shady-puesta-en-valor-de-vichama-permite-conocer-su-historia-y-cambios-culturales\/#breadcrumb"},"inLanguage":"es-PE","potentialAction":[{"@type":"ReadAction","target":["https:\/\/zonacaral.gob.pe\/es\/noticias\/ruth-shady-puesta-en-valor-de-vichama-permite-conocer-su-historia-y-cambios-culturales\/"]}]},{"@type":"ImageObject","inLanguage":"es-PE","@id":"https:\/\/zonacaral.gob.pe\/es\/noticias\/ruth-shady-puesta-en-valor-de-vichama-permite-conocer-su-historia-y-cambios-culturales\/#primaryimage","url":"https:\/\/zonacaral.gob.pe\/wp-content\/uploads\/2016\/08\/000260764W.jpg","contentUrl":"https:\/\/zonacaral.gob.pe\/wp-content\/uploads\/2016\/08\/000260764W.jpg","width":1800,"height":1212},{"@type":"BreadcrumbList","@id":"https:\/\/zonacaral.gob.pe\/es\/noticias\/ruth-shady-puesta-en-valor-de-vichama-permite-conocer-su-historia-y-cambios-culturales\/#breadcrumb","itemListElement":[{"@type":"ListItem","position":1,"name":"Portada","item":"https:\/\/zonacaral.gob.pe\/"},{"@type":"ListItem","position":2,"name":"Ruth Shady: puesta en valor de Vichama permite conocer su historia y cambios culturales"}]},{"@type":"WebSite","@id":"https:\/\/zonacaral.gob.pe\/es\/#website","url":"https:\/\/zonacaral.gob.pe\/es\/","name":"Zona Caral","description":"Investigamos, conservamos y difundimos el patrimonio cultural de la Civilizaci\u00f3n Caral, la m\u00e1s antigua de Am\u00e9rica.","potentialAction":[{"@type":"SearchAction","target":{"@type":"EntryPoint","urlTemplate":"https:\/\/zonacaral.gob.pe\/es\/?s={search_term_string}"},"query-input":{"@type":"PropertyValueSpecification","valueRequired":true,"valueName":"search_term_string"}}],"inLanguage":"es-PE"},{"@type":"Person","@id":"https:\/\/zonacaral.gob.pe\/es\/#\/schema\/person\/beddb4d22f71a7230c5b90913270a0ee","name":"Zona Caral Administrador","image":{"@type":"ImageObject","inLanguage":"es-PE","@id":"https:\/\/secure.gravatar.com\/avatar\/e4be162918a696358376de6446614e0f0f4062bdc5d170d6d540ada3d8b58c12?s=96&d=mm&r=g","url":"https:\/\/secure.gravatar.com\/avatar\/e4be162918a696358376de6446614e0f0f4062bdc5d170d6d540ada3d8b58c12?s=96&d=mm&r=g","contentUrl":"https:\/\/secure.gravatar.com\/avatar\/e4be162918a696358376de6446614e0f0f4062bdc5d170d6d540ada3d8b58c12?s=96&d=mm&r=g","caption":"Zona Caral Administrador"},"sameAs":["https:\/\/zonacaral.gob.pe"],"url":"https:\/\/zonacaral.gob.pe\/es\/noticias\/author\/ad_zonacaral\/"}]}},"_links":{"self":[{"href":"https:\/\/zonacaral.gob.pe\/es\/wp-json\/wp\/v2\/posts\/10854","targetHints":{"allow":["GET"]}}],"collection":[{"href":"https:\/\/zonacaral.gob.pe\/es\/wp-json\/wp\/v2\/posts"}],"about":[{"href":"https:\/\/zonacaral.gob.pe\/es\/wp-json\/wp\/v2\/types\/post"}],"author":[{"embeddable":true,"href":"https:\/\/zonacaral.gob.pe\/es\/wp-json\/wp\/v2\/users\/1"}],"replies":[{"embeddable":true,"href":"https:\/\/zonacaral.gob.pe\/es\/wp-json\/wp\/v2\/comments?post=10854"}],"version-history":[{"count":0,"href":"https:\/\/zonacaral.gob.pe\/es\/wp-json\/wp\/v2\/posts\/10854\/revisions"}],"wp:featuredmedia":[{"embeddable":true,"href":"https:\/\/zonacaral.gob.pe\/es\/wp-json\/wp\/v2\/media\/10855"}],"wp:attachment":[{"href":"https:\/\/zonacaral.gob.pe\/es\/wp-json\/wp\/v2\/media?parent=10854"}],"wp:term":[{"taxonomy":"category","embeddable":true,"href":"https:\/\/zonacaral.gob.pe\/es\/wp-json\/wp\/v2\/categories?post=10854"},{"taxonomy":"post_tag","embeddable":true,"href":"https:\/\/zonacaral.gob.pe\/es\/wp-json\/wp\/v2\/tags?post=10854"}],"curies":[{"name":"wp","href":"https:\/\/api.w.org\/{rel}","templated":true}]}}