{"id":10872,"date":"2016-09-07T10:04:04","date_gmt":"2016-09-07T15:04:04","guid":{"rendered":"http:\/\/www.zonacaral.gob.pe\/?p=10872"},"modified":"2016-09-07T10:04:04","modified_gmt":"2016-09-07T15:04:04","slug":"vichama-cuando-el-pasado-le-ensena-al-presente","status":"publish","type":"post","link":"https:\/\/zonacaral.gob.pe\/es\/noticias\/vichama-cuando-el-pasado-le-ensena-al-presente\/","title":{"rendered":"Vichama: cuando el pasado le ense\u00f1a al presente"},"content":{"rendered":"<figure class=\"pic-autor\" style=\"color: #4d4d4d; text-align: justify;\"><\/figure>\n<blockquote>\n<p class=\"nota-bajada\">El complejo de edificaciones se encuentra en la localidad de V\u00e9gueta, a tres horas de Lima.<\/p>\n<\/blockquote>\n<p style=\"text-align: justify;\">Hace nueve a\u00f1os, la destacada arque\u00f3loga Ruth Shady, encargada de las investigaciones de la cultura Caral (3000-1800 a.C.), la civilizaci\u00f3n m\u00e1s antigua del continente, ubicada en Barranca (Lima), acept\u00f3 la invitaci\u00f3n del entonces alcalde de V\u00e9gueta, Jos\u00e9 Li Nonato, para analizar unas construcciones que exist\u00edan en su localidad. Es as\u00ed que, con un peque\u00f1o equipo y pocos recursos, se descubre Vichama, un sitio arqueol\u00f3gico que data de 2800 a.C., cuyos nueve edificios muestran temas actuales que ya se trataban en el pasado: la interculturalidad, el problema del cambio clim\u00e1tico y la igualdad de g\u00e9nero.<\/p>\n<h2 style=\"text-align: justify;\">El pasado nos habla<\/h2>\n<p style=\"text-align: justify;\">Los descubrimientos en Vichama, de acuerdo a Shady y su equipo de arque\u00f3logos, muestran que esta civilizaci\u00f3n agr\u00edcola y pesquera se caracterizaba por tener relaciones con otras culturas, como Caral, por medio del trueque, la colaboraci\u00f3n y comercio.<br \/>\nAsimismo, se hall\u00f3 que esta sociedad se enfrent\u00f3 a problemas sobre el cambio clim\u00e1tico al observarse, en el Edificio Principal, relieves con figuras de adultos y ni\u00f1os que habr\u00edan muerto por hambruna. Esta interpretaci\u00f3n nace de la presencia de im\u00e1genes de hombres con el est\u00f3mago vac\u00edo y esqueletos cerca de ellos.<\/p>\n<p style=\"text-align: justify;\">Otro descubrimiento importante es que la mujer ocupaba un papel importante dentro de la sociedad al verse representada en esculturas como una importante sacerdotisa. Ello significar\u00eda la existencia de igualdad de g\u00e9nero en esta sociedad.<\/p>\n<p style=\"text-align: justify;\">El viceministro de Interculturalidad del Ministerio de Cultura, Mart\u00edn Luna, quien visit\u00f3 Vichama por las celebraciones del noveno aniversario de las investigaciones en agosto pasado, declar\u00f3 a Per\u00fa21 que este sitio arqueol\u00f3gico es una \u201cfuente de ense\u00f1anza de ciudadan\u00eda, de fortalecimiento de identidad y de valores\u201d.<\/p>\n<p style=\"text-align: justify;\">Estos descubrimientos, sin embargo, no fueron nada f\u00e1ciles, debido a que exist\u00edan casas construidas cerca del sitio arqueol\u00f3gico que da\u00f1aron estas milenarias edificaciones, seg\u00fan declar\u00f3 la Dra. Shady a este medio. \u201cDestruir un sitio arqueol\u00f3gico es como quemar un libro de historia que nadie m\u00e1s va a conocer\u201d comenta la arque\u00f3loga.<\/p>\n<p style=\"text-align: justify;\">Pese a todo, la Dra. Shady es optimista y destaca que los descubrimientos en Vichama pueden contribuir a comprender la historia y servir de reflexi\u00f3n en el presente. Aprendamos entonces de las lecciones de nuestros antepasados.<\/p>\n<p><iframe src=\"http:\/\/peru21.pe\/media\/xjYzZwNTE6QLqXvxUKsHfouCdgZtGW3Y\" width=\"560\" height=\"315\" frameborder=\"0\" allowfullscreen=\"allowfullscreen\"><\/iframe><\/p>\n<h2>El mito de Vichama<\/h2>\n<p style=\"text-align: justify;\">La historia de Vichama fue registrada en el siglo XVII por fray Antonio de la Calancha, por intermedio del padre Luis Felipe Teruel, encargados de adoctrinar en la fe cat\u00f3lica a a los pobladores de la costa norcentral.<br \/>\nEn esta narraci\u00f3n se explica que durante una gran sequ\u00eda, sobrevivi\u00f3 solo una mujer, quien dio a luz un hijo del dios Sol. Al enterarse de la existencia del ni\u00f1o, el dios Pachacamac, ciego de celos, lo asesin\u00f3 y lo despedaz\u00f3 creando as\u00ed los alimentos de origen vegetal.<\/p>\n<p style=\"text-align: justify;\">La mujer clam\u00f3 por su p\u00e9rdida y el dios Sol le hizo engendrar un nuevo ni\u00f1o al que llam\u00f3 Vichama, palabra que significa pescador seg\u00fan el ling\u00fcista Alfredo Torero.<\/p>\n<p style=\"text-align: justify;\">Vichama creci\u00f3 r\u00e1pidamente y decidi\u00f3 recorrer el mundo como su padre el Sol. Pachacamac, aprovechando la ausencia del joven, asesina a la mujer. Al regresar Vichama, encuentra el cadaver de su madre.<\/p>\n<p style=\"text-align: justify;\">Al no poder vengarse porque Pachacamac escap\u00f3 al sur, Vichama convirti\u00f3 en piedras a los pobladores y al curaca de ellos, Anat, isla que hoy lleva ese nombre. Luego, Vichama, arrepentido por estos ataques contra personas que no ten\u00edan culpa de nada, resucita a su madre y con ayuda del Sol crea una nueva humanidad a partir de tres huevos de oro, plata y cobre.<\/p>\n<h2>Vichama cambia la historia, por Peter Kaulicke (Arque\u00f3logo)<\/h2>\n<p style=\"text-align: justify;\">Los hallazgos en Vichama tienen que verse en contexto con otros sitios arqueol\u00f3gicos en los que ha trabajado la Dra. Ruth Shady como Supe, Aspero y, sobre todo, Caral, pues Vichama est\u00e1 cambiando bastante la historia temprana de las culturas complejas. Antes se pensaba que estas zonas de Per\u00fa, en general, ten\u00edan una importancia grande en \u00e9pocas tempranas. Pero la Dra. Shady ha demostrado que existe un n\u00facleo de desarrollo muy temprano.<br \/>\nVichama tiene sus diferencias evidentes a otras civilizaciones en arquitectura y tambi\u00e9n en la cultura material, por lo tanto, guarda una especie de v\u00ednculo con la cer\u00e1mica de Chav\u00edn. Antes se pensaba que Chav\u00edn era una de las civilizaciones m\u00e1s antiguas, pero con lo descubierto en Vichama ya no se puede sostener ello.<\/p>\n<p style=\"text-align: justify;\">Fuente:<span style=\"color: #800000;\">\u00a0<a href=\"http:\/\/peru21.pe\/cultura\/conozca-sitio-arqueologico-vichama-2256249\">Diario\u00a0Per\u00fa 21<\/a><\/span><\/p>\n<p style=\"text-align: justify;\">Fecha de publicaci\u00f3n: 04\/09\/2016<\/p>\n","protected":false},"excerpt":{"rendered":"<p>El complejo de edificaciones se encuentra en la localidad de V\u00e9gueta, a tres horas de Lima. Hace nueve a\u00f1os, la [&hellip;]<\/p>\n","protected":false},"author":1,"featured_media":10873,"comment_status":"closed","ping_status":"open","sticky":false,"template":"","format":"standard","meta":{"_acf_changed":false,"site-sidebar-layout":"default","site-content-layout":"","ast-site-content-layout":"default","site-content-style":"default","site-sidebar-style":"default","ast-global-header-display":"","ast-banner-title-visibility":"","ast-main-header-display":"","ast-hfb-above-header-display":"","ast-hfb-below-header-display":"","ast-hfb-mobile-header-display":"","site-post-title":"","ast-breadcrumbs-content":"","ast-featured-img":"","footer-sml-layout":"","ast-disable-related-posts":"","theme-transparent-header-meta":"","adv-header-id-meta":"","stick-header-meta":"","header-above-stick-meta":"","header-main-stick-meta":"","header-below-stick-meta":"","astra-migrate-meta-layouts":"default","ast-page-background-enabled":"default","ast-page-background-meta":{"desktop":{"background-color":"var(--ast-global-color-5)","background-image":"","background-repeat":"repeat","background-position":"center center","background-size":"auto","background-attachment":"scroll","background-type":"","background-media":"","overlay-type":"","overlay-color":"","overlay-opacity":"","overlay-gradient":""},"tablet":{"background-color":"","background-image":"","background-repeat":"repeat","background-position":"center center","background-size":"auto","background-attachment":"scroll","background-type":"","background-media":"","overlay-type":"","overlay-color":"","overlay-opacity":"","overlay-gradient":""},"mobile":{"background-color":"","background-image":"","background-repeat":"repeat","background-position":"center center","background-size":"auto","background-attachment":"scroll","background-type":"","background-media":"","overlay-type":"","overlay-color":"","overlay-opacity":"","overlay-gradient":""}},"ast-content-background-meta":{"desktop":{"background-color":"var(--ast-global-color-4)","background-image":"","background-repeat":"repeat","background-position":"center center","background-size":"auto","background-attachment":"scroll","background-type":"","background-media":"","overlay-type":"","overlay-color":"","overlay-opacity":"","overlay-gradient":""},"tablet":{"background-color":"var(--ast-global-color-4)","background-image":"","background-repeat":"repeat","background-position":"center center","background-size":"auto","background-attachment":"scroll","background-type":"","background-media":"","overlay-type":"","overlay-color":"","overlay-opacity":"","overlay-gradient":""},"mobile":{"background-color":"var(--ast-global-color-4)","background-image":"","background-repeat":"repeat","background-position":"center center","background-size":"auto","background-attachment":"scroll","background-type":"","background-media":"","overlay-type":"","overlay-color":"","overlay-opacity":"","overlay-gradient":""}},"footnotes":""},"categories":[208],"tags":[61],"class_list":["post-10872","post","type-post","status-publish","format-standard","has-post-thumbnail","hentry","category-noticias","tag-vichama"],"acf":[],"yoast_head":"<!-- This site is optimized with the Yoast SEO plugin v27.3 - https:\/\/yoast.com\/product\/yoast-seo-wordpress\/ -->\n<title>Vichama: cuando el pasado le ense\u00f1a al presente<\/title>\n<meta name=\"description\" content=\"Hace nueve a\u00f1os, la destacada arque\u00f3loga Ruth Shady, encargada de las investigaciones de la cultura Caral (3000-1800 a.C.), la civilizaci\u00f3n m\u00e1s antigua del continente, ubicada en Barranca (Lima), acept\u00f3 la invitaci\u00f3n del entonces alcalde de V\u00e9gueta, Jos\u00e9 Li Nonato, para analizar unas construcciones que exist\u00edan en su localidad. Es as\u00ed que, con un peque\u00f1o equipo y pocos recursos, se descubre Vichama, un sitio arqueol\u00f3gico que data de 2800 a.C., cuyos nueve edificios muestran temas actuales que ya se trataban en el pasado: la interculturalidad, el problema del cambio clim\u00e1tico y la igualdad de g\u00e9nero.\" \/>\n<meta name=\"robots\" content=\"index, follow, max-snippet:-1, max-image-preview:large, max-video-preview:-1\" \/>\n<link rel=\"canonical\" href=\"https:\/\/zonacaral.gob.pe\/es\/noticias\/vichama-cuando-el-pasado-le-ensena-al-presente\/\" \/>\n<meta property=\"og:locale\" content=\"es_ES\" \/>\n<meta property=\"og:type\" content=\"article\" \/>\n<meta property=\"og:title\" content=\"Vichama: cuando el pasado le ense\u00f1a al presente\" \/>\n<meta property=\"og:description\" content=\"Hace nueve a\u00f1os, la destacada arque\u00f3loga Ruth Shady, encargada de las investigaciones de la cultura Caral (3000-1800 a.C.), la civilizaci\u00f3n m\u00e1s antigua del continente, ubicada en Barranca (Lima), acept\u00f3 la invitaci\u00f3n del entonces alcalde de V\u00e9gueta, Jos\u00e9 Li Nonato, para analizar unas construcciones que exist\u00edan en su localidad. Es as\u00ed que, con un peque\u00f1o equipo y pocos recursos, se descubre Vichama, un sitio arqueol\u00f3gico que data de 2800 a.C., cuyos nueve edificios muestran temas actuales que ya se trataban en el pasado: la interculturalidad, el problema del cambio clim\u00e1tico y la igualdad de g\u00e9nero.\" \/>\n<meta property=\"og:url\" content=\"https:\/\/zonacaral.gob.pe\/es\/noticias\/vichama-cuando-el-pasado-le-ensena-al-presente\/\" \/>\n<meta property=\"og:site_name\" content=\"Zona Caral\" \/>\n<meta property=\"article:published_time\" content=\"2016-09-07T15:04:04+00:00\" \/>\n<meta property=\"og:image\" content=\"https:\/\/zonacaral.gob.pe\/wp-content\/uploads\/2016\/09\/399664.jpg\" \/>\n\t<meta property=\"og:image:width\" content=\"753\" \/>\n\t<meta property=\"og:image:height\" content=\"848\" \/>\n\t<meta property=\"og:image:type\" content=\"image\/jpeg\" \/>\n<meta name=\"author\" content=\"Zona Caral Administrador\" \/>\n<meta name=\"twitter:card\" content=\"summary_large_image\" \/>\n<meta name=\"twitter:label1\" content=\"Written by\" \/>\n\t<meta name=\"twitter:data1\" content=\"Zona Caral Administrador\" \/>\n\t<meta name=\"twitter:label2\" content=\"Est. reading time\" \/>\n\t<meta name=\"twitter:data2\" content=\"4 minutos\" \/>\n<script type=\"application\/ld+json\" class=\"yoast-schema-graph\">{\"@context\":\"https:\\\/\\\/schema.org\",\"@graph\":[{\"@type\":\"Article\",\"@id\":\"https:\\\/\\\/zonacaral.gob.pe\\\/es\\\/noticias\\\/vichama-cuando-el-pasado-le-ensena-al-presente\\\/#article\",\"isPartOf\":{\"@id\":\"https:\\\/\\\/zonacaral.gob.pe\\\/es\\\/noticias\\\/vichama-cuando-el-pasado-le-ensena-al-presente\\\/\"},\"author\":{\"name\":\"Zona Caral Administrador\",\"@id\":\"https:\\\/\\\/zonacaral.gob.pe\\\/es\\\/#\\\/schema\\\/person\\\/beddb4d22f71a7230c5b90913270a0ee\"},\"headline\":\"Vichama: cuando el pasado le ense\u00f1a al presente\",\"datePublished\":\"2016-09-07T15:04:04+00:00\",\"mainEntityOfPage\":{\"@id\":\"https:\\\/\\\/zonacaral.gob.pe\\\/es\\\/noticias\\\/vichama-cuando-el-pasado-le-ensena-al-presente\\\/\"},\"wordCount\":795,\"image\":{\"@id\":\"https:\\\/\\\/zonacaral.gob.pe\\\/es\\\/noticias\\\/vichama-cuando-el-pasado-le-ensena-al-presente\\\/#primaryimage\"},\"thumbnailUrl\":\"https:\\\/\\\/zonacaral.gob.pe\\\/wp-content\\\/uploads\\\/2016\\\/09\\\/399664.jpg\",\"keywords\":[\"vichama\"],\"articleSection\":[\"noticias\"],\"inLanguage\":\"es-PE\"},{\"@type\":\"WebPage\",\"@id\":\"https:\\\/\\\/zonacaral.gob.pe\\\/es\\\/noticias\\\/vichama-cuando-el-pasado-le-ensena-al-presente\\\/\",\"url\":\"https:\\\/\\\/zonacaral.gob.pe\\\/es\\\/noticias\\\/vichama-cuando-el-pasado-le-ensena-al-presente\\\/\",\"name\":\"Vichama: cuando el pasado le ense\u00f1a al presente\",\"isPartOf\":{\"@id\":\"https:\\\/\\\/zonacaral.gob.pe\\\/es\\\/#website\"},\"primaryImageOfPage\":{\"@id\":\"https:\\\/\\\/zonacaral.gob.pe\\\/es\\\/noticias\\\/vichama-cuando-el-pasado-le-ensena-al-presente\\\/#primaryimage\"},\"image\":{\"@id\":\"https:\\\/\\\/zonacaral.gob.pe\\\/es\\\/noticias\\\/vichama-cuando-el-pasado-le-ensena-al-presente\\\/#primaryimage\"},\"thumbnailUrl\":\"https:\\\/\\\/zonacaral.gob.pe\\\/wp-content\\\/uploads\\\/2016\\\/09\\\/399664.jpg\",\"datePublished\":\"2016-09-07T15:04:04+00:00\",\"author\":{\"@id\":\"https:\\\/\\\/zonacaral.gob.pe\\\/es\\\/#\\\/schema\\\/person\\\/beddb4d22f71a7230c5b90913270a0ee\"},\"description\":\"Hace nueve a\u00f1os, la destacada arque\u00f3loga Ruth Shady, encargada de las investigaciones de la cultura Caral (3000-1800 a.C.), la civilizaci\u00f3n m\u00e1s antigua del continente, ubicada en Barranca (Lima), acept\u00f3 la invitaci\u00f3n del entonces alcalde de V\u00e9gueta, Jos\u00e9 Li Nonato, para analizar unas construcciones que exist\u00edan en su localidad. Es as\u00ed que, con un peque\u00f1o equipo y pocos recursos, se descubre Vichama, un sitio arqueol\u00f3gico que data de 2800 a.C., cuyos nueve edificios muestran temas actuales que ya se trataban en el pasado: la interculturalidad, el problema del cambio clim\u00e1tico y la igualdad de g\u00e9nero.\",\"breadcrumb\":{\"@id\":\"https:\\\/\\\/zonacaral.gob.pe\\\/es\\\/noticias\\\/vichama-cuando-el-pasado-le-ensena-al-presente\\\/#breadcrumb\"},\"inLanguage\":\"es-PE\",\"potentialAction\":[{\"@type\":\"ReadAction\",\"target\":[\"https:\\\/\\\/zonacaral.gob.pe\\\/es\\\/noticias\\\/vichama-cuando-el-pasado-le-ensena-al-presente\\\/\"]}]},{\"@type\":\"ImageObject\",\"inLanguage\":\"es-PE\",\"@id\":\"https:\\\/\\\/zonacaral.gob.pe\\\/es\\\/noticias\\\/vichama-cuando-el-pasado-le-ensena-al-presente\\\/#primaryimage\",\"url\":\"https:\\\/\\\/zonacaral.gob.pe\\\/wp-content\\\/uploads\\\/2016\\\/09\\\/399664.jpg\",\"contentUrl\":\"https:\\\/\\\/zonacaral.gob.pe\\\/wp-content\\\/uploads\\\/2016\\\/09\\\/399664.jpg\",\"width\":753,\"height\":848},{\"@type\":\"BreadcrumbList\",\"@id\":\"https:\\\/\\\/zonacaral.gob.pe\\\/es\\\/noticias\\\/vichama-cuando-el-pasado-le-ensena-al-presente\\\/#breadcrumb\",\"itemListElement\":[{\"@type\":\"ListItem\",\"position\":1,\"name\":\"Portada\",\"item\":\"https:\\\/\\\/zonacaral.gob.pe\\\/\"},{\"@type\":\"ListItem\",\"position\":2,\"name\":\"Vichama: cuando el pasado le ense\u00f1a al presente\"}]},{\"@type\":\"WebSite\",\"@id\":\"https:\\\/\\\/zonacaral.gob.pe\\\/es\\\/#website\",\"url\":\"https:\\\/\\\/zonacaral.gob.pe\\\/es\\\/\",\"name\":\"Zona Caral\",\"description\":\"Investigamos, conservamos y difundimos el patrimonio cultural de la Civilizaci\u00f3n Caral, la m\u00e1s antigua de Am\u00e9rica.\",\"potentialAction\":[{\"@type\":\"SearchAction\",\"target\":{\"@type\":\"EntryPoint\",\"urlTemplate\":\"https:\\\/\\\/zonacaral.gob.pe\\\/es\\\/?s={search_term_string}\"},\"query-input\":{\"@type\":\"PropertyValueSpecification\",\"valueRequired\":true,\"valueName\":\"search_term_string\"}}],\"inLanguage\":\"es-PE\"},{\"@type\":\"Person\",\"@id\":\"https:\\\/\\\/zonacaral.gob.pe\\\/es\\\/#\\\/schema\\\/person\\\/beddb4d22f71a7230c5b90913270a0ee\",\"name\":\"Zona Caral Administrador\",\"image\":{\"@type\":\"ImageObject\",\"inLanguage\":\"es-PE\",\"@id\":\"https:\\\/\\\/secure.gravatar.com\\\/avatar\\\/e4be162918a696358376de6446614e0f0f4062bdc5d170d6d540ada3d8b58c12?s=96&d=mm&r=g\",\"url\":\"https:\\\/\\\/secure.gravatar.com\\\/avatar\\\/e4be162918a696358376de6446614e0f0f4062bdc5d170d6d540ada3d8b58c12?s=96&d=mm&r=g\",\"contentUrl\":\"https:\\\/\\\/secure.gravatar.com\\\/avatar\\\/e4be162918a696358376de6446614e0f0f4062bdc5d170d6d540ada3d8b58c12?s=96&d=mm&r=g\",\"caption\":\"Zona Caral Administrador\"},\"sameAs\":[\"https:\\\/\\\/zonacaral.gob.pe\"],\"url\":\"https:\\\/\\\/zonacaral.gob.pe\\\/es\\\/noticias\\\/author\\\/ad_zonacaral\\\/\"}]}<\/script>\n<!-- \/ Yoast SEO plugin. -->","yoast_head_json":{"title":"Vichama: cuando el pasado le ense\u00f1a al presente","description":"Hace nueve a\u00f1os, la destacada arque\u00f3loga Ruth Shady, encargada de las investigaciones de la cultura Caral (3000-1800 a.C.), la civilizaci\u00f3n m\u00e1s antigua del continente, ubicada en Barranca (Lima), acept\u00f3 la invitaci\u00f3n del entonces alcalde de V\u00e9gueta, Jos\u00e9 Li Nonato, para analizar unas construcciones que exist\u00edan en su localidad. Es as\u00ed que, con un peque\u00f1o equipo y pocos recursos, se descubre Vichama, un sitio arqueol\u00f3gico que data de 2800 a.C., cuyos nueve edificios muestran temas actuales que ya se trataban en el pasado: la interculturalidad, el problema del cambio clim\u00e1tico y la igualdad de g\u00e9nero.","robots":{"index":"index","follow":"follow","max-snippet":"max-snippet:-1","max-image-preview":"max-image-preview:large","max-video-preview":"max-video-preview:-1"},"canonical":"https:\/\/zonacaral.gob.pe\/es\/noticias\/vichama-cuando-el-pasado-le-ensena-al-presente\/","og_locale":"es_ES","og_type":"article","og_title":"Vichama: cuando el pasado le ense\u00f1a al presente","og_description":"Hace nueve a\u00f1os, la destacada arque\u00f3loga Ruth Shady, encargada de las investigaciones de la cultura Caral (3000-1800 a.C.), la civilizaci\u00f3n m\u00e1s antigua del continente, ubicada en Barranca (Lima), acept\u00f3 la invitaci\u00f3n del entonces alcalde de V\u00e9gueta, Jos\u00e9 Li Nonato, para analizar unas construcciones que exist\u00edan en su localidad. Es as\u00ed que, con un peque\u00f1o equipo y pocos recursos, se descubre Vichama, un sitio arqueol\u00f3gico que data de 2800 a.C., cuyos nueve edificios muestran temas actuales que ya se trataban en el pasado: la interculturalidad, el problema del cambio clim\u00e1tico y la igualdad de g\u00e9nero.","og_url":"https:\/\/zonacaral.gob.pe\/es\/noticias\/vichama-cuando-el-pasado-le-ensena-al-presente\/","og_site_name":"Zona Caral","article_published_time":"2016-09-07T15:04:04+00:00","og_image":[{"width":753,"height":848,"url":"https:\/\/zonacaral.gob.pe\/wp-content\/uploads\/2016\/09\/399664.jpg","type":"image\/jpeg"}],"author":"Zona Caral Administrador","twitter_card":"summary_large_image","twitter_misc":{"Written by":"Zona Caral Administrador","Est. reading time":"4 minutos"},"schema":{"@context":"https:\/\/schema.org","@graph":[{"@type":"Article","@id":"https:\/\/zonacaral.gob.pe\/es\/noticias\/vichama-cuando-el-pasado-le-ensena-al-presente\/#article","isPartOf":{"@id":"https:\/\/zonacaral.gob.pe\/es\/noticias\/vichama-cuando-el-pasado-le-ensena-al-presente\/"},"author":{"name":"Zona Caral Administrador","@id":"https:\/\/zonacaral.gob.pe\/es\/#\/schema\/person\/beddb4d22f71a7230c5b90913270a0ee"},"headline":"Vichama: cuando el pasado le ense\u00f1a al presente","datePublished":"2016-09-07T15:04:04+00:00","mainEntityOfPage":{"@id":"https:\/\/zonacaral.gob.pe\/es\/noticias\/vichama-cuando-el-pasado-le-ensena-al-presente\/"},"wordCount":795,"image":{"@id":"https:\/\/zonacaral.gob.pe\/es\/noticias\/vichama-cuando-el-pasado-le-ensena-al-presente\/#primaryimage"},"thumbnailUrl":"https:\/\/zonacaral.gob.pe\/wp-content\/uploads\/2016\/09\/399664.jpg","keywords":["vichama"],"articleSection":["noticias"],"inLanguage":"es-PE"},{"@type":"WebPage","@id":"https:\/\/zonacaral.gob.pe\/es\/noticias\/vichama-cuando-el-pasado-le-ensena-al-presente\/","url":"https:\/\/zonacaral.gob.pe\/es\/noticias\/vichama-cuando-el-pasado-le-ensena-al-presente\/","name":"Vichama: cuando el pasado le ense\u00f1a al presente","isPartOf":{"@id":"https:\/\/zonacaral.gob.pe\/es\/#website"},"primaryImageOfPage":{"@id":"https:\/\/zonacaral.gob.pe\/es\/noticias\/vichama-cuando-el-pasado-le-ensena-al-presente\/#primaryimage"},"image":{"@id":"https:\/\/zonacaral.gob.pe\/es\/noticias\/vichama-cuando-el-pasado-le-ensena-al-presente\/#primaryimage"},"thumbnailUrl":"https:\/\/zonacaral.gob.pe\/wp-content\/uploads\/2016\/09\/399664.jpg","datePublished":"2016-09-07T15:04:04+00:00","author":{"@id":"https:\/\/zonacaral.gob.pe\/es\/#\/schema\/person\/beddb4d22f71a7230c5b90913270a0ee"},"description":"Hace nueve a\u00f1os, la destacada arque\u00f3loga Ruth Shady, encargada de las investigaciones de la cultura Caral (3000-1800 a.C.), la civilizaci\u00f3n m\u00e1s antigua del continente, ubicada en Barranca (Lima), acept\u00f3 la invitaci\u00f3n del entonces alcalde de V\u00e9gueta, Jos\u00e9 Li Nonato, para analizar unas construcciones que exist\u00edan en su localidad. Es as\u00ed que, con un peque\u00f1o equipo y pocos recursos, se descubre Vichama, un sitio arqueol\u00f3gico que data de 2800 a.C., cuyos nueve edificios muestran temas actuales que ya se trataban en el pasado: la interculturalidad, el problema del cambio clim\u00e1tico y la igualdad de g\u00e9nero.","breadcrumb":{"@id":"https:\/\/zonacaral.gob.pe\/es\/noticias\/vichama-cuando-el-pasado-le-ensena-al-presente\/#breadcrumb"},"inLanguage":"es-PE","potentialAction":[{"@type":"ReadAction","target":["https:\/\/zonacaral.gob.pe\/es\/noticias\/vichama-cuando-el-pasado-le-ensena-al-presente\/"]}]},{"@type":"ImageObject","inLanguage":"es-PE","@id":"https:\/\/zonacaral.gob.pe\/es\/noticias\/vichama-cuando-el-pasado-le-ensena-al-presente\/#primaryimage","url":"https:\/\/zonacaral.gob.pe\/wp-content\/uploads\/2016\/09\/399664.jpg","contentUrl":"https:\/\/zonacaral.gob.pe\/wp-content\/uploads\/2016\/09\/399664.jpg","width":753,"height":848},{"@type":"BreadcrumbList","@id":"https:\/\/zonacaral.gob.pe\/es\/noticias\/vichama-cuando-el-pasado-le-ensena-al-presente\/#breadcrumb","itemListElement":[{"@type":"ListItem","position":1,"name":"Portada","item":"https:\/\/zonacaral.gob.pe\/"},{"@type":"ListItem","position":2,"name":"Vichama: cuando el pasado le ense\u00f1a al presente"}]},{"@type":"WebSite","@id":"https:\/\/zonacaral.gob.pe\/es\/#website","url":"https:\/\/zonacaral.gob.pe\/es\/","name":"Zona Caral","description":"Investigamos, conservamos y difundimos el patrimonio cultural de la Civilizaci\u00f3n Caral, la m\u00e1s antigua de Am\u00e9rica.","potentialAction":[{"@type":"SearchAction","target":{"@type":"EntryPoint","urlTemplate":"https:\/\/zonacaral.gob.pe\/es\/?s={search_term_string}"},"query-input":{"@type":"PropertyValueSpecification","valueRequired":true,"valueName":"search_term_string"}}],"inLanguage":"es-PE"},{"@type":"Person","@id":"https:\/\/zonacaral.gob.pe\/es\/#\/schema\/person\/beddb4d22f71a7230c5b90913270a0ee","name":"Zona Caral Administrador","image":{"@type":"ImageObject","inLanguage":"es-PE","@id":"https:\/\/secure.gravatar.com\/avatar\/e4be162918a696358376de6446614e0f0f4062bdc5d170d6d540ada3d8b58c12?s=96&d=mm&r=g","url":"https:\/\/secure.gravatar.com\/avatar\/e4be162918a696358376de6446614e0f0f4062bdc5d170d6d540ada3d8b58c12?s=96&d=mm&r=g","contentUrl":"https:\/\/secure.gravatar.com\/avatar\/e4be162918a696358376de6446614e0f0f4062bdc5d170d6d540ada3d8b58c12?s=96&d=mm&r=g","caption":"Zona Caral Administrador"},"sameAs":["https:\/\/zonacaral.gob.pe"],"url":"https:\/\/zonacaral.gob.pe\/es\/noticias\/author\/ad_zonacaral\/"}]}},"_links":{"self":[{"href":"https:\/\/zonacaral.gob.pe\/es\/wp-json\/wp\/v2\/posts\/10872","targetHints":{"allow":["GET"]}}],"collection":[{"href":"https:\/\/zonacaral.gob.pe\/es\/wp-json\/wp\/v2\/posts"}],"about":[{"href":"https:\/\/zonacaral.gob.pe\/es\/wp-json\/wp\/v2\/types\/post"}],"author":[{"embeddable":true,"href":"https:\/\/zonacaral.gob.pe\/es\/wp-json\/wp\/v2\/users\/1"}],"replies":[{"embeddable":true,"href":"https:\/\/zonacaral.gob.pe\/es\/wp-json\/wp\/v2\/comments?post=10872"}],"version-history":[{"count":0,"href":"https:\/\/zonacaral.gob.pe\/es\/wp-json\/wp\/v2\/posts\/10872\/revisions"}],"wp:featuredmedia":[{"embeddable":true,"href":"https:\/\/zonacaral.gob.pe\/es\/wp-json\/wp\/v2\/media\/10873"}],"wp:attachment":[{"href":"https:\/\/zonacaral.gob.pe\/es\/wp-json\/wp\/v2\/media?parent=10872"}],"wp:term":[{"taxonomy":"category","embeddable":true,"href":"https:\/\/zonacaral.gob.pe\/es\/wp-json\/wp\/v2\/categories?post=10872"},{"taxonomy":"post_tag","embeddable":true,"href":"https:\/\/zonacaral.gob.pe\/es\/wp-json\/wp\/v2\/tags?post=10872"}],"curies":[{"name":"wp","href":"https:\/\/api.w.org\/{rel}","templated":true}]}}