{"id":10879,"date":"2016-09-15T14:33:21","date_gmt":"2016-09-15T19:33:21","guid":{"rendered":"http:\/\/www.zonacaral.gob.pe\/?p=10879"},"modified":"2016-09-15T14:33:21","modified_gmt":"2016-09-15T19:33:21","slug":"la-zona-arqueologica-caral-en-el-encuentro-arqueologico-mas-importante-del-pais","status":"publish","type":"post","link":"https:\/\/zonacaral.gob.pe\/es\/noticias\/la-zona-arqueologica-caral-en-el-encuentro-arqueologico-mas-importante-del-pais\/","title":{"rendered":"La Zona Arqueol\u00f3gica Caral en el encuentro arqueol\u00f3gico m\u00e1s importante del pa\u00eds"},"content":{"rendered":"<figure class=\"pic-autor\" style=\"color: #4d4d4d; text-align: justify;\"><\/figure>\n<p class=\"nota-bajada\" style=\"text-align: justify;\">La Zona Arqueol\u00f3gica Caral (ZAC) presenta los resultados del trabajo de investigaci\u00f3n, conservaci\u00f3n y puesta en valor en el \u00abIII Congreso Nacional de Arqueolog\u00eda\u00bb, encuentro arqueol\u00f3gico m\u00e1s importante del pa\u00eds, en el que se presentan los resultados de las investigaciones realizadas por especialistas nacionales e internacionales e iniciativas comprometidas con la promoci\u00f3n y protecci\u00f3n del patrimonio arqueol\u00f3gico. Este evento es organizado por la Direcci\u00f3n General de Patrimonio Arqueol\u00f3gico Inmueble del Ministerio de Cultura.<\/p>\n<p class=\"nota-bajada\" style=\"text-align: justify;\">La Dra. Ruth Shady, Directora de la Zona Arqueol\u00f3gica Caral y el Mg. Carlos Leyva, Subdirector de Relaciones Comunitarias de la ZAC presentaron la ponencia: \u00abLos valores de la Civilizaci\u00f3n Caral para fomentar el bienestar social\u00bb, durante el Simposio UNESCO: Educaci\u00f3n y Patrimonio, realizado el martes 13 de setiembre del 2016.<\/p>\n<p class=\"nota-bajada\" style=\"text-align: justify;\">En la jornada de hoy, jueves 15 de setiembre del 2016, durante el Simposio de Arqueolog\u00eda Regional de la Costa Central , se presentar\u00e1 la ponencia: \u00abEl rol de la investigaci\u00f3n arqueol\u00f3gica de la Civilizaci\u00f3n Caral en la sociedad actual\u00bb, a cargo de la Dra. Ruth Shady; el Lic. Marco Machacuay, Subdirector de Investigaci\u00f3n, Conservaci\u00f3n y Puesta en Valor de Sitios Arqueol\u00f3gicos y el Lic. Pedro Novoa, Subdirector de Investigaci\u00f3n y Conservaci\u00f3n de Materiales Arqueol\u00f3gicos de la ZAC.<\/p>\n<p class=\"nota-bajada\" style=\"text-align: justify;\">El evento se extender\u00e1 hasta el 16 de setiembre en la sede del Ministerio de Cultura.<\/p>\n<p style=\"text-align: justify;\">Fuente:<span style=\"color: #800000;\">\u00a0Prensa ZAC<\/span><\/p>\n<p style=\"text-align: justify;\">Fecha de publicaci\u00f3n: 15\/09\/2016<\/p>\n","protected":false},"excerpt":{"rendered":"<p>La Zona Arqueol\u00f3gica Caral (ZAC) presenta los resultados del trabajo de investigaci\u00f3n, conservaci\u00f3n y puesta en valor en el \u00abIII [&hellip;]<\/p>\n","protected":false},"author":1,"featured_media":10880,"comment_status":"closed","ping_status":"open","sticky":false,"template":"","format":"standard","meta":{"_acf_changed":false,"site-sidebar-layout":"default","site-content-layout":"","ast-site-content-layout":"default","site-content-style":"default","site-sidebar-style":"default","ast-global-header-display":"","ast-banner-title-visibility":"","ast-main-header-display":"","ast-hfb-above-header-display":"","ast-hfb-below-header-display":"","ast-hfb-mobile-header-display":"","site-post-title":"","ast-breadcrumbs-content":"","ast-featured-img":"","footer-sml-layout":"","ast-disable-related-posts":"","theme-transparent-header-meta":"","adv-header-id-meta":"","stick-header-meta":"","header-above-stick-meta":"","header-main-stick-meta":"","header-below-stick-meta":"","astra-migrate-meta-layouts":"default","ast-page-background-enabled":"default","ast-page-background-meta":{"desktop":{"background-color":"var(--ast-global-color-5)","background-image":"","background-repeat":"repeat","background-position":"center center","background-size":"auto","background-attachment":"scroll","background-type":"","background-media":"","overlay-type":"","overlay-color":"","overlay-opacity":"","overlay-gradient":""},"tablet":{"background-color":"","background-image":"","background-repeat":"repeat","background-position":"center center","background-size":"auto","background-attachment":"scroll","background-type":"","background-media":"","overlay-type":"","overlay-color":"","overlay-opacity":"","overlay-gradient":""},"mobile":{"background-color":"","background-image":"","background-repeat":"repeat","background-position":"center center","background-size":"auto","background-attachment":"scroll","background-type":"","background-media":"","overlay-type":"","overlay-color":"","overlay-opacity":"","overlay-gradient":""}},"ast-content-background-meta":{"desktop":{"background-color":"var(--ast-global-color-4)","background-image":"","background-repeat":"repeat","background-position":"center center","background-size":"auto","background-attachment":"scroll","background-type":"","background-media":"","overlay-type":"","overlay-color":"","overlay-opacity":"","overlay-gradient":""},"tablet":{"background-color":"var(--ast-global-color-4)","background-image":"","background-repeat":"repeat","background-position":"center center","background-size":"auto","background-attachment":"scroll","background-type":"","background-media":"","overlay-type":"","overlay-color":"","overlay-opacity":"","overlay-gradient":""},"mobile":{"background-color":"var(--ast-global-color-4)","background-image":"","background-repeat":"repeat","background-position":"center center","background-size":"auto","background-attachment":"scroll","background-type":"","background-media":"","overlay-type":"","overlay-color":"","overlay-opacity":"","overlay-gradient":""}},"footnotes":""},"categories":[208],"tags":[],"class_list":["post-10879","post","type-post","status-publish","format-standard","has-post-thumbnail","hentry","category-noticias"],"acf":[],"yoast_head":"<!-- This site is optimized with the Yoast SEO plugin v27.3 - https:\/\/yoast.com\/product\/yoast-seo-wordpress\/ -->\n<title>Caral presente en el encuentro arqueol\u00f3gico m\u00e1s importante del pa\u00eds<\/title>\n<meta name=\"description\" content=\"La Zona Arqueol\u00f3gica Caral (ZAC) presenta los resultados del trabajo de investigaci\u00f3n, conservaci\u00f3n y puesta en valor en el &quot;III Congreso Nacional de Arqueolog\u00eda&quot;, encuentro arqueol\u00f3gico m\u00e1s importante del pa\u00eds, en el que se presentan los resultados de las investigaciones realizadas por especialistas nacionales e internacionales e iniciativas comprometidas con la promoci\u00f3n y protecci\u00f3n del patrimonio arqueol\u00f3gico. Este evento es organizado por la Direcci\u00f3n General de Patrimonio Arqueol\u00f3gico Inmueble del Ministerio de Cultura.\" \/>\n<meta name=\"robots\" content=\"index, follow, max-snippet:-1, max-image-preview:large, max-video-preview:-1\" \/>\n<link rel=\"canonical\" href=\"https:\/\/zonacaral.gob.pe\/es\/noticias\/la-zona-arqueologica-caral-en-el-encuentro-arqueologico-mas-importante-del-pais\/\" \/>\n<meta property=\"og:locale\" content=\"es_ES\" \/>\n<meta property=\"og:type\" content=\"article\" \/>\n<meta property=\"og:title\" content=\"Caral presente en el encuentro arqueol\u00f3gico m\u00e1s importante del pa\u00eds\" \/>\n<meta property=\"og:description\" content=\"La Zona Arqueol\u00f3gica Caral (ZAC) presenta los resultados del trabajo de investigaci\u00f3n, conservaci\u00f3n y puesta en valor en el &quot;III Congreso Nacional de Arqueolog\u00eda&quot;, encuentro arqueol\u00f3gico m\u00e1s importante del pa\u00eds, en el que se presentan los resultados de las investigaciones realizadas por especialistas nacionales e internacionales e iniciativas comprometidas con la promoci\u00f3n y protecci\u00f3n del patrimonio arqueol\u00f3gico. Este evento es organizado por la Direcci\u00f3n General de Patrimonio Arqueol\u00f3gico Inmueble del Ministerio de Cultura.\" \/>\n<meta property=\"og:url\" content=\"https:\/\/zonacaral.gob.pe\/es\/noticias\/la-zona-arqueologica-caral-en-el-encuentro-arqueologico-mas-importante-del-pais\/\" \/>\n<meta property=\"og:site_name\" content=\"Zona Caral\" \/>\n<meta property=\"article:published_time\" content=\"2016-09-15T19:33:21+00:00\" \/>\n<meta property=\"og:image\" content=\"https:\/\/zonacaral.gob.pe\/wp-content\/uploads\/2016\/09\/15-09-2016.jpg\" \/>\n\t<meta property=\"og:image:width\" content=\"1000\" \/>\n\t<meta property=\"og:image:height\" content=\"600\" \/>\n\t<meta property=\"og:image:type\" content=\"image\/jpeg\" \/>\n<meta name=\"author\" content=\"Zona Caral Administrador\" \/>\n<meta name=\"twitter:card\" content=\"summary_large_image\" \/>\n<meta name=\"twitter:label1\" content=\"Written by\" \/>\n\t<meta name=\"twitter:data1\" content=\"Zona Caral Administrador\" \/>\n\t<meta name=\"twitter:label2\" content=\"Est. reading time\" \/>\n\t<meta name=\"twitter:data2\" content=\"1 minuto\" \/>\n<script type=\"application\/ld+json\" class=\"yoast-schema-graph\">{\"@context\":\"https:\\\/\\\/schema.org\",\"@graph\":[{\"@type\":\"Article\",\"@id\":\"https:\\\/\\\/zonacaral.gob.pe\\\/en\\\/noticias\\\/la-zona-arqueologica-caral-en-el-encuentro-arqueologico-mas-importante-del-pais\\\/#article\",\"isPartOf\":{\"@id\":\"https:\\\/\\\/zonacaral.gob.pe\\\/en\\\/noticias\\\/la-zona-arqueologica-caral-en-el-encuentro-arqueologico-mas-importante-del-pais\\\/\"},\"author\":{\"name\":\"Zona Caral Administrador\",\"@id\":\"https:\\\/\\\/zonacaral.gob.pe\\\/es\\\/#\\\/schema\\\/person\\\/beddb4d22f71a7230c5b90913270a0ee\"},\"headline\":\"La Zona Arqueol\u00f3gica Caral en el encuentro arqueol\u00f3gico m\u00e1s importante del pa\u00eds\",\"datePublished\":\"2016-09-15T19:33:21+00:00\",\"mainEntityOfPage\":{\"@id\":\"https:\\\/\\\/zonacaral.gob.pe\\\/en\\\/noticias\\\/la-zona-arqueologica-caral-en-el-encuentro-arqueologico-mas-importante-del-pais\\\/\"},\"wordCount\":260,\"image\":{\"@id\":\"https:\\\/\\\/zonacaral.gob.pe\\\/en\\\/noticias\\\/la-zona-arqueologica-caral-en-el-encuentro-arqueologico-mas-importante-del-pais\\\/#primaryimage\"},\"thumbnailUrl\":\"https:\\\/\\\/zonacaral.gob.pe\\\/wp-content\\\/uploads\\\/2016\\\/09\\\/15-09-2016.jpg\",\"articleSection\":[\"noticias\"],\"inLanguage\":\"es-PE\"},{\"@type\":\"WebPage\",\"@id\":\"https:\\\/\\\/zonacaral.gob.pe\\\/en\\\/noticias\\\/la-zona-arqueologica-caral-en-el-encuentro-arqueologico-mas-importante-del-pais\\\/\",\"url\":\"https:\\\/\\\/zonacaral.gob.pe\\\/en\\\/noticias\\\/la-zona-arqueologica-caral-en-el-encuentro-arqueologico-mas-importante-del-pais\\\/\",\"name\":\"Caral presente en el encuentro arqueol\u00f3gico m\u00e1s importante del pa\u00eds\",\"isPartOf\":{\"@id\":\"https:\\\/\\\/zonacaral.gob.pe\\\/es\\\/#website\"},\"primaryImageOfPage\":{\"@id\":\"https:\\\/\\\/zonacaral.gob.pe\\\/en\\\/noticias\\\/la-zona-arqueologica-caral-en-el-encuentro-arqueologico-mas-importante-del-pais\\\/#primaryimage\"},\"image\":{\"@id\":\"https:\\\/\\\/zonacaral.gob.pe\\\/en\\\/noticias\\\/la-zona-arqueologica-caral-en-el-encuentro-arqueologico-mas-importante-del-pais\\\/#primaryimage\"},\"thumbnailUrl\":\"https:\\\/\\\/zonacaral.gob.pe\\\/wp-content\\\/uploads\\\/2016\\\/09\\\/15-09-2016.jpg\",\"datePublished\":\"2016-09-15T19:33:21+00:00\",\"author\":{\"@id\":\"https:\\\/\\\/zonacaral.gob.pe\\\/es\\\/#\\\/schema\\\/person\\\/beddb4d22f71a7230c5b90913270a0ee\"},\"description\":\"La Zona Arqueol\u00f3gica Caral (ZAC) presenta los resultados del trabajo de investigaci\u00f3n, conservaci\u00f3n y puesta en valor en el \\\"III Congreso Nacional de Arqueolog\u00eda\\\", encuentro arqueol\u00f3gico m\u00e1s importante del pa\u00eds, en el que se presentan los resultados de las investigaciones realizadas por especialistas nacionales e internacionales e iniciativas comprometidas con la promoci\u00f3n y protecci\u00f3n del patrimonio arqueol\u00f3gico. Este evento es organizado por la Direcci\u00f3n General de Patrimonio Arqueol\u00f3gico Inmueble del Ministerio de Cultura.\",\"breadcrumb\":{\"@id\":\"https:\\\/\\\/zonacaral.gob.pe\\\/en\\\/noticias\\\/la-zona-arqueologica-caral-en-el-encuentro-arqueologico-mas-importante-del-pais\\\/#breadcrumb\"},\"inLanguage\":\"es-PE\",\"potentialAction\":[{\"@type\":\"ReadAction\",\"target\":[\"https:\\\/\\\/zonacaral.gob.pe\\\/en\\\/noticias\\\/la-zona-arqueologica-caral-en-el-encuentro-arqueologico-mas-importante-del-pais\\\/\"]}]},{\"@type\":\"ImageObject\",\"inLanguage\":\"es-PE\",\"@id\":\"https:\\\/\\\/zonacaral.gob.pe\\\/en\\\/noticias\\\/la-zona-arqueologica-caral-en-el-encuentro-arqueologico-mas-importante-del-pais\\\/#primaryimage\",\"url\":\"https:\\\/\\\/zonacaral.gob.pe\\\/wp-content\\\/uploads\\\/2016\\\/09\\\/15-09-2016.jpg\",\"contentUrl\":\"https:\\\/\\\/zonacaral.gob.pe\\\/wp-content\\\/uploads\\\/2016\\\/09\\\/15-09-2016.jpg\",\"width\":1000,\"height\":600},{\"@type\":\"BreadcrumbList\",\"@id\":\"https:\\\/\\\/zonacaral.gob.pe\\\/en\\\/noticias\\\/la-zona-arqueologica-caral-en-el-encuentro-arqueologico-mas-importante-del-pais\\\/#breadcrumb\",\"itemListElement\":[{\"@type\":\"ListItem\",\"position\":1,\"name\":\"Portada\",\"item\":\"https:\\\/\\\/zonacaral.gob.pe\\\/\"},{\"@type\":\"ListItem\",\"position\":2,\"name\":\"La Zona Arqueol\u00f3gica Caral en el encuentro arqueol\u00f3gico m\u00e1s importante del pa\u00eds\"}]},{\"@type\":\"WebSite\",\"@id\":\"https:\\\/\\\/zonacaral.gob.pe\\\/es\\\/#website\",\"url\":\"https:\\\/\\\/zonacaral.gob.pe\\\/es\\\/\",\"name\":\"Zona Caral\",\"description\":\"Investigamos, conservamos y difundimos el patrimonio cultural de la Civilizaci\u00f3n Caral, la m\u00e1s antigua de Am\u00e9rica.\",\"potentialAction\":[{\"@type\":\"SearchAction\",\"target\":{\"@type\":\"EntryPoint\",\"urlTemplate\":\"https:\\\/\\\/zonacaral.gob.pe\\\/es\\\/?s={search_term_string}\"},\"query-input\":{\"@type\":\"PropertyValueSpecification\",\"valueRequired\":true,\"valueName\":\"search_term_string\"}}],\"inLanguage\":\"es-PE\"},{\"@type\":\"Person\",\"@id\":\"https:\\\/\\\/zonacaral.gob.pe\\\/es\\\/#\\\/schema\\\/person\\\/beddb4d22f71a7230c5b90913270a0ee\",\"name\":\"Zona Caral Administrador\",\"image\":{\"@type\":\"ImageObject\",\"inLanguage\":\"es-PE\",\"@id\":\"https:\\\/\\\/secure.gravatar.com\\\/avatar\\\/e4be162918a696358376de6446614e0f0f4062bdc5d170d6d540ada3d8b58c12?s=96&d=mm&r=g\",\"url\":\"https:\\\/\\\/secure.gravatar.com\\\/avatar\\\/e4be162918a696358376de6446614e0f0f4062bdc5d170d6d540ada3d8b58c12?s=96&d=mm&r=g\",\"contentUrl\":\"https:\\\/\\\/secure.gravatar.com\\\/avatar\\\/e4be162918a696358376de6446614e0f0f4062bdc5d170d6d540ada3d8b58c12?s=96&d=mm&r=g\",\"caption\":\"Zona Caral Administrador\"},\"sameAs\":[\"https:\\\/\\\/zonacaral.gob.pe\"],\"url\":\"https:\\\/\\\/zonacaral.gob.pe\\\/es\\\/noticias\\\/author\\\/ad_zonacaral\\\/\"}]}<\/script>\n<!-- \/ Yoast SEO plugin. -->","yoast_head_json":{"title":"Caral presente en el encuentro arqueol\u00f3gico m\u00e1s importante del pa\u00eds","description":"La Zona Arqueol\u00f3gica Caral (ZAC) presenta los resultados del trabajo de investigaci\u00f3n, conservaci\u00f3n y puesta en valor en el \"III Congreso Nacional de Arqueolog\u00eda\", encuentro arqueol\u00f3gico m\u00e1s importante del pa\u00eds, en el que se presentan los resultados de las investigaciones realizadas por especialistas nacionales e internacionales e iniciativas comprometidas con la promoci\u00f3n y protecci\u00f3n del patrimonio arqueol\u00f3gico. Este evento es organizado por la Direcci\u00f3n General de Patrimonio Arqueol\u00f3gico Inmueble del Ministerio de Cultura.","robots":{"index":"index","follow":"follow","max-snippet":"max-snippet:-1","max-image-preview":"max-image-preview:large","max-video-preview":"max-video-preview:-1"},"canonical":"https:\/\/zonacaral.gob.pe\/es\/noticias\/la-zona-arqueologica-caral-en-el-encuentro-arqueologico-mas-importante-del-pais\/","og_locale":"es_ES","og_type":"article","og_title":"Caral presente en el encuentro arqueol\u00f3gico m\u00e1s importante del pa\u00eds","og_description":"La Zona Arqueol\u00f3gica Caral (ZAC) presenta los resultados del trabajo de investigaci\u00f3n, conservaci\u00f3n y puesta en valor en el \"III Congreso Nacional de Arqueolog\u00eda\", encuentro arqueol\u00f3gico m\u00e1s importante del pa\u00eds, en el que se presentan los resultados de las investigaciones realizadas por especialistas nacionales e internacionales e iniciativas comprometidas con la promoci\u00f3n y protecci\u00f3n del patrimonio arqueol\u00f3gico. Este evento es organizado por la Direcci\u00f3n General de Patrimonio Arqueol\u00f3gico Inmueble del Ministerio de Cultura.","og_url":"https:\/\/zonacaral.gob.pe\/es\/noticias\/la-zona-arqueologica-caral-en-el-encuentro-arqueologico-mas-importante-del-pais\/","og_site_name":"Zona Caral","article_published_time":"2016-09-15T19:33:21+00:00","og_image":[{"width":1000,"height":600,"url":"https:\/\/zonacaral.gob.pe\/wp-content\/uploads\/2016\/09\/15-09-2016.jpg","type":"image\/jpeg"}],"author":"Zona Caral Administrador","twitter_card":"summary_large_image","twitter_misc":{"Written by":"Zona Caral Administrador","Est. reading time":"1 minuto"},"schema":{"@context":"https:\/\/schema.org","@graph":[{"@type":"Article","@id":"https:\/\/zonacaral.gob.pe\/en\/noticias\/la-zona-arqueologica-caral-en-el-encuentro-arqueologico-mas-importante-del-pais\/#article","isPartOf":{"@id":"https:\/\/zonacaral.gob.pe\/en\/noticias\/la-zona-arqueologica-caral-en-el-encuentro-arqueologico-mas-importante-del-pais\/"},"author":{"name":"Zona Caral Administrador","@id":"https:\/\/zonacaral.gob.pe\/es\/#\/schema\/person\/beddb4d22f71a7230c5b90913270a0ee"},"headline":"La Zona Arqueol\u00f3gica Caral en el encuentro arqueol\u00f3gico m\u00e1s importante del pa\u00eds","datePublished":"2016-09-15T19:33:21+00:00","mainEntityOfPage":{"@id":"https:\/\/zonacaral.gob.pe\/en\/noticias\/la-zona-arqueologica-caral-en-el-encuentro-arqueologico-mas-importante-del-pais\/"},"wordCount":260,"image":{"@id":"https:\/\/zonacaral.gob.pe\/en\/noticias\/la-zona-arqueologica-caral-en-el-encuentro-arqueologico-mas-importante-del-pais\/#primaryimage"},"thumbnailUrl":"https:\/\/zonacaral.gob.pe\/wp-content\/uploads\/2016\/09\/15-09-2016.jpg","articleSection":["noticias"],"inLanguage":"es-PE"},{"@type":"WebPage","@id":"https:\/\/zonacaral.gob.pe\/en\/noticias\/la-zona-arqueologica-caral-en-el-encuentro-arqueologico-mas-importante-del-pais\/","url":"https:\/\/zonacaral.gob.pe\/en\/noticias\/la-zona-arqueologica-caral-en-el-encuentro-arqueologico-mas-importante-del-pais\/","name":"Caral presente en el encuentro arqueol\u00f3gico m\u00e1s importante del pa\u00eds","isPartOf":{"@id":"https:\/\/zonacaral.gob.pe\/es\/#website"},"primaryImageOfPage":{"@id":"https:\/\/zonacaral.gob.pe\/en\/noticias\/la-zona-arqueologica-caral-en-el-encuentro-arqueologico-mas-importante-del-pais\/#primaryimage"},"image":{"@id":"https:\/\/zonacaral.gob.pe\/en\/noticias\/la-zona-arqueologica-caral-en-el-encuentro-arqueologico-mas-importante-del-pais\/#primaryimage"},"thumbnailUrl":"https:\/\/zonacaral.gob.pe\/wp-content\/uploads\/2016\/09\/15-09-2016.jpg","datePublished":"2016-09-15T19:33:21+00:00","author":{"@id":"https:\/\/zonacaral.gob.pe\/es\/#\/schema\/person\/beddb4d22f71a7230c5b90913270a0ee"},"description":"La Zona Arqueol\u00f3gica Caral (ZAC) presenta los resultados del trabajo de investigaci\u00f3n, conservaci\u00f3n y puesta en valor en el \"III Congreso Nacional de Arqueolog\u00eda\", encuentro arqueol\u00f3gico m\u00e1s importante del pa\u00eds, en el que se presentan los resultados de las investigaciones realizadas por especialistas nacionales e internacionales e iniciativas comprometidas con la promoci\u00f3n y protecci\u00f3n del patrimonio arqueol\u00f3gico. Este evento es organizado por la Direcci\u00f3n General de Patrimonio Arqueol\u00f3gico Inmueble del Ministerio de Cultura.","breadcrumb":{"@id":"https:\/\/zonacaral.gob.pe\/en\/noticias\/la-zona-arqueologica-caral-en-el-encuentro-arqueologico-mas-importante-del-pais\/#breadcrumb"},"inLanguage":"es-PE","potentialAction":[{"@type":"ReadAction","target":["https:\/\/zonacaral.gob.pe\/en\/noticias\/la-zona-arqueologica-caral-en-el-encuentro-arqueologico-mas-importante-del-pais\/"]}]},{"@type":"ImageObject","inLanguage":"es-PE","@id":"https:\/\/zonacaral.gob.pe\/en\/noticias\/la-zona-arqueologica-caral-en-el-encuentro-arqueologico-mas-importante-del-pais\/#primaryimage","url":"https:\/\/zonacaral.gob.pe\/wp-content\/uploads\/2016\/09\/15-09-2016.jpg","contentUrl":"https:\/\/zonacaral.gob.pe\/wp-content\/uploads\/2016\/09\/15-09-2016.jpg","width":1000,"height":600},{"@type":"BreadcrumbList","@id":"https:\/\/zonacaral.gob.pe\/en\/noticias\/la-zona-arqueologica-caral-en-el-encuentro-arqueologico-mas-importante-del-pais\/#breadcrumb","itemListElement":[{"@type":"ListItem","position":1,"name":"Portada","item":"https:\/\/zonacaral.gob.pe\/"},{"@type":"ListItem","position":2,"name":"La Zona Arqueol\u00f3gica Caral en el encuentro arqueol\u00f3gico m\u00e1s importante del pa\u00eds"}]},{"@type":"WebSite","@id":"https:\/\/zonacaral.gob.pe\/es\/#website","url":"https:\/\/zonacaral.gob.pe\/es\/","name":"Zona Caral","description":"Investigamos, conservamos y difundimos el patrimonio cultural de la Civilizaci\u00f3n Caral, la m\u00e1s antigua de Am\u00e9rica.","potentialAction":[{"@type":"SearchAction","target":{"@type":"EntryPoint","urlTemplate":"https:\/\/zonacaral.gob.pe\/es\/?s={search_term_string}"},"query-input":{"@type":"PropertyValueSpecification","valueRequired":true,"valueName":"search_term_string"}}],"inLanguage":"es-PE"},{"@type":"Person","@id":"https:\/\/zonacaral.gob.pe\/es\/#\/schema\/person\/beddb4d22f71a7230c5b90913270a0ee","name":"Zona Caral Administrador","image":{"@type":"ImageObject","inLanguage":"es-PE","@id":"https:\/\/secure.gravatar.com\/avatar\/e4be162918a696358376de6446614e0f0f4062bdc5d170d6d540ada3d8b58c12?s=96&d=mm&r=g","url":"https:\/\/secure.gravatar.com\/avatar\/e4be162918a696358376de6446614e0f0f4062bdc5d170d6d540ada3d8b58c12?s=96&d=mm&r=g","contentUrl":"https:\/\/secure.gravatar.com\/avatar\/e4be162918a696358376de6446614e0f0f4062bdc5d170d6d540ada3d8b58c12?s=96&d=mm&r=g","caption":"Zona Caral Administrador"},"sameAs":["https:\/\/zonacaral.gob.pe"],"url":"https:\/\/zonacaral.gob.pe\/es\/noticias\/author\/ad_zonacaral\/"}]}},"_links":{"self":[{"href":"https:\/\/zonacaral.gob.pe\/es\/wp-json\/wp\/v2\/posts\/10879","targetHints":{"allow":["GET"]}}],"collection":[{"href":"https:\/\/zonacaral.gob.pe\/es\/wp-json\/wp\/v2\/posts"}],"about":[{"href":"https:\/\/zonacaral.gob.pe\/es\/wp-json\/wp\/v2\/types\/post"}],"author":[{"embeddable":true,"href":"https:\/\/zonacaral.gob.pe\/es\/wp-json\/wp\/v2\/users\/1"}],"replies":[{"embeddable":true,"href":"https:\/\/zonacaral.gob.pe\/es\/wp-json\/wp\/v2\/comments?post=10879"}],"version-history":[{"count":0,"href":"https:\/\/zonacaral.gob.pe\/es\/wp-json\/wp\/v2\/posts\/10879\/revisions"}],"wp:featuredmedia":[{"embeddable":true,"href":"https:\/\/zonacaral.gob.pe\/es\/wp-json\/wp\/v2\/media\/10880"}],"wp:attachment":[{"href":"https:\/\/zonacaral.gob.pe\/es\/wp-json\/wp\/v2\/media?parent=10879"}],"wp:term":[{"taxonomy":"category","embeddable":true,"href":"https:\/\/zonacaral.gob.pe\/es\/wp-json\/wp\/v2\/categories?post=10879"},{"taxonomy":"post_tag","embeddable":true,"href":"https:\/\/zonacaral.gob.pe\/es\/wp-json\/wp\/v2\/tags?post=10879"}],"curies":[{"name":"wp","href":"https:\/\/api.w.org\/{rel}","templated":true}]}}